{"id":285116,"date":"2023-09-19T13:13:07","date_gmt":"2023-09-19T09:13:07","guid":{"rendered":"https:\/\/www.meydan.tv\/?p=285116"},"modified":"2023-09-19T13:13:11","modified_gmt":"2023-09-19T09:13:11","slug":"denizde-itkin-dusen-neftcinin-ailesi-caresiz-durumda","status":"publish","type":"post","link":"https:\/\/www.meydan.tv\/az\/article\/denizde-itkin-dusen-neftcinin-ailesi-caresiz-durumda\/","title":{"rendered":"D\u0259nizd\u0259 itkin d\u00fc\u015f\u0259n neft\u00e7inin ail\u0259si \u00e7ar\u0259siz durumda"},"content":{"rendered":"\n<p><\/p>\n\n\n\n<p><em><strong>\u201cO\u011flum oxumaq ist\u0259yir, amma t\u0259hsil haqq\u0131n\u0131 \u00f6d\u0259m\u0259k \u00fc\u00e7\u00fcn pul tapa bilmirik\u201d<\/strong><\/em><\/p>\n\n\n\n<p>Zaur X\u0259lilov 2015-ci ilin dekabr\u0131n 4-d\u0259 D\u00f6vl\u0259t Neft \u015eirk\u0259tinin G\u00fcn\u0259\u015fli yata\u011f\u0131n\u0131n 10 sayl\u0131 d\u0259niz \u00f6z\u00fcl\u00fcnd\u0259 ba\u015f ver\u0259n yan\u011f\u0131n zaman\u0131 itkin d\u00fc\u015f\u00fcb. \u0130ndiy\u0259d\u0259k bir \u00e7oxunun c\u0259s\u0259di tap\u0131lsa da, Zaurla ba\u011fl\u0131 he\u00e7 bir m\u0259lumat yoxdur.<\/p>\n\n\n\n<p>\u201c<em>\u0130ki \u00f6vlad\u0131m\u0131 \u00e7\u0259tinlikl\u0259 he\u00e7 kimin k\u00f6m\u0259yi olmadan b\u00f6y\u00fctm\u00fc\u015f\u0259m. Ya\u015fl\u0131 qaynanam da m\u0259nim himay\u0259md\u0259dir\u201d, &#8211;<\/em> Zaur X\u0259lilovun h\u0259yat yolda\u015f\u0131 G\u00fcnel X\u0259lilova deyir.<\/p>\n\n\n\n<p>Onun s\u00f6zl\u0259rin\u0259 g\u00f6r\u0259, evdar qad\u0131n kimi 2 \u00f6vlad b\u00f6y\u00fctm\u0259k \u00e7\u0259tin olub:<\/p>\n\n\n\n<p>\u201c<em>Zaur itkin d\u00fc\u015f\u0259rk\u0259n o\u011flum 4-c\u00fc sinifd\u0259 oxuyurdu. D\u00f6vl\u0259t t\u0259r\u0259find\u0259n 80 manat t\u0259qa\u00fcd verilirdi. Evdar qad\u0131n kimi iki u\u015fa\u011f\u0131 min bir \u0259ziyy\u0259tl\u0259 b\u00f6y\u00fctm\u00fc\u015f\u0259m. O\u011flum M\u0259lik\u0259li X\u0259lilov bu il Bakl Biznes Universitetin\u0259 q\u0259bul olub. Onun t\u0259hsil haqq\u0131 2 min manatd\u0131r. H\u0259yat yolda\u015f\u0131m sa\u011f olsayd\u0131, bu q\u0259d\u0259r \u00e7\u0131x\u0131lmaz durumda olmazd\u0131q. O\u011flum t\u0259hsil almaq ist\u0259yir, amma t\u0259hsil haqq\u0131n\u0131 \u00f6d\u0259m\u0259k \u00fc\u00e7\u00fcn pul tapa bilmirik\u201d.<\/em><\/p>\n\n\n\n<p>G\u00fcnel X\u0259lilova bildirib ki, t\u0259hsil haqq\u0131na k\u00f6m\u0259klik g\u00f6st\u0259rm\u0259k \u00fc\u00e7\u00fcn SOCAR-a m\u00fcraci\u0259t edib. Onun \u0259riz\u0259sini q\u0259bul edibl\u0259r, h\u0259tta \u00fcmid d\u0259 verilib. Lakin el\u0259 h\u0259min g\u00fcn z\u0259ng ed\u0259r\u0259k, Zaur X\u0259lilovun SOCAR CAPE-nin i\u015f\u00e7isi oldu\u011funu v\u0259 buna g\u00f6r\u0259 d\u0259 k\u00f6m\u0259klik ed\u0259 bilm\u0259y\u0259c\u0259kl\u0259rini deyibl\u0259r:<\/p>\n\n\n<div class=\"wp-block-image\">\n<figure class=\"aligncenter size-full\"><img decoding=\"async\" width=\"928\" height=\"494\" data-src=\"https:\/\/www.meydan.tv\/wp-content\/uploads\/screenshot_2023-09-19_at_11.02.49.png\" alt=\"\" class=\"wp-image-285118 lazyload\" src=\"data:image\/svg+xml;base64,PHN2ZyB3aWR0aD0iMSIgaGVpZ2h0PSIxIiB4bWxucz0iaHR0cDovL3d3dy53My5vcmcvMjAwMC9zdmciPjwvc3ZnPg==\" style=\"--smush-placeholder-width: 928px; --smush-placeholder-aspect-ratio: 928\/494;\" \/><figcaption class=\"wp-element-caption\">M\u0259lik\u0259li X\u0259lilov. Foto: Meydan TV<\/figcaption><\/figure>\n<\/div>\n\n\n<p><em>\u201cH\u0259yat yolda\u015f\u0131m SOCAR CAPE-nin i\u015f\u00e7isi idi, amma SOCAR-\u0131n i\u015fini h\u0259yata ke\u00e7ir\u0259rk\u0259n h\u0259lak olub. Zaur platformada \u00e7al\u0131\u015fmasayd\u0131, bu g\u00fcn \u00f6vladlar\u0131n\u0131n yan\u0131nda olard\u0131. SOCAR CAPE-y\u0259 d\u0259 m\u00fcraci\u0259t etdik. Dedil\u0259r ki,\u00a0 \u015firk\u0259t biz\u0259 g\u00f6st\u0259ri\u015f ver\u0259rs\u0259, yard\u0131m ed\u0259 bil\u0259rik\u201d.<\/em><\/p>\n\n\n\n<p>\u00c7ar\u0259siz ana \u00f6vlad\u0131n\u0131n t\u0259hsil almas\u0131 \u00fc\u00e7\u00fcn yard\u0131m g\u00f6st\u0259rilm\u0259sini ist\u0259yir. Deyir ki, o\u011flu t\u0259hsil almaq ist\u0259yir v\u0259 arzusunun realla\u015fmas\u0131nda bir valideyn kimi ona yard\u0131m ed\u0259 bilmir.<br>2015-ci ilin dekabr\u0131n 4-d\u0259 ba\u015f vermi\u015f yan\u011f\u0131nda 30 i\u015f\u00e7i h\u0259lak olub. Onlardan yaln\u0131z 12-nin c\u0259s\u0259di tap\u0131l\u0131b.<\/p>\n\n\n\n<p>SOCAR-dan ail\u0259nin m\u00fcraci\u0259ti il\u0259 ba\u011fl\u0131 yaz\u0131l\u0131 sor\u011fu cavabland\u0131r\u0131lmay\u0131b.<\/p>\n","protected":false},"excerpt":{"rendered":"<p>\u201cO\u011flum oxumaq ist\u0259yir, amma t\u0259hsil haqq\u0131n\u0131 \u00f6d\u0259m\u0259k \u00fc\u00e7\u00fcn pul tapa &#8230; <\/p>\n<p class=\"read-more-container\"><a title=\"D\u0259nizd\u0259 itkin d\u00fc\u015f\u0259n neft\u00e7inin ail\u0259si \u00e7ar\u0259siz durumda\" class=\"read-more button\" href=\"https:\/\/www.meydan.tv\/az\/article\/denizde-itkin-dusen-neftcinin-ailesi-caresiz-durumda\/#more-285116\" aria-label=\"Read more about D\u0259nizd\u0259 itkin d\u00fc\u015f\u0259n neft\u00e7inin ail\u0259si \u00e7ar\u0259siz durumda\">Davam\u0131<\/a><\/p>\n","protected":false},"author":8,"featured_media":241487,"comment_status":"closed","ping_status":"closed","sticky":false,"template":"","format":"standard","meta":{"_acf_changed":false,"_sitemap_exclude":false,"_sitemap_priority":"","_sitemap_frequency":"","footnotes":""},"categories":[62,56],"tags":[],"class_list":["post-285116","post","type-post","status-publish","format-standard","has-post-thumbnail","hentry","category-sosial","category-xeberler","infinite-scroll-item","generate-columns","tablet-grid-50","mobile-grid-100","grid-parent","grid-33","no-featured-image-padding"],"acf":[],"yoast_head":"<!-- This site is optimized with the Yoast SEO plugin v27.5 - https:\/\/yoast.com\/product\/yoast-seo-wordpress\/ -->\n<title>D\u0259nizd\u0259 itkin d\u00fc\u015f\u0259n neft\u00e7inin ail\u0259si \u00e7ar\u0259siz durumda - MEYDAN.TV<\/title>\n<meta name=\"robots\" content=\"index, follow, max-snippet:-1, max-image-preview:large, max-video-preview:-1\" \/>\n<link rel=\"canonical\" href=\"https:\/\/www.meydan.tv\/az\/article\/denizde-itkin-dusen-neftcinin-ailesi-caresiz-durumda\/\" \/>\n<meta property=\"og:locale\" content=\"az_AZ\" \/>\n<meta property=\"og:type\" content=\"article\" \/>\n<meta property=\"og:title\" content=\"D\u0259nizd\u0259 itkin d\u00fc\u015f\u0259n neft\u00e7inin ail\u0259si \u00e7ar\u0259siz durumda - MEYDAN.TV\" \/>\n<meta property=\"og:description\" content=\"\u201cO\u011flum oxumaq ist\u0259yir, amma t\u0259hsil haqq\u0131n\u0131 \u00f6d\u0259m\u0259k \u00fc\u00e7\u00fcn pul tapa ... Davam\u0131\" \/>\n<meta property=\"og:url\" content=\"https:\/\/www.meydan.tv\/az\/article\/denizde-itkin-dusen-neftcinin-ailesi-caresiz-durumda\/\" \/>\n<meta property=\"og:site_name\" content=\"MEYDAN.TV\" \/>\n<meta property=\"article:published_time\" content=\"2023-09-19T09:13:07+00:00\" \/>\n<meta property=\"article:modified_time\" content=\"2023-09-19T09:13:11+00:00\" \/>\n<meta property=\"og:image\" content=\"https:\/\/www.meydan.tv\/wp-content\/uploads\/image_from_ios-2-9-scaled.jpg\" \/>\n\t<meta property=\"og:image:width\" content=\"2560\" \/>\n\t<meta property=\"og:image:height\" content=\"1440\" \/>\n\t<meta property=\"og:image:type\" content=\"image\/jpeg\" \/>\n<meta name=\"author\" content=\"elli\" \/>\n<meta name=\"twitter:card\" content=\"summary_large_image\" \/>\n<meta name=\"twitter:creator\" content=\"@elli\" \/>\n<script type=\"application\/ld+json\" class=\"yoast-schema-graph\">{\"@context\":\"https:\\\/\\\/schema.org\",\"@graph\":[{\"@type\":\"Article\",\"@id\":\"https:\\\/\\\/www.meydan.tv\\\/az\\\/article\\\/denizde-itkin-dusen-neftcinin-ailesi-caresiz-durumda\\\/#article\",\"isPartOf\":{\"@id\":\"https:\\\/\\\/www.meydan.tv\\\/az\\\/article\\\/denizde-itkin-dusen-neftcinin-ailesi-caresiz-durumda\\\/\"},\"author\":{\"name\":\"elli\",\"@id\":\"https:\\\/\\\/www.meydan.tv\\\/az\\\/#\\\/schema\\\/person\\\/9cdbecf90d17180ce1dfbd95b08dcf47\"},\"headline\":\"D\u0259nizd\u0259 itkin d\u00fc\u015f\u0259n neft\u00e7inin ail\u0259si \u00e7ar\u0259siz durumda\",\"datePublished\":\"2023-09-19T09:13:07+00:00\",\"dateModified\":\"2023-09-19T09:13:11+00:00\",\"mainEntityOfPage\":{\"@id\":\"https:\\\/\\\/www.meydan.tv\\\/az\\\/article\\\/denizde-itkin-dusen-neftcinin-ailesi-caresiz-durumda\\\/\"},\"wordCount\":447,\"publisher\":{\"@id\":\"https:\\\/\\\/www.meydan.tv\\\/az\\\/#organization\"},\"image\":{\"@id\":\"https:\\\/\\\/www.meydan.tv\\\/az\\\/article\\\/denizde-itkin-dusen-neftcinin-ailesi-caresiz-durumda\\\/#primaryimage\"},\"thumbnailUrl\":\"https:\\\/\\\/www.meydan.tv\\\/wp-content\\\/uploads\\\/image_from_ios-2-9-scaled.jpg\",\"articleSection\":[\"Sosial\",\"X\u0259b\u0259rl\u0259r\"],\"inLanguage\":\"az\"},{\"@type\":\"WebPage\",\"@id\":\"https:\\\/\\\/www.meydan.tv\\\/az\\\/article\\\/denizde-itkin-dusen-neftcinin-ailesi-caresiz-durumda\\\/\",\"url\":\"https:\\\/\\\/www.meydan.tv\\\/az\\\/article\\\/denizde-itkin-dusen-neftcinin-ailesi-caresiz-durumda\\\/\",\"name\":\"D\u0259nizd\u0259 itkin d\u00fc\u015f\u0259n neft\u00e7inin ail\u0259si \u00e7ar\u0259siz durumda - MEYDAN.TV\",\"isPartOf\":{\"@id\":\"https:\\\/\\\/www.meydan.tv\\\/az\\\/#website\"},\"primaryImageOfPage\":{\"@id\":\"https:\\\/\\\/www.meydan.tv\\\/az\\\/article\\\/denizde-itkin-dusen-neftcinin-ailesi-caresiz-durumda\\\/#primaryimage\"},\"image\":{\"@id\":\"https:\\\/\\\/www.meydan.tv\\\/az\\\/article\\\/denizde-itkin-dusen-neftcinin-ailesi-caresiz-durumda\\\/#primaryimage\"},\"thumbnailUrl\":\"https:\\\/\\\/www.meydan.tv\\\/wp-content\\\/uploads\\\/image_from_ios-2-9-scaled.jpg\",\"datePublished\":\"2023-09-19T09:13:07+00:00\",\"dateModified\":\"2023-09-19T09:13:11+00:00\",\"breadcrumb\":{\"@id\":\"https:\\\/\\\/www.meydan.tv\\\/az\\\/article\\\/denizde-itkin-dusen-neftcinin-ailesi-caresiz-durumda\\\/#breadcrumb\"},\"inLanguage\":\"az\",\"potentialAction\":[{\"@type\":\"ReadAction\",\"target\":[\"https:\\\/\\\/www.meydan.tv\\\/az\\\/article\\\/denizde-itkin-dusen-neftcinin-ailesi-caresiz-durumda\\\/\"]}]},{\"@type\":\"ImageObject\",\"inLanguage\":\"az\",\"@id\":\"https:\\\/\\\/www.meydan.tv\\\/az\\\/article\\\/denizde-itkin-dusen-neftcinin-ailesi-caresiz-durumda\\\/#primaryimage\",\"url\":\"https:\\\/\\\/www.meydan.tv\\\/wp-content\\\/uploads\\\/image_from_ios-2-9-scaled.jpg\",\"contentUrl\":\"https:\\\/\\\/www.meydan.tv\\\/wp-content\\\/uploads\\\/image_from_ios-2-9-scaled.jpg\",\"width\":2560,\"height\":1440,\"caption\":\"D\u0259nizd\u0259 gasir\u011fa. Foto: Meydan TV\"},{\"@type\":\"BreadcrumbList\",\"@id\":\"https:\\\/\\\/www.meydan.tv\\\/az\\\/article\\\/denizde-itkin-dusen-neftcinin-ailesi-caresiz-durumda\\\/#breadcrumb\",\"itemListElement\":[{\"@type\":\"ListItem\",\"position\":1,\"name\":\"Ana s\u0259hif\u0259\",\"item\":\"https:\\\/\\\/www.meydan.tv\\\/az\\\/\"},{\"@type\":\"ListItem\",\"position\":2,\"name\":\"Sosial\",\"item\":\"https:\\\/\\\/www.meydan.tv\\\/az\\\/section\\\/sosial\\\/\"},{\"@type\":\"ListItem\",\"position\":3,\"name\":\"D\u0259nizd\u0259 itkin d\u00fc\u015f\u0259n neft\u00e7inin ail\u0259si \u00e7ar\u0259siz durumda\"}]},{\"@type\":\"WebSite\",\"@id\":\"https:\\\/\\\/www.meydan.tv\\\/az\\\/#website\",\"url\":\"https:\\\/\\\/www.meydan.tv\\\/az\\\/\",\"name\":\"MEYDAN.TV\",\"description\":\"Meydan TV Az\u0259rbaycan\u0131n media m\u0259kan\u0131ndak\u0131 alternativ s\u0259sidir\",\"publisher\":{\"@id\":\"https:\\\/\\\/www.meydan.tv\\\/az\\\/#organization\"},\"potentialAction\":[{\"@type\":\"SearchAction\",\"target\":{\"@type\":\"EntryPoint\",\"urlTemplate\":\"https:\\\/\\\/www.meydan.tv\\\/az\\\/?s={search_term_string}\"},\"query-input\":{\"@type\":\"PropertyValueSpecification\",\"valueRequired\":true,\"valueName\":\"search_term_string\"}}],\"inLanguage\":\"az\"},{\"@type\":\"Organization\",\"@id\":\"https:\\\/\\\/www.meydan.tv\\\/az\\\/#organization\",\"name\":\"Meydan TV\",\"url\":\"https:\\\/\\\/www.meydan.tv\\\/az\\\/\",\"logo\":{\"@type\":\"ImageObject\",\"inLanguage\":\"az\",\"@id\":\"https:\\\/\\\/www.meydan.tv\\\/az\\\/#\\\/schema\\\/logo\\\/image\\\/\",\"url\":\"https:\\\/\\\/www.meydan.tv\\\/wp-content\\\/uploads\\\/2021\\\/07\\\/meydan-logo.svg\",\"contentUrl\":\"https:\\\/\\\/www.meydan.tv\\\/wp-content\\\/uploads\\\/2021\\\/07\\\/meydan-logo.svg\",\"width\":195,\"height\":46,\"caption\":\"Meydan TV\"},\"image\":{\"@id\":\"https:\\\/\\\/www.meydan.tv\\\/az\\\/#\\\/schema\\\/logo\\\/image\\\/\"}},{\"@type\":\"Person\",\"@id\":\"https:\\\/\\\/www.meydan.tv\\\/az\\\/#\\\/schema\\\/person\\\/9cdbecf90d17180ce1dfbd95b08dcf47\",\"name\":\"elli\",\"sameAs\":[\"https:\\\/\\\/x.com\\\/elli\"]}]}<\/script>\n<!-- \/ Yoast SEO plugin. -->","yoast_head_json":{"title":"D\u0259nizd\u0259 itkin d\u00fc\u015f\u0259n neft\u00e7inin ail\u0259si \u00e7ar\u0259siz durumda - MEYDAN.TV","robots":{"index":"index","follow":"follow","max-snippet":"max-snippet:-1","max-image-preview":"max-image-preview:large","max-video-preview":"max-video-preview:-1"},"canonical":"https:\/\/www.meydan.tv\/az\/article\/denizde-itkin-dusen-neftcinin-ailesi-caresiz-durumda\/","og_locale":"az_AZ","og_type":"article","og_title":"D\u0259nizd\u0259 itkin d\u00fc\u015f\u0259n neft\u00e7inin ail\u0259si \u00e7ar\u0259siz durumda - MEYDAN.TV","og_description":"\u201cO\u011flum oxumaq ist\u0259yir, amma t\u0259hsil haqq\u0131n\u0131 \u00f6d\u0259m\u0259k \u00fc\u00e7\u00fcn pul tapa ... Davam\u0131","og_url":"https:\/\/www.meydan.tv\/az\/article\/denizde-itkin-dusen-neftcinin-ailesi-caresiz-durumda\/","og_site_name":"MEYDAN.TV","article_published_time":"2023-09-19T09:13:07+00:00","article_modified_time":"2023-09-19T09:13:11+00:00","og_image":[{"width":2560,"height":1440,"url":"https:\/\/www.meydan.tv\/wp-content\/uploads\/image_from_ios-2-9-scaled.jpg","type":"image\/jpeg"}],"author":"elli","twitter_card":"summary_large_image","twitter_creator":"@elli","schema":{"@context":"https:\/\/schema.org","@graph":[{"@type":"Article","@id":"https:\/\/www.meydan.tv\/az\/article\/denizde-itkin-dusen-neftcinin-ailesi-caresiz-durumda\/#article","isPartOf":{"@id":"https:\/\/www.meydan.tv\/az\/article\/denizde-itkin-dusen-neftcinin-ailesi-caresiz-durumda\/"},"author":{"name":"elli","@id":"https:\/\/www.meydan.tv\/az\/#\/schema\/person\/9cdbecf90d17180ce1dfbd95b08dcf47"},"headline":"D\u0259nizd\u0259 itkin d\u00fc\u015f\u0259n neft\u00e7inin ail\u0259si \u00e7ar\u0259siz durumda","datePublished":"2023-09-19T09:13:07+00:00","dateModified":"2023-09-19T09:13:11+00:00","mainEntityOfPage":{"@id":"https:\/\/www.meydan.tv\/az\/article\/denizde-itkin-dusen-neftcinin-ailesi-caresiz-durumda\/"},"wordCount":447,"publisher":{"@id":"https:\/\/www.meydan.tv\/az\/#organization"},"image":{"@id":"https:\/\/www.meydan.tv\/az\/article\/denizde-itkin-dusen-neftcinin-ailesi-caresiz-durumda\/#primaryimage"},"thumbnailUrl":"https:\/\/www.meydan.tv\/wp-content\/uploads\/image_from_ios-2-9-scaled.jpg","articleSection":["Sosial","X\u0259b\u0259rl\u0259r"],"inLanguage":"az"},{"@type":"WebPage","@id":"https:\/\/www.meydan.tv\/az\/article\/denizde-itkin-dusen-neftcinin-ailesi-caresiz-durumda\/","url":"https:\/\/www.meydan.tv\/az\/article\/denizde-itkin-dusen-neftcinin-ailesi-caresiz-durumda\/","name":"D\u0259nizd\u0259 itkin d\u00fc\u015f\u0259n neft\u00e7inin ail\u0259si \u00e7ar\u0259siz durumda - MEYDAN.TV","isPartOf":{"@id":"https:\/\/www.meydan.tv\/az\/#website"},"primaryImageOfPage":{"@id":"https:\/\/www.meydan.tv\/az\/article\/denizde-itkin-dusen-neftcinin-ailesi-caresiz-durumda\/#primaryimage"},"image":{"@id":"https:\/\/www.meydan.tv\/az\/article\/denizde-itkin-dusen-neftcinin-ailesi-caresiz-durumda\/#primaryimage"},"thumbnailUrl":"https:\/\/www.meydan.tv\/wp-content\/uploads\/image_from_ios-2-9-scaled.jpg","datePublished":"2023-09-19T09:13:07+00:00","dateModified":"2023-09-19T09:13:11+00:00","breadcrumb":{"@id":"https:\/\/www.meydan.tv\/az\/article\/denizde-itkin-dusen-neftcinin-ailesi-caresiz-durumda\/#breadcrumb"},"inLanguage":"az","potentialAction":[{"@type":"ReadAction","target":["https:\/\/www.meydan.tv\/az\/article\/denizde-itkin-dusen-neftcinin-ailesi-caresiz-durumda\/"]}]},{"@type":"ImageObject","inLanguage":"az","@id":"https:\/\/www.meydan.tv\/az\/article\/denizde-itkin-dusen-neftcinin-ailesi-caresiz-durumda\/#primaryimage","url":"https:\/\/www.meydan.tv\/wp-content\/uploads\/image_from_ios-2-9-scaled.jpg","contentUrl":"https:\/\/www.meydan.tv\/wp-content\/uploads\/image_from_ios-2-9-scaled.jpg","width":2560,"height":1440,"caption":"D\u0259nizd\u0259 gasir\u011fa. Foto: Meydan TV"},{"@type":"BreadcrumbList","@id":"https:\/\/www.meydan.tv\/az\/article\/denizde-itkin-dusen-neftcinin-ailesi-caresiz-durumda\/#breadcrumb","itemListElement":[{"@type":"ListItem","position":1,"name":"Ana s\u0259hif\u0259","item":"https:\/\/www.meydan.tv\/az\/"},{"@type":"ListItem","position":2,"name":"Sosial","item":"https:\/\/www.meydan.tv\/az\/section\/sosial\/"},{"@type":"ListItem","position":3,"name":"D\u0259nizd\u0259 itkin d\u00fc\u015f\u0259n neft\u00e7inin ail\u0259si \u00e7ar\u0259siz durumda"}]},{"@type":"WebSite","@id":"https:\/\/www.meydan.tv\/az\/#website","url":"https:\/\/www.meydan.tv\/az\/","name":"MEYDAN.TV","description":"Meydan TV Az\u0259rbaycan\u0131n media m\u0259kan\u0131ndak\u0131 alternativ s\u0259sidir","publisher":{"@id":"https:\/\/www.meydan.tv\/az\/#organization"},"potentialAction":[{"@type":"SearchAction","target":{"@type":"EntryPoint","urlTemplate":"https:\/\/www.meydan.tv\/az\/?s={search_term_string}"},"query-input":{"@type":"PropertyValueSpecification","valueRequired":true,"valueName":"search_term_string"}}],"inLanguage":"az"},{"@type":"Organization","@id":"https:\/\/www.meydan.tv\/az\/#organization","name":"Meydan TV","url":"https:\/\/www.meydan.tv\/az\/","logo":{"@type":"ImageObject","inLanguage":"az","@id":"https:\/\/www.meydan.tv\/az\/#\/schema\/logo\/image\/","url":"https:\/\/www.meydan.tv\/wp-content\/uploads\/2021\/07\/meydan-logo.svg","contentUrl":"https:\/\/www.meydan.tv\/wp-content\/uploads\/2021\/07\/meydan-logo.svg","width":195,"height":46,"caption":"Meydan TV"},"image":{"@id":"https:\/\/www.meydan.tv\/az\/#\/schema\/logo\/image\/"}},{"@type":"Person","@id":"https:\/\/www.meydan.tv\/az\/#\/schema\/person\/9cdbecf90d17180ce1dfbd95b08dcf47","name":"elli","sameAs":["https:\/\/x.com\/elli"]}]}},"_links":{"self":[{"href":"https:\/\/www.meydan.tv\/az\/wp-json\/wp\/v2\/posts\/285116","targetHints":{"allow":["GET"]}}],"collection":[{"href":"https:\/\/www.meydan.tv\/az\/wp-json\/wp\/v2\/posts"}],"about":[{"href":"https:\/\/www.meydan.tv\/az\/wp-json\/wp\/v2\/types\/post"}],"author":[{"embeddable":true,"href":"https:\/\/www.meydan.tv\/az\/wp-json\/wp\/v2\/users\/8"}],"replies":[{"embeddable":true,"href":"https:\/\/www.meydan.tv\/az\/wp-json\/wp\/v2\/comments?post=285116"}],"version-history":[{"count":3,"href":"https:\/\/www.meydan.tv\/az\/wp-json\/wp\/v2\/posts\/285116\/revisions"}],"predecessor-version":[{"id":285124,"href":"https:\/\/www.meydan.tv\/az\/wp-json\/wp\/v2\/posts\/285116\/revisions\/285124"}],"wp:featuredmedia":[{"embeddable":true,"href":"https:\/\/www.meydan.tv\/az\/wp-json\/wp\/v2\/media\/241487"}],"wp:attachment":[{"href":"https:\/\/www.meydan.tv\/az\/wp-json\/wp\/v2\/media?parent=285116"}],"wp:term":[{"taxonomy":"category","embeddable":true,"href":"https:\/\/www.meydan.tv\/az\/wp-json\/wp\/v2\/categories?post=285116"},{"taxonomy":"post_tag","embeddable":true,"href":"https:\/\/www.meydan.tv\/az\/wp-json\/wp\/v2\/tags?post=285116"}],"curies":[{"name":"wp","href":"https:\/\/api.w.org\/{rel}","templated":true}]}}