{"id":285113,"date":"2023-09-19T13:03:00","date_gmt":"2023-09-19T09:03:00","guid":{"rendered":"https:\/\/www.meydan.tv\/?p=285113"},"modified":"2023-09-19T13:03:04","modified_gmt":"2023-09-19T09:03:04","slug":"goytepe-mekteblileri-bu-il-de-qezali-binada-ders-kecirler","status":"publish","type":"post","link":"https:\/\/www.meydan.tv\/az\/article\/goytepe-mekteblileri-bu-il-de-qezali-binada-ders-kecirler\/","title":{"rendered":"G\u00f6yt\u0259p\u0259 m\u0259kt\u0259blil\u0259ri bu il d\u0259 q\u0259zal\u0131 binada d\u0259rs ke\u00e7irl\u0259r"},"content":{"rendered":"\n<p><\/p>\n\n\n\n<p><em><strong>\u201cHe\u00e7 bir m\u0259mur \u00f6z \u00f6vlad\u0131n\u0131n el\u0259 m\u0259kt\u0259bd\u0259 oxumas\u0131na raz\u0131 olmaz\u201d<\/strong><\/em><\/p>\n\n\n\n<p>C\u0259lilabad\u0131n \u0259n b\u00f6y\u00fck k\u0259ndl\u0259rind\u0259n biri olan G\u00f6yt\u0259p\u0259d\u0259 2 m\u0259kt\u0259b var. Ancaq bu m\u0259kt\u0259b binalar\u0131n\u0131n k\u00f6hn\u0259, q\u0259zal\u0131 v\u0259ziyy\u0259td\u0259 olmas\u0131 yerli sakinl\u0259ri \u0259n \u00e7ox narahat ed\u0259n m\u0259s\u0259l\u0259l\u0259rd\u0259ndir. \u0130ll\u0259rdir h\u0259r d\u0259rs ili ba\u015fa \u00e7atanda yeni il\u0259 \u00fcmidl\u0259 haz\u0131rla\u015f\u0131rlar. T\u0259\u0259ss\u00fcfl\u0259nirl\u0259r ki, bu t\u0259dris ilind\u0259 d\u0259 \u00fcmidl\u0259ri c\u00fcc\u0259rm\u0259yib.<\/p>\n\n\n\n<p><em>\u201cG\u00f6yt\u0259p\u0259 k\u0259nd m\u0259kt\u0259binin binas\u0131 q\u0259zal\u0131 v\u0259ziyy\u0259td\u0259dir, h\u0259tta sinif otaqlar\u0131nda \u00e7atlar o q\u0259d\u0259r d\u0259rindir ki, bir sinifd\u0259n dig\u0259r sinfi g\u00f6rm\u0259k m\u00fcmk\u00fcnd\u00fcr. P\u0259nc\u0259r\u0259l\u0259r q\u0131r\u0131l\u0131b, binan\u0131n dam\u0131 h\u0259r an u\u00e7a bil\u0259r\u201d,<\/em> &#8211; valideynl\u0259r deyir.<\/p>\n\n\n\n<p>K\u0259nd sakini Rizvan M\u0259mm\u0259dovun s\u00f6zl\u0259rin\u0259 g\u00f6r\u0259, m\u0259kt\u0259bl\u0259rin q\u0259zal\u0131 v\u0259ziyy\u0259td\u0259 olmas\u0131 il\u0259 ba\u011fl\u0131 ill\u0259rdir h\u0259r t\u0259dris m\u00f6vs\u00fcm\u00fcnd\u0259 m\u0259s\u0259l\u0259 qald\u0131r\u0131rlar. Lakin onlara s\u0259birli olmaq t\u00f6vsiy\u0259 edilir:<\/p>\n\n\n\n<p><em>\u201cM\u0259kt\u0259bin v\u0259ziyy\u0259tini s\u00f6zl\u0259 ifad\u0259 etm\u0259k \u00e7\u0259tindir. He\u00e7 bir m\u0259mur \u00f6z \u00f6vlad\u0131n\u0131n el\u0259 m\u0259kt\u0259bd\u0259 oxumas\u0131na raz\u0131 olmaz. Q\u0131\u015fda odun sobas\u0131 yand\u0131r\u0131l\u0131r, amma bina k\u00f6hn\u0259 oldu\u011fundan isinmir\u201d.<\/em><\/p>\n\n\n<div class=\"wp-block-image\">\n<figure class=\"aligncenter size-large\"><img decoding=\"async\" width=\"1086\" height=\"821\" data-src=\"https:\/\/www.meydan.tv\/wp-content\/uploads\/image-17-09-23-12-10-1086x821.jpeg\" alt=\"\" class=\"wp-image-285104 lazyload\" src=\"data:image\/svg+xml;base64,PHN2ZyB3aWR0aD0iMSIgaGVpZ2h0PSIxIiB4bWxucz0iaHR0cDovL3d3dy53My5vcmcvMjAwMC9zdmciPjwvc3ZnPg==\" style=\"--smush-placeholder-width: 1086px; --smush-placeholder-aspect-ratio: 1086\/821;\" \/><\/figure>\n<\/div>\n\n\n<p>\u015eikay\u0259t\u00e7il\u0259rin s\u00f6zl\u0259rin\u0259 g\u00f6r\u0259, h\u0259l\u0259 soyuqlar d\u00fc\u015fm\u0259yib, indid\u0259n t\u0259la\u015f i\u00e7\u0259risind\u0259dirl\u0259r. Hava bir az soyuyan kimi u\u015faqlar\u0131 m\u0259kt\u0259b\u0259 g\u00f6nd\u0259rm\u0259k ist\u0259mirl\u0259r. \u00c7\u00fcnki bir g\u00fcn d\u0259rs\u0259 gedib, \u0259v\u0259zind\u0259 bir h\u0259ft\u0259 x\u0259st\u0259 yat\u0131rlar.<\/p>\n\n\n\n<p>Sakinl\u0259r deyirl\u0259r ki, m\u0259kt\u0259bl\u0259rin t\u0259miri i\u015f\u0259 yaramayacaq. \u00c7\u00fcnki bina olduqca k\u00f6hn\u0259dir. Yeni m\u0259kt\u0259b binas\u0131n\u0131n tikintisin\u0259 ehtiyac yaran\u0131b:<\/p>\n\n\n\n<p><em>\u201cU\u015faqlar h\u0259v\u0259sl\u0259 d\u0259rs\u0259 haz\u0131rla\u015f\u0131rlar, valideyn is\u0259 m\u0259kt\u0259bd\u0259 onlar\u0131n ba\u015f\u0131na b\u0259la g\u0259l\u0259c\u0259yind\u0259n narahatd\u0131r. Halbuki Az\u0259rbaycan xarici \u00f6lk\u0259l\u0259rd\u0259 m\u0259kt\u0259b tikir\u201d.<\/em><\/p>\n\n\n\n<p>G\u00f6yt\u0259p\u0259 b\u0259l\u0259diyy\u0259sinin s\u0259dri \u0130lqar H\u0259s\u0259nov Meydan TV-y\u0259 bildirib ki, k\u0259ndin 15 min 500-d\u0259n \u00e7ox sakini var.<\/p>\n\n\n<div class=\"wp-block-image\">\n<figure class=\"aligncenter size-large\"><img decoding=\"async\" width=\"1086\" height=\"821\" data-src=\"https:\/\/www.meydan.tv\/wp-content\/uploads\/image-17-09-23-12-10-1086x821.jpeg\" alt=\"\" class=\"wp-image-285104 lazyload\" src=\"data:image\/svg+xml;base64,PHN2ZyB3aWR0aD0iMSIgaGVpZ2h0PSIxIiB4bWxucz0iaHR0cDovL3d3dy53My5vcmcvMjAwMC9zdmciPjwvc3ZnPg==\" style=\"--smush-placeholder-width: 1086px; --smush-placeholder-aspect-ratio: 1086\/821;\" \/><\/figure>\n<\/div>\n\n\n<p><em>\u201c1 n\u00f6mr\u0259li m\u0259kt\u0259b uzun ill\u0259r \u0259vv\u0259l tikilib. \u0130kinci D\u00fcnya m\u00fcharib\u0259sind\u0259 hospital kimi istifad\u0259 edilib. T\u0259xmin\u0259n 1980-ci ill\u0259rd\u0259 m\u0259kt\u0259b \u00fc\u00e7\u00fcn yeni korpus tikilib. H\u0259min m\u0259kt\u0259b\u0259 1800 \u015fagird gedir. M\u0259kt\u0259bin binas\u0131 dig\u0259r m\u0259kt\u0259b\u0259 nisb\u0259t\u0259n t\u0259mirlidir\u201d,-<\/em> b\u0259l\u0259diyy\u0259 s\u0259dri deyib.<\/p>\n\n\n\n<p>\u0130lqar H\u0259s\u0259nov bildirib ki, m\u0259kt\u0259bl\u0259rin v\u0259ziyy\u0259tind\u0259n aidiyyat\u0131 qurumlar x\u0259b\u0259rdard\u0131lar:<\/p>\n\n\n\n<p>\u201c<em>K\u0259ndd\u0259 qaz var, amma istilik sistemi \u00e7\u0259kilm\u0259diyind\u0259n m\u0259kt\u0259bl\u0259rd\u0259 odun pe\u00e7i yand\u0131r\u0131l\u0131r. M\u0259kt\u0259bi odunla T\u0259hsil \u0130dar\u0259si t\u0259min edir&#8221;<\/em>.<\/p>\n\n\n\n<p>T\u0259hsil Nazirliyi m\u0259kt\u0259bl\u0259rin n\u0259 zaman t\u0259mir olunaca\u011f\u0131 il\u0259 ba\u011fl\u0131 sor\u011funu cavabland\u0131rmay\u0131b.<\/p>\n\n\n\n<p><\/p>\n","protected":false},"excerpt":{"rendered":"<p>\u201cHe\u00e7 bir m\u0259mur \u00f6z \u00f6vlad\u0131n\u0131n el\u0259 m\u0259kt\u0259bd\u0259 oxumas\u0131na raz\u0131 olmaz\u201d &#8230; <\/p>\n<p class=\"read-more-container\"><a title=\"G\u00f6yt\u0259p\u0259 m\u0259kt\u0259blil\u0259ri bu il d\u0259 q\u0259zal\u0131 binada d\u0259rs ke\u00e7irl\u0259r\" class=\"read-more button\" href=\"https:\/\/www.meydan.tv\/az\/article\/goytepe-mekteblileri-bu-il-de-qezali-binada-ders-kecirler\/#more-285113\" aria-label=\"Read more about G\u00f6yt\u0259p\u0259 m\u0259kt\u0259blil\u0259ri bu il d\u0259 q\u0259zal\u0131 binada d\u0259rs ke\u00e7irl\u0259r\">Davam\u0131<\/a><\/p>\n","protected":false},"author":8,"featured_media":285110,"comment_status":"closed","ping_status":"closed","sticky":false,"template":"","format":"standard","meta":{"_acf_changed":false,"_sitemap_exclude":false,"_sitemap_priority":"","_sitemap_frequency":"","footnotes":""},"categories":[60,56],"tags":[],"class_list":["post-285113","post","type-post","status-publish","format-standard","has-post-thumbnail","hentry","category-bolge","category-xeberler","infinite-scroll-item","generate-columns","tablet-grid-50","mobile-grid-100","grid-parent","grid-33","no-featured-image-padding"],"acf":[],"yoast_head":"<!-- This site is optimized with the Yoast SEO plugin v27.4 - https:\/\/yoast.com\/product\/yoast-seo-wordpress\/ -->\n<title>G\u00f6yt\u0259p\u0259 m\u0259kt\u0259blil\u0259ri bu il d\u0259 q\u0259zal\u0131 binada d\u0259rs ke\u00e7irl\u0259r - MEYDAN.TV<\/title>\n<meta name=\"robots\" content=\"index, follow, max-snippet:-1, max-image-preview:large, max-video-preview:-1\" \/>\n<link rel=\"canonical\" href=\"https:\/\/www.meydan.tv\/az\/article\/goytepe-mekteblileri-bu-il-de-qezali-binada-ders-kecirler\/\" \/>\n<meta property=\"og:locale\" content=\"az_AZ\" \/>\n<meta property=\"og:type\" content=\"article\" \/>\n<meta property=\"og:title\" content=\"G\u00f6yt\u0259p\u0259 m\u0259kt\u0259blil\u0259ri bu il d\u0259 q\u0259zal\u0131 binada d\u0259rs ke\u00e7irl\u0259r - MEYDAN.TV\" \/>\n<meta property=\"og:description\" content=\"\u201cHe\u00e7 bir m\u0259mur \u00f6z \u00f6vlad\u0131n\u0131n el\u0259 m\u0259kt\u0259bd\u0259 oxumas\u0131na raz\u0131 olmaz\u201d ... Davam\u0131\" \/>\n<meta property=\"og:url\" content=\"https:\/\/www.meydan.tv\/az\/article\/goytepe-mekteblileri-bu-il-de-qezali-binada-ders-kecirler\/\" \/>\n<meta property=\"og:site_name\" content=\"MEYDAN.TV\" \/>\n<meta property=\"article:published_time\" content=\"2023-09-19T09:03:00+00:00\" \/>\n<meta property=\"article:modified_time\" content=\"2023-09-19T09:03:04+00:00\" \/>\n<meta property=\"og:image\" content=\"https:\/\/www.meydan.tv\/wp-content\/uploads\/image-17-09-23-12-10-2.jpeg\" \/>\n\t<meta property=\"og:image:width\" content=\"719\" \/>\n\t<meta property=\"og:image:height\" content=\"383\" \/>\n\t<meta property=\"og:image:type\" content=\"image\/jpeg\" \/>\n<meta name=\"author\" content=\"elli\" \/>\n<meta name=\"twitter:card\" content=\"summary_large_image\" \/>\n<meta name=\"twitter:creator\" content=\"@elli\" \/>\n<script type=\"application\/ld+json\" class=\"yoast-schema-graph\">{\"@context\":\"https:\\\/\\\/schema.org\",\"@graph\":[{\"@type\":\"Article\",\"@id\":\"https:\\\/\\\/www.meydan.tv\\\/az\\\/article\\\/goytepe-mekteblileri-bu-il-de-qezali-binada-ders-kecirler\\\/#article\",\"isPartOf\":{\"@id\":\"https:\\\/\\\/www.meydan.tv\\\/az\\\/article\\\/goytepe-mekteblileri-bu-il-de-qezali-binada-ders-kecirler\\\/\"},\"author\":{\"name\":\"elli\",\"@id\":\"https:\\\/\\\/www.meydan.tv\\\/az\\\/#\\\/schema\\\/person\\\/9cdbecf90d17180ce1dfbd95b08dcf47\"},\"headline\":\"G\u00f6yt\u0259p\u0259 m\u0259kt\u0259blil\u0259ri bu il d\u0259 q\u0259zal\u0131 binada d\u0259rs ke\u00e7irl\u0259r\",\"datePublished\":\"2023-09-19T09:03:00+00:00\",\"dateModified\":\"2023-09-19T09:03:04+00:00\",\"mainEntityOfPage\":{\"@id\":\"https:\\\/\\\/www.meydan.tv\\\/az\\\/article\\\/goytepe-mekteblileri-bu-il-de-qezali-binada-ders-kecirler\\\/\"},\"wordCount\":559,\"publisher\":{\"@id\":\"https:\\\/\\\/www.meydan.tv\\\/az\\\/#organization\"},\"image\":{\"@id\":\"https:\\\/\\\/www.meydan.tv\\\/az\\\/article\\\/goytepe-mekteblileri-bu-il-de-qezali-binada-ders-kecirler\\\/#primaryimage\"},\"thumbnailUrl\":\"https:\\\/\\\/www.meydan.tv\\\/wp-content\\\/uploads\\\/image-17-09-23-12-10-2.jpeg\",\"articleSection\":[\"B\u00f6lg\u0259\",\"X\u0259b\u0259rl\u0259r\"],\"inLanguage\":\"az\"},{\"@type\":\"WebPage\",\"@id\":\"https:\\\/\\\/www.meydan.tv\\\/az\\\/article\\\/goytepe-mekteblileri-bu-il-de-qezali-binada-ders-kecirler\\\/\",\"url\":\"https:\\\/\\\/www.meydan.tv\\\/az\\\/article\\\/goytepe-mekteblileri-bu-il-de-qezali-binada-ders-kecirler\\\/\",\"name\":\"G\u00f6yt\u0259p\u0259 m\u0259kt\u0259blil\u0259ri bu il d\u0259 q\u0259zal\u0131 binada d\u0259rs ke\u00e7irl\u0259r - MEYDAN.TV\",\"isPartOf\":{\"@id\":\"https:\\\/\\\/www.meydan.tv\\\/az\\\/#website\"},\"primaryImageOfPage\":{\"@id\":\"https:\\\/\\\/www.meydan.tv\\\/az\\\/article\\\/goytepe-mekteblileri-bu-il-de-qezali-binada-ders-kecirler\\\/#primaryimage\"},\"image\":{\"@id\":\"https:\\\/\\\/www.meydan.tv\\\/az\\\/article\\\/goytepe-mekteblileri-bu-il-de-qezali-binada-ders-kecirler\\\/#primaryimage\"},\"thumbnailUrl\":\"https:\\\/\\\/www.meydan.tv\\\/wp-content\\\/uploads\\\/image-17-09-23-12-10-2.jpeg\",\"datePublished\":\"2023-09-19T09:03:00+00:00\",\"dateModified\":\"2023-09-19T09:03:04+00:00\",\"breadcrumb\":{\"@id\":\"https:\\\/\\\/www.meydan.tv\\\/az\\\/article\\\/goytepe-mekteblileri-bu-il-de-qezali-binada-ders-kecirler\\\/#breadcrumb\"},\"inLanguage\":\"az\",\"potentialAction\":[{\"@type\":\"ReadAction\",\"target\":[\"https:\\\/\\\/www.meydan.tv\\\/az\\\/article\\\/goytepe-mekteblileri-bu-il-de-qezali-binada-ders-kecirler\\\/\"]}]},{\"@type\":\"ImageObject\",\"inLanguage\":\"az\",\"@id\":\"https:\\\/\\\/www.meydan.tv\\\/az\\\/article\\\/goytepe-mekteblileri-bu-il-de-qezali-binada-ders-kecirler\\\/#primaryimage\",\"url\":\"https:\\\/\\\/www.meydan.tv\\\/wp-content\\\/uploads\\\/image-17-09-23-12-10-2.jpeg\",\"contentUrl\":\"https:\\\/\\\/www.meydan.tv\\\/wp-content\\\/uploads\\\/image-17-09-23-12-10-2.jpeg\",\"width\":719,\"height\":383,\"caption\":\"Fotolar: Meydan TV\"},{\"@type\":\"BreadcrumbList\",\"@id\":\"https:\\\/\\\/www.meydan.tv\\\/az\\\/article\\\/goytepe-mekteblileri-bu-il-de-qezali-binada-ders-kecirler\\\/#breadcrumb\",\"itemListElement\":[{\"@type\":\"ListItem\",\"position\":1,\"name\":\"Ana s\u0259hif\u0259\",\"item\":\"https:\\\/\\\/www.meydan.tv\\\/az\\\/\"},{\"@type\":\"ListItem\",\"position\":2,\"name\":\"B\u00f6lg\u0259\",\"item\":\"https:\\\/\\\/www.meydan.tv\\\/az\\\/section\\\/bolge\\\/\"},{\"@type\":\"ListItem\",\"position\":3,\"name\":\"G\u00f6yt\u0259p\u0259 m\u0259kt\u0259blil\u0259ri bu il d\u0259 q\u0259zal\u0131 binada d\u0259rs ke\u00e7irl\u0259r\"}]},{\"@type\":\"WebSite\",\"@id\":\"https:\\\/\\\/www.meydan.tv\\\/az\\\/#website\",\"url\":\"https:\\\/\\\/www.meydan.tv\\\/az\\\/\",\"name\":\"MEYDAN.TV\",\"description\":\"Meydan TV Az\u0259rbaycan\u0131n media m\u0259kan\u0131ndak\u0131 alternativ s\u0259sidir\",\"publisher\":{\"@id\":\"https:\\\/\\\/www.meydan.tv\\\/az\\\/#organization\"},\"potentialAction\":[{\"@type\":\"SearchAction\",\"target\":{\"@type\":\"EntryPoint\",\"urlTemplate\":\"https:\\\/\\\/www.meydan.tv\\\/az\\\/?s={search_term_string}\"},\"query-input\":{\"@type\":\"PropertyValueSpecification\",\"valueRequired\":true,\"valueName\":\"search_term_string\"}}],\"inLanguage\":\"az\"},{\"@type\":\"Organization\",\"@id\":\"https:\\\/\\\/www.meydan.tv\\\/az\\\/#organization\",\"name\":\"Meydan TV\",\"url\":\"https:\\\/\\\/www.meydan.tv\\\/az\\\/\",\"logo\":{\"@type\":\"ImageObject\",\"inLanguage\":\"az\",\"@id\":\"https:\\\/\\\/www.meydan.tv\\\/az\\\/#\\\/schema\\\/logo\\\/image\\\/\",\"url\":\"https:\\\/\\\/www.meydan.tv\\\/wp-content\\\/uploads\\\/2021\\\/07\\\/meydan-logo.svg\",\"contentUrl\":\"https:\\\/\\\/www.meydan.tv\\\/wp-content\\\/uploads\\\/2021\\\/07\\\/meydan-logo.svg\",\"width\":195,\"height\":46,\"caption\":\"Meydan TV\"},\"image\":{\"@id\":\"https:\\\/\\\/www.meydan.tv\\\/az\\\/#\\\/schema\\\/logo\\\/image\\\/\"}},{\"@type\":\"Person\",\"@id\":\"https:\\\/\\\/www.meydan.tv\\\/az\\\/#\\\/schema\\\/person\\\/9cdbecf90d17180ce1dfbd95b08dcf47\",\"name\":\"elli\",\"sameAs\":[\"https:\\\/\\\/x.com\\\/elli\"]}]}<\/script>\n<!-- \/ Yoast SEO plugin. -->","yoast_head_json":{"title":"G\u00f6yt\u0259p\u0259 m\u0259kt\u0259blil\u0259ri bu il d\u0259 q\u0259zal\u0131 binada d\u0259rs ke\u00e7irl\u0259r - MEYDAN.TV","robots":{"index":"index","follow":"follow","max-snippet":"max-snippet:-1","max-image-preview":"max-image-preview:large","max-video-preview":"max-video-preview:-1"},"canonical":"https:\/\/www.meydan.tv\/az\/article\/goytepe-mekteblileri-bu-il-de-qezali-binada-ders-kecirler\/","og_locale":"az_AZ","og_type":"article","og_title":"G\u00f6yt\u0259p\u0259 m\u0259kt\u0259blil\u0259ri bu il d\u0259 q\u0259zal\u0131 binada d\u0259rs ke\u00e7irl\u0259r - MEYDAN.TV","og_description":"\u201cHe\u00e7 bir m\u0259mur \u00f6z \u00f6vlad\u0131n\u0131n el\u0259 m\u0259kt\u0259bd\u0259 oxumas\u0131na raz\u0131 olmaz\u201d ... Davam\u0131","og_url":"https:\/\/www.meydan.tv\/az\/article\/goytepe-mekteblileri-bu-il-de-qezali-binada-ders-kecirler\/","og_site_name":"MEYDAN.TV","article_published_time":"2023-09-19T09:03:00+00:00","article_modified_time":"2023-09-19T09:03:04+00:00","og_image":[{"width":719,"height":383,"url":"https:\/\/www.meydan.tv\/wp-content\/uploads\/image-17-09-23-12-10-2.jpeg","type":"image\/jpeg"}],"author":"elli","twitter_card":"summary_large_image","twitter_creator":"@elli","schema":{"@context":"https:\/\/schema.org","@graph":[{"@type":"Article","@id":"https:\/\/www.meydan.tv\/az\/article\/goytepe-mekteblileri-bu-il-de-qezali-binada-ders-kecirler\/#article","isPartOf":{"@id":"https:\/\/www.meydan.tv\/az\/article\/goytepe-mekteblileri-bu-il-de-qezali-binada-ders-kecirler\/"},"author":{"name":"elli","@id":"https:\/\/www.meydan.tv\/az\/#\/schema\/person\/9cdbecf90d17180ce1dfbd95b08dcf47"},"headline":"G\u00f6yt\u0259p\u0259 m\u0259kt\u0259blil\u0259ri bu il d\u0259 q\u0259zal\u0131 binada d\u0259rs ke\u00e7irl\u0259r","datePublished":"2023-09-19T09:03:00+00:00","dateModified":"2023-09-19T09:03:04+00:00","mainEntityOfPage":{"@id":"https:\/\/www.meydan.tv\/az\/article\/goytepe-mekteblileri-bu-il-de-qezali-binada-ders-kecirler\/"},"wordCount":559,"publisher":{"@id":"https:\/\/www.meydan.tv\/az\/#organization"},"image":{"@id":"https:\/\/www.meydan.tv\/az\/article\/goytepe-mekteblileri-bu-il-de-qezali-binada-ders-kecirler\/#primaryimage"},"thumbnailUrl":"https:\/\/www.meydan.tv\/wp-content\/uploads\/image-17-09-23-12-10-2.jpeg","articleSection":["B\u00f6lg\u0259","X\u0259b\u0259rl\u0259r"],"inLanguage":"az"},{"@type":"WebPage","@id":"https:\/\/www.meydan.tv\/az\/article\/goytepe-mekteblileri-bu-il-de-qezali-binada-ders-kecirler\/","url":"https:\/\/www.meydan.tv\/az\/article\/goytepe-mekteblileri-bu-il-de-qezali-binada-ders-kecirler\/","name":"G\u00f6yt\u0259p\u0259 m\u0259kt\u0259blil\u0259ri bu il d\u0259 q\u0259zal\u0131 binada d\u0259rs ke\u00e7irl\u0259r - MEYDAN.TV","isPartOf":{"@id":"https:\/\/www.meydan.tv\/az\/#website"},"primaryImageOfPage":{"@id":"https:\/\/www.meydan.tv\/az\/article\/goytepe-mekteblileri-bu-il-de-qezali-binada-ders-kecirler\/#primaryimage"},"image":{"@id":"https:\/\/www.meydan.tv\/az\/article\/goytepe-mekteblileri-bu-il-de-qezali-binada-ders-kecirler\/#primaryimage"},"thumbnailUrl":"https:\/\/www.meydan.tv\/wp-content\/uploads\/image-17-09-23-12-10-2.jpeg","datePublished":"2023-09-19T09:03:00+00:00","dateModified":"2023-09-19T09:03:04+00:00","breadcrumb":{"@id":"https:\/\/www.meydan.tv\/az\/article\/goytepe-mekteblileri-bu-il-de-qezali-binada-ders-kecirler\/#breadcrumb"},"inLanguage":"az","potentialAction":[{"@type":"ReadAction","target":["https:\/\/www.meydan.tv\/az\/article\/goytepe-mekteblileri-bu-il-de-qezali-binada-ders-kecirler\/"]}]},{"@type":"ImageObject","inLanguage":"az","@id":"https:\/\/www.meydan.tv\/az\/article\/goytepe-mekteblileri-bu-il-de-qezali-binada-ders-kecirler\/#primaryimage","url":"https:\/\/www.meydan.tv\/wp-content\/uploads\/image-17-09-23-12-10-2.jpeg","contentUrl":"https:\/\/www.meydan.tv\/wp-content\/uploads\/image-17-09-23-12-10-2.jpeg","width":719,"height":383,"caption":"Fotolar: Meydan TV"},{"@type":"BreadcrumbList","@id":"https:\/\/www.meydan.tv\/az\/article\/goytepe-mekteblileri-bu-il-de-qezali-binada-ders-kecirler\/#breadcrumb","itemListElement":[{"@type":"ListItem","position":1,"name":"Ana s\u0259hif\u0259","item":"https:\/\/www.meydan.tv\/az\/"},{"@type":"ListItem","position":2,"name":"B\u00f6lg\u0259","item":"https:\/\/www.meydan.tv\/az\/section\/bolge\/"},{"@type":"ListItem","position":3,"name":"G\u00f6yt\u0259p\u0259 m\u0259kt\u0259blil\u0259ri bu il d\u0259 q\u0259zal\u0131 binada d\u0259rs ke\u00e7irl\u0259r"}]},{"@type":"WebSite","@id":"https:\/\/www.meydan.tv\/az\/#website","url":"https:\/\/www.meydan.tv\/az\/","name":"MEYDAN.TV","description":"Meydan TV Az\u0259rbaycan\u0131n media m\u0259kan\u0131ndak\u0131 alternativ s\u0259sidir","publisher":{"@id":"https:\/\/www.meydan.tv\/az\/#organization"},"potentialAction":[{"@type":"SearchAction","target":{"@type":"EntryPoint","urlTemplate":"https:\/\/www.meydan.tv\/az\/?s={search_term_string}"},"query-input":{"@type":"PropertyValueSpecification","valueRequired":true,"valueName":"search_term_string"}}],"inLanguage":"az"},{"@type":"Organization","@id":"https:\/\/www.meydan.tv\/az\/#organization","name":"Meydan TV","url":"https:\/\/www.meydan.tv\/az\/","logo":{"@type":"ImageObject","inLanguage":"az","@id":"https:\/\/www.meydan.tv\/az\/#\/schema\/logo\/image\/","url":"https:\/\/www.meydan.tv\/wp-content\/uploads\/2021\/07\/meydan-logo.svg","contentUrl":"https:\/\/www.meydan.tv\/wp-content\/uploads\/2021\/07\/meydan-logo.svg","width":195,"height":46,"caption":"Meydan TV"},"image":{"@id":"https:\/\/www.meydan.tv\/az\/#\/schema\/logo\/image\/"}},{"@type":"Person","@id":"https:\/\/www.meydan.tv\/az\/#\/schema\/person\/9cdbecf90d17180ce1dfbd95b08dcf47","name":"elli","sameAs":["https:\/\/x.com\/elli"]}]}},"_links":{"self":[{"href":"https:\/\/www.meydan.tv\/az\/wp-json\/wp\/v2\/posts\/285113","targetHints":{"allow":["GET"]}}],"collection":[{"href":"https:\/\/www.meydan.tv\/az\/wp-json\/wp\/v2\/posts"}],"about":[{"href":"https:\/\/www.meydan.tv\/az\/wp-json\/wp\/v2\/types\/post"}],"author":[{"embeddable":true,"href":"https:\/\/www.meydan.tv\/az\/wp-json\/wp\/v2\/users\/8"}],"replies":[{"embeddable":true,"href":"https:\/\/www.meydan.tv\/az\/wp-json\/wp\/v2\/comments?post=285113"}],"version-history":[{"count":3,"href":"https:\/\/www.meydan.tv\/az\/wp-json\/wp\/v2\/posts\/285113\/revisions"}],"predecessor-version":[{"id":285117,"href":"https:\/\/www.meydan.tv\/az\/wp-json\/wp\/v2\/posts\/285113\/revisions\/285117"}],"wp:featuredmedia":[{"embeddable":true,"href":"https:\/\/www.meydan.tv\/az\/wp-json\/wp\/v2\/media\/285110"}],"wp:attachment":[{"href":"https:\/\/www.meydan.tv\/az\/wp-json\/wp\/v2\/media?parent=285113"}],"wp:term":[{"taxonomy":"category","embeddable":true,"href":"https:\/\/www.meydan.tv\/az\/wp-json\/wp\/v2\/categories?post=285113"},{"taxonomy":"post_tag","embeddable":true,"href":"https:\/\/www.meydan.tv\/az\/wp-json\/wp\/v2\/tags?post=285113"}],"curies":[{"name":"wp","href":"https:\/\/api.w.org\/{rel}","templated":true}]}}