{"id":285052,"date":"2023-09-18T17:54:54","date_gmt":"2023-09-18T13:54:54","guid":{"rendered":"https:\/\/www.meydan.tv\/?p=285052"},"modified":"2023-09-18T17:54:59","modified_gmt":"2023-09-18T13:54:59","slug":"son-penn-oskar-heykelciyini-zelenskiye-bagislayib","status":"publish","type":"post","link":"https:\/\/www.meydan.tv\/az\/article\/son-penn-oskar-heykelciyini-zelenskiye-bagislayib\/","title":{"rendered":"\u015eon Penn \u201cOskar\u201d heyk\u0259lciyini Zelenskiy\u0259 ba\u011f\u0131\u015flay\u0131b"},"content":{"rendered":"\n<p><\/p>\n\n\n\n<p><strong><em>&#8220;Zelenskiy\u0259 dedim ki, heyk\u0259li saxla v\u0259&#8230;&#8221;<\/em><\/strong><\/p>\n\n\n\n<p>Amerikal\u0131 aktyor, kinorejissor v\u0259 ssenarist \u015eon Penn Ukraynadak\u0131 h\u0259rbi \u0259m\u0259liyyatlardan dan\u0131\u015f\u0131b.<\/p>\n\n\n\n<p>O, \u201cVariety\u201d n\u0259\u015frin\u0259 m\u00fcsahib\u0259sind\u0259 Ukrayna Prezidenti Volodimir Zelenskiy\u0259 olan r\u0259\u011fb\u0259tind\u0259n s\u00f6z a\u00e7\u0131b.<\/p>\n\n\n\n<p>\u018flav\u0259 edib ki, bu ilin \u0259vv\u0259lind\u0259 Amerika Kino Akademiyas\u0131n\u0131n \u201cOskar\u201d m\u00fckafat\u0131n\u0131n t\u0259qdimetm\u0259 m\u0259rasimind\u0259 Zelenskinin \u00e7\u0131x\u0131\u015f\u0131na n\u00f6vb\u0259ti d\u0259f\u0259 raz\u0131l\u0131q verm\u0259dikl\u0259rin\u0259 g\u00f6r\u0259 \u00e7ox <a href=\"https:\/\/variety.com\/2023\/film\/features\/sean-penn-slams-will-smith-slap-ai-oscars-1235720417\/\">q\u0259z\u0259bl\u0259nib.<\/a><\/p>\n\n\n\n<p>\u201cHarvey Milk\u201d v\u0259 \u201cMystic River\u201d filml\u0259rind\u0259 ba\u015f rollara g\u00f6r\u0259 \u201cOskar\u201d m\u00fckafat\u0131 alan \u015eon Penn heyk\u0259lcikl\u0259rd\u0259n birini Zelenskiy\u0259 verib.<\/p>\n\n\n\n<p>\u201c<em>\u018fvv\u0259lc\u0259 ist\u0259dim ki, heyk\u0259lcikl\u0259ri Ukraynaya verim, \u0259ridib g\u00fcll\u0259 d\u00fcz\u0259ltsinl\u0259r, sonra da ruslara at\u0259\u015f a\u00e7s\u0131nlar. Lakin fikrimi d\u0259yi\u015fdim, heyk\u0259lin birini Zelenskiy\u0259 h\u0259diyy\u0259 etdim. Dedim ki, heyk\u0259li saxla v\u0259 b\u00fct\u00fcn bunlar bit\u0259nd\u0259n, \u00f6lk\u0259 t\u0259hl\u00fck\u0259sizlikd\u0259 olandan sonra Malibuya geri g\u0259tir\u201d,<\/em> &#8211; \u015eon Penn deyib.<\/p>\n\n\n<div class=\"wp-block-image\">\n<figure class=\"aligncenter size-large\"><img decoding=\"async\" width=\"1200\" height=\"597\" data-src=\"https:\/\/www.meydan.tv\/wp-content\/uploads\/bffea81f-c4d2-46f5-ba00-8e77a6b84f35-e1678703888203-1200x597.jpeg\" alt=\"Oskar\" class=\"wp-image-157781 lazyload\" src=\"data:image\/svg+xml;base64,PHN2ZyB3aWR0aD0iMSIgaGVpZ2h0PSIxIiB4bWxucz0iaHR0cDovL3d3dy53My5vcmcvMjAwMC9zdmciPjwvc3ZnPg==\" style=\"--smush-placeholder-width: 1200px; --smush-placeholder-aspect-ratio: 1200\/597;\" \/><figcaption class=\"wp-element-caption\">Foto: Oscar<\/figcaption><\/figure>\n<\/div>\n\n\n<p>Rusiya 2022-ci il fevral\u0131n 24-d\u0259 Ukraynaya qar\u015f\u0131 m\u00fcharib\u0259y\u0259 ba\u015flay\u0131b v\u0259 bundan sonra bir s\u0131ra beyn\u0259lxalq \u0259h\u0259miyy\u0259tli m\u0259d\u0259niyy\u0259t t\u0259dbirl\u0259rind\u0259n k\u0259narla\u015fd\u0131r\u0131l\u0131b.<\/p>\n\n\n\n<p>Ukrayna Prezidenti Volodimir Zelenski is\u0259 beyn\u0259lxalq m\u0259d\u0259ni t\u0259dbirl\u0259rd\u0259 videom\u00fcraci\u0259tl\u0259 \u00e7\u0131x\u0131\u015flar ed\u0259r\u0259k d\u00fcnyan\u0131n diqq\u0259tini \u00f6lk\u0259sind\u0259 ba\u015f ver\u0259n h\u0259rbi \u0259m\u0259liyyatlara c\u0259lb etm\u0259y\u0259 \u00e7al\u0131\u015f\u0131b.<\/p>\n\n\n\n<p>Zelenskinin 2022-ci ild\u0259 \u201cQremmi\u201d m\u0259rasimind\u0259 videom\u00fcraci\u0259ti d\u0259 bu <a href=\"https:\/\/d9mc3ts4czbpr.cloudfront.net\/az\/article\/zelenski-qremmi-meraisminde-videomuraciet-edib\/\">q\u0259bild\u0259ndir.<\/a><\/p>\n\n\n\n<p>O, 2022-2023-c\u00fc ill\u0259rd\u0259 is\u0259 Amerika Kino Akademiyas\u0131n\u0131n \u201cOskar\u201d m\u00fckafat\u0131n\u0131n t\u0259qdimetm\u0259 m\u0259rasimind\u0259 \u00e7\u0131x\u0131\u015f \u00fc\u00e7\u00fcn m\u00fcraci\u0259t ets\u0259 d\u0259, imtina cavab\u0131 al\u0131b.<\/p>\n\n\n\n<p>\u015eon Penn m\u00fcharib\u0259nin ilk g\u00fcnl\u0259rind\u0259n Ukrayanaya d\u0259st\u0259k olur. H\u0259tta m\u00fcharib\u0259 ba\u015flayandan bir g\u00fcn sonra Kiyev\u0259 gedib, Zelenski il\u0259 g\u00f6r\u00fc\u015f\u00fcb.<\/p>\n","protected":false},"excerpt":{"rendered":"<p>&#8220;Zelenskiy\u0259 dedim ki, heyk\u0259li saxla v\u0259&#8230;&#8221; Amerikal\u0131 aktyor, kinorejissor v\u0259 &#8230; <\/p>\n<p class=\"read-more-container\"><a title=\"\u015eon Penn \u201cOskar\u201d heyk\u0259lciyini Zelenskiy\u0259 ba\u011f\u0131\u015flay\u0131b\" class=\"read-more button\" href=\"https:\/\/www.meydan.tv\/az\/article\/son-penn-oskar-heykelciyini-zelenskiye-bagislayib\/#more-285052\" aria-label=\"Read more about \u015eon Penn \u201cOskar\u201d heyk\u0259lciyini Zelenskiy\u0259 ba\u011f\u0131\u015flay\u0131b\">Davam\u0131<\/a><\/p>\n","protected":false},"author":8,"featured_media":235966,"comment_status":"closed","ping_status":"closed","sticky":false,"template":"","format":"standard","meta":{"_acf_changed":false,"_sitemap_exclude":false,"_sitemap_priority":"","_sitemap_frequency":"","footnotes":""},"categories":[64,52,56],"tags":[],"class_list":["post-285052","post","type-post","status-publish","format-standard","has-post-thumbnail","hentry","category-dunya","category-medeniyyet","category-xeberler","infinite-scroll-item","generate-columns","tablet-grid-50","mobile-grid-100","grid-parent","grid-33","no-featured-image-padding"],"acf":[],"yoast_head":"<!-- This site is optimized with the Yoast SEO plugin v27.4 - https:\/\/yoast.com\/product\/yoast-seo-wordpress\/ -->\n<title>\u015eon Penn \u201cOskar\u201d heyk\u0259lciyini Zelenskiy\u0259 ba\u011f\u0131\u015flay\u0131b - MEYDAN.TV<\/title>\n<meta name=\"robots\" content=\"index, follow, max-snippet:-1, max-image-preview:large, max-video-preview:-1\" \/>\n<link rel=\"canonical\" href=\"https:\/\/www.meydan.tv\/az\/article\/son-penn-oskar-heykelciyini-zelenskiye-bagislayib\/\" \/>\n<meta property=\"og:locale\" content=\"az_AZ\" \/>\n<meta property=\"og:type\" content=\"article\" \/>\n<meta property=\"og:title\" content=\"\u015eon Penn \u201cOskar\u201d heyk\u0259lciyini Zelenskiy\u0259 ba\u011f\u0131\u015flay\u0131b - MEYDAN.TV\" \/>\n<meta property=\"og:description\" content=\"&#8220;Zelenskiy\u0259 dedim ki, heyk\u0259li saxla v\u0259&#8230;&#8221; Amerikal\u0131 aktyor, kinorejissor v\u0259 ... Davam\u0131\" \/>\n<meta property=\"og:url\" content=\"https:\/\/www.meydan.tv\/az\/article\/son-penn-oskar-heykelciyini-zelenskiye-bagislayib\/\" \/>\n<meta property=\"og:site_name\" content=\"MEYDAN.TV\" \/>\n<meta property=\"article:published_time\" content=\"2023-09-18T13:54:54+00:00\" \/>\n<meta property=\"article:modified_time\" content=\"2023-09-18T13:54:59+00:00\" \/>\n<meta property=\"og:image\" content=\"https:\/\/www.meydan.tv\/wp-content\/uploads\/shutterstock_361449011-e1645789448476.jpg\" \/>\n\t<meta property=\"og:image:width\" content=\"1200\" \/>\n\t<meta property=\"og:image:height\" content=\"636\" \/>\n\t<meta property=\"og:image:type\" content=\"image\/jpeg\" \/>\n<meta name=\"author\" content=\"elli\" \/>\n<meta name=\"twitter:card\" content=\"summary_large_image\" \/>\n<meta name=\"twitter:creator\" content=\"@elli\" \/>\n<script type=\"application\/ld+json\" class=\"yoast-schema-graph\">{\"@context\":\"https:\\\/\\\/schema.org\",\"@graph\":[{\"@type\":\"Article\",\"@id\":\"https:\\\/\\\/www.meydan.tv\\\/az\\\/article\\\/son-penn-oskar-heykelciyini-zelenskiye-bagislayib\\\/#article\",\"isPartOf\":{\"@id\":\"https:\\\/\\\/www.meydan.tv\\\/az\\\/article\\\/son-penn-oskar-heykelciyini-zelenskiye-bagislayib\\\/\"},\"author\":{\"name\":\"elli\",\"@id\":\"https:\\\/\\\/www.meydan.tv\\\/az\\\/#\\\/schema\\\/person\\\/9cdbecf90d17180ce1dfbd95b08dcf47\"},\"headline\":\"\u015eon Penn \u201cOskar\u201d heyk\u0259lciyini Zelenskiy\u0259 ba\u011f\u0131\u015flay\u0131b\",\"datePublished\":\"2023-09-18T13:54:54+00:00\",\"dateModified\":\"2023-09-18T13:54:59+00:00\",\"mainEntityOfPage\":{\"@id\":\"https:\\\/\\\/www.meydan.tv\\\/az\\\/article\\\/son-penn-oskar-heykelciyini-zelenskiye-bagislayib\\\/\"},\"wordCount\":339,\"publisher\":{\"@id\":\"https:\\\/\\\/www.meydan.tv\\\/az\\\/#organization\"},\"image\":{\"@id\":\"https:\\\/\\\/www.meydan.tv\\\/az\\\/article\\\/son-penn-oskar-heykelciyini-zelenskiye-bagislayib\\\/#primaryimage\"},\"thumbnailUrl\":\"https:\\\/\\\/www.meydan.tv\\\/wp-content\\\/uploads\\\/shutterstock_361449011-e1645789448476.jpg\",\"articleSection\":[\"D\u00fcnya\",\"M\u0259d\u0259niyy\u0259t\",\"X\u0259b\u0259rl\u0259r\"],\"inLanguage\":\"az\"},{\"@type\":\"WebPage\",\"@id\":\"https:\\\/\\\/www.meydan.tv\\\/az\\\/article\\\/son-penn-oskar-heykelciyini-zelenskiye-bagislayib\\\/\",\"url\":\"https:\\\/\\\/www.meydan.tv\\\/az\\\/article\\\/son-penn-oskar-heykelciyini-zelenskiye-bagislayib\\\/\",\"name\":\"\u015eon Penn \u201cOskar\u201d heyk\u0259lciyini Zelenskiy\u0259 ba\u011f\u0131\u015flay\u0131b - MEYDAN.TV\",\"isPartOf\":{\"@id\":\"https:\\\/\\\/www.meydan.tv\\\/az\\\/#website\"},\"primaryImageOfPage\":{\"@id\":\"https:\\\/\\\/www.meydan.tv\\\/az\\\/article\\\/son-penn-oskar-heykelciyini-zelenskiye-bagislayib\\\/#primaryimage\"},\"image\":{\"@id\":\"https:\\\/\\\/www.meydan.tv\\\/az\\\/article\\\/son-penn-oskar-heykelciyini-zelenskiye-bagislayib\\\/#primaryimage\"},\"thumbnailUrl\":\"https:\\\/\\\/www.meydan.tv\\\/wp-content\\\/uploads\\\/shutterstock_361449011-e1645789448476.jpg\",\"datePublished\":\"2023-09-18T13:54:54+00:00\",\"dateModified\":\"2023-09-18T13:54:59+00:00\",\"breadcrumb\":{\"@id\":\"https:\\\/\\\/www.meydan.tv\\\/az\\\/article\\\/son-penn-oskar-heykelciyini-zelenskiye-bagislayib\\\/#breadcrumb\"},\"inLanguage\":\"az\",\"potentialAction\":[{\"@type\":\"ReadAction\",\"target\":[\"https:\\\/\\\/www.meydan.tv\\\/az\\\/article\\\/son-penn-oskar-heykelciyini-zelenskiye-bagislayib\\\/\"]}]},{\"@type\":\"ImageObject\",\"inLanguage\":\"az\",\"@id\":\"https:\\\/\\\/www.meydan.tv\\\/az\\\/article\\\/son-penn-oskar-heykelciyini-zelenskiye-bagislayib\\\/#primaryimage\",\"url\":\"https:\\\/\\\/www.meydan.tv\\\/wp-content\\\/uploads\\\/shutterstock_361449011-e1645789448476.jpg\",\"contentUrl\":\"https:\\\/\\\/www.meydan.tv\\\/wp-content\\\/uploads\\\/shutterstock_361449011-e1645789448476.jpg\",\"width\":1200,\"height\":636,\"caption\":\"\u015eon Penn. Frippitaun\\\/shutterstock\"},{\"@type\":\"BreadcrumbList\",\"@id\":\"https:\\\/\\\/www.meydan.tv\\\/az\\\/article\\\/son-penn-oskar-heykelciyini-zelenskiye-bagislayib\\\/#breadcrumb\",\"itemListElement\":[{\"@type\":\"ListItem\",\"position\":1,\"name\":\"Ana s\u0259hif\u0259\",\"item\":\"https:\\\/\\\/www.meydan.tv\\\/az\\\/\"},{\"@type\":\"ListItem\",\"position\":2,\"name\":\"M\u0259d\u0259niyy\u0259t\",\"item\":\"https:\\\/\\\/www.meydan.tv\\\/az\\\/section\\\/medeniyyet\\\/\"},{\"@type\":\"ListItem\",\"position\":3,\"name\":\"\u015eon Penn \u201cOskar\u201d heyk\u0259lciyini Zelenskiy\u0259 ba\u011f\u0131\u015flay\u0131b\"}]},{\"@type\":\"WebSite\",\"@id\":\"https:\\\/\\\/www.meydan.tv\\\/az\\\/#website\",\"url\":\"https:\\\/\\\/www.meydan.tv\\\/az\\\/\",\"name\":\"MEYDAN.TV\",\"description\":\"Meydan TV Az\u0259rbaycan\u0131n media m\u0259kan\u0131ndak\u0131 alternativ s\u0259sidir\",\"publisher\":{\"@id\":\"https:\\\/\\\/www.meydan.tv\\\/az\\\/#organization\"},\"potentialAction\":[{\"@type\":\"SearchAction\",\"target\":{\"@type\":\"EntryPoint\",\"urlTemplate\":\"https:\\\/\\\/www.meydan.tv\\\/az\\\/?s={search_term_string}\"},\"query-input\":{\"@type\":\"PropertyValueSpecification\",\"valueRequired\":true,\"valueName\":\"search_term_string\"}}],\"inLanguage\":\"az\"},{\"@type\":\"Organization\",\"@id\":\"https:\\\/\\\/www.meydan.tv\\\/az\\\/#organization\",\"name\":\"Meydan TV\",\"url\":\"https:\\\/\\\/www.meydan.tv\\\/az\\\/\",\"logo\":{\"@type\":\"ImageObject\",\"inLanguage\":\"az\",\"@id\":\"https:\\\/\\\/www.meydan.tv\\\/az\\\/#\\\/schema\\\/logo\\\/image\\\/\",\"url\":\"https:\\\/\\\/www.meydan.tv\\\/wp-content\\\/uploads\\\/2021\\\/07\\\/meydan-logo.svg\",\"contentUrl\":\"https:\\\/\\\/www.meydan.tv\\\/wp-content\\\/uploads\\\/2021\\\/07\\\/meydan-logo.svg\",\"width\":195,\"height\":46,\"caption\":\"Meydan TV\"},\"image\":{\"@id\":\"https:\\\/\\\/www.meydan.tv\\\/az\\\/#\\\/schema\\\/logo\\\/image\\\/\"}},{\"@type\":\"Person\",\"@id\":\"https:\\\/\\\/www.meydan.tv\\\/az\\\/#\\\/schema\\\/person\\\/9cdbecf90d17180ce1dfbd95b08dcf47\",\"name\":\"elli\",\"sameAs\":[\"https:\\\/\\\/x.com\\\/elli\"]}]}<\/script>\n<!-- \/ Yoast SEO plugin. -->","yoast_head_json":{"title":"\u015eon Penn \u201cOskar\u201d heyk\u0259lciyini Zelenskiy\u0259 ba\u011f\u0131\u015flay\u0131b - MEYDAN.TV","robots":{"index":"index","follow":"follow","max-snippet":"max-snippet:-1","max-image-preview":"max-image-preview:large","max-video-preview":"max-video-preview:-1"},"canonical":"https:\/\/www.meydan.tv\/az\/article\/son-penn-oskar-heykelciyini-zelenskiye-bagislayib\/","og_locale":"az_AZ","og_type":"article","og_title":"\u015eon Penn \u201cOskar\u201d heyk\u0259lciyini Zelenskiy\u0259 ba\u011f\u0131\u015flay\u0131b - MEYDAN.TV","og_description":"&#8220;Zelenskiy\u0259 dedim ki, heyk\u0259li saxla v\u0259&#8230;&#8221; Amerikal\u0131 aktyor, kinorejissor v\u0259 ... Davam\u0131","og_url":"https:\/\/www.meydan.tv\/az\/article\/son-penn-oskar-heykelciyini-zelenskiye-bagislayib\/","og_site_name":"MEYDAN.TV","article_published_time":"2023-09-18T13:54:54+00:00","article_modified_time":"2023-09-18T13:54:59+00:00","og_image":[{"width":1200,"height":636,"url":"https:\/\/www.meydan.tv\/wp-content\/uploads\/shutterstock_361449011-e1645789448476.jpg","type":"image\/jpeg"}],"author":"elli","twitter_card":"summary_large_image","twitter_creator":"@elli","schema":{"@context":"https:\/\/schema.org","@graph":[{"@type":"Article","@id":"https:\/\/www.meydan.tv\/az\/article\/son-penn-oskar-heykelciyini-zelenskiye-bagislayib\/#article","isPartOf":{"@id":"https:\/\/www.meydan.tv\/az\/article\/son-penn-oskar-heykelciyini-zelenskiye-bagislayib\/"},"author":{"name":"elli","@id":"https:\/\/www.meydan.tv\/az\/#\/schema\/person\/9cdbecf90d17180ce1dfbd95b08dcf47"},"headline":"\u015eon Penn \u201cOskar\u201d heyk\u0259lciyini Zelenskiy\u0259 ba\u011f\u0131\u015flay\u0131b","datePublished":"2023-09-18T13:54:54+00:00","dateModified":"2023-09-18T13:54:59+00:00","mainEntityOfPage":{"@id":"https:\/\/www.meydan.tv\/az\/article\/son-penn-oskar-heykelciyini-zelenskiye-bagislayib\/"},"wordCount":339,"publisher":{"@id":"https:\/\/www.meydan.tv\/az\/#organization"},"image":{"@id":"https:\/\/www.meydan.tv\/az\/article\/son-penn-oskar-heykelciyini-zelenskiye-bagislayib\/#primaryimage"},"thumbnailUrl":"https:\/\/www.meydan.tv\/wp-content\/uploads\/shutterstock_361449011-e1645789448476.jpg","articleSection":["D\u00fcnya","M\u0259d\u0259niyy\u0259t","X\u0259b\u0259rl\u0259r"],"inLanguage":"az"},{"@type":"WebPage","@id":"https:\/\/www.meydan.tv\/az\/article\/son-penn-oskar-heykelciyini-zelenskiye-bagislayib\/","url":"https:\/\/www.meydan.tv\/az\/article\/son-penn-oskar-heykelciyini-zelenskiye-bagislayib\/","name":"\u015eon Penn \u201cOskar\u201d heyk\u0259lciyini Zelenskiy\u0259 ba\u011f\u0131\u015flay\u0131b - MEYDAN.TV","isPartOf":{"@id":"https:\/\/www.meydan.tv\/az\/#website"},"primaryImageOfPage":{"@id":"https:\/\/www.meydan.tv\/az\/article\/son-penn-oskar-heykelciyini-zelenskiye-bagislayib\/#primaryimage"},"image":{"@id":"https:\/\/www.meydan.tv\/az\/article\/son-penn-oskar-heykelciyini-zelenskiye-bagislayib\/#primaryimage"},"thumbnailUrl":"https:\/\/www.meydan.tv\/wp-content\/uploads\/shutterstock_361449011-e1645789448476.jpg","datePublished":"2023-09-18T13:54:54+00:00","dateModified":"2023-09-18T13:54:59+00:00","breadcrumb":{"@id":"https:\/\/www.meydan.tv\/az\/article\/son-penn-oskar-heykelciyini-zelenskiye-bagislayib\/#breadcrumb"},"inLanguage":"az","potentialAction":[{"@type":"ReadAction","target":["https:\/\/www.meydan.tv\/az\/article\/son-penn-oskar-heykelciyini-zelenskiye-bagislayib\/"]}]},{"@type":"ImageObject","inLanguage":"az","@id":"https:\/\/www.meydan.tv\/az\/article\/son-penn-oskar-heykelciyini-zelenskiye-bagislayib\/#primaryimage","url":"https:\/\/www.meydan.tv\/wp-content\/uploads\/shutterstock_361449011-e1645789448476.jpg","contentUrl":"https:\/\/www.meydan.tv\/wp-content\/uploads\/shutterstock_361449011-e1645789448476.jpg","width":1200,"height":636,"caption":"\u015eon Penn. Frippitaun\/shutterstock"},{"@type":"BreadcrumbList","@id":"https:\/\/www.meydan.tv\/az\/article\/son-penn-oskar-heykelciyini-zelenskiye-bagislayib\/#breadcrumb","itemListElement":[{"@type":"ListItem","position":1,"name":"Ana s\u0259hif\u0259","item":"https:\/\/www.meydan.tv\/az\/"},{"@type":"ListItem","position":2,"name":"M\u0259d\u0259niyy\u0259t","item":"https:\/\/www.meydan.tv\/az\/section\/medeniyyet\/"},{"@type":"ListItem","position":3,"name":"\u015eon Penn \u201cOskar\u201d heyk\u0259lciyini Zelenskiy\u0259 ba\u011f\u0131\u015flay\u0131b"}]},{"@type":"WebSite","@id":"https:\/\/www.meydan.tv\/az\/#website","url":"https:\/\/www.meydan.tv\/az\/","name":"MEYDAN.TV","description":"Meydan TV Az\u0259rbaycan\u0131n media m\u0259kan\u0131ndak\u0131 alternativ s\u0259sidir","publisher":{"@id":"https:\/\/www.meydan.tv\/az\/#organization"},"potentialAction":[{"@type":"SearchAction","target":{"@type":"EntryPoint","urlTemplate":"https:\/\/www.meydan.tv\/az\/?s={search_term_string}"},"query-input":{"@type":"PropertyValueSpecification","valueRequired":true,"valueName":"search_term_string"}}],"inLanguage":"az"},{"@type":"Organization","@id":"https:\/\/www.meydan.tv\/az\/#organization","name":"Meydan TV","url":"https:\/\/www.meydan.tv\/az\/","logo":{"@type":"ImageObject","inLanguage":"az","@id":"https:\/\/www.meydan.tv\/az\/#\/schema\/logo\/image\/","url":"https:\/\/www.meydan.tv\/wp-content\/uploads\/2021\/07\/meydan-logo.svg","contentUrl":"https:\/\/www.meydan.tv\/wp-content\/uploads\/2021\/07\/meydan-logo.svg","width":195,"height":46,"caption":"Meydan TV"},"image":{"@id":"https:\/\/www.meydan.tv\/az\/#\/schema\/logo\/image\/"}},{"@type":"Person","@id":"https:\/\/www.meydan.tv\/az\/#\/schema\/person\/9cdbecf90d17180ce1dfbd95b08dcf47","name":"elli","sameAs":["https:\/\/x.com\/elli"]}]}},"_links":{"self":[{"href":"https:\/\/www.meydan.tv\/az\/wp-json\/wp\/v2\/posts\/285052","targetHints":{"allow":["GET"]}}],"collection":[{"href":"https:\/\/www.meydan.tv\/az\/wp-json\/wp\/v2\/posts"}],"about":[{"href":"https:\/\/www.meydan.tv\/az\/wp-json\/wp\/v2\/types\/post"}],"author":[{"embeddable":true,"href":"https:\/\/www.meydan.tv\/az\/wp-json\/wp\/v2\/users\/8"}],"replies":[{"embeddable":true,"href":"https:\/\/www.meydan.tv\/az\/wp-json\/wp\/v2\/comments?post=285052"}],"version-history":[{"count":2,"href":"https:\/\/www.meydan.tv\/az\/wp-json\/wp\/v2\/posts\/285052\/revisions"}],"predecessor-version":[{"id":285063,"href":"https:\/\/www.meydan.tv\/az\/wp-json\/wp\/v2\/posts\/285052\/revisions\/285063"}],"wp:featuredmedia":[{"embeddable":true,"href":"https:\/\/www.meydan.tv\/az\/wp-json\/wp\/v2\/media\/235966"}],"wp:attachment":[{"href":"https:\/\/www.meydan.tv\/az\/wp-json\/wp\/v2\/media?parent=285052"}],"wp:term":[{"taxonomy":"category","embeddable":true,"href":"https:\/\/www.meydan.tv\/az\/wp-json\/wp\/v2\/categories?post=285052"},{"taxonomy":"post_tag","embeddable":true,"href":"https:\/\/www.meydan.tv\/az\/wp-json\/wp\/v2\/tags?post=285052"}],"curies":[{"name":"wp","href":"https:\/\/api.w.org\/{rel}","templated":true}]}}