{"id":285036,"date":"2023-09-18T14:12:51","date_gmt":"2023-09-18T10:12:51","guid":{"rendered":"https:\/\/www.meydan.tv\/?p=285036"},"modified":"2023-09-18T14:12:55","modified_gmt":"2023-09-18T10:12:55","slug":"azerbaycanda-xv-beynelxalq-musiqi-festivali-kecirilir","status":"publish","type":"post","link":"https:\/\/www.meydan.tv\/az\/article\/azerbaycanda-xv-beynelxalq-musiqi-festivali-kecirilir\/","title":{"rendered":"Az\u0259rbaycanda XV Beyn\u0259lxalq Musiqi Festival\u0131 ke\u00e7irilir"},"content":{"rendered":"\n<p><\/p>\n\n\n\n<p><strong><em>Festival Milli Musiqi G\u00fcn\u00fc il\u0259 ba\u011fl\u0131d\u0131r<\/em><\/strong><\/p>\n\n\n\n<p>Sentyabr\u0131n 18-d\u0259 Az\u0259rbaycan professional musiqi s\u0259n\u0259tinin banisi \u00dczeyir Hac\u0131b\u0259ylinin do\u011fum g\u00fcn\u00fc &#8211; Milli Musiqi G\u00fcn\u00fc kimi qeyd olunur.<\/p>\n\n\n\n<p>Bu g\u00fcnd\u0259n Az\u0259rbaycanda \u00dczeyir Hac\u0131b\u0259yli XV Beyn\u0259lxalq Musiqi Festival\u0131 ba\u015flay\u0131b. Festival\u0131n sentyabr\u0131n 28-d\u0259k davam ed\u0259c\u0259yi bildirilir.<\/p>\n\n\n\n<p>M\u0259d\u0259niyy\u0259t Nazirliyi t\u0259r\u0259find\u0259n beyn\u0259lxalq festival\u0131n sayt\u0131 istifad\u0259y\u0259 <a href=\"https:\/\/uhf.culture.az\/#program-section\">verilib.<\/a><\/p>\n\n\n\n<p>Saytda festival\u0131n proqram\u0131, \u00dczeyir Hac\u0131b\u0259ylinin h\u0259yat v\u0259 yarad\u0131c\u0131l\u0131\u011f\u0131 haqq\u0131nda \u0259trafl\u0131 m\u0259lumat yerl\u0259\u015fdirilib.<\/p>\n\n\n\n<p>T\u0259dbirin t\u0259\u015fkilat\u00e7\u0131lar\u0131 Heyd\u0259r \u018fliyev Fondu il\u0259 M\u0259d\u0259niyy\u0259t Nazirliyidir.<\/p>\n\n\n\n<p>Festival \u00e7\u0259r\u00e7iv\u0259sind\u0259 Bak\u0131, G\u0259nc\u0259, \u015e\u0259mkir v\u0259 \u015eu\u015fada a\u00e7\u0131q havada v\u0259 m\u00fcxt\u0259lif m\u0259kanlarda konsertl\u0259r, tama\u015falar, s\u0259rgil\u0259r, elmi konfrans, ustad d\u0259rsl\u0259ri v\u0259 dig\u0259r t\u0259dbirl\u0259r n\u0259z\u0259rd\u0259 tutulub.<\/p>\n\n\n\n<p>Festival\u0131n ilk g\u00fcn\u00fc \u015eu\u015fada a\u00e7\u0131q havada Akademik Opera v\u0259 Balet Teatr\u0131n\u0131n t\u0259qdimat\u0131nda \u201cLeyli v\u0259 M\u0259cnun\u201d operas\u0131 n\u00fcmayi\u015f olunacaq.<\/p>\n\n\n\n<p>Bak\u0131da F\u0259vvar\u0259l\u0259r Meydan\u0131nda N\u0259f\u0259s Al\u0259tl\u0259ri Orkestri bayram konserti t\u0259qdim ed\u0259c\u0259k.<\/p>\n\n\n\n<p>Ax\u015fam is\u0259 Heyd\u0259r \u018fliyev Saray\u0131nda Xalq artisti Arif M\u0259likovun \u201cM\u0259h\u0259bb\u0259t \u0259fsan\u0259si\u201d baleti n\u00fcmayi\u015f olunacaq.<\/p>\n\n\n\n<p>Festival g\u00fcnl\u0259rind\u0259 Bak\u0131 \u015f\u0259h\u0259rind\u0259ki iri ticar\u0259t m\u0259rk\u0259zl\u0259rind\u0259 x\u00fcsusi ayr\u0131lm\u0131\u015f yerl\u0259rd\u0259 m\u00fc\u011f\u0259nnil\u0259rin ifas\u0131nda \u00dczeyir Hac\u0131b\u0259ylinin vokal \u0259s\u0259rl\u0259ri karaoke format\u0131nda s\u0259sl\u0259n\u0259c\u0259k v\u0259 arzu ed\u0259n h\u0259r k\u0259s bu karaokey\u0259 qo\u015fula bil\u0259c\u0259k.<\/p>\n\n\n\n<p>AB\u015e, Fransa, G\u00fcrc\u00fcstan, Xorvatiya, Rusiya, Sinqapur v\u0259 dig\u0259r \u00f6lk\u0259l\u0259rd\u0259n musiqi\u00e7i v\u0259 kollektivl\u0259rin d\u0259 i\u015ftirak etdiyi festival g\u00fcnl\u0259rind\u0259 M\u00fcsl\u00fcm Maqomayev ad\u0131na Az\u0259rbaycan D\u00f6vl\u0259t Akademik Filarmoniyas\u0131, Az\u0259rbaycan Milli \u0130nc\u0259s\u0259n\u0259t Muzeyi, Beyn\u0259lxalq Mu\u011fam M\u0259rk\u0259zi, Az\u0259rbaycan D\u00f6vl\u0259t Akademik Filarmoniyas\u0131n\u0131n Kamera v\u0259 Orqan Musiqisi Zal\u0131, \u00dczeyir Hac\u0131b\u0259yli ad\u0131na Bak\u0131 Musiqi Akademiyas\u0131n\u0131n Opera Studiyas\u0131nda v\u0259 dig\u0259r m\u0259kanlarda m\u00fcxt\u0259lif proqramlar t\u0259qdim olunacaq.<\/p>\n\n\n\n<p>\u00dczeyir Hac\u0131b\u0259yli 1885-ci il sentyabr\u0131n 18-d\u0259 A\u011fcab\u0259did\u0259 do\u011fulub.<\/p>\n","protected":false},"excerpt":{"rendered":"<p>Festival Milli Musiqi G\u00fcn\u00fc il\u0259 ba\u011fl\u0131d\u0131r Sentyabr\u0131n 18-d\u0259 Az\u0259rbaycan professional &#8230; <\/p>\n<p class=\"read-more-container\"><a title=\"Az\u0259rbaycanda XV Beyn\u0259lxalq Musiqi Festival\u0131 ke\u00e7irilir\" class=\"read-more button\" href=\"https:\/\/www.meydan.tv\/az\/article\/azerbaycanda-xv-beynelxalq-musiqi-festivali-kecirilir\/#more-285036\" aria-label=\"Read more about Az\u0259rbaycanda XV Beyn\u0259lxalq Musiqi Festival\u0131 ke\u00e7irilir\">Davam\u0131<\/a><\/p>\n","protected":false},"author":8,"featured_media":285037,"comment_status":"closed","ping_status":"closed","sticky":false,"template":"","format":"standard","meta":{"_acf_changed":false,"_sitemap_exclude":false,"_sitemap_priority":"","_sitemap_frequency":"","footnotes":""},"categories":[52,56],"tags":[],"class_list":["post-285036","post","type-post","status-publish","format-standard","has-post-thumbnail","hentry","category-medeniyyet","category-xeberler","infinite-scroll-item","generate-columns","tablet-grid-50","mobile-grid-100","grid-parent","grid-33","no-featured-image-padding"],"acf":[],"yoast_head":"<!-- This site is optimized with the Yoast SEO plugin v27.4 - https:\/\/yoast.com\/product\/yoast-seo-wordpress\/ -->\n<title>Az\u0259rbaycanda XV Beyn\u0259lxalq Musiqi Festival\u0131 ke\u00e7irilir - MEYDAN.TV<\/title>\n<meta name=\"robots\" content=\"index, follow, max-snippet:-1, max-image-preview:large, max-video-preview:-1\" \/>\n<link rel=\"canonical\" href=\"https:\/\/www.meydan.tv\/az\/article\/azerbaycanda-xv-beynelxalq-musiqi-festivali-kecirilir\/\" \/>\n<meta property=\"og:locale\" content=\"az_AZ\" \/>\n<meta property=\"og:type\" content=\"article\" \/>\n<meta property=\"og:title\" content=\"Az\u0259rbaycanda XV Beyn\u0259lxalq Musiqi Festival\u0131 ke\u00e7irilir - MEYDAN.TV\" \/>\n<meta property=\"og:description\" content=\"Festival Milli Musiqi G\u00fcn\u00fc il\u0259 ba\u011fl\u0131d\u0131r Sentyabr\u0131n 18-d\u0259 Az\u0259rbaycan professional ... Davam\u0131\" \/>\n<meta property=\"og:url\" content=\"https:\/\/www.meydan.tv\/az\/article\/azerbaycanda-xv-beynelxalq-musiqi-festivali-kecirilir\/\" \/>\n<meta property=\"og:site_name\" content=\"MEYDAN.TV\" \/>\n<meta property=\"article:published_time\" content=\"2023-09-18T10:12:51+00:00\" \/>\n<meta property=\"article:modified_time\" content=\"2023-09-18T10:12:55+00:00\" \/>\n<meta property=\"og:image\" content=\"https:\/\/www.meydan.tv\/wp-content\/uploads\/2021_09_15_417165_uzeyir_hacibeyovun_heykeli-e1695031320491.jpg\" \/>\n\t<meta property=\"og:image:width\" content=\"1200\" \/>\n\t<meta property=\"og:image:height\" content=\"490\" \/>\n\t<meta property=\"og:image:type\" content=\"image\/jpeg\" \/>\n<meta name=\"author\" content=\"elli\" \/>\n<meta name=\"twitter:card\" content=\"summary_large_image\" \/>\n<meta name=\"twitter:creator\" content=\"@elli\" \/>\n<script type=\"application\/ld+json\" class=\"yoast-schema-graph\">{\"@context\":\"https:\\\/\\\/schema.org\",\"@graph\":[{\"@type\":\"Article\",\"@id\":\"https:\\\/\\\/www.meydan.tv\\\/az\\\/article\\\/azerbaycanda-xv-beynelxalq-musiqi-festivali-kecirilir\\\/#article\",\"isPartOf\":{\"@id\":\"https:\\\/\\\/www.meydan.tv\\\/az\\\/article\\\/azerbaycanda-xv-beynelxalq-musiqi-festivali-kecirilir\\\/\"},\"author\":{\"name\":\"elli\",\"@id\":\"https:\\\/\\\/www.meydan.tv\\\/az\\\/#\\\/schema\\\/person\\\/9cdbecf90d17180ce1dfbd95b08dcf47\"},\"headline\":\"Az\u0259rbaycanda XV Beyn\u0259lxalq Musiqi Festival\u0131 ke\u00e7irilir\",\"datePublished\":\"2023-09-18T10:12:51+00:00\",\"dateModified\":\"2023-09-18T10:12:55+00:00\",\"mainEntityOfPage\":{\"@id\":\"https:\\\/\\\/www.meydan.tv\\\/az\\\/article\\\/azerbaycanda-xv-beynelxalq-musiqi-festivali-kecirilir\\\/\"},\"wordCount\":411,\"publisher\":{\"@id\":\"https:\\\/\\\/www.meydan.tv\\\/az\\\/#organization\"},\"image\":{\"@id\":\"https:\\\/\\\/www.meydan.tv\\\/az\\\/article\\\/azerbaycanda-xv-beynelxalq-musiqi-festivali-kecirilir\\\/#primaryimage\"},\"thumbnailUrl\":\"https:\\\/\\\/www.meydan.tv\\\/wp-content\\\/uploads\\\/2021_09_15_417165_uzeyir_hacibeyovun_heykeli-e1695031320491.jpg\",\"articleSection\":[\"M\u0259d\u0259niyy\u0259t\",\"X\u0259b\u0259rl\u0259r\"],\"inLanguage\":\"az\"},{\"@type\":\"WebPage\",\"@id\":\"https:\\\/\\\/www.meydan.tv\\\/az\\\/article\\\/azerbaycanda-xv-beynelxalq-musiqi-festivali-kecirilir\\\/\",\"url\":\"https:\\\/\\\/www.meydan.tv\\\/az\\\/article\\\/azerbaycanda-xv-beynelxalq-musiqi-festivali-kecirilir\\\/\",\"name\":\"Az\u0259rbaycanda XV Beyn\u0259lxalq Musiqi Festival\u0131 ke\u00e7irilir - MEYDAN.TV\",\"isPartOf\":{\"@id\":\"https:\\\/\\\/www.meydan.tv\\\/az\\\/#website\"},\"primaryImageOfPage\":{\"@id\":\"https:\\\/\\\/www.meydan.tv\\\/az\\\/article\\\/azerbaycanda-xv-beynelxalq-musiqi-festivali-kecirilir\\\/#primaryimage\"},\"image\":{\"@id\":\"https:\\\/\\\/www.meydan.tv\\\/az\\\/article\\\/azerbaycanda-xv-beynelxalq-musiqi-festivali-kecirilir\\\/#primaryimage\"},\"thumbnailUrl\":\"https:\\\/\\\/www.meydan.tv\\\/wp-content\\\/uploads\\\/2021_09_15_417165_uzeyir_hacibeyovun_heykeli-e1695031320491.jpg\",\"datePublished\":\"2023-09-18T10:12:51+00:00\",\"dateModified\":\"2023-09-18T10:12:55+00:00\",\"breadcrumb\":{\"@id\":\"https:\\\/\\\/www.meydan.tv\\\/az\\\/article\\\/azerbaycanda-xv-beynelxalq-musiqi-festivali-kecirilir\\\/#breadcrumb\"},\"inLanguage\":\"az\",\"potentialAction\":[{\"@type\":\"ReadAction\",\"target\":[\"https:\\\/\\\/www.meydan.tv\\\/az\\\/article\\\/azerbaycanda-xv-beynelxalq-musiqi-festivali-kecirilir\\\/\"]}]},{\"@type\":\"ImageObject\",\"inLanguage\":\"az\",\"@id\":\"https:\\\/\\\/www.meydan.tv\\\/az\\\/article\\\/azerbaycanda-xv-beynelxalq-musiqi-festivali-kecirilir\\\/#primaryimage\",\"url\":\"https:\\\/\\\/www.meydan.tv\\\/wp-content\\\/uploads\\\/2021_09_15_417165_uzeyir_hacibeyovun_heykeli-e1695031320491.jpg\",\"contentUrl\":\"https:\\\/\\\/www.meydan.tv\\\/wp-content\\\/uploads\\\/2021_09_15_417165_uzeyir_hacibeyovun_heykeli-e1695031320491.jpg\",\"width\":1200,\"height\":490,\"caption\":\"\u00dczeyir Hac\u0131b\u0259yli. Foto: Wiki\"},{\"@type\":\"BreadcrumbList\",\"@id\":\"https:\\\/\\\/www.meydan.tv\\\/az\\\/article\\\/azerbaycanda-xv-beynelxalq-musiqi-festivali-kecirilir\\\/#breadcrumb\",\"itemListElement\":[{\"@type\":\"ListItem\",\"position\":1,\"name\":\"Ana s\u0259hif\u0259\",\"item\":\"https:\\\/\\\/www.meydan.tv\\\/az\\\/\"},{\"@type\":\"ListItem\",\"position\":2,\"name\":\"M\u0259d\u0259niyy\u0259t\",\"item\":\"https:\\\/\\\/www.meydan.tv\\\/az\\\/section\\\/medeniyyet\\\/\"},{\"@type\":\"ListItem\",\"position\":3,\"name\":\"Az\u0259rbaycanda XV Beyn\u0259lxalq Musiqi Festival\u0131 ke\u00e7irilir\"}]},{\"@type\":\"WebSite\",\"@id\":\"https:\\\/\\\/www.meydan.tv\\\/az\\\/#website\",\"url\":\"https:\\\/\\\/www.meydan.tv\\\/az\\\/\",\"name\":\"MEYDAN.TV\",\"description\":\"Meydan TV Az\u0259rbaycan\u0131n media m\u0259kan\u0131ndak\u0131 alternativ s\u0259sidir\",\"publisher\":{\"@id\":\"https:\\\/\\\/www.meydan.tv\\\/az\\\/#organization\"},\"potentialAction\":[{\"@type\":\"SearchAction\",\"target\":{\"@type\":\"EntryPoint\",\"urlTemplate\":\"https:\\\/\\\/www.meydan.tv\\\/az\\\/?s={search_term_string}\"},\"query-input\":{\"@type\":\"PropertyValueSpecification\",\"valueRequired\":true,\"valueName\":\"search_term_string\"}}],\"inLanguage\":\"az\"},{\"@type\":\"Organization\",\"@id\":\"https:\\\/\\\/www.meydan.tv\\\/az\\\/#organization\",\"name\":\"Meydan TV\",\"url\":\"https:\\\/\\\/www.meydan.tv\\\/az\\\/\",\"logo\":{\"@type\":\"ImageObject\",\"inLanguage\":\"az\",\"@id\":\"https:\\\/\\\/www.meydan.tv\\\/az\\\/#\\\/schema\\\/logo\\\/image\\\/\",\"url\":\"https:\\\/\\\/www.meydan.tv\\\/wp-content\\\/uploads\\\/2021\\\/07\\\/meydan-logo.svg\",\"contentUrl\":\"https:\\\/\\\/www.meydan.tv\\\/wp-content\\\/uploads\\\/2021\\\/07\\\/meydan-logo.svg\",\"width\":195,\"height\":46,\"caption\":\"Meydan TV\"},\"image\":{\"@id\":\"https:\\\/\\\/www.meydan.tv\\\/az\\\/#\\\/schema\\\/logo\\\/image\\\/\"}},{\"@type\":\"Person\",\"@id\":\"https:\\\/\\\/www.meydan.tv\\\/az\\\/#\\\/schema\\\/person\\\/9cdbecf90d17180ce1dfbd95b08dcf47\",\"name\":\"elli\",\"sameAs\":[\"https:\\\/\\\/x.com\\\/elli\"]}]}<\/script>\n<!-- \/ Yoast SEO plugin. -->","yoast_head_json":{"title":"Az\u0259rbaycanda XV Beyn\u0259lxalq Musiqi Festival\u0131 ke\u00e7irilir - MEYDAN.TV","robots":{"index":"index","follow":"follow","max-snippet":"max-snippet:-1","max-image-preview":"max-image-preview:large","max-video-preview":"max-video-preview:-1"},"canonical":"https:\/\/www.meydan.tv\/az\/article\/azerbaycanda-xv-beynelxalq-musiqi-festivali-kecirilir\/","og_locale":"az_AZ","og_type":"article","og_title":"Az\u0259rbaycanda XV Beyn\u0259lxalq Musiqi Festival\u0131 ke\u00e7irilir - MEYDAN.TV","og_description":"Festival Milli Musiqi G\u00fcn\u00fc il\u0259 ba\u011fl\u0131d\u0131r Sentyabr\u0131n 18-d\u0259 Az\u0259rbaycan professional ... Davam\u0131","og_url":"https:\/\/www.meydan.tv\/az\/article\/azerbaycanda-xv-beynelxalq-musiqi-festivali-kecirilir\/","og_site_name":"MEYDAN.TV","article_published_time":"2023-09-18T10:12:51+00:00","article_modified_time":"2023-09-18T10:12:55+00:00","og_image":[{"width":1200,"height":490,"url":"https:\/\/www.meydan.tv\/wp-content\/uploads\/2021_09_15_417165_uzeyir_hacibeyovun_heykeli-e1695031320491.jpg","type":"image\/jpeg"}],"author":"elli","twitter_card":"summary_large_image","twitter_creator":"@elli","schema":{"@context":"https:\/\/schema.org","@graph":[{"@type":"Article","@id":"https:\/\/www.meydan.tv\/az\/article\/azerbaycanda-xv-beynelxalq-musiqi-festivali-kecirilir\/#article","isPartOf":{"@id":"https:\/\/www.meydan.tv\/az\/article\/azerbaycanda-xv-beynelxalq-musiqi-festivali-kecirilir\/"},"author":{"name":"elli","@id":"https:\/\/www.meydan.tv\/az\/#\/schema\/person\/9cdbecf90d17180ce1dfbd95b08dcf47"},"headline":"Az\u0259rbaycanda XV Beyn\u0259lxalq Musiqi Festival\u0131 ke\u00e7irilir","datePublished":"2023-09-18T10:12:51+00:00","dateModified":"2023-09-18T10:12:55+00:00","mainEntityOfPage":{"@id":"https:\/\/www.meydan.tv\/az\/article\/azerbaycanda-xv-beynelxalq-musiqi-festivali-kecirilir\/"},"wordCount":411,"publisher":{"@id":"https:\/\/www.meydan.tv\/az\/#organization"},"image":{"@id":"https:\/\/www.meydan.tv\/az\/article\/azerbaycanda-xv-beynelxalq-musiqi-festivali-kecirilir\/#primaryimage"},"thumbnailUrl":"https:\/\/www.meydan.tv\/wp-content\/uploads\/2021_09_15_417165_uzeyir_hacibeyovun_heykeli-e1695031320491.jpg","articleSection":["M\u0259d\u0259niyy\u0259t","X\u0259b\u0259rl\u0259r"],"inLanguage":"az"},{"@type":"WebPage","@id":"https:\/\/www.meydan.tv\/az\/article\/azerbaycanda-xv-beynelxalq-musiqi-festivali-kecirilir\/","url":"https:\/\/www.meydan.tv\/az\/article\/azerbaycanda-xv-beynelxalq-musiqi-festivali-kecirilir\/","name":"Az\u0259rbaycanda XV Beyn\u0259lxalq Musiqi Festival\u0131 ke\u00e7irilir - MEYDAN.TV","isPartOf":{"@id":"https:\/\/www.meydan.tv\/az\/#website"},"primaryImageOfPage":{"@id":"https:\/\/www.meydan.tv\/az\/article\/azerbaycanda-xv-beynelxalq-musiqi-festivali-kecirilir\/#primaryimage"},"image":{"@id":"https:\/\/www.meydan.tv\/az\/article\/azerbaycanda-xv-beynelxalq-musiqi-festivali-kecirilir\/#primaryimage"},"thumbnailUrl":"https:\/\/www.meydan.tv\/wp-content\/uploads\/2021_09_15_417165_uzeyir_hacibeyovun_heykeli-e1695031320491.jpg","datePublished":"2023-09-18T10:12:51+00:00","dateModified":"2023-09-18T10:12:55+00:00","breadcrumb":{"@id":"https:\/\/www.meydan.tv\/az\/article\/azerbaycanda-xv-beynelxalq-musiqi-festivali-kecirilir\/#breadcrumb"},"inLanguage":"az","potentialAction":[{"@type":"ReadAction","target":["https:\/\/www.meydan.tv\/az\/article\/azerbaycanda-xv-beynelxalq-musiqi-festivali-kecirilir\/"]}]},{"@type":"ImageObject","inLanguage":"az","@id":"https:\/\/www.meydan.tv\/az\/article\/azerbaycanda-xv-beynelxalq-musiqi-festivali-kecirilir\/#primaryimage","url":"https:\/\/www.meydan.tv\/wp-content\/uploads\/2021_09_15_417165_uzeyir_hacibeyovun_heykeli-e1695031320491.jpg","contentUrl":"https:\/\/www.meydan.tv\/wp-content\/uploads\/2021_09_15_417165_uzeyir_hacibeyovun_heykeli-e1695031320491.jpg","width":1200,"height":490,"caption":"\u00dczeyir Hac\u0131b\u0259yli. Foto: Wiki"},{"@type":"BreadcrumbList","@id":"https:\/\/www.meydan.tv\/az\/article\/azerbaycanda-xv-beynelxalq-musiqi-festivali-kecirilir\/#breadcrumb","itemListElement":[{"@type":"ListItem","position":1,"name":"Ana s\u0259hif\u0259","item":"https:\/\/www.meydan.tv\/az\/"},{"@type":"ListItem","position":2,"name":"M\u0259d\u0259niyy\u0259t","item":"https:\/\/www.meydan.tv\/az\/section\/medeniyyet\/"},{"@type":"ListItem","position":3,"name":"Az\u0259rbaycanda XV Beyn\u0259lxalq Musiqi Festival\u0131 ke\u00e7irilir"}]},{"@type":"WebSite","@id":"https:\/\/www.meydan.tv\/az\/#website","url":"https:\/\/www.meydan.tv\/az\/","name":"MEYDAN.TV","description":"Meydan TV Az\u0259rbaycan\u0131n media m\u0259kan\u0131ndak\u0131 alternativ s\u0259sidir","publisher":{"@id":"https:\/\/www.meydan.tv\/az\/#organization"},"potentialAction":[{"@type":"SearchAction","target":{"@type":"EntryPoint","urlTemplate":"https:\/\/www.meydan.tv\/az\/?s={search_term_string}"},"query-input":{"@type":"PropertyValueSpecification","valueRequired":true,"valueName":"search_term_string"}}],"inLanguage":"az"},{"@type":"Organization","@id":"https:\/\/www.meydan.tv\/az\/#organization","name":"Meydan TV","url":"https:\/\/www.meydan.tv\/az\/","logo":{"@type":"ImageObject","inLanguage":"az","@id":"https:\/\/www.meydan.tv\/az\/#\/schema\/logo\/image\/","url":"https:\/\/www.meydan.tv\/wp-content\/uploads\/2021\/07\/meydan-logo.svg","contentUrl":"https:\/\/www.meydan.tv\/wp-content\/uploads\/2021\/07\/meydan-logo.svg","width":195,"height":46,"caption":"Meydan TV"},"image":{"@id":"https:\/\/www.meydan.tv\/az\/#\/schema\/logo\/image\/"}},{"@type":"Person","@id":"https:\/\/www.meydan.tv\/az\/#\/schema\/person\/9cdbecf90d17180ce1dfbd95b08dcf47","name":"elli","sameAs":["https:\/\/x.com\/elli"]}]}},"_links":{"self":[{"href":"https:\/\/www.meydan.tv\/az\/wp-json\/wp\/v2\/posts\/285036","targetHints":{"allow":["GET"]}}],"collection":[{"href":"https:\/\/www.meydan.tv\/az\/wp-json\/wp\/v2\/posts"}],"about":[{"href":"https:\/\/www.meydan.tv\/az\/wp-json\/wp\/v2\/types\/post"}],"author":[{"embeddable":true,"href":"https:\/\/www.meydan.tv\/az\/wp-json\/wp\/v2\/users\/8"}],"replies":[{"embeddable":true,"href":"https:\/\/www.meydan.tv\/az\/wp-json\/wp\/v2\/comments?post=285036"}],"version-history":[{"count":1,"href":"https:\/\/www.meydan.tv\/az\/wp-json\/wp\/v2\/posts\/285036\/revisions"}],"predecessor-version":[{"id":285040,"href":"https:\/\/www.meydan.tv\/az\/wp-json\/wp\/v2\/posts\/285036\/revisions\/285040"}],"wp:featuredmedia":[{"embeddable":true,"href":"https:\/\/www.meydan.tv\/az\/wp-json\/wp\/v2\/media\/285037"}],"wp:attachment":[{"href":"https:\/\/www.meydan.tv\/az\/wp-json\/wp\/v2\/media?parent=285036"}],"wp:term":[{"taxonomy":"category","embeddable":true,"href":"https:\/\/www.meydan.tv\/az\/wp-json\/wp\/v2\/categories?post=285036"},{"taxonomy":"post_tag","embeddable":true,"href":"https:\/\/www.meydan.tv\/az\/wp-json\/wp\/v2\/tags?post=285036"}],"curies":[{"name":"wp","href":"https:\/\/api.w.org\/{rel}","templated":true}]}}