{"id":285031,"date":"2023-09-18T14:09:12","date_gmt":"2023-09-18T10:09:12","guid":{"rendered":"https:\/\/www.meydan.tv\/?p=285031"},"modified":"2023-09-18T14:09:16","modified_gmt":"2023-09-18T10:09:16","slug":"kendliler-gelirsiz-qaldi-nar-agaclarda-curudu","status":"publish","type":"post","link":"https:\/\/www.meydan.tv\/az\/article\/kendliler-gelirsiz-qaldi-nar-agaclarda-curudu\/","title":{"rendered":"K\u0259ndlil\u0259r g\u0259lirsiz qald\u0131: nar a\u011faclarda \u00e7\u00fcr\u00fcd\u00fc"},"content":{"rendered":"\n<p><\/p>\n\n\n\n<p><strong><em>&#8220;Dedil\u0259r ki, g\u00f6b\u0259l\u0259k x\u0259st\u0259liyidir, amma yard\u0131m edilm\u0259di&#8221;<\/em><\/strong><\/p>\n\n\n\n<p>&#8220;<em>Bu il nar a\u011faclar\u0131n\u0131n ham\u0131s\u0131nda meyv\u0259 \u00e7\u00fcr\u00fcd\u00fc. B\u0259zi ail\u0259l\u0259rin yegan\u0259 g\u0259lir m\u0259nb\u0259yi nar sat\u0131\u015f\u0131ndand\u0131r. El\u0259 ba\u011flar var ki, \u00fcmumiyy\u0259tl\u0259, m\u0259hsul verm\u0259di&#8221;.<\/em><\/p>\n\n\n\n<p>Bunu Meydan TV-y\u0259 Hac\u0131qabulun Udullu k\u0259nd sakinl\u0259ri bildiribl\u0259r.<\/p>\n\n\n\n<p>K\u0259nd sakini Ramin H\u0259s\u0259nov deyib ki, qon\u015fu k\u0259ndl\u0259rd\u0259, h\u0259tta respublikan\u0131n \u0259ks\u0259r b\u00f6lg\u0259l\u0259rind\u0259 d\u0259 nar\u0131n m\u0259hsuldarl\u0131\u011f\u0131 y\u00fcks\u0259k olmay\u0131b:<\/p>\n\n\n\n<p>\u201c<em>Onsuz da bu il d\u0259rman, g\u00fcbr\u0259 bahala\u015f\u0131b, x\u0259rcl\u0259r \u0259n az\u0131 2 d\u0259f\u0259 art\u0131b. Bir t\u0259r\u0259fd\u0259n d\u0259 m\u0259hsul az oldu\u011fundan \u00f6t\u0259n il\u0259 nisb\u0259t\u0259n bu il nar bahala\u015facaq\u201d.<\/em><\/p>\n\n\n\n<p>\u201c<em>Ne\u00e7\u0259 adamla maraqland\u0131q, ham\u0131s\u0131 eyni problemd\u0259n \u015fikay\u0259tl\u0259ndi. H\u0259r il bar ver\u0259n nar a\u011faclar\u0131 bu il bar verm\u0259di. B\u0259zil\u0259ri deyir ki, meyv\u0259 ya\u011f\u0131\u015fdan \u00e7\u00fcr\u00fcy\u00fcb. Amma el\u0259 yerl\u0259r var ki, oran\u0131 ya\u011f\u0131\u015f \u00e7ox tutmay\u0131b\u201d, &#8211;<\/em> k\u0259nd sakini bildirib.<\/p>\n\n\n\n<p>Sakinl\u0259rin s\u00f6zl\u0259rin\u0259 g\u00f6r\u0259, onlara ya\u011f\u0131\u015fl\u0131 havadan sonra h\u0259rar\u0259tin qalxmas\u0131 n\u0259tic\u0259sind\u0259 a\u011faclarda g\u00f6b\u0259l\u0259k x\u0259st\u0259liyinin yarand\u0131\u011f\u0131n\u0131 deyibl\u0259r, amma he\u00e7 bir yard\u0131m edilm\u0259yib.<\/p>\n\n\n\n<p>Sakinl\u0259rd\u0259n biri deyib ki, ba\u011fa yax\u015f\u0131 qulluq edib, d\u0259rmanlanma apar\u0131b, ancaq yen\u0259 d\u0259 m\u0259hsul a\u011facda \u00e7\u00fcr\u00fcy\u00fcb. Bu problem \u0259sas\u0259n nar\u0131n yeti\u015fdirm\u0259 d\u00f6vr\u00fcnd\u0259 ba\u015f verib.<\/p>\n\n\n\n<p>K\u0259ndlil\u0259rin s\u00f6zl\u0259rin\u0259 g\u00f6r\u0259, Udulluda suvarma problemi oldu\u011fundan tax\u0131l, pamb\u0131q v\u0259 ya dig\u0259r m\u0259hsullar yeti\u015fdir\u0259 bilmirl\u0259r. H\u0259min \u0259razi \u00fc\u00e7\u00fcn yegan\u0259 m\u0259hsul nard\u0131r, o da bu il problemli olub:<\/p>\n\n\n\n<p>\u201c<em>D\u0259qiq s\u0259b\u0259b dey\u0259n d\u0259 yoxdur. B\u0259zil\u0259ri deyir ki, qurd d\u00fc\u015f\u00fcb, b\u0259zisi deyir ki, g\u00f6b\u0259l\u0259k x\u0259st\u0259liyidir, yaxud iqlim d\u0259yi\u015fikliyidir. Dolan\u0131\u015f\u0131\u011f\u0131m\u0131z g\u00fcn\u00fc-g\u00fcnd\u0259n \u00e7\u0259tinl\u0259\u015fir. Onsuz da k\u0259ndd\u0259 qalan ail\u0259l\u0259rin say\u0131 \u00e7ox deyil. \u018fks\u0259riyy\u0259t Bak\u0131ya k\u00f6\u00e7\u00fcb, da\u015f karxanalar\u0131nda g\u00fcn\u0259muzd f\u0259hl\u0259 kimi \u00e7al\u0131\u015f\u0131r. Udullunun probleml\u0259ri h\u0259ll olunmaqdansa, getdikc\u0259 daha da d\u0259rinl\u0259\u015fir\u201d.<\/em><\/p>\n\n\n\n<p>K\u0259nd t\u0259s\u0259rr\u00fcfat\u0131 \u00fczr\u0259 ekspert Vahid M\u0259h\u0259rr\u0259mli is\u0259 hesab edir ki, problem hava \u015f\u0259raiti il\u0259 ba\u011fl\u0131 g\u00f6b\u0259l\u0259k x\u0259st\u0259liyinin yaranmas\u0131ndan ba\u015f ver\u0259 bil\u0259r.<\/p>\n\n\n\n<p>Az\u0259rbaycan Nar \u0130stehsal\u00e7\u0131lar\u0131 v\u0259 \u0130xracat\u00e7\u0131lar\u0131 Assosiasiyas\u0131n\u0131n \u0130dar\u0259 Hey\u0259tinin s\u0259dri F\u0259rhad Qara\u015fov is\u0259 <a href=\"https:\/\/fed.az\/az\/aqrar\/azerbaycanin-nar-ixracindaki-esas-problemler-aciqlanib-17586\">m\u0259tbuata<\/a>\u00a0 deyib ki, Az\u0259rbaycan\u0131n nar ixrac\u0131n\u0131n \u0259sas bazar\u0131 hesab olunan Rusiyada milli valyutan\u0131n d\u0259y\u0259rd\u0259n d\u00fc\u015fm\u0259si n\u0259tic\u0259sind\u0259 probleml\u0259rin yaranaca\u011f\u0131 g\u00f6zl\u0259nilir.<\/p>\n\n\n\n<p>Qara\u015fovun s\u00f6zl\u0259rin\u0259 g\u00f6r\u0259, \u00f6t\u0259n il 31 milyon 564 min dollar d\u0259y\u0259rind\u0259 nar ixrac edilib.<\/p>\n\n\n\n<p>Rusiya-Ukraniya m\u00fcharib\u0259sin\u0259 g\u00f6r\u0259 Az\u0259rbaycan Ukrayna bazar\u0131n\u0131 tamamil\u0259 itirib.<\/p>\n\n\n\n<p>Nar\u0131n yeti\u015fdirilm\u0259sind\u0259 istifad\u0259 edil\u0259n d\u0259rman, g\u00fcbr\u0259, aqrotexnik qulluq l\u0259vazimatlar\u0131 bahala\u015f\u0131b. Bu is\u0259 maya d\u0259y\u0259rinin artmas\u0131na s\u0259b\u0259b olub.<\/p>\n","protected":false},"excerpt":{"rendered":"<p>&#8220;Dedil\u0259r ki, g\u00f6b\u0259l\u0259k x\u0259st\u0259liyidir, amma yard\u0131m edilm\u0259di&#8221; &#8220;Bu il nar &#8230; <\/p>\n<p class=\"read-more-container\"><a title=\"K\u0259ndlil\u0259r g\u0259lirsiz qald\u0131: nar a\u011faclarda \u00e7\u00fcr\u00fcd\u00fc\" class=\"read-more button\" href=\"https:\/\/www.meydan.tv\/az\/article\/kendliler-gelirsiz-qaldi-nar-agaclarda-curudu\/#more-285031\" aria-label=\"Read more about K\u0259ndlil\u0259r g\u0259lirsiz qald\u0131: nar a\u011faclarda \u00e7\u00fcr\u00fcd\u00fc\">Davam\u0131<\/a><\/p>\n","protected":false},"author":8,"featured_media":238142,"comment_status":"closed","ping_status":"closed","sticky":false,"template":"","format":"standard","meta":{"_acf_changed":false,"_sitemap_exclude":false,"_sitemap_priority":"","_sitemap_frequency":"","footnotes":""},"categories":[60,56],"tags":[],"class_list":["post-285031","post","type-post","status-publish","format-standard","has-post-thumbnail","hentry","category-bolge","category-xeberler","infinite-scroll-item","generate-columns","tablet-grid-50","mobile-grid-100","grid-parent","grid-33","no-featured-image-padding"],"acf":[],"yoast_head":"<!-- This site is optimized with the Yoast SEO plugin v27.4 - https:\/\/yoast.com\/product\/yoast-seo-wordpress\/ -->\n<title>K\u0259ndlil\u0259r g\u0259lirsiz qald\u0131: nar a\u011faclarda \u00e7\u00fcr\u00fcd\u00fc - MEYDAN.TV<\/title>\n<meta name=\"robots\" content=\"index, follow, max-snippet:-1, max-image-preview:large, max-video-preview:-1\" \/>\n<link rel=\"canonical\" href=\"https:\/\/www.meydan.tv\/az\/article\/kendliler-gelirsiz-qaldi-nar-agaclarda-curudu\/\" \/>\n<meta property=\"og:locale\" content=\"az_AZ\" \/>\n<meta property=\"og:type\" content=\"article\" \/>\n<meta property=\"og:title\" content=\"K\u0259ndlil\u0259r g\u0259lirsiz qald\u0131: nar a\u011faclarda \u00e7\u00fcr\u00fcd\u00fc - MEYDAN.TV\" \/>\n<meta property=\"og:description\" content=\"&#8220;Dedil\u0259r ki, g\u00f6b\u0259l\u0259k x\u0259st\u0259liyidir, amma yard\u0131m edilm\u0259di&#8221; &#8220;Bu il nar ... Davam\u0131\" \/>\n<meta property=\"og:url\" content=\"https:\/\/www.meydan.tv\/az\/article\/kendliler-gelirsiz-qaldi-nar-agaclarda-curudu\/\" \/>\n<meta property=\"og:site_name\" content=\"MEYDAN.TV\" \/>\n<meta property=\"article:published_time\" content=\"2023-09-18T10:09:12+00:00\" \/>\n<meta property=\"article:modified_time\" content=\"2023-09-18T10:09:16+00:00\" \/>\n<meta property=\"og:image\" content=\"https:\/\/www.meydan.tv\/wp-content\/uploads\/shutterstock_1581244810.jpg\" \/>\n\t<meta property=\"og:image:width\" content=\"1200\" \/>\n\t<meta property=\"og:image:height\" content=\"900\" \/>\n\t<meta property=\"og:image:type\" content=\"image\/jpeg\" \/>\n<meta name=\"author\" content=\"elli\" \/>\n<meta name=\"twitter:card\" content=\"summary_large_image\" \/>\n<meta name=\"twitter:creator\" content=\"@elli\" \/>\n<script type=\"application\/ld+json\" class=\"yoast-schema-graph\">{\"@context\":\"https:\\\/\\\/schema.org\",\"@graph\":[{\"@type\":\"Article\",\"@id\":\"https:\\\/\\\/www.meydan.tv\\\/az\\\/article\\\/kendliler-gelirsiz-qaldi-nar-agaclarda-curudu\\\/#article\",\"isPartOf\":{\"@id\":\"https:\\\/\\\/www.meydan.tv\\\/az\\\/article\\\/kendliler-gelirsiz-qaldi-nar-agaclarda-curudu\\\/\"},\"author\":{\"name\":\"elli\",\"@id\":\"https:\\\/\\\/www.meydan.tv\\\/az\\\/#\\\/schema\\\/person\\\/9cdbecf90d17180ce1dfbd95b08dcf47\"},\"headline\":\"K\u0259ndlil\u0259r g\u0259lirsiz qald\u0131: nar a\u011faclarda \u00e7\u00fcr\u00fcd\u00fc\",\"datePublished\":\"2023-09-18T10:09:12+00:00\",\"dateModified\":\"2023-09-18T10:09:16+00:00\",\"mainEntityOfPage\":{\"@id\":\"https:\\\/\\\/www.meydan.tv\\\/az\\\/article\\\/kendliler-gelirsiz-qaldi-nar-agaclarda-curudu\\\/\"},\"wordCount\":562,\"publisher\":{\"@id\":\"https:\\\/\\\/www.meydan.tv\\\/az\\\/#organization\"},\"image\":{\"@id\":\"https:\\\/\\\/www.meydan.tv\\\/az\\\/article\\\/kendliler-gelirsiz-qaldi-nar-agaclarda-curudu\\\/#primaryimage\"},\"thumbnailUrl\":\"https:\\\/\\\/www.meydan.tv\\\/wp-content\\\/uploads\\\/shutterstock_1581244810.jpg\",\"articleSection\":[\"B\u00f6lg\u0259\",\"X\u0259b\u0259rl\u0259r\"],\"inLanguage\":\"az\"},{\"@type\":\"WebPage\",\"@id\":\"https:\\\/\\\/www.meydan.tv\\\/az\\\/article\\\/kendliler-gelirsiz-qaldi-nar-agaclarda-curudu\\\/\",\"url\":\"https:\\\/\\\/www.meydan.tv\\\/az\\\/article\\\/kendliler-gelirsiz-qaldi-nar-agaclarda-curudu\\\/\",\"name\":\"K\u0259ndlil\u0259r g\u0259lirsiz qald\u0131: nar a\u011faclarda \u00e7\u00fcr\u00fcd\u00fc - MEYDAN.TV\",\"isPartOf\":{\"@id\":\"https:\\\/\\\/www.meydan.tv\\\/az\\\/#website\"},\"primaryImageOfPage\":{\"@id\":\"https:\\\/\\\/www.meydan.tv\\\/az\\\/article\\\/kendliler-gelirsiz-qaldi-nar-agaclarda-curudu\\\/#primaryimage\"},\"image\":{\"@id\":\"https:\\\/\\\/www.meydan.tv\\\/az\\\/article\\\/kendliler-gelirsiz-qaldi-nar-agaclarda-curudu\\\/#primaryimage\"},\"thumbnailUrl\":\"https:\\\/\\\/www.meydan.tv\\\/wp-content\\\/uploads\\\/shutterstock_1581244810.jpg\",\"datePublished\":\"2023-09-18T10:09:12+00:00\",\"dateModified\":\"2023-09-18T10:09:16+00:00\",\"breadcrumb\":{\"@id\":\"https:\\\/\\\/www.meydan.tv\\\/az\\\/article\\\/kendliler-gelirsiz-qaldi-nar-agaclarda-curudu\\\/#breadcrumb\"},\"inLanguage\":\"az\",\"potentialAction\":[{\"@type\":\"ReadAction\",\"target\":[\"https:\\\/\\\/www.meydan.tv\\\/az\\\/article\\\/kendliler-gelirsiz-qaldi-nar-agaclarda-curudu\\\/\"]}]},{\"@type\":\"ImageObject\",\"inLanguage\":\"az\",\"@id\":\"https:\\\/\\\/www.meydan.tv\\\/az\\\/article\\\/kendliler-gelirsiz-qaldi-nar-agaclarda-curudu\\\/#primaryimage\",\"url\":\"https:\\\/\\\/www.meydan.tv\\\/wp-content\\\/uploads\\\/shutterstock_1581244810.jpg\",\"contentUrl\":\"https:\\\/\\\/www.meydan.tv\\\/wp-content\\\/uploads\\\/shutterstock_1581244810.jpg\",\"width\":1200,\"height\":900,\"caption\":\"Nar. Foto: SakSa\\\/shutterstock\"},{\"@type\":\"BreadcrumbList\",\"@id\":\"https:\\\/\\\/www.meydan.tv\\\/az\\\/article\\\/kendliler-gelirsiz-qaldi-nar-agaclarda-curudu\\\/#breadcrumb\",\"itemListElement\":[{\"@type\":\"ListItem\",\"position\":1,\"name\":\"Ana s\u0259hif\u0259\",\"item\":\"https:\\\/\\\/www.meydan.tv\\\/az\\\/\"},{\"@type\":\"ListItem\",\"position\":2,\"name\":\"B\u00f6lg\u0259\",\"item\":\"https:\\\/\\\/www.meydan.tv\\\/az\\\/section\\\/bolge\\\/\"},{\"@type\":\"ListItem\",\"position\":3,\"name\":\"K\u0259ndlil\u0259r g\u0259lirsiz qald\u0131: nar a\u011faclarda \u00e7\u00fcr\u00fcd\u00fc\"}]},{\"@type\":\"WebSite\",\"@id\":\"https:\\\/\\\/www.meydan.tv\\\/az\\\/#website\",\"url\":\"https:\\\/\\\/www.meydan.tv\\\/az\\\/\",\"name\":\"MEYDAN.TV\",\"description\":\"Meydan TV Az\u0259rbaycan\u0131n media m\u0259kan\u0131ndak\u0131 alternativ s\u0259sidir\",\"publisher\":{\"@id\":\"https:\\\/\\\/www.meydan.tv\\\/az\\\/#organization\"},\"potentialAction\":[{\"@type\":\"SearchAction\",\"target\":{\"@type\":\"EntryPoint\",\"urlTemplate\":\"https:\\\/\\\/www.meydan.tv\\\/az\\\/?s={search_term_string}\"},\"query-input\":{\"@type\":\"PropertyValueSpecification\",\"valueRequired\":true,\"valueName\":\"search_term_string\"}}],\"inLanguage\":\"az\"},{\"@type\":\"Organization\",\"@id\":\"https:\\\/\\\/www.meydan.tv\\\/az\\\/#organization\",\"name\":\"Meydan TV\",\"url\":\"https:\\\/\\\/www.meydan.tv\\\/az\\\/\",\"logo\":{\"@type\":\"ImageObject\",\"inLanguage\":\"az\",\"@id\":\"https:\\\/\\\/www.meydan.tv\\\/az\\\/#\\\/schema\\\/logo\\\/image\\\/\",\"url\":\"https:\\\/\\\/www.meydan.tv\\\/wp-content\\\/uploads\\\/2021\\\/07\\\/meydan-logo.svg\",\"contentUrl\":\"https:\\\/\\\/www.meydan.tv\\\/wp-content\\\/uploads\\\/2021\\\/07\\\/meydan-logo.svg\",\"width\":195,\"height\":46,\"caption\":\"Meydan TV\"},\"image\":{\"@id\":\"https:\\\/\\\/www.meydan.tv\\\/az\\\/#\\\/schema\\\/logo\\\/image\\\/\"}},{\"@type\":\"Person\",\"@id\":\"https:\\\/\\\/www.meydan.tv\\\/az\\\/#\\\/schema\\\/person\\\/9cdbecf90d17180ce1dfbd95b08dcf47\",\"name\":\"elli\",\"sameAs\":[\"https:\\\/\\\/x.com\\\/elli\"]}]}<\/script>\n<!-- \/ Yoast SEO plugin. -->","yoast_head_json":{"title":"K\u0259ndlil\u0259r g\u0259lirsiz qald\u0131: nar a\u011faclarda \u00e7\u00fcr\u00fcd\u00fc - MEYDAN.TV","robots":{"index":"index","follow":"follow","max-snippet":"max-snippet:-1","max-image-preview":"max-image-preview:large","max-video-preview":"max-video-preview:-1"},"canonical":"https:\/\/www.meydan.tv\/az\/article\/kendliler-gelirsiz-qaldi-nar-agaclarda-curudu\/","og_locale":"az_AZ","og_type":"article","og_title":"K\u0259ndlil\u0259r g\u0259lirsiz qald\u0131: nar a\u011faclarda \u00e7\u00fcr\u00fcd\u00fc - MEYDAN.TV","og_description":"&#8220;Dedil\u0259r ki, g\u00f6b\u0259l\u0259k x\u0259st\u0259liyidir, amma yard\u0131m edilm\u0259di&#8221; &#8220;Bu il nar ... Davam\u0131","og_url":"https:\/\/www.meydan.tv\/az\/article\/kendliler-gelirsiz-qaldi-nar-agaclarda-curudu\/","og_site_name":"MEYDAN.TV","article_published_time":"2023-09-18T10:09:12+00:00","article_modified_time":"2023-09-18T10:09:16+00:00","og_image":[{"width":1200,"height":900,"url":"https:\/\/www.meydan.tv\/wp-content\/uploads\/shutterstock_1581244810.jpg","type":"image\/jpeg"}],"author":"elli","twitter_card":"summary_large_image","twitter_creator":"@elli","schema":{"@context":"https:\/\/schema.org","@graph":[{"@type":"Article","@id":"https:\/\/www.meydan.tv\/az\/article\/kendliler-gelirsiz-qaldi-nar-agaclarda-curudu\/#article","isPartOf":{"@id":"https:\/\/www.meydan.tv\/az\/article\/kendliler-gelirsiz-qaldi-nar-agaclarda-curudu\/"},"author":{"name":"elli","@id":"https:\/\/www.meydan.tv\/az\/#\/schema\/person\/9cdbecf90d17180ce1dfbd95b08dcf47"},"headline":"K\u0259ndlil\u0259r g\u0259lirsiz qald\u0131: nar a\u011faclarda \u00e7\u00fcr\u00fcd\u00fc","datePublished":"2023-09-18T10:09:12+00:00","dateModified":"2023-09-18T10:09:16+00:00","mainEntityOfPage":{"@id":"https:\/\/www.meydan.tv\/az\/article\/kendliler-gelirsiz-qaldi-nar-agaclarda-curudu\/"},"wordCount":562,"publisher":{"@id":"https:\/\/www.meydan.tv\/az\/#organization"},"image":{"@id":"https:\/\/www.meydan.tv\/az\/article\/kendliler-gelirsiz-qaldi-nar-agaclarda-curudu\/#primaryimage"},"thumbnailUrl":"https:\/\/www.meydan.tv\/wp-content\/uploads\/shutterstock_1581244810.jpg","articleSection":["B\u00f6lg\u0259","X\u0259b\u0259rl\u0259r"],"inLanguage":"az"},{"@type":"WebPage","@id":"https:\/\/www.meydan.tv\/az\/article\/kendliler-gelirsiz-qaldi-nar-agaclarda-curudu\/","url":"https:\/\/www.meydan.tv\/az\/article\/kendliler-gelirsiz-qaldi-nar-agaclarda-curudu\/","name":"K\u0259ndlil\u0259r g\u0259lirsiz qald\u0131: nar a\u011faclarda \u00e7\u00fcr\u00fcd\u00fc - MEYDAN.TV","isPartOf":{"@id":"https:\/\/www.meydan.tv\/az\/#website"},"primaryImageOfPage":{"@id":"https:\/\/www.meydan.tv\/az\/article\/kendliler-gelirsiz-qaldi-nar-agaclarda-curudu\/#primaryimage"},"image":{"@id":"https:\/\/www.meydan.tv\/az\/article\/kendliler-gelirsiz-qaldi-nar-agaclarda-curudu\/#primaryimage"},"thumbnailUrl":"https:\/\/www.meydan.tv\/wp-content\/uploads\/shutterstock_1581244810.jpg","datePublished":"2023-09-18T10:09:12+00:00","dateModified":"2023-09-18T10:09:16+00:00","breadcrumb":{"@id":"https:\/\/www.meydan.tv\/az\/article\/kendliler-gelirsiz-qaldi-nar-agaclarda-curudu\/#breadcrumb"},"inLanguage":"az","potentialAction":[{"@type":"ReadAction","target":["https:\/\/www.meydan.tv\/az\/article\/kendliler-gelirsiz-qaldi-nar-agaclarda-curudu\/"]}]},{"@type":"ImageObject","inLanguage":"az","@id":"https:\/\/www.meydan.tv\/az\/article\/kendliler-gelirsiz-qaldi-nar-agaclarda-curudu\/#primaryimage","url":"https:\/\/www.meydan.tv\/wp-content\/uploads\/shutterstock_1581244810.jpg","contentUrl":"https:\/\/www.meydan.tv\/wp-content\/uploads\/shutterstock_1581244810.jpg","width":1200,"height":900,"caption":"Nar. Foto: SakSa\/shutterstock"},{"@type":"BreadcrumbList","@id":"https:\/\/www.meydan.tv\/az\/article\/kendliler-gelirsiz-qaldi-nar-agaclarda-curudu\/#breadcrumb","itemListElement":[{"@type":"ListItem","position":1,"name":"Ana s\u0259hif\u0259","item":"https:\/\/www.meydan.tv\/az\/"},{"@type":"ListItem","position":2,"name":"B\u00f6lg\u0259","item":"https:\/\/www.meydan.tv\/az\/section\/bolge\/"},{"@type":"ListItem","position":3,"name":"K\u0259ndlil\u0259r g\u0259lirsiz qald\u0131: nar a\u011faclarda \u00e7\u00fcr\u00fcd\u00fc"}]},{"@type":"WebSite","@id":"https:\/\/www.meydan.tv\/az\/#website","url":"https:\/\/www.meydan.tv\/az\/","name":"MEYDAN.TV","description":"Meydan TV Az\u0259rbaycan\u0131n media m\u0259kan\u0131ndak\u0131 alternativ s\u0259sidir","publisher":{"@id":"https:\/\/www.meydan.tv\/az\/#organization"},"potentialAction":[{"@type":"SearchAction","target":{"@type":"EntryPoint","urlTemplate":"https:\/\/www.meydan.tv\/az\/?s={search_term_string}"},"query-input":{"@type":"PropertyValueSpecification","valueRequired":true,"valueName":"search_term_string"}}],"inLanguage":"az"},{"@type":"Organization","@id":"https:\/\/www.meydan.tv\/az\/#organization","name":"Meydan TV","url":"https:\/\/www.meydan.tv\/az\/","logo":{"@type":"ImageObject","inLanguage":"az","@id":"https:\/\/www.meydan.tv\/az\/#\/schema\/logo\/image\/","url":"https:\/\/www.meydan.tv\/wp-content\/uploads\/2021\/07\/meydan-logo.svg","contentUrl":"https:\/\/www.meydan.tv\/wp-content\/uploads\/2021\/07\/meydan-logo.svg","width":195,"height":46,"caption":"Meydan TV"},"image":{"@id":"https:\/\/www.meydan.tv\/az\/#\/schema\/logo\/image\/"}},{"@type":"Person","@id":"https:\/\/www.meydan.tv\/az\/#\/schema\/person\/9cdbecf90d17180ce1dfbd95b08dcf47","name":"elli","sameAs":["https:\/\/x.com\/elli"]}]}},"_links":{"self":[{"href":"https:\/\/www.meydan.tv\/az\/wp-json\/wp\/v2\/posts\/285031","targetHints":{"allow":["GET"]}}],"collection":[{"href":"https:\/\/www.meydan.tv\/az\/wp-json\/wp\/v2\/posts"}],"about":[{"href":"https:\/\/www.meydan.tv\/az\/wp-json\/wp\/v2\/types\/post"}],"author":[{"embeddable":true,"href":"https:\/\/www.meydan.tv\/az\/wp-json\/wp\/v2\/users\/8"}],"replies":[{"embeddable":true,"href":"https:\/\/www.meydan.tv\/az\/wp-json\/wp\/v2\/comments?post=285031"}],"version-history":[{"count":3,"href":"https:\/\/www.meydan.tv\/az\/wp-json\/wp\/v2\/posts\/285031\/revisions"}],"predecessor-version":[{"id":285042,"href":"https:\/\/www.meydan.tv\/az\/wp-json\/wp\/v2\/posts\/285031\/revisions\/285042"}],"wp:featuredmedia":[{"embeddable":true,"href":"https:\/\/www.meydan.tv\/az\/wp-json\/wp\/v2\/media\/238142"}],"wp:attachment":[{"href":"https:\/\/www.meydan.tv\/az\/wp-json\/wp\/v2\/media?parent=285031"}],"wp:term":[{"taxonomy":"category","embeddable":true,"href":"https:\/\/www.meydan.tv\/az\/wp-json\/wp\/v2\/categories?post=285031"},{"taxonomy":"post_tag","embeddable":true,"href":"https:\/\/www.meydan.tv\/az\/wp-json\/wp\/v2\/tags?post=285031"}],"curies":[{"name":"wp","href":"https:\/\/api.w.org\/{rel}","templated":true}]}}