{"id":285029,"date":"2023-09-18T13:51:12","date_gmt":"2023-09-18T09:51:12","guid":{"rendered":"https:\/\/www.meydan.tv\/?p=285029"},"modified":"2023-09-18T13:54:55","modified_gmt":"2023-09-18T09:54:55","slug":"korpunun-ucma-sebebi-yuksek-rutbeli-memur-qudyalcayi-istismar-edirdi","status":"publish","type":"post","link":"https:\/\/www.meydan.tv\/az\/article\/korpunun-ucma-sebebi-yuksek-rutbeli-memur-qudyalcayi-istismar-edirdi\/","title":{"rendered":"K\u00f6rp\u00fcn\u00fcn u\u00e7ma s\u0259b\u0259bi: &#8220;Y\u00fcks\u0259k r\u00fctb\u0259li m\u0259mur Qudyal\u00e7ay\u0131 istismar edirdi&#8221;"},"content":{"rendered":"\n<p><\/p>\n\n\n\n<p><strong><em>&#8220;K\u00f6rp\u00fcn\u00fcn q\u0259zal\u0131 olmas\u0131 bar\u0259d\u0259 r\u0259y vard\u0131, amma gedi\u015f-g\u0259li\u015f dayand\u0131r\u0131lmad\u0131&#8221;<\/em><\/strong><\/p>\n\n\n\n<p><em>\u201cK\u00f6rp\u00fcn\u00fcn q\u0259zal\u0131 v\u0259ziyy\u0259t\u0259 d\u00fc\u015fm\u0259si il\u0259 ba\u011fl\u0131 r\u0259y vard\u0131. Q\u00fcdyal\u00e7ay ill\u0259rdir ki, da\u015f karxanalar\u0131 t\u0259r\u0259find\u0259n istismar olunur. K\u00f6rp\u00fcn\u00fcn s\u00fctunlar\u0131 gilin \u00fcz\u0259rind\u0259 qal\u0131b. Amma s\u00fctunlar\u0131, \u00f6z\u00fcl\u00fc b\u0259rkitm\u0259k \u0259v\u0259zin\u0259, \u00fcz\u0259rin\u0259 asfalt \u00e7\u0259km\u0259kl\u0259 t\u0259mir g\u00f6r\u00fcnt\u00fcs\u00fc yaratd\u0131lar\u201d.<\/em><\/p>\n\n\n\n<p>Bunu Meydan TV-y\u0259 ad\u0131n\u0131n m\u0259tbuatda a\u00e7\u0131qlanmas\u0131n\u0131 ist\u0259m\u0259y\u0259n Xa\u00e7maz Rayon \u0130cra Hakimiyy\u0259tinin \u0259m\u0259kda\u015flar\u0131ndan biri deyib.<\/p>\n\n\n\n<p>Onun s\u00f6zl\u0259rin\u0259 g\u00f6r\u0259, Az\u0259rbaycan Avtomobil Yollar\u0131 D\u00f6vl\u0259t Agentliyin\u0259 bu bar\u0259d\u0259 r\u0259smi m\u0259ktubla m\u00fcraci\u0259t edibl\u0259r.<\/p>\n\n\n\n<p>T\u0259xmin\u0259n 2 il \u0259vv\u0259l k\u00f6rp\u00fcn\u00fcn yenil\u0259nm\u0259si il\u0259 ba\u011fl\u0131 agentlik t\u0259r\u0259find\u0259n layih\u0259 haz\u0131rland\u0131\u011f\u0131 bildirilib:<\/p>\n\n\n\n<p>\u201c<em>K\u00f6rp\u00fc 1974-c\u00fc ild\u0259 in\u015fa olunub. Amma q\u0259zal\u0131 v\u0259ziyy\u0259t\u0259 d\u00fc\u015fm\u0259sinin s\u0259b\u0259bi sel sular\u0131 deyil, \u00e7ay\u0131n da\u015f karxanalar\u0131 t\u0259r\u0259find\u0259n m\u00fct\u0259madi istismar olunmas\u0131d\u0131r. H\u0259min karxanalar y\u00fcks\u0259k r\u00fctb\u0259li m\u0259murlardan birin\u0259 m\u0259xsusdur. \u00c7ay o q\u0259d\u0259r istismar olunub ki, d\u0259rinl\u0259\u015fib. K\u00f6rp\u00fcn\u00fcn \u00fcst\u00fcn\u0259 asfalt \u00e7\u0259kilm\u0259si d\u0259 yanl\u0131\u015f add\u0131m olub, s\u00fctunlar daha da y\u00fckl\u0259nib\u201d.<\/em><\/p>\n\n\n\n<p>\u0130cra hakimiyy\u0259ti \u0259m\u0259kda\u015f\u0131 deyib ki, hadis\u0259d\u0259n bir ne\u00e7\u0259 g\u00fcn \u0259vv\u0259l rayon r\u0259hb\u0259rliyi h\u0259min \u0259razid\u0259 bax\u0131\u015f ke\u00e7irib, amma k\u00f6rp\u00fcd\u0259n gedi\u015f-g\u0259li\u015f dayand\u0131r\u0131lmay\u0131b:<\/p>\n\n\n\n<p>&#8220;<em>Haz\u0131rda h\u0259min yol ba\u011fl\u0131d\u0131r, alternativ yoldan istifad\u0259 edilir. Hans\u0131 ki h\u0259min yol b\u0259rbad v\u0259ziyy\u0259td\u0259dir, asfalt \u00f6rt\u00fcy\u00fc yoxdur. H\u0259tta v\u0259ziyy\u0259t el\u0259dir ki, tozdan-dumandan ma\u015f\u0131nlar\u0131n h\u0259r\u0259k\u0259ti \u00e7\u0259tindir. T\u0259mir bir ne\u00e7\u0259 ay yubanarsa, ya\u011f\u0131\u015fl\u0131 v\u0259 q\u0131\u015fl\u0131 havalarda avtomobill\u0259rin h\u0259r\u0259k\u0259ti daha da \u00e7\u0259tinl\u0259\u015f\u0259c\u0259k&#8221;.<\/em><\/p>\n\n\n\n<p>\u201c<em>K\u00f6rp\u00fcn\u00fcn v\u0259ziyy\u0259tin\u0259 dair m\u0259lumatlar\u0131n haz\u0131rlanmas\u0131nda i\u015ftirak ed\u0259nl\u0259rin biriy\u0259m. Agentlik bu m\u0259s\u0259l\u0259y\u0259 olduqca laqeyd yana\u015fd\u0131. H\u0259min vaxt\u0131 \u00f6l\u00fcm v\u0259 ya daha a\u011f\u0131r n\u0259tic\u0259l\u0259r ba\u015f ver\u0259 bil\u0259rdi. Biz bunu 2-3 il \u0259vv\u0259ld\u0259n x\u0259b\u0259rdarl\u0131q etmi\u015fdik. N\u0259 icra hakimiyy\u0259tinin tabe oldu\u011fumuz r\u0259smil\u0259ri, n\u0259 d\u0259 agentlik vaxt\u0131nda t\u0259dbir g\u00f6rd\u00fc. \u018fv\u0259zin\u0259 t\u0259bi\u0259t g\u00fcnahland\u0131r\u0131l\u0131r\u201d,<\/em> &#8211; dey\u0259 o qeyd edib.<\/p>\n\n\n\n<p>R\u0259smi m\u0259lumata g\u00f6r\u0259, intensiv ya\u011f\u0131nt\u0131lar n\u0259tic\u0259sind\u0259 yaranm\u0131\u015f g\u00fccl\u00fc sel sentyabr\u0131n 14-d\u0259 respublika \u0259h\u0259miyy\u0259tli G\u0259ndob-Xa\u00e7maz-Yalama-Rusiya il\u0259 d\u00f6vl\u0259t s\u0259rh\u0259d avtomobil yolunun 27-ci kilometrliyind\u0259, Q\u00fcdyal\u00e7ay \u00fcz\u0259rind\u0259 yerl\u0259\u015f\u0259n v\u0259 1974-c\u00fc ild\u0259 in\u015fa edilmi\u015f k\u00f6rp\u00fcn\u00fc u\u00e7urub, x\u0259sar\u0259t alanlar <a href=\"https:\/\/storage.googleapis.com\/qurium\/www.meydan.tv\/az-article-xacmazda-korpu-dagilib-yaralananlar-var.html\">var.<\/a><\/p>\n\n\n\n<p>Az\u0259rbaycan Avtomobil Yollar\u0131 D\u00f6vl\u0259t Agentliyinin m\u0259lumat\u0131na g\u00f6r\u0259, k\u00f6rp\u00fcn\u00fcn s\u00f6k\u00fcnt\u00fcs\u00fcn\u0259 ba\u015flan\u0131l\u0131b. Yerind\u0259 yeni avtomobil k\u00f6rp\u00fcs\u00fcn\u00fcn in\u015fas\u0131 q\u0259rara al\u0131n\u0131b. Lakin in\u015fa i\u015fl\u0259rinin n\u0259 zaman bit\u0259c\u0259yi il\u0259 ba\u011fl\u0131 m\u0259lumat verilmir.<\/p>\n\n\n\n<p>Agentlik s\u00fcr\u00fcc\u00fcl\u0259rd\u0259n alternativ yoldan istifad\u0259 etm\u0259yi t\u00f6vsiy\u0259 edib.<\/p>\n","protected":false},"excerpt":{"rendered":"<p>&#8220;K\u00f6rp\u00fcn\u00fcn q\u0259zal\u0131 olmas\u0131 bar\u0259d\u0259 r\u0259y vard\u0131, amma gedi\u015f-g\u0259li\u015f dayand\u0131r\u0131lmad\u0131&#8221; \u201cK\u00f6rp\u00fcn\u00fcn &#8230; <\/p>\n<p class=\"read-more-container\"><a title=\"K\u00f6rp\u00fcn\u00fcn u\u00e7ma s\u0259b\u0259bi: &#8220;Y\u00fcks\u0259k r\u00fctb\u0259li m\u0259mur Qudyal\u00e7ay\u0131 istismar edirdi&#8221;\" class=\"read-more button\" href=\"https:\/\/www.meydan.tv\/az\/article\/korpunun-ucma-sebebi-yuksek-rutbeli-memur-qudyalcayi-istismar-edirdi\/#more-285029\" aria-label=\"Read more about K\u00f6rp\u00fcn\u00fcn u\u00e7ma s\u0259b\u0259bi: &#8220;Y\u00fcks\u0259k r\u00fctb\u0259li m\u0259mur Qudyal\u00e7ay\u0131 istismar edirdi&#8221;\">Davam\u0131<\/a><\/p>\n","protected":false},"author":8,"featured_media":284837,"comment_status":"closed","ping_status":"closed","sticky":false,"template":"","format":"standard","meta":{"_acf_changed":false,"_sitemap_exclude":false,"_sitemap_priority":"","_sitemap_frequency":"","footnotes":""},"categories":[60,88,56],"tags":[],"class_list":["post-285029","post","type-post","status-publish","format-standard","has-post-thumbnail","hentry","category-bolge","category-redaktor-secimi","category-xeberler","infinite-scroll-item","generate-columns","tablet-grid-50","mobile-grid-100","grid-parent","grid-33","no-featured-image-padding"],"acf":[],"yoast_head":"<!-- This site is optimized with the Yoast SEO plugin v27.4 - https:\/\/yoast.com\/product\/yoast-seo-wordpress\/ -->\n<title>K\u00f6rp\u00fcn\u00fcn u\u00e7ma s\u0259b\u0259bi: &quot;Y\u00fcks\u0259k r\u00fctb\u0259li m\u0259mur Qudyal\u00e7ay\u0131 istismar edirdi&quot; - MEYDAN.TV<\/title>\n<meta name=\"robots\" content=\"index, follow, max-snippet:-1, max-image-preview:large, max-video-preview:-1\" \/>\n<link rel=\"canonical\" href=\"https:\/\/www.meydan.tv\/az\/article\/korpunun-ucma-sebebi-yuksek-rutbeli-memur-qudyalcayi-istismar-edirdi\/\" \/>\n<meta property=\"og:locale\" content=\"az_AZ\" \/>\n<meta property=\"og:type\" content=\"article\" \/>\n<meta property=\"og:title\" content=\"K\u00f6rp\u00fcn\u00fcn u\u00e7ma s\u0259b\u0259bi: &quot;Y\u00fcks\u0259k r\u00fctb\u0259li m\u0259mur Qudyal\u00e7ay\u0131 istismar edirdi&quot; - MEYDAN.TV\" \/>\n<meta property=\"og:description\" content=\"&#8220;K\u00f6rp\u00fcn\u00fcn q\u0259zal\u0131 olmas\u0131 bar\u0259d\u0259 r\u0259y vard\u0131, amma gedi\u015f-g\u0259li\u015f dayand\u0131r\u0131lmad\u0131&#8221; \u201cK\u00f6rp\u00fcn\u00fcn ... Davam\u0131\" \/>\n<meta property=\"og:url\" content=\"https:\/\/www.meydan.tv\/az\/article\/korpunun-ucma-sebebi-yuksek-rutbeli-memur-qudyalcayi-istismar-edirdi\/\" \/>\n<meta property=\"og:site_name\" content=\"MEYDAN.TV\" \/>\n<meta property=\"article:published_time\" content=\"2023-09-18T09:51:12+00:00\" \/>\n<meta property=\"article:modified_time\" content=\"2023-09-18T09:54:55+00:00\" \/>\n<meta property=\"og:image\" content=\"https:\/\/www.meydan.tv\/wp-content\/uploads\/15d1045_2661b670-834a-49fe-8813-11451278853a.jpg\" \/>\n\t<meta property=\"og:image:width\" content=\"1200\" \/>\n\t<meta property=\"og:image:height\" content=\"540\" \/>\n\t<meta property=\"og:image:type\" content=\"image\/jpeg\" \/>\n<meta name=\"author\" content=\"elli\" \/>\n<meta name=\"twitter:card\" content=\"summary_large_image\" \/>\n<meta name=\"twitter:creator\" content=\"@elli\" \/>\n<script type=\"application\/ld+json\" class=\"yoast-schema-graph\">{\"@context\":\"https:\\\/\\\/schema.org\",\"@graph\":[{\"@type\":\"Article\",\"@id\":\"https:\\\/\\\/www.meydan.tv\\\/az\\\/article\\\/korpunun-ucma-sebebi-yuksek-rutbeli-memur-qudyalcayi-istismar-edirdi\\\/#article\",\"isPartOf\":{\"@id\":\"https:\\\/\\\/www.meydan.tv\\\/az\\\/article\\\/korpunun-ucma-sebebi-yuksek-rutbeli-memur-qudyalcayi-istismar-edirdi\\\/\"},\"author\":{\"name\":\"elli\",\"@id\":\"https:\\\/\\\/www.meydan.tv\\\/az\\\/#\\\/schema\\\/person\\\/9cdbecf90d17180ce1dfbd95b08dcf47\"},\"headline\":\"K\u00f6rp\u00fcn\u00fcn u\u00e7ma s\u0259b\u0259bi: &#8220;Y\u00fcks\u0259k r\u00fctb\u0259li m\u0259mur Qudyal\u00e7ay\u0131 istismar edirdi&#8221;\",\"datePublished\":\"2023-09-18T09:51:12+00:00\",\"dateModified\":\"2023-09-18T09:54:55+00:00\",\"mainEntityOfPage\":{\"@id\":\"https:\\\/\\\/www.meydan.tv\\\/az\\\/article\\\/korpunun-ucma-sebebi-yuksek-rutbeli-memur-qudyalcayi-istismar-edirdi\\\/\"},\"wordCount\":603,\"publisher\":{\"@id\":\"https:\\\/\\\/www.meydan.tv\\\/az\\\/#organization\"},\"image\":{\"@id\":\"https:\\\/\\\/www.meydan.tv\\\/az\\\/article\\\/korpunun-ucma-sebebi-yuksek-rutbeli-memur-qudyalcayi-istismar-edirdi\\\/#primaryimage\"},\"thumbnailUrl\":\"https:\\\/\\\/www.meydan.tv\\\/wp-content\\\/uploads\\\/15d1045_2661b670-834a-49fe-8813-11451278853a.jpg\",\"articleSection\":[\"B\u00f6lg\u0259\",\"Redaktor se\u00e7imi\",\"X\u0259b\u0259rl\u0259r\"],\"inLanguage\":\"az\"},{\"@type\":\"WebPage\",\"@id\":\"https:\\\/\\\/www.meydan.tv\\\/az\\\/article\\\/korpunun-ucma-sebebi-yuksek-rutbeli-memur-qudyalcayi-istismar-edirdi\\\/\",\"url\":\"https:\\\/\\\/www.meydan.tv\\\/az\\\/article\\\/korpunun-ucma-sebebi-yuksek-rutbeli-memur-qudyalcayi-istismar-edirdi\\\/\",\"name\":\"K\u00f6rp\u00fcn\u00fcn u\u00e7ma s\u0259b\u0259bi: \\\"Y\u00fcks\u0259k r\u00fctb\u0259li m\u0259mur Qudyal\u00e7ay\u0131 istismar edirdi\\\" - MEYDAN.TV\",\"isPartOf\":{\"@id\":\"https:\\\/\\\/www.meydan.tv\\\/az\\\/#website\"},\"primaryImageOfPage\":{\"@id\":\"https:\\\/\\\/www.meydan.tv\\\/az\\\/article\\\/korpunun-ucma-sebebi-yuksek-rutbeli-memur-qudyalcayi-istismar-edirdi\\\/#primaryimage\"},\"image\":{\"@id\":\"https:\\\/\\\/www.meydan.tv\\\/az\\\/article\\\/korpunun-ucma-sebebi-yuksek-rutbeli-memur-qudyalcayi-istismar-edirdi\\\/#primaryimage\"},\"thumbnailUrl\":\"https:\\\/\\\/www.meydan.tv\\\/wp-content\\\/uploads\\\/15d1045_2661b670-834a-49fe-8813-11451278853a.jpg\",\"datePublished\":\"2023-09-18T09:51:12+00:00\",\"dateModified\":\"2023-09-18T09:54:55+00:00\",\"breadcrumb\":{\"@id\":\"https:\\\/\\\/www.meydan.tv\\\/az\\\/article\\\/korpunun-ucma-sebebi-yuksek-rutbeli-memur-qudyalcayi-istismar-edirdi\\\/#breadcrumb\"},\"inLanguage\":\"az\",\"potentialAction\":[{\"@type\":\"ReadAction\",\"target\":[\"https:\\\/\\\/www.meydan.tv\\\/az\\\/article\\\/korpunun-ucma-sebebi-yuksek-rutbeli-memur-qudyalcayi-istismar-edirdi\\\/\"]}]},{\"@type\":\"ImageObject\",\"inLanguage\":\"az\",\"@id\":\"https:\\\/\\\/www.meydan.tv\\\/az\\\/article\\\/korpunun-ucma-sebebi-yuksek-rutbeli-memur-qudyalcayi-istismar-edirdi\\\/#primaryimage\",\"url\":\"https:\\\/\\\/www.meydan.tv\\\/wp-content\\\/uploads\\\/15d1045_2661b670-834a-49fe-8813-11451278853a.jpg\",\"contentUrl\":\"https:\\\/\\\/www.meydan.tv\\\/wp-content\\\/uploads\\\/15d1045_2661b670-834a-49fe-8813-11451278853a.jpg\",\"width\":1200,\"height\":540,\"caption\":\"Foto: FHN\"},{\"@type\":\"BreadcrumbList\",\"@id\":\"https:\\\/\\\/www.meydan.tv\\\/az\\\/article\\\/korpunun-ucma-sebebi-yuksek-rutbeli-memur-qudyalcayi-istismar-edirdi\\\/#breadcrumb\",\"itemListElement\":[{\"@type\":\"ListItem\",\"position\":1,\"name\":\"Ana s\u0259hif\u0259\",\"item\":\"https:\\\/\\\/www.meydan.tv\\\/az\\\/\"},{\"@type\":\"ListItem\",\"position\":2,\"name\":\"B\u00f6lg\u0259\",\"item\":\"https:\\\/\\\/www.meydan.tv\\\/az\\\/section\\\/bolge\\\/\"},{\"@type\":\"ListItem\",\"position\":3,\"name\":\"K\u00f6rp\u00fcn\u00fcn u\u00e7ma s\u0259b\u0259bi: &#8220;Y\u00fcks\u0259k r\u00fctb\u0259li m\u0259mur Qudyal\u00e7ay\u0131 istismar edirdi&#8221;\"}]},{\"@type\":\"WebSite\",\"@id\":\"https:\\\/\\\/www.meydan.tv\\\/az\\\/#website\",\"url\":\"https:\\\/\\\/www.meydan.tv\\\/az\\\/\",\"name\":\"MEYDAN.TV\",\"description\":\"Meydan TV Az\u0259rbaycan\u0131n media m\u0259kan\u0131ndak\u0131 alternativ s\u0259sidir\",\"publisher\":{\"@id\":\"https:\\\/\\\/www.meydan.tv\\\/az\\\/#organization\"},\"potentialAction\":[{\"@type\":\"SearchAction\",\"target\":{\"@type\":\"EntryPoint\",\"urlTemplate\":\"https:\\\/\\\/www.meydan.tv\\\/az\\\/?s={search_term_string}\"},\"query-input\":{\"@type\":\"PropertyValueSpecification\",\"valueRequired\":true,\"valueName\":\"search_term_string\"}}],\"inLanguage\":\"az\"},{\"@type\":\"Organization\",\"@id\":\"https:\\\/\\\/www.meydan.tv\\\/az\\\/#organization\",\"name\":\"Meydan TV\",\"url\":\"https:\\\/\\\/www.meydan.tv\\\/az\\\/\",\"logo\":{\"@type\":\"ImageObject\",\"inLanguage\":\"az\",\"@id\":\"https:\\\/\\\/www.meydan.tv\\\/az\\\/#\\\/schema\\\/logo\\\/image\\\/\",\"url\":\"https:\\\/\\\/www.meydan.tv\\\/wp-content\\\/uploads\\\/2021\\\/07\\\/meydan-logo.svg\",\"contentUrl\":\"https:\\\/\\\/www.meydan.tv\\\/wp-content\\\/uploads\\\/2021\\\/07\\\/meydan-logo.svg\",\"width\":195,\"height\":46,\"caption\":\"Meydan TV\"},\"image\":{\"@id\":\"https:\\\/\\\/www.meydan.tv\\\/az\\\/#\\\/schema\\\/logo\\\/image\\\/\"}},{\"@type\":\"Person\",\"@id\":\"https:\\\/\\\/www.meydan.tv\\\/az\\\/#\\\/schema\\\/person\\\/9cdbecf90d17180ce1dfbd95b08dcf47\",\"name\":\"elli\",\"sameAs\":[\"https:\\\/\\\/x.com\\\/elli\"]}]}<\/script>\n<!-- \/ Yoast SEO plugin. -->","yoast_head_json":{"title":"K\u00f6rp\u00fcn\u00fcn u\u00e7ma s\u0259b\u0259bi: \"Y\u00fcks\u0259k r\u00fctb\u0259li m\u0259mur Qudyal\u00e7ay\u0131 istismar edirdi\" - MEYDAN.TV","robots":{"index":"index","follow":"follow","max-snippet":"max-snippet:-1","max-image-preview":"max-image-preview:large","max-video-preview":"max-video-preview:-1"},"canonical":"https:\/\/www.meydan.tv\/az\/article\/korpunun-ucma-sebebi-yuksek-rutbeli-memur-qudyalcayi-istismar-edirdi\/","og_locale":"az_AZ","og_type":"article","og_title":"K\u00f6rp\u00fcn\u00fcn u\u00e7ma s\u0259b\u0259bi: \"Y\u00fcks\u0259k r\u00fctb\u0259li m\u0259mur Qudyal\u00e7ay\u0131 istismar edirdi\" - MEYDAN.TV","og_description":"&#8220;K\u00f6rp\u00fcn\u00fcn q\u0259zal\u0131 olmas\u0131 bar\u0259d\u0259 r\u0259y vard\u0131, amma gedi\u015f-g\u0259li\u015f dayand\u0131r\u0131lmad\u0131&#8221; \u201cK\u00f6rp\u00fcn\u00fcn ... Davam\u0131","og_url":"https:\/\/www.meydan.tv\/az\/article\/korpunun-ucma-sebebi-yuksek-rutbeli-memur-qudyalcayi-istismar-edirdi\/","og_site_name":"MEYDAN.TV","article_published_time":"2023-09-18T09:51:12+00:00","article_modified_time":"2023-09-18T09:54:55+00:00","og_image":[{"width":1200,"height":540,"url":"https:\/\/www.meydan.tv\/wp-content\/uploads\/15d1045_2661b670-834a-49fe-8813-11451278853a.jpg","type":"image\/jpeg"}],"author":"elli","twitter_card":"summary_large_image","twitter_creator":"@elli","schema":{"@context":"https:\/\/schema.org","@graph":[{"@type":"Article","@id":"https:\/\/www.meydan.tv\/az\/article\/korpunun-ucma-sebebi-yuksek-rutbeli-memur-qudyalcayi-istismar-edirdi\/#article","isPartOf":{"@id":"https:\/\/www.meydan.tv\/az\/article\/korpunun-ucma-sebebi-yuksek-rutbeli-memur-qudyalcayi-istismar-edirdi\/"},"author":{"name":"elli","@id":"https:\/\/www.meydan.tv\/az\/#\/schema\/person\/9cdbecf90d17180ce1dfbd95b08dcf47"},"headline":"K\u00f6rp\u00fcn\u00fcn u\u00e7ma s\u0259b\u0259bi: &#8220;Y\u00fcks\u0259k r\u00fctb\u0259li m\u0259mur Qudyal\u00e7ay\u0131 istismar edirdi&#8221;","datePublished":"2023-09-18T09:51:12+00:00","dateModified":"2023-09-18T09:54:55+00:00","mainEntityOfPage":{"@id":"https:\/\/www.meydan.tv\/az\/article\/korpunun-ucma-sebebi-yuksek-rutbeli-memur-qudyalcayi-istismar-edirdi\/"},"wordCount":603,"publisher":{"@id":"https:\/\/www.meydan.tv\/az\/#organization"},"image":{"@id":"https:\/\/www.meydan.tv\/az\/article\/korpunun-ucma-sebebi-yuksek-rutbeli-memur-qudyalcayi-istismar-edirdi\/#primaryimage"},"thumbnailUrl":"https:\/\/www.meydan.tv\/wp-content\/uploads\/15d1045_2661b670-834a-49fe-8813-11451278853a.jpg","articleSection":["B\u00f6lg\u0259","Redaktor se\u00e7imi","X\u0259b\u0259rl\u0259r"],"inLanguage":"az"},{"@type":"WebPage","@id":"https:\/\/www.meydan.tv\/az\/article\/korpunun-ucma-sebebi-yuksek-rutbeli-memur-qudyalcayi-istismar-edirdi\/","url":"https:\/\/www.meydan.tv\/az\/article\/korpunun-ucma-sebebi-yuksek-rutbeli-memur-qudyalcayi-istismar-edirdi\/","name":"K\u00f6rp\u00fcn\u00fcn u\u00e7ma s\u0259b\u0259bi: \"Y\u00fcks\u0259k r\u00fctb\u0259li m\u0259mur Qudyal\u00e7ay\u0131 istismar edirdi\" - MEYDAN.TV","isPartOf":{"@id":"https:\/\/www.meydan.tv\/az\/#website"},"primaryImageOfPage":{"@id":"https:\/\/www.meydan.tv\/az\/article\/korpunun-ucma-sebebi-yuksek-rutbeli-memur-qudyalcayi-istismar-edirdi\/#primaryimage"},"image":{"@id":"https:\/\/www.meydan.tv\/az\/article\/korpunun-ucma-sebebi-yuksek-rutbeli-memur-qudyalcayi-istismar-edirdi\/#primaryimage"},"thumbnailUrl":"https:\/\/www.meydan.tv\/wp-content\/uploads\/15d1045_2661b670-834a-49fe-8813-11451278853a.jpg","datePublished":"2023-09-18T09:51:12+00:00","dateModified":"2023-09-18T09:54:55+00:00","breadcrumb":{"@id":"https:\/\/www.meydan.tv\/az\/article\/korpunun-ucma-sebebi-yuksek-rutbeli-memur-qudyalcayi-istismar-edirdi\/#breadcrumb"},"inLanguage":"az","potentialAction":[{"@type":"ReadAction","target":["https:\/\/www.meydan.tv\/az\/article\/korpunun-ucma-sebebi-yuksek-rutbeli-memur-qudyalcayi-istismar-edirdi\/"]}]},{"@type":"ImageObject","inLanguage":"az","@id":"https:\/\/www.meydan.tv\/az\/article\/korpunun-ucma-sebebi-yuksek-rutbeli-memur-qudyalcayi-istismar-edirdi\/#primaryimage","url":"https:\/\/www.meydan.tv\/wp-content\/uploads\/15d1045_2661b670-834a-49fe-8813-11451278853a.jpg","contentUrl":"https:\/\/www.meydan.tv\/wp-content\/uploads\/15d1045_2661b670-834a-49fe-8813-11451278853a.jpg","width":1200,"height":540,"caption":"Foto: FHN"},{"@type":"BreadcrumbList","@id":"https:\/\/www.meydan.tv\/az\/article\/korpunun-ucma-sebebi-yuksek-rutbeli-memur-qudyalcayi-istismar-edirdi\/#breadcrumb","itemListElement":[{"@type":"ListItem","position":1,"name":"Ana s\u0259hif\u0259","item":"https:\/\/www.meydan.tv\/az\/"},{"@type":"ListItem","position":2,"name":"B\u00f6lg\u0259","item":"https:\/\/www.meydan.tv\/az\/section\/bolge\/"},{"@type":"ListItem","position":3,"name":"K\u00f6rp\u00fcn\u00fcn u\u00e7ma s\u0259b\u0259bi: &#8220;Y\u00fcks\u0259k r\u00fctb\u0259li m\u0259mur Qudyal\u00e7ay\u0131 istismar edirdi&#8221;"}]},{"@type":"WebSite","@id":"https:\/\/www.meydan.tv\/az\/#website","url":"https:\/\/www.meydan.tv\/az\/","name":"MEYDAN.TV","description":"Meydan TV Az\u0259rbaycan\u0131n media m\u0259kan\u0131ndak\u0131 alternativ s\u0259sidir","publisher":{"@id":"https:\/\/www.meydan.tv\/az\/#organization"},"potentialAction":[{"@type":"SearchAction","target":{"@type":"EntryPoint","urlTemplate":"https:\/\/www.meydan.tv\/az\/?s={search_term_string}"},"query-input":{"@type":"PropertyValueSpecification","valueRequired":true,"valueName":"search_term_string"}}],"inLanguage":"az"},{"@type":"Organization","@id":"https:\/\/www.meydan.tv\/az\/#organization","name":"Meydan TV","url":"https:\/\/www.meydan.tv\/az\/","logo":{"@type":"ImageObject","inLanguage":"az","@id":"https:\/\/www.meydan.tv\/az\/#\/schema\/logo\/image\/","url":"https:\/\/www.meydan.tv\/wp-content\/uploads\/2021\/07\/meydan-logo.svg","contentUrl":"https:\/\/www.meydan.tv\/wp-content\/uploads\/2021\/07\/meydan-logo.svg","width":195,"height":46,"caption":"Meydan TV"},"image":{"@id":"https:\/\/www.meydan.tv\/az\/#\/schema\/logo\/image\/"}},{"@type":"Person","@id":"https:\/\/www.meydan.tv\/az\/#\/schema\/person\/9cdbecf90d17180ce1dfbd95b08dcf47","name":"elli","sameAs":["https:\/\/x.com\/elli"]}]}},"_links":{"self":[{"href":"https:\/\/www.meydan.tv\/az\/wp-json\/wp\/v2\/posts\/285029","targetHints":{"allow":["GET"]}}],"collection":[{"href":"https:\/\/www.meydan.tv\/az\/wp-json\/wp\/v2\/posts"}],"about":[{"href":"https:\/\/www.meydan.tv\/az\/wp-json\/wp\/v2\/types\/post"}],"author":[{"embeddable":true,"href":"https:\/\/www.meydan.tv\/az\/wp-json\/wp\/v2\/users\/8"}],"replies":[{"embeddable":true,"href":"https:\/\/www.meydan.tv\/az\/wp-json\/wp\/v2\/comments?post=285029"}],"version-history":[{"count":4,"href":"https:\/\/www.meydan.tv\/az\/wp-json\/wp\/v2\/posts\/285029\/revisions"}],"predecessor-version":[{"id":285035,"href":"https:\/\/www.meydan.tv\/az\/wp-json\/wp\/v2\/posts\/285029\/revisions\/285035"}],"wp:featuredmedia":[{"embeddable":true,"href":"https:\/\/www.meydan.tv\/az\/wp-json\/wp\/v2\/media\/284837"}],"wp:attachment":[{"href":"https:\/\/www.meydan.tv\/az\/wp-json\/wp\/v2\/media?parent=285029"}],"wp:term":[{"taxonomy":"category","embeddable":true,"href":"https:\/\/www.meydan.tv\/az\/wp-json\/wp\/v2\/categories?post=285029"},{"taxonomy":"post_tag","embeddable":true,"href":"https:\/\/www.meydan.tv\/az\/wp-json\/wp\/v2\/tags?post=285029"}],"curies":[{"name":"wp","href":"https:\/\/api.w.org\/{rel}","templated":true}]}}