{"id":285002,"date":"2023-09-18T12:59:58","date_gmt":"2023-09-18T08:59:58","guid":{"rendered":"https:\/\/www.meydan.tv\/?p=285002"},"modified":"2023-09-18T13:00:04","modified_gmt":"2023-09-18T09:00:04","slug":"hovsan-sakinleri-binanin-tehlukeli-oldugunu-deyirler-daslar-tokulur","status":"publish","type":"post","link":"https:\/\/www.meydan.tv\/az\/article\/hovsan-sakinleri-binanin-tehlukeli-oldugunu-deyirler-daslar-tokulur\/","title":{"rendered":"H\u00f6vsan sakinl\u0259ri binan\u0131n t\u0259hl\u00fck\u0259li oldu\u011funu deyirl\u0259r: &#8220;&#8230;da\u015flar t\u00f6k\u00fcl\u00fcr&#8221;"},"content":{"rendered":"\n<p><\/p>\n\n\n\n<p><strong><em>Onlar m\u00fcraci\u0259tl\u0259rin\u0259 bax\u0131lmad\u0131\u011f\u0131n\u0131 bildirirl\u0259r<\/em><\/strong><\/p>\n\n\n\n<p>&#8220;<em>Bir az k\u00fcl\u0259k olan kimi binadan da\u015flar yer\u0259 t\u00f6k\u00fcl\u00fcr. Sonuncu hadis\u0259 bir ne\u00e7\u0259 g\u00fcn \u0259vv\u0259l ba\u015f verib. Xo\u015fb\u0259xtlikd\u0259n he\u00e7 kim x\u0259sar\u0259t almay\u0131b&#8221;.<\/em><\/p>\n\n\n\n<p>Bunu Meydan TV-y\u0259 Suraxan\u0131 rayonu, H\u00f6vsan q\u0259s\u0259b\u0259si, R\u00fcf\u0259t Abdullayev 3 \u00fcnvan\u0131n\u0131n sakinl\u0259ri bildiribl\u0259r.<\/p>\n\n\n\n<p>Onlar\u0131n s\u00f6zl\u0259rin\u0259 g\u00f6r\u0259, binada 60-a yax\u0131n m\u0259nzil var.<\/p>\n\n\n\n<p>&#8220;<em>H\u0259y\u0259td\u0259 daim u\u015faqlar oynay\u0131rlar. Binadan da\u015flar t\u00f6k\u00fcl\u00fcb, amma t\u0259dbir g\u00f6r\u0259n olmur. Halbuki h\u0259r an kimins\u0259 ba\u015f\u0131na da\u015f, k\u0259rpic q\u0131r\u0131nt\u0131lar\u0131 t\u00f6k\u00fcl\u0259 bil\u0259r. Bununla ba\u011fl\u0131 \u015fikay\u0259tl\u0259r edilib, amma t\u0259dbir g\u00f6r\u00fclm\u00fcr\u201d,-<\/em> bina sakinl\u0259rind\u0259n biri deyib.<\/p>\n\n\n\n<p>H\u00f6vsan sakini V\u0259fa Zeynalova deyib ki, H\u00f6vsandaki \u0259ks\u0259r k\u00f6hn\u0259 binalarda t\u0259hl\u00fck\u0259li v\u0259ziyy\u0259t h\u00f6km s\u00fcr\u00fcr.<\/p>\n\n\n\n<p>Bununla ba\u011fl\u0131 M\u0259nzil \u0130stismar Sah\u0259sin\u0259, b\u0259l\u0259diyy\u0259y\u0259 m\u0259lumatlar verilib.<\/p>\n\n\n<div class=\"wp-block-image\">\n<figure class=\"aligncenter size-large\"><img decoding=\"async\" width=\"1095\" height=\"821\" data-src=\"https:\/\/www.meydan.tv\/wp-content\/uploads\/image-16-09-23-01-55-1095x821.jpeg\" alt=\"\" class=\"wp-image-284974 lazyload\" src=\"data:image\/svg+xml;base64,PHN2ZyB3aWR0aD0iMSIgaGVpZ2h0PSIxIiB4bWxucz0iaHR0cDovL3d3dy53My5vcmcvMjAwMC9zdmciPjwvc3ZnPg==\" style=\"--smush-placeholder-width: 1095px; --smush-placeholder-aspect-ratio: 1095\/821;\" \/><\/figure>\n<\/div>\n\n\n<p>Sakinl\u0259r avtomobill\u0259ri binalar\u0131n yax\u0131n \u0259razil\u0259rin\u0259 park etm\u0259k m\u0259cburiyy\u0259tind\u0259 qal\u0131rlar. \u00c7\u00fcnki son ill\u0259r H\u00f6vsan s\u00fcr\u0259tl\u0259 b\u00f6y\u00fcy\u00fcr, yeni binalar tikilir, h\u0259tta \u0259ks\u0259r binalar\u0131n h\u0259y\u0259tind\u0259 parklama \u00fc\u00e7\u00fcn yer qalm\u0131r.<\/p>\n\n\n\n<p>H\u0259y\u0259t evl\u0259rinin tikintisin\u0259 icaz\u0259 ver\u0259n qurumlar s\u0131xl\u0131\u011f\u0131n v\u0259 parklanman\u0131n t\u0259hl\u00fck\u0259li v\u0259ziyy\u0259t yaradaca\u011f\u0131n\u0131 n\u0259z\u0259r\u0259 alm\u0131r, qorunmaq \u00fc\u00e7\u00fcn t\u0259hl\u00fck\u0259sizlik t\u0259dbirl\u0259ri g\u00f6rm\u00fcrl\u0259r. <\/p>\n\n\n\n<p>H\u00f6vsan b\u0259l\u0259diyy\u0259sind\u0259n bildiribl\u0259r ki, onlara bununla ba\u011fl\u0131 \u015fikay\u0259t daxil olmay\u0131b.<\/p>\n\n\n\n<p>\u018frazi M\u0259nzil \u0130stismar Sah\u0259sind\u0259n is\u0259 deyibl\u0259r ki, sakinl\u0259rin m\u00fcraci\u0259ti il\u0259 binaya bax\u0131\u015f ke\u00e7irilib, g\u00f6r\u00fcnt\u00fcl\u0259r \u00e7\u0259kil\u0259r\u0259k aidiyyat\u0131 qurumlara m\u00fcraci\u0259t edilib.<\/p>\n","protected":false},"excerpt":{"rendered":"<p>Onlar m\u00fcraci\u0259tl\u0259rin\u0259 bax\u0131lmad\u0131\u011f\u0131n\u0131 bildirirl\u0259r &#8220;Bir az k\u00fcl\u0259k olan kimi binadan &#8230; <\/p>\n<p class=\"read-more-container\"><a title=\"H\u00f6vsan sakinl\u0259ri binan\u0131n t\u0259hl\u00fck\u0259li oldu\u011funu deyirl\u0259r: &#8220;&#8230;da\u015flar t\u00f6k\u00fcl\u00fcr&#8221;\" class=\"read-more button\" href=\"https:\/\/www.meydan.tv\/az\/article\/hovsan-sakinleri-binanin-tehlukeli-oldugunu-deyirler-daslar-tokulur\/#more-285002\" aria-label=\"Read more about H\u00f6vsan sakinl\u0259ri binan\u0131n t\u0259hl\u00fck\u0259li oldu\u011funu deyirl\u0259r: &#8220;&#8230;da\u015flar t\u00f6k\u00fcl\u00fcr&#8221;\">Davam\u0131<\/a><\/p>\n","protected":false},"author":8,"featured_media":284977,"comment_status":"closed","ping_status":"closed","sticky":false,"template":"","format":"standard","meta":{"_acf_changed":false,"_sitemap_exclude":false,"_sitemap_priority":"","_sitemap_frequency":"","footnotes":""},"categories":[62,79,56],"tags":[],"class_list":["post-285002","post","type-post","status-publish","format-standard","has-post-thumbnail","hentry","category-sosial","category-featured","category-xeberler","infinite-scroll-item","generate-columns","tablet-grid-50","mobile-grid-100","grid-parent","grid-33","no-featured-image-padding"],"acf":[],"yoast_head":"<!-- This site is optimized with the Yoast SEO plugin v27.5 - https:\/\/yoast.com\/product\/yoast-seo-wordpress\/ -->\n<title>H\u00f6vsan sakinl\u0259ri binan\u0131n t\u0259hl\u00fck\u0259li oldu\u011funu deyirl\u0259r: &quot;...da\u015flar t\u00f6k\u00fcl\u00fcr&quot; - MEYDAN.TV<\/title>\n<meta name=\"robots\" content=\"index, follow, max-snippet:-1, max-image-preview:large, max-video-preview:-1\" \/>\n<link rel=\"canonical\" href=\"https:\/\/www.meydan.tv\/az\/article\/hovsan-sakinleri-binanin-tehlukeli-oldugunu-deyirler-daslar-tokulur\/\" \/>\n<meta property=\"og:locale\" content=\"az_AZ\" \/>\n<meta property=\"og:type\" content=\"article\" \/>\n<meta property=\"og:title\" content=\"H\u00f6vsan sakinl\u0259ri binan\u0131n t\u0259hl\u00fck\u0259li oldu\u011funu deyirl\u0259r: &quot;...da\u015flar t\u00f6k\u00fcl\u00fcr&quot; - MEYDAN.TV\" \/>\n<meta property=\"og:description\" content=\"Onlar m\u00fcraci\u0259tl\u0259rin\u0259 bax\u0131lmad\u0131\u011f\u0131n\u0131 bildirirl\u0259r &#8220;Bir az k\u00fcl\u0259k olan kimi binadan ... Davam\u0131\" \/>\n<meta property=\"og:url\" content=\"https:\/\/www.meydan.tv\/az\/article\/hovsan-sakinleri-binanin-tehlukeli-oldugunu-deyirler-daslar-tokulur\/\" \/>\n<meta property=\"og:site_name\" content=\"MEYDAN.TV\" \/>\n<meta property=\"article:published_time\" content=\"2023-09-18T08:59:58+00:00\" \/>\n<meta property=\"article:modified_time\" content=\"2023-09-18T09:00:04+00:00\" \/>\n<meta property=\"og:image\" content=\"https:\/\/www.meydan.tv\/wp-content\/uploads\/image-16-09-23-01-55-1.jpeg\" \/>\n\t<meta property=\"og:image:width\" content=\"1600\" \/>\n\t<meta property=\"og:image:height\" content=\"1200\" \/>\n\t<meta property=\"og:image:type\" content=\"image\/jpeg\" \/>\n<meta name=\"author\" content=\"elli\" \/>\n<meta name=\"twitter:card\" content=\"summary_large_image\" \/>\n<meta name=\"twitter:creator\" content=\"@elli\" \/>\n<script type=\"application\/ld+json\" class=\"yoast-schema-graph\">{\"@context\":\"https:\\\/\\\/schema.org\",\"@graph\":[{\"@type\":\"Article\",\"@id\":\"https:\\\/\\\/www.meydan.tv\\\/az\\\/article\\\/hovsan-sakinleri-binanin-tehlukeli-oldugunu-deyirler-daslar-tokulur\\\/#article\",\"isPartOf\":{\"@id\":\"https:\\\/\\\/www.meydan.tv\\\/az\\\/article\\\/hovsan-sakinleri-binanin-tehlukeli-oldugunu-deyirler-daslar-tokulur\\\/\"},\"author\":{\"name\":\"elli\",\"@id\":\"https:\\\/\\\/www.meydan.tv\\\/az\\\/#\\\/schema\\\/person\\\/9cdbecf90d17180ce1dfbd95b08dcf47\"},\"headline\":\"H\u00f6vsan sakinl\u0259ri binan\u0131n t\u0259hl\u00fck\u0259li oldu\u011funu deyirl\u0259r: &#8220;&#8230;da\u015flar t\u00f6k\u00fcl\u00fcr&#8221;\",\"datePublished\":\"2023-09-18T08:59:58+00:00\",\"dateModified\":\"2023-09-18T09:00:04+00:00\",\"mainEntityOfPage\":{\"@id\":\"https:\\\/\\\/www.meydan.tv\\\/az\\\/article\\\/hovsan-sakinleri-binanin-tehlukeli-oldugunu-deyirler-daslar-tokulur\\\/\"},\"wordCount\":351,\"publisher\":{\"@id\":\"https:\\\/\\\/www.meydan.tv\\\/az\\\/#organization\"},\"image\":{\"@id\":\"https:\\\/\\\/www.meydan.tv\\\/az\\\/article\\\/hovsan-sakinleri-binanin-tehlukeli-oldugunu-deyirler-daslar-tokulur\\\/#primaryimage\"},\"thumbnailUrl\":\"https:\\\/\\\/www.meydan.tv\\\/wp-content\\\/uploads\\\/image-16-09-23-01-55-1.jpeg\",\"articleSection\":[\"Sosial\",\"T\u00f6vsiy\u0259\",\"X\u0259b\u0259rl\u0259r\"],\"inLanguage\":\"az\"},{\"@type\":\"WebPage\",\"@id\":\"https:\\\/\\\/www.meydan.tv\\\/az\\\/article\\\/hovsan-sakinleri-binanin-tehlukeli-oldugunu-deyirler-daslar-tokulur\\\/\",\"url\":\"https:\\\/\\\/www.meydan.tv\\\/az\\\/article\\\/hovsan-sakinleri-binanin-tehlukeli-oldugunu-deyirler-daslar-tokulur\\\/\",\"name\":\"H\u00f6vsan sakinl\u0259ri binan\u0131n t\u0259hl\u00fck\u0259li oldu\u011funu deyirl\u0259r: \\\"...da\u015flar t\u00f6k\u00fcl\u00fcr\\\" - MEYDAN.TV\",\"isPartOf\":{\"@id\":\"https:\\\/\\\/www.meydan.tv\\\/az\\\/#website\"},\"primaryImageOfPage\":{\"@id\":\"https:\\\/\\\/www.meydan.tv\\\/az\\\/article\\\/hovsan-sakinleri-binanin-tehlukeli-oldugunu-deyirler-daslar-tokulur\\\/#primaryimage\"},\"image\":{\"@id\":\"https:\\\/\\\/www.meydan.tv\\\/az\\\/article\\\/hovsan-sakinleri-binanin-tehlukeli-oldugunu-deyirler-daslar-tokulur\\\/#primaryimage\"},\"thumbnailUrl\":\"https:\\\/\\\/www.meydan.tv\\\/wp-content\\\/uploads\\\/image-16-09-23-01-55-1.jpeg\",\"datePublished\":\"2023-09-18T08:59:58+00:00\",\"dateModified\":\"2023-09-18T09:00:04+00:00\",\"breadcrumb\":{\"@id\":\"https:\\\/\\\/www.meydan.tv\\\/az\\\/article\\\/hovsan-sakinleri-binanin-tehlukeli-oldugunu-deyirler-daslar-tokulur\\\/#breadcrumb\"},\"inLanguage\":\"az\",\"potentialAction\":[{\"@type\":\"ReadAction\",\"target\":[\"https:\\\/\\\/www.meydan.tv\\\/az\\\/article\\\/hovsan-sakinleri-binanin-tehlukeli-oldugunu-deyirler-daslar-tokulur\\\/\"]}]},{\"@type\":\"ImageObject\",\"inLanguage\":\"az\",\"@id\":\"https:\\\/\\\/www.meydan.tv\\\/az\\\/article\\\/hovsan-sakinleri-binanin-tehlukeli-oldugunu-deyirler-daslar-tokulur\\\/#primaryimage\",\"url\":\"https:\\\/\\\/www.meydan.tv\\\/wp-content\\\/uploads\\\/image-16-09-23-01-55-1.jpeg\",\"contentUrl\":\"https:\\\/\\\/www.meydan.tv\\\/wp-content\\\/uploads\\\/image-16-09-23-01-55-1.jpeg\",\"width\":1600,\"height\":1200,\"caption\":\"Fotolar: Meydan TV\"},{\"@type\":\"BreadcrumbList\",\"@id\":\"https:\\\/\\\/www.meydan.tv\\\/az\\\/article\\\/hovsan-sakinleri-binanin-tehlukeli-oldugunu-deyirler-daslar-tokulur\\\/#breadcrumb\",\"itemListElement\":[{\"@type\":\"ListItem\",\"position\":1,\"name\":\"Ana s\u0259hif\u0259\",\"item\":\"https:\\\/\\\/www.meydan.tv\\\/az\\\/\"},{\"@type\":\"ListItem\",\"position\":2,\"name\":\"Sosial\",\"item\":\"https:\\\/\\\/www.meydan.tv\\\/az\\\/section\\\/sosial\\\/\"},{\"@type\":\"ListItem\",\"position\":3,\"name\":\"H\u00f6vsan sakinl\u0259ri binan\u0131n t\u0259hl\u00fck\u0259li oldu\u011funu deyirl\u0259r: &#8220;&#8230;da\u015flar t\u00f6k\u00fcl\u00fcr&#8221;\"}]},{\"@type\":\"WebSite\",\"@id\":\"https:\\\/\\\/www.meydan.tv\\\/az\\\/#website\",\"url\":\"https:\\\/\\\/www.meydan.tv\\\/az\\\/\",\"name\":\"MEYDAN.TV\",\"description\":\"Meydan TV Az\u0259rbaycan\u0131n media m\u0259kan\u0131ndak\u0131 alternativ s\u0259sidir\",\"publisher\":{\"@id\":\"https:\\\/\\\/www.meydan.tv\\\/az\\\/#organization\"},\"potentialAction\":[{\"@type\":\"SearchAction\",\"target\":{\"@type\":\"EntryPoint\",\"urlTemplate\":\"https:\\\/\\\/www.meydan.tv\\\/az\\\/?s={search_term_string}\"},\"query-input\":{\"@type\":\"PropertyValueSpecification\",\"valueRequired\":true,\"valueName\":\"search_term_string\"}}],\"inLanguage\":\"az\"},{\"@type\":\"Organization\",\"@id\":\"https:\\\/\\\/www.meydan.tv\\\/az\\\/#organization\",\"name\":\"Meydan TV\",\"url\":\"https:\\\/\\\/www.meydan.tv\\\/az\\\/\",\"logo\":{\"@type\":\"ImageObject\",\"inLanguage\":\"az\",\"@id\":\"https:\\\/\\\/www.meydan.tv\\\/az\\\/#\\\/schema\\\/logo\\\/image\\\/\",\"url\":\"https:\\\/\\\/www.meydan.tv\\\/wp-content\\\/uploads\\\/2021\\\/07\\\/meydan-logo.svg\",\"contentUrl\":\"https:\\\/\\\/www.meydan.tv\\\/wp-content\\\/uploads\\\/2021\\\/07\\\/meydan-logo.svg\",\"width\":195,\"height\":46,\"caption\":\"Meydan TV\"},\"image\":{\"@id\":\"https:\\\/\\\/www.meydan.tv\\\/az\\\/#\\\/schema\\\/logo\\\/image\\\/\"}},{\"@type\":\"Person\",\"@id\":\"https:\\\/\\\/www.meydan.tv\\\/az\\\/#\\\/schema\\\/person\\\/9cdbecf90d17180ce1dfbd95b08dcf47\",\"name\":\"elli\",\"sameAs\":[\"https:\\\/\\\/x.com\\\/elli\"]}]}<\/script>\n<!-- \/ Yoast SEO plugin. -->","yoast_head_json":{"title":"H\u00f6vsan sakinl\u0259ri binan\u0131n t\u0259hl\u00fck\u0259li oldu\u011funu deyirl\u0259r: \"...da\u015flar t\u00f6k\u00fcl\u00fcr\" - MEYDAN.TV","robots":{"index":"index","follow":"follow","max-snippet":"max-snippet:-1","max-image-preview":"max-image-preview:large","max-video-preview":"max-video-preview:-1"},"canonical":"https:\/\/www.meydan.tv\/az\/article\/hovsan-sakinleri-binanin-tehlukeli-oldugunu-deyirler-daslar-tokulur\/","og_locale":"az_AZ","og_type":"article","og_title":"H\u00f6vsan sakinl\u0259ri binan\u0131n t\u0259hl\u00fck\u0259li oldu\u011funu deyirl\u0259r: \"...da\u015flar t\u00f6k\u00fcl\u00fcr\" - MEYDAN.TV","og_description":"Onlar m\u00fcraci\u0259tl\u0259rin\u0259 bax\u0131lmad\u0131\u011f\u0131n\u0131 bildirirl\u0259r &#8220;Bir az k\u00fcl\u0259k olan kimi binadan ... Davam\u0131","og_url":"https:\/\/www.meydan.tv\/az\/article\/hovsan-sakinleri-binanin-tehlukeli-oldugunu-deyirler-daslar-tokulur\/","og_site_name":"MEYDAN.TV","article_published_time":"2023-09-18T08:59:58+00:00","article_modified_time":"2023-09-18T09:00:04+00:00","og_image":[{"width":1600,"height":1200,"url":"https:\/\/www.meydan.tv\/wp-content\/uploads\/image-16-09-23-01-55-1.jpeg","type":"image\/jpeg"}],"author":"elli","twitter_card":"summary_large_image","twitter_creator":"@elli","schema":{"@context":"https:\/\/schema.org","@graph":[{"@type":"Article","@id":"https:\/\/www.meydan.tv\/az\/article\/hovsan-sakinleri-binanin-tehlukeli-oldugunu-deyirler-daslar-tokulur\/#article","isPartOf":{"@id":"https:\/\/www.meydan.tv\/az\/article\/hovsan-sakinleri-binanin-tehlukeli-oldugunu-deyirler-daslar-tokulur\/"},"author":{"name":"elli","@id":"https:\/\/www.meydan.tv\/az\/#\/schema\/person\/9cdbecf90d17180ce1dfbd95b08dcf47"},"headline":"H\u00f6vsan sakinl\u0259ri binan\u0131n t\u0259hl\u00fck\u0259li oldu\u011funu deyirl\u0259r: &#8220;&#8230;da\u015flar t\u00f6k\u00fcl\u00fcr&#8221;","datePublished":"2023-09-18T08:59:58+00:00","dateModified":"2023-09-18T09:00:04+00:00","mainEntityOfPage":{"@id":"https:\/\/www.meydan.tv\/az\/article\/hovsan-sakinleri-binanin-tehlukeli-oldugunu-deyirler-daslar-tokulur\/"},"wordCount":351,"publisher":{"@id":"https:\/\/www.meydan.tv\/az\/#organization"},"image":{"@id":"https:\/\/www.meydan.tv\/az\/article\/hovsan-sakinleri-binanin-tehlukeli-oldugunu-deyirler-daslar-tokulur\/#primaryimage"},"thumbnailUrl":"https:\/\/www.meydan.tv\/wp-content\/uploads\/image-16-09-23-01-55-1.jpeg","articleSection":["Sosial","T\u00f6vsiy\u0259","X\u0259b\u0259rl\u0259r"],"inLanguage":"az"},{"@type":"WebPage","@id":"https:\/\/www.meydan.tv\/az\/article\/hovsan-sakinleri-binanin-tehlukeli-oldugunu-deyirler-daslar-tokulur\/","url":"https:\/\/www.meydan.tv\/az\/article\/hovsan-sakinleri-binanin-tehlukeli-oldugunu-deyirler-daslar-tokulur\/","name":"H\u00f6vsan sakinl\u0259ri binan\u0131n t\u0259hl\u00fck\u0259li oldu\u011funu deyirl\u0259r: \"...da\u015flar t\u00f6k\u00fcl\u00fcr\" - MEYDAN.TV","isPartOf":{"@id":"https:\/\/www.meydan.tv\/az\/#website"},"primaryImageOfPage":{"@id":"https:\/\/www.meydan.tv\/az\/article\/hovsan-sakinleri-binanin-tehlukeli-oldugunu-deyirler-daslar-tokulur\/#primaryimage"},"image":{"@id":"https:\/\/www.meydan.tv\/az\/article\/hovsan-sakinleri-binanin-tehlukeli-oldugunu-deyirler-daslar-tokulur\/#primaryimage"},"thumbnailUrl":"https:\/\/www.meydan.tv\/wp-content\/uploads\/image-16-09-23-01-55-1.jpeg","datePublished":"2023-09-18T08:59:58+00:00","dateModified":"2023-09-18T09:00:04+00:00","breadcrumb":{"@id":"https:\/\/www.meydan.tv\/az\/article\/hovsan-sakinleri-binanin-tehlukeli-oldugunu-deyirler-daslar-tokulur\/#breadcrumb"},"inLanguage":"az","potentialAction":[{"@type":"ReadAction","target":["https:\/\/www.meydan.tv\/az\/article\/hovsan-sakinleri-binanin-tehlukeli-oldugunu-deyirler-daslar-tokulur\/"]}]},{"@type":"ImageObject","inLanguage":"az","@id":"https:\/\/www.meydan.tv\/az\/article\/hovsan-sakinleri-binanin-tehlukeli-oldugunu-deyirler-daslar-tokulur\/#primaryimage","url":"https:\/\/www.meydan.tv\/wp-content\/uploads\/image-16-09-23-01-55-1.jpeg","contentUrl":"https:\/\/www.meydan.tv\/wp-content\/uploads\/image-16-09-23-01-55-1.jpeg","width":1600,"height":1200,"caption":"Fotolar: Meydan TV"},{"@type":"BreadcrumbList","@id":"https:\/\/www.meydan.tv\/az\/article\/hovsan-sakinleri-binanin-tehlukeli-oldugunu-deyirler-daslar-tokulur\/#breadcrumb","itemListElement":[{"@type":"ListItem","position":1,"name":"Ana s\u0259hif\u0259","item":"https:\/\/www.meydan.tv\/az\/"},{"@type":"ListItem","position":2,"name":"Sosial","item":"https:\/\/www.meydan.tv\/az\/section\/sosial\/"},{"@type":"ListItem","position":3,"name":"H\u00f6vsan sakinl\u0259ri binan\u0131n t\u0259hl\u00fck\u0259li oldu\u011funu deyirl\u0259r: &#8220;&#8230;da\u015flar t\u00f6k\u00fcl\u00fcr&#8221;"}]},{"@type":"WebSite","@id":"https:\/\/www.meydan.tv\/az\/#website","url":"https:\/\/www.meydan.tv\/az\/","name":"MEYDAN.TV","description":"Meydan TV Az\u0259rbaycan\u0131n media m\u0259kan\u0131ndak\u0131 alternativ s\u0259sidir","publisher":{"@id":"https:\/\/www.meydan.tv\/az\/#organization"},"potentialAction":[{"@type":"SearchAction","target":{"@type":"EntryPoint","urlTemplate":"https:\/\/www.meydan.tv\/az\/?s={search_term_string}"},"query-input":{"@type":"PropertyValueSpecification","valueRequired":true,"valueName":"search_term_string"}}],"inLanguage":"az"},{"@type":"Organization","@id":"https:\/\/www.meydan.tv\/az\/#organization","name":"Meydan TV","url":"https:\/\/www.meydan.tv\/az\/","logo":{"@type":"ImageObject","inLanguage":"az","@id":"https:\/\/www.meydan.tv\/az\/#\/schema\/logo\/image\/","url":"https:\/\/www.meydan.tv\/wp-content\/uploads\/2021\/07\/meydan-logo.svg","contentUrl":"https:\/\/www.meydan.tv\/wp-content\/uploads\/2021\/07\/meydan-logo.svg","width":195,"height":46,"caption":"Meydan TV"},"image":{"@id":"https:\/\/www.meydan.tv\/az\/#\/schema\/logo\/image\/"}},{"@type":"Person","@id":"https:\/\/www.meydan.tv\/az\/#\/schema\/person\/9cdbecf90d17180ce1dfbd95b08dcf47","name":"elli","sameAs":["https:\/\/x.com\/elli"]}]}},"_links":{"self":[{"href":"https:\/\/www.meydan.tv\/az\/wp-json\/wp\/v2\/posts\/285002","targetHints":{"allow":["GET"]}}],"collection":[{"href":"https:\/\/www.meydan.tv\/az\/wp-json\/wp\/v2\/posts"}],"about":[{"href":"https:\/\/www.meydan.tv\/az\/wp-json\/wp\/v2\/types\/post"}],"author":[{"embeddable":true,"href":"https:\/\/www.meydan.tv\/az\/wp-json\/wp\/v2\/users\/8"}],"replies":[{"embeddable":true,"href":"https:\/\/www.meydan.tv\/az\/wp-json\/wp\/v2\/comments?post=285002"}],"version-history":[{"count":3,"href":"https:\/\/www.meydan.tv\/az\/wp-json\/wp\/v2\/posts\/285002\/revisions"}],"predecessor-version":[{"id":285011,"href":"https:\/\/www.meydan.tv\/az\/wp-json\/wp\/v2\/posts\/285002\/revisions\/285011"}],"wp:featuredmedia":[{"embeddable":true,"href":"https:\/\/www.meydan.tv\/az\/wp-json\/wp\/v2\/media\/284977"}],"wp:attachment":[{"href":"https:\/\/www.meydan.tv\/az\/wp-json\/wp\/v2\/media?parent=285002"}],"wp:term":[{"taxonomy":"category","embeddable":true,"href":"https:\/\/www.meydan.tv\/az\/wp-json\/wp\/v2\/categories?post=285002"},{"taxonomy":"post_tag","embeddable":true,"href":"https:\/\/www.meydan.tv\/az\/wp-json\/wp\/v2\/tags?post=285002"}],"curies":[{"name":"wp","href":"https:\/\/api.w.org\/{rel}","templated":true}]}}