{"id":284995,"date":"2023-09-18T12:18:11","date_gmt":"2023-09-18T08:18:11","guid":{"rendered":"https:\/\/www.meydan.tv\/?p=284995"},"modified":"2023-09-18T12:43:23","modified_gmt":"2023-09-18T08:43:23","slug":"qarabagda-maaslarini-ala-bilmeyen-isciler-etiraz-edir","status":"publish","type":"post","link":"https:\/\/www.meydan.tv\/az\/article\/qarabagda-maaslarini-ala-bilmeyen-isciler-etiraz-edir\/","title":{"rendered":"Qaraba\u011fda maa\u015flar\u0131n\u0131 ala bilm\u0259y\u0259n i\u015f\u00e7il\u0259r etiraz edir"},"content":{"rendered":"\n<figure class=\"wp-block-embed is-type-video is-provider-youtube wp-block-embed-youtube wp-embed-aspect-16-9 wp-has-aspect-ratio\"><div class=\"wp-block-embed__wrapper\">\n<iframe title=\"Qaraba\u011fda maa\u015flar\u0131n\u0131 ala bilm\u0259y\u0259n i\u015f\u00e7il\u0259r etiraz edir\" width=\"1200\" height=\"675\" data-src=\"https:\/\/www.youtube.com\/embed\/UCbl9uJu9Ro?feature=oembed\" frameborder=\"0\" allow=\"accelerometer; autoplay; clipboard-write; encrypted-media; gyroscope; picture-in-picture; web-share\" allowfullscreen src=\"data:image\/svg+xml;base64,PHN2ZyB3aWR0aD0iMSIgaGVpZ2h0PSIxIiB4bWxucz0iaHR0cDovL3d3dy53My5vcmcvMjAwMC9zdmciPjwvc3ZnPg==\" class=\"lazyload\" data-load-mode=\"1\"><\/iframe>\n<\/div><\/figure>\n\n\n\n<p>Qaraba\u011fda Z\u0259ngilan v\u0259 Qubadl\u0131 b\u00f6lg\u0259l\u0259rind\u0259 i\u015fl\u0259mi\u015f f\u0259hl\u0259l\u0259r \u0259m\u0259khaqlar\u0131n\u0131 ala bilm\u0259dikl\u0259ri \u00fc\u00e7\u00fcn &#8220;\u018fm\u0259k M\u00fch\u0259ndislik MMC&#8221;nin qar\u015f\u0131s\u0131nda etiraz edir.<\/p>\n\n\n\n<p> Onlar deyir ki, subpodrat\u00e7\u0131 &#8220;Universal 2018 MMC&#8221; tikinti \u015firk\u0259tind\u0259 \u00e7al\u0131\u015fsalar da, onlar\u0131n \u0259m\u0259k haqlar\u0131 \u00f6d\u0259nm\u0259yib i\u015f\u00e7il\u0259r \u015fikay\u0259t edir ki, bir ne\u00e7\u0259 d\u0259f\u0259 onlara maa\u015flar\u0131n\u0131n veril\u0259c\u0259yi v\u0259d olunsa da, veril\u0259n s\u00f6zl\u0259r h\u0259yata ke\u00e7m\u0259yib. <\/p>\n\n\n\n<p>Lakin maa\u015flar\u0131n\u0131 t\u0259l\u0259b etdikl\u0259ri &#8220;\u018fm\u0259k M\u00fch\u0259ndislik MMC&#8221;d\u0259n onlara bildirilib ki, \u0259m\u0259k m\u00fcqavil\u0259l\u0259ri olmad\u0131\u011f\u0131ndan \u015firk\u0259t onlara maa\u015f \u00f6d\u0259y\u0259 bilm\u0259z. Lakin i\u015f\u00e7il\u0259r m\u00fcqavil\u0259l\u0259rinin oldu\u011funu bildirir. \u0130\u015f\u00e7il\u0259r etiraz aksiyas\u0131ndan sonra \u00f6z \u0259m\u0259k haqlar\u0131n\u0131 ala bilib.<\/p>\n","protected":false},"excerpt":{"rendered":"<p>Qaraba\u011fda Z\u0259ngilan v\u0259 Qubadl\u0131 b\u00f6lg\u0259l\u0259rind\u0259 i\u015fl\u0259mi\u015f f\u0259hl\u0259l\u0259r \u0259m\u0259khaqlar\u0131n\u0131 ala bilm\u0259dikl\u0259ri &#8230; <\/p>\n<p class=\"read-more-container\"><a title=\"Qaraba\u011fda maa\u015flar\u0131n\u0131 ala bilm\u0259y\u0259n i\u015f\u00e7il\u0259r etiraz edir\" class=\"read-more button\" href=\"https:\/\/www.meydan.tv\/az\/article\/qarabagda-maaslarini-ala-bilmeyen-isciler-etiraz-edir\/#more-284995\" aria-label=\"Read more about Qaraba\u011fda maa\u015flar\u0131n\u0131 ala bilm\u0259y\u0259n i\u015f\u00e7il\u0259r etiraz edir\">Davam\u0131<\/a><\/p>\n","protected":false},"author":12,"featured_media":284996,"comment_status":"closed","ping_status":"closed","sticky":false,"template":"","format":"standard","meta":{"_acf_changed":false,"_sitemap_exclude":false,"_sitemap_priority":"","_sitemap_frequency":"","footnotes":""},"categories":[63],"tags":[],"class_list":["post-284995","post","type-post","status-publish","format-standard","has-post-thumbnail","hentry","category-video-2","infinite-scroll-item","generate-columns","tablet-grid-50","mobile-grid-100","grid-parent","grid-33","no-featured-image-padding"],"acf":[],"yoast_head":"<!-- This site is optimized with the Yoast SEO plugin v27.5 - https:\/\/yoast.com\/product\/yoast-seo-wordpress\/ -->\n<title>Qaraba\u011fda maa\u015flar\u0131n\u0131 ala bilm\u0259y\u0259n i\u015f\u00e7il\u0259r etiraz edir - MEYDAN.TV<\/title>\n<meta name=\"robots\" content=\"index, follow, max-snippet:-1, max-image-preview:large, max-video-preview:-1\" \/>\n<link rel=\"canonical\" href=\"https:\/\/www.meydan.tv\/az\/article\/qarabagda-maaslarini-ala-bilmeyen-isciler-etiraz-edir\/\" \/>\n<meta property=\"og:locale\" content=\"az_AZ\" \/>\n<meta property=\"og:type\" content=\"article\" \/>\n<meta property=\"og:title\" content=\"Qaraba\u011fda maa\u015flar\u0131n\u0131 ala bilm\u0259y\u0259n i\u015f\u00e7il\u0259r etiraz edir - MEYDAN.TV\" \/>\n<meta property=\"og:description\" content=\"Qaraba\u011fda Z\u0259ngilan v\u0259 Qubadl\u0131 b\u00f6lg\u0259l\u0259rind\u0259 i\u015fl\u0259mi\u015f f\u0259hl\u0259l\u0259r \u0259m\u0259khaqlar\u0131n\u0131 ala bilm\u0259dikl\u0259ri ... Davam\u0131\" \/>\n<meta property=\"og:url\" content=\"https:\/\/www.meydan.tv\/az\/article\/qarabagda-maaslarini-ala-bilmeyen-isciler-etiraz-edir\/\" \/>\n<meta property=\"og:site_name\" content=\"MEYDAN.TV\" \/>\n<meta property=\"article:published_time\" content=\"2023-09-18T08:18:11+00:00\" \/>\n<meta property=\"article:modified_time\" content=\"2023-09-18T08:43:23+00:00\" \/>\n<meta property=\"og:image\" content=\"https:\/\/www.meydan.tv\/wp-content\/uploads\/screenshot-2023-09-14-at-17.28.55.png\" \/>\n\t<meta property=\"og:image:width\" content=\"1376\" \/>\n\t<meta property=\"og:image:height\" content=\"756\" \/>\n\t<meta property=\"og:image:type\" content=\"image\/png\" \/>\n<meta name=\"author\" content=\"aleks\" \/>\n<meta name=\"twitter:card\" content=\"summary_large_image\" \/>\n<script type=\"application\/ld+json\" class=\"yoast-schema-graph\">{\"@context\":\"https:\\\/\\\/schema.org\",\"@graph\":[{\"@type\":\"Article\",\"@id\":\"https:\\\/\\\/www.meydan.tv\\\/az\\\/article\\\/qarabagda-maaslarini-ala-bilmeyen-isciler-etiraz-edir\\\/#article\",\"isPartOf\":{\"@id\":\"https:\\\/\\\/www.meydan.tv\\\/az\\\/article\\\/qarabagda-maaslarini-ala-bilmeyen-isciler-etiraz-edir\\\/\"},\"author\":{\"name\":\"aleks\",\"@id\":\"https:\\\/\\\/www.meydan.tv\\\/az\\\/#\\\/schema\\\/person\\\/476e9360e593fa131d5d71d51866f8da\"},\"headline\":\"Qaraba\u011fda maa\u015flar\u0131n\u0131 ala bilm\u0259y\u0259n i\u015f\u00e7il\u0259r etiraz edir\",\"datePublished\":\"2023-09-18T08:18:11+00:00\",\"dateModified\":\"2023-09-18T08:43:23+00:00\",\"mainEntityOfPage\":{\"@id\":\"https:\\\/\\\/www.meydan.tv\\\/az\\\/article\\\/qarabagda-maaslarini-ala-bilmeyen-isciler-etiraz-edir\\\/\"},\"wordCount\":170,\"publisher\":{\"@id\":\"https:\\\/\\\/www.meydan.tv\\\/az\\\/#organization\"},\"image\":{\"@id\":\"https:\\\/\\\/www.meydan.tv\\\/az\\\/article\\\/qarabagda-maaslarini-ala-bilmeyen-isciler-etiraz-edir\\\/#primaryimage\"},\"thumbnailUrl\":\"https:\\\/\\\/www.meydan.tv\\\/wp-content\\\/uploads\\\/screenshot-2023-09-14-at-17.28.55.png\",\"articleSection\":[\"Video\"],\"inLanguage\":\"az\"},{\"@type\":\"WebPage\",\"@id\":\"https:\\\/\\\/www.meydan.tv\\\/az\\\/article\\\/qarabagda-maaslarini-ala-bilmeyen-isciler-etiraz-edir\\\/\",\"url\":\"https:\\\/\\\/www.meydan.tv\\\/az\\\/article\\\/qarabagda-maaslarini-ala-bilmeyen-isciler-etiraz-edir\\\/\",\"name\":\"Qaraba\u011fda maa\u015flar\u0131n\u0131 ala bilm\u0259y\u0259n i\u015f\u00e7il\u0259r etiraz edir - MEYDAN.TV\",\"isPartOf\":{\"@id\":\"https:\\\/\\\/www.meydan.tv\\\/az\\\/#website\"},\"primaryImageOfPage\":{\"@id\":\"https:\\\/\\\/www.meydan.tv\\\/az\\\/article\\\/qarabagda-maaslarini-ala-bilmeyen-isciler-etiraz-edir\\\/#primaryimage\"},\"image\":{\"@id\":\"https:\\\/\\\/www.meydan.tv\\\/az\\\/article\\\/qarabagda-maaslarini-ala-bilmeyen-isciler-etiraz-edir\\\/#primaryimage\"},\"thumbnailUrl\":\"https:\\\/\\\/www.meydan.tv\\\/wp-content\\\/uploads\\\/screenshot-2023-09-14-at-17.28.55.png\",\"datePublished\":\"2023-09-18T08:18:11+00:00\",\"dateModified\":\"2023-09-18T08:43:23+00:00\",\"breadcrumb\":{\"@id\":\"https:\\\/\\\/www.meydan.tv\\\/az\\\/article\\\/qarabagda-maaslarini-ala-bilmeyen-isciler-etiraz-edir\\\/#breadcrumb\"},\"inLanguage\":\"az\",\"potentialAction\":[{\"@type\":\"ReadAction\",\"target\":[\"https:\\\/\\\/www.meydan.tv\\\/az\\\/article\\\/qarabagda-maaslarini-ala-bilmeyen-isciler-etiraz-edir\\\/\"]}]},{\"@type\":\"ImageObject\",\"inLanguage\":\"az\",\"@id\":\"https:\\\/\\\/www.meydan.tv\\\/az\\\/article\\\/qarabagda-maaslarini-ala-bilmeyen-isciler-etiraz-edir\\\/#primaryimage\",\"url\":\"https:\\\/\\\/www.meydan.tv\\\/wp-content\\\/uploads\\\/screenshot-2023-09-14-at-17.28.55.png\",\"contentUrl\":\"https:\\\/\\\/www.meydan.tv\\\/wp-content\\\/uploads\\\/screenshot-2023-09-14-at-17.28.55.png\",\"width\":1376,\"height\":756},{\"@type\":\"BreadcrumbList\",\"@id\":\"https:\\\/\\\/www.meydan.tv\\\/az\\\/article\\\/qarabagda-maaslarini-ala-bilmeyen-isciler-etiraz-edir\\\/#breadcrumb\",\"itemListElement\":[{\"@type\":\"ListItem\",\"position\":1,\"name\":\"Ana s\u0259hif\u0259\",\"item\":\"https:\\\/\\\/www.meydan.tv\\\/az\\\/\"},{\"@type\":\"ListItem\",\"position\":2,\"name\":\"Video\",\"item\":\"https:\\\/\\\/www.meydan.tv\\\/az\\\/section\\\/video-2\\\/\"},{\"@type\":\"ListItem\",\"position\":3,\"name\":\"Qaraba\u011fda maa\u015flar\u0131n\u0131 ala bilm\u0259y\u0259n i\u015f\u00e7il\u0259r etiraz edir\"}]},{\"@type\":\"WebSite\",\"@id\":\"https:\\\/\\\/www.meydan.tv\\\/az\\\/#website\",\"url\":\"https:\\\/\\\/www.meydan.tv\\\/az\\\/\",\"name\":\"MEYDAN.TV\",\"description\":\"Meydan TV Az\u0259rbaycan\u0131n media m\u0259kan\u0131ndak\u0131 alternativ s\u0259sidir\",\"publisher\":{\"@id\":\"https:\\\/\\\/www.meydan.tv\\\/az\\\/#organization\"},\"potentialAction\":[{\"@type\":\"SearchAction\",\"target\":{\"@type\":\"EntryPoint\",\"urlTemplate\":\"https:\\\/\\\/www.meydan.tv\\\/az\\\/?s={search_term_string}\"},\"query-input\":{\"@type\":\"PropertyValueSpecification\",\"valueRequired\":true,\"valueName\":\"search_term_string\"}}],\"inLanguage\":\"az\"},{\"@type\":\"Organization\",\"@id\":\"https:\\\/\\\/www.meydan.tv\\\/az\\\/#organization\",\"name\":\"Meydan TV\",\"url\":\"https:\\\/\\\/www.meydan.tv\\\/az\\\/\",\"logo\":{\"@type\":\"ImageObject\",\"inLanguage\":\"az\",\"@id\":\"https:\\\/\\\/www.meydan.tv\\\/az\\\/#\\\/schema\\\/logo\\\/image\\\/\",\"url\":\"https:\\\/\\\/www.meydan.tv\\\/wp-content\\\/uploads\\\/2021\\\/07\\\/meydan-logo.svg\",\"contentUrl\":\"https:\\\/\\\/www.meydan.tv\\\/wp-content\\\/uploads\\\/2021\\\/07\\\/meydan-logo.svg\",\"width\":195,\"height\":46,\"caption\":\"Meydan TV\"},\"image\":{\"@id\":\"https:\\\/\\\/www.meydan.tv\\\/az\\\/#\\\/schema\\\/logo\\\/image\\\/\"}},{\"@type\":\"Person\",\"@id\":\"https:\\\/\\\/www.meydan.tv\\\/az\\\/#\\\/schema\\\/person\\\/476e9360e593fa131d5d71d51866f8da\",\"name\":\"aleks\"}]}<\/script>\n<!-- \/ Yoast SEO plugin. -->","yoast_head_json":{"title":"Qaraba\u011fda maa\u015flar\u0131n\u0131 ala bilm\u0259y\u0259n i\u015f\u00e7il\u0259r etiraz edir - MEYDAN.TV","robots":{"index":"index","follow":"follow","max-snippet":"max-snippet:-1","max-image-preview":"max-image-preview:large","max-video-preview":"max-video-preview:-1"},"canonical":"https:\/\/www.meydan.tv\/az\/article\/qarabagda-maaslarini-ala-bilmeyen-isciler-etiraz-edir\/","og_locale":"az_AZ","og_type":"article","og_title":"Qaraba\u011fda maa\u015flar\u0131n\u0131 ala bilm\u0259y\u0259n i\u015f\u00e7il\u0259r etiraz edir - MEYDAN.TV","og_description":"Qaraba\u011fda Z\u0259ngilan v\u0259 Qubadl\u0131 b\u00f6lg\u0259l\u0259rind\u0259 i\u015fl\u0259mi\u015f f\u0259hl\u0259l\u0259r \u0259m\u0259khaqlar\u0131n\u0131 ala bilm\u0259dikl\u0259ri ... Davam\u0131","og_url":"https:\/\/www.meydan.tv\/az\/article\/qarabagda-maaslarini-ala-bilmeyen-isciler-etiraz-edir\/","og_site_name":"MEYDAN.TV","article_published_time":"2023-09-18T08:18:11+00:00","article_modified_time":"2023-09-18T08:43:23+00:00","og_image":[{"width":1376,"height":756,"url":"https:\/\/www.meydan.tv\/wp-content\/uploads\/screenshot-2023-09-14-at-17.28.55.png","type":"image\/png"}],"author":"aleks","twitter_card":"summary_large_image","schema":{"@context":"https:\/\/schema.org","@graph":[{"@type":"Article","@id":"https:\/\/www.meydan.tv\/az\/article\/qarabagda-maaslarini-ala-bilmeyen-isciler-etiraz-edir\/#article","isPartOf":{"@id":"https:\/\/www.meydan.tv\/az\/article\/qarabagda-maaslarini-ala-bilmeyen-isciler-etiraz-edir\/"},"author":{"name":"aleks","@id":"https:\/\/www.meydan.tv\/az\/#\/schema\/person\/476e9360e593fa131d5d71d51866f8da"},"headline":"Qaraba\u011fda maa\u015flar\u0131n\u0131 ala bilm\u0259y\u0259n i\u015f\u00e7il\u0259r etiraz edir","datePublished":"2023-09-18T08:18:11+00:00","dateModified":"2023-09-18T08:43:23+00:00","mainEntityOfPage":{"@id":"https:\/\/www.meydan.tv\/az\/article\/qarabagda-maaslarini-ala-bilmeyen-isciler-etiraz-edir\/"},"wordCount":170,"publisher":{"@id":"https:\/\/www.meydan.tv\/az\/#organization"},"image":{"@id":"https:\/\/www.meydan.tv\/az\/article\/qarabagda-maaslarini-ala-bilmeyen-isciler-etiraz-edir\/#primaryimage"},"thumbnailUrl":"https:\/\/www.meydan.tv\/wp-content\/uploads\/screenshot-2023-09-14-at-17.28.55.png","articleSection":["Video"],"inLanguage":"az"},{"@type":"WebPage","@id":"https:\/\/www.meydan.tv\/az\/article\/qarabagda-maaslarini-ala-bilmeyen-isciler-etiraz-edir\/","url":"https:\/\/www.meydan.tv\/az\/article\/qarabagda-maaslarini-ala-bilmeyen-isciler-etiraz-edir\/","name":"Qaraba\u011fda maa\u015flar\u0131n\u0131 ala bilm\u0259y\u0259n i\u015f\u00e7il\u0259r etiraz edir - MEYDAN.TV","isPartOf":{"@id":"https:\/\/www.meydan.tv\/az\/#website"},"primaryImageOfPage":{"@id":"https:\/\/www.meydan.tv\/az\/article\/qarabagda-maaslarini-ala-bilmeyen-isciler-etiraz-edir\/#primaryimage"},"image":{"@id":"https:\/\/www.meydan.tv\/az\/article\/qarabagda-maaslarini-ala-bilmeyen-isciler-etiraz-edir\/#primaryimage"},"thumbnailUrl":"https:\/\/www.meydan.tv\/wp-content\/uploads\/screenshot-2023-09-14-at-17.28.55.png","datePublished":"2023-09-18T08:18:11+00:00","dateModified":"2023-09-18T08:43:23+00:00","breadcrumb":{"@id":"https:\/\/www.meydan.tv\/az\/article\/qarabagda-maaslarini-ala-bilmeyen-isciler-etiraz-edir\/#breadcrumb"},"inLanguage":"az","potentialAction":[{"@type":"ReadAction","target":["https:\/\/www.meydan.tv\/az\/article\/qarabagda-maaslarini-ala-bilmeyen-isciler-etiraz-edir\/"]}]},{"@type":"ImageObject","inLanguage":"az","@id":"https:\/\/www.meydan.tv\/az\/article\/qarabagda-maaslarini-ala-bilmeyen-isciler-etiraz-edir\/#primaryimage","url":"https:\/\/www.meydan.tv\/wp-content\/uploads\/screenshot-2023-09-14-at-17.28.55.png","contentUrl":"https:\/\/www.meydan.tv\/wp-content\/uploads\/screenshot-2023-09-14-at-17.28.55.png","width":1376,"height":756},{"@type":"BreadcrumbList","@id":"https:\/\/www.meydan.tv\/az\/article\/qarabagda-maaslarini-ala-bilmeyen-isciler-etiraz-edir\/#breadcrumb","itemListElement":[{"@type":"ListItem","position":1,"name":"Ana s\u0259hif\u0259","item":"https:\/\/www.meydan.tv\/az\/"},{"@type":"ListItem","position":2,"name":"Video","item":"https:\/\/www.meydan.tv\/az\/section\/video-2\/"},{"@type":"ListItem","position":3,"name":"Qaraba\u011fda maa\u015flar\u0131n\u0131 ala bilm\u0259y\u0259n i\u015f\u00e7il\u0259r etiraz edir"}]},{"@type":"WebSite","@id":"https:\/\/www.meydan.tv\/az\/#website","url":"https:\/\/www.meydan.tv\/az\/","name":"MEYDAN.TV","description":"Meydan TV Az\u0259rbaycan\u0131n media m\u0259kan\u0131ndak\u0131 alternativ s\u0259sidir","publisher":{"@id":"https:\/\/www.meydan.tv\/az\/#organization"},"potentialAction":[{"@type":"SearchAction","target":{"@type":"EntryPoint","urlTemplate":"https:\/\/www.meydan.tv\/az\/?s={search_term_string}"},"query-input":{"@type":"PropertyValueSpecification","valueRequired":true,"valueName":"search_term_string"}}],"inLanguage":"az"},{"@type":"Organization","@id":"https:\/\/www.meydan.tv\/az\/#organization","name":"Meydan TV","url":"https:\/\/www.meydan.tv\/az\/","logo":{"@type":"ImageObject","inLanguage":"az","@id":"https:\/\/www.meydan.tv\/az\/#\/schema\/logo\/image\/","url":"https:\/\/www.meydan.tv\/wp-content\/uploads\/2021\/07\/meydan-logo.svg","contentUrl":"https:\/\/www.meydan.tv\/wp-content\/uploads\/2021\/07\/meydan-logo.svg","width":195,"height":46,"caption":"Meydan TV"},"image":{"@id":"https:\/\/www.meydan.tv\/az\/#\/schema\/logo\/image\/"}},{"@type":"Person","@id":"https:\/\/www.meydan.tv\/az\/#\/schema\/person\/476e9360e593fa131d5d71d51866f8da","name":"aleks"}]}},"_links":{"self":[{"href":"https:\/\/www.meydan.tv\/az\/wp-json\/wp\/v2\/posts\/284995","targetHints":{"allow":["GET"]}}],"collection":[{"href":"https:\/\/www.meydan.tv\/az\/wp-json\/wp\/v2\/posts"}],"about":[{"href":"https:\/\/www.meydan.tv\/az\/wp-json\/wp\/v2\/types\/post"}],"author":[{"embeddable":true,"href":"https:\/\/www.meydan.tv\/az\/wp-json\/wp\/v2\/users\/12"}],"replies":[{"embeddable":true,"href":"https:\/\/www.meydan.tv\/az\/wp-json\/wp\/v2\/comments?post=284995"}],"version-history":[{"count":2,"href":"https:\/\/www.meydan.tv\/az\/wp-json\/wp\/v2\/posts\/284995\/revisions"}],"predecessor-version":[{"id":285005,"href":"https:\/\/www.meydan.tv\/az\/wp-json\/wp\/v2\/posts\/284995\/revisions\/285005"}],"wp:featuredmedia":[{"embeddable":true,"href":"https:\/\/www.meydan.tv\/az\/wp-json\/wp\/v2\/media\/284996"}],"wp:attachment":[{"href":"https:\/\/www.meydan.tv\/az\/wp-json\/wp\/v2\/media?parent=284995"}],"wp:term":[{"taxonomy":"category","embeddable":true,"href":"https:\/\/www.meydan.tv\/az\/wp-json\/wp\/v2\/categories?post=284995"},{"taxonomy":"post_tag","embeddable":true,"href":"https:\/\/www.meydan.tv\/az\/wp-json\/wp\/v2\/tags?post=284995"}],"curies":[{"name":"wp","href":"https:\/\/api.w.org\/{rel}","templated":true}]}}