{"id":284785,"date":"2023-09-14T13:58:48","date_gmt":"2023-09-14T09:58:48","guid":{"rendered":"https:\/\/www.meydan.tv\/?p=284785"},"modified":"2023-09-14T13:59:38","modified_gmt":"2023-09-14T09:59:38","slug":"iv-sevil-beynelxalq-qadin-senedli-film-festivali-proqramini-aciqlayib","status":"publish","type":"post","link":"https:\/\/www.meydan.tv\/az\/article\/iv-sevil-beynelxalq-qadin-senedli-film-festivali-proqramini-aciqlayib\/","title":{"rendered":"IV Sevil Beyn\u0259lxalq Qad\u0131n S\u0259n\u0259dli Film Festival\u0131 proqram\u0131n\u0131 a\u00e7\u0131qlay\u0131b"},"content":{"rendered":"\n<p><em><strong>N\u00fcfuzlu festivallarda m\u00fckafatlar alm\u0131\u015f filml\u0259r yerli tama\u015fa\u00e7\u0131lara n\u00fcmayi\u015f etdiril\u0259c\u0259k<\/strong><\/em><\/p>\n\n\n\n<p>IV Sevil Beyn\u0259lxalq Qad\u0131n S\u0259n\u0259dli Film Festival\u0131 8 g\u00fcn boyunca n\u00fcmayi\u015f olunacaq filml\u0259rin v\u0259 t\u0259dbirl\u0259rin siyah\u0131s\u0131n\u0131 a\u00e7\u0131qlay\u0131b.<\/p>\n\n\n\n<p>T\u0259\u015fkilat\u00e7\u0131lar\u0131n yayd\u0131\u011f\u0131 m\u0259lumata g\u00f6r\u0259, qad\u0131nlar\u0131n haqq v\u0259 azadl\u0131qlar\u0131 u\u011frunda m\u00fcbariz\u0259 hekay\u0259l\u0259rini, m\u00fcxt\u0259lif h\u0259yat t\u0259cr\u00fcb\u0259l\u0259rind\u0259n b\u0259hs ed\u0259n s\u0259n\u0259dli filml\u0259ri \u201cFestivallardan se\u00e7m\u0259l\u0259r\u201d (&#8220;Best of Fests&#8221;) adl\u0131 x\u00fcsusi proqramda n\u00fcmayi\u015f etdir\u0259c\u0259k festival bu il d\u0259 15-22 sentyabr tarixl\u0259rind\u0259 Bak\u0131, \u015e\u0259ki v\u0259 L\u0259nk\u0259ran \u015f\u0259h\u0259rl\u0259rind\u0259 eyni anda ke\u00e7iril\u0259c\u0259k.<\/p>\n\n\n\n<p>IV Sevil Beyn\u0259lxalq Qad\u0131n S\u0259n\u0259dli Film Festival\u0131 son ill\u0259rin rezonans do\u011furan, n\u00fcfuzlu film festivallar\u0131nda n\u00fcmayi\u015f edil\u0259n, m\u00fckafatl\u0131 s\u0259n\u0259dli filml\u0259ri Az\u0259rbaycan auditoriyas\u0131 \u00fc\u00e7\u00fcn g\u0259tirir.<\/p>\n\n\n\n<p>Bu il n\u00fcmayi\u015f olunacaq s\u0259n\u0259dli filml\u0259rd\u0259n biri IDFA &#8211; Amsterdam Beyn\u0259lxalq S\u0259n\u0259dli Filml\u0259r Festival\u0131nda \u0259sas m\u00fckafata layiq g\u00f6r\u00fcld\u00fckd\u0259n sonra beyn\u0259lxalq maraq \u0259ld\u0259 etmi\u015f \u201cApoloniya, Apoloniya\u201d (Leo Qlob) filmidir. Bu film Danimarkan\u0131n n\u00f6vb\u0259ti Oskar film m\u00fckafatlar\u0131 \u00fc\u00e7\u00fcn q\u0131sa siyah\u0131da yer al\u0131r.<\/p>\n\n\n\n<p>Sundance Film Festival\u0131nda yar\u0131\u015fm\u0131\u015f \u201cSirenalar\u201d (Rita Ba\u011fdadi), Xarkov beyn\u0259lxalq Film Festival\u0131n\u0131n qalibi \u201cM\u0259nim ad\u0131m Mutludur\u201d (Ay\u015fe Toprak &amp; Nik Rid), \u201cHot docs\u201d Beyn\u0259lxalq S\u0259n\u0259dli Film Festival\u0131n\u0131n qalibi \u201c\u0130ran Xan\u0131m\u0131n \u0259ri\u201d (M\u0259rcan Xosravi), n\u00fcfuzlu Venesiya film festival\u0131n\u0131n m\u00fcsabiq\u0259d\u0259n k\u0259nar proqram\u0131nda n\u00fcmayi\u015f edilmi\u015f \u201cArad\u00fcz\u0259ld\u0259n\u201d (Benedetta Argentieri), Berlin Beyn\u0259lxalq Film Festival\u0131n\u0131n qalibi \u201cTehranda yeddi q\u0131\u015f\u201d(Steffi Niderzol) kimi filml\u0259ri d\u0259 festival \u00e7\u0259r\u00e7iv\u0259sind\u0259 \u00f6lk\u0259 s\u0259n\u0259dli filmsev\u0259rl\u0259ri \u00fc\u00e7\u00fcn n\u00fcmayi\u015f etdiril\u0259c\u0259k.<\/p>\n\n\n\n<p>H\u0259m\u00e7inin se\u00e7ki komissiyas\u0131 t\u0259r\u0259find\u0259n d\u00fcnyan\u0131n bir \u00e7ox \u00f6lk\u0259si v\u0259 yerli rejissorlar t\u0259r\u0259find\u0259n g\u00f6nd\u0259rilmi\u015f \u00e7oxsayl\u0131 s\u0259n\u0259dli filml\u0259r i\u00e7\u0259risind\u0259n x\u00fcsusi etina il\u0259 se\u00e7ilmi\u015f v\u0259 \u201cBeyn\u0259lxalq q\u0131sametrajl\u0131 s\u0259n\u0259dli film\u201d, \u201cYerli q\u0131sametrajl\u0131 s\u0259n\u0259dli film\u201d v\u0259 \u201cTammetrajl\u0131 s\u0259n\u0259dli film\u201d kateqoriyalar\u0131 \u00fczr\u0259 n\u00fcmayi\u015f edil\u0259c\u0259k olan filml\u0259r m\u00fcsabiq\u0259 proqram\u0131nda yer al\u0131r.<\/p>\n\n\n\n<p>Bu il festival \u00e7\u0259r\u00e7iv\u0259sind\u0259 d\u00fcnya kino tarixinin \u0259fsan\u0259l\u0259rind\u0259n hesab olunan rejissor Anyes Vardan\u0131n retroperspektivi ba\u015f tutacaq ki, izl\u0259yicil\u0259r rejissorun yarad\u0131c\u0131l\u0131\u011f\u0131nda x\u00fcsusi yer tutan d\u00f6rd s\u0259n\u0259dli filmi geni\u015f ekranlarda izl\u0259m\u0259k f\u00fcrs\u0259ti \u0259ld\u0259 ed\u0259c\u0259kl\u0259r.<\/p>\n\n\n\n<p>D\u00fcnyan\u0131n bir \u00e7ox \u00f6lk\u0259sind\u0259n d\u0259v\u0259t edil\u0259n xarici m\u00fct\u0259x\u0259ssisl\u0259r festival g\u00fcnl\u0259rind\u0259 m\u00fcxt\u0259lif ustad d\u0259rsl\u0259ri v\u0259 panel m\u00fczakir\u0259l\u0259r fonunda yerli rejissorlar, kinosev\u0259rl\u0259r il\u0259 g\u00f6r\u00fc\u015f\u0259c\u0259kl\u0259r. Az\u0259rbaycanl\u0131 fotoqraf R\u0259na \u018ff\u0259ndi il\u0259 yerli auditoriyan\u0131n g\u00f6r\u00fc\u015f\u00fc v\u0259 kinorejissor Anyes Qodar\u0131n masterklass\u0131 bu bax\u0131mdan \u0259h\u0259miyy\u0259tli hesab olunur.<\/p>\n","protected":false},"excerpt":{"rendered":"<p>N\u00fcfuzlu festivallarda m\u00fckafatlar alm\u0131\u015f filml\u0259r yerli tama\u015fa\u00e7\u0131lara n\u00fcmayi\u015f etdiril\u0259c\u0259k IV &#8230; <\/p>\n<p class=\"read-more-container\"><a title=\"IV Sevil Beyn\u0259lxalq Qad\u0131n S\u0259n\u0259dli Film Festival\u0131 proqram\u0131n\u0131 a\u00e7\u0131qlay\u0131b\" class=\"read-more button\" href=\"https:\/\/www.meydan.tv\/az\/article\/iv-sevil-beynelxalq-qadin-senedli-film-festivali-proqramini-aciqlayib\/#more-284785\" aria-label=\"Read more about IV Sevil Beyn\u0259lxalq Qad\u0131n S\u0259n\u0259dli Film Festival\u0131 proqram\u0131n\u0131 a\u00e7\u0131qlay\u0131b\">Davam\u0131<\/a><\/p>\n","protected":false},"author":12,"featured_media":283340,"comment_status":"closed","ping_status":"closed","sticky":false,"template":"","format":"standard","meta":{"_acf_changed":false,"_sitemap_exclude":false,"_sitemap_priority":"","_sitemap_frequency":"","footnotes":""},"categories":[52,56],"tags":[],"class_list":["post-284785","post","type-post","status-publish","format-standard","has-post-thumbnail","hentry","category-medeniyyet","category-xeberler","infinite-scroll-item","generate-columns","tablet-grid-50","mobile-grid-100","grid-parent","grid-33","no-featured-image-padding"],"acf":[],"yoast_head":"<!-- This site is optimized with the Yoast SEO plugin v27.4 - https:\/\/yoast.com\/product\/yoast-seo-wordpress\/ -->\n<title>IV Sevil Beyn\u0259lxalq Qad\u0131n S\u0259n\u0259dli Film Festival\u0131 proqram\u0131n\u0131 a\u00e7\u0131qlay\u0131b - MEYDAN.TV<\/title>\n<meta name=\"robots\" content=\"index, follow, max-snippet:-1, max-image-preview:large, max-video-preview:-1\" \/>\n<link rel=\"canonical\" href=\"https:\/\/www.meydan.tv\/az\/article\/iv-sevil-beynelxalq-qadin-senedli-film-festivali-proqramini-aciqlayib\/\" \/>\n<meta property=\"og:locale\" content=\"az_AZ\" \/>\n<meta property=\"og:type\" content=\"article\" \/>\n<meta property=\"og:title\" content=\"IV Sevil Beyn\u0259lxalq Qad\u0131n S\u0259n\u0259dli Film Festival\u0131 proqram\u0131n\u0131 a\u00e7\u0131qlay\u0131b - MEYDAN.TV\" \/>\n<meta property=\"og:description\" content=\"N\u00fcfuzlu festivallarda m\u00fckafatlar alm\u0131\u015f filml\u0259r yerli tama\u015fa\u00e7\u0131lara n\u00fcmayi\u015f etdiril\u0259c\u0259k IV ... Davam\u0131\" \/>\n<meta property=\"og:url\" content=\"https:\/\/www.meydan.tv\/az\/article\/iv-sevil-beynelxalq-qadin-senedli-film-festivali-proqramini-aciqlayib\/\" \/>\n<meta property=\"og:site_name\" content=\"MEYDAN.TV\" \/>\n<meta property=\"article:published_time\" content=\"2023-09-14T09:58:48+00:00\" \/>\n<meta property=\"article:modified_time\" content=\"2023-09-14T09:59:38+00:00\" \/>\n<meta property=\"og:image\" content=\"https:\/\/www.meydan.tv\/wp-content\/uploads\/screenshot-2023-08-28-at-11.07.40.png\" \/>\n\t<meta property=\"og:image:width\" content=\"1248\" \/>\n\t<meta property=\"og:image:height\" content=\"704\" \/>\n\t<meta property=\"og:image:type\" content=\"image\/png\" \/>\n<meta name=\"author\" content=\"aleks\" \/>\n<meta name=\"twitter:card\" content=\"summary_large_image\" \/>\n<script type=\"application\/ld+json\" class=\"yoast-schema-graph\">{\"@context\":\"https:\\\/\\\/schema.org\",\"@graph\":[{\"@type\":\"Article\",\"@id\":\"https:\\\/\\\/www.meydan.tv\\\/az\\\/article\\\/iv-sevil-beynelxalq-qadin-senedli-film-festivali-proqramini-aciqlayib\\\/#article\",\"isPartOf\":{\"@id\":\"https:\\\/\\\/www.meydan.tv\\\/az\\\/article\\\/iv-sevil-beynelxalq-qadin-senedli-film-festivali-proqramini-aciqlayib\\\/\"},\"author\":{\"name\":\"aleks\",\"@id\":\"https:\\\/\\\/www.meydan.tv\\\/az\\\/#\\\/schema\\\/person\\\/476e9360e593fa131d5d71d51866f8da\"},\"headline\":\"IV Sevil Beyn\u0259lxalq Qad\u0131n S\u0259n\u0259dli Film Festival\u0131 proqram\u0131n\u0131 a\u00e7\u0131qlay\u0131b\",\"datePublished\":\"2023-09-14T09:58:48+00:00\",\"dateModified\":\"2023-09-14T09:59:38+00:00\",\"mainEntityOfPage\":{\"@id\":\"https:\\\/\\\/www.meydan.tv\\\/az\\\/article\\\/iv-sevil-beynelxalq-qadin-senedli-film-festivali-proqramini-aciqlayib\\\/\"},\"wordCount\":565,\"publisher\":{\"@id\":\"https:\\\/\\\/www.meydan.tv\\\/az\\\/#organization\"},\"image\":{\"@id\":\"https:\\\/\\\/www.meydan.tv\\\/az\\\/article\\\/iv-sevil-beynelxalq-qadin-senedli-film-festivali-proqramini-aciqlayib\\\/#primaryimage\"},\"thumbnailUrl\":\"https:\\\/\\\/www.meydan.tv\\\/wp-content\\\/uploads\\\/screenshot-2023-08-28-at-11.07.40.png\",\"articleSection\":[\"M\u0259d\u0259niyy\u0259t\",\"X\u0259b\u0259rl\u0259r\"],\"inLanguage\":\"az\"},{\"@type\":\"WebPage\",\"@id\":\"https:\\\/\\\/www.meydan.tv\\\/az\\\/article\\\/iv-sevil-beynelxalq-qadin-senedli-film-festivali-proqramini-aciqlayib\\\/\",\"url\":\"https:\\\/\\\/www.meydan.tv\\\/az\\\/article\\\/iv-sevil-beynelxalq-qadin-senedli-film-festivali-proqramini-aciqlayib\\\/\",\"name\":\"IV Sevil Beyn\u0259lxalq Qad\u0131n S\u0259n\u0259dli Film Festival\u0131 proqram\u0131n\u0131 a\u00e7\u0131qlay\u0131b - MEYDAN.TV\",\"isPartOf\":{\"@id\":\"https:\\\/\\\/www.meydan.tv\\\/az\\\/#website\"},\"primaryImageOfPage\":{\"@id\":\"https:\\\/\\\/www.meydan.tv\\\/az\\\/article\\\/iv-sevil-beynelxalq-qadin-senedli-film-festivali-proqramini-aciqlayib\\\/#primaryimage\"},\"image\":{\"@id\":\"https:\\\/\\\/www.meydan.tv\\\/az\\\/article\\\/iv-sevil-beynelxalq-qadin-senedli-film-festivali-proqramini-aciqlayib\\\/#primaryimage\"},\"thumbnailUrl\":\"https:\\\/\\\/www.meydan.tv\\\/wp-content\\\/uploads\\\/screenshot-2023-08-28-at-11.07.40.png\",\"datePublished\":\"2023-09-14T09:58:48+00:00\",\"dateModified\":\"2023-09-14T09:59:38+00:00\",\"breadcrumb\":{\"@id\":\"https:\\\/\\\/www.meydan.tv\\\/az\\\/article\\\/iv-sevil-beynelxalq-qadin-senedli-film-festivali-proqramini-aciqlayib\\\/#breadcrumb\"},\"inLanguage\":\"az\",\"potentialAction\":[{\"@type\":\"ReadAction\",\"target\":[\"https:\\\/\\\/www.meydan.tv\\\/az\\\/article\\\/iv-sevil-beynelxalq-qadin-senedli-film-festivali-proqramini-aciqlayib\\\/\"]}]},{\"@type\":\"ImageObject\",\"inLanguage\":\"az\",\"@id\":\"https:\\\/\\\/www.meydan.tv\\\/az\\\/article\\\/iv-sevil-beynelxalq-qadin-senedli-film-festivali-proqramini-aciqlayib\\\/#primaryimage\",\"url\":\"https:\\\/\\\/www.meydan.tv\\\/wp-content\\\/uploads\\\/screenshot-2023-08-28-at-11.07.40.png\",\"contentUrl\":\"https:\\\/\\\/www.meydan.tv\\\/wp-content\\\/uploads\\\/screenshot-2023-08-28-at-11.07.40.png\",\"width\":1248,\"height\":704,\"caption\":\"M\u0259nb\u0259: \\\"SevilFest\\\"\"},{\"@type\":\"BreadcrumbList\",\"@id\":\"https:\\\/\\\/www.meydan.tv\\\/az\\\/article\\\/iv-sevil-beynelxalq-qadin-senedli-film-festivali-proqramini-aciqlayib\\\/#breadcrumb\",\"itemListElement\":[{\"@type\":\"ListItem\",\"position\":1,\"name\":\"Ana s\u0259hif\u0259\",\"item\":\"https:\\\/\\\/www.meydan.tv\\\/az\\\/\"},{\"@type\":\"ListItem\",\"position\":2,\"name\":\"X\u0259b\u0259rl\u0259r\",\"item\":\"https:\\\/\\\/www.meydan.tv\\\/az\\\/section\\\/xeberler\\\/\"},{\"@type\":\"ListItem\",\"position\":3,\"name\":\"IV Sevil Beyn\u0259lxalq Qad\u0131n S\u0259n\u0259dli Film Festival\u0131 proqram\u0131n\u0131 a\u00e7\u0131qlay\u0131b\"}]},{\"@type\":\"WebSite\",\"@id\":\"https:\\\/\\\/www.meydan.tv\\\/az\\\/#website\",\"url\":\"https:\\\/\\\/www.meydan.tv\\\/az\\\/\",\"name\":\"MEYDAN.TV\",\"description\":\"Meydan TV Az\u0259rbaycan\u0131n media m\u0259kan\u0131ndak\u0131 alternativ s\u0259sidir\",\"publisher\":{\"@id\":\"https:\\\/\\\/www.meydan.tv\\\/az\\\/#organization\"},\"potentialAction\":[{\"@type\":\"SearchAction\",\"target\":{\"@type\":\"EntryPoint\",\"urlTemplate\":\"https:\\\/\\\/www.meydan.tv\\\/az\\\/?s={search_term_string}\"},\"query-input\":{\"@type\":\"PropertyValueSpecification\",\"valueRequired\":true,\"valueName\":\"search_term_string\"}}],\"inLanguage\":\"az\"},{\"@type\":\"Organization\",\"@id\":\"https:\\\/\\\/www.meydan.tv\\\/az\\\/#organization\",\"name\":\"Meydan TV\",\"url\":\"https:\\\/\\\/www.meydan.tv\\\/az\\\/\",\"logo\":{\"@type\":\"ImageObject\",\"inLanguage\":\"az\",\"@id\":\"https:\\\/\\\/www.meydan.tv\\\/az\\\/#\\\/schema\\\/logo\\\/image\\\/\",\"url\":\"https:\\\/\\\/www.meydan.tv\\\/wp-content\\\/uploads\\\/2021\\\/07\\\/meydan-logo.svg\",\"contentUrl\":\"https:\\\/\\\/www.meydan.tv\\\/wp-content\\\/uploads\\\/2021\\\/07\\\/meydan-logo.svg\",\"width\":195,\"height\":46,\"caption\":\"Meydan TV\"},\"image\":{\"@id\":\"https:\\\/\\\/www.meydan.tv\\\/az\\\/#\\\/schema\\\/logo\\\/image\\\/\"}},{\"@type\":\"Person\",\"@id\":\"https:\\\/\\\/www.meydan.tv\\\/az\\\/#\\\/schema\\\/person\\\/476e9360e593fa131d5d71d51866f8da\",\"name\":\"aleks\"}]}<\/script>\n<!-- \/ Yoast SEO plugin. -->","yoast_head_json":{"title":"IV Sevil Beyn\u0259lxalq Qad\u0131n S\u0259n\u0259dli Film Festival\u0131 proqram\u0131n\u0131 a\u00e7\u0131qlay\u0131b - MEYDAN.TV","robots":{"index":"index","follow":"follow","max-snippet":"max-snippet:-1","max-image-preview":"max-image-preview:large","max-video-preview":"max-video-preview:-1"},"canonical":"https:\/\/www.meydan.tv\/az\/article\/iv-sevil-beynelxalq-qadin-senedli-film-festivali-proqramini-aciqlayib\/","og_locale":"az_AZ","og_type":"article","og_title":"IV Sevil Beyn\u0259lxalq Qad\u0131n S\u0259n\u0259dli Film Festival\u0131 proqram\u0131n\u0131 a\u00e7\u0131qlay\u0131b - MEYDAN.TV","og_description":"N\u00fcfuzlu festivallarda m\u00fckafatlar alm\u0131\u015f filml\u0259r yerli tama\u015fa\u00e7\u0131lara n\u00fcmayi\u015f etdiril\u0259c\u0259k IV ... Davam\u0131","og_url":"https:\/\/www.meydan.tv\/az\/article\/iv-sevil-beynelxalq-qadin-senedli-film-festivali-proqramini-aciqlayib\/","og_site_name":"MEYDAN.TV","article_published_time":"2023-09-14T09:58:48+00:00","article_modified_time":"2023-09-14T09:59:38+00:00","og_image":[{"width":1248,"height":704,"url":"https:\/\/www.meydan.tv\/wp-content\/uploads\/screenshot-2023-08-28-at-11.07.40.png","type":"image\/png"}],"author":"aleks","twitter_card":"summary_large_image","schema":{"@context":"https:\/\/schema.org","@graph":[{"@type":"Article","@id":"https:\/\/www.meydan.tv\/az\/article\/iv-sevil-beynelxalq-qadin-senedli-film-festivali-proqramini-aciqlayib\/#article","isPartOf":{"@id":"https:\/\/www.meydan.tv\/az\/article\/iv-sevil-beynelxalq-qadin-senedli-film-festivali-proqramini-aciqlayib\/"},"author":{"name":"aleks","@id":"https:\/\/www.meydan.tv\/az\/#\/schema\/person\/476e9360e593fa131d5d71d51866f8da"},"headline":"IV Sevil Beyn\u0259lxalq Qad\u0131n S\u0259n\u0259dli Film Festival\u0131 proqram\u0131n\u0131 a\u00e7\u0131qlay\u0131b","datePublished":"2023-09-14T09:58:48+00:00","dateModified":"2023-09-14T09:59:38+00:00","mainEntityOfPage":{"@id":"https:\/\/www.meydan.tv\/az\/article\/iv-sevil-beynelxalq-qadin-senedli-film-festivali-proqramini-aciqlayib\/"},"wordCount":565,"publisher":{"@id":"https:\/\/www.meydan.tv\/az\/#organization"},"image":{"@id":"https:\/\/www.meydan.tv\/az\/article\/iv-sevil-beynelxalq-qadin-senedli-film-festivali-proqramini-aciqlayib\/#primaryimage"},"thumbnailUrl":"https:\/\/www.meydan.tv\/wp-content\/uploads\/screenshot-2023-08-28-at-11.07.40.png","articleSection":["M\u0259d\u0259niyy\u0259t","X\u0259b\u0259rl\u0259r"],"inLanguage":"az"},{"@type":"WebPage","@id":"https:\/\/www.meydan.tv\/az\/article\/iv-sevil-beynelxalq-qadin-senedli-film-festivali-proqramini-aciqlayib\/","url":"https:\/\/www.meydan.tv\/az\/article\/iv-sevil-beynelxalq-qadin-senedli-film-festivali-proqramini-aciqlayib\/","name":"IV Sevil Beyn\u0259lxalq Qad\u0131n S\u0259n\u0259dli Film Festival\u0131 proqram\u0131n\u0131 a\u00e7\u0131qlay\u0131b - MEYDAN.TV","isPartOf":{"@id":"https:\/\/www.meydan.tv\/az\/#website"},"primaryImageOfPage":{"@id":"https:\/\/www.meydan.tv\/az\/article\/iv-sevil-beynelxalq-qadin-senedli-film-festivali-proqramini-aciqlayib\/#primaryimage"},"image":{"@id":"https:\/\/www.meydan.tv\/az\/article\/iv-sevil-beynelxalq-qadin-senedli-film-festivali-proqramini-aciqlayib\/#primaryimage"},"thumbnailUrl":"https:\/\/www.meydan.tv\/wp-content\/uploads\/screenshot-2023-08-28-at-11.07.40.png","datePublished":"2023-09-14T09:58:48+00:00","dateModified":"2023-09-14T09:59:38+00:00","breadcrumb":{"@id":"https:\/\/www.meydan.tv\/az\/article\/iv-sevil-beynelxalq-qadin-senedli-film-festivali-proqramini-aciqlayib\/#breadcrumb"},"inLanguage":"az","potentialAction":[{"@type":"ReadAction","target":["https:\/\/www.meydan.tv\/az\/article\/iv-sevil-beynelxalq-qadin-senedli-film-festivali-proqramini-aciqlayib\/"]}]},{"@type":"ImageObject","inLanguage":"az","@id":"https:\/\/www.meydan.tv\/az\/article\/iv-sevil-beynelxalq-qadin-senedli-film-festivali-proqramini-aciqlayib\/#primaryimage","url":"https:\/\/www.meydan.tv\/wp-content\/uploads\/screenshot-2023-08-28-at-11.07.40.png","contentUrl":"https:\/\/www.meydan.tv\/wp-content\/uploads\/screenshot-2023-08-28-at-11.07.40.png","width":1248,"height":704,"caption":"M\u0259nb\u0259: \"SevilFest\""},{"@type":"BreadcrumbList","@id":"https:\/\/www.meydan.tv\/az\/article\/iv-sevil-beynelxalq-qadin-senedli-film-festivali-proqramini-aciqlayib\/#breadcrumb","itemListElement":[{"@type":"ListItem","position":1,"name":"Ana s\u0259hif\u0259","item":"https:\/\/www.meydan.tv\/az\/"},{"@type":"ListItem","position":2,"name":"X\u0259b\u0259rl\u0259r","item":"https:\/\/www.meydan.tv\/az\/section\/xeberler\/"},{"@type":"ListItem","position":3,"name":"IV Sevil Beyn\u0259lxalq Qad\u0131n S\u0259n\u0259dli Film Festival\u0131 proqram\u0131n\u0131 a\u00e7\u0131qlay\u0131b"}]},{"@type":"WebSite","@id":"https:\/\/www.meydan.tv\/az\/#website","url":"https:\/\/www.meydan.tv\/az\/","name":"MEYDAN.TV","description":"Meydan TV Az\u0259rbaycan\u0131n media m\u0259kan\u0131ndak\u0131 alternativ s\u0259sidir","publisher":{"@id":"https:\/\/www.meydan.tv\/az\/#organization"},"potentialAction":[{"@type":"SearchAction","target":{"@type":"EntryPoint","urlTemplate":"https:\/\/www.meydan.tv\/az\/?s={search_term_string}"},"query-input":{"@type":"PropertyValueSpecification","valueRequired":true,"valueName":"search_term_string"}}],"inLanguage":"az"},{"@type":"Organization","@id":"https:\/\/www.meydan.tv\/az\/#organization","name":"Meydan TV","url":"https:\/\/www.meydan.tv\/az\/","logo":{"@type":"ImageObject","inLanguage":"az","@id":"https:\/\/www.meydan.tv\/az\/#\/schema\/logo\/image\/","url":"https:\/\/www.meydan.tv\/wp-content\/uploads\/2021\/07\/meydan-logo.svg","contentUrl":"https:\/\/www.meydan.tv\/wp-content\/uploads\/2021\/07\/meydan-logo.svg","width":195,"height":46,"caption":"Meydan TV"},"image":{"@id":"https:\/\/www.meydan.tv\/az\/#\/schema\/logo\/image\/"}},{"@type":"Person","@id":"https:\/\/www.meydan.tv\/az\/#\/schema\/person\/476e9360e593fa131d5d71d51866f8da","name":"aleks"}]}},"_links":{"self":[{"href":"https:\/\/www.meydan.tv\/az\/wp-json\/wp\/v2\/posts\/284785","targetHints":{"allow":["GET"]}}],"collection":[{"href":"https:\/\/www.meydan.tv\/az\/wp-json\/wp\/v2\/posts"}],"about":[{"href":"https:\/\/www.meydan.tv\/az\/wp-json\/wp\/v2\/types\/post"}],"author":[{"embeddable":true,"href":"https:\/\/www.meydan.tv\/az\/wp-json\/wp\/v2\/users\/12"}],"replies":[{"embeddable":true,"href":"https:\/\/www.meydan.tv\/az\/wp-json\/wp\/v2\/comments?post=284785"}],"version-history":[{"count":4,"href":"https:\/\/www.meydan.tv\/az\/wp-json\/wp\/v2\/posts\/284785\/revisions"}],"predecessor-version":[{"id":284789,"href":"https:\/\/www.meydan.tv\/az\/wp-json\/wp\/v2\/posts\/284785\/revisions\/284789"}],"wp:featuredmedia":[{"embeddable":true,"href":"https:\/\/www.meydan.tv\/az\/wp-json\/wp\/v2\/media\/283340"}],"wp:attachment":[{"href":"https:\/\/www.meydan.tv\/az\/wp-json\/wp\/v2\/media?parent=284785"}],"wp:term":[{"taxonomy":"category","embeddable":true,"href":"https:\/\/www.meydan.tv\/az\/wp-json\/wp\/v2\/categories?post=284785"},{"taxonomy":"post_tag","embeddable":true,"href":"https:\/\/www.meydan.tv\/az\/wp-json\/wp\/v2\/tags?post=284785"}],"curies":[{"name":"wp","href":"https:\/\/api.w.org\/{rel}","templated":true}]}}