{"id":284733,"date":"2023-09-13T17:15:46","date_gmt":"2023-09-13T13:15:46","guid":{"rendered":"https:\/\/www.meydan.tv\/?p=284733"},"modified":"2023-09-13T17:19:57","modified_gmt":"2023-09-13T13:19:57","slug":"iki-universitetin-rektoru-deyisdi","status":"publish","type":"post","link":"https:\/\/www.meydan.tv\/az\/article\/iki-universitetin-rektoru-deyisdi\/","title":{"rendered":"\u0130ki universitetin rektoru d\u0259yi\u015fdi"},"content":{"rendered":"\n<p><\/p>\n\n\n\n<p><strong><em>\u0130lham \u018fliyev yeni s\u0259r\u0259ncamlar imzalay\u0131b<\/em><\/strong><\/p>\n\n\n\n<p>\u00d6lk\u0259 ba\u015f\u00e7\u0131s\u0131 \u0130lham \u018fliyevin s\u0259r\u0259ncam\u0131 il\u0259 iki universitetin rektoru d\u0259yi\u015fib.<\/p>\n\n\n\n<p>Prezidentin sentyabr\u0131n 13-d\u0259 imzalad\u0131\u011f\u0131 s\u0259r\u0259ncamlarla Bak\u0131 M\u00fch\u0259ndislik Universitetinin rektoru Havar <a href=\"https:\/\/president.az\/az\/articles\/view\/61046\">M\u0259mm\u0259dov<\/a> v\u0259 Sumqay\u0131t D\u00f6vl\u0259t Universitetinin rektoru Elxan <a href=\"https:\/\/president.az\/az\/articles\/view\/61048\">H\u00fcseynov<\/a> v\u0259zif\u0259sini itirib.<\/p>\n\n\n\n<p>Bundan sonra onlar\u0131 Yaqub <a href=\"https:\/\/president.az\/az\/articles\/view\/61047\">Piriyev<\/a>l\u0259 R\u00fcf\u0259t <a href=\"https:\/\/president.az\/az\/articles\/view\/61049\">\u018fzizov<\/a>&nbsp; \u0259v\u0259z ed\u0259c\u0259k.<\/p>\n\n\n\n<p>Havar M\u0259mm\u0259dov 2017-ci ild\u0259n Bak\u0131 M\u00fch\u0259ndislik Universitetinin rektoru v\u0259zif\u0259sind\u0259ydi.<\/p>\n\n\n\n<p>Yeni rektor Yaqub Piriyev Moskva Avtomobil v\u0259 Yollar \u0130nstitutunu \u201cAvtomobil yollar\u0131\u201d ixtisas\u0131 \u00fczr\u0259 bitirib.<\/p>\n\n\n\n<p>O, 1975-1977-ci v\u0259 1983-1985-ci ill\u0259rd\u0259 Az\u0259rbaycan\u0131n avtomobil yollar\u0131 t\u0259s\u0259rr\u00fcfat\u0131 sah\u0259sind\u0259 m\u00fcxt\u0259lif v\u0259zif\u0259l\u0259rd\u0259 \u00e7al\u0131\u015f\u0131b.<\/p>\n\n\n\n<p>Yaqub Piriyev 2014-c\u00fc ild\u0259n Elm v\u0259 T\u0259hsil Nazirliyinin Aparat r\u0259hb\u0259rinin m\u00fcavini idi. O, eyni zamanda Elm, ali v\u0259 orta ixtisas t\u0259hsili \u015f\u00f6b\u0259sinin m\u00fcdiri v\u0259zif\u0259sini icra edirdi.<\/p>\n\n\n\n<p>Y.Piriyev \u0259vv\u0259ll\u0259r Memarl\u0131q v\u0259 \u0130n\u015faat Universitetinin N\u0259qliyyat Fak\u00fclt\u0259sinin dekan\u0131 olub.<\/p>\n\n\n\n<p>Elxan H\u00fcseynov is\u0259 2014-c\u00fc ild\u0259n Sumqay\u0131t D\u00f6vl\u0259t Universitetinin rektoru v\u0259zif\u0259sind\u0259 \u00e7al\u0131\u015f\u0131rd\u0131.<\/p>\n\n\n\n<p>Yeni rektor R\u00fcf\u0259t \u018fzizov bu t\u0259yinatad\u0259k T\u0259hsil \u0130nstitutunun direktoru v\u0259zif\u0259sini icra edib.<\/p>\n\n\n\n<p>R\u00fcf\u0259t \u018fzizov 1998-ci ild\u0259 Beyn\u0259lxalq Mendeleyev Kimya Olimpiadas\u0131 qalibi kimi Lomonosov ad\u0131na Moskva D\u00f6vl\u0259t Universitetinin Kimya Fak\u00fclt\u0259sin\u0259 imtahans\u0131z q\u0259bul olub v\u0259 2003-c\u00fc ild\u0259 m\u0259zun olub. O, 2014-2016-c\u0131 ill\u0259rd\u0259 ADA\/Maastricht Universitetl\u0259rinin birg\u0259 MBA proqram\u0131n\u0131 v\u0259 2018-2020 ill\u0259rd\u0259 is\u0259 Oxford Universitetinin (Said Business School) ali biznes idar\u0259\u00e7iliyi, Executive MBA proqram\u0131n\u0131 bitirib.<\/p>\n\n\n\n<p>R\u00fcf\u0259t \u018fzizovun i\u015f t\u0259cr\u00fcb\u0259si biotexnologiya, kimy\u0259vi kataliz, pedaqoqika, neft-qaz s\u0259nayesi, metal istehsal\u0131, s\u0259naye layih\u0259l\u0259rinin idar\u0259 olunmas\u0131, t\u0259hsil v\u0259 istehsal biznesl\u0259rini \u0259hat\u0259 edir.<\/p>\n\n\n\n<p><\/p>\n\n\n\n<p><\/p>\n","protected":false},"excerpt":{"rendered":"<p>\u0130lham \u018fliyev yeni s\u0259r\u0259ncamlar imzalay\u0131b \u00d6lk\u0259 ba\u015f\u00e7\u0131s\u0131 \u0130lham \u018fliyevin s\u0259r\u0259ncam\u0131 &#8230; <\/p>\n<p class=\"read-more-container\"><a title=\"\u0130ki universitetin rektoru d\u0259yi\u015fdi\" class=\"read-more button\" href=\"https:\/\/www.meydan.tv\/az\/article\/iki-universitetin-rektoru-deyisdi\/#more-284733\" aria-label=\"Read more about \u0130ki universitetin rektoru d\u0259yi\u015fdi\">Davam\u0131<\/a><\/p>\n","protected":false},"author":8,"featured_media":284736,"comment_status":"closed","ping_status":"closed","sticky":false,"template":"","format":"standard","meta":{"_acf_changed":false,"_sitemap_exclude":false,"_sitemap_priority":"","_sitemap_frequency":"","footnotes":""},"categories":[62,56],"tags":[],"class_list":["post-284733","post","type-post","status-publish","format-standard","has-post-thumbnail","hentry","category-sosial","category-xeberler","infinite-scroll-item","generate-columns","tablet-grid-50","mobile-grid-100","grid-parent","grid-33","no-featured-image-padding"],"acf":[],"yoast_head":"<!-- This site is optimized with the Yoast SEO plugin v27.5 - https:\/\/yoast.com\/product\/yoast-seo-wordpress\/ -->\n<title>\u0130ki universitetin rektoru d\u0259yi\u015fdi - MEYDAN.TV<\/title>\n<meta name=\"robots\" content=\"index, follow, max-snippet:-1, max-image-preview:large, max-video-preview:-1\" \/>\n<link rel=\"canonical\" href=\"https:\/\/www.meydan.tv\/az\/article\/iki-universitetin-rektoru-deyisdi\/\" \/>\n<meta property=\"og:locale\" content=\"az_AZ\" \/>\n<meta property=\"og:type\" content=\"article\" \/>\n<meta property=\"og:title\" content=\"\u0130ki universitetin rektoru d\u0259yi\u015fdi - MEYDAN.TV\" \/>\n<meta property=\"og:description\" content=\"\u0130lham \u018fliyev yeni s\u0259r\u0259ncamlar imzalay\u0131b \u00d6lk\u0259 ba\u015f\u00e7\u0131s\u0131 \u0130lham \u018fliyevin s\u0259r\u0259ncam\u0131 ... Davam\u0131\" \/>\n<meta property=\"og:url\" content=\"https:\/\/www.meydan.tv\/az\/article\/iki-universitetin-rektoru-deyisdi\/\" \/>\n<meta property=\"og:site_name\" content=\"MEYDAN.TV\" \/>\n<meta property=\"article:published_time\" content=\"2023-09-13T13:15:46+00:00\" \/>\n<meta property=\"article:modified_time\" content=\"2023-09-13T13:19:57+00:00\" \/>\n<meta property=\"og:image\" content=\"https:\/\/www.meydan.tv\/wp-content\/uploads\/untitled-design-192-e1694610515254.jpg\" \/>\n\t<meta property=\"og:image:width\" content=\"1200\" \/>\n\t<meta property=\"og:image:height\" content=\"554\" \/>\n\t<meta property=\"og:image:type\" content=\"image\/jpeg\" \/>\n<meta name=\"author\" content=\"elli\" \/>\n<meta name=\"twitter:card\" content=\"summary_large_image\" \/>\n<meta name=\"twitter:creator\" content=\"@elli\" \/>\n<script type=\"application\/ld+json\" class=\"yoast-schema-graph\">{\"@context\":\"https:\\\/\\\/schema.org\",\"@graph\":[{\"@type\":\"Article\",\"@id\":\"https:\\\/\\\/www.meydan.tv\\\/az\\\/article\\\/iki-universitetin-rektoru-deyisdi\\\/#article\",\"isPartOf\":{\"@id\":\"https:\\\/\\\/www.meydan.tv\\\/az\\\/article\\\/iki-universitetin-rektoru-deyisdi\\\/\"},\"author\":{\"name\":\"elli\",\"@id\":\"https:\\\/\\\/www.meydan.tv\\\/az\\\/#\\\/schema\\\/person\\\/9cdbecf90d17180ce1dfbd95b08dcf47\"},\"headline\":\"\u0130ki universitetin rektoru d\u0259yi\u015fdi\",\"datePublished\":\"2023-09-13T13:15:46+00:00\",\"dateModified\":\"2023-09-13T13:19:57+00:00\",\"mainEntityOfPage\":{\"@id\":\"https:\\\/\\\/www.meydan.tv\\\/az\\\/article\\\/iki-universitetin-rektoru-deyisdi\\\/\"},\"wordCount\":330,\"publisher\":{\"@id\":\"https:\\\/\\\/www.meydan.tv\\\/az\\\/#organization\"},\"image\":{\"@id\":\"https:\\\/\\\/www.meydan.tv\\\/az\\\/article\\\/iki-universitetin-rektoru-deyisdi\\\/#primaryimage\"},\"thumbnailUrl\":\"https:\\\/\\\/www.meydan.tv\\\/wp-content\\\/uploads\\\/untitled-design-192-e1694610515254.jpg\",\"articleSection\":[\"Sosial\",\"X\u0259b\u0259rl\u0259r\"],\"inLanguage\":\"az\"},{\"@type\":\"WebPage\",\"@id\":\"https:\\\/\\\/www.meydan.tv\\\/az\\\/article\\\/iki-universitetin-rektoru-deyisdi\\\/\",\"url\":\"https:\\\/\\\/www.meydan.tv\\\/az\\\/article\\\/iki-universitetin-rektoru-deyisdi\\\/\",\"name\":\"\u0130ki universitetin rektoru d\u0259yi\u015fdi - MEYDAN.TV\",\"isPartOf\":{\"@id\":\"https:\\\/\\\/www.meydan.tv\\\/az\\\/#website\"},\"primaryImageOfPage\":{\"@id\":\"https:\\\/\\\/www.meydan.tv\\\/az\\\/article\\\/iki-universitetin-rektoru-deyisdi\\\/#primaryimage\"},\"image\":{\"@id\":\"https:\\\/\\\/www.meydan.tv\\\/az\\\/article\\\/iki-universitetin-rektoru-deyisdi\\\/#primaryimage\"},\"thumbnailUrl\":\"https:\\\/\\\/www.meydan.tv\\\/wp-content\\\/uploads\\\/untitled-design-192-e1694610515254.jpg\",\"datePublished\":\"2023-09-13T13:15:46+00:00\",\"dateModified\":\"2023-09-13T13:19:57+00:00\",\"breadcrumb\":{\"@id\":\"https:\\\/\\\/www.meydan.tv\\\/az\\\/article\\\/iki-universitetin-rektoru-deyisdi\\\/#breadcrumb\"},\"inLanguage\":\"az\",\"potentialAction\":[{\"@type\":\"ReadAction\",\"target\":[\"https:\\\/\\\/www.meydan.tv\\\/az\\\/article\\\/iki-universitetin-rektoru-deyisdi\\\/\"]}]},{\"@type\":\"ImageObject\",\"inLanguage\":\"az\",\"@id\":\"https:\\\/\\\/www.meydan.tv\\\/az\\\/article\\\/iki-universitetin-rektoru-deyisdi\\\/#primaryimage\",\"url\":\"https:\\\/\\\/www.meydan.tv\\\/wp-content\\\/uploads\\\/untitled-design-192-e1694610515254.jpg\",\"contentUrl\":\"https:\\\/\\\/www.meydan.tv\\\/wp-content\\\/uploads\\\/untitled-design-192-e1694610515254.jpg\",\"width\":1200,\"height\":554,\"caption\":\"Yaqub Piriyev v\u0259 R\u00fcf\u0259t \u018fzizov\"},{\"@type\":\"BreadcrumbList\",\"@id\":\"https:\\\/\\\/www.meydan.tv\\\/az\\\/article\\\/iki-universitetin-rektoru-deyisdi\\\/#breadcrumb\",\"itemListElement\":[{\"@type\":\"ListItem\",\"position\":1,\"name\":\"Ana s\u0259hif\u0259\",\"item\":\"https:\\\/\\\/www.meydan.tv\\\/az\\\/\"},{\"@type\":\"ListItem\",\"position\":2,\"name\":\"Sosial\",\"item\":\"https:\\\/\\\/www.meydan.tv\\\/az\\\/section\\\/sosial\\\/\"},{\"@type\":\"ListItem\",\"position\":3,\"name\":\"\u0130ki universitetin rektoru d\u0259yi\u015fdi\"}]},{\"@type\":\"WebSite\",\"@id\":\"https:\\\/\\\/www.meydan.tv\\\/az\\\/#website\",\"url\":\"https:\\\/\\\/www.meydan.tv\\\/az\\\/\",\"name\":\"MEYDAN.TV\",\"description\":\"Meydan TV Az\u0259rbaycan\u0131n media m\u0259kan\u0131ndak\u0131 alternativ s\u0259sidir\",\"publisher\":{\"@id\":\"https:\\\/\\\/www.meydan.tv\\\/az\\\/#organization\"},\"potentialAction\":[{\"@type\":\"SearchAction\",\"target\":{\"@type\":\"EntryPoint\",\"urlTemplate\":\"https:\\\/\\\/www.meydan.tv\\\/az\\\/?s={search_term_string}\"},\"query-input\":{\"@type\":\"PropertyValueSpecification\",\"valueRequired\":true,\"valueName\":\"search_term_string\"}}],\"inLanguage\":\"az\"},{\"@type\":\"Organization\",\"@id\":\"https:\\\/\\\/www.meydan.tv\\\/az\\\/#organization\",\"name\":\"Meydan TV\",\"url\":\"https:\\\/\\\/www.meydan.tv\\\/az\\\/\",\"logo\":{\"@type\":\"ImageObject\",\"inLanguage\":\"az\",\"@id\":\"https:\\\/\\\/www.meydan.tv\\\/az\\\/#\\\/schema\\\/logo\\\/image\\\/\",\"url\":\"https:\\\/\\\/www.meydan.tv\\\/wp-content\\\/uploads\\\/2021\\\/07\\\/meydan-logo.svg\",\"contentUrl\":\"https:\\\/\\\/www.meydan.tv\\\/wp-content\\\/uploads\\\/2021\\\/07\\\/meydan-logo.svg\",\"width\":195,\"height\":46,\"caption\":\"Meydan TV\"},\"image\":{\"@id\":\"https:\\\/\\\/www.meydan.tv\\\/az\\\/#\\\/schema\\\/logo\\\/image\\\/\"}},{\"@type\":\"Person\",\"@id\":\"https:\\\/\\\/www.meydan.tv\\\/az\\\/#\\\/schema\\\/person\\\/9cdbecf90d17180ce1dfbd95b08dcf47\",\"name\":\"elli\",\"sameAs\":[\"https:\\\/\\\/x.com\\\/elli\"]}]}<\/script>\n<!-- \/ Yoast SEO plugin. -->","yoast_head_json":{"title":"\u0130ki universitetin rektoru d\u0259yi\u015fdi - MEYDAN.TV","robots":{"index":"index","follow":"follow","max-snippet":"max-snippet:-1","max-image-preview":"max-image-preview:large","max-video-preview":"max-video-preview:-1"},"canonical":"https:\/\/www.meydan.tv\/az\/article\/iki-universitetin-rektoru-deyisdi\/","og_locale":"az_AZ","og_type":"article","og_title":"\u0130ki universitetin rektoru d\u0259yi\u015fdi - MEYDAN.TV","og_description":"\u0130lham \u018fliyev yeni s\u0259r\u0259ncamlar imzalay\u0131b \u00d6lk\u0259 ba\u015f\u00e7\u0131s\u0131 \u0130lham \u018fliyevin s\u0259r\u0259ncam\u0131 ... Davam\u0131","og_url":"https:\/\/www.meydan.tv\/az\/article\/iki-universitetin-rektoru-deyisdi\/","og_site_name":"MEYDAN.TV","article_published_time":"2023-09-13T13:15:46+00:00","article_modified_time":"2023-09-13T13:19:57+00:00","og_image":[{"width":1200,"height":554,"url":"https:\/\/www.meydan.tv\/wp-content\/uploads\/untitled-design-192-e1694610515254.jpg","type":"image\/jpeg"}],"author":"elli","twitter_card":"summary_large_image","twitter_creator":"@elli","schema":{"@context":"https:\/\/schema.org","@graph":[{"@type":"Article","@id":"https:\/\/www.meydan.tv\/az\/article\/iki-universitetin-rektoru-deyisdi\/#article","isPartOf":{"@id":"https:\/\/www.meydan.tv\/az\/article\/iki-universitetin-rektoru-deyisdi\/"},"author":{"name":"elli","@id":"https:\/\/www.meydan.tv\/az\/#\/schema\/person\/9cdbecf90d17180ce1dfbd95b08dcf47"},"headline":"\u0130ki universitetin rektoru d\u0259yi\u015fdi","datePublished":"2023-09-13T13:15:46+00:00","dateModified":"2023-09-13T13:19:57+00:00","mainEntityOfPage":{"@id":"https:\/\/www.meydan.tv\/az\/article\/iki-universitetin-rektoru-deyisdi\/"},"wordCount":330,"publisher":{"@id":"https:\/\/www.meydan.tv\/az\/#organization"},"image":{"@id":"https:\/\/www.meydan.tv\/az\/article\/iki-universitetin-rektoru-deyisdi\/#primaryimage"},"thumbnailUrl":"https:\/\/www.meydan.tv\/wp-content\/uploads\/untitled-design-192-e1694610515254.jpg","articleSection":["Sosial","X\u0259b\u0259rl\u0259r"],"inLanguage":"az"},{"@type":"WebPage","@id":"https:\/\/www.meydan.tv\/az\/article\/iki-universitetin-rektoru-deyisdi\/","url":"https:\/\/www.meydan.tv\/az\/article\/iki-universitetin-rektoru-deyisdi\/","name":"\u0130ki universitetin rektoru d\u0259yi\u015fdi - MEYDAN.TV","isPartOf":{"@id":"https:\/\/www.meydan.tv\/az\/#website"},"primaryImageOfPage":{"@id":"https:\/\/www.meydan.tv\/az\/article\/iki-universitetin-rektoru-deyisdi\/#primaryimage"},"image":{"@id":"https:\/\/www.meydan.tv\/az\/article\/iki-universitetin-rektoru-deyisdi\/#primaryimage"},"thumbnailUrl":"https:\/\/www.meydan.tv\/wp-content\/uploads\/untitled-design-192-e1694610515254.jpg","datePublished":"2023-09-13T13:15:46+00:00","dateModified":"2023-09-13T13:19:57+00:00","breadcrumb":{"@id":"https:\/\/www.meydan.tv\/az\/article\/iki-universitetin-rektoru-deyisdi\/#breadcrumb"},"inLanguage":"az","potentialAction":[{"@type":"ReadAction","target":["https:\/\/www.meydan.tv\/az\/article\/iki-universitetin-rektoru-deyisdi\/"]}]},{"@type":"ImageObject","inLanguage":"az","@id":"https:\/\/www.meydan.tv\/az\/article\/iki-universitetin-rektoru-deyisdi\/#primaryimage","url":"https:\/\/www.meydan.tv\/wp-content\/uploads\/untitled-design-192-e1694610515254.jpg","contentUrl":"https:\/\/www.meydan.tv\/wp-content\/uploads\/untitled-design-192-e1694610515254.jpg","width":1200,"height":554,"caption":"Yaqub Piriyev v\u0259 R\u00fcf\u0259t \u018fzizov"},{"@type":"BreadcrumbList","@id":"https:\/\/www.meydan.tv\/az\/article\/iki-universitetin-rektoru-deyisdi\/#breadcrumb","itemListElement":[{"@type":"ListItem","position":1,"name":"Ana s\u0259hif\u0259","item":"https:\/\/www.meydan.tv\/az\/"},{"@type":"ListItem","position":2,"name":"Sosial","item":"https:\/\/www.meydan.tv\/az\/section\/sosial\/"},{"@type":"ListItem","position":3,"name":"\u0130ki universitetin rektoru d\u0259yi\u015fdi"}]},{"@type":"WebSite","@id":"https:\/\/www.meydan.tv\/az\/#website","url":"https:\/\/www.meydan.tv\/az\/","name":"MEYDAN.TV","description":"Meydan TV Az\u0259rbaycan\u0131n media m\u0259kan\u0131ndak\u0131 alternativ s\u0259sidir","publisher":{"@id":"https:\/\/www.meydan.tv\/az\/#organization"},"potentialAction":[{"@type":"SearchAction","target":{"@type":"EntryPoint","urlTemplate":"https:\/\/www.meydan.tv\/az\/?s={search_term_string}"},"query-input":{"@type":"PropertyValueSpecification","valueRequired":true,"valueName":"search_term_string"}}],"inLanguage":"az"},{"@type":"Organization","@id":"https:\/\/www.meydan.tv\/az\/#organization","name":"Meydan TV","url":"https:\/\/www.meydan.tv\/az\/","logo":{"@type":"ImageObject","inLanguage":"az","@id":"https:\/\/www.meydan.tv\/az\/#\/schema\/logo\/image\/","url":"https:\/\/www.meydan.tv\/wp-content\/uploads\/2021\/07\/meydan-logo.svg","contentUrl":"https:\/\/www.meydan.tv\/wp-content\/uploads\/2021\/07\/meydan-logo.svg","width":195,"height":46,"caption":"Meydan TV"},"image":{"@id":"https:\/\/www.meydan.tv\/az\/#\/schema\/logo\/image\/"}},{"@type":"Person","@id":"https:\/\/www.meydan.tv\/az\/#\/schema\/person\/9cdbecf90d17180ce1dfbd95b08dcf47","name":"elli","sameAs":["https:\/\/x.com\/elli"]}]}},"_links":{"self":[{"href":"https:\/\/www.meydan.tv\/az\/wp-json\/wp\/v2\/posts\/284733","targetHints":{"allow":["GET"]}}],"collection":[{"href":"https:\/\/www.meydan.tv\/az\/wp-json\/wp\/v2\/posts"}],"about":[{"href":"https:\/\/www.meydan.tv\/az\/wp-json\/wp\/v2\/types\/post"}],"author":[{"embeddable":true,"href":"https:\/\/www.meydan.tv\/az\/wp-json\/wp\/v2\/users\/8"}],"replies":[{"embeddable":true,"href":"https:\/\/www.meydan.tv\/az\/wp-json\/wp\/v2\/comments?post=284733"}],"version-history":[{"count":3,"href":"https:\/\/www.meydan.tv\/az\/wp-json\/wp\/v2\/posts\/284733\/revisions"}],"predecessor-version":[{"id":284741,"href":"https:\/\/www.meydan.tv\/az\/wp-json\/wp\/v2\/posts\/284733\/revisions\/284741"}],"wp:featuredmedia":[{"embeddable":true,"href":"https:\/\/www.meydan.tv\/az\/wp-json\/wp\/v2\/media\/284736"}],"wp:attachment":[{"href":"https:\/\/www.meydan.tv\/az\/wp-json\/wp\/v2\/media?parent=284733"}],"wp:term":[{"taxonomy":"category","embeddable":true,"href":"https:\/\/www.meydan.tv\/az\/wp-json\/wp\/v2\/categories?post=284733"},{"taxonomy":"post_tag","embeddable":true,"href":"https:\/\/www.meydan.tv\/az\/wp-json\/wp\/v2\/tags?post=284733"}],"curies":[{"name":"wp","href":"https:\/\/api.w.org\/{rel}","templated":true}]}}