{"id":284706,"date":"2023-09-13T15:21:41","date_gmt":"2023-09-13T11:21:41","guid":{"rendered":"https:\/\/www.meydan.tv\/?p=284706"},"modified":"2023-09-13T17:30:01","modified_gmt":"2023-09-13T13:30:01","slug":"goycayda-mekteb-direktorlari-ticaret-merkezleri-ile-isbirliyinde-gunahlandirilir","status":"publish","type":"post","link":"https:\/\/www.meydan.tv\/az\/article\/goycayda-mekteb-direktorlari-ticaret-merkezleri-ile-isbirliyinde-gunahlandirilir\/","title":{"rendered":"G\u00f6y\u00e7ayda m\u0259kt\u0259b direktorlar\u0131 ticar\u0259t m\u0259rk\u0259zl\u0259ri il\u0259 i\u015fbirliyind\u0259 g\u00fcnahland\u0131r\u0131l\u0131r"},"content":{"rendered":"\n<p><\/p>\n\n\n\n<p><strong><em>Vaideynl\u0259r bahal\u0131qdan, sat\u0131c\u0131lar direktorlar\u0131n yaratd\u0131\u011f\u0131 monopolyadan naraz\u0131d\u0131r<\/em><\/strong><\/p>\n\n\n\n<p><em>&#8220;\u00dc\u00e7 \u00f6vlad\u0131m var, ikisi m\u0259kt\u0259blidir. 400 manat x\u0259rcim \u00e7\u0131xd\u0131. M\u0259kt\u0259bli geyiml\u0259ri \u00f6t\u0259n ill\u0259 m\u00fcqayis\u0259d\u0259 50-60 manat bahala\u015f\u0131b. \u0130stifad\u0259 edib qiym\u0259ti art\u0131ran sat\u0131c\u0131lar da var, bilir ki, t\u0259l\u0259bat var, valideyn almal\u0131d\u0131r. El\u0259 geyiml\u0259r var ki, h\u0259tta 15 manat f\u0259rq var. Keyfiyy\u0259tli m\u0259hsul bahad\u0131r, ancaq valideynl\u0259r d\u0259 imkans\u0131zl\u0131qdan ucuzuna qa\u00e7\u0131r. U\u015faqlar deyir ki, dig\u0259rl\u0259ri t\u0259z\u0259, m\u0259n k\u00f6hn\u0259 geyin\u0259 bilm\u0259r\u0259m. M\u0259kt\u0259bd\u0259n d\u0259 m\u0259cbur edirl\u0259r ki, al\u0131n&#8221;.<\/em><\/p>\n\n\n\n<p>Bunu G\u00f6y\u00e7ay\u0131n X\u0259litli k\u0259nd sakini Mehriban \u018fliyeva Meydan TV-y\u0259 deyib.<\/p>\n\n\n\n<p>Yeni t\u0259dris ilin\u0259 sayl\u0131 g\u00fcnl\u0259r qald\u0131\u011f\u0131ndan bir \u00e7ox valideyn kimi o da t\u0259la\u015f i\u00e7ind\u0259dir.<br>\u00d6z\u00fc rayonun iri ticar\u0259t m\u0259rk\u0259zind\u0259 sat\u0131c\u0131 i\u015fl\u0259s\u0259 d\u0259, m\u0259kt\u0259bli \u00f6vladlar\u0131n\u0131n x\u0259rcini tam \u00f6d\u0259y\u0259 bilm\u0259diyini deyir.<\/p>\n\n\n<div class=\"wp-block-image\">\n<figure class=\"aligncenter size-large\"><img decoding=\"async\" width=\"1200\" height=\"675\" data-src=\"https:\/\/www.meydan.tv\/wp-content\/uploads\/img-20230908-wa0136-1200x675.jpg\" alt=\"\" class=\"wp-image-284685 lazyload\" src=\"data:image\/svg+xml;base64,PHN2ZyB3aWR0aD0iMSIgaGVpZ2h0PSIxIiB4bWxucz0iaHR0cDovL3d3dy53My5vcmcvMjAwMC9zdmciPjwvc3ZnPg==\" style=\"--smush-placeholder-width: 1200px; --smush-placeholder-aspect-ratio: 1200\/675;\" \/><\/figure>\n<\/div>\n\n\n<p>Qad\u0131n\u0131n s\u00f6zl\u0259rin\u0259 g\u00f6r\u0259, keyfiyy\u0259tli m\u0259hsul \u201c\u0259l yand\u0131r\u0131r\u201d, ucuz m\u0259hsullar da keyfiyy\u0259td\u0259n uzaqd\u0131r.<\/p>\n\n\n\n<p><strong>&#8220;100 al\u0131c\u0131dan 70-ni m\u0259kt\u0259b r\u0259hb\u0259rliyi, m\u00fc\u0259lliml\u0259r y\u00f6n\u0259ldir&#8221;<\/strong><\/p>\n\n\n\n<p>Otuza yax\u0131n x\u0131rda ticar\u0259t pi\u015ftaxtalar\u0131n\u0131n yer ald\u0131\u011f\u0131 G\u00f6y\u00e7ay Ticar\u0259t M\u0259rk\u0259zin\u0259 son bir h\u0259ft\u0259d\u0259 k\u00fctl\u0259vi ax\u0131n var.<\/p>\n\n\n\n<p>Valideynl\u0259r yeni t\u0259dris ilinin t\u0259l\u0259bin\u0259 uy\u011fun geyim axtar\u0131\u015f\u0131nda, sat\u0131c\u0131lar is\u0259 daha \u00e7ox pul qazanmaq sevdas\u0131ndad\u0131r.<\/p>\n\n\n\n<p>\u018fks\u0259r sat\u0131c\u0131lar iddia edir ki, valideynl\u0259rin \u00e7oxu m\u0259kt\u0259b r\u0259hb\u0259rliyi v\u0259 m\u00fc\u0259lliml\u0259rin y\u00f6nl\u0259ndirdiyi ticar\u0259t m\u0259rk\u0259zl\u0259rind\u0259n al\u0131\u015f-veri\u015f edir.<\/p>\n\n\n<div class=\"wp-block-image\">\n<figure class=\"aligncenter size-large\"><img decoding=\"async\" width=\"1200\" height=\"675\" data-src=\"https:\/\/www.meydan.tv\/wp-content\/uploads\/img-20230908-wa0144-1200x675.jpg\" alt=\"\" class=\"wp-image-284700 lazyload\" src=\"data:image\/svg+xml;base64,PHN2ZyB3aWR0aD0iMSIgaGVpZ2h0PSIxIiB4bWxucz0iaHR0cDovL3d3dy53My5vcmcvMjAwMC9zdmciPjwvc3ZnPg==\" style=\"--smush-placeholder-width: 1200px; --smush-placeholder-aspect-ratio: 1200\/675;\" \/><\/figure>\n<\/div>\n\n\n<p>H\u0259m m\u0259kt\u0259bli geyimi, h\u0259m d\u0259 m\u0259kt\u0259b l\u0259vazimatlar\u0131n\u0131n sat\u0131\u015f\u0131 il\u0259 m\u0259\u015f\u011ful olan Fatim\u0259 Ba\u011f\u0131rova alverin z\u0259if getdiyini deyir.<\/p>\n\n\n\n<p>O h\u0259m\u00e7inin qeyd edir ki, valideynl\u0259r k\u00f6n\u00fcll\u00fc \u015f\u0259kild\u0259 deyil, m\u0259cburi \u015f\u0259kild\u0259 iki ticar\u0259t m\u0259rk\u0259zin\u0259 y\u00f6nl\u0259ndirilir.<\/p>\n\n\n\n<p>Sat\u0131c\u0131 h\u0259tta bir valideyn\u0259 satd\u0131\u011f\u0131 geyimin m\u0259kt\u0259b r\u0259hb\u0259rliyi t\u0259r\u0259find\u0259n geri qaytar\u0131ld\u0131\u011f\u0131n\u0131 da deyir:<\/p>\n\n\n<div class=\"wp-block-image\">\n<figure class=\"aligncenter size-large\"><img decoding=\"async\" width=\"1200\" height=\"675\" data-src=\"https:\/\/www.meydan.tv\/wp-content\/uploads\/img-20230908-wa0142-1200x675.jpg\" alt=\"\" class=\"wp-image-284694 lazyload\" src=\"data:image\/svg+xml;base64,PHN2ZyB3aWR0aD0iMSIgaGVpZ2h0PSIxIiB4bWxucz0iaHR0cDovL3d3dy53My5vcmcvMjAwMC9zdmciPjwvc3ZnPg==\" style=\"--smush-placeholder-width: 1200px; --smush-placeholder-aspect-ratio: 1200\/675;\" \/><\/figure>\n<\/div>\n\n\n<p>&#8220;<em>\u00d6t\u0259n il bu vaxt bo\u015f dayanma\u011fa vaxt\u0131m yox idi, g\u00fcn \u0259rzind\u0259 be\u015f \u00e7anta satard\u0131m, bu g\u00fcn bir \u00e7anta g\u00fccl\u0259 satd\u0131m. G\u00fcn \u0259rzind\u0259 95 manat d\u0259ft\u0259r, q\u0259l\u0259m, \u00e7anta alverind\u0259n qazanm\u0131\u015fam. \u00dcmumiyy\u0259tl\u0259, \u00f6t\u0259n il 3-4 g\u00fcn\u0259 700-800 manata q\u0259d\u0259r alver olurdu. \u0130ndi is\u0259 v\u0259ziyy\u0259t pisdir. Bu il b\u00f6y\u00fck ticar\u0259t m\u0259rk\u0259zi a\u00e7d\u0131lar rayonda, camaat\u0131n v\u0259ziyy\u0259ti pisdir, k\u0259ndlil\u0259rin qazanc\u0131 yoxdur dey\u0259 alver d\u0259 z\u0259ifdir. G\u0259l\u0259n d\u0259 on d\u0259f\u0259 bax\u0131b, cibin\u0259 uy\u011fun ucuzunu ist\u0259yir, he\u00e7 kim \u00f6vlad\u0131na ucuz geyim, \u00e7anta almaz, sad\u0259c\u0259, \u0259lacs\u0131zl\u0131qdan al\u0131rlar\u201d.<\/em><\/p>\n\n\n<div class=\"wp-block-image\">\n<figure class=\"aligncenter size-large\"><img decoding=\"async\" width=\"1200\" height=\"675\" data-src=\"https:\/\/www.meydan.tv\/wp-content\/uploads\/img-20230908-wa0140-1200x675.jpg\" alt=\"\" class=\"wp-image-284691 lazyload\" src=\"data:image\/svg+xml;base64,PHN2ZyB3aWR0aD0iMSIgaGVpZ2h0PSIxIiB4bWxucz0iaHR0cDovL3d3dy53My5vcmcvMjAwMC9zdmciPjwvc3ZnPg==\" style=\"--smush-placeholder-width: 1200px; --smush-placeholder-aspect-ratio: 1200\/675;\" \/><\/figure>\n<\/div>\n\n\n<p>\u201c<em>Bizd\u0259 \u00e7antalar 15 manatdan 25 manata, m\u0259kt\u0259bli geyimi is\u0259 10 manatdan 18 manata q\u0259d\u0259rdi. G\u00f6y\u00e7ayda \u0259sas t\u0259l\u0259b g\u00f6y \u0259t\u0259k, \u015falvar, a\u011f k\u00f6yn\u0259y\u0259dir. Valideynl\u0259r g\u0259l\u0259nd\u0259 paltar t\u0259klif edirik, deyirl\u0259r ki, yox, biz\u0259 m\u00fc\u0259lliml\u0259r iki ticar\u0259t yerini deyibl\u0259r. G\u00f6st\u0259ri\u015f var ki, ancaq onlardan al\u0131n. &#8220;Yusifo\u011flu&#8221;dan v\u0259 &#8220;G\u00f6y\u00e7ay shoping&#8221;d\u0259n. M\u0259n valideyn\u0259 iki k\u00f6yn\u0259k, iki \u0259t\u0259k satd\u0131m. Az sonra qaytard\u0131 ki, m\u00fc\u0259llim\u0259 deyir ki, bu geyim uy\u011fun deyil, \u00fc\u00e7 d\u00fcym\u0259lisini al. \u00d6z\u00fc d\u0259 yerini deyir ki, get oradan al\u201d,<\/em> &#8211; sat\u0131c\u0131 \u015fikay\u0259tl\u0259nir \u2013 <em>\u201cM\u00fc\u0259llim\u0259 il\u0259 dan\u0131\u015fd\u0131m ki, ad\u0131n\u0131z\u0131 deyin, dem\u0259di, s\u00f6nd\u00fcrd\u00fc telefonu. Nazirliy\u0259 \u015fikay\u0259t etm\u0259k laz\u0131m ki, bel\u0259 m\u0259cburiyy\u0259t n\u0259dir, oradan faiz al\u0131rlar da. Amma h\u0259min ticar\u0259t yerl\u0259rind\u0259 27-28 manatad\u0131r eyni geyiml\u0259r. Biz he\u00e7 kimin \u00e7\u00f6r\u0259yin\u0259 mane olmaq ist\u0259m\u0259rik, amma qoy valideynl\u0259r \u00f6zl\u0259ri axtar\u0131b taps\u0131n, als\u0131n. Bazarda h\u0259mi\u015f\u0259 endirim olur, valideyn \u00f6z\u00fc, tap\u0131b ala bil\u0259r. 100 al\u0131c\u0131dan 70-ni m\u0259kt\u0259b r\u0259hb\u0259rliyi, m\u00fc\u0259lliml\u0259r y\u00f6n\u0259ldir&#8221;.<\/em><\/p>\n\n\n\n<p><strong>&#8220;Rayon camaat\u0131 bu son iki ild\u0259 \u00e7ox kas\u0131blay\u0131b&#8221;<\/strong><\/p>\n\n\n\n<p>20 ildir bazarda sat\u0131c\u0131 i\u015fl\u0259y\u0259n Siyavu\u015f \u018fhm\u0259dov da yeni t\u0259dris ili \u00fc\u00e7\u00fcn sat\u0131\u015fa yeni ayaqqab\u0131lar g\u0259tirs\u0259 d\u0259, alverinin \u0259vv\u0259lki ill\u0259rl\u0259 m\u00fcqayis\u0259d\u0259 30 faiz azald\u0131\u011f\u0131n\u0131 bildirir. O\u011flanlar \u00fc\u00e7\u00fcn ayaqqab\u0131lar\u0131n daha baha sat\u0131ld\u0131\u011f\u0131n\u0131 dey\u0259n sat\u0131c\u0131 al\u0131c\u0131l\u0131\u011f\u0131n z\u0259if olmas\u0131n\u0131n bir s\u0259b\u0259bini d\u0259 sakinl\u0259rin a\u015fa\u011f\u0131 maddi durumu il\u0259 \u0259laq\u0259l\u0259ndirir:<\/p>\n\n\n<div class=\"wp-block-image\">\n<figure class=\"aligncenter size-large\"><img decoding=\"async\" width=\"1200\" height=\"675\" data-src=\"https:\/\/www.meydan.tv\/wp-content\/uploads\/img-20230908-wa0133-1200x675.jpg\" alt=\"\" class=\"wp-image-284676 lazyload\" src=\"data:image\/svg+xml;base64,PHN2ZyB3aWR0aD0iMSIgaGVpZ2h0PSIxIiB4bWxucz0iaHR0cDovL3d3dy53My5vcmcvMjAwMC9zdmciPjwvc3ZnPg==\" style=\"--smush-placeholder-width: 1200px; --smush-placeholder-aspect-ratio: 1200\/675;\" \/><\/figure>\n<\/div>\n\n\n<p><em>&#8220;Q\u0131zlar \u00fc\u00e7\u00fcn ayaqqab\u0131lar\u0131n qiym\u0259ti 10 manatdan 17 manata q\u0259d\u0259r, o\u011flanlar \u00fc\u00e7\u00fcn is\u0259 15 manatdan 30 manata q\u0259d\u0259rdi. \u00d6t\u0259n iki ill\u0259 m\u00fcqayis\u0259d\u0259 30-35 faiz azalma var. Rayon camaat\u0131 bu son iki ild\u0259 \u00e7ox kas\u0131blay\u0131b, biz sat\u0131c\u0131lar bunu daha \u00e7ox m\u00fc\u015fahid\u0259 edirik. \u0130ndi u\u015fa\u011fa ayaqqab\u0131 alan valideyn az\u0131 5-6 ay d\u00f6z\u00fcml\u00fc olmas\u0131n\u0131 ist\u0259yir. Biz\u0259 d\u0259 \u00e7\u00f6r\u0259k pulu qal\u0131r ancaq, qazancdan dan\u0131\u015fmaq yersizdir. Biz sat\u0131c\u0131lar\u0131 bu il h\u0259m d\u0259 pis v\u0259ziyy\u0259t\u0259 salan m\u0259kt\u0259b direktorlar\u0131n\u0131n, r\u0259hb\u0259r \u015f\u0259xsl\u0259rin b\u0259zi sahibkarlarla \u0259lbir olub geyimi, m\u0259kt\u0259b l\u0259vazimatlar\u0131n\u0131 monopoliyaya almaqlar\u0131d\u0131r. Valideynl\u0259r\u0259 s\u0259s at\u0131rlar, y\u00f6n\u0259ldirl\u0259r ki, gedin filan ma\u011fazadan, al\u0131\u015f- veri\u015f m\u0259rk\u0259zind\u0259n al\u0131n. Xeyr ola, siz\u0259 bunu kim icaz\u0259 verir ki, bel\u0259 g\u00f6st\u0259ri\u015fl\u0259 geyiml\u0259ri, l\u0259vazimatlar\u0131 ald\u0131r\u0131rs\u0131z? Bir ne\u00e7\u0259 m\u0259rk\u0259z var ki, k\u00fctl\u0259vi al\u0131\u015f orada gedir. Bu, ac\u0131 reall\u0131qd\u0131r ki, \u00f6z qazanclar\u0131 \u00fc\u00e7\u00fcn edirl\u0259r. Bir ayd\u0131r ki, bu prosesi m\u00fc\u015fahid\u0259 edir\u0259m&#8221;.<br><\/em><\/p>\n\n\n\n<p><strong>&#8220;M\u0259kt\u0259b direktorlar\u0131 il\u0259 dan\u0131\u015fard\u0131m, alverim yax\u015f\u0131 getsin&#8221;<\/strong><\/p>\n\n\n\n<p>Bazar\u0131n daxili istiqam\u0259tind\u0259ki ticar\u0259t k\u00f6\u015fkl\u0259rind\u0259 \u00e7\u00f6ld\u0259ki k\u00f6\u015fkl\u0259r\u0259 nisb\u0259td\u0259 geyim v\u0259 ayaqqab\u0131lar\u0131n qiym\u0259tl\u0259rind\u0259 4-5 manat, b\u0259zi geyiml\u0259rd\u0259 h\u0259tta on manat f\u0259rq var. Ancaq \u00e7anta daxil dig\u0259r m\u0259kt\u0259b l\u0259vazimatlar\u0131nda is\u0259 be\u015f q\u0259pikd\u0259n be\u015f manata q\u0259d\u0259r art\u0131m m\u00fc\u015fahid\u0259 edilir.<br>Sat\u0131c\u0131lar rayonda daha \u00e7ox t\u00fcnd g\u00f6y r\u0259ngli geyiml\u0259r\u0259 \u00fcst\u00fcnl\u00fck verildiyini deyirl\u0259r. Sat\u0131c\u0131 Esmira \u015e\u0131x\u0259liyeva m\u0259kt\u0259bli geyiml\u0259rinin qiym\u0259tinin maksimum 25-30 manat aras\u0131nda d\u0259yi\u015fdiyini bildirir:<\/p>\n\n\n<div class=\"wp-block-image\">\n<figure class=\"aligncenter size-large\"><img decoding=\"async\" width=\"1200\" height=\"675\" data-src=\"https:\/\/www.meydan.tv\/wp-content\/uploads\/img-20230908-wa0143-1200x675.jpg\" alt=\"\" class=\"wp-image-284697 lazyload\" src=\"data:image\/svg+xml;base64,PHN2ZyB3aWR0aD0iMSIgaGVpZ2h0PSIxIiB4bWxucz0iaHR0cDovL3d3dy53My5vcmcvMjAwMC9zdmciPjwvc3ZnPg==\" style=\"--smush-placeholder-width: 1200px; --smush-placeholder-aspect-ratio: 1200\/675;\" \/><\/figure>\n<\/div>\n\n\n<p><em>&#8220;Bir h\u0259ft\u0259dir sat\u0131\u015f art\u0131b. \u018fsas t\u00fcnd g\u00f6y r\u0259ngd\u0259 \u0259t\u0259k, \u015falvarlara v\u0259 a\u011f koftalara t\u0259l\u0259bat \u00e7oxdur rayonda. M\u00fc\u0259lliml\u0259r \u00fc\u00e7\u00fcn d\u0259 geyiml\u0259r g\u0259tirmi\u015fik. Ucuz, bahal\u0131 mallar\u0131m\u0131z var. Ucuz mallar\u0131m\u0131z 12 manatdan 15 manata, bahal\u0131 mallar\u0131m\u0131z 15 manatdan 25 manata kimidir. \u018ft\u0259kl\u0259rimiz is\u0259 15 manatdan 25 manata kimidir. \u00d6z\u00fcm\u00fcz\u00fcn g\u0259tirib tikm\u0259yimiz vaxt apar\u0131r, s\u0259rf etmir, haz\u0131r g\u0259tiririk, d\u0259rzi var, geyim\u0259 d\u00fcz\u0259li\u015f edir. Yax\u0131n iki g\u00fcnd\u0259 n\u0259 satd\u0131m satd\u0131m, be\u015f m\u0259kt\u0259bli geyimi qal\u0131b. Yenid\u0259n geyim g\u0259tir\u0259 bilm\u0259r\u0259m, \u00e7\u00fcnki \u00e7oxu al\u0131b, ma\u011fazada qalar, al\u0131nmaz. Bu be\u015f g\u00fcnd\u0259 is\u0259 \u0259n \u00e7ox 7 geyim satd\u0131m. M\u0259n bils\u0259ydim, m\u0259kt\u0259b direktorlar\u0131 il\u0259 dan\u0131\u015fard\u0131m ki, alverim yax\u015f\u0131 getsin, ancaq gecikdim. \u00c7\u00fcnki onlara endirim v\u0259 k\u00f6m\u0259k olur&#8221;.<\/em><br><\/p>\n\n\n\n<p><strong>&#8220;Geyiml\u0259rd\u0259 d\u0259 keyfiyy\u0259t yoxdur&#8221;<\/strong><\/p>\n\n\n\n<p>Valideynl\u0259r is\u0259 h\u0259m naraz\u0131, h\u0259m d\u0259 narahat g\u00f6r\u00fcn\u00fcrd\u00fcl\u0259r. \u00c7\u00fcnki geyim t\u0259l\u0259bi m\u0259cbur, m\u0259sr\u0259f is\u0259 cibd\u0259n baha. K\u00fcrd\u015faban k\u0259nd tam orta m\u0259kt\u0259bin\u0259 iki m\u0259kt\u0259bli yola salacaq \u015e\u0259msi Mustafayev da bel\u0259 valideynl\u0259rd\u0259ndir. O, bir m\u0259kt\u0259bli \u00fc\u00e7\u00fcn minumum 200-250 manat pul t\u0259l\u0259b olundu\u011funu deyir:<\/p>\n\n\n<div class=\"wp-block-image\">\n<figure class=\"aligncenter size-large\"><img decoding=\"async\" width=\"1200\" height=\"675\" data-src=\"https:\/\/www.meydan.tv\/wp-content\/uploads\/img-20230908-wa0121-1200x675.jpg\" alt=\"\" class=\"wp-image-284707 lazyload\" src=\"data:image\/svg+xml;base64,PHN2ZyB3aWR0aD0iMSIgaGVpZ2h0PSIxIiB4bWxucz0iaHR0cDovL3d3dy53My5vcmcvMjAwMC9zdmciPjwvc3ZnPg==\" style=\"--smush-placeholder-width: 1200px; --smush-placeholder-aspect-ratio: 1200\/675;\" \/><\/figure>\n<\/div>\n\n\n<p>&#8220;<em>\u015e\u0259xs\u0259n m\u00fc\u0259llim \u00f6z\u00fc m\u0259n\u0259 s\u0259s at\u0131b ki, filan yerd\u0259n m\u0259kt\u0259bli geyimi al\u0131n, fil\u0259nk\u0259slar oradan al\u0131b. Onun dediyi yer d\u0259 uzaq idi, x\u0259st\u0259xana istiqam\u0259tind\u0259dir dey\u0259 ged\u0259 bilm\u0259dim. \u0130ki u\u015fa\u011f\u0131 da g\u00f6t\u00fcr\u00fcb g\u0259lmi\u015f\u0259m bazara. 400 manat x\u0259rcl\u0259dim. \u018fn \u0259sas geyim v\u0259 l\u0259vazimatlar\u0131 ald\u0131m, ham\u0131s\u0131n\u0131 yox. Ayaqqab\u0131 v\u0259 \u00e7antalar \u00f6t\u0259n ilkind\u0259n bahad\u0131r, geyimi d\u0259 m\u0259cburidir dey\u0259 ald\u0131q. H\u0259l\u0259 al\u0131nas\u0131 l\u0259vazimatlar \u00e7oxdur. Bu il 50-60 manat art\u0131q pul x\u0259rcl\u0259dim. Geyiml\u0259rd\u0259 d\u0259 keyfiyy\u0259t yoxdur, tiki\u015f evl\u0259ri nec\u0259 g\u0259ldi tikib sat\u0131rlar. O geyiml\u0259rin keyfiyy\u0259ti m\u0259ni qane etmir. \u00d6z\u00fcn\u00fcn tiki\u015fi d\u0259 baha \u00e7\u0131x\u0131r&#8221;.<\/em><\/p>\n\n\n\n<p><strong>&#8220;15-20 faiz bahalanma var&#8221;<\/strong><\/p>\n\n\n\n<p>Amil Hac\u0131yev d\u0259 iki m\u0259kt\u0259bli \u00f6vlad\u0131 \u00fc\u00e7\u00fcn yar\u0131 n\u0259\u011fd, yar\u0131 nisy\u0259 geyim alan v\u0259t\u0259nda\u015fd\u0131r. Deyir ki, \u00f6t\u0259n ill\u0259 m\u00fcqayis\u0259d\u0259 10-15 faiz art\u0131m var.<\/p>\n\n\n<div class=\"wp-block-image\">\n<figure class=\"aligncenter size-large\"><img decoding=\"async\" width=\"1200\" height=\"675\" data-src=\"https:\/\/www.meydan.tv\/wp-content\/uploads\/img-20230908-wa0118-1200x675.jpg\" alt=\"\" class=\"wp-image-284710 lazyload\" src=\"data:image\/svg+xml;base64,PHN2ZyB3aWR0aD0iMSIgaGVpZ2h0PSIxIiB4bWxucz0iaHR0cDovL3d3dy53My5vcmcvMjAwMC9zdmciPjwvc3ZnPg==\" style=\"--smush-placeholder-width: 1200px; --smush-placeholder-aspect-ratio: 1200\/675;\" \/><\/figure>\n<\/div>\n\n\n<p>&#8220;<em>Qarax\u0131d\u0131r k\u0259ndind\u0259n g\u0259lmi\u015fik. 150 manatla g\u0259ldim ki, iki o\u011fluma h\u0259r \u015fey alacam, \u00f6t\u0259n il d\u0259 bu m\u0259bl\u0259\u011f\u0259 alm\u0131\u015fd\u0131m, amma \u0259ksin\u0259 vacib geyiml\u0259r\u0259 \u0259lav\u0259 50 manat da nisy\u0259 etdim. Bir d\u0259st geyim, ayaqqab\u0131 v\u0259 \u00e7anta. D\u0259ft\u0259rin\u0259, q\u0259l\u0259ml\u0259rin\u0259 pul \u00e7atmad\u0131. A\u011f k\u00f6yn\u0259k, qara \u015falvar ald\u0131m ikisin\u0259, 15-20 faiz bahala\u015fma var ki, bu da bir \u00e7ox valideyni borc i\u00e7ind\u0259 qoyur, y\u0259ni xahi\u015fl\u0259 nisy\u0259 almal\u0131san&#8221;.<\/em><\/p>\n\n\n\n<p><strong>&#8220;H\u0259r il bahala\u015f\u0131r, cib\u0259 uy\u011fun deyil&#8221;<\/strong><\/p>\n\n\n\n<p>\u0130ki m\u0259kt\u0259bli \u00f6vlad\u0131na 300 manat pul x\u0259rcl\u0259y\u0259n Ceyran \u0130smay\u0131lova is\u0259 \u00e7at\u0131\u015fmayan l\u0259vazimatlara g\u00f6r\u0259 h\u0259l\u0259 200 manat da laz\u0131m oldu\u011funu deyir:<\/p>\n\n\n\n<p>&#8220;<em>T\u0259k iki u\u015fa\u011f\u0131n alt v\u0259 \u00fcst geyimi h\u0259r biri bir \u0259d\u0259d olmaqla 200 manat tutdu. D\u0259ft\u0259r, q\u0259l\u0259m, pozan, x\u0259tke\u015f, r\u0259ngli karanda\u015f v\u0259 g\u00fcnd\u0259lik birlikd\u0259 100 manat tutdu. H\u0259l\u0259 tam almam\u0131\u015fam. \u00c7antalar 15 manatdan 20 manata q\u0259d\u0259r. \u00d6t\u0259n il 2-3 manat ucuz idi, 100 v\u0259r\u0259qli d\u0259ft\u0259rl\u0259r \u00f6t\u0259n il 80 q\u0259pik bu il bir manatdan bir manat iyirmi q\u0259piy\u0259 q\u0259d\u0259r art\u0131b, b\u0259zi az v\u0259r\u0259qli d\u0259ft\u0259rl\u0259rd\u0259 be\u015f q\u0259pik, g\u00fcnd\u0259likd\u0259 on q\u0259pik, dig\u0259rl\u0259rind\u0259 30-40 q\u0259piy\u0259 q\u0259d\u0259r art\u0131m var. 200 manat da laz\u0131md\u0131r ki, dig\u0259r \u00e7at\u0131\u015fmayanlar\u0131 al\u0131m. \u00d6t\u0259n il 300 manata alm\u0131\u015fd\u0131m ham\u0131s\u0131n\u0131. H\u0259r il bahala\u015f\u0131r, cib\u0259 uy\u011fun deyil&#8221;.<\/em><br><\/p>\n\n\n<div class=\"wp-block-image\">\n<figure class=\"aligncenter size-large\"><img decoding=\"async\" width=\"1200\" height=\"675\" data-src=\"https:\/\/www.meydan.tv\/wp-content\/uploads\/img-20230908-wa0134-1200x675.jpg\" alt=\"\" class=\"wp-image-284679 lazyload\" src=\"data:image\/svg+xml;base64,PHN2ZyB3aWR0aD0iMSIgaGVpZ2h0PSIxIiB4bWxucz0iaHR0cDovL3d3dy53My5vcmcvMjAwMC9zdmciPjwvc3ZnPg==\" style=\"--smush-placeholder-width: 1200px; --smush-placeholder-aspect-ratio: 1200\/675;\" \/><\/figure>\n<\/div>\n\n\n<p><strong>&#8220;Geyiml\u0259rin haradan al\u0131nmas\u0131 il\u0259 ba\u011fl\u0131 vahid tap\u015f\u0131r\u0131q yoxdur&#8221;<\/strong><\/p>\n\n\n\n<p>M\u0259rk\u0259zi Aran Regional T\u0259hsil \u0130dar\u0259sinin \u0259m\u0259kda\u015f\u0131 R\u00fcst\u0259m Aslanov Meydan TV-y\u0259 bildirdi ki, m\u0259kt\u0259blil\u0259r \u00fc\u00e7\u00fcn vahid geyim formas\u0131n\u0131n se\u00e7imi \u00fc\u00e7\u00fcn \u00f6t\u0259n ild\u0259n m\u0259kt\u0259b \u015furalar\u0131 t\u0259r\u0259find\u0259n m\u00fczakir\u0259l\u0259r apar\u0131l\u0131b. H\u0259m\u00e7inin \u0259m\u0259kda\u015f valideynl\u0259rin m\u0259kt\u0259bli geyiml\u0259rinin haradan almas\u0131nda v\u0259 tikdirilm\u0259sind\u0259 s\u0259rb\u0259st oldu\u011funu bildirir:<\/p>\n\n\n\n<p><em>&#8220;Nazirl\u0259r Kabinetinin q\u0259rar\u0131na \u0259sas\u0259n, 2023-2024 t\u0259dris ilind\u0259 b\u00fct\u00fcn \u00fcmumi t\u0259hsil m\u00fc\u0259ssis\u0259l\u0259rind\u0259 vahid m\u0259kt\u0259bli geyim formas\u0131 q\u0259bul olunub. \u00d6t\u0259n il bu geyim formalar\u0131 da pedaqoji \u015furalarda m\u00fczakir\u0259 olunub v\u0259 q\u0259rar q\u0259bul olunub. M\u0259kt\u0259b r\u0259hb\u0259rl\u0259ri bununla ba\u011fl\u0131 valideynl\u0259r\u0259 m\u0259lumat verib. Geyiml\u0259rin haradan al\u0131nmas\u0131 il\u0259 ba\u011fl\u0131 vahid tap\u015f\u0131r\u0131q yoxdur, y\u0259ni m\u0259cburiyy\u0259t yoxdur. Valideynl\u0259r, m\u0259kt\u0259blil\u0259r ist\u0259nil\u0259n sat\u0131\u015f m\u0259rk\u0259zl\u0259rind\u0259n geyiml\u0259ri \u0259ld\u0259 ed\u0259, yaxud tikdir\u0259 d\u0259 bil\u0259rl\u0259r. Sad\u0259c\u0259 t\u00f6vsiy\u0259l\u0259rimiz olur ki, daha uy\u011fun, daha keyfiyy\u0259tli geyim v\u0259 m\u0259hsullar als\u0131nlar. Y\u0259ni m\u0259kt\u0259b r\u0259hb\u0259rliyinin yaxud m\u00fc\u0259lliml\u0259rin valideynl\u0259ri qazanc \u00fc\u00e7\u00fcn hans\u0131sa ticar\u0259t m\u0259rk\u0259zin\u0259 y\u00f6n\u0259ltm\u0259si uy\u011fun deyil, bu valideynl\u0259rin tam m\u00fcst\u0259qil \u00f6z se\u00e7imi \u0259sas\u0131nda olmal\u0131d\u0131r. H\u0259r region, h\u0259r \u015f\u0259h\u0259r, rayon \u00fc\u00e7\u00fcn se\u00e7ilmi\u015f geyim formalar\u0131 var. Bizim region \u00fc\u00e7\u00fcn qara \u015falvar, \u0259t\u0259k v\u0259 a\u011f k\u00f6yn\u0259k q\u0259bul olunub. T\u0259hsil Nazirliyind\u0259 d\u00f6rd geyim formas\u0131 var ki, biz d\u0259 regional idar\u0259 \u00fc\u00e7\u00fcn \u00fcmumi bu geyim formas\u0131n\u0131 se\u00e7dik. D\u0259yi\u015filmir, art\u0131q m\u00fczakir\u0259 \u0259sas\u0131nda se\u00e7ilib&#8221;.<\/em><\/p>\n\n\n<div class=\"wp-block-image\">\n<figure class=\"aligncenter size-large\"><img decoding=\"async\" width=\"1200\" height=\"675\" data-src=\"https:\/\/www.meydan.tv\/wp-content\/uploads\/img-20230908-wa0151-1200x675.jpg\" alt=\"\" class=\"wp-image-284703 lazyload\" src=\"data:image\/svg+xml;base64,PHN2ZyB3aWR0aD0iMSIgaGVpZ2h0PSIxIiB4bWxucz0iaHR0cDovL3d3dy53My5vcmcvMjAwMC9zdmciPjwvc3ZnPg==\" style=\"--smush-placeholder-width: 1200px; --smush-placeholder-aspect-ratio: 1200\/675;\" \/><\/figure>\n<\/div>","protected":false},"excerpt":{"rendered":"<p>Vaideynl\u0259r bahal\u0131qdan, sat\u0131c\u0131lar direktorlar\u0131n yaratd\u0131\u011f\u0131 monopolyadan naraz\u0131d\u0131r &#8220;\u00dc\u00e7 \u00f6vlad\u0131m var, &#8230; <\/p>\n<p class=\"read-more-container\"><a title=\"G\u00f6y\u00e7ayda m\u0259kt\u0259b direktorlar\u0131 ticar\u0259t m\u0259rk\u0259zl\u0259ri il\u0259 i\u015fbirliyind\u0259 g\u00fcnahland\u0131r\u0131l\u0131r\" class=\"read-more button\" href=\"https:\/\/www.meydan.tv\/az\/article\/goycayda-mekteb-direktorlari-ticaret-merkezleri-ile-isbirliyinde-gunahlandirilir\/#more-284706\" aria-label=\"Read more about G\u00f6y\u00e7ayda m\u0259kt\u0259b direktorlar\u0131 ticar\u0259t m\u0259rk\u0259zl\u0259ri il\u0259 i\u015fbirliyind\u0259 g\u00fcnahland\u0131r\u0131l\u0131r\">Davam\u0131<\/a><\/p>\n","protected":false},"author":8,"featured_media":284682,"comment_status":"closed","ping_status":"closed","sticky":false,"template":"","format":"standard","meta":{"_acf_changed":false,"_sitemap_exclude":false,"_sitemap_priority":"","_sitemap_frequency":"","footnotes":""},"categories":[60,79,56],"tags":[],"class_list":["post-284706","post","type-post","status-publish","format-standard","has-post-thumbnail","hentry","category-bolge","category-featured","category-xeberler","infinite-scroll-item","generate-columns","tablet-grid-50","mobile-grid-100","grid-parent","grid-33","no-featured-image-padding"],"acf":[],"yoast_head":"<!-- This site is optimized with the Yoast SEO plugin v27.4 - https:\/\/yoast.com\/product\/yoast-seo-wordpress\/ -->\n<title>G\u00f6y\u00e7ayda m\u0259kt\u0259b direktorlar\u0131 ticar\u0259t m\u0259rk\u0259zl\u0259ri il\u0259 i\u015fbirliyind\u0259 g\u00fcnahland\u0131r\u0131l\u0131r - MEYDAN.TV<\/title>\n<meta name=\"robots\" content=\"index, follow, max-snippet:-1, max-image-preview:large, max-video-preview:-1\" \/>\n<link rel=\"canonical\" href=\"https:\/\/www.meydan.tv\/az\/article\/goycayda-mekteb-direktorlari-ticaret-merkezleri-ile-isbirliyinde-gunahlandirilir\/\" \/>\n<meta property=\"og:locale\" content=\"az_AZ\" \/>\n<meta property=\"og:type\" content=\"article\" \/>\n<meta property=\"og:title\" content=\"G\u00f6y\u00e7ayda m\u0259kt\u0259b direktorlar\u0131 ticar\u0259t m\u0259rk\u0259zl\u0259ri il\u0259 i\u015fbirliyind\u0259 g\u00fcnahland\u0131r\u0131l\u0131r - MEYDAN.TV\" \/>\n<meta property=\"og:description\" content=\"Vaideynl\u0259r bahal\u0131qdan, sat\u0131c\u0131lar direktorlar\u0131n yaratd\u0131\u011f\u0131 monopolyadan naraz\u0131d\u0131r &#8220;\u00dc\u00e7 \u00f6vlad\u0131m var, ... Davam\u0131\" \/>\n<meta property=\"og:url\" content=\"https:\/\/www.meydan.tv\/az\/article\/goycayda-mekteb-direktorlari-ticaret-merkezleri-ile-isbirliyinde-gunahlandirilir\/\" \/>\n<meta property=\"og:site_name\" content=\"MEYDAN.TV\" \/>\n<meta property=\"article:published_time\" content=\"2023-09-13T11:21:41+00:00\" \/>\n<meta property=\"article:modified_time\" content=\"2023-09-13T13:30:01+00:00\" \/>\n<meta property=\"og:image\" content=\"https:\/\/www.meydan.tv\/wp-content\/uploads\/img-20230908-wa0156.jpg\" \/>\n\t<meta property=\"og:image:width\" content=\"1280\" \/>\n\t<meta property=\"og:image:height\" content=\"720\" \/>\n\t<meta property=\"og:image:type\" content=\"image\/jpeg\" \/>\n<meta name=\"author\" content=\"elli\" \/>\n<meta name=\"twitter:card\" content=\"summary_large_image\" \/>\n<meta name=\"twitter:creator\" content=\"@elli\" \/>\n<script type=\"application\/ld+json\" class=\"yoast-schema-graph\">{\"@context\":\"https:\\\/\\\/schema.org\",\"@graph\":[{\"@type\":\"Article\",\"@id\":\"https:\\\/\\\/www.meydan.tv\\\/az\\\/article\\\/goycayda-mekteb-direktorlari-ticaret-merkezleri-ile-isbirliyinde-gunahlandirilir\\\/#article\",\"isPartOf\":{\"@id\":\"https:\\\/\\\/www.meydan.tv\\\/az\\\/article\\\/goycayda-mekteb-direktorlari-ticaret-merkezleri-ile-isbirliyinde-gunahlandirilir\\\/\"},\"author\":{\"name\":\"elli\",\"@id\":\"https:\\\/\\\/www.meydan.tv\\\/az\\\/#\\\/schema\\\/person\\\/9cdbecf90d17180ce1dfbd95b08dcf47\"},\"headline\":\"G\u00f6y\u00e7ayda m\u0259kt\u0259b direktorlar\u0131 ticar\u0259t m\u0259rk\u0259zl\u0259ri il\u0259 i\u015fbirliyind\u0259 g\u00fcnahland\u0131r\u0131l\u0131r\",\"datePublished\":\"2023-09-13T11:21:41+00:00\",\"dateModified\":\"2023-09-13T13:30:01+00:00\",\"mainEntityOfPage\":{\"@id\":\"https:\\\/\\\/www.meydan.tv\\\/az\\\/article\\\/goycayda-mekteb-direktorlari-ticaret-merkezleri-ile-isbirliyinde-gunahlandirilir\\\/\"},\"wordCount\":2158,\"publisher\":{\"@id\":\"https:\\\/\\\/www.meydan.tv\\\/az\\\/#organization\"},\"image\":{\"@id\":\"https:\\\/\\\/www.meydan.tv\\\/az\\\/article\\\/goycayda-mekteb-direktorlari-ticaret-merkezleri-ile-isbirliyinde-gunahlandirilir\\\/#primaryimage\"},\"thumbnailUrl\":\"https:\\\/\\\/www.meydan.tv\\\/wp-content\\\/uploads\\\/img-20230908-wa0156.jpg\",\"articleSection\":[\"B\u00f6lg\u0259\",\"T\u00f6vsiy\u0259\",\"X\u0259b\u0259rl\u0259r\"],\"inLanguage\":\"az\"},{\"@type\":\"WebPage\",\"@id\":\"https:\\\/\\\/www.meydan.tv\\\/az\\\/article\\\/goycayda-mekteb-direktorlari-ticaret-merkezleri-ile-isbirliyinde-gunahlandirilir\\\/\",\"url\":\"https:\\\/\\\/www.meydan.tv\\\/az\\\/article\\\/goycayda-mekteb-direktorlari-ticaret-merkezleri-ile-isbirliyinde-gunahlandirilir\\\/\",\"name\":\"G\u00f6y\u00e7ayda m\u0259kt\u0259b direktorlar\u0131 ticar\u0259t m\u0259rk\u0259zl\u0259ri il\u0259 i\u015fbirliyind\u0259 g\u00fcnahland\u0131r\u0131l\u0131r - MEYDAN.TV\",\"isPartOf\":{\"@id\":\"https:\\\/\\\/www.meydan.tv\\\/az\\\/#website\"},\"primaryImageOfPage\":{\"@id\":\"https:\\\/\\\/www.meydan.tv\\\/az\\\/article\\\/goycayda-mekteb-direktorlari-ticaret-merkezleri-ile-isbirliyinde-gunahlandirilir\\\/#primaryimage\"},\"image\":{\"@id\":\"https:\\\/\\\/www.meydan.tv\\\/az\\\/article\\\/goycayda-mekteb-direktorlari-ticaret-merkezleri-ile-isbirliyinde-gunahlandirilir\\\/#primaryimage\"},\"thumbnailUrl\":\"https:\\\/\\\/www.meydan.tv\\\/wp-content\\\/uploads\\\/img-20230908-wa0156.jpg\",\"datePublished\":\"2023-09-13T11:21:41+00:00\",\"dateModified\":\"2023-09-13T13:30:01+00:00\",\"breadcrumb\":{\"@id\":\"https:\\\/\\\/www.meydan.tv\\\/az\\\/article\\\/goycayda-mekteb-direktorlari-ticaret-merkezleri-ile-isbirliyinde-gunahlandirilir\\\/#breadcrumb\"},\"inLanguage\":\"az\",\"potentialAction\":[{\"@type\":\"ReadAction\",\"target\":[\"https:\\\/\\\/www.meydan.tv\\\/az\\\/article\\\/goycayda-mekteb-direktorlari-ticaret-merkezleri-ile-isbirliyinde-gunahlandirilir\\\/\"]}]},{\"@type\":\"ImageObject\",\"inLanguage\":\"az\",\"@id\":\"https:\\\/\\\/www.meydan.tv\\\/az\\\/article\\\/goycayda-mekteb-direktorlari-ticaret-merkezleri-ile-isbirliyinde-gunahlandirilir\\\/#primaryimage\",\"url\":\"https:\\\/\\\/www.meydan.tv\\\/wp-content\\\/uploads\\\/img-20230908-wa0156.jpg\",\"contentUrl\":\"https:\\\/\\\/www.meydan.tv\\\/wp-content\\\/uploads\\\/img-20230908-wa0156.jpg\",\"width\":1280,\"height\":720,\"caption\":\"Fotolar: Meydan TV\"},{\"@type\":\"BreadcrumbList\",\"@id\":\"https:\\\/\\\/www.meydan.tv\\\/az\\\/article\\\/goycayda-mekteb-direktorlari-ticaret-merkezleri-ile-isbirliyinde-gunahlandirilir\\\/#breadcrumb\",\"itemListElement\":[{\"@type\":\"ListItem\",\"position\":1,\"name\":\"Ana s\u0259hif\u0259\",\"item\":\"https:\\\/\\\/www.meydan.tv\\\/az\\\/\"},{\"@type\":\"ListItem\",\"position\":2,\"name\":\"B\u00f6lg\u0259\",\"item\":\"https:\\\/\\\/www.meydan.tv\\\/az\\\/section\\\/bolge\\\/\"},{\"@type\":\"ListItem\",\"position\":3,\"name\":\"G\u00f6y\u00e7ayda m\u0259kt\u0259b direktorlar\u0131 ticar\u0259t m\u0259rk\u0259zl\u0259ri il\u0259 i\u015fbirliyind\u0259 g\u00fcnahland\u0131r\u0131l\u0131r\"}]},{\"@type\":\"WebSite\",\"@id\":\"https:\\\/\\\/www.meydan.tv\\\/az\\\/#website\",\"url\":\"https:\\\/\\\/www.meydan.tv\\\/az\\\/\",\"name\":\"MEYDAN.TV\",\"description\":\"Meydan TV Az\u0259rbaycan\u0131n media m\u0259kan\u0131ndak\u0131 alternativ s\u0259sidir\",\"publisher\":{\"@id\":\"https:\\\/\\\/www.meydan.tv\\\/az\\\/#organization\"},\"potentialAction\":[{\"@type\":\"SearchAction\",\"target\":{\"@type\":\"EntryPoint\",\"urlTemplate\":\"https:\\\/\\\/www.meydan.tv\\\/az\\\/?s={search_term_string}\"},\"query-input\":{\"@type\":\"PropertyValueSpecification\",\"valueRequired\":true,\"valueName\":\"search_term_string\"}}],\"inLanguage\":\"az\"},{\"@type\":\"Organization\",\"@id\":\"https:\\\/\\\/www.meydan.tv\\\/az\\\/#organization\",\"name\":\"Meydan TV\",\"url\":\"https:\\\/\\\/www.meydan.tv\\\/az\\\/\",\"logo\":{\"@type\":\"ImageObject\",\"inLanguage\":\"az\",\"@id\":\"https:\\\/\\\/www.meydan.tv\\\/az\\\/#\\\/schema\\\/logo\\\/image\\\/\",\"url\":\"https:\\\/\\\/www.meydan.tv\\\/wp-content\\\/uploads\\\/2021\\\/07\\\/meydan-logo.svg\",\"contentUrl\":\"https:\\\/\\\/www.meydan.tv\\\/wp-content\\\/uploads\\\/2021\\\/07\\\/meydan-logo.svg\",\"width\":195,\"height\":46,\"caption\":\"Meydan TV\"},\"image\":{\"@id\":\"https:\\\/\\\/www.meydan.tv\\\/az\\\/#\\\/schema\\\/logo\\\/image\\\/\"}},{\"@type\":\"Person\",\"@id\":\"https:\\\/\\\/www.meydan.tv\\\/az\\\/#\\\/schema\\\/person\\\/9cdbecf90d17180ce1dfbd95b08dcf47\",\"name\":\"elli\",\"sameAs\":[\"https:\\\/\\\/x.com\\\/elli\"]}]}<\/script>\n<!-- \/ Yoast SEO plugin. -->","yoast_head_json":{"title":"G\u00f6y\u00e7ayda m\u0259kt\u0259b direktorlar\u0131 ticar\u0259t m\u0259rk\u0259zl\u0259ri il\u0259 i\u015fbirliyind\u0259 g\u00fcnahland\u0131r\u0131l\u0131r - MEYDAN.TV","robots":{"index":"index","follow":"follow","max-snippet":"max-snippet:-1","max-image-preview":"max-image-preview:large","max-video-preview":"max-video-preview:-1"},"canonical":"https:\/\/www.meydan.tv\/az\/article\/goycayda-mekteb-direktorlari-ticaret-merkezleri-ile-isbirliyinde-gunahlandirilir\/","og_locale":"az_AZ","og_type":"article","og_title":"G\u00f6y\u00e7ayda m\u0259kt\u0259b direktorlar\u0131 ticar\u0259t m\u0259rk\u0259zl\u0259ri il\u0259 i\u015fbirliyind\u0259 g\u00fcnahland\u0131r\u0131l\u0131r - MEYDAN.TV","og_description":"Vaideynl\u0259r bahal\u0131qdan, sat\u0131c\u0131lar direktorlar\u0131n yaratd\u0131\u011f\u0131 monopolyadan naraz\u0131d\u0131r &#8220;\u00dc\u00e7 \u00f6vlad\u0131m var, ... Davam\u0131","og_url":"https:\/\/www.meydan.tv\/az\/article\/goycayda-mekteb-direktorlari-ticaret-merkezleri-ile-isbirliyinde-gunahlandirilir\/","og_site_name":"MEYDAN.TV","article_published_time":"2023-09-13T11:21:41+00:00","article_modified_time":"2023-09-13T13:30:01+00:00","og_image":[{"width":1280,"height":720,"url":"https:\/\/www.meydan.tv\/wp-content\/uploads\/img-20230908-wa0156.jpg","type":"image\/jpeg"}],"author":"elli","twitter_card":"summary_large_image","twitter_creator":"@elli","schema":{"@context":"https:\/\/schema.org","@graph":[{"@type":"Article","@id":"https:\/\/www.meydan.tv\/az\/article\/goycayda-mekteb-direktorlari-ticaret-merkezleri-ile-isbirliyinde-gunahlandirilir\/#article","isPartOf":{"@id":"https:\/\/www.meydan.tv\/az\/article\/goycayda-mekteb-direktorlari-ticaret-merkezleri-ile-isbirliyinde-gunahlandirilir\/"},"author":{"name":"elli","@id":"https:\/\/www.meydan.tv\/az\/#\/schema\/person\/9cdbecf90d17180ce1dfbd95b08dcf47"},"headline":"G\u00f6y\u00e7ayda m\u0259kt\u0259b direktorlar\u0131 ticar\u0259t m\u0259rk\u0259zl\u0259ri il\u0259 i\u015fbirliyind\u0259 g\u00fcnahland\u0131r\u0131l\u0131r","datePublished":"2023-09-13T11:21:41+00:00","dateModified":"2023-09-13T13:30:01+00:00","mainEntityOfPage":{"@id":"https:\/\/www.meydan.tv\/az\/article\/goycayda-mekteb-direktorlari-ticaret-merkezleri-ile-isbirliyinde-gunahlandirilir\/"},"wordCount":2158,"publisher":{"@id":"https:\/\/www.meydan.tv\/az\/#organization"},"image":{"@id":"https:\/\/www.meydan.tv\/az\/article\/goycayda-mekteb-direktorlari-ticaret-merkezleri-ile-isbirliyinde-gunahlandirilir\/#primaryimage"},"thumbnailUrl":"https:\/\/www.meydan.tv\/wp-content\/uploads\/img-20230908-wa0156.jpg","articleSection":["B\u00f6lg\u0259","T\u00f6vsiy\u0259","X\u0259b\u0259rl\u0259r"],"inLanguage":"az"},{"@type":"WebPage","@id":"https:\/\/www.meydan.tv\/az\/article\/goycayda-mekteb-direktorlari-ticaret-merkezleri-ile-isbirliyinde-gunahlandirilir\/","url":"https:\/\/www.meydan.tv\/az\/article\/goycayda-mekteb-direktorlari-ticaret-merkezleri-ile-isbirliyinde-gunahlandirilir\/","name":"G\u00f6y\u00e7ayda m\u0259kt\u0259b direktorlar\u0131 ticar\u0259t m\u0259rk\u0259zl\u0259ri il\u0259 i\u015fbirliyind\u0259 g\u00fcnahland\u0131r\u0131l\u0131r - MEYDAN.TV","isPartOf":{"@id":"https:\/\/www.meydan.tv\/az\/#website"},"primaryImageOfPage":{"@id":"https:\/\/www.meydan.tv\/az\/article\/goycayda-mekteb-direktorlari-ticaret-merkezleri-ile-isbirliyinde-gunahlandirilir\/#primaryimage"},"image":{"@id":"https:\/\/www.meydan.tv\/az\/article\/goycayda-mekteb-direktorlari-ticaret-merkezleri-ile-isbirliyinde-gunahlandirilir\/#primaryimage"},"thumbnailUrl":"https:\/\/www.meydan.tv\/wp-content\/uploads\/img-20230908-wa0156.jpg","datePublished":"2023-09-13T11:21:41+00:00","dateModified":"2023-09-13T13:30:01+00:00","breadcrumb":{"@id":"https:\/\/www.meydan.tv\/az\/article\/goycayda-mekteb-direktorlari-ticaret-merkezleri-ile-isbirliyinde-gunahlandirilir\/#breadcrumb"},"inLanguage":"az","potentialAction":[{"@type":"ReadAction","target":["https:\/\/www.meydan.tv\/az\/article\/goycayda-mekteb-direktorlari-ticaret-merkezleri-ile-isbirliyinde-gunahlandirilir\/"]}]},{"@type":"ImageObject","inLanguage":"az","@id":"https:\/\/www.meydan.tv\/az\/article\/goycayda-mekteb-direktorlari-ticaret-merkezleri-ile-isbirliyinde-gunahlandirilir\/#primaryimage","url":"https:\/\/www.meydan.tv\/wp-content\/uploads\/img-20230908-wa0156.jpg","contentUrl":"https:\/\/www.meydan.tv\/wp-content\/uploads\/img-20230908-wa0156.jpg","width":1280,"height":720,"caption":"Fotolar: Meydan TV"},{"@type":"BreadcrumbList","@id":"https:\/\/www.meydan.tv\/az\/article\/goycayda-mekteb-direktorlari-ticaret-merkezleri-ile-isbirliyinde-gunahlandirilir\/#breadcrumb","itemListElement":[{"@type":"ListItem","position":1,"name":"Ana s\u0259hif\u0259","item":"https:\/\/www.meydan.tv\/az\/"},{"@type":"ListItem","position":2,"name":"B\u00f6lg\u0259","item":"https:\/\/www.meydan.tv\/az\/section\/bolge\/"},{"@type":"ListItem","position":3,"name":"G\u00f6y\u00e7ayda m\u0259kt\u0259b direktorlar\u0131 ticar\u0259t m\u0259rk\u0259zl\u0259ri il\u0259 i\u015fbirliyind\u0259 g\u00fcnahland\u0131r\u0131l\u0131r"}]},{"@type":"WebSite","@id":"https:\/\/www.meydan.tv\/az\/#website","url":"https:\/\/www.meydan.tv\/az\/","name":"MEYDAN.TV","description":"Meydan TV Az\u0259rbaycan\u0131n media m\u0259kan\u0131ndak\u0131 alternativ s\u0259sidir","publisher":{"@id":"https:\/\/www.meydan.tv\/az\/#organization"},"potentialAction":[{"@type":"SearchAction","target":{"@type":"EntryPoint","urlTemplate":"https:\/\/www.meydan.tv\/az\/?s={search_term_string}"},"query-input":{"@type":"PropertyValueSpecification","valueRequired":true,"valueName":"search_term_string"}}],"inLanguage":"az"},{"@type":"Organization","@id":"https:\/\/www.meydan.tv\/az\/#organization","name":"Meydan TV","url":"https:\/\/www.meydan.tv\/az\/","logo":{"@type":"ImageObject","inLanguage":"az","@id":"https:\/\/www.meydan.tv\/az\/#\/schema\/logo\/image\/","url":"https:\/\/www.meydan.tv\/wp-content\/uploads\/2021\/07\/meydan-logo.svg","contentUrl":"https:\/\/www.meydan.tv\/wp-content\/uploads\/2021\/07\/meydan-logo.svg","width":195,"height":46,"caption":"Meydan TV"},"image":{"@id":"https:\/\/www.meydan.tv\/az\/#\/schema\/logo\/image\/"}},{"@type":"Person","@id":"https:\/\/www.meydan.tv\/az\/#\/schema\/person\/9cdbecf90d17180ce1dfbd95b08dcf47","name":"elli","sameAs":["https:\/\/x.com\/elli"]}]}},"_links":{"self":[{"href":"https:\/\/www.meydan.tv\/az\/wp-json\/wp\/v2\/posts\/284706","targetHints":{"allow":["GET"]}}],"collection":[{"href":"https:\/\/www.meydan.tv\/az\/wp-json\/wp\/v2\/posts"}],"about":[{"href":"https:\/\/www.meydan.tv\/az\/wp-json\/wp\/v2\/types\/post"}],"author":[{"embeddable":true,"href":"https:\/\/www.meydan.tv\/az\/wp-json\/wp\/v2\/users\/8"}],"replies":[{"embeddable":true,"href":"https:\/\/www.meydan.tv\/az\/wp-json\/wp\/v2\/comments?post=284706"}],"version-history":[{"count":3,"href":"https:\/\/www.meydan.tv\/az\/wp-json\/wp\/v2\/posts\/284706\/revisions"}],"predecessor-version":[{"id":284744,"href":"https:\/\/www.meydan.tv\/az\/wp-json\/wp\/v2\/posts\/284706\/revisions\/284744"}],"wp:featuredmedia":[{"embeddable":true,"href":"https:\/\/www.meydan.tv\/az\/wp-json\/wp\/v2\/media\/284682"}],"wp:attachment":[{"href":"https:\/\/www.meydan.tv\/az\/wp-json\/wp\/v2\/media?parent=284706"}],"wp:term":[{"taxonomy":"category","embeddable":true,"href":"https:\/\/www.meydan.tv\/az\/wp-json\/wp\/v2\/categories?post=284706"},{"taxonomy":"post_tag","embeddable":true,"href":"https:\/\/www.meydan.tv\/az\/wp-json\/wp\/v2\/tags?post=284706"}],"curies":[{"name":"wp","href":"https:\/\/api.w.org\/{rel}","templated":true}]}}