{"id":284625,"date":"2023-09-13T12:17:26","date_gmt":"2023-09-13T08:17:26","guid":{"rendered":"https:\/\/www.meydan.tv\/?p=284625"},"modified":"2023-09-13T16:31:40","modified_gmt":"2023-09-13T12:31:40","slug":"liviyada-dasqindan-olenlerin-sayi-6-mine-catir","status":"publish","type":"post","link":"https:\/\/www.meydan.tv\/az\/article\/liviyada-dasqindan-olenlerin-sayi-6-mine-catir\/","title":{"rendered":"Liviyada da\u015fq\u0131ndan \u00f6l\u0259nl\u0259rin say\u0131 6 min\u0259 \u00e7at\u0131r"},"content":{"rendered":"\n<figure class=\"wp-block-embed is-type-video is-provider-youtube wp-block-embed-youtube wp-embed-aspect-16-9 wp-has-aspect-ratio\"><div class=\"wp-block-embed__wrapper\">\n<iframe title=\"Liviyada da\u015fq\u0131ndan \u00f6l\u0259nl\u0259rin say\u0131 6 min\u0259 \u00e7at\u0131r\" width=\"1200\" height=\"675\" data-src=\"https:\/\/www.youtube.com\/embed\/WYHM4BjfOlo?feature=oembed\" frameborder=\"0\" allow=\"accelerometer; autoplay; clipboard-write; encrypted-media; gyroscope; picture-in-picture; web-share\" allowfullscreen src=\"data:image\/svg+xml;base64,PHN2ZyB3aWR0aD0iMSIgaGVpZ2h0PSIxIiB4bWxucz0iaHR0cDovL3d3dy53My5vcmcvMjAwMC9zdmciPjwvc3ZnPg==\" class=\"lazyload\" data-load-mode=\"1\"><\/iframe>\n<\/div><\/figure>\n\n\n\n<p><strong><em>\u00d6lk\u0259d\u0259 3 g\u00fcnl\u00fck mat\u0259m elan olunub<\/em><\/strong><\/p>\n\n\n\n<p>Liviyada leysan ya\u011f\u0131\u015f v\u0259 da\u015fq\u0131nlar n\u0259tic\u0259sind\u0259 \u00f6l\u0259nl\u0259rin say\u0131n\u0131n 6 min\u0259 yax\u0131nla\u015fd\u0131\u011f\u0131 bildirilir. Bu bar\u0259d\u0259 \u201cAl Hadath\u201d telekanal\u0131 m\u0259nb\u0259l\u0259r\u0259 istinad\u0259n m\u0259lumat <a href=\"https:\/\/www.alhadath.net\/\">yay\u0131b<\/a>.<\/p>\n\n\n\n<p>\u201cAsharq\u201d telekanal\u0131n\u0131n m\u0259lumat\u0131na g\u00f6r\u0259 is\u0259 S\u0259hiyy\u0259 Nazirliyi Liviyan\u0131n \u015f\u0259rqind\u0259ki<br>Dernan \u015f\u0259h\u0259rinin b\u00fct\u00fcn sakinl\u0259rini m\u00fcv\u0259qq\u0259ti t\u0259xliy\u0259 etm\u0259yi <a href=\"https:\/\/asharq.com\/\">planla\u015fd\u0131r\u0131r.<\/a>&nbsp;<\/p>\n\n\n\n<p>Nazirlik n\u00fcmay\u0259nd\u0259sinin s\u00f6zl\u0259rin\u0259 g\u00f6r\u0259, da\u015fq\u0131n n\u0259tic\u0259sind\u0259 \u00f6l\u0259nl\u0259rin ham\u0131s\u0131n\u0131 d\u0259fn etm\u0259k m\u00fcmk\u00fcn olmad\u0131\u011f\u0131 \u00fc\u00e7\u00fcn epidemiya yay\u0131lmas\u0131ndan ehtiyat edirl\u0259r. H\u0259m\u00e7inin itkin d\u00fc\u015f\u0259nl\u0259rin sa\u011f qalmas\u0131 ehtimal\u0131n\u0131n az oldu\u011fu qeyd edilir. <\/p>\n\n\n\n<p>Sentyabr\u0131n 10-da \u201cDaniel\u201d siklonu Liviyan\u0131n \u015fimal-\u015f\u0259rqini vurub v\u0259 Aral\u0131q d\u0259nizi sahill\u0259rind\u0259ki \u015f\u0259h\u0259rl\u0259r\u0259 f\u0131rt\u0131nal\u0131 k\u00fcl\u0259k, tufan il\u0259 leysan g\u0259tirib. Bir \u00e7ox ya\u015fay\u0131\u015f binalar\u0131, x\u0259st\u0259xanalar v\u0259 infrastruktur su alt\u0131nda qal\u0131b. \u0130ki b\u0259ndin da\u011f\u0131ld\u0131\u011f\u0131 v\u0259 f\u0259lak\u0259tli v\u0259ziyy\u0259tin yarand\u0131\u011f\u0131 Derna \u015f\u0259h\u0259ri daha \u00e7ox z\u0259r\u0259r \u00e7\u0259kib.<\/p>\n\n\n\n<p>Liviya siyasi c\u0259h\u0259td\u0259n \u015e\u0259rq v\u0259 Q\u0259rb aras\u0131nda b\u00f6l\u00fcn\u00fcb v\u0259 h\u00f6kum\u0259t xidm\u0259tl\u0259ri 2011-ci ild\u0259 ba\u015f ver\u0259n v\u0259 ill\u0259rl\u0259 qar\u015f\u0131durmalara s\u0259b\u0259b olan qiyamdan sonra iflasa u\u011fray\u0131b. Tripolid\u0259 beyn\u0259lxalq s\u0259viyy\u0259d\u0259 tan\u0131nan h\u00f6kum\u0259t \u015f\u0259rq b\u00f6lg\u0259l\u0259rin\u0259 n\u0259zar\u0259t etmir, lakin sentyabr\u0131n 12-d\u0259 q\u0259rbi Misrata \u015f\u0259h\u0259rind\u0259n Dernaya yard\u0131m g\u00f6nd\u0259rilib. Dig\u0259r \u00f6lk\u0259l\u0259r, o c\u00fcml\u0259d\u0259n AB\u015e da yard\u0131m ed\u0259c\u0259kl\u0259rini bildirib. Liviya Milli Birlik H\u00f6kum\u0259tinin Ba\u015f naziri \u018fbd\u00fclh\u0259mid Dibeybe \u00f6lk\u0259d\u0259 sel f\u0259lak\u0259tind\u0259 h\u0259yat\u0131n\u0131 itir\u0259nl\u0259r \u00fc\u00e7\u00fcn 3 g\u00fcnl\u00fck mat\u0259m elan edildiyini a\u00e7\u0131qlay\u0131b.<\/p>\n","protected":false},"excerpt":{"rendered":"<p>\u00d6lk\u0259d\u0259 3 g\u00fcnl\u00fck mat\u0259m elan olunub Liviyada leysan ya\u011f\u0131\u015f v\u0259 &#8230; <\/p>\n<p class=\"read-more-container\"><a title=\"Liviyada da\u015fq\u0131ndan \u00f6l\u0259nl\u0259rin say\u0131 6 min\u0259 \u00e7at\u0131r\" class=\"read-more button\" href=\"https:\/\/www.meydan.tv\/az\/article\/liviyada-dasqindan-olenlerin-sayi-6-mine-catir\/#more-284625\" aria-label=\"Read more about Liviyada da\u015fq\u0131ndan \u00f6l\u0259nl\u0259rin say\u0131 6 min\u0259 \u00e7at\u0131r\">Davam\u0131<\/a><\/p>\n","protected":false},"author":8,"featured_media":284626,"comment_status":"closed","ping_status":"closed","sticky":false,"template":"","format":"standard","meta":{"_acf_changed":false,"_sitemap_exclude":false,"_sitemap_priority":"","_sitemap_frequency":"","footnotes":""},"categories":[64,63,56],"tags":[],"class_list":["post-284625","post","type-post","status-publish","format-standard","has-post-thumbnail","hentry","category-dunya","category-video-2","category-xeberler","infinite-scroll-item","generate-columns","tablet-grid-50","mobile-grid-100","grid-parent","grid-33","no-featured-image-padding"],"acf":[],"yoast_head":"<!-- This site is optimized with the Yoast SEO plugin v27.5 - https:\/\/yoast.com\/product\/yoast-seo-wordpress\/ -->\n<title>Liviyada da\u015fq\u0131ndan \u00f6l\u0259nl\u0259rin say\u0131 6 min\u0259 \u00e7at\u0131r - MEYDAN.TV<\/title>\n<meta name=\"robots\" content=\"index, follow, max-snippet:-1, max-image-preview:large, max-video-preview:-1\" \/>\n<link rel=\"canonical\" href=\"https:\/\/www.meydan.tv\/az\/article\/liviyada-dasqindan-olenlerin-sayi-6-mine-catir\/\" \/>\n<meta property=\"og:locale\" content=\"az_AZ\" \/>\n<meta property=\"og:type\" content=\"article\" \/>\n<meta property=\"og:title\" content=\"Liviyada da\u015fq\u0131ndan \u00f6l\u0259nl\u0259rin say\u0131 6 min\u0259 \u00e7at\u0131r - MEYDAN.TV\" \/>\n<meta property=\"og:description\" content=\"\u00d6lk\u0259d\u0259 3 g\u00fcnl\u00fck mat\u0259m elan olunub Liviyada leysan ya\u011f\u0131\u015f v\u0259 ... Davam\u0131\" \/>\n<meta property=\"og:url\" content=\"https:\/\/www.meydan.tv\/az\/article\/liviyada-dasqindan-olenlerin-sayi-6-mine-catir\/\" \/>\n<meta property=\"og:site_name\" content=\"MEYDAN.TV\" \/>\n<meta property=\"article:published_time\" content=\"2023-09-13T08:17:26+00:00\" \/>\n<meta property=\"article:modified_time\" content=\"2023-09-13T12:31:40+00:00\" \/>\n<meta property=\"og:image\" content=\"https:\/\/www.meydan.tv\/wp-content\/uploads\/untitled-design-1-128.jpg\" \/>\n\t<meta property=\"og:image:width\" content=\"1200\" \/>\n\t<meta property=\"og:image:height\" content=\"800\" \/>\n\t<meta property=\"og:image:type\" content=\"image\/jpeg\" \/>\n<meta name=\"author\" content=\"elli\" \/>\n<meta name=\"twitter:card\" content=\"summary_large_image\" \/>\n<meta name=\"twitter:creator\" content=\"@elli\" \/>\n<script type=\"application\/ld+json\" class=\"yoast-schema-graph\">{\"@context\":\"https:\\\/\\\/schema.org\",\"@graph\":[{\"@type\":\"Article\",\"@id\":\"https:\\\/\\\/www.meydan.tv\\\/az\\\/article\\\/liviyada-dasqindan-olenlerin-sayi-6-mine-catir\\\/#article\",\"isPartOf\":{\"@id\":\"https:\\\/\\\/www.meydan.tv\\\/az\\\/article\\\/liviyada-dasqindan-olenlerin-sayi-6-mine-catir\\\/\"},\"author\":{\"name\":\"elli\",\"@id\":\"https:\\\/\\\/www.meydan.tv\\\/az\\\/#\\\/schema\\\/person\\\/9cdbecf90d17180ce1dfbd95b08dcf47\"},\"headline\":\"Liviyada da\u015fq\u0131ndan \u00f6l\u0259nl\u0259rin say\u0131 6 min\u0259 \u00e7at\u0131r\",\"datePublished\":\"2023-09-13T08:17:26+00:00\",\"dateModified\":\"2023-09-13T12:31:40+00:00\",\"mainEntityOfPage\":{\"@id\":\"https:\\\/\\\/www.meydan.tv\\\/az\\\/article\\\/liviyada-dasqindan-olenlerin-sayi-6-mine-catir\\\/\"},\"wordCount\":360,\"publisher\":{\"@id\":\"https:\\\/\\\/www.meydan.tv\\\/az\\\/#organization\"},\"image\":{\"@id\":\"https:\\\/\\\/www.meydan.tv\\\/az\\\/article\\\/liviyada-dasqindan-olenlerin-sayi-6-mine-catir\\\/#primaryimage\"},\"thumbnailUrl\":\"https:\\\/\\\/www.meydan.tv\\\/wp-content\\\/uploads\\\/untitled-design-1-128.jpg\",\"articleSection\":[\"D\u00fcnya\",\"Video\",\"X\u0259b\u0259rl\u0259r\"],\"inLanguage\":\"az\"},{\"@type\":\"WebPage\",\"@id\":\"https:\\\/\\\/www.meydan.tv\\\/az\\\/article\\\/liviyada-dasqindan-olenlerin-sayi-6-mine-catir\\\/\",\"url\":\"https:\\\/\\\/www.meydan.tv\\\/az\\\/article\\\/liviyada-dasqindan-olenlerin-sayi-6-mine-catir\\\/\",\"name\":\"Liviyada da\u015fq\u0131ndan \u00f6l\u0259nl\u0259rin say\u0131 6 min\u0259 \u00e7at\u0131r - MEYDAN.TV\",\"isPartOf\":{\"@id\":\"https:\\\/\\\/www.meydan.tv\\\/az\\\/#website\"},\"primaryImageOfPage\":{\"@id\":\"https:\\\/\\\/www.meydan.tv\\\/az\\\/article\\\/liviyada-dasqindan-olenlerin-sayi-6-mine-catir\\\/#primaryimage\"},\"image\":{\"@id\":\"https:\\\/\\\/www.meydan.tv\\\/az\\\/article\\\/liviyada-dasqindan-olenlerin-sayi-6-mine-catir\\\/#primaryimage\"},\"thumbnailUrl\":\"https:\\\/\\\/www.meydan.tv\\\/wp-content\\\/uploads\\\/untitled-design-1-128.jpg\",\"datePublished\":\"2023-09-13T08:17:26+00:00\",\"dateModified\":\"2023-09-13T12:31:40+00:00\",\"breadcrumb\":{\"@id\":\"https:\\\/\\\/www.meydan.tv\\\/az\\\/article\\\/liviyada-dasqindan-olenlerin-sayi-6-mine-catir\\\/#breadcrumb\"},\"inLanguage\":\"az\",\"potentialAction\":[{\"@type\":\"ReadAction\",\"target\":[\"https:\\\/\\\/www.meydan.tv\\\/az\\\/article\\\/liviyada-dasqindan-olenlerin-sayi-6-mine-catir\\\/\"]}]},{\"@type\":\"ImageObject\",\"inLanguage\":\"az\",\"@id\":\"https:\\\/\\\/www.meydan.tv\\\/az\\\/article\\\/liviyada-dasqindan-olenlerin-sayi-6-mine-catir\\\/#primaryimage\",\"url\":\"https:\\\/\\\/www.meydan.tv\\\/wp-content\\\/uploads\\\/untitled-design-1-128.jpg\",\"contentUrl\":\"https:\\\/\\\/www.meydan.tv\\\/wp-content\\\/uploads\\\/untitled-design-1-128.jpg\",\"width\":1200,\"height\":800,\"caption\":\"Foto: \\\"alhadath.net\\\"\"},{\"@type\":\"BreadcrumbList\",\"@id\":\"https:\\\/\\\/www.meydan.tv\\\/az\\\/article\\\/liviyada-dasqindan-olenlerin-sayi-6-mine-catir\\\/#breadcrumb\",\"itemListElement\":[{\"@type\":\"ListItem\",\"position\":1,\"name\":\"Ana s\u0259hif\u0259\",\"item\":\"https:\\\/\\\/www.meydan.tv\\\/az\\\/\"},{\"@type\":\"ListItem\",\"position\":2,\"name\":\"D\u00fcnya\",\"item\":\"https:\\\/\\\/www.meydan.tv\\\/az\\\/section\\\/dunya\\\/\"},{\"@type\":\"ListItem\",\"position\":3,\"name\":\"Liviyada da\u015fq\u0131ndan \u00f6l\u0259nl\u0259rin say\u0131 6 min\u0259 \u00e7at\u0131r\"}]},{\"@type\":\"WebSite\",\"@id\":\"https:\\\/\\\/www.meydan.tv\\\/az\\\/#website\",\"url\":\"https:\\\/\\\/www.meydan.tv\\\/az\\\/\",\"name\":\"MEYDAN.TV\",\"description\":\"Meydan TV Az\u0259rbaycan\u0131n media m\u0259kan\u0131ndak\u0131 alternativ s\u0259sidir\",\"publisher\":{\"@id\":\"https:\\\/\\\/www.meydan.tv\\\/az\\\/#organization\"},\"potentialAction\":[{\"@type\":\"SearchAction\",\"target\":{\"@type\":\"EntryPoint\",\"urlTemplate\":\"https:\\\/\\\/www.meydan.tv\\\/az\\\/?s={search_term_string}\"},\"query-input\":{\"@type\":\"PropertyValueSpecification\",\"valueRequired\":true,\"valueName\":\"search_term_string\"}}],\"inLanguage\":\"az\"},{\"@type\":\"Organization\",\"@id\":\"https:\\\/\\\/www.meydan.tv\\\/az\\\/#organization\",\"name\":\"Meydan TV\",\"url\":\"https:\\\/\\\/www.meydan.tv\\\/az\\\/\",\"logo\":{\"@type\":\"ImageObject\",\"inLanguage\":\"az\",\"@id\":\"https:\\\/\\\/www.meydan.tv\\\/az\\\/#\\\/schema\\\/logo\\\/image\\\/\",\"url\":\"https:\\\/\\\/www.meydan.tv\\\/wp-content\\\/uploads\\\/2021\\\/07\\\/meydan-logo.svg\",\"contentUrl\":\"https:\\\/\\\/www.meydan.tv\\\/wp-content\\\/uploads\\\/2021\\\/07\\\/meydan-logo.svg\",\"width\":195,\"height\":46,\"caption\":\"Meydan TV\"},\"image\":{\"@id\":\"https:\\\/\\\/www.meydan.tv\\\/az\\\/#\\\/schema\\\/logo\\\/image\\\/\"}},{\"@type\":\"Person\",\"@id\":\"https:\\\/\\\/www.meydan.tv\\\/az\\\/#\\\/schema\\\/person\\\/9cdbecf90d17180ce1dfbd95b08dcf47\",\"name\":\"elli\",\"sameAs\":[\"https:\\\/\\\/x.com\\\/elli\"]}]}<\/script>\n<!-- \/ Yoast SEO plugin. -->","yoast_head_json":{"title":"Liviyada da\u015fq\u0131ndan \u00f6l\u0259nl\u0259rin say\u0131 6 min\u0259 \u00e7at\u0131r - MEYDAN.TV","robots":{"index":"index","follow":"follow","max-snippet":"max-snippet:-1","max-image-preview":"max-image-preview:large","max-video-preview":"max-video-preview:-1"},"canonical":"https:\/\/www.meydan.tv\/az\/article\/liviyada-dasqindan-olenlerin-sayi-6-mine-catir\/","og_locale":"az_AZ","og_type":"article","og_title":"Liviyada da\u015fq\u0131ndan \u00f6l\u0259nl\u0259rin say\u0131 6 min\u0259 \u00e7at\u0131r - MEYDAN.TV","og_description":"\u00d6lk\u0259d\u0259 3 g\u00fcnl\u00fck mat\u0259m elan olunub Liviyada leysan ya\u011f\u0131\u015f v\u0259 ... Davam\u0131","og_url":"https:\/\/www.meydan.tv\/az\/article\/liviyada-dasqindan-olenlerin-sayi-6-mine-catir\/","og_site_name":"MEYDAN.TV","article_published_time":"2023-09-13T08:17:26+00:00","article_modified_time":"2023-09-13T12:31:40+00:00","og_image":[{"width":1200,"height":800,"url":"https:\/\/www.meydan.tv\/wp-content\/uploads\/untitled-design-1-128.jpg","type":"image\/jpeg"}],"author":"elli","twitter_card":"summary_large_image","twitter_creator":"@elli","schema":{"@context":"https:\/\/schema.org","@graph":[{"@type":"Article","@id":"https:\/\/www.meydan.tv\/az\/article\/liviyada-dasqindan-olenlerin-sayi-6-mine-catir\/#article","isPartOf":{"@id":"https:\/\/www.meydan.tv\/az\/article\/liviyada-dasqindan-olenlerin-sayi-6-mine-catir\/"},"author":{"name":"elli","@id":"https:\/\/www.meydan.tv\/az\/#\/schema\/person\/9cdbecf90d17180ce1dfbd95b08dcf47"},"headline":"Liviyada da\u015fq\u0131ndan \u00f6l\u0259nl\u0259rin say\u0131 6 min\u0259 \u00e7at\u0131r","datePublished":"2023-09-13T08:17:26+00:00","dateModified":"2023-09-13T12:31:40+00:00","mainEntityOfPage":{"@id":"https:\/\/www.meydan.tv\/az\/article\/liviyada-dasqindan-olenlerin-sayi-6-mine-catir\/"},"wordCount":360,"publisher":{"@id":"https:\/\/www.meydan.tv\/az\/#organization"},"image":{"@id":"https:\/\/www.meydan.tv\/az\/article\/liviyada-dasqindan-olenlerin-sayi-6-mine-catir\/#primaryimage"},"thumbnailUrl":"https:\/\/www.meydan.tv\/wp-content\/uploads\/untitled-design-1-128.jpg","articleSection":["D\u00fcnya","Video","X\u0259b\u0259rl\u0259r"],"inLanguage":"az"},{"@type":"WebPage","@id":"https:\/\/www.meydan.tv\/az\/article\/liviyada-dasqindan-olenlerin-sayi-6-mine-catir\/","url":"https:\/\/www.meydan.tv\/az\/article\/liviyada-dasqindan-olenlerin-sayi-6-mine-catir\/","name":"Liviyada da\u015fq\u0131ndan \u00f6l\u0259nl\u0259rin say\u0131 6 min\u0259 \u00e7at\u0131r - MEYDAN.TV","isPartOf":{"@id":"https:\/\/www.meydan.tv\/az\/#website"},"primaryImageOfPage":{"@id":"https:\/\/www.meydan.tv\/az\/article\/liviyada-dasqindan-olenlerin-sayi-6-mine-catir\/#primaryimage"},"image":{"@id":"https:\/\/www.meydan.tv\/az\/article\/liviyada-dasqindan-olenlerin-sayi-6-mine-catir\/#primaryimage"},"thumbnailUrl":"https:\/\/www.meydan.tv\/wp-content\/uploads\/untitled-design-1-128.jpg","datePublished":"2023-09-13T08:17:26+00:00","dateModified":"2023-09-13T12:31:40+00:00","breadcrumb":{"@id":"https:\/\/www.meydan.tv\/az\/article\/liviyada-dasqindan-olenlerin-sayi-6-mine-catir\/#breadcrumb"},"inLanguage":"az","potentialAction":[{"@type":"ReadAction","target":["https:\/\/www.meydan.tv\/az\/article\/liviyada-dasqindan-olenlerin-sayi-6-mine-catir\/"]}]},{"@type":"ImageObject","inLanguage":"az","@id":"https:\/\/www.meydan.tv\/az\/article\/liviyada-dasqindan-olenlerin-sayi-6-mine-catir\/#primaryimage","url":"https:\/\/www.meydan.tv\/wp-content\/uploads\/untitled-design-1-128.jpg","contentUrl":"https:\/\/www.meydan.tv\/wp-content\/uploads\/untitled-design-1-128.jpg","width":1200,"height":800,"caption":"Foto: \"alhadath.net\""},{"@type":"BreadcrumbList","@id":"https:\/\/www.meydan.tv\/az\/article\/liviyada-dasqindan-olenlerin-sayi-6-mine-catir\/#breadcrumb","itemListElement":[{"@type":"ListItem","position":1,"name":"Ana s\u0259hif\u0259","item":"https:\/\/www.meydan.tv\/az\/"},{"@type":"ListItem","position":2,"name":"D\u00fcnya","item":"https:\/\/www.meydan.tv\/az\/section\/dunya\/"},{"@type":"ListItem","position":3,"name":"Liviyada da\u015fq\u0131ndan \u00f6l\u0259nl\u0259rin say\u0131 6 min\u0259 \u00e7at\u0131r"}]},{"@type":"WebSite","@id":"https:\/\/www.meydan.tv\/az\/#website","url":"https:\/\/www.meydan.tv\/az\/","name":"MEYDAN.TV","description":"Meydan TV Az\u0259rbaycan\u0131n media m\u0259kan\u0131ndak\u0131 alternativ s\u0259sidir","publisher":{"@id":"https:\/\/www.meydan.tv\/az\/#organization"},"potentialAction":[{"@type":"SearchAction","target":{"@type":"EntryPoint","urlTemplate":"https:\/\/www.meydan.tv\/az\/?s={search_term_string}"},"query-input":{"@type":"PropertyValueSpecification","valueRequired":true,"valueName":"search_term_string"}}],"inLanguage":"az"},{"@type":"Organization","@id":"https:\/\/www.meydan.tv\/az\/#organization","name":"Meydan TV","url":"https:\/\/www.meydan.tv\/az\/","logo":{"@type":"ImageObject","inLanguage":"az","@id":"https:\/\/www.meydan.tv\/az\/#\/schema\/logo\/image\/","url":"https:\/\/www.meydan.tv\/wp-content\/uploads\/2021\/07\/meydan-logo.svg","contentUrl":"https:\/\/www.meydan.tv\/wp-content\/uploads\/2021\/07\/meydan-logo.svg","width":195,"height":46,"caption":"Meydan TV"},"image":{"@id":"https:\/\/www.meydan.tv\/az\/#\/schema\/logo\/image\/"}},{"@type":"Person","@id":"https:\/\/www.meydan.tv\/az\/#\/schema\/person\/9cdbecf90d17180ce1dfbd95b08dcf47","name":"elli","sameAs":["https:\/\/x.com\/elli"]}]}},"_links":{"self":[{"href":"https:\/\/www.meydan.tv\/az\/wp-json\/wp\/v2\/posts\/284625","targetHints":{"allow":["GET"]}}],"collection":[{"href":"https:\/\/www.meydan.tv\/az\/wp-json\/wp\/v2\/posts"}],"about":[{"href":"https:\/\/www.meydan.tv\/az\/wp-json\/wp\/v2\/types\/post"}],"author":[{"embeddable":true,"href":"https:\/\/www.meydan.tv\/az\/wp-json\/wp\/v2\/users\/8"}],"replies":[{"embeddable":true,"href":"https:\/\/www.meydan.tv\/az\/wp-json\/wp\/v2\/comments?post=284625"}],"version-history":[{"count":3,"href":"https:\/\/www.meydan.tv\/az\/wp-json\/wp\/v2\/posts\/284625\/revisions"}],"predecessor-version":[{"id":284725,"href":"https:\/\/www.meydan.tv\/az\/wp-json\/wp\/v2\/posts\/284625\/revisions\/284725"}],"wp:featuredmedia":[{"embeddable":true,"href":"https:\/\/www.meydan.tv\/az\/wp-json\/wp\/v2\/media\/284626"}],"wp:attachment":[{"href":"https:\/\/www.meydan.tv\/az\/wp-json\/wp\/v2\/media?parent=284625"}],"wp:term":[{"taxonomy":"category","embeddable":true,"href":"https:\/\/www.meydan.tv\/az\/wp-json\/wp\/v2\/categories?post=284625"},{"taxonomy":"post_tag","embeddable":true,"href":"https:\/\/www.meydan.tv\/az\/wp-json\/wp\/v2\/tags?post=284625"}],"curies":[{"name":"wp","href":"https:\/\/api.w.org\/{rel}","templated":true}]}}