{"id":284594,"date":"2023-09-12T15:46:49","date_gmt":"2023-09-12T11:46:49","guid":{"rendered":"https:\/\/www.meydan.tv\/?p=284594"},"modified":"2023-09-12T15:55:41","modified_gmt":"2023-09-12T11:55:41","slug":"ukrayna-hokumeti-medeniyyete-ayrilacaq-pullari-kesir","status":"publish","type":"post","link":"https:\/\/www.meydan.tv\/az\/article\/ukrayna-hokumeti-medeniyyete-ayrilacaq-pullari-kesir\/","title":{"rendered":"Ukrayna h\u00f6kum\u0259ti m\u0259d\u0259niyy\u0259t\u0259 ayr\u0131lacaq pullar\u0131 k\u0259sir"},"content":{"rendered":"\n<p><\/p>\n\n\n\n<p><strong><em>B\u00fcdc\u0259 2023-c\u00fc ill\u0259 m\u00fcqayis\u0259d\u0259 160 milyon qriven az olacaq<\/em><\/strong><\/p>\n\n\n\n<p>Ukrayna h\u00f6kum\u0259ti m\u0259d\u0259niyy\u0259t sah\u0259sin\u0259 2024-c\u00fc il \u00fc\u00e7\u00fcn ayr\u0131lacaq b\u00fcdc\u0259 v\u0259saitl\u0259rini azald\u0131r.<\/p>\n\n\n\n<p>Bu bar\u0259d\u0259 Ukraynan\u0131n M\u0259d\u0259niyy\u0259t v\u0259 \u0130nformasiya Siyas\u0259ti naziri v\u0259zif\u0259sini m\u00fcv\u0259qq\u0259ti icra ed\u0259n Rostislav Karandeyev m\u0259lumat <a href=\"https:\/\/mkip.gov.ua\/news\/9814.html\">verib.<\/a><\/p>\n\n\n\n<p>Onun s\u00f6zl\u0259rin\u0259 g\u00f6r\u0259, b\u00fcdc\u0259 2023-c\u00fc ill\u0259 m\u00fcqayis\u0259d\u0259 160 milyon qriven az olacaq.<\/p>\n\n\n\n<p>\u00dcmumi m\u0259bl\u0259\u011f 8 milyard qrivend\u0259n bir q\u0259d\u0259r \u00e7ox olacaq.<\/p>\n\n\n\n<p>Ayr\u0131lan maliyy\u0259nin 85 faizind\u0259n \u00e7oxu m\u0259d\u0259niyy\u0259t i\u015f\u00e7il\u0259rinin maa\u015flar\u0131n\u0131n \u00f6d\u0259nilm\u0259sin\u0259, qalan hiss\u0259si is\u0259 kommunal x\u0259rcl\u0259r\u0259, m\u0259d\u0259ni irsin qorunmas\u0131na, bu istiqam\u0259td\u0259 ke\u00e7iril\u0259n t\u0259dbirl\u0259r\u0259 v\u0259 Ukraynada inc\u0259s\u0259n\u0259t t\u0259hsilin\u0259 d\u0259st\u0259y\u0259 s\u0259rf edil\u0259c\u0259k.<\/p>\n\n\n\n<p><em>\u201cN\u00f6vb\u0259ti ilin b\u00fcdc\u0259si t\u0259rtib edil\u0259nd\u0259 iki \u0259sas m\u0259s\u0259l\u0259 prioritet g\u00f6t\u00fcr\u00fcl\u00fcb. \u0130lk n\u00f6vb\u0259d\u0259 m\u0259d\u0259ni irsimizin qorunmas\u0131 istiqam\u0259tind\u0259 b\u00fct\u00fcn ehtiyaclar\u0131n m\u00fcmk\u00fcn q\u0259d\u0259r t\u0259min \u00f6d\u0259nilm\u0259sin\u0259 \u00e7al\u0131\u015faca\u011f\u0131q. \u0130kinci vacib m\u0259s\u0259l\u0259 is\u0259 inc\u0259s\u0259n\u0259t sah\u0259sind\u0259 t\u0259hsil alanlarla \u0259laq\u0259dard\u0131r. Biz m\u00fcharib\u0259d\u0259n 5-10 ild\u0259n sonra \u0259vv\u0259lki s\u0259viyy\u0259y\u0259 uy\u011fun g\u0259l\u0259n g\u0259l\u0259c\u0259yi indid\u0259n planla\u015fd\u0131r\u0131r\u0131q\u201d,<\/em> &#8211; Karandeyev deyib.<\/p>\n\n\n\n<p>Bu g\u00fcnl\u0259rd\u0259 Ukraynan\u0131n Ba\u015f naziri Denis \u015em\u0131qal bildirib ki, h\u00f6kum\u0259t 2024-c\u00fc il \u00fc\u00e7\u00fcn d\u00f6vl\u0259t b\u00fcdc\u0259si layih\u0259sinin haz\u0131rlanmas\u0131n\u0131 ba\u015fa \u00e7atd\u0131rmaq \u00fczr\u0259dir.<\/p>\n\n\n\n<p>Layih\u0259 sentyabr\u0131n 15-d\u0259k Ali Radaya t\u0259qdim edil\u0259s\u0259k.<\/p>\n\n\n\n<p>2023-c\u00fc il iyulun 20-d\u0259 Ukrayna Prezidenti Volodimir Zelenski Ba\u015f nazir Denis \u015em\u0131qalla dan\u0131\u015f\u0131qlar apararaq, m\u00fcharib\u0259 \u015f\u0259raitind\u0259 b\u00fcdc\u0259 x\u0259rcl\u0259rin\u0259 daha diqq\u0259tl\u0259 yana\u015fma\u011f\u0131 t\u00f6vsiy\u0259 etdiyini bildirib.<\/p>\n\n\n\n<p>Zelenski deyib ki, Ba\u015f nazir\u0259 m\u0259d\u0259niyy\u0259t layih\u0259l\u0259ri \u00fc\u00e7\u00fcn d\u00f6vl\u0259t maliyy\u0259sinin azald\u0131lmas\u0131 tap\u015f\u0131r\u0131\u011f\u0131n\u0131 verib.<\/p>\n\n\n\n<p>\u201c<em>Bel\u0259 bir v\u0259ziyy\u0259td\u0259, m\u00fcharib\u0259 getdiyi vaxtda d\u00f6vl\u0259tin maksimum diqq\u0259ti v\u0259 resurslar\u0131 m\u00fcdafi\u0259y\u0259 y\u00f6n\u0259lm\u0259lidir. B\u00fcdc\u0259d\u0259nk\u0259nar v\u0259sait hesab\u0131na h\u0259yata ke\u00e7iril\u0259 bil\u0259n h\u0259r bir layih\u0259 el\u0259 bu formada da realla\u015fd\u0131r\u0131lmal\u0131d\u0131r. Bu, m\u0259d\u0259niyy\u0259t sah\u0259sin\u0259 d\u0259 aiddir. Muzeyl\u0259r, m\u0259d\u0259niyy\u0259t m\u0259rk\u0259zl\u0259ri, televiziya \u015foular\u0131 \u2013 b\u00fct\u00fcn bunlar vacibdir, lakin indi ba\u015fqa prioritetl\u0259r var. Bunlar\u0131 realla\u015fd\u0131rmaq \u00fc\u00e7\u00fcn d\u00f6vl\u0259t b\u00fcdc\u0259sind\u0259n k\u0259nar pullar tap\u0131n\u201d, \u2013<\/em> Zelenski deyib.<\/p>\n\n\n\n<p>N\u00f6vb\u0259ti g\u00fcn, iyulun 21-d\u0259 Ukraynan\u0131n M\u0259d\u0259niyy\u0259t v\u0259 \u0130nformasiya Siyas\u0259ti naziri Oleksandr Tka\u00e7enko v\u0259zif\u0259sind\u0259n istefa verdiyini a\u00e7\u0131qlay\u0131b.<\/p>\n\n\n\n<p>O bunu m\u00fcharib\u0259 zaman\u0131 m\u0259d\u0259niyy\u0259tin maliyy\u0259l\u0259\u015fdirilm\u0259si il\u0259 ba\u011fl\u0131 yaranan fikir ayr\u0131l\u0131qlar\u0131na g\u00f6r\u0259 etdiyini deyib.<\/p>\n\n\n\n<p>\u201c<em>M\u00fcharib\u0259 vaxt\u0131 m\u0259d\u0259niyy\u0259t\u0259 d\u00f6vl\u0259t pullar\u0131n\u0131n x\u0259rcl\u0259nm\u0259si, pilotsuz t\u0259yyar\u0259l\u0259r\u0259 x\u0259rcl\u0259n\u0259n v\u0259sait q\u0259d\u0259r vacib v\u0259 \u00f6n\u0259mlidir. \u00c7\u00fcnki m\u0259d\u0259niyy\u0259t bizim \u015f\u0259xsiyy\u0259timizin v\u0259 s\u0259rh\u0259dl\u0259rimizin qalxan\u0131d\u0131r. Bu, m\u0259nim prinsipial, \u015f\u0259xsi m\u00f6vqeyimdir\u201d, <\/em>\u2013 Tka\u00e7enko s\u00f6yl\u0259yib.<\/p>\n\n\n\n<p>Rusiya 2022-ci il fevral\u0131n 24-d\u0259 Ukraynaya qar\u015f\u0131 h\u0259rbi \u0259m\u0259liyyatlara ba\u015flay\u0131b.<\/p>\n\n\n\n<p>Birl\u0259\u015fmi\u015f Mill\u0259tl\u0259r T\u0259\u015fkilat\u0131n\u0131n T\u0259hsil, Elm v\u0259 M\u0259d\u0259niyy\u0259t T\u0259\u015fkilat\u0131n\u0131n (UNESCO) bu ilin may\u0131nda a\u00e7\u0131qlad\u0131\u011f\u0131 hesabatda Rusiyan\u0131n h\u0259rbi \u0259m\u0259liyyatlara ba\u015flamas\u0131ndan bu yana Ukraynada 139 m\u0259d\u0259niyy\u0259t obyektin\u0259 ziyan d\u0259ydiyi qeyd olunub.<\/p>\n\n\n\n<p>Bildirilib ki, 62 dini bina, 12 muzey, 26 tarixi bina, 17 m\u0259d\u0259ni f\u0259aliyy\u0259t\u0259 h\u0259sr olunmu\u015f tikili, 15 abid\u0259 v\u0259 7 kitabxana z\u0259r\u0259r g\u00f6r\u00fcb.<\/p>\n\n\n\n<p>T\u0259\u015fkilat da\u011f\u0131nt\u0131dan d\u0259y\u0259n z\u0259r\u0259ri t\u0259qrib\u0259n 2,4 milyard avro, istirah\u0259t v\u0259 turizm sektorundak\u0131 g\u0259lir itkisini is\u0259 t\u0259xmin\u0259n 14 milyard avro d\u0259y\u0259rind\u0259 qiym\u0259tl\u0259ndirib.<\/p>\n","protected":false},"excerpt":{"rendered":"<p>B\u00fcdc\u0259 2023-c\u00fc ill\u0259 m\u00fcqayis\u0259d\u0259 160 milyon qriven az olacaq Ukrayna &#8230; <\/p>\n<p class=\"read-more-container\"><a title=\"Ukrayna h\u00f6kum\u0259ti m\u0259d\u0259niyy\u0259t\u0259 ayr\u0131lacaq pullar\u0131 k\u0259sir\" class=\"read-more button\" href=\"https:\/\/www.meydan.tv\/az\/article\/ukrayna-hokumeti-medeniyyete-ayrilacaq-pullari-kesir\/#more-284594\" aria-label=\"Read more about Ukrayna h\u00f6kum\u0259ti m\u0259d\u0259niyy\u0259t\u0259 ayr\u0131lacaq pullar\u0131 k\u0259sir\">Davam\u0131<\/a><\/p>\n","protected":false},"author":8,"featured_media":284595,"comment_status":"closed","ping_status":"closed","sticky":false,"template":"","format":"standard","meta":{"_acf_changed":false,"_sitemap_exclude":false,"_sitemap_priority":"","_sitemap_frequency":"","footnotes":""},"categories":[64,52,56],"tags":[],"class_list":["post-284594","post","type-post","status-publish","format-standard","has-post-thumbnail","hentry","category-dunya","category-medeniyyet","category-xeberler","infinite-scroll-item","generate-columns","tablet-grid-50","mobile-grid-100","grid-parent","grid-33","no-featured-image-padding"],"acf":[],"yoast_head":"<!-- This site is optimized with the Yoast SEO plugin v27.4 - https:\/\/yoast.com\/product\/yoast-seo-wordpress\/ -->\n<title>Ukrayna h\u00f6kum\u0259ti m\u0259d\u0259niyy\u0259t\u0259 ayr\u0131lacaq pullar\u0131 k\u0259sir - MEYDAN.TV<\/title>\n<meta name=\"robots\" content=\"index, follow, max-snippet:-1, max-image-preview:large, max-video-preview:-1\" \/>\n<link rel=\"canonical\" href=\"https:\/\/www.meydan.tv\/az\/article\/ukrayna-hokumeti-medeniyyete-ayrilacaq-pullari-kesir\/\" \/>\n<meta property=\"og:locale\" content=\"az_AZ\" \/>\n<meta property=\"og:type\" content=\"article\" \/>\n<meta property=\"og:title\" content=\"Ukrayna h\u00f6kum\u0259ti m\u0259d\u0259niyy\u0259t\u0259 ayr\u0131lacaq pullar\u0131 k\u0259sir - MEYDAN.TV\" \/>\n<meta property=\"og:description\" content=\"B\u00fcdc\u0259 2023-c\u00fc ill\u0259 m\u00fcqayis\u0259d\u0259 160 milyon qriven az olacaq Ukrayna ... Davam\u0131\" \/>\n<meta property=\"og:url\" content=\"https:\/\/www.meydan.tv\/az\/article\/ukrayna-hokumeti-medeniyyete-ayrilacaq-pullari-kesir\/\" \/>\n<meta property=\"og:site_name\" content=\"MEYDAN.TV\" \/>\n<meta property=\"article:published_time\" content=\"2023-09-12T11:46:49+00:00\" \/>\n<meta property=\"article:modified_time\" content=\"2023-09-12T11:55:41+00:00\" \/>\n<meta property=\"og:image\" content=\"https:\/\/www.meydan.tv\/wp-content\/uploads\/00b4e151-bb4c-4506-95df-6ed0c62fcf73-e1694518480996.jpg\" \/>\n\t<meta property=\"og:image:width\" content=\"1200\" \/>\n\t<meta property=\"og:image:height\" content=\"616\" \/>\n\t<meta property=\"og:image:type\" content=\"image\/jpeg\" \/>\n<meta name=\"author\" content=\"elli\" \/>\n<meta name=\"twitter:card\" content=\"summary_large_image\" \/>\n<meta name=\"twitter:creator\" content=\"@elli\" \/>\n<script type=\"application\/ld+json\" class=\"yoast-schema-graph\">{\"@context\":\"https:\\\/\\\/schema.org\",\"@graph\":[{\"@type\":\"Article\",\"@id\":\"https:\\\/\\\/www.meydan.tv\\\/az\\\/article\\\/ukrayna-hokumeti-medeniyyete-ayrilacaq-pullari-kesir\\\/#article\",\"isPartOf\":{\"@id\":\"https:\\\/\\\/www.meydan.tv\\\/az\\\/article\\\/ukrayna-hokumeti-medeniyyete-ayrilacaq-pullari-kesir\\\/\"},\"author\":{\"name\":\"elli\",\"@id\":\"https:\\\/\\\/www.meydan.tv\\\/az\\\/#\\\/schema\\\/person\\\/9cdbecf90d17180ce1dfbd95b08dcf47\"},\"headline\":\"Ukrayna h\u00f6kum\u0259ti m\u0259d\u0259niyy\u0259t\u0259 ayr\u0131lacaq pullar\u0131 k\u0259sir\",\"datePublished\":\"2023-09-12T11:46:49+00:00\",\"dateModified\":\"2023-09-12T11:55:41+00:00\",\"mainEntityOfPage\":{\"@id\":\"https:\\\/\\\/www.meydan.tv\\\/az\\\/article\\\/ukrayna-hokumeti-medeniyyete-ayrilacaq-pullari-kesir\\\/\"},\"wordCount\":724,\"publisher\":{\"@id\":\"https:\\\/\\\/www.meydan.tv\\\/az\\\/#organization\"},\"image\":{\"@id\":\"https:\\\/\\\/www.meydan.tv\\\/az\\\/article\\\/ukrayna-hokumeti-medeniyyete-ayrilacaq-pullari-kesir\\\/#primaryimage\"},\"thumbnailUrl\":\"https:\\\/\\\/www.meydan.tv\\\/wp-content\\\/uploads\\\/00b4e151-bb4c-4506-95df-6ed0c62fcf73-e1694518480996.jpg\",\"articleSection\":[\"D\u00fcnya\",\"M\u0259d\u0259niyy\u0259t\",\"X\u0259b\u0259rl\u0259r\"],\"inLanguage\":\"az\"},{\"@type\":\"WebPage\",\"@id\":\"https:\\\/\\\/www.meydan.tv\\\/az\\\/article\\\/ukrayna-hokumeti-medeniyyete-ayrilacaq-pullari-kesir\\\/\",\"url\":\"https:\\\/\\\/www.meydan.tv\\\/az\\\/article\\\/ukrayna-hokumeti-medeniyyete-ayrilacaq-pullari-kesir\\\/\",\"name\":\"Ukrayna h\u00f6kum\u0259ti m\u0259d\u0259niyy\u0259t\u0259 ayr\u0131lacaq pullar\u0131 k\u0259sir - MEYDAN.TV\",\"isPartOf\":{\"@id\":\"https:\\\/\\\/www.meydan.tv\\\/az\\\/#website\"},\"primaryImageOfPage\":{\"@id\":\"https:\\\/\\\/www.meydan.tv\\\/az\\\/article\\\/ukrayna-hokumeti-medeniyyete-ayrilacaq-pullari-kesir\\\/#primaryimage\"},\"image\":{\"@id\":\"https:\\\/\\\/www.meydan.tv\\\/az\\\/article\\\/ukrayna-hokumeti-medeniyyete-ayrilacaq-pullari-kesir\\\/#primaryimage\"},\"thumbnailUrl\":\"https:\\\/\\\/www.meydan.tv\\\/wp-content\\\/uploads\\\/00b4e151-bb4c-4506-95df-6ed0c62fcf73-e1694518480996.jpg\",\"datePublished\":\"2023-09-12T11:46:49+00:00\",\"dateModified\":\"2023-09-12T11:55:41+00:00\",\"breadcrumb\":{\"@id\":\"https:\\\/\\\/www.meydan.tv\\\/az\\\/article\\\/ukrayna-hokumeti-medeniyyete-ayrilacaq-pullari-kesir\\\/#breadcrumb\"},\"inLanguage\":\"az\",\"potentialAction\":[{\"@type\":\"ReadAction\",\"target\":[\"https:\\\/\\\/www.meydan.tv\\\/az\\\/article\\\/ukrayna-hokumeti-medeniyyete-ayrilacaq-pullari-kesir\\\/\"]}]},{\"@type\":\"ImageObject\",\"inLanguage\":\"az\",\"@id\":\"https:\\\/\\\/www.meydan.tv\\\/az\\\/article\\\/ukrayna-hokumeti-medeniyyete-ayrilacaq-pullari-kesir\\\/#primaryimage\",\"url\":\"https:\\\/\\\/www.meydan.tv\\\/wp-content\\\/uploads\\\/00b4e151-bb4c-4506-95df-6ed0c62fcf73-e1694518480996.jpg\",\"contentUrl\":\"https:\\\/\\\/www.meydan.tv\\\/wp-content\\\/uploads\\\/00b4e151-bb4c-4506-95df-6ed0c62fcf73-e1694518480996.jpg\",\"width\":1200,\"height\":616,\"caption\":\"Rostislav Karandeyev. Foto: \\\"mkip.gov.ua\\\"\"},{\"@type\":\"BreadcrumbList\",\"@id\":\"https:\\\/\\\/www.meydan.tv\\\/az\\\/article\\\/ukrayna-hokumeti-medeniyyete-ayrilacaq-pullari-kesir\\\/#breadcrumb\",\"itemListElement\":[{\"@type\":\"ListItem\",\"position\":1,\"name\":\"Ana s\u0259hif\u0259\",\"item\":\"https:\\\/\\\/www.meydan.tv\\\/az\\\/\"},{\"@type\":\"ListItem\",\"position\":2,\"name\":\"M\u0259d\u0259niyy\u0259t\",\"item\":\"https:\\\/\\\/www.meydan.tv\\\/az\\\/section\\\/medeniyyet\\\/\"},{\"@type\":\"ListItem\",\"position\":3,\"name\":\"Ukrayna h\u00f6kum\u0259ti m\u0259d\u0259niyy\u0259t\u0259 ayr\u0131lacaq pullar\u0131 k\u0259sir\"}]},{\"@type\":\"WebSite\",\"@id\":\"https:\\\/\\\/www.meydan.tv\\\/az\\\/#website\",\"url\":\"https:\\\/\\\/www.meydan.tv\\\/az\\\/\",\"name\":\"MEYDAN.TV\",\"description\":\"Meydan TV Az\u0259rbaycan\u0131n media m\u0259kan\u0131ndak\u0131 alternativ s\u0259sidir\",\"publisher\":{\"@id\":\"https:\\\/\\\/www.meydan.tv\\\/az\\\/#organization\"},\"potentialAction\":[{\"@type\":\"SearchAction\",\"target\":{\"@type\":\"EntryPoint\",\"urlTemplate\":\"https:\\\/\\\/www.meydan.tv\\\/az\\\/?s={search_term_string}\"},\"query-input\":{\"@type\":\"PropertyValueSpecification\",\"valueRequired\":true,\"valueName\":\"search_term_string\"}}],\"inLanguage\":\"az\"},{\"@type\":\"Organization\",\"@id\":\"https:\\\/\\\/www.meydan.tv\\\/az\\\/#organization\",\"name\":\"Meydan TV\",\"url\":\"https:\\\/\\\/www.meydan.tv\\\/az\\\/\",\"logo\":{\"@type\":\"ImageObject\",\"inLanguage\":\"az\",\"@id\":\"https:\\\/\\\/www.meydan.tv\\\/az\\\/#\\\/schema\\\/logo\\\/image\\\/\",\"url\":\"https:\\\/\\\/www.meydan.tv\\\/wp-content\\\/uploads\\\/2021\\\/07\\\/meydan-logo.svg\",\"contentUrl\":\"https:\\\/\\\/www.meydan.tv\\\/wp-content\\\/uploads\\\/2021\\\/07\\\/meydan-logo.svg\",\"width\":195,\"height\":46,\"caption\":\"Meydan TV\"},\"image\":{\"@id\":\"https:\\\/\\\/www.meydan.tv\\\/az\\\/#\\\/schema\\\/logo\\\/image\\\/\"}},{\"@type\":\"Person\",\"@id\":\"https:\\\/\\\/www.meydan.tv\\\/az\\\/#\\\/schema\\\/person\\\/9cdbecf90d17180ce1dfbd95b08dcf47\",\"name\":\"elli\",\"sameAs\":[\"https:\\\/\\\/x.com\\\/elli\"]}]}<\/script>\n<!-- \/ Yoast SEO plugin. -->","yoast_head_json":{"title":"Ukrayna h\u00f6kum\u0259ti m\u0259d\u0259niyy\u0259t\u0259 ayr\u0131lacaq pullar\u0131 k\u0259sir - MEYDAN.TV","robots":{"index":"index","follow":"follow","max-snippet":"max-snippet:-1","max-image-preview":"max-image-preview:large","max-video-preview":"max-video-preview:-1"},"canonical":"https:\/\/www.meydan.tv\/az\/article\/ukrayna-hokumeti-medeniyyete-ayrilacaq-pullari-kesir\/","og_locale":"az_AZ","og_type":"article","og_title":"Ukrayna h\u00f6kum\u0259ti m\u0259d\u0259niyy\u0259t\u0259 ayr\u0131lacaq pullar\u0131 k\u0259sir - MEYDAN.TV","og_description":"B\u00fcdc\u0259 2023-c\u00fc ill\u0259 m\u00fcqayis\u0259d\u0259 160 milyon qriven az olacaq Ukrayna ... Davam\u0131","og_url":"https:\/\/www.meydan.tv\/az\/article\/ukrayna-hokumeti-medeniyyete-ayrilacaq-pullari-kesir\/","og_site_name":"MEYDAN.TV","article_published_time":"2023-09-12T11:46:49+00:00","article_modified_time":"2023-09-12T11:55:41+00:00","og_image":[{"width":1200,"height":616,"url":"https:\/\/www.meydan.tv\/wp-content\/uploads\/00b4e151-bb4c-4506-95df-6ed0c62fcf73-e1694518480996.jpg","type":"image\/jpeg"}],"author":"elli","twitter_card":"summary_large_image","twitter_creator":"@elli","schema":{"@context":"https:\/\/schema.org","@graph":[{"@type":"Article","@id":"https:\/\/www.meydan.tv\/az\/article\/ukrayna-hokumeti-medeniyyete-ayrilacaq-pullari-kesir\/#article","isPartOf":{"@id":"https:\/\/www.meydan.tv\/az\/article\/ukrayna-hokumeti-medeniyyete-ayrilacaq-pullari-kesir\/"},"author":{"name":"elli","@id":"https:\/\/www.meydan.tv\/az\/#\/schema\/person\/9cdbecf90d17180ce1dfbd95b08dcf47"},"headline":"Ukrayna h\u00f6kum\u0259ti m\u0259d\u0259niyy\u0259t\u0259 ayr\u0131lacaq pullar\u0131 k\u0259sir","datePublished":"2023-09-12T11:46:49+00:00","dateModified":"2023-09-12T11:55:41+00:00","mainEntityOfPage":{"@id":"https:\/\/www.meydan.tv\/az\/article\/ukrayna-hokumeti-medeniyyete-ayrilacaq-pullari-kesir\/"},"wordCount":724,"publisher":{"@id":"https:\/\/www.meydan.tv\/az\/#organization"},"image":{"@id":"https:\/\/www.meydan.tv\/az\/article\/ukrayna-hokumeti-medeniyyete-ayrilacaq-pullari-kesir\/#primaryimage"},"thumbnailUrl":"https:\/\/www.meydan.tv\/wp-content\/uploads\/00b4e151-bb4c-4506-95df-6ed0c62fcf73-e1694518480996.jpg","articleSection":["D\u00fcnya","M\u0259d\u0259niyy\u0259t","X\u0259b\u0259rl\u0259r"],"inLanguage":"az"},{"@type":"WebPage","@id":"https:\/\/www.meydan.tv\/az\/article\/ukrayna-hokumeti-medeniyyete-ayrilacaq-pullari-kesir\/","url":"https:\/\/www.meydan.tv\/az\/article\/ukrayna-hokumeti-medeniyyete-ayrilacaq-pullari-kesir\/","name":"Ukrayna h\u00f6kum\u0259ti m\u0259d\u0259niyy\u0259t\u0259 ayr\u0131lacaq pullar\u0131 k\u0259sir - MEYDAN.TV","isPartOf":{"@id":"https:\/\/www.meydan.tv\/az\/#website"},"primaryImageOfPage":{"@id":"https:\/\/www.meydan.tv\/az\/article\/ukrayna-hokumeti-medeniyyete-ayrilacaq-pullari-kesir\/#primaryimage"},"image":{"@id":"https:\/\/www.meydan.tv\/az\/article\/ukrayna-hokumeti-medeniyyete-ayrilacaq-pullari-kesir\/#primaryimage"},"thumbnailUrl":"https:\/\/www.meydan.tv\/wp-content\/uploads\/00b4e151-bb4c-4506-95df-6ed0c62fcf73-e1694518480996.jpg","datePublished":"2023-09-12T11:46:49+00:00","dateModified":"2023-09-12T11:55:41+00:00","breadcrumb":{"@id":"https:\/\/www.meydan.tv\/az\/article\/ukrayna-hokumeti-medeniyyete-ayrilacaq-pullari-kesir\/#breadcrumb"},"inLanguage":"az","potentialAction":[{"@type":"ReadAction","target":["https:\/\/www.meydan.tv\/az\/article\/ukrayna-hokumeti-medeniyyete-ayrilacaq-pullari-kesir\/"]}]},{"@type":"ImageObject","inLanguage":"az","@id":"https:\/\/www.meydan.tv\/az\/article\/ukrayna-hokumeti-medeniyyete-ayrilacaq-pullari-kesir\/#primaryimage","url":"https:\/\/www.meydan.tv\/wp-content\/uploads\/00b4e151-bb4c-4506-95df-6ed0c62fcf73-e1694518480996.jpg","contentUrl":"https:\/\/www.meydan.tv\/wp-content\/uploads\/00b4e151-bb4c-4506-95df-6ed0c62fcf73-e1694518480996.jpg","width":1200,"height":616,"caption":"Rostislav Karandeyev. Foto: \"mkip.gov.ua\""},{"@type":"BreadcrumbList","@id":"https:\/\/www.meydan.tv\/az\/article\/ukrayna-hokumeti-medeniyyete-ayrilacaq-pullari-kesir\/#breadcrumb","itemListElement":[{"@type":"ListItem","position":1,"name":"Ana s\u0259hif\u0259","item":"https:\/\/www.meydan.tv\/az\/"},{"@type":"ListItem","position":2,"name":"M\u0259d\u0259niyy\u0259t","item":"https:\/\/www.meydan.tv\/az\/section\/medeniyyet\/"},{"@type":"ListItem","position":3,"name":"Ukrayna h\u00f6kum\u0259ti m\u0259d\u0259niyy\u0259t\u0259 ayr\u0131lacaq pullar\u0131 k\u0259sir"}]},{"@type":"WebSite","@id":"https:\/\/www.meydan.tv\/az\/#website","url":"https:\/\/www.meydan.tv\/az\/","name":"MEYDAN.TV","description":"Meydan TV Az\u0259rbaycan\u0131n media m\u0259kan\u0131ndak\u0131 alternativ s\u0259sidir","publisher":{"@id":"https:\/\/www.meydan.tv\/az\/#organization"},"potentialAction":[{"@type":"SearchAction","target":{"@type":"EntryPoint","urlTemplate":"https:\/\/www.meydan.tv\/az\/?s={search_term_string}"},"query-input":{"@type":"PropertyValueSpecification","valueRequired":true,"valueName":"search_term_string"}}],"inLanguage":"az"},{"@type":"Organization","@id":"https:\/\/www.meydan.tv\/az\/#organization","name":"Meydan TV","url":"https:\/\/www.meydan.tv\/az\/","logo":{"@type":"ImageObject","inLanguage":"az","@id":"https:\/\/www.meydan.tv\/az\/#\/schema\/logo\/image\/","url":"https:\/\/www.meydan.tv\/wp-content\/uploads\/2021\/07\/meydan-logo.svg","contentUrl":"https:\/\/www.meydan.tv\/wp-content\/uploads\/2021\/07\/meydan-logo.svg","width":195,"height":46,"caption":"Meydan TV"},"image":{"@id":"https:\/\/www.meydan.tv\/az\/#\/schema\/logo\/image\/"}},{"@type":"Person","@id":"https:\/\/www.meydan.tv\/az\/#\/schema\/person\/9cdbecf90d17180ce1dfbd95b08dcf47","name":"elli","sameAs":["https:\/\/x.com\/elli"]}]}},"_links":{"self":[{"href":"https:\/\/www.meydan.tv\/az\/wp-json\/wp\/v2\/posts\/284594","targetHints":{"allow":["GET"]}}],"collection":[{"href":"https:\/\/www.meydan.tv\/az\/wp-json\/wp\/v2\/posts"}],"about":[{"href":"https:\/\/www.meydan.tv\/az\/wp-json\/wp\/v2\/types\/post"}],"author":[{"embeddable":true,"href":"https:\/\/www.meydan.tv\/az\/wp-json\/wp\/v2\/users\/8"}],"replies":[{"embeddable":true,"href":"https:\/\/www.meydan.tv\/az\/wp-json\/wp\/v2\/comments?post=284594"}],"version-history":[{"count":4,"href":"https:\/\/www.meydan.tv\/az\/wp-json\/wp\/v2\/posts\/284594\/revisions"}],"predecessor-version":[{"id":284601,"href":"https:\/\/www.meydan.tv\/az\/wp-json\/wp\/v2\/posts\/284594\/revisions\/284601"}],"wp:featuredmedia":[{"embeddable":true,"href":"https:\/\/www.meydan.tv\/az\/wp-json\/wp\/v2\/media\/284595"}],"wp:attachment":[{"href":"https:\/\/www.meydan.tv\/az\/wp-json\/wp\/v2\/media?parent=284594"}],"wp:term":[{"taxonomy":"category","embeddable":true,"href":"https:\/\/www.meydan.tv\/az\/wp-json\/wp\/v2\/categories?post=284594"},{"taxonomy":"post_tag","embeddable":true,"href":"https:\/\/www.meydan.tv\/az\/wp-json\/wp\/v2\/tags?post=284594"}],"curies":[{"name":"wp","href":"https:\/\/api.w.org\/{rel}","templated":true}]}}