{"id":284571,"date":"2023-09-12T14:06:47","date_gmt":"2023-09-12T10:06:47","guid":{"rendered":"https:\/\/www.meydan.tv\/?p=284571"},"modified":"2023-09-12T14:06:51","modified_gmt":"2023-09-12T10:06:51","slug":"ani-lorakdan-ukrayna-silahli-quvvelerine-yardim-etmesile-bagli-suala-cavab","status":"publish","type":"post","link":"https:\/\/www.meydan.tv\/az\/article\/ani-lorakdan-ukrayna-silahli-quvvelerine-yardim-etmesile-bagli-suala-cavab\/","title":{"rendered":"Ani Lorakdan Ukrayna Silahl\u0131 Q\u00fcvv\u0259l\u0259rin\u0259 yard\u0131m etm\u0259sil\u0259 ba\u011fl\u0131 suala cavab"},"content":{"rendered":"\n<p><\/p>\n\n\n\n<p><strong><em>\u201cM\u0259n m\u00fc\u011f\u0259nniy\u0259m, siyas\u0259t\u00e7i deyil\u0259m\u201d<\/em><\/strong><\/p>\n\n\n\n<p>M\u00fc\u011f\u0259nni Ani Lorak Ukrayna Silahl\u0131 Q\u00fcvv\u0259l\u0259rin\u0259 maliyy\u0259 d\u0259st\u0259yi verm\u0259si il\u0259 ba\u011fl\u0131 yay\u0131lan x\u0259b\u0259rl\u0259ri t\u0259kzib edib.<\/p>\n\n\n\n<p>O, bu bar\u0259d\u0259 \u201c\u0130nstagram\u201d <a href=\"https:\/\/www.instagram.com\/p\/CxC6rfPItPn\/\">hesab\u0131<\/a>nda yaz\u0131b.<\/p>\n\n\n\n<p>\u0130fa\u00e7\u0131 etiraf edib ki, evl\u0259rini itirmi\u015f ail\u0259l\u0259r\u0259, ukraynal\u0131 m\u0259cburi k\u00f6\u00e7k\u00fcnl\u0259r\u0259 el\u0259c\u0259 d\u0259 \u00f6z\u00fc internatda oxudu\u011fu \u00fc\u00e7\u00fcn kims\u0259siz u\u015faqlara k\u00f6m\u0259k edir:<\/p>\n\n\n\n<p><em>\u201cBu, evl\u0259rini itirmi\u015f insanlara \u00fcnvanl\u0131 yard\u0131md\u0131r. M\u0259n he\u00e7 vaxt he\u00e7 kim\u0259 h\u0259rbi yard\u0131m g\u00f6st\u0259rm\u0259mi\u015f\u0259m v\u0259 etm\u0259k niyy\u0259tind\u0259 deyil\u0259m, \u00e7\u00fcnki bu, inand\u0131\u011f\u0131m h\u0259r \u015fey\u0259 ziddir. M\u0259n m\u00fc\u011f\u0259nniy\u0259m, siyas\u0259t\u00e7i deyil\u0259m\u201d.<\/em><\/p>\n\n\n\n<p>M\u00fc\u011f\u0259nni m\u0259tbuatda haqq\u0131nda yaz\u0131lan m\u0259lumatlar\u0131n yalan oldu\u011funu deyib.<\/p>\n\n\n\n<p>Jurnalistl\u0259rd\u0259n onun ad\u0131 il\u0259 manipulyasiya etm\u0259yi dayand\u0131rma\u011f\u0131 t\u0259l\u0259b edib.<\/p>\n\n\n\n<p>Onlar\u0131 t\u0259sdiql\u0259nmi\u015f faktlara \u0259saslanan d\u00fcr\u00fcst m\u0259lumatlar\u0131 d\u0259rc etm\u0259y\u0259 \u00e7a\u011f\u0131r\u0131b.<\/p>\n\n\n\n<p>Avqustun sonunda Ani Lorak\u0131n Rusiyadak\u0131 yubiley konsertinin Ukrayna Silahl\u0131 Q\u00fcvv\u0259l\u0259rini d\u0259st\u0259kl\u0259diyin\u0259 dair \u015f\u00fcbh\u0259l\u0259r\u0259 g\u00f6r\u0259 l\u0259\u011fv edilm\u0259si t\u0259l\u0259b edilib.<\/p>\n\n\n\n<p>Rusiya T\u0259hl\u00fck\u0259sizlik v\u0259 Korrupsiyaya Qar\u015f\u0131 M\u00fcbariz\u0259 \u00fczr\u0259 Federal Layih\u0259nin r\u0259hb\u0259ri Vitali Borodin Moskva vilay\u0259tinin qubernatoruna m\u00fcvafiq m\u0259ktubla m\u00fcraci\u0259t edib.<\/p>\n\n\n\n<p>\u201c<em>Kim z\u0259man\u0259t ver\u0259 bil\u0259r ki, Lorak\u0131n konsertl\u0259rind\u0259n \u0259ld\u0259 olunan g\u0259lir ruslara qar\u015f\u0131 d\u00f6y\u00fc\u015f\u0259nl\u0259r\u0259 d\u0259st\u0259k m\u0259qs\u0259dil\u0259 x\u0259rcl\u0259nm\u0259y\u0259c\u0259k?\u201d &#8211;<\/em> Borodin m\u00fcraci\u0259tind\u0259 deyib.<\/p>\n\n\n\n<p>Ani Lorak\u0131n konserti sentyabr\u0131n 27-d\u0259 \u201cCrocus City Hall\u201dda olacaq.<\/p>\n\n\n\n<p>Bu ilin iyulunda Ani Lorak\u0131n Antalaydak\u0131 konserti l\u0259\u011fv olunmu\u015fdu.<\/p>\n\n\n\n<p>Ukraynan\u0131n Antalyadak\u0131 konsulu Oleksandr Voronin bildirmi\u015fdi ki, Ukraynan\u0131n Ankaradak\u0131 s\u0259firliyi v\u0259 Antalyadak\u0131 Konsullu\u011fu, h\u0259m\u00e7inin Ukrayna c\u0259miyy\u0259tinin birg\u0259 c\u0259hdl\u0259ri n\u0259tic\u0259sind\u0259 konsertin ke\u00e7irilm\u0259sin\u0259 mane olublar.<\/p>\n\n\n\n<p>Rusiya 2022-ci il fevral\u0131n 24-d\u0259 Ukraynaya qar\u015f\u0131 h\u0259rbi \u0259m\u0259liyyatlara ba\u015flayandan sonra m\u00fcharib\u0259ni pisl\u0259y\u0259nl\u0259rd\u0259n biri d\u0259 Ani Lorak olub.<\/p>\n\n\n\n<p>M\u00fc\u011f\u0259nni dig\u0259r s\u0259n\u0259t\u00e7il\u0259r kimi \u201c\u0130nstagram\u201d\u0131nda m\u00fcharib\u0259ni dayand\u0131rma\u011fa \u00e7a\u011f\u0131r\u0131\u015f edib.<\/p>\n\n\n\n<p>M\u00fcharib\u0259nin ir\u0259lil\u0259y\u0259n aylar\u0131nda susqunlu\u011funa g\u00f6r\u0259 Ukrayna v\u0259 Rusiya m\u0259tbuat\u0131nda m\u00fc\u011f\u0259nni q\u0131nanma\u011fa ba\u015flan\u0131b.<\/p>\n\n\n\n<p>Bundan sonra Lorak a\u00e7\u0131q m\u0259ktubla m\u00fcraci\u0259t edib.<\/p>\n\n\n\n<p>Bildirib ki, onun ad\u0131 m\u00fcxt\u0259lif siyasi v\u0259 media manipulyasiyalar\u0131 \u00fc\u00e7\u00fcn kinli \u015f\u0259kild\u0259 istifad\u0259 olunur.<\/p>\n\n\n\n<p>Ba\u015f ver\u0259nl\u0259rl\u0259 \u0259laq\u0259dar bir m\u00fcdd\u0259t yarad\u0131c\u0131l\u0131\u011f\u0131na ara ver\u0259n m\u00fc\u011f\u0259nni 2023-c\u00fc ild\u0259 f\u0259aliyy\u0259tini t\u0259z\u0259d\u0259n b\u0259rpa etdiyini elan edib.<\/p>\n\n\n\n<p>Rusiyada qastrollar planla\u015fd\u0131ran m\u00fc\u011f\u0259nninin Ukrayna Silahl\u0131 Q\u00fcvv\u0259l\u0259rini d\u0259st\u0259kl\u0259m\u0259si iddias\u0131 il\u0259 konsertl\u0259ri l\u0259\u011fv olunub.<\/p>\n\n\n\n<p>Ukrayna Prezidenti Volodimir Zelenski 2022-ci il oktyabr\u0131n 20-d\u0259 Ukraynada do\u011fulan, lakin Rusiyada pe\u015f\u0259kar f\u0259aliyy\u0259t g\u00f6st\u0259r\u0259n \u015f\u0259xsl\u0259r\u0259 qar\u015f\u0131 sanksiya t\u0259tbiq edilm\u0259si haqq\u0131nda f\u0259rman imzalay\u0131b.<\/p>\n\n\n\n<p>Sanksiyalar be\u015f il m\u00fcdd\u0259tin\u0259 t\u0259tbiq edilib v\u0259 aktivl\u0259rin bloklanmas\u0131, lisenziya v\u0259 icaz\u0259l\u0259rin l\u0259\u011fvi, ticar\u0259t\u0259 qada\u011fa v\u0259 kapital\u0131n Ukraynadan \u00e7\u0131xar\u0131lmas\u0131, Ukraynada \u00f6z\u0259ll\u0259\u015fdirm\u0259 v\u0259 icar\u0259 i\u015fl\u0259rind\u0259, torpaq al\u0131nmas\u0131nda i\u015ftirak qada\u011fas\u0131 daxil olmaqla, 15 m\u0259hdudiyy\u0259t b\u0259ndini \u0259hat\u0259 edib.<\/p>\n\n\n\n<p>3600-d\u0259n \u00e7ox fiziki v\u0259 h\u00fcquqi \u015f\u0259xs ad\u0131 daxil edil\u0259n siyah\u0131da Ani Lorak da olub.<\/p>\n\n\n\n<p>N\u0259tic\u0259d\u0259 Lorak Kiyevd\u0259 400 kvadratmetrlik 1,5 milyon dollar&nbsp; d\u0259y\u0259rind\u0259 evini itirib.<\/p>\n\n\n\n<p>Ani Lorak Ukraynan\u0131n q\u0259rbind\u0259 do\u011fulub.<\/p>\n\n\n\n<p>Musiqi karyeras\u0131na da orada ba\u015flay\u0131b.<\/p>\n\n\n\n<p>\u201cEurovision 2008\u201d Beyn\u0259lxalq Musiqi M\u00fcsabiq\u0259sinin ikincisi olandan sonra ona Ukraynan\u0131n Xalq artisti ad\u0131 verilib.<\/p>\n\n\n\n<p>M\u00fc\u011f\u0259nni karyeras\u0131n\u0131 daha sonra Rusiyada davam etdirib.<\/p>\n\n\n\n<p>Haz\u0131rda Ani Lorak h\u0259m Ukrayna, h\u0259m d\u0259 Rusiyada arzuolunmaz \u015f\u0259xs say\u0131l\u0131r.<\/p>\n","protected":false},"excerpt":{"rendered":"<p>\u201cM\u0259n m\u00fc\u011f\u0259nniy\u0259m, siyas\u0259t\u00e7i deyil\u0259m\u201d M\u00fc\u011f\u0259nni Ani Lorak Ukrayna Silahl\u0131 Q\u00fcvv\u0259l\u0259rin\u0259 &#8230; <\/p>\n<p class=\"read-more-container\"><a title=\"Ani Lorakdan Ukrayna Silahl\u0131 Q\u00fcvv\u0259l\u0259rin\u0259 yard\u0131m etm\u0259sil\u0259 ba\u011fl\u0131 suala cavab\" class=\"read-more button\" href=\"https:\/\/www.meydan.tv\/az\/article\/ani-lorakdan-ukrayna-silahli-quvvelerine-yardim-etmesile-bagli-suala-cavab\/#more-284571\" aria-label=\"Read more about Ani Lorakdan Ukrayna Silahl\u0131 Q\u00fcvv\u0259l\u0259rin\u0259 yard\u0131m etm\u0259sil\u0259 ba\u011fl\u0131 suala cavab\">Davam\u0131<\/a><\/p>\n","protected":false},"author":8,"featured_media":280698,"comment_status":"closed","ping_status":"closed","sticky":false,"template":"","format":"standard","meta":{"_acf_changed":false,"_sitemap_exclude":false,"_sitemap_priority":"","_sitemap_frequency":"","footnotes":""},"categories":[64,52,56],"tags":[],"class_list":["post-284571","post","type-post","status-publish","format-standard","has-post-thumbnail","hentry","category-dunya","category-medeniyyet","category-xeberler","infinite-scroll-item","generate-columns","tablet-grid-50","mobile-grid-100","grid-parent","grid-33","no-featured-image-padding"],"acf":[],"yoast_head":"<!-- This site is optimized with the Yoast SEO plugin v27.4 - https:\/\/yoast.com\/product\/yoast-seo-wordpress\/ -->\n<title>Ani Lorakdan Ukrayna Silahl\u0131 Q\u00fcvv\u0259l\u0259rin\u0259 yard\u0131m etm\u0259sil\u0259 ba\u011fl\u0131 suala cavab - MEYDAN.TV<\/title>\n<meta name=\"robots\" content=\"index, follow, max-snippet:-1, max-image-preview:large, max-video-preview:-1\" \/>\n<link rel=\"canonical\" href=\"https:\/\/www.meydan.tv\/az\/article\/ani-lorakdan-ukrayna-silahli-quvvelerine-yardim-etmesile-bagli-suala-cavab\/\" \/>\n<meta property=\"og:locale\" content=\"az_AZ\" \/>\n<meta property=\"og:type\" content=\"article\" \/>\n<meta property=\"og:title\" content=\"Ani Lorakdan Ukrayna Silahl\u0131 Q\u00fcvv\u0259l\u0259rin\u0259 yard\u0131m etm\u0259sil\u0259 ba\u011fl\u0131 suala cavab - MEYDAN.TV\" \/>\n<meta property=\"og:description\" content=\"\u201cM\u0259n m\u00fc\u011f\u0259nniy\u0259m, siyas\u0259t\u00e7i deyil\u0259m\u201d M\u00fc\u011f\u0259nni Ani Lorak Ukrayna Silahl\u0131 Q\u00fcvv\u0259l\u0259rin\u0259 ... Davam\u0131\" \/>\n<meta property=\"og:url\" content=\"https:\/\/www.meydan.tv\/az\/article\/ani-lorakdan-ukrayna-silahli-quvvelerine-yardim-etmesile-bagli-suala-cavab\/\" \/>\n<meta property=\"og:site_name\" content=\"MEYDAN.TV\" \/>\n<meta property=\"article:published_time\" content=\"2023-09-12T10:06:47+00:00\" \/>\n<meta property=\"article:modified_time\" content=\"2023-09-12T10:06:51+00:00\" \/>\n<meta property=\"og:image\" content=\"https:\/\/www.meydan.tv\/wp-content\/uploads\/untitled-design-19-4.jpg\" \/>\n\t<meta property=\"og:image:width\" content=\"1200\" \/>\n\t<meta property=\"og:image:height\" content=\"800\" \/>\n\t<meta property=\"og:image:type\" content=\"image\/jpeg\" \/>\n<meta name=\"author\" content=\"elli\" \/>\n<meta name=\"twitter:card\" content=\"summary_large_image\" \/>\n<meta name=\"twitter:creator\" content=\"@elli\" \/>\n<script type=\"application\/ld+json\" class=\"yoast-schema-graph\">{\"@context\":\"https:\\\/\\\/schema.org\",\"@graph\":[{\"@type\":\"Article\",\"@id\":\"https:\\\/\\\/www.meydan.tv\\\/az\\\/article\\\/ani-lorakdan-ukrayna-silahli-quvvelerine-yardim-etmesile-bagli-suala-cavab\\\/#article\",\"isPartOf\":{\"@id\":\"https:\\\/\\\/www.meydan.tv\\\/az\\\/article\\\/ani-lorakdan-ukrayna-silahli-quvvelerine-yardim-etmesile-bagli-suala-cavab\\\/\"},\"author\":{\"name\":\"elli\",\"@id\":\"https:\\\/\\\/www.meydan.tv\\\/az\\\/#\\\/schema\\\/person\\\/9cdbecf90d17180ce1dfbd95b08dcf47\"},\"headline\":\"Ani Lorakdan Ukrayna Silahl\u0131 Q\u00fcvv\u0259l\u0259rin\u0259 yard\u0131m etm\u0259sil\u0259 ba\u011fl\u0131 suala cavab\",\"datePublished\":\"2023-09-12T10:06:47+00:00\",\"dateModified\":\"2023-09-12T10:06:51+00:00\",\"mainEntityOfPage\":{\"@id\":\"https:\\\/\\\/www.meydan.tv\\\/az\\\/article\\\/ani-lorakdan-ukrayna-silahli-quvvelerine-yardim-etmesile-bagli-suala-cavab\\\/\"},\"wordCount\":703,\"publisher\":{\"@id\":\"https:\\\/\\\/www.meydan.tv\\\/az\\\/#organization\"},\"image\":{\"@id\":\"https:\\\/\\\/www.meydan.tv\\\/az\\\/article\\\/ani-lorakdan-ukrayna-silahli-quvvelerine-yardim-etmesile-bagli-suala-cavab\\\/#primaryimage\"},\"thumbnailUrl\":\"https:\\\/\\\/www.meydan.tv\\\/wp-content\\\/uploads\\\/untitled-design-19-4.jpg\",\"articleSection\":[\"D\u00fcnya\",\"M\u0259d\u0259niyy\u0259t\",\"X\u0259b\u0259rl\u0259r\"],\"inLanguage\":\"az\"},{\"@type\":\"WebPage\",\"@id\":\"https:\\\/\\\/www.meydan.tv\\\/az\\\/article\\\/ani-lorakdan-ukrayna-silahli-quvvelerine-yardim-etmesile-bagli-suala-cavab\\\/\",\"url\":\"https:\\\/\\\/www.meydan.tv\\\/az\\\/article\\\/ani-lorakdan-ukrayna-silahli-quvvelerine-yardim-etmesile-bagli-suala-cavab\\\/\",\"name\":\"Ani Lorakdan Ukrayna Silahl\u0131 Q\u00fcvv\u0259l\u0259rin\u0259 yard\u0131m etm\u0259sil\u0259 ba\u011fl\u0131 suala cavab - MEYDAN.TV\",\"isPartOf\":{\"@id\":\"https:\\\/\\\/www.meydan.tv\\\/az\\\/#website\"},\"primaryImageOfPage\":{\"@id\":\"https:\\\/\\\/www.meydan.tv\\\/az\\\/article\\\/ani-lorakdan-ukrayna-silahli-quvvelerine-yardim-etmesile-bagli-suala-cavab\\\/#primaryimage\"},\"image\":{\"@id\":\"https:\\\/\\\/www.meydan.tv\\\/az\\\/article\\\/ani-lorakdan-ukrayna-silahli-quvvelerine-yardim-etmesile-bagli-suala-cavab\\\/#primaryimage\"},\"thumbnailUrl\":\"https:\\\/\\\/www.meydan.tv\\\/wp-content\\\/uploads\\\/untitled-design-19-4.jpg\",\"datePublished\":\"2023-09-12T10:06:47+00:00\",\"dateModified\":\"2023-09-12T10:06:51+00:00\",\"breadcrumb\":{\"@id\":\"https:\\\/\\\/www.meydan.tv\\\/az\\\/article\\\/ani-lorakdan-ukrayna-silahli-quvvelerine-yardim-etmesile-bagli-suala-cavab\\\/#breadcrumb\"},\"inLanguage\":\"az\",\"potentialAction\":[{\"@type\":\"ReadAction\",\"target\":[\"https:\\\/\\\/www.meydan.tv\\\/az\\\/article\\\/ani-lorakdan-ukrayna-silahli-quvvelerine-yardim-etmesile-bagli-suala-cavab\\\/\"]}]},{\"@type\":\"ImageObject\",\"inLanguage\":\"az\",\"@id\":\"https:\\\/\\\/www.meydan.tv\\\/az\\\/article\\\/ani-lorakdan-ukrayna-silahli-quvvelerine-yardim-etmesile-bagli-suala-cavab\\\/#primaryimage\",\"url\":\"https:\\\/\\\/www.meydan.tv\\\/wp-content\\\/uploads\\\/untitled-design-19-4.jpg\",\"contentUrl\":\"https:\\\/\\\/www.meydan.tv\\\/wp-content\\\/uploads\\\/untitled-design-19-4.jpg\",\"width\":1200,\"height\":800,\"caption\":\"Ani Lorak. Foto: Wikipedia\"},{\"@type\":\"BreadcrumbList\",\"@id\":\"https:\\\/\\\/www.meydan.tv\\\/az\\\/article\\\/ani-lorakdan-ukrayna-silahli-quvvelerine-yardim-etmesile-bagli-suala-cavab\\\/#breadcrumb\",\"itemListElement\":[{\"@type\":\"ListItem\",\"position\":1,\"name\":\"Ana s\u0259hif\u0259\",\"item\":\"https:\\\/\\\/www.meydan.tv\\\/az\\\/\"},{\"@type\":\"ListItem\",\"position\":2,\"name\":\"M\u0259d\u0259niyy\u0259t\",\"item\":\"https:\\\/\\\/www.meydan.tv\\\/az\\\/section\\\/medeniyyet\\\/\"},{\"@type\":\"ListItem\",\"position\":3,\"name\":\"Ani Lorakdan Ukrayna Silahl\u0131 Q\u00fcvv\u0259l\u0259rin\u0259 yard\u0131m etm\u0259sil\u0259 ba\u011fl\u0131 suala cavab\"}]},{\"@type\":\"WebSite\",\"@id\":\"https:\\\/\\\/www.meydan.tv\\\/az\\\/#website\",\"url\":\"https:\\\/\\\/www.meydan.tv\\\/az\\\/\",\"name\":\"MEYDAN.TV\",\"description\":\"Meydan TV Az\u0259rbaycan\u0131n media m\u0259kan\u0131ndak\u0131 alternativ s\u0259sidir\",\"publisher\":{\"@id\":\"https:\\\/\\\/www.meydan.tv\\\/az\\\/#organization\"},\"potentialAction\":[{\"@type\":\"SearchAction\",\"target\":{\"@type\":\"EntryPoint\",\"urlTemplate\":\"https:\\\/\\\/www.meydan.tv\\\/az\\\/?s={search_term_string}\"},\"query-input\":{\"@type\":\"PropertyValueSpecification\",\"valueRequired\":true,\"valueName\":\"search_term_string\"}}],\"inLanguage\":\"az\"},{\"@type\":\"Organization\",\"@id\":\"https:\\\/\\\/www.meydan.tv\\\/az\\\/#organization\",\"name\":\"Meydan TV\",\"url\":\"https:\\\/\\\/www.meydan.tv\\\/az\\\/\",\"logo\":{\"@type\":\"ImageObject\",\"inLanguage\":\"az\",\"@id\":\"https:\\\/\\\/www.meydan.tv\\\/az\\\/#\\\/schema\\\/logo\\\/image\\\/\",\"url\":\"https:\\\/\\\/www.meydan.tv\\\/wp-content\\\/uploads\\\/2021\\\/07\\\/meydan-logo.svg\",\"contentUrl\":\"https:\\\/\\\/www.meydan.tv\\\/wp-content\\\/uploads\\\/2021\\\/07\\\/meydan-logo.svg\",\"width\":195,\"height\":46,\"caption\":\"Meydan TV\"},\"image\":{\"@id\":\"https:\\\/\\\/www.meydan.tv\\\/az\\\/#\\\/schema\\\/logo\\\/image\\\/\"}},{\"@type\":\"Person\",\"@id\":\"https:\\\/\\\/www.meydan.tv\\\/az\\\/#\\\/schema\\\/person\\\/9cdbecf90d17180ce1dfbd95b08dcf47\",\"name\":\"elli\",\"sameAs\":[\"https:\\\/\\\/x.com\\\/elli\"]}]}<\/script>\n<!-- \/ Yoast SEO plugin. -->","yoast_head_json":{"title":"Ani Lorakdan Ukrayna Silahl\u0131 Q\u00fcvv\u0259l\u0259rin\u0259 yard\u0131m etm\u0259sil\u0259 ba\u011fl\u0131 suala cavab - MEYDAN.TV","robots":{"index":"index","follow":"follow","max-snippet":"max-snippet:-1","max-image-preview":"max-image-preview:large","max-video-preview":"max-video-preview:-1"},"canonical":"https:\/\/www.meydan.tv\/az\/article\/ani-lorakdan-ukrayna-silahli-quvvelerine-yardim-etmesile-bagli-suala-cavab\/","og_locale":"az_AZ","og_type":"article","og_title":"Ani Lorakdan Ukrayna Silahl\u0131 Q\u00fcvv\u0259l\u0259rin\u0259 yard\u0131m etm\u0259sil\u0259 ba\u011fl\u0131 suala cavab - MEYDAN.TV","og_description":"\u201cM\u0259n m\u00fc\u011f\u0259nniy\u0259m, siyas\u0259t\u00e7i deyil\u0259m\u201d M\u00fc\u011f\u0259nni Ani Lorak Ukrayna Silahl\u0131 Q\u00fcvv\u0259l\u0259rin\u0259 ... Davam\u0131","og_url":"https:\/\/www.meydan.tv\/az\/article\/ani-lorakdan-ukrayna-silahli-quvvelerine-yardim-etmesile-bagli-suala-cavab\/","og_site_name":"MEYDAN.TV","article_published_time":"2023-09-12T10:06:47+00:00","article_modified_time":"2023-09-12T10:06:51+00:00","og_image":[{"width":1200,"height":800,"url":"https:\/\/www.meydan.tv\/wp-content\/uploads\/untitled-design-19-4.jpg","type":"image\/jpeg"}],"author":"elli","twitter_card":"summary_large_image","twitter_creator":"@elli","schema":{"@context":"https:\/\/schema.org","@graph":[{"@type":"Article","@id":"https:\/\/www.meydan.tv\/az\/article\/ani-lorakdan-ukrayna-silahli-quvvelerine-yardim-etmesile-bagli-suala-cavab\/#article","isPartOf":{"@id":"https:\/\/www.meydan.tv\/az\/article\/ani-lorakdan-ukrayna-silahli-quvvelerine-yardim-etmesile-bagli-suala-cavab\/"},"author":{"name":"elli","@id":"https:\/\/www.meydan.tv\/az\/#\/schema\/person\/9cdbecf90d17180ce1dfbd95b08dcf47"},"headline":"Ani Lorakdan Ukrayna Silahl\u0131 Q\u00fcvv\u0259l\u0259rin\u0259 yard\u0131m etm\u0259sil\u0259 ba\u011fl\u0131 suala cavab","datePublished":"2023-09-12T10:06:47+00:00","dateModified":"2023-09-12T10:06:51+00:00","mainEntityOfPage":{"@id":"https:\/\/www.meydan.tv\/az\/article\/ani-lorakdan-ukrayna-silahli-quvvelerine-yardim-etmesile-bagli-suala-cavab\/"},"wordCount":703,"publisher":{"@id":"https:\/\/www.meydan.tv\/az\/#organization"},"image":{"@id":"https:\/\/www.meydan.tv\/az\/article\/ani-lorakdan-ukrayna-silahli-quvvelerine-yardim-etmesile-bagli-suala-cavab\/#primaryimage"},"thumbnailUrl":"https:\/\/www.meydan.tv\/wp-content\/uploads\/untitled-design-19-4.jpg","articleSection":["D\u00fcnya","M\u0259d\u0259niyy\u0259t","X\u0259b\u0259rl\u0259r"],"inLanguage":"az"},{"@type":"WebPage","@id":"https:\/\/www.meydan.tv\/az\/article\/ani-lorakdan-ukrayna-silahli-quvvelerine-yardim-etmesile-bagli-suala-cavab\/","url":"https:\/\/www.meydan.tv\/az\/article\/ani-lorakdan-ukrayna-silahli-quvvelerine-yardim-etmesile-bagli-suala-cavab\/","name":"Ani Lorakdan Ukrayna Silahl\u0131 Q\u00fcvv\u0259l\u0259rin\u0259 yard\u0131m etm\u0259sil\u0259 ba\u011fl\u0131 suala cavab - MEYDAN.TV","isPartOf":{"@id":"https:\/\/www.meydan.tv\/az\/#website"},"primaryImageOfPage":{"@id":"https:\/\/www.meydan.tv\/az\/article\/ani-lorakdan-ukrayna-silahli-quvvelerine-yardim-etmesile-bagli-suala-cavab\/#primaryimage"},"image":{"@id":"https:\/\/www.meydan.tv\/az\/article\/ani-lorakdan-ukrayna-silahli-quvvelerine-yardim-etmesile-bagli-suala-cavab\/#primaryimage"},"thumbnailUrl":"https:\/\/www.meydan.tv\/wp-content\/uploads\/untitled-design-19-4.jpg","datePublished":"2023-09-12T10:06:47+00:00","dateModified":"2023-09-12T10:06:51+00:00","breadcrumb":{"@id":"https:\/\/www.meydan.tv\/az\/article\/ani-lorakdan-ukrayna-silahli-quvvelerine-yardim-etmesile-bagli-suala-cavab\/#breadcrumb"},"inLanguage":"az","potentialAction":[{"@type":"ReadAction","target":["https:\/\/www.meydan.tv\/az\/article\/ani-lorakdan-ukrayna-silahli-quvvelerine-yardim-etmesile-bagli-suala-cavab\/"]}]},{"@type":"ImageObject","inLanguage":"az","@id":"https:\/\/www.meydan.tv\/az\/article\/ani-lorakdan-ukrayna-silahli-quvvelerine-yardim-etmesile-bagli-suala-cavab\/#primaryimage","url":"https:\/\/www.meydan.tv\/wp-content\/uploads\/untitled-design-19-4.jpg","contentUrl":"https:\/\/www.meydan.tv\/wp-content\/uploads\/untitled-design-19-4.jpg","width":1200,"height":800,"caption":"Ani Lorak. Foto: Wikipedia"},{"@type":"BreadcrumbList","@id":"https:\/\/www.meydan.tv\/az\/article\/ani-lorakdan-ukrayna-silahli-quvvelerine-yardim-etmesile-bagli-suala-cavab\/#breadcrumb","itemListElement":[{"@type":"ListItem","position":1,"name":"Ana s\u0259hif\u0259","item":"https:\/\/www.meydan.tv\/az\/"},{"@type":"ListItem","position":2,"name":"M\u0259d\u0259niyy\u0259t","item":"https:\/\/www.meydan.tv\/az\/section\/medeniyyet\/"},{"@type":"ListItem","position":3,"name":"Ani Lorakdan Ukrayna Silahl\u0131 Q\u00fcvv\u0259l\u0259rin\u0259 yard\u0131m etm\u0259sil\u0259 ba\u011fl\u0131 suala cavab"}]},{"@type":"WebSite","@id":"https:\/\/www.meydan.tv\/az\/#website","url":"https:\/\/www.meydan.tv\/az\/","name":"MEYDAN.TV","description":"Meydan TV Az\u0259rbaycan\u0131n media m\u0259kan\u0131ndak\u0131 alternativ s\u0259sidir","publisher":{"@id":"https:\/\/www.meydan.tv\/az\/#organization"},"potentialAction":[{"@type":"SearchAction","target":{"@type":"EntryPoint","urlTemplate":"https:\/\/www.meydan.tv\/az\/?s={search_term_string}"},"query-input":{"@type":"PropertyValueSpecification","valueRequired":true,"valueName":"search_term_string"}}],"inLanguage":"az"},{"@type":"Organization","@id":"https:\/\/www.meydan.tv\/az\/#organization","name":"Meydan TV","url":"https:\/\/www.meydan.tv\/az\/","logo":{"@type":"ImageObject","inLanguage":"az","@id":"https:\/\/www.meydan.tv\/az\/#\/schema\/logo\/image\/","url":"https:\/\/www.meydan.tv\/wp-content\/uploads\/2021\/07\/meydan-logo.svg","contentUrl":"https:\/\/www.meydan.tv\/wp-content\/uploads\/2021\/07\/meydan-logo.svg","width":195,"height":46,"caption":"Meydan TV"},"image":{"@id":"https:\/\/www.meydan.tv\/az\/#\/schema\/logo\/image\/"}},{"@type":"Person","@id":"https:\/\/www.meydan.tv\/az\/#\/schema\/person\/9cdbecf90d17180ce1dfbd95b08dcf47","name":"elli","sameAs":["https:\/\/x.com\/elli"]}]}},"_links":{"self":[{"href":"https:\/\/www.meydan.tv\/az\/wp-json\/wp\/v2\/posts\/284571","targetHints":{"allow":["GET"]}}],"collection":[{"href":"https:\/\/www.meydan.tv\/az\/wp-json\/wp\/v2\/posts"}],"about":[{"href":"https:\/\/www.meydan.tv\/az\/wp-json\/wp\/v2\/types\/post"}],"author":[{"embeddable":true,"href":"https:\/\/www.meydan.tv\/az\/wp-json\/wp\/v2\/users\/8"}],"replies":[{"embeddable":true,"href":"https:\/\/www.meydan.tv\/az\/wp-json\/wp\/v2\/comments?post=284571"}],"version-history":[{"count":3,"href":"https:\/\/www.meydan.tv\/az\/wp-json\/wp\/v2\/posts\/284571\/revisions"}],"predecessor-version":[{"id":284580,"href":"https:\/\/www.meydan.tv\/az\/wp-json\/wp\/v2\/posts\/284571\/revisions\/284580"}],"wp:featuredmedia":[{"embeddable":true,"href":"https:\/\/www.meydan.tv\/az\/wp-json\/wp\/v2\/media\/280698"}],"wp:attachment":[{"href":"https:\/\/www.meydan.tv\/az\/wp-json\/wp\/v2\/media?parent=284571"}],"wp:term":[{"taxonomy":"category","embeddable":true,"href":"https:\/\/www.meydan.tv\/az\/wp-json\/wp\/v2\/categories?post=284571"},{"taxonomy":"post_tag","embeddable":true,"href":"https:\/\/www.meydan.tv\/az\/wp-json\/wp\/v2\/tags?post=284571"}],"curies":[{"name":"wp","href":"https:\/\/api.w.org\/{rel}","templated":true}]}}