{"id":284511,"date":"2023-09-11T18:49:48","date_gmt":"2023-09-11T14:49:48","guid":{"rendered":"https:\/\/www.meydan.tv\/?p=284511"},"modified":"2023-09-11T18:49:50","modified_gmt":"2023-09-11T14:49:50","slug":"imislide-mekteb-direktoru-sagirdleri-cinsi-qisnamaya-meruz-qoymaqda-ittiham-edilir","status":"publish","type":"post","link":"https:\/\/www.meydan.tv\/az\/article\/imislide-mekteb-direktoru-sagirdleri-cinsi-qisnamaya-meruz-qoymaqda-ittiham-edilir\/","title":{"rendered":"\u0130mi\u015flid\u0259 m\u0259kt\u0259b direktoru \u015fagirdl\u0259ri cinsi q\u0131snamaya m\u0259ruz qoymaqda ittiham edilir"},"content":{"rendered":"\n<figure class=\"wp-block-embed is-type-video is-provider-youtube wp-block-embed-youtube wp-embed-aspect-16-9 wp-has-aspect-ratio\"><div class=\"wp-block-embed__wrapper\">\n<iframe title=\"\u0130mi\u015flid\u0259 m\u0259kt\u0259b direktoru \u015fagirdl\u0259ri cinsi q\u0131snamaya m\u0259ruz qoymaqda ittiham edilir\" width=\"1200\" height=\"675\" data-src=\"https:\/\/www.youtube.com\/embed\/9j2oWFe3Dc8?feature=oembed\" frameborder=\"0\" allow=\"accelerometer; autoplay; clipboard-write; encrypted-media; gyroscope; picture-in-picture; web-share\" allowfullscreen src=\"data:image\/svg+xml;base64,PHN2ZyB3aWR0aD0iMSIgaGVpZ2h0PSIxIiB4bWxucz0iaHR0cDovL3d3dy53My5vcmcvMjAwMC9zdmciPjwvc3ZnPg==\" class=\"lazyload\" data-load-mode=\"1\"><\/iframe>\n<\/div><\/figure>\n\n\n\n<p>\u0130mi\u015fli rayonundak\u0131 k\u0259ndl\u0259rd\u0259n birind\u0259 sakinl\u0259r orta m\u0259kt\u0259b direktorunu u\u015faqlara qar\u015f\u0131 cinsi q\u0131snamada ittiham edirl\u0259r. Onlar direktorun i\u015fd\u0259n azad edilm\u0259si \u00fc\u00e7\u00fcn etiraz aksiyas\u0131 da ke\u00e7iribl\u0259r. M\u00fc\u0259llimin n\u0259v\u0259sind\u0259n seksual xarakterli fotolar ist\u0259diyini bildir\u0259n k\u0259nd sakini deyir ki, onlar\u0131n \u015fikay\u0259ti d\u00fczg\u00fcn ara\u015fd\u0131r\u0131lmay\u0131b.<\/p>\n","protected":false},"excerpt":{"rendered":"<p>\u0130mi\u015fli rayonundak\u0131 k\u0259ndl\u0259rd\u0259n birind\u0259 sakinl\u0259r orta m\u0259kt\u0259b direktorunu u\u015faqlara qar\u015f\u0131 &#8230; <\/p>\n<p class=\"read-more-container\"><a title=\"\u0130mi\u015flid\u0259 m\u0259kt\u0259b direktoru \u015fagirdl\u0259ri cinsi q\u0131snamaya m\u0259ruz qoymaqda ittiham edilir\" class=\"read-more button\" href=\"https:\/\/www.meydan.tv\/az\/article\/imislide-mekteb-direktoru-sagirdleri-cinsi-qisnamaya-meruz-qoymaqda-ittiham-edilir\/#more-284511\" aria-label=\"Read more about \u0130mi\u015flid\u0259 m\u0259kt\u0259b direktoru \u015fagirdl\u0259ri cinsi q\u0131snamaya m\u0259ruz qoymaqda ittiham edilir\">Davam\u0131<\/a><\/p>\n","protected":false},"author":12,"featured_media":284512,"comment_status":"closed","ping_status":"closed","sticky":false,"template":"","format":"standard","meta":{"_acf_changed":false,"_sitemap_exclude":false,"_sitemap_priority":"","_sitemap_frequency":"","footnotes":""},"categories":[60,62,79,63],"tags":[],"class_list":["post-284511","post","type-post","status-publish","format-standard","has-post-thumbnail","hentry","category-bolge","category-sosial","category-featured","category-video-2","infinite-scroll-item","generate-columns","tablet-grid-50","mobile-grid-100","grid-parent","grid-33","no-featured-image-padding"],"acf":[],"yoast_head":"<!-- This site is optimized with the Yoast SEO plugin v27.4 - https:\/\/yoast.com\/product\/yoast-seo-wordpress\/ -->\n<title>\u0130mi\u015flid\u0259 m\u0259kt\u0259b direktoru \u015fagirdl\u0259ri cinsi q\u0131snamaya m\u0259ruz qoymaqda ittiham edilir - MEYDAN.TV<\/title>\n<meta name=\"robots\" content=\"index, follow, max-snippet:-1, max-image-preview:large, max-video-preview:-1\" \/>\n<link rel=\"canonical\" href=\"https:\/\/www.meydan.tv\/az\/article\/imislide-mekteb-direktoru-sagirdleri-cinsi-qisnamaya-meruz-qoymaqda-ittiham-edilir\/\" \/>\n<meta property=\"og:locale\" content=\"az_AZ\" \/>\n<meta property=\"og:type\" content=\"article\" \/>\n<meta property=\"og:title\" content=\"\u0130mi\u015flid\u0259 m\u0259kt\u0259b direktoru \u015fagirdl\u0259ri cinsi q\u0131snamaya m\u0259ruz qoymaqda ittiham edilir - MEYDAN.TV\" \/>\n<meta property=\"og:description\" content=\"\u0130mi\u015fli rayonundak\u0131 k\u0259ndl\u0259rd\u0259n birind\u0259 sakinl\u0259r orta m\u0259kt\u0259b direktorunu u\u015faqlara qar\u015f\u0131 ... Davam\u0131\" \/>\n<meta property=\"og:url\" content=\"https:\/\/www.meydan.tv\/az\/article\/imislide-mekteb-direktoru-sagirdleri-cinsi-qisnamaya-meruz-qoymaqda-ittiham-edilir\/\" \/>\n<meta property=\"og:site_name\" content=\"MEYDAN.TV\" \/>\n<meta property=\"article:published_time\" content=\"2023-09-11T14:49:48+00:00\" \/>\n<meta property=\"article:modified_time\" content=\"2023-09-11T14:49:50+00:00\" \/>\n<meta property=\"og:image\" content=\"https:\/\/www.meydan.tv\/wp-content\/uploads\/screenshot-2023-09-11-at-15.43.41-1200x684.png\" \/>\n\t<meta property=\"og:image:width\" content=\"1200\" \/>\n\t<meta property=\"og:image:height\" content=\"684\" \/>\n\t<meta property=\"og:image:type\" content=\"image\/png\" \/>\n<meta name=\"author\" content=\"aleks\" \/>\n<meta name=\"twitter:card\" content=\"summary_large_image\" \/>\n<script type=\"application\/ld+json\" class=\"yoast-schema-graph\">{\"@context\":\"https:\\\/\\\/schema.org\",\"@graph\":[{\"@type\":\"Article\",\"@id\":\"https:\\\/\\\/www.meydan.tv\\\/az\\\/article\\\/imislide-mekteb-direktoru-sagirdleri-cinsi-qisnamaya-meruz-qoymaqda-ittiham-edilir\\\/#article\",\"isPartOf\":{\"@id\":\"https:\\\/\\\/www.meydan.tv\\\/az\\\/article\\\/imislide-mekteb-direktoru-sagirdleri-cinsi-qisnamaya-meruz-qoymaqda-ittiham-edilir\\\/\"},\"author\":{\"name\":\"aleks\",\"@id\":\"https:\\\/\\\/www.meydan.tv\\\/az\\\/#\\\/schema\\\/person\\\/476e9360e593fa131d5d71d51866f8da\"},\"headline\":\"\u0130mi\u015flid\u0259 m\u0259kt\u0259b direktoru \u015fagirdl\u0259ri cinsi q\u0131snamaya m\u0259ruz qoymaqda ittiham edilir\",\"datePublished\":\"2023-09-11T14:49:48+00:00\",\"dateModified\":\"2023-09-11T14:49:50+00:00\",\"mainEntityOfPage\":{\"@id\":\"https:\\\/\\\/www.meydan.tv\\\/az\\\/article\\\/imislide-mekteb-direktoru-sagirdleri-cinsi-qisnamaya-meruz-qoymaqda-ittiham-edilir\\\/\"},\"wordCount\":91,\"publisher\":{\"@id\":\"https:\\\/\\\/www.meydan.tv\\\/az\\\/#organization\"},\"image\":{\"@id\":\"https:\\\/\\\/www.meydan.tv\\\/az\\\/article\\\/imislide-mekteb-direktoru-sagirdleri-cinsi-qisnamaya-meruz-qoymaqda-ittiham-edilir\\\/#primaryimage\"},\"thumbnailUrl\":\"https:\\\/\\\/www.meydan.tv\\\/wp-content\\\/uploads\\\/screenshot-2023-09-11-at-15.43.41.png\",\"articleSection\":[\"B\u00f6lg\u0259\",\"Sosial\",\"T\u00f6vsiy\u0259\",\"Video\"],\"inLanguage\":\"az\"},{\"@type\":\"WebPage\",\"@id\":\"https:\\\/\\\/www.meydan.tv\\\/az\\\/article\\\/imislide-mekteb-direktoru-sagirdleri-cinsi-qisnamaya-meruz-qoymaqda-ittiham-edilir\\\/\",\"url\":\"https:\\\/\\\/www.meydan.tv\\\/az\\\/article\\\/imislide-mekteb-direktoru-sagirdleri-cinsi-qisnamaya-meruz-qoymaqda-ittiham-edilir\\\/\",\"name\":\"\u0130mi\u015flid\u0259 m\u0259kt\u0259b direktoru \u015fagirdl\u0259ri cinsi q\u0131snamaya m\u0259ruz qoymaqda ittiham edilir - MEYDAN.TV\",\"isPartOf\":{\"@id\":\"https:\\\/\\\/www.meydan.tv\\\/az\\\/#website\"},\"primaryImageOfPage\":{\"@id\":\"https:\\\/\\\/www.meydan.tv\\\/az\\\/article\\\/imislide-mekteb-direktoru-sagirdleri-cinsi-qisnamaya-meruz-qoymaqda-ittiham-edilir\\\/#primaryimage\"},\"image\":{\"@id\":\"https:\\\/\\\/www.meydan.tv\\\/az\\\/article\\\/imislide-mekteb-direktoru-sagirdleri-cinsi-qisnamaya-meruz-qoymaqda-ittiham-edilir\\\/#primaryimage\"},\"thumbnailUrl\":\"https:\\\/\\\/www.meydan.tv\\\/wp-content\\\/uploads\\\/screenshot-2023-09-11-at-15.43.41.png\",\"datePublished\":\"2023-09-11T14:49:48+00:00\",\"dateModified\":\"2023-09-11T14:49:50+00:00\",\"breadcrumb\":{\"@id\":\"https:\\\/\\\/www.meydan.tv\\\/az\\\/article\\\/imislide-mekteb-direktoru-sagirdleri-cinsi-qisnamaya-meruz-qoymaqda-ittiham-edilir\\\/#breadcrumb\"},\"inLanguage\":\"az\",\"potentialAction\":[{\"@type\":\"ReadAction\",\"target\":[\"https:\\\/\\\/www.meydan.tv\\\/az\\\/article\\\/imislide-mekteb-direktoru-sagirdleri-cinsi-qisnamaya-meruz-qoymaqda-ittiham-edilir\\\/\"]}]},{\"@type\":\"ImageObject\",\"inLanguage\":\"az\",\"@id\":\"https:\\\/\\\/www.meydan.tv\\\/az\\\/article\\\/imislide-mekteb-direktoru-sagirdleri-cinsi-qisnamaya-meruz-qoymaqda-ittiham-edilir\\\/#primaryimage\",\"url\":\"https:\\\/\\\/www.meydan.tv\\\/wp-content\\\/uploads\\\/screenshot-2023-09-11-at-15.43.41.png\",\"contentUrl\":\"https:\\\/\\\/www.meydan.tv\\\/wp-content\\\/uploads\\\/screenshot-2023-09-11-at-15.43.41.png\",\"width\":2404,\"height\":1370},{\"@type\":\"BreadcrumbList\",\"@id\":\"https:\\\/\\\/www.meydan.tv\\\/az\\\/article\\\/imislide-mekteb-direktoru-sagirdleri-cinsi-qisnamaya-meruz-qoymaqda-ittiham-edilir\\\/#breadcrumb\",\"itemListElement\":[{\"@type\":\"ListItem\",\"position\":1,\"name\":\"Ana s\u0259hif\u0259\",\"item\":\"https:\\\/\\\/www.meydan.tv\\\/az\\\/\"},{\"@type\":\"ListItem\",\"position\":2,\"name\":\"Video\",\"item\":\"https:\\\/\\\/www.meydan.tv\\\/az\\\/section\\\/video-2\\\/\"},{\"@type\":\"ListItem\",\"position\":3,\"name\":\"\u0130mi\u015flid\u0259 m\u0259kt\u0259b direktoru \u015fagirdl\u0259ri cinsi q\u0131snamaya m\u0259ruz qoymaqda ittiham edilir\"}]},{\"@type\":\"WebSite\",\"@id\":\"https:\\\/\\\/www.meydan.tv\\\/az\\\/#website\",\"url\":\"https:\\\/\\\/www.meydan.tv\\\/az\\\/\",\"name\":\"MEYDAN.TV\",\"description\":\"Meydan TV Az\u0259rbaycan\u0131n media m\u0259kan\u0131ndak\u0131 alternativ s\u0259sidir\",\"publisher\":{\"@id\":\"https:\\\/\\\/www.meydan.tv\\\/az\\\/#organization\"},\"potentialAction\":[{\"@type\":\"SearchAction\",\"target\":{\"@type\":\"EntryPoint\",\"urlTemplate\":\"https:\\\/\\\/www.meydan.tv\\\/az\\\/?s={search_term_string}\"},\"query-input\":{\"@type\":\"PropertyValueSpecification\",\"valueRequired\":true,\"valueName\":\"search_term_string\"}}],\"inLanguage\":\"az\"},{\"@type\":\"Organization\",\"@id\":\"https:\\\/\\\/www.meydan.tv\\\/az\\\/#organization\",\"name\":\"Meydan TV\",\"url\":\"https:\\\/\\\/www.meydan.tv\\\/az\\\/\",\"logo\":{\"@type\":\"ImageObject\",\"inLanguage\":\"az\",\"@id\":\"https:\\\/\\\/www.meydan.tv\\\/az\\\/#\\\/schema\\\/logo\\\/image\\\/\",\"url\":\"https:\\\/\\\/www.meydan.tv\\\/wp-content\\\/uploads\\\/2021\\\/07\\\/meydan-logo.svg\",\"contentUrl\":\"https:\\\/\\\/www.meydan.tv\\\/wp-content\\\/uploads\\\/2021\\\/07\\\/meydan-logo.svg\",\"width\":195,\"height\":46,\"caption\":\"Meydan TV\"},\"image\":{\"@id\":\"https:\\\/\\\/www.meydan.tv\\\/az\\\/#\\\/schema\\\/logo\\\/image\\\/\"}},{\"@type\":\"Person\",\"@id\":\"https:\\\/\\\/www.meydan.tv\\\/az\\\/#\\\/schema\\\/person\\\/476e9360e593fa131d5d71d51866f8da\",\"name\":\"aleks\"}]}<\/script>\n<!-- \/ Yoast SEO plugin. -->","yoast_head_json":{"title":"\u0130mi\u015flid\u0259 m\u0259kt\u0259b direktoru \u015fagirdl\u0259ri cinsi q\u0131snamaya m\u0259ruz qoymaqda ittiham edilir - MEYDAN.TV","robots":{"index":"index","follow":"follow","max-snippet":"max-snippet:-1","max-image-preview":"max-image-preview:large","max-video-preview":"max-video-preview:-1"},"canonical":"https:\/\/www.meydan.tv\/az\/article\/imislide-mekteb-direktoru-sagirdleri-cinsi-qisnamaya-meruz-qoymaqda-ittiham-edilir\/","og_locale":"az_AZ","og_type":"article","og_title":"\u0130mi\u015flid\u0259 m\u0259kt\u0259b direktoru \u015fagirdl\u0259ri cinsi q\u0131snamaya m\u0259ruz qoymaqda ittiham edilir - MEYDAN.TV","og_description":"\u0130mi\u015fli rayonundak\u0131 k\u0259ndl\u0259rd\u0259n birind\u0259 sakinl\u0259r orta m\u0259kt\u0259b direktorunu u\u015faqlara qar\u015f\u0131 ... Davam\u0131","og_url":"https:\/\/www.meydan.tv\/az\/article\/imislide-mekteb-direktoru-sagirdleri-cinsi-qisnamaya-meruz-qoymaqda-ittiham-edilir\/","og_site_name":"MEYDAN.TV","article_published_time":"2023-09-11T14:49:48+00:00","article_modified_time":"2023-09-11T14:49:50+00:00","og_image":[{"width":1200,"height":684,"url":"https:\/\/www.meydan.tv\/wp-content\/uploads\/screenshot-2023-09-11-at-15.43.41-1200x684.png","type":"image\/png"}],"author":"aleks","twitter_card":"summary_large_image","schema":{"@context":"https:\/\/schema.org","@graph":[{"@type":"Article","@id":"https:\/\/www.meydan.tv\/az\/article\/imislide-mekteb-direktoru-sagirdleri-cinsi-qisnamaya-meruz-qoymaqda-ittiham-edilir\/#article","isPartOf":{"@id":"https:\/\/www.meydan.tv\/az\/article\/imislide-mekteb-direktoru-sagirdleri-cinsi-qisnamaya-meruz-qoymaqda-ittiham-edilir\/"},"author":{"name":"aleks","@id":"https:\/\/www.meydan.tv\/az\/#\/schema\/person\/476e9360e593fa131d5d71d51866f8da"},"headline":"\u0130mi\u015flid\u0259 m\u0259kt\u0259b direktoru \u015fagirdl\u0259ri cinsi q\u0131snamaya m\u0259ruz qoymaqda ittiham edilir","datePublished":"2023-09-11T14:49:48+00:00","dateModified":"2023-09-11T14:49:50+00:00","mainEntityOfPage":{"@id":"https:\/\/www.meydan.tv\/az\/article\/imislide-mekteb-direktoru-sagirdleri-cinsi-qisnamaya-meruz-qoymaqda-ittiham-edilir\/"},"wordCount":91,"publisher":{"@id":"https:\/\/www.meydan.tv\/az\/#organization"},"image":{"@id":"https:\/\/www.meydan.tv\/az\/article\/imislide-mekteb-direktoru-sagirdleri-cinsi-qisnamaya-meruz-qoymaqda-ittiham-edilir\/#primaryimage"},"thumbnailUrl":"https:\/\/www.meydan.tv\/wp-content\/uploads\/screenshot-2023-09-11-at-15.43.41.png","articleSection":["B\u00f6lg\u0259","Sosial","T\u00f6vsiy\u0259","Video"],"inLanguage":"az"},{"@type":"WebPage","@id":"https:\/\/www.meydan.tv\/az\/article\/imislide-mekteb-direktoru-sagirdleri-cinsi-qisnamaya-meruz-qoymaqda-ittiham-edilir\/","url":"https:\/\/www.meydan.tv\/az\/article\/imislide-mekteb-direktoru-sagirdleri-cinsi-qisnamaya-meruz-qoymaqda-ittiham-edilir\/","name":"\u0130mi\u015flid\u0259 m\u0259kt\u0259b direktoru \u015fagirdl\u0259ri cinsi q\u0131snamaya m\u0259ruz qoymaqda ittiham edilir - MEYDAN.TV","isPartOf":{"@id":"https:\/\/www.meydan.tv\/az\/#website"},"primaryImageOfPage":{"@id":"https:\/\/www.meydan.tv\/az\/article\/imislide-mekteb-direktoru-sagirdleri-cinsi-qisnamaya-meruz-qoymaqda-ittiham-edilir\/#primaryimage"},"image":{"@id":"https:\/\/www.meydan.tv\/az\/article\/imislide-mekteb-direktoru-sagirdleri-cinsi-qisnamaya-meruz-qoymaqda-ittiham-edilir\/#primaryimage"},"thumbnailUrl":"https:\/\/www.meydan.tv\/wp-content\/uploads\/screenshot-2023-09-11-at-15.43.41.png","datePublished":"2023-09-11T14:49:48+00:00","dateModified":"2023-09-11T14:49:50+00:00","breadcrumb":{"@id":"https:\/\/www.meydan.tv\/az\/article\/imislide-mekteb-direktoru-sagirdleri-cinsi-qisnamaya-meruz-qoymaqda-ittiham-edilir\/#breadcrumb"},"inLanguage":"az","potentialAction":[{"@type":"ReadAction","target":["https:\/\/www.meydan.tv\/az\/article\/imislide-mekteb-direktoru-sagirdleri-cinsi-qisnamaya-meruz-qoymaqda-ittiham-edilir\/"]}]},{"@type":"ImageObject","inLanguage":"az","@id":"https:\/\/www.meydan.tv\/az\/article\/imislide-mekteb-direktoru-sagirdleri-cinsi-qisnamaya-meruz-qoymaqda-ittiham-edilir\/#primaryimage","url":"https:\/\/www.meydan.tv\/wp-content\/uploads\/screenshot-2023-09-11-at-15.43.41.png","contentUrl":"https:\/\/www.meydan.tv\/wp-content\/uploads\/screenshot-2023-09-11-at-15.43.41.png","width":2404,"height":1370},{"@type":"BreadcrumbList","@id":"https:\/\/www.meydan.tv\/az\/article\/imislide-mekteb-direktoru-sagirdleri-cinsi-qisnamaya-meruz-qoymaqda-ittiham-edilir\/#breadcrumb","itemListElement":[{"@type":"ListItem","position":1,"name":"Ana s\u0259hif\u0259","item":"https:\/\/www.meydan.tv\/az\/"},{"@type":"ListItem","position":2,"name":"Video","item":"https:\/\/www.meydan.tv\/az\/section\/video-2\/"},{"@type":"ListItem","position":3,"name":"\u0130mi\u015flid\u0259 m\u0259kt\u0259b direktoru \u015fagirdl\u0259ri cinsi q\u0131snamaya m\u0259ruz qoymaqda ittiham edilir"}]},{"@type":"WebSite","@id":"https:\/\/www.meydan.tv\/az\/#website","url":"https:\/\/www.meydan.tv\/az\/","name":"MEYDAN.TV","description":"Meydan TV Az\u0259rbaycan\u0131n media m\u0259kan\u0131ndak\u0131 alternativ s\u0259sidir","publisher":{"@id":"https:\/\/www.meydan.tv\/az\/#organization"},"potentialAction":[{"@type":"SearchAction","target":{"@type":"EntryPoint","urlTemplate":"https:\/\/www.meydan.tv\/az\/?s={search_term_string}"},"query-input":{"@type":"PropertyValueSpecification","valueRequired":true,"valueName":"search_term_string"}}],"inLanguage":"az"},{"@type":"Organization","@id":"https:\/\/www.meydan.tv\/az\/#organization","name":"Meydan TV","url":"https:\/\/www.meydan.tv\/az\/","logo":{"@type":"ImageObject","inLanguage":"az","@id":"https:\/\/www.meydan.tv\/az\/#\/schema\/logo\/image\/","url":"https:\/\/www.meydan.tv\/wp-content\/uploads\/2021\/07\/meydan-logo.svg","contentUrl":"https:\/\/www.meydan.tv\/wp-content\/uploads\/2021\/07\/meydan-logo.svg","width":195,"height":46,"caption":"Meydan TV"},"image":{"@id":"https:\/\/www.meydan.tv\/az\/#\/schema\/logo\/image\/"}},{"@type":"Person","@id":"https:\/\/www.meydan.tv\/az\/#\/schema\/person\/476e9360e593fa131d5d71d51866f8da","name":"aleks"}]}},"_links":{"self":[{"href":"https:\/\/www.meydan.tv\/az\/wp-json\/wp\/v2\/posts\/284511","targetHints":{"allow":["GET"]}}],"collection":[{"href":"https:\/\/www.meydan.tv\/az\/wp-json\/wp\/v2\/posts"}],"about":[{"href":"https:\/\/www.meydan.tv\/az\/wp-json\/wp\/v2\/types\/post"}],"author":[{"embeddable":true,"href":"https:\/\/www.meydan.tv\/az\/wp-json\/wp\/v2\/users\/12"}],"replies":[{"embeddable":true,"href":"https:\/\/www.meydan.tv\/az\/wp-json\/wp\/v2\/comments?post=284511"}],"version-history":[{"count":1,"href":"https:\/\/www.meydan.tv\/az\/wp-json\/wp\/v2\/posts\/284511\/revisions"}],"predecessor-version":[{"id":284515,"href":"https:\/\/www.meydan.tv\/az\/wp-json\/wp\/v2\/posts\/284511\/revisions\/284515"}],"wp:featuredmedia":[{"embeddable":true,"href":"https:\/\/www.meydan.tv\/az\/wp-json\/wp\/v2\/media\/284512"}],"wp:attachment":[{"href":"https:\/\/www.meydan.tv\/az\/wp-json\/wp\/v2\/media?parent=284511"}],"wp:term":[{"taxonomy":"category","embeddable":true,"href":"https:\/\/www.meydan.tv\/az\/wp-json\/wp\/v2\/categories?post=284511"},{"taxonomy":"post_tag","embeddable":true,"href":"https:\/\/www.meydan.tv\/az\/wp-json\/wp\/v2\/tags?post=284511"}],"curies":[{"name":"wp","href":"https:\/\/api.w.org\/{rel}","templated":true}]}}