{"id":284500,"date":"2023-09-11T18:08:07","date_gmt":"2023-09-11T14:08:07","guid":{"rendered":"https:\/\/www.meydan.tv\/?p=284500"},"modified":"2023-09-11T18:20:41","modified_gmt":"2023-09-11T14:20:41","slug":"dolu-zaqatalada-evleri-yararsiz-hala-salib","status":"publish","type":"post","link":"https:\/\/www.meydan.tv\/az\/article\/dolu-zaqatalada-evleri-yararsiz-hala-salib\/","title":{"rendered":"Dolu Zaqatalada\u00a0 evl\u0259ri yarars\u0131z hala sal\u0131b"},"content":{"rendered":"\n<figure class=\"wp-block-embed is-type-video is-provider-youtube wp-block-embed-youtube wp-embed-aspect-16-9 wp-has-aspect-ratio\"><div class=\"wp-block-embed__wrapper\">\n<iframe title=\"Zaqatalaya dolu d\u00fc\u015fd\u00fc, sakinl\u0259r evsiz qald\u0131\" width=\"1200\" height=\"675\" data-src=\"https:\/\/www.youtube.com\/embed\/h_hDGeSYDI0?feature=oembed\" frameborder=\"0\" allow=\"accelerometer; autoplay; clipboard-write; encrypted-media; gyroscope; picture-in-picture; web-share\" allowfullscreen src=\"data:image\/svg+xml;base64,PHN2ZyB3aWR0aD0iMSIgaGVpZ2h0PSIxIiB4bWxucz0iaHR0cDovL3d3dy53My5vcmcvMjAwMC9zdmciPjwvc3ZnPg==\" class=\"lazyload\" data-load-mode=\"1\"><\/iframe>\n<\/div><\/figure>\n\n\n\n<p><em><strong>\u201c\u00c7\u0259tirl\u0259 giririk ev\u0259\u201d<\/strong><\/em><\/p>\n\n\n\n<p>Zaqatalaya ya\u011fan dolu Mina \u018fliyevan\u0131n evini ya\u015fanmaz hala sal\u0131b. \u00d6z\u00fc il\u0259 yana\u015f\u0131 qohumlar\u0131n\u0131n evi d\u0259 z\u0259r\u0259r g\u00f6rd\u00fcy\u00fcnd\u0259n qon\u015fularda gec\u0259l\u0259yir.<\/p>\n\n\n\n<p>Sentyabr\u0131n 6-da ya\u011fan dolu Zaqatalan\u0131n bir \u00e7ox q\u0259s\u0259b\u0259l\u0259ri kimi Q\u0259bizd\u0259r\u0259 k\u0259ndin\u0259 d\u0259 z\u0259r\u0259r vurub. Evl\u0259rin dam\u0131 de\u015filib, t\u0259s\u0259rr\u00fcfat m\u0259hv olub, \u0259kin sah\u0259l\u0259ri yarars\u0131z hala d\u00fc\u015f\u00fcb.<\/p>\n\n\n\n<p><em>\u201cEvl\u0259ri d\u0259 g\u00f6r\u00fcrs\u0259n bu v\u0259ziyy\u0259td\u0259dir. H\u0259l\u0259 indi ya\u011f\u0131\u015f dayan\u0131b. \u00c7\u0259tirl\u0259 giririk ev\u0259. O biri qarda\u015f\u0131m\u0131n evi d\u0259 el\u0259dir. Ev\u0259 ayaqqab\u0131yla girirl\u0259r. Art\u0131q d\u00f6rd\u00fcnc\u00fc g\u00fcnd\u00fcr, deyirl\u0259r \u201cs\u0259birli olun\u201d. H\u0259, biz d\u0259 s\u0259birl\u0259 g\u00f6zl\u0259yirdik, h\u0259l\u0259 d\u0259 g\u00f6zl\u0259yirik. Bu ev \u00fc\u00e7\u00fcn, qarda\u015f\u0131m \u00fc\u00e7\u00fcn he\u00e7 bir k\u00f6m\u0259klik yoxdu. Evimin dam\u0131 pis g\u00fcnd\u0259dir. Amma evd\u0259 su yoxdu, ham\u0131m\u0131z bir yer\u0259 y\u0131\u011f\u0131\u015fm\u0131\u015f\u0131q. \u00dc\u00e7 d\u0259n\u0259 \u00e7ad\u0131r dedik, dedil\u0259r \u201cF\u00f6vq\u0259lad\u0259d\u0259n g\u0259l\u0259c\u0259kl\u0259r\u201d. O da olmad\u0131. Qalm\u0131\u015f\u0131q bel\u0259. 4-5 ail\u0259 bir ota\u011fa y\u0131\u011f\u0131\u015fm\u0131\u015f\u0131q\u201d<\/em>, &#8211; deyir Mina \u018fliyeva.<\/p>\n\n\n\n<p>Q\u0259bizd\u0259r\u0259d\u0259 ya\u015fayan Fatimat Antonova deyir ki, t\u0259bii f\u0259lak\u0259td\u0259n \u00fc\u00e7 g\u00fcn ke\u00e7m\u0259sin\u0259 baxmayaraq, aidiyyati qurumlardan kims\u0259 onlarla g\u00f6r\u00fc\u015fm\u0259yib:<\/p>\n\n\n\n<p><em>\u201cEvd\u0259 v\u0259ziyy\u0259t nec\u0259 olur? S\u0259h\u0259r\u0259 kimi \u00e7ardaqda yat\u0131b yolda\u015f\u0131m. B\u00fct\u00fcn l\u0259y\u0259nl\u0259ri doldurub \u00e7\u00f6l\u0259 at\u0131r\u0131q. B\u00fct\u00fcn dam \u0259ld\u0259n gedib, h\u0259r \u015fey.<\/em><\/p>\n\n\n\n<p><em>He\u00e7 kim maraqlanmay\u0131b biziml\u0259. \u00c7ardaqda oturmaq olarm\u0131 h\u0259mi\u015f\u0259? H\u0259r g\u00fcn d\u0259 ya\u011f\u0131\u015f ya\u011f\u0131r. Bundan sonra bir h\u0259ft\u0259 d\u0259 ya\u011f\u0131\u015f ya\u011facaq\u201d.<\/em><\/p>\n\n\n\n<p>Z\u0259r\u0259r\u00e7\u0259k\u0259n M\u0259h\u0259mm\u0259d \u018fliyev h\u00f6kum\u0259td\u0259n yard\u0131m ist\u0259yir. O, d\u0259ymi\u015f ziyan\u0131n he\u00e7 olmasa bir qismini qar\u015f\u0131lanmas\u0131n\u0131 arzulay\u0131r:<\/p>\n\n\n\n<p><em>\u201cB\u00fct\u00fcn yeri \u201cklyonkayla\u201d \u00f6rtm\u00fc\u015f\u0259m. H\u0259r yer \u201cklyonka\u201dd\u0131. 25 vedr\u0259 su atm\u0131\u015fam buradan.<\/em><\/p>\n\n\n\n<p><em>B\u00fct\u00fcn \u015fiferl\u0259r q\u0131r\u0131ld\u0131. T\u00f6vl\u0259d\u0259, \u00e7ardaqda h\u0259r \u015fey q\u0131r\u0131ld\u0131. Ne\u00e7\u0259 g\u00fcnd\u00fcr biz suyun i\u00e7ind\u0259yik. Bel\u0259 v\u0259ziyy\u0259td\u0259yik\u2026 K\u0259nardan da k\u00f6m\u0259k yoxdu. \u0130mkan\u0131m\u0131z yoxdu, \u00e7ox pis v\u0259ziyy\u0259td\u0259yik. M\u0259n d\u0259 t\u0259qa\u00fcd\u00e7\u00fc adamam. N\u0259 olacaq? M\u0259nd\u0259 t\u0259qa\u00fcdd\u0259n ba\u015fqa he\u00e7 n\u0259 yoxdur\u201d.<\/em><\/p>\n\n\n\n<p>Zaqatalan\u0131n bir ne\u00e7\u0259 k\u0259ndin\u0259 i\u015f\u0131q v\u0259 qaz\u0131n verilm\u0259si dayand\u0131r\u0131l\u0131b. Sakinl\u0259r evl\u0259rinin t\u0259mir olunmas\u0131n\u0131 v\u0259 tezlikl\u0259 normal h\u0259yat \u015f\u0259raitin\u0259 qay\u0131tmalar\u0131n\u0131 ist\u0259yirl\u0259r.<\/p>\n\n\n\n<p>Meydan TV Zaqatala Rayon \u0130cra Hakimiyy\u0259tind\u0259n m\u00fcnasib\u0259t \u00f6yr\u0259n\u0259 bilm\u0259yib.<\/p>\n","protected":false},"excerpt":{"rendered":"<p>\u201c\u00c7\u0259tirl\u0259 giririk ev\u0259\u201d Zaqatalaya ya\u011fan dolu Mina \u018fliyevan\u0131n evini ya\u015fanmaz &#8230; <\/p>\n<p class=\"read-more-container\"><a title=\"Dolu Zaqatalada\u00a0 evl\u0259ri yarars\u0131z hala sal\u0131b\" class=\"read-more button\" href=\"https:\/\/www.meydan.tv\/az\/article\/dolu-zaqatalada-evleri-yararsiz-hala-salib\/#more-284500\" aria-label=\"Read more about Dolu Zaqatalada\u00a0 evl\u0259ri yarars\u0131z hala sal\u0131b\">Davam\u0131<\/a><\/p>\n","protected":false},"author":12,"featured_media":284501,"comment_status":"closed","ping_status":"closed","sticky":false,"template":"","format":"standard","meta":{"_acf_changed":false,"_sitemap_exclude":false,"_sitemap_priority":"","_sitemap_frequency":"","footnotes":""},"categories":[60,63],"tags":[],"class_list":["post-284500","post","type-post","status-publish","format-standard","has-post-thumbnail","hentry","category-bolge","category-video-2","infinite-scroll-item","generate-columns","tablet-grid-50","mobile-grid-100","grid-parent","grid-33","no-featured-image-padding"],"acf":[],"yoast_head":"<!-- This site is optimized with the Yoast SEO plugin v27.4 - https:\/\/yoast.com\/product\/yoast-seo-wordpress\/ -->\n<title>Dolu Zaqatalada\u00a0 evl\u0259ri yarars\u0131z hala sal\u0131b - MEYDAN.TV<\/title>\n<meta name=\"robots\" content=\"index, follow, max-snippet:-1, max-image-preview:large, max-video-preview:-1\" \/>\n<link rel=\"canonical\" href=\"https:\/\/www.meydan.tv\/az\/article\/dolu-zaqatalada-evleri-yararsiz-hala-salib\/\" \/>\n<meta property=\"og:locale\" content=\"az_AZ\" \/>\n<meta property=\"og:type\" content=\"article\" \/>\n<meta property=\"og:title\" content=\"Dolu Zaqatalada\u00a0 evl\u0259ri yarars\u0131z hala sal\u0131b - MEYDAN.TV\" \/>\n<meta property=\"og:description\" content=\"\u201c\u00c7\u0259tirl\u0259 giririk ev\u0259\u201d Zaqatalaya ya\u011fan dolu Mina \u018fliyevan\u0131n evini ya\u015fanmaz ... Davam\u0131\" \/>\n<meta property=\"og:url\" content=\"https:\/\/www.meydan.tv\/az\/article\/dolu-zaqatalada-evleri-yararsiz-hala-salib\/\" \/>\n<meta property=\"og:site_name\" content=\"MEYDAN.TV\" \/>\n<meta property=\"article:published_time\" content=\"2023-09-11T14:08:07+00:00\" \/>\n<meta property=\"article:modified_time\" content=\"2023-09-11T14:20:41+00:00\" \/>\n<meta property=\"og:image\" content=\"https:\/\/www.meydan.tv\/wp-content\/uploads\/screenshot-2023-09-11-at-15.18.48.png\" \/>\n\t<meta property=\"og:image:width\" content=\"1776\" \/>\n\t<meta property=\"og:image:height\" content=\"952\" \/>\n\t<meta property=\"og:image:type\" content=\"image\/png\" \/>\n<meta name=\"author\" content=\"aleks\" \/>\n<meta name=\"twitter:card\" content=\"summary_large_image\" \/>\n<script type=\"application\/ld+json\" class=\"yoast-schema-graph\">{\"@context\":\"https:\\\/\\\/schema.org\",\"@graph\":[{\"@type\":\"Article\",\"@id\":\"https:\\\/\\\/www.meydan.tv\\\/az\\\/article\\\/dolu-zaqatalada-evleri-yararsiz-hala-salib\\\/#article\",\"isPartOf\":{\"@id\":\"https:\\\/\\\/www.meydan.tv\\\/az\\\/article\\\/dolu-zaqatalada-evleri-yararsiz-hala-salib\\\/\"},\"author\":{\"name\":\"aleks\",\"@id\":\"https:\\\/\\\/www.meydan.tv\\\/az\\\/#\\\/schema\\\/person\\\/476e9360e593fa131d5d71d51866f8da\"},\"headline\":\"Dolu Zaqatalada\u00a0 evl\u0259ri yarars\u0131z hala sal\u0131b\",\"datePublished\":\"2023-09-11T14:08:07+00:00\",\"dateModified\":\"2023-09-11T14:20:41+00:00\",\"mainEntityOfPage\":{\"@id\":\"https:\\\/\\\/www.meydan.tv\\\/az\\\/article\\\/dolu-zaqatalada-evleri-yararsiz-hala-salib\\\/\"},\"wordCount\":489,\"publisher\":{\"@id\":\"https:\\\/\\\/www.meydan.tv\\\/az\\\/#organization\"},\"image\":{\"@id\":\"https:\\\/\\\/www.meydan.tv\\\/az\\\/article\\\/dolu-zaqatalada-evleri-yararsiz-hala-salib\\\/#primaryimage\"},\"thumbnailUrl\":\"https:\\\/\\\/www.meydan.tv\\\/wp-content\\\/uploads\\\/screenshot-2023-09-11-at-15.18.48.png\",\"articleSection\":[\"B\u00f6lg\u0259\",\"Video\"],\"inLanguage\":\"az\"},{\"@type\":\"WebPage\",\"@id\":\"https:\\\/\\\/www.meydan.tv\\\/az\\\/article\\\/dolu-zaqatalada-evleri-yararsiz-hala-salib\\\/\",\"url\":\"https:\\\/\\\/www.meydan.tv\\\/az\\\/article\\\/dolu-zaqatalada-evleri-yararsiz-hala-salib\\\/\",\"name\":\"Dolu Zaqatalada\u00a0 evl\u0259ri yarars\u0131z hala sal\u0131b - MEYDAN.TV\",\"isPartOf\":{\"@id\":\"https:\\\/\\\/www.meydan.tv\\\/az\\\/#website\"},\"primaryImageOfPage\":{\"@id\":\"https:\\\/\\\/www.meydan.tv\\\/az\\\/article\\\/dolu-zaqatalada-evleri-yararsiz-hala-salib\\\/#primaryimage\"},\"image\":{\"@id\":\"https:\\\/\\\/www.meydan.tv\\\/az\\\/article\\\/dolu-zaqatalada-evleri-yararsiz-hala-salib\\\/#primaryimage\"},\"thumbnailUrl\":\"https:\\\/\\\/www.meydan.tv\\\/wp-content\\\/uploads\\\/screenshot-2023-09-11-at-15.18.48.png\",\"datePublished\":\"2023-09-11T14:08:07+00:00\",\"dateModified\":\"2023-09-11T14:20:41+00:00\",\"breadcrumb\":{\"@id\":\"https:\\\/\\\/www.meydan.tv\\\/az\\\/article\\\/dolu-zaqatalada-evleri-yararsiz-hala-salib\\\/#breadcrumb\"},\"inLanguage\":\"az\",\"potentialAction\":[{\"@type\":\"ReadAction\",\"target\":[\"https:\\\/\\\/www.meydan.tv\\\/az\\\/article\\\/dolu-zaqatalada-evleri-yararsiz-hala-salib\\\/\"]}]},{\"@type\":\"ImageObject\",\"inLanguage\":\"az\",\"@id\":\"https:\\\/\\\/www.meydan.tv\\\/az\\\/article\\\/dolu-zaqatalada-evleri-yararsiz-hala-salib\\\/#primaryimage\",\"url\":\"https:\\\/\\\/www.meydan.tv\\\/wp-content\\\/uploads\\\/screenshot-2023-09-11-at-15.18.48.png\",\"contentUrl\":\"https:\\\/\\\/www.meydan.tv\\\/wp-content\\\/uploads\\\/screenshot-2023-09-11-at-15.18.48.png\",\"width\":1776,\"height\":952},{\"@type\":\"BreadcrumbList\",\"@id\":\"https:\\\/\\\/www.meydan.tv\\\/az\\\/article\\\/dolu-zaqatalada-evleri-yararsiz-hala-salib\\\/#breadcrumb\",\"itemListElement\":[{\"@type\":\"ListItem\",\"position\":1,\"name\":\"Ana s\u0259hif\u0259\",\"item\":\"https:\\\/\\\/www.meydan.tv\\\/az\\\/\"},{\"@type\":\"ListItem\",\"position\":2,\"name\":\"Video\",\"item\":\"https:\\\/\\\/www.meydan.tv\\\/az\\\/section\\\/video-2\\\/\"},{\"@type\":\"ListItem\",\"position\":3,\"name\":\"Dolu Zaqatalada\u00a0 evl\u0259ri yarars\u0131z hala sal\u0131b\"}]},{\"@type\":\"WebSite\",\"@id\":\"https:\\\/\\\/www.meydan.tv\\\/az\\\/#website\",\"url\":\"https:\\\/\\\/www.meydan.tv\\\/az\\\/\",\"name\":\"MEYDAN.TV\",\"description\":\"Meydan TV Az\u0259rbaycan\u0131n media m\u0259kan\u0131ndak\u0131 alternativ s\u0259sidir\",\"publisher\":{\"@id\":\"https:\\\/\\\/www.meydan.tv\\\/az\\\/#organization\"},\"potentialAction\":[{\"@type\":\"SearchAction\",\"target\":{\"@type\":\"EntryPoint\",\"urlTemplate\":\"https:\\\/\\\/www.meydan.tv\\\/az\\\/?s={search_term_string}\"},\"query-input\":{\"@type\":\"PropertyValueSpecification\",\"valueRequired\":true,\"valueName\":\"search_term_string\"}}],\"inLanguage\":\"az\"},{\"@type\":\"Organization\",\"@id\":\"https:\\\/\\\/www.meydan.tv\\\/az\\\/#organization\",\"name\":\"Meydan TV\",\"url\":\"https:\\\/\\\/www.meydan.tv\\\/az\\\/\",\"logo\":{\"@type\":\"ImageObject\",\"inLanguage\":\"az\",\"@id\":\"https:\\\/\\\/www.meydan.tv\\\/az\\\/#\\\/schema\\\/logo\\\/image\\\/\",\"url\":\"https:\\\/\\\/www.meydan.tv\\\/wp-content\\\/uploads\\\/2021\\\/07\\\/meydan-logo.svg\",\"contentUrl\":\"https:\\\/\\\/www.meydan.tv\\\/wp-content\\\/uploads\\\/2021\\\/07\\\/meydan-logo.svg\",\"width\":195,\"height\":46,\"caption\":\"Meydan TV\"},\"image\":{\"@id\":\"https:\\\/\\\/www.meydan.tv\\\/az\\\/#\\\/schema\\\/logo\\\/image\\\/\"}},{\"@type\":\"Person\",\"@id\":\"https:\\\/\\\/www.meydan.tv\\\/az\\\/#\\\/schema\\\/person\\\/476e9360e593fa131d5d71d51866f8da\",\"name\":\"aleks\"}]}<\/script>\n<!-- \/ Yoast SEO plugin. -->","yoast_head_json":{"title":"Dolu Zaqatalada\u00a0 evl\u0259ri yarars\u0131z hala sal\u0131b - MEYDAN.TV","robots":{"index":"index","follow":"follow","max-snippet":"max-snippet:-1","max-image-preview":"max-image-preview:large","max-video-preview":"max-video-preview:-1"},"canonical":"https:\/\/www.meydan.tv\/az\/article\/dolu-zaqatalada-evleri-yararsiz-hala-salib\/","og_locale":"az_AZ","og_type":"article","og_title":"Dolu Zaqatalada\u00a0 evl\u0259ri yarars\u0131z hala sal\u0131b - MEYDAN.TV","og_description":"\u201c\u00c7\u0259tirl\u0259 giririk ev\u0259\u201d Zaqatalaya ya\u011fan dolu Mina \u018fliyevan\u0131n evini ya\u015fanmaz ... Davam\u0131","og_url":"https:\/\/www.meydan.tv\/az\/article\/dolu-zaqatalada-evleri-yararsiz-hala-salib\/","og_site_name":"MEYDAN.TV","article_published_time":"2023-09-11T14:08:07+00:00","article_modified_time":"2023-09-11T14:20:41+00:00","og_image":[{"width":1776,"height":952,"url":"https:\/\/www.meydan.tv\/wp-content\/uploads\/screenshot-2023-09-11-at-15.18.48.png","type":"image\/png"}],"author":"aleks","twitter_card":"summary_large_image","schema":{"@context":"https:\/\/schema.org","@graph":[{"@type":"Article","@id":"https:\/\/www.meydan.tv\/az\/article\/dolu-zaqatalada-evleri-yararsiz-hala-salib\/#article","isPartOf":{"@id":"https:\/\/www.meydan.tv\/az\/article\/dolu-zaqatalada-evleri-yararsiz-hala-salib\/"},"author":{"name":"aleks","@id":"https:\/\/www.meydan.tv\/az\/#\/schema\/person\/476e9360e593fa131d5d71d51866f8da"},"headline":"Dolu Zaqatalada\u00a0 evl\u0259ri yarars\u0131z hala sal\u0131b","datePublished":"2023-09-11T14:08:07+00:00","dateModified":"2023-09-11T14:20:41+00:00","mainEntityOfPage":{"@id":"https:\/\/www.meydan.tv\/az\/article\/dolu-zaqatalada-evleri-yararsiz-hala-salib\/"},"wordCount":489,"publisher":{"@id":"https:\/\/www.meydan.tv\/az\/#organization"},"image":{"@id":"https:\/\/www.meydan.tv\/az\/article\/dolu-zaqatalada-evleri-yararsiz-hala-salib\/#primaryimage"},"thumbnailUrl":"https:\/\/www.meydan.tv\/wp-content\/uploads\/screenshot-2023-09-11-at-15.18.48.png","articleSection":["B\u00f6lg\u0259","Video"],"inLanguage":"az"},{"@type":"WebPage","@id":"https:\/\/www.meydan.tv\/az\/article\/dolu-zaqatalada-evleri-yararsiz-hala-salib\/","url":"https:\/\/www.meydan.tv\/az\/article\/dolu-zaqatalada-evleri-yararsiz-hala-salib\/","name":"Dolu Zaqatalada\u00a0 evl\u0259ri yarars\u0131z hala sal\u0131b - MEYDAN.TV","isPartOf":{"@id":"https:\/\/www.meydan.tv\/az\/#website"},"primaryImageOfPage":{"@id":"https:\/\/www.meydan.tv\/az\/article\/dolu-zaqatalada-evleri-yararsiz-hala-salib\/#primaryimage"},"image":{"@id":"https:\/\/www.meydan.tv\/az\/article\/dolu-zaqatalada-evleri-yararsiz-hala-salib\/#primaryimage"},"thumbnailUrl":"https:\/\/www.meydan.tv\/wp-content\/uploads\/screenshot-2023-09-11-at-15.18.48.png","datePublished":"2023-09-11T14:08:07+00:00","dateModified":"2023-09-11T14:20:41+00:00","breadcrumb":{"@id":"https:\/\/www.meydan.tv\/az\/article\/dolu-zaqatalada-evleri-yararsiz-hala-salib\/#breadcrumb"},"inLanguage":"az","potentialAction":[{"@type":"ReadAction","target":["https:\/\/www.meydan.tv\/az\/article\/dolu-zaqatalada-evleri-yararsiz-hala-salib\/"]}]},{"@type":"ImageObject","inLanguage":"az","@id":"https:\/\/www.meydan.tv\/az\/article\/dolu-zaqatalada-evleri-yararsiz-hala-salib\/#primaryimage","url":"https:\/\/www.meydan.tv\/wp-content\/uploads\/screenshot-2023-09-11-at-15.18.48.png","contentUrl":"https:\/\/www.meydan.tv\/wp-content\/uploads\/screenshot-2023-09-11-at-15.18.48.png","width":1776,"height":952},{"@type":"BreadcrumbList","@id":"https:\/\/www.meydan.tv\/az\/article\/dolu-zaqatalada-evleri-yararsiz-hala-salib\/#breadcrumb","itemListElement":[{"@type":"ListItem","position":1,"name":"Ana s\u0259hif\u0259","item":"https:\/\/www.meydan.tv\/az\/"},{"@type":"ListItem","position":2,"name":"Video","item":"https:\/\/www.meydan.tv\/az\/section\/video-2\/"},{"@type":"ListItem","position":3,"name":"Dolu Zaqatalada\u00a0 evl\u0259ri yarars\u0131z hala sal\u0131b"}]},{"@type":"WebSite","@id":"https:\/\/www.meydan.tv\/az\/#website","url":"https:\/\/www.meydan.tv\/az\/","name":"MEYDAN.TV","description":"Meydan TV Az\u0259rbaycan\u0131n media m\u0259kan\u0131ndak\u0131 alternativ s\u0259sidir","publisher":{"@id":"https:\/\/www.meydan.tv\/az\/#organization"},"potentialAction":[{"@type":"SearchAction","target":{"@type":"EntryPoint","urlTemplate":"https:\/\/www.meydan.tv\/az\/?s={search_term_string}"},"query-input":{"@type":"PropertyValueSpecification","valueRequired":true,"valueName":"search_term_string"}}],"inLanguage":"az"},{"@type":"Organization","@id":"https:\/\/www.meydan.tv\/az\/#organization","name":"Meydan TV","url":"https:\/\/www.meydan.tv\/az\/","logo":{"@type":"ImageObject","inLanguage":"az","@id":"https:\/\/www.meydan.tv\/az\/#\/schema\/logo\/image\/","url":"https:\/\/www.meydan.tv\/wp-content\/uploads\/2021\/07\/meydan-logo.svg","contentUrl":"https:\/\/www.meydan.tv\/wp-content\/uploads\/2021\/07\/meydan-logo.svg","width":195,"height":46,"caption":"Meydan TV"},"image":{"@id":"https:\/\/www.meydan.tv\/az\/#\/schema\/logo\/image\/"}},{"@type":"Person","@id":"https:\/\/www.meydan.tv\/az\/#\/schema\/person\/476e9360e593fa131d5d71d51866f8da","name":"aleks"}]}},"_links":{"self":[{"href":"https:\/\/www.meydan.tv\/az\/wp-json\/wp\/v2\/posts\/284500","targetHints":{"allow":["GET"]}}],"collection":[{"href":"https:\/\/www.meydan.tv\/az\/wp-json\/wp\/v2\/posts"}],"about":[{"href":"https:\/\/www.meydan.tv\/az\/wp-json\/wp\/v2\/types\/post"}],"author":[{"embeddable":true,"href":"https:\/\/www.meydan.tv\/az\/wp-json\/wp\/v2\/users\/12"}],"replies":[{"embeddable":true,"href":"https:\/\/www.meydan.tv\/az\/wp-json\/wp\/v2\/comments?post=284500"}],"version-history":[{"count":3,"href":"https:\/\/www.meydan.tv\/az\/wp-json\/wp\/v2\/posts\/284500\/revisions"}],"predecessor-version":[{"id":284506,"href":"https:\/\/www.meydan.tv\/az\/wp-json\/wp\/v2\/posts\/284500\/revisions\/284506"}],"wp:featuredmedia":[{"embeddable":true,"href":"https:\/\/www.meydan.tv\/az\/wp-json\/wp\/v2\/media\/284501"}],"wp:attachment":[{"href":"https:\/\/www.meydan.tv\/az\/wp-json\/wp\/v2\/media?parent=284500"}],"wp:term":[{"taxonomy":"category","embeddable":true,"href":"https:\/\/www.meydan.tv\/az\/wp-json\/wp\/v2\/categories?post=284500"},{"taxonomy":"post_tag","embeddable":true,"href":"https:\/\/www.meydan.tv\/az\/wp-json\/wp\/v2\/tags?post=284500"}],"curies":[{"name":"wp","href":"https:\/\/api.w.org\/{rel}","templated":true}]}}