{"id":284384,"date":"2023-09-10T13:26:34","date_gmt":"2023-09-10T09:26:34","guid":{"rendered":"https:\/\/www.meydan.tv\/?p=284384"},"modified":"2023-09-10T13:26:36","modified_gmt":"2023-09-10T09:26:36","slug":"ivanovkada-ne-bas-verir","status":"publish","type":"post","link":"https:\/\/www.meydan.tv\/az\/article\/ivanovkada-ne-bas-verir\/","title":{"rendered":"\u0130vanovkada n\u0259 ba\u015f verir?"},"content":{"rendered":"\n<figure class=\"wp-block-embed is-type-video is-provider-youtube wp-block-embed-youtube wp-embed-aspect-16-9 wp-has-aspect-ratio\"><div class=\"wp-block-embed__wrapper\">\n<iframe title=\"\u0130vanovkada n\u0259 ba\u015f verir?\" width=\"1200\" height=\"675\" data-src=\"https:\/\/www.youtube.com\/embed\/xsEYUROqrVo?feature=oembed\" frameborder=\"0\" allow=\"accelerometer; autoplay; clipboard-write; encrypted-media; gyroscope; picture-in-picture; web-share\" allowfullscreen src=\"data:image\/svg+xml;base64,PHN2ZyB3aWR0aD0iMSIgaGVpZ2h0PSIxIiB4bWxucz0iaHR0cDovL3d3dy53My5vcmcvMjAwMC9zdmciPjwvc3ZnPg==\" class=\"lazyload\" data-load-mode=\"1\"><\/iframe>\n<\/div><\/figure>\n\n\n\n<p>Bo\u015f qalm\u0131\u015f \u0259razil\u0259r, z\u0259bt olundu\u011fu deyil\u0259n torpaqlar, ba\u015fl\u0131-ba\u015f\u0131na qalm\u0131\u015f \u0259kin sah\u0259l\u0259ri&#8230; Bura \u0130smay\u0131ll\u0131n\u0131n \u0130vanovka k\u0259ndidir. Sovet d\u00f6vr\u00fcnd\u0259n qalma kolxozla g\u00fcn-g\u00fczaran s\u00fcr\u0259n \u0130vanovka sakinl\u0259ri, indi kolxoza h\u00f6kum\u0259t t\u0259r\u0259find\u0259n s\u0259dr t\u0259yin olundu\u011funu v\u0259 bunun sakinl\u0259r aras\u0131nda naraz\u0131l\u0131q yaratd\u0131\u011f\u0131n\u0131 deyir. &#8220;Kolxoz s\u0259drini onsuz da t\u0259yin edirl\u0259r. Biz k\u0259nd camaat\u0131 olaraq kolxoz s\u0259drini n\u0259 se\u00e7\u0259 bilmirik, n\u0259 bir \u015fey. \u00c7\u00fcnki bunlar g\u00f6st\u0259ri\u015fl\u0259 olan \u015feydir&#8221;, &#8211; \u0130vanovka sakini Adil Cabbarov deyir. <\/p>\n\n\n\n<p>Sakinl\u0259r deyir ki, sentyabr\u0131n 7-d\u0259 \u0130cra ba\u015f\u00e7\u0131s\u0131 Nahid Ba\u011f\u0131rovun g\u00f6st\u0259ri\u015fi il\u0259 kolxoz s\u0259dri \u00f6z i\u015find\u0259n azad edilib. Daha sonra sakinl\u0259r kolxoz s\u0259drini \u00f6zl\u0259ri se\u00e7m\u0259k ist\u0259s\u0259 d\u0259, r\u0259dd cavab\u0131 al\u0131blar.K\u0259ndlil\u0259r kolxozda hesabatl\u0131l\u0131\u011f\u0131n da olmad\u0131\u011f\u0131n\u0131 deyirl\u0259r. Sakinl\u0259r \u015fikay\u0259t edir ki, k\u0259nd\u0259 k\u0259nardan investorlar c\u0259lb olunub. Pay torpaqlar\u0131 da onlara verilib. Bel\u0259c\u0259 \u0259ll\u0259rind\u0259 n\u0259 olubsa, itiribl\u0259r. <\/p>\n\n\n\n<p>El\u0259 bundan sonra da k\u0259nd sakinl\u0259rinin maddi s\u0131x\u0131nt\u0131lar\u0131 ba\u015flay\u0131b. &#8220;Niy\u0259 kiml\u0259rs\u0259 B\u0259rd\u0259d\u0259n, Zaqataladan, \u015e\u0259kid\u0259n g\u0259lib bizim torpa\u011f\u0131 \u0259kirl\u0259r. Biz ac qal\u0131r\u0131q. Gedir\u0259m u\u015faqlar\u0131m\u0131n evin\u0259. N\u0259v\u0259l\u0259r deyir ki, ay baba, yen\u0259 \u0259libo\u015f g\u0259lmis\u0259n? Deyir\u0259m ay bala, n\u0259 il\u0259 al\u0131m? Cibimd\u0259 bax, 1 manat da pul yoxdur. Kas\u0131bam. Ancaq Vidadi g\u0259lib bizim torpa\u011f\u0131m\u0131z\u0131 milyonlarla&#8230; \u0130ndi \u0130cra da deyir ki, Vidadi kolxoza nisy\u0259 benzin ver\u0259c\u0259k&#8221;,- \u0130vanovka sakini Boris Nikolayevi\u00e7 deyir. Sentyabr\u0131n 8-d\u0259 \u0130vanovka k\u0259nd m\u0259kt\u0259bind\u0259 iclas ke\u00e7irilib. Bak\u0131dan g\u0259l\u0259n n\u00fcmay\u0259nd\u0259 hey\u0259tinin i\u015ftirak\u0131yla ba\u015f tutan iclasa n\u0259 jurnalistl\u0259r, n\u0259 d\u0259 naraz\u0131 olan v\u0259t\u0259nda\u015flar burax\u0131l\u0131b. <\/p>\n\n\n\n<p>Sakinl\u0259r\u0259 bildirilib ki, durumdan naraz\u0131 olanlar \u0130smay\u0131ll\u0131 Rayon \u0130cra Hakimiyy\u0259tind\u0259 q\u0259bul edil\u0259c\u0259k. V\u0259t\u0259nda\u015flar is\u0259 bundan \u00f6nc\u0259 d\u0259f\u0259l\u0259rl\u0259 icra ba\u015f\u00e7\u0131s\u0131n\u0131n q\u0259bulunda olublar v\u0259 problem h\u0259ll edilm\u0259yib.<a href=\"https:\/\/www.youtube.com\/@MeydanTelevision\"><\/a><\/p>\n","protected":false},"excerpt":{"rendered":"<p>Bo\u015f qalm\u0131\u015f \u0259razil\u0259r, z\u0259bt olundu\u011fu deyil\u0259n torpaqlar, ba\u015fl\u0131-ba\u015f\u0131na qalm\u0131\u015f \u0259kin &#8230; <\/p>\n<p class=\"read-more-container\"><a title=\"\u0130vanovkada n\u0259 ba\u015f verir?\" class=\"read-more button\" href=\"https:\/\/www.meydan.tv\/az\/article\/ivanovkada-ne-bas-verir\/#more-284384\" aria-label=\"Read more about \u0130vanovkada n\u0259 ba\u015f verir?\">Davam\u0131<\/a><\/p>\n","protected":false},"author":12,"featured_media":284385,"comment_status":"closed","ping_status":"closed","sticky":false,"template":"","format":"standard","meta":{"_acf_changed":false,"_sitemap_exclude":false,"_sitemap_priority":"","_sitemap_frequency":"","footnotes":""},"categories":[63],"tags":[],"class_list":["post-284384","post","type-post","status-publish","format-standard","has-post-thumbnail","hentry","category-video-2","infinite-scroll-item","generate-columns","tablet-grid-50","mobile-grid-100","grid-parent","grid-33","no-featured-image-padding"],"acf":[],"yoast_head":"<!-- This site is optimized with the Yoast SEO plugin v27.5 - https:\/\/yoast.com\/product\/yoast-seo-wordpress\/ -->\n<title>\u0130vanovkada n\u0259 ba\u015f verir? - MEYDAN.TV<\/title>\n<meta name=\"robots\" content=\"index, follow, max-snippet:-1, max-image-preview:large, max-video-preview:-1\" \/>\n<link rel=\"canonical\" href=\"https:\/\/www.meydan.tv\/az\/article\/ivanovkada-ne-bas-verir\/\" \/>\n<meta property=\"og:locale\" content=\"az_AZ\" \/>\n<meta property=\"og:type\" content=\"article\" \/>\n<meta property=\"og:title\" content=\"\u0130vanovkada n\u0259 ba\u015f verir? - MEYDAN.TV\" \/>\n<meta property=\"og:description\" content=\"Bo\u015f qalm\u0131\u015f \u0259razil\u0259r, z\u0259bt olundu\u011fu deyil\u0259n torpaqlar, ba\u015fl\u0131-ba\u015f\u0131na qalm\u0131\u015f \u0259kin ... Davam\u0131\" \/>\n<meta property=\"og:url\" content=\"https:\/\/www.meydan.tv\/az\/article\/ivanovkada-ne-bas-verir\/\" \/>\n<meta property=\"og:site_name\" content=\"MEYDAN.TV\" \/>\n<meta property=\"article:published_time\" content=\"2023-09-10T09:26:34+00:00\" \/>\n<meta property=\"article:modified_time\" content=\"2023-09-10T09:26:36+00:00\" \/>\n<meta property=\"og:image\" content=\"https:\/\/www.meydan.tv\/wp-content\/uploads\/reportaj-cover-1-14.png\" \/>\n\t<meta property=\"og:image:width\" content=\"1280\" \/>\n\t<meta property=\"og:image:height\" content=\"720\" \/>\n\t<meta property=\"og:image:type\" content=\"image\/png\" \/>\n<meta name=\"author\" content=\"aleks\" \/>\n<meta name=\"twitter:card\" content=\"summary_large_image\" \/>\n<script type=\"application\/ld+json\" class=\"yoast-schema-graph\">{\"@context\":\"https:\\\/\\\/schema.org\",\"@graph\":[{\"@type\":\"Article\",\"@id\":\"https:\\\/\\\/www.meydan.tv\\\/az\\\/article\\\/ivanovkada-ne-bas-verir\\\/#article\",\"isPartOf\":{\"@id\":\"https:\\\/\\\/www.meydan.tv\\\/az\\\/article\\\/ivanovkada-ne-bas-verir\\\/\"},\"author\":{\"name\":\"aleks\",\"@id\":\"https:\\\/\\\/www.meydan.tv\\\/az\\\/#\\\/schema\\\/person\\\/476e9360e593fa131d5d71d51866f8da\"},\"headline\":\"\u0130vanovkada n\u0259 ba\u015f verir?\",\"datePublished\":\"2023-09-10T09:26:34+00:00\",\"dateModified\":\"2023-09-10T09:26:36+00:00\",\"mainEntityOfPage\":{\"@id\":\"https:\\\/\\\/www.meydan.tv\\\/az\\\/article\\\/ivanovkada-ne-bas-verir\\\/\"},\"wordCount\":391,\"publisher\":{\"@id\":\"https:\\\/\\\/www.meydan.tv\\\/az\\\/#organization\"},\"image\":{\"@id\":\"https:\\\/\\\/www.meydan.tv\\\/az\\\/article\\\/ivanovkada-ne-bas-verir\\\/#primaryimage\"},\"thumbnailUrl\":\"https:\\\/\\\/www.meydan.tv\\\/wp-content\\\/uploads\\\/reportaj-cover-1-14.png\",\"articleSection\":[\"Video\"],\"inLanguage\":\"az\"},{\"@type\":\"WebPage\",\"@id\":\"https:\\\/\\\/www.meydan.tv\\\/az\\\/article\\\/ivanovkada-ne-bas-verir\\\/\",\"url\":\"https:\\\/\\\/www.meydan.tv\\\/az\\\/article\\\/ivanovkada-ne-bas-verir\\\/\",\"name\":\"\u0130vanovkada n\u0259 ba\u015f verir? - MEYDAN.TV\",\"isPartOf\":{\"@id\":\"https:\\\/\\\/www.meydan.tv\\\/az\\\/#website\"},\"primaryImageOfPage\":{\"@id\":\"https:\\\/\\\/www.meydan.tv\\\/az\\\/article\\\/ivanovkada-ne-bas-verir\\\/#primaryimage\"},\"image\":{\"@id\":\"https:\\\/\\\/www.meydan.tv\\\/az\\\/article\\\/ivanovkada-ne-bas-verir\\\/#primaryimage\"},\"thumbnailUrl\":\"https:\\\/\\\/www.meydan.tv\\\/wp-content\\\/uploads\\\/reportaj-cover-1-14.png\",\"datePublished\":\"2023-09-10T09:26:34+00:00\",\"dateModified\":\"2023-09-10T09:26:36+00:00\",\"breadcrumb\":{\"@id\":\"https:\\\/\\\/www.meydan.tv\\\/az\\\/article\\\/ivanovkada-ne-bas-verir\\\/#breadcrumb\"},\"inLanguage\":\"az\",\"potentialAction\":[{\"@type\":\"ReadAction\",\"target\":[\"https:\\\/\\\/www.meydan.tv\\\/az\\\/article\\\/ivanovkada-ne-bas-verir\\\/\"]}]},{\"@type\":\"ImageObject\",\"inLanguage\":\"az\",\"@id\":\"https:\\\/\\\/www.meydan.tv\\\/az\\\/article\\\/ivanovkada-ne-bas-verir\\\/#primaryimage\",\"url\":\"https:\\\/\\\/www.meydan.tv\\\/wp-content\\\/uploads\\\/reportaj-cover-1-14.png\",\"contentUrl\":\"https:\\\/\\\/www.meydan.tv\\\/wp-content\\\/uploads\\\/reportaj-cover-1-14.png\",\"width\":1280,\"height\":720},{\"@type\":\"BreadcrumbList\",\"@id\":\"https:\\\/\\\/www.meydan.tv\\\/az\\\/article\\\/ivanovkada-ne-bas-verir\\\/#breadcrumb\",\"itemListElement\":[{\"@type\":\"ListItem\",\"position\":1,\"name\":\"Ana s\u0259hif\u0259\",\"item\":\"https:\\\/\\\/www.meydan.tv\\\/az\\\/\"},{\"@type\":\"ListItem\",\"position\":2,\"name\":\"Video\",\"item\":\"https:\\\/\\\/www.meydan.tv\\\/az\\\/section\\\/video-2\\\/\"},{\"@type\":\"ListItem\",\"position\":3,\"name\":\"\u0130vanovkada n\u0259 ba\u015f verir?\"}]},{\"@type\":\"WebSite\",\"@id\":\"https:\\\/\\\/www.meydan.tv\\\/az\\\/#website\",\"url\":\"https:\\\/\\\/www.meydan.tv\\\/az\\\/\",\"name\":\"MEYDAN.TV\",\"description\":\"Meydan TV Az\u0259rbaycan\u0131n media m\u0259kan\u0131ndak\u0131 alternativ s\u0259sidir\",\"publisher\":{\"@id\":\"https:\\\/\\\/www.meydan.tv\\\/az\\\/#organization\"},\"potentialAction\":[{\"@type\":\"SearchAction\",\"target\":{\"@type\":\"EntryPoint\",\"urlTemplate\":\"https:\\\/\\\/www.meydan.tv\\\/az\\\/?s={search_term_string}\"},\"query-input\":{\"@type\":\"PropertyValueSpecification\",\"valueRequired\":true,\"valueName\":\"search_term_string\"}}],\"inLanguage\":\"az\"},{\"@type\":\"Organization\",\"@id\":\"https:\\\/\\\/www.meydan.tv\\\/az\\\/#organization\",\"name\":\"Meydan TV\",\"url\":\"https:\\\/\\\/www.meydan.tv\\\/az\\\/\",\"logo\":{\"@type\":\"ImageObject\",\"inLanguage\":\"az\",\"@id\":\"https:\\\/\\\/www.meydan.tv\\\/az\\\/#\\\/schema\\\/logo\\\/image\\\/\",\"url\":\"https:\\\/\\\/www.meydan.tv\\\/wp-content\\\/uploads\\\/2021\\\/07\\\/meydan-logo.svg\",\"contentUrl\":\"https:\\\/\\\/www.meydan.tv\\\/wp-content\\\/uploads\\\/2021\\\/07\\\/meydan-logo.svg\",\"width\":195,\"height\":46,\"caption\":\"Meydan TV\"},\"image\":{\"@id\":\"https:\\\/\\\/www.meydan.tv\\\/az\\\/#\\\/schema\\\/logo\\\/image\\\/\"}},{\"@type\":\"Person\",\"@id\":\"https:\\\/\\\/www.meydan.tv\\\/az\\\/#\\\/schema\\\/person\\\/476e9360e593fa131d5d71d51866f8da\",\"name\":\"aleks\"}]}<\/script>\n<!-- \/ Yoast SEO plugin. -->","yoast_head_json":{"title":"\u0130vanovkada n\u0259 ba\u015f verir? - MEYDAN.TV","robots":{"index":"index","follow":"follow","max-snippet":"max-snippet:-1","max-image-preview":"max-image-preview:large","max-video-preview":"max-video-preview:-1"},"canonical":"https:\/\/www.meydan.tv\/az\/article\/ivanovkada-ne-bas-verir\/","og_locale":"az_AZ","og_type":"article","og_title":"\u0130vanovkada n\u0259 ba\u015f verir? - MEYDAN.TV","og_description":"Bo\u015f qalm\u0131\u015f \u0259razil\u0259r, z\u0259bt olundu\u011fu deyil\u0259n torpaqlar, ba\u015fl\u0131-ba\u015f\u0131na qalm\u0131\u015f \u0259kin ... Davam\u0131","og_url":"https:\/\/www.meydan.tv\/az\/article\/ivanovkada-ne-bas-verir\/","og_site_name":"MEYDAN.TV","article_published_time":"2023-09-10T09:26:34+00:00","article_modified_time":"2023-09-10T09:26:36+00:00","og_image":[{"width":1280,"height":720,"url":"https:\/\/www.meydan.tv\/wp-content\/uploads\/reportaj-cover-1-14.png","type":"image\/png"}],"author":"aleks","twitter_card":"summary_large_image","schema":{"@context":"https:\/\/schema.org","@graph":[{"@type":"Article","@id":"https:\/\/www.meydan.tv\/az\/article\/ivanovkada-ne-bas-verir\/#article","isPartOf":{"@id":"https:\/\/www.meydan.tv\/az\/article\/ivanovkada-ne-bas-verir\/"},"author":{"name":"aleks","@id":"https:\/\/www.meydan.tv\/az\/#\/schema\/person\/476e9360e593fa131d5d71d51866f8da"},"headline":"\u0130vanovkada n\u0259 ba\u015f verir?","datePublished":"2023-09-10T09:26:34+00:00","dateModified":"2023-09-10T09:26:36+00:00","mainEntityOfPage":{"@id":"https:\/\/www.meydan.tv\/az\/article\/ivanovkada-ne-bas-verir\/"},"wordCount":391,"publisher":{"@id":"https:\/\/www.meydan.tv\/az\/#organization"},"image":{"@id":"https:\/\/www.meydan.tv\/az\/article\/ivanovkada-ne-bas-verir\/#primaryimage"},"thumbnailUrl":"https:\/\/www.meydan.tv\/wp-content\/uploads\/reportaj-cover-1-14.png","articleSection":["Video"],"inLanguage":"az"},{"@type":"WebPage","@id":"https:\/\/www.meydan.tv\/az\/article\/ivanovkada-ne-bas-verir\/","url":"https:\/\/www.meydan.tv\/az\/article\/ivanovkada-ne-bas-verir\/","name":"\u0130vanovkada n\u0259 ba\u015f verir? - MEYDAN.TV","isPartOf":{"@id":"https:\/\/www.meydan.tv\/az\/#website"},"primaryImageOfPage":{"@id":"https:\/\/www.meydan.tv\/az\/article\/ivanovkada-ne-bas-verir\/#primaryimage"},"image":{"@id":"https:\/\/www.meydan.tv\/az\/article\/ivanovkada-ne-bas-verir\/#primaryimage"},"thumbnailUrl":"https:\/\/www.meydan.tv\/wp-content\/uploads\/reportaj-cover-1-14.png","datePublished":"2023-09-10T09:26:34+00:00","dateModified":"2023-09-10T09:26:36+00:00","breadcrumb":{"@id":"https:\/\/www.meydan.tv\/az\/article\/ivanovkada-ne-bas-verir\/#breadcrumb"},"inLanguage":"az","potentialAction":[{"@type":"ReadAction","target":["https:\/\/www.meydan.tv\/az\/article\/ivanovkada-ne-bas-verir\/"]}]},{"@type":"ImageObject","inLanguage":"az","@id":"https:\/\/www.meydan.tv\/az\/article\/ivanovkada-ne-bas-verir\/#primaryimage","url":"https:\/\/www.meydan.tv\/wp-content\/uploads\/reportaj-cover-1-14.png","contentUrl":"https:\/\/www.meydan.tv\/wp-content\/uploads\/reportaj-cover-1-14.png","width":1280,"height":720},{"@type":"BreadcrumbList","@id":"https:\/\/www.meydan.tv\/az\/article\/ivanovkada-ne-bas-verir\/#breadcrumb","itemListElement":[{"@type":"ListItem","position":1,"name":"Ana s\u0259hif\u0259","item":"https:\/\/www.meydan.tv\/az\/"},{"@type":"ListItem","position":2,"name":"Video","item":"https:\/\/www.meydan.tv\/az\/section\/video-2\/"},{"@type":"ListItem","position":3,"name":"\u0130vanovkada n\u0259 ba\u015f verir?"}]},{"@type":"WebSite","@id":"https:\/\/www.meydan.tv\/az\/#website","url":"https:\/\/www.meydan.tv\/az\/","name":"MEYDAN.TV","description":"Meydan TV Az\u0259rbaycan\u0131n media m\u0259kan\u0131ndak\u0131 alternativ s\u0259sidir","publisher":{"@id":"https:\/\/www.meydan.tv\/az\/#organization"},"potentialAction":[{"@type":"SearchAction","target":{"@type":"EntryPoint","urlTemplate":"https:\/\/www.meydan.tv\/az\/?s={search_term_string}"},"query-input":{"@type":"PropertyValueSpecification","valueRequired":true,"valueName":"search_term_string"}}],"inLanguage":"az"},{"@type":"Organization","@id":"https:\/\/www.meydan.tv\/az\/#organization","name":"Meydan TV","url":"https:\/\/www.meydan.tv\/az\/","logo":{"@type":"ImageObject","inLanguage":"az","@id":"https:\/\/www.meydan.tv\/az\/#\/schema\/logo\/image\/","url":"https:\/\/www.meydan.tv\/wp-content\/uploads\/2021\/07\/meydan-logo.svg","contentUrl":"https:\/\/www.meydan.tv\/wp-content\/uploads\/2021\/07\/meydan-logo.svg","width":195,"height":46,"caption":"Meydan TV"},"image":{"@id":"https:\/\/www.meydan.tv\/az\/#\/schema\/logo\/image\/"}},{"@type":"Person","@id":"https:\/\/www.meydan.tv\/az\/#\/schema\/person\/476e9360e593fa131d5d71d51866f8da","name":"aleks"}]}},"_links":{"self":[{"href":"https:\/\/www.meydan.tv\/az\/wp-json\/wp\/v2\/posts\/284384","targetHints":{"allow":["GET"]}}],"collection":[{"href":"https:\/\/www.meydan.tv\/az\/wp-json\/wp\/v2\/posts"}],"about":[{"href":"https:\/\/www.meydan.tv\/az\/wp-json\/wp\/v2\/types\/post"}],"author":[{"embeddable":true,"href":"https:\/\/www.meydan.tv\/az\/wp-json\/wp\/v2\/users\/12"}],"replies":[{"embeddable":true,"href":"https:\/\/www.meydan.tv\/az\/wp-json\/wp\/v2\/comments?post=284384"}],"version-history":[{"count":1,"href":"https:\/\/www.meydan.tv\/az\/wp-json\/wp\/v2\/posts\/284384\/revisions"}],"predecessor-version":[{"id":284388,"href":"https:\/\/www.meydan.tv\/az\/wp-json\/wp\/v2\/posts\/284384\/revisions\/284388"}],"wp:featuredmedia":[{"embeddable":true,"href":"https:\/\/www.meydan.tv\/az\/wp-json\/wp\/v2\/media\/284385"}],"wp:attachment":[{"href":"https:\/\/www.meydan.tv\/az\/wp-json\/wp\/v2\/media?parent=284384"}],"wp:term":[{"taxonomy":"category","embeddable":true,"href":"https:\/\/www.meydan.tv\/az\/wp-json\/wp\/v2\/categories?post=284384"},{"taxonomy":"post_tag","embeddable":true,"href":"https:\/\/www.meydan.tv\/az\/wp-json\/wp\/v2\/tags?post=284384"}],"curies":[{"name":"wp","href":"https:\/\/api.w.org\/{rel}","templated":true}]}}