{"id":284344,"date":"2023-09-09T13:27:35","date_gmt":"2023-09-09T09:27:35","guid":{"rendered":"https:\/\/www.meydan.tv\/?p=284344"},"modified":"2023-09-09T13:27:38","modified_gmt":"2023-09-09T09:27:38","slug":"merakesde-zelzele-olub-azi-632-neferin-olduyu-bildirilir","status":"publish","type":"post","link":"https:\/\/www.meydan.tv\/az\/article\/merakesde-zelzele-olub-azi-632-neferin-olduyu-bildirilir\/","title":{"rendered":"M\u0259rake\u015fd\u0259 z\u0259lz\u0259l\u0259 olub, az\u0131 632 n\u0259f\u0259rin \u00f6ld\u00fcy\u00fc bildirilir"},"content":{"rendered":"\n<p><em>Qurbanlar\u0131n \u00e7oxunun ucqar b\u00f6lg\u0259l\u0259rd\u0259 oldu\u011fu g\u00fcman edilir<\/em><\/p>\n\n\n\n<p>M\u0259rake\u015fin m\u0259rk\u0259zi hiss\u0259sind\u0259 6,8 bal g\u00fcc\u00fcnd\u0259 z\u0259lz\u0259l\u0259 ba\u015f verib.&nbsp; \u00d6lk\u0259nin Daxili \u0130\u015fl\u0259r Nazirliyinin m\u0259lumat\u0131na g\u00f6r\u0259, \u0259n az\u0131 632 n\u0259f\u0259r \u00f6l\u00fcb. Nazirlik bildirib ki, M\u0259rake\u015fd\u0259 v\u0259 c\u0259nubdak\u0131 bir ne\u00e7\u0259 b\u00f6lg\u0259d\u0259 \u00f6l\u0259nl\u0259r var.<\/p>\n\n\n\n<p>BBC AB\u015e Geoloji Xidm\u0259tin\u0259 istinad\u0259n <a href=\"https:\/\/www.bbc.com\/news\/world-africa-66759069\">yaz\u0131r<\/a> ki, yeralt\u0131 t\u0259kanlar\u0131n episentri M\u0259rake\u015fd\u0259n 71 km (44 mil) c\u0259nub-q\u0259rbd\u0259, Y\u00fcks\u0259k Atlas da\u011flar\u0131nda, oca\u011f\u0131 is\u0259 18,5 km d\u0259rinlikd\u0259 yerl\u0259\u015fib.<\/p>\n\n\n\n<p>Z\u0259lz\u0259l\u0259 c\u00fcm\u0259 g\u00fcn\u00fc yerli vaxtla saat 23:11-d\u0259 (GMT 22:11) ba\u015f verib. 19 d\u0259qiq\u0259 sonra 4,9 bal g\u00fcc\u00fcnd\u0259 z\u0259lz\u0259l\u0259 olub.<\/p>\n\n\n\n<p>Qurbanlar\u0131n \u00e7oxunun ucqar b\u00f6lg\u0259l\u0259rd\u0259 oldu\u011fu g\u00fcman edilir.<\/p>\n\n\n\n<p>Daxili \u0130\u015fl\u0259r Nazirliyi, z\u0259lz\u0259l\u0259 n\u0259tic\u0259sind\u0259 \u018fl-Hauz, M\u0259rake\u015f, Uarzazat, Azilal, \u00c7ichaoua v\u0259 Tarudant \u0259yal\u0259tl\u0259ri v\u0259 b\u0259l\u0259diyy\u0259l\u0259rind\u0259 insanlar\u0131n \u00f6ld\u00fcy\u00fcn\u00fc v\u0259 \u0259n az\u0131 329 n\u0259f\u0259rin yaraland\u0131\u011f\u0131n\u0131 bildirib.<\/p>\n\n\n\n<p>M\u0259rake\u015f h\u00f6kum\u0259ti \u015fidd\u0259tli z\u0259lz\u0259l\u0259l\u0259r zaman\u0131 evl\u0259rin\u0259 qay\u0131tmamaq bar\u0259d\u0259 x\u0259b\u0259rdarl\u0131q etdiyi \u00fc\u00e7\u00fcn bir \u00e7ox insan gec\u0259ni a\u00e7\u0131q havada ke\u00e7irib.<\/p>\n\n\n\n<p>BBC yaz\u0131r ki, M\u0259rake\u015fd\u0259ki x\u0259st\u0259xanalara yaral\u0131lar\u0131n ax\u0131n\u0131 m\u00fc\u015fahid\u0259 olunub v\u0259 s\u0259lahiyy\u0259tlil\u0259r sakinl\u0259ri qan verm\u0259y\u0259 \u00e7a\u011f\u0131r\u0131b.<\/p>\n\n\n\n<p>\u015e\u0259h\u0259rd\u0259ki evl\u0259rinin da\u011f\u0131nt\u0131lar\u0131 alt\u0131nda qalan ail\u0259l\u0259r v\u0259 YUNESKO-nun D\u00fcnya \u0130rsi Sayt\u0131 olan M\u0259din\u0259nin b\u0259zi hiss\u0259l\u0259rin\u0259 ziyan d\u0259ydiyi bar\u0259d\u0259 d\u0259 x\u0259b\u0259rl\u0259r var.<\/p>\n","protected":false},"excerpt":{"rendered":"<p>Qurbanlar\u0131n \u00e7oxunun ucqar b\u00f6lg\u0259l\u0259rd\u0259 oldu\u011fu g\u00fcman edilir M\u0259rake\u015fin m\u0259rk\u0259zi hiss\u0259sind\u0259 &#8230; <\/p>\n<p class=\"read-more-container\"><a title=\"M\u0259rake\u015fd\u0259 z\u0259lz\u0259l\u0259 olub, az\u0131 632 n\u0259f\u0259rin \u00f6ld\u00fcy\u00fc bildirilir\" class=\"read-more button\" href=\"https:\/\/www.meydan.tv\/az\/article\/merakesde-zelzele-olub-azi-632-neferin-olduyu-bildirilir\/#more-284344\" aria-label=\"Read more about M\u0259rake\u015fd\u0259 z\u0259lz\u0259l\u0259 olub, az\u0131 632 n\u0259f\u0259rin \u00f6ld\u00fcy\u00fc bildirilir\">Davam\u0131<\/a><\/p>\n","protected":false},"author":18,"featured_media":284346,"comment_status":"closed","ping_status":"closed","sticky":false,"template":"","format":"standard","meta":{"_acf_changed":false,"_sitemap_exclude":false,"_sitemap_priority":"","_sitemap_frequency":"","footnotes":""},"categories":[62,56],"tags":[],"class_list":["post-284344","post","type-post","status-publish","format-standard","has-post-thumbnail","hentry","category-sosial","category-xeberler","infinite-scroll-item","generate-columns","tablet-grid-50","mobile-grid-100","grid-parent","grid-33","no-featured-image-padding"],"acf":[],"yoast_head":"<!-- This site is optimized with the Yoast SEO plugin v27.5 - https:\/\/yoast.com\/product\/yoast-seo-wordpress\/ -->\n<title>M\u0259rake\u015fd\u0259 z\u0259lz\u0259l\u0259 olub, az\u0131 632 n\u0259f\u0259rin \u00f6ld\u00fcy\u00fc bildirilir - MEYDAN.TV<\/title>\n<meta name=\"robots\" content=\"index, follow, max-snippet:-1, max-image-preview:large, max-video-preview:-1\" \/>\n<link rel=\"canonical\" href=\"https:\/\/www.meydan.tv\/az\/article\/merakesde-zelzele-olub-azi-632-neferin-olduyu-bildirilir\/\" \/>\n<meta property=\"og:locale\" content=\"az_AZ\" \/>\n<meta property=\"og:type\" content=\"article\" \/>\n<meta property=\"og:title\" content=\"M\u0259rake\u015fd\u0259 z\u0259lz\u0259l\u0259 olub, az\u0131 632 n\u0259f\u0259rin \u00f6ld\u00fcy\u00fc bildirilir - MEYDAN.TV\" \/>\n<meta property=\"og:description\" content=\"Qurbanlar\u0131n \u00e7oxunun ucqar b\u00f6lg\u0259l\u0259rd\u0259 oldu\u011fu g\u00fcman edilir M\u0259rake\u015fin m\u0259rk\u0259zi hiss\u0259sind\u0259 ... Davam\u0131\" \/>\n<meta property=\"og:url\" content=\"https:\/\/www.meydan.tv\/az\/article\/merakesde-zelzele-olub-azi-632-neferin-olduyu-bildirilir\/\" \/>\n<meta property=\"og:site_name\" content=\"MEYDAN.TV\" \/>\n<meta property=\"article:published_time\" content=\"2023-09-09T09:27:35+00:00\" \/>\n<meta property=\"article:modified_time\" content=\"2023-09-09T09:27:38+00:00\" \/>\n<meta property=\"og:image\" content=\"https:\/\/www.meydan.tv\/wp-content\/uploads\/253mw3oxtnpxzp7lktl6e3n7ii.jpg\" \/>\n\t<meta property=\"og:image:width\" content=\"1280\" \/>\n\t<meta property=\"og:image:height\" content=\"883\" \/>\n\t<meta property=\"og:image:type\" content=\"image\/jpeg\" \/>\n<meta name=\"author\" content=\"miron\" \/>\n<meta name=\"twitter:card\" content=\"summary_large_image\" \/>\n<script type=\"application\/ld+json\" class=\"yoast-schema-graph\">{\"@context\":\"https:\\\/\\\/schema.org\",\"@graph\":[{\"@type\":\"Article\",\"@id\":\"https:\\\/\\\/www.meydan.tv\\\/az\\\/article\\\/merakesde-zelzele-olub-azi-632-neferin-olduyu-bildirilir\\\/#article\",\"isPartOf\":{\"@id\":\"https:\\\/\\\/www.meydan.tv\\\/az\\\/article\\\/merakesde-zelzele-olub-azi-632-neferin-olduyu-bildirilir\\\/\"},\"author\":{\"name\":\"miron\",\"@id\":\"https:\\\/\\\/www.meydan.tv\\\/az\\\/#\\\/schema\\\/person\\\/981b0b284aeaa9ad0cbf814cd4a9d67c\"},\"headline\":\"M\u0259rake\u015fd\u0259 z\u0259lz\u0259l\u0259 olub, az\u0131 632 n\u0259f\u0259rin \u00f6ld\u00fcy\u00fc bildirilir\",\"datePublished\":\"2023-09-09T09:27:35+00:00\",\"dateModified\":\"2023-09-09T09:27:38+00:00\",\"mainEntityOfPage\":{\"@id\":\"https:\\\/\\\/www.meydan.tv\\\/az\\\/article\\\/merakesde-zelzele-olub-azi-632-neferin-olduyu-bildirilir\\\/\"},\"wordCount\":305,\"publisher\":{\"@id\":\"https:\\\/\\\/www.meydan.tv\\\/az\\\/#organization\"},\"image\":{\"@id\":\"https:\\\/\\\/www.meydan.tv\\\/az\\\/article\\\/merakesde-zelzele-olub-azi-632-neferin-olduyu-bildirilir\\\/#primaryimage\"},\"thumbnailUrl\":\"https:\\\/\\\/www.meydan.tv\\\/wp-content\\\/uploads\\\/253mw3oxtnpxzp7lktl6e3n7ii.jpg\",\"articleSection\":[\"Sosial\",\"X\u0259b\u0259rl\u0259r\"],\"inLanguage\":\"az\"},{\"@type\":\"WebPage\",\"@id\":\"https:\\\/\\\/www.meydan.tv\\\/az\\\/article\\\/merakesde-zelzele-olub-azi-632-neferin-olduyu-bildirilir\\\/\",\"url\":\"https:\\\/\\\/www.meydan.tv\\\/az\\\/article\\\/merakesde-zelzele-olub-azi-632-neferin-olduyu-bildirilir\\\/\",\"name\":\"M\u0259rake\u015fd\u0259 z\u0259lz\u0259l\u0259 olub, az\u0131 632 n\u0259f\u0259rin \u00f6ld\u00fcy\u00fc bildirilir - MEYDAN.TV\",\"isPartOf\":{\"@id\":\"https:\\\/\\\/www.meydan.tv\\\/az\\\/#website\"},\"primaryImageOfPage\":{\"@id\":\"https:\\\/\\\/www.meydan.tv\\\/az\\\/article\\\/merakesde-zelzele-olub-azi-632-neferin-olduyu-bildirilir\\\/#primaryimage\"},\"image\":{\"@id\":\"https:\\\/\\\/www.meydan.tv\\\/az\\\/article\\\/merakesde-zelzele-olub-azi-632-neferin-olduyu-bildirilir\\\/#primaryimage\"},\"thumbnailUrl\":\"https:\\\/\\\/www.meydan.tv\\\/wp-content\\\/uploads\\\/253mw3oxtnpxzp7lktl6e3n7ii.jpg\",\"datePublished\":\"2023-09-09T09:27:35+00:00\",\"dateModified\":\"2023-09-09T09:27:38+00:00\",\"breadcrumb\":{\"@id\":\"https:\\\/\\\/www.meydan.tv\\\/az\\\/article\\\/merakesde-zelzele-olub-azi-632-neferin-olduyu-bildirilir\\\/#breadcrumb\"},\"inLanguage\":\"az\",\"potentialAction\":[{\"@type\":\"ReadAction\",\"target\":[\"https:\\\/\\\/www.meydan.tv\\\/az\\\/article\\\/merakesde-zelzele-olub-azi-632-neferin-olduyu-bildirilir\\\/\"]}]},{\"@type\":\"ImageObject\",\"inLanguage\":\"az\",\"@id\":\"https:\\\/\\\/www.meydan.tv\\\/az\\\/article\\\/merakesde-zelzele-olub-azi-632-neferin-olduyu-bildirilir\\\/#primaryimage\",\"url\":\"https:\\\/\\\/www.meydan.tv\\\/wp-content\\\/uploads\\\/253mw3oxtnpxzp7lktl6e3n7ii.jpg\",\"contentUrl\":\"https:\\\/\\\/www.meydan.tv\\\/wp-content\\\/uploads\\\/253mw3oxtnpxzp7lktl6e3n7ii.jpg\",\"width\":1280,\"height\":883,\"caption\":\"M\u0259nb\u0259:Reuters\"},{\"@type\":\"BreadcrumbList\",\"@id\":\"https:\\\/\\\/www.meydan.tv\\\/az\\\/article\\\/merakesde-zelzele-olub-azi-632-neferin-olduyu-bildirilir\\\/#breadcrumb\",\"itemListElement\":[{\"@type\":\"ListItem\",\"position\":1,\"name\":\"Ana s\u0259hif\u0259\",\"item\":\"https:\\\/\\\/www.meydan.tv\\\/az\\\/\"},{\"@type\":\"ListItem\",\"position\":2,\"name\":\"X\u0259b\u0259rl\u0259r\",\"item\":\"https:\\\/\\\/www.meydan.tv\\\/az\\\/section\\\/xeberler\\\/\"},{\"@type\":\"ListItem\",\"position\":3,\"name\":\"M\u0259rake\u015fd\u0259 z\u0259lz\u0259l\u0259 olub, az\u0131 632 n\u0259f\u0259rin \u00f6ld\u00fcy\u00fc bildirilir\"}]},{\"@type\":\"WebSite\",\"@id\":\"https:\\\/\\\/www.meydan.tv\\\/az\\\/#website\",\"url\":\"https:\\\/\\\/www.meydan.tv\\\/az\\\/\",\"name\":\"MEYDAN.TV\",\"description\":\"Meydan TV Az\u0259rbaycan\u0131n media m\u0259kan\u0131ndak\u0131 alternativ s\u0259sidir\",\"publisher\":{\"@id\":\"https:\\\/\\\/www.meydan.tv\\\/az\\\/#organization\"},\"potentialAction\":[{\"@type\":\"SearchAction\",\"target\":{\"@type\":\"EntryPoint\",\"urlTemplate\":\"https:\\\/\\\/www.meydan.tv\\\/az\\\/?s={search_term_string}\"},\"query-input\":{\"@type\":\"PropertyValueSpecification\",\"valueRequired\":true,\"valueName\":\"search_term_string\"}}],\"inLanguage\":\"az\"},{\"@type\":\"Organization\",\"@id\":\"https:\\\/\\\/www.meydan.tv\\\/az\\\/#organization\",\"name\":\"Meydan TV\",\"url\":\"https:\\\/\\\/www.meydan.tv\\\/az\\\/\",\"logo\":{\"@type\":\"ImageObject\",\"inLanguage\":\"az\",\"@id\":\"https:\\\/\\\/www.meydan.tv\\\/az\\\/#\\\/schema\\\/logo\\\/image\\\/\",\"url\":\"https:\\\/\\\/www.meydan.tv\\\/wp-content\\\/uploads\\\/2021\\\/07\\\/meydan-logo.svg\",\"contentUrl\":\"https:\\\/\\\/www.meydan.tv\\\/wp-content\\\/uploads\\\/2021\\\/07\\\/meydan-logo.svg\",\"width\":195,\"height\":46,\"caption\":\"Meydan TV\"},\"image\":{\"@id\":\"https:\\\/\\\/www.meydan.tv\\\/az\\\/#\\\/schema\\\/logo\\\/image\\\/\"}},{\"@type\":\"Person\",\"@id\":\"https:\\\/\\\/www.meydan.tv\\\/az\\\/#\\\/schema\\\/person\\\/981b0b284aeaa9ad0cbf814cd4a9d67c\",\"name\":\"miron\"}]}<\/script>\n<!-- \/ Yoast SEO plugin. -->","yoast_head_json":{"title":"M\u0259rake\u015fd\u0259 z\u0259lz\u0259l\u0259 olub, az\u0131 632 n\u0259f\u0259rin \u00f6ld\u00fcy\u00fc bildirilir - MEYDAN.TV","robots":{"index":"index","follow":"follow","max-snippet":"max-snippet:-1","max-image-preview":"max-image-preview:large","max-video-preview":"max-video-preview:-1"},"canonical":"https:\/\/www.meydan.tv\/az\/article\/merakesde-zelzele-olub-azi-632-neferin-olduyu-bildirilir\/","og_locale":"az_AZ","og_type":"article","og_title":"M\u0259rake\u015fd\u0259 z\u0259lz\u0259l\u0259 olub, az\u0131 632 n\u0259f\u0259rin \u00f6ld\u00fcy\u00fc bildirilir - MEYDAN.TV","og_description":"Qurbanlar\u0131n \u00e7oxunun ucqar b\u00f6lg\u0259l\u0259rd\u0259 oldu\u011fu g\u00fcman edilir M\u0259rake\u015fin m\u0259rk\u0259zi hiss\u0259sind\u0259 ... Davam\u0131","og_url":"https:\/\/www.meydan.tv\/az\/article\/merakesde-zelzele-olub-azi-632-neferin-olduyu-bildirilir\/","og_site_name":"MEYDAN.TV","article_published_time":"2023-09-09T09:27:35+00:00","article_modified_time":"2023-09-09T09:27:38+00:00","og_image":[{"width":1280,"height":883,"url":"https:\/\/www.meydan.tv\/wp-content\/uploads\/253mw3oxtnpxzp7lktl6e3n7ii.jpg","type":"image\/jpeg"}],"author":"miron","twitter_card":"summary_large_image","schema":{"@context":"https:\/\/schema.org","@graph":[{"@type":"Article","@id":"https:\/\/www.meydan.tv\/az\/article\/merakesde-zelzele-olub-azi-632-neferin-olduyu-bildirilir\/#article","isPartOf":{"@id":"https:\/\/www.meydan.tv\/az\/article\/merakesde-zelzele-olub-azi-632-neferin-olduyu-bildirilir\/"},"author":{"name":"miron","@id":"https:\/\/www.meydan.tv\/az\/#\/schema\/person\/981b0b284aeaa9ad0cbf814cd4a9d67c"},"headline":"M\u0259rake\u015fd\u0259 z\u0259lz\u0259l\u0259 olub, az\u0131 632 n\u0259f\u0259rin \u00f6ld\u00fcy\u00fc bildirilir","datePublished":"2023-09-09T09:27:35+00:00","dateModified":"2023-09-09T09:27:38+00:00","mainEntityOfPage":{"@id":"https:\/\/www.meydan.tv\/az\/article\/merakesde-zelzele-olub-azi-632-neferin-olduyu-bildirilir\/"},"wordCount":305,"publisher":{"@id":"https:\/\/www.meydan.tv\/az\/#organization"},"image":{"@id":"https:\/\/www.meydan.tv\/az\/article\/merakesde-zelzele-olub-azi-632-neferin-olduyu-bildirilir\/#primaryimage"},"thumbnailUrl":"https:\/\/www.meydan.tv\/wp-content\/uploads\/253mw3oxtnpxzp7lktl6e3n7ii.jpg","articleSection":["Sosial","X\u0259b\u0259rl\u0259r"],"inLanguage":"az"},{"@type":"WebPage","@id":"https:\/\/www.meydan.tv\/az\/article\/merakesde-zelzele-olub-azi-632-neferin-olduyu-bildirilir\/","url":"https:\/\/www.meydan.tv\/az\/article\/merakesde-zelzele-olub-azi-632-neferin-olduyu-bildirilir\/","name":"M\u0259rake\u015fd\u0259 z\u0259lz\u0259l\u0259 olub, az\u0131 632 n\u0259f\u0259rin \u00f6ld\u00fcy\u00fc bildirilir - MEYDAN.TV","isPartOf":{"@id":"https:\/\/www.meydan.tv\/az\/#website"},"primaryImageOfPage":{"@id":"https:\/\/www.meydan.tv\/az\/article\/merakesde-zelzele-olub-azi-632-neferin-olduyu-bildirilir\/#primaryimage"},"image":{"@id":"https:\/\/www.meydan.tv\/az\/article\/merakesde-zelzele-olub-azi-632-neferin-olduyu-bildirilir\/#primaryimage"},"thumbnailUrl":"https:\/\/www.meydan.tv\/wp-content\/uploads\/253mw3oxtnpxzp7lktl6e3n7ii.jpg","datePublished":"2023-09-09T09:27:35+00:00","dateModified":"2023-09-09T09:27:38+00:00","breadcrumb":{"@id":"https:\/\/www.meydan.tv\/az\/article\/merakesde-zelzele-olub-azi-632-neferin-olduyu-bildirilir\/#breadcrumb"},"inLanguage":"az","potentialAction":[{"@type":"ReadAction","target":["https:\/\/www.meydan.tv\/az\/article\/merakesde-zelzele-olub-azi-632-neferin-olduyu-bildirilir\/"]}]},{"@type":"ImageObject","inLanguage":"az","@id":"https:\/\/www.meydan.tv\/az\/article\/merakesde-zelzele-olub-azi-632-neferin-olduyu-bildirilir\/#primaryimage","url":"https:\/\/www.meydan.tv\/wp-content\/uploads\/253mw3oxtnpxzp7lktl6e3n7ii.jpg","contentUrl":"https:\/\/www.meydan.tv\/wp-content\/uploads\/253mw3oxtnpxzp7lktl6e3n7ii.jpg","width":1280,"height":883,"caption":"M\u0259nb\u0259:Reuters"},{"@type":"BreadcrumbList","@id":"https:\/\/www.meydan.tv\/az\/article\/merakesde-zelzele-olub-azi-632-neferin-olduyu-bildirilir\/#breadcrumb","itemListElement":[{"@type":"ListItem","position":1,"name":"Ana s\u0259hif\u0259","item":"https:\/\/www.meydan.tv\/az\/"},{"@type":"ListItem","position":2,"name":"X\u0259b\u0259rl\u0259r","item":"https:\/\/www.meydan.tv\/az\/section\/xeberler\/"},{"@type":"ListItem","position":3,"name":"M\u0259rake\u015fd\u0259 z\u0259lz\u0259l\u0259 olub, az\u0131 632 n\u0259f\u0259rin \u00f6ld\u00fcy\u00fc bildirilir"}]},{"@type":"WebSite","@id":"https:\/\/www.meydan.tv\/az\/#website","url":"https:\/\/www.meydan.tv\/az\/","name":"MEYDAN.TV","description":"Meydan TV Az\u0259rbaycan\u0131n media m\u0259kan\u0131ndak\u0131 alternativ s\u0259sidir","publisher":{"@id":"https:\/\/www.meydan.tv\/az\/#organization"},"potentialAction":[{"@type":"SearchAction","target":{"@type":"EntryPoint","urlTemplate":"https:\/\/www.meydan.tv\/az\/?s={search_term_string}"},"query-input":{"@type":"PropertyValueSpecification","valueRequired":true,"valueName":"search_term_string"}}],"inLanguage":"az"},{"@type":"Organization","@id":"https:\/\/www.meydan.tv\/az\/#organization","name":"Meydan TV","url":"https:\/\/www.meydan.tv\/az\/","logo":{"@type":"ImageObject","inLanguage":"az","@id":"https:\/\/www.meydan.tv\/az\/#\/schema\/logo\/image\/","url":"https:\/\/www.meydan.tv\/wp-content\/uploads\/2021\/07\/meydan-logo.svg","contentUrl":"https:\/\/www.meydan.tv\/wp-content\/uploads\/2021\/07\/meydan-logo.svg","width":195,"height":46,"caption":"Meydan TV"},"image":{"@id":"https:\/\/www.meydan.tv\/az\/#\/schema\/logo\/image\/"}},{"@type":"Person","@id":"https:\/\/www.meydan.tv\/az\/#\/schema\/person\/981b0b284aeaa9ad0cbf814cd4a9d67c","name":"miron"}]}},"_links":{"self":[{"href":"https:\/\/www.meydan.tv\/az\/wp-json\/wp\/v2\/posts\/284344","targetHints":{"allow":["GET"]}}],"collection":[{"href":"https:\/\/www.meydan.tv\/az\/wp-json\/wp\/v2\/posts"}],"about":[{"href":"https:\/\/www.meydan.tv\/az\/wp-json\/wp\/v2\/types\/post"}],"author":[{"embeddable":true,"href":"https:\/\/www.meydan.tv\/az\/wp-json\/wp\/v2\/users\/18"}],"replies":[{"embeddable":true,"href":"https:\/\/www.meydan.tv\/az\/wp-json\/wp\/v2\/comments?post=284344"}],"version-history":[{"count":1,"href":"https:\/\/www.meydan.tv\/az\/wp-json\/wp\/v2\/posts\/284344\/revisions"}],"predecessor-version":[{"id":284349,"href":"https:\/\/www.meydan.tv\/az\/wp-json\/wp\/v2\/posts\/284344\/revisions\/284349"}],"wp:featuredmedia":[{"embeddable":true,"href":"https:\/\/www.meydan.tv\/az\/wp-json\/wp\/v2\/media\/284346"}],"wp:attachment":[{"href":"https:\/\/www.meydan.tv\/az\/wp-json\/wp\/v2\/media?parent=284344"}],"wp:term":[{"taxonomy":"category","embeddable":true,"href":"https:\/\/www.meydan.tv\/az\/wp-json\/wp\/v2\/categories?post=284344"},{"taxonomy":"post_tag","embeddable":true,"href":"https:\/\/www.meydan.tv\/az\/wp-json\/wp\/v2\/tags?post=284344"}],"curies":[{"name":"wp","href":"https:\/\/api.w.org\/{rel}","templated":true}]}}