{"id":284339,"date":"2023-09-08T22:12:54","date_gmt":"2023-09-08T18:12:54","guid":{"rendered":"https:\/\/www.meydan.tv\/?p=284339"},"modified":"2023-09-08T22:12:56","modified_gmt":"2023-09-08T18:12:56","slug":"evez-zeynallinin-mehkemesine-icra-bascisi-ve-deputat-mecburi-sekilde-getirile-biler","status":"publish","type":"post","link":"https:\/\/www.meydan.tv\/az\/article\/evez-zeynallinin-mehkemesine-icra-bascisi-ve-deputat-mecburi-sekilde-getirile-biler\/","title":{"rendered":"\u018fv\u0259z Zeynall\u0131n\u0131n m\u0259hk\u0259m\u0259sin\u0259 icra ba\u015f\u00e7\u0131s\u0131 v\u0259 deputat m\u0259cburi \u015f\u0259kild\u0259 g\u0259tiril\u0259 bil\u0259r"},"content":{"rendered":"\n<p><\/p>\n\n\n\n<p><em><strong>M\u0259murun m\u0259hk\u0259m\u0259d\u0259 dedikl\u0259ril\u0259 istintaqdak\u0131 ifad\u0259si aras\u0131nda ziddiyy\u0259t yaran\u0131b<\/strong><\/em><\/p>\n\n\n\n<p>\u201cXural TV\u201d internet televiziyas\u0131n\u0131n r\u0259hb\u0259ri \u018fv\u0259z Zeynall\u0131 v\u0259 onunla birlikd\u0259 m\u00fchakim\u0259 olunan \u201cS\u0259da TV\u201d adl\u0131 \u201cYoutube\u201d kanal\u0131n\u0131n idar\u0259edicisi Elnur \u015e\u00fck\u00fcrovun m\u0259hk\u0259m\u0259si davam edir. Onlar\u0131n i\u015fin\u0259 5 ayd\u0131r ki, Bak\u0131 A\u011f\u0131r Cinay\u0259tl\u0259r M\u0259hk\u0259m\u0259sind\u0259 hakim \u018fli M\u0259mm\u0259dovun s\u0259drliyil\u0259 bax\u0131l\u0131r.<\/p>\n\n\n\n<p>\u018fv\u0259z Zeynall\u0131ya qar\u015f\u0131 ittihamlardan biri d\u0259 b\u0259zi v\u0259zif\u0259li \u015f\u0259xsl\u0259rin q\u0259rarlar\u0131na qanunsuz t\u0259sir g\u00f6st\u0259rm\u0259kl\u0259 ba\u011fl\u0131d\u0131r. Cinay\u0259t i\u015find\u0259 Sumqay\u0131tda, Sabun\u00e7uda obyekt tikm\u0259k ist\u0259y\u0259n v\u0259t\u0259nda\u015flar \u00fc\u00e7\u00fcn icra hakimiyy\u0259tl\u0259rind\u0259ki m\u0259sul \u015f\u0259xsl\u0259rin q\u0259rarlar\u0131na t\u0259sir g\u00f6st\u0259rm\u0259kd\u0259n s\u00f6hb\u0259t gedir. \u0130ddia olunur ki, bu i\u015fl\u0259rin g\u00f6r\u00fclm\u0259si m\u00fcqabilind\u0259 h\u0259min v\u0259t\u0259nda\u015flardan pul al\u0131n\u0131b.<\/p>\n\n\n\n<p>\u018fv\u0259z Zeynall\u0131 v\u0259 Elnur \u015e\u00fck\u00fcrovun i\u015fi \u00fczr\u0259 istintaqda m\u00fcxt\u0259lif v\u0259zif\u0259li \u015f\u0259xsl\u0259r, o c\u00fcml\u0259d\u0259n icra ba\u015f\u00e7\u0131s\u0131, deputat, \u201cAz\u0259rbaycan Avtomobil Yollar\u0131\u201d D\u00f6vl\u0259t Agentliyinin idar\u0259 r\u0259isi dindirilib. Onlar\u0131n m\u0259hk\u0259m\u0259d\u0259 d\u0259 dindirilm\u0259si n\u0259z\u0259rd\u0259 tutulub.<\/p>\n\n\n\n<p>Sentyabr\u0131n 8-d\u0259 m\u0259hk\u0259m\u0259 iclas\u0131nda Sabun\u00e7u Rayon \u0130cra hakimiyy\u0259ti ba\u015f\u00e7\u0131s\u0131n\u0131n Sabun\u00e7u q\u0259s\u0259b\u0259si \u00fczr\u0259 n\u00fcmay\u0259nd\u0259si V\u00fcsal H\u00fcseynov ifad\u0259 verib. O bildirib ki, n\u0259 \u018fv\u0259z Zeynall\u0131n\u0131, n\u0259 d\u0259 Elnur \u015e\u00fck\u00fcrovu tan\u0131y\u0131r. Onun s\u00f6zl\u0259rin\u0259 g\u00f6r\u0259, Sabun\u00e7uda \u2013 El\u015f\u0259n Mehdiyev k\u00fc\u00e7\u0259sind\u0259 qanunsuz obyekt tikilmi\u015fdi, o da h\u0259min tikilinin s\u00f6k\u00fclm\u0259sin\u0259 g\u00f6st\u0259ri\u015f vermi\u015fdi. Bir n\u00fcdd\u0259t sonra orada yenid\u0259n tikinti apar\u0131l\u0131b. Bu d\u0259f\u0259 is\u0259 icra ba\u015f\u00e7\u0131s\u0131 ona z\u0259ng ed\u0259r\u0259k, tikintiy\u0259 mane olmama\u011f\u0131 tap\u015f\u0131r\u0131b:<\/p>\n\n\n\n<p>\u201c<em>\u0130cra ba\u015f\u00e7\u0131s\u0131 Adil V\u0259liyev m\u0259n\u0259 z\u0259ng edib dedi ki, h\u0259min tikili \u018fv\u0259z Zeynall\u0131n\u0131n qohumunundu. Bir daha o tikintiy\u0259 yax\u0131n getm\u0259dik\u201d<\/em>.<\/p>\n\n\n\n<p>V\u00fcsal H\u00fcseynov t\u0259sdiql\u0259yib ki, tikinti apar\u0131lan \u0259razi D\u00f6vl\u0259t Neft \u015eirk\u0259tinin balans\u0131ndad\u0131r. Onun s\u00f6zl\u0259rin\u0259 g\u00f6r\u0259, icra ba\u015f\u00e7\u0131s\u0131n\u0131n g\u00f6st\u0259ri\u015fi oldu\u011funa g\u00f6r\u0259 \u0259lav\u0259 m\u00fcdaxil\u0259y\u0259 ehtiyac duymay\u0131b:<\/p>\n\n\n\n<p><em>\u201cDey\u0259s\u0259n, o tikiliy\u0259 SOCAR-\u0131n \u0259m\u0259kda\u015flar\u0131 da yax\u0131nla\u015f\u0131blar, amma sonras\u0131n\u0131 bilmir\u0259m\u201d.<\/em><\/p>\n\n\n\n<p>V\u00fcsal H\u00fcseynovun m\u0259hk\u0259m\u0259d\u0259 dedikl\u0259ril\u0259 istintaqdak\u0131 ifad\u0259si aras\u0131nda ziddiyy\u0259t yaran\u0131b. O, istintaqda \u201c\u018fv\u0259z Zeynall\u0131n\u0131n qohumu\u201d m\u0259s\u0259l\u0259sind\u0259n dan\u0131\u015fmay\u0131b. Deyib ki, tikintini g\u00f6r\u0259nd\u0259 onun sahibi il\u0259 dan\u0131\u015f\u0131b. Sahibi d\u0259 bildirib ki, icra ba\u015f\u00e7\u0131s\u0131 m\u0259s\u0259l\u0259d\u0259n x\u0259b\u0259rdard\u0131r. Sonradan icra ba\u015f\u00e7\u0131s\u0131yla dan\u0131\u015fanda is\u0259 Adil V\u0259liyev ona bel\u0259 deyib:&nbsp;<\/p>\n\n\n\n<p>\u201c<em>\u015e\u0259r-xata adamd\u0131r, ondan uzaq dur&#8230;\u201d.<\/em><\/p>\n\n\n\n<p>\u0130stintaqdak\u0131 ifad\u0259 elan olunandan sonra \u018fv\u0259z Zeynall\u0131 da, onun v\u0259kill\u0259ri d\u0259 bildirib ki, \u015fahid yalan ifad\u0259 verm\u0259y\u0259 g\u00f6r\u0259 cinay\u0259t m\u0259suliyy\u0259tin\u0259 c\u0259lb olunmal\u0131d\u0131r. \u00c7\u00fcnki onun ya istintaqdak\u0131, ya da m\u0259hk\u0259m\u0259d\u0259ki ifad\u0259l\u0259rind\u0259n biri yaland\u0131r.<\/p>\n\n\n\n<p>V\u0259kil R\u0259\u015fad \u018fliyev v\u0259sat\u0259t qald\u0131r\u0131b ki, yalan ifad\u0259y\u0259 g\u00f6r\u0259 icra n\u00fcmay\u0259nd\u0259si haqq\u0131nda x\u00fcsusi q\u0259rar \u00e7\u0131xar\u0131ls\u0131n. Lakin v\u0259sat\u0259t bax\u0131lmam\u0131\u015f saxlan\u0131l\u0131b.<\/p>\n\n\n\n<p>Hakim \u018fli M\u0259mm\u0259dov m\u0259lumat verib ki, b\u00fct\u00fcn \u015fahidl\u0259r m\u0259hk\u0259m\u0259y\u0259 \u00e7a\u011fr\u0131l\u0131b. Lakin g\u0259lm\u0259yibl\u0259r. \u015eahidl\u0259r aras\u0131nda Sabun\u00e7unun icra ba\u015f\u00e7\u0131s\u0131 Adil V\u0259liyev, deputat \u0130mamverdi \u0130smay\u0131lov da var.<\/p>\n\n\n\n<p>\u018fv\u0259z Zeynall\u0131 v\u0259 v\u0259kill\u0259ri bildirib ki, b\u00fct\u00fcn \u015fahidl\u0259r m\u00fctl\u0259q m\u0259hk\u0259m\u0259y\u0259 g\u0259lm\u0259li v\u0259 dindirilm\u0259lidir. Onlar \u015fahidl\u0259r haqq\u0131nda m\u0259cburi g\u0259tirilm\u0259 q\u0259rar\u0131 \u00e7\u0131xar\u0131lmas\u0131n\u0131, onlar\u0131n polis vasit\u0259sil\u0259 g\u0259tirilm\u0259sini ist\u0259yibl\u0259r.<\/p>\n\n\n\n<p>Hakim bildirib ki, \u0259g\u0259r sentyabr\u0131n 15-d\u0259 ke\u00e7iril\u0259c\u0259k n\u00f6vb\u0259ti m\u0259hk\u0259m\u0259 iclas\u0131na da g\u0259lm\u0259s\u0259l\u0259r, o zaman m\u0259cburi g\u0259tirilm\u0259 m\u0259s\u0259l\u0259si m\u00fczakir\u0259y\u0259 \u00e7\u0131xar\u0131lacaq.<\/p>\n\n\n\n<p>2022-ci ilin sentyabr\u0131ndan h\u0259bsd\u0259 olan \u018fv\u0259z Zeynall\u0131 v\u0259 Elnur \u015e\u00fck\u00fcrov k\u00fclli miqdarda r\u00fc\u015fv\u0259t alma, d\u0259l\u0259duzluq, v\u0259zif\u0259li \u015f\u0259xsin q\u0259rar\u0131na qanunsuz t\u0259sir g\u00f6st\u0259rm\u0259 kimi \u0259m\u0259ll\u0259rd\u0259 ittiham olunurlar. Lakin onlar\u0131n he\u00e7 biri \u00f6z\u00fcn\u00fc t\u0259qsirli bilmir.<\/p>\n\n\n\n<p>\u018fv\u0259z Zeynall\u0131 siyasi sifari\u015fl\u0259, onu susdurmaq \u00fc\u00e7\u00fcn \u015f\u0259rl\u0259nib h\u0259bs olundu\u011funu bildirir. Elnur \u015e\u00fck\u00fcrov is\u0259 \u018fv\u0259z Zeynall\u0131n\u0131n \u0259leyhin\u0259 t\u0259l\u0259b olunan ifad\u0259ni verm\u0259diyin\u0259 g\u00f6r\u0259 h\u0259bs edildiyini deyir.<\/p>\n","protected":false},"excerpt":{"rendered":"<p>M\u0259murun m\u0259hk\u0259m\u0259d\u0259 dedikl\u0259ril\u0259 istintaqdak\u0131 ifad\u0259si aras\u0131nda ziddiyy\u0259t yaran\u0131b \u201cXural TV\u201d &#8230; <\/p>\n<p class=\"read-more-container\"><a title=\"\u018fv\u0259z Zeynall\u0131n\u0131n m\u0259hk\u0259m\u0259sin\u0259 icra ba\u015f\u00e7\u0131s\u0131 v\u0259 deputat m\u0259cburi \u015f\u0259kild\u0259 g\u0259tiril\u0259 bil\u0259r\" class=\"read-more button\" href=\"https:\/\/www.meydan.tv\/az\/article\/evez-zeynallinin-mehkemesine-icra-bascisi-ve-deputat-mecburi-sekilde-getirile-biler\/#more-284339\" aria-label=\"Read more about \u018fv\u0259z Zeynall\u0131n\u0131n m\u0259hk\u0259m\u0259sin\u0259 icra ba\u015f\u00e7\u0131s\u0131 v\u0259 deputat m\u0259cburi \u015f\u0259kild\u0259 g\u0259tiril\u0259 bil\u0259r\">Davam\u0131<\/a><\/p>\n","protected":false},"author":13,"featured_media":272542,"comment_status":"closed","ping_status":"closed","sticky":false,"template":"","format":"standard","meta":{"_acf_changed":false,"_sitemap_exclude":false,"_sitemap_priority":"","_sitemap_frequency":"","footnotes":""},"categories":[62,79,56],"tags":[],"class_list":["post-284339","post","type-post","status-publish","format-standard","has-post-thumbnail","hentry","category-sosial","category-featured","category-xeberler","infinite-scroll-item","generate-columns","tablet-grid-50","mobile-grid-100","grid-parent","grid-33","no-featured-image-padding"],"acf":[],"yoast_head":"<!-- This site is optimized with the Yoast SEO plugin v27.5 - https:\/\/yoast.com\/product\/yoast-seo-wordpress\/ -->\n<title>\u018fv\u0259z Zeynall\u0131n\u0131n m\u0259hk\u0259m\u0259sin\u0259 icra ba\u015f\u00e7\u0131s\u0131 v\u0259 deputat m\u0259cburi \u015f\u0259kild\u0259 g\u0259tiril\u0259 bil\u0259r - MEYDAN.TV<\/title>\n<meta name=\"robots\" content=\"index, follow, max-snippet:-1, max-image-preview:large, max-video-preview:-1\" \/>\n<link rel=\"canonical\" href=\"https:\/\/www.meydan.tv\/az\/article\/evez-zeynallinin-mehkemesine-icra-bascisi-ve-deputat-mecburi-sekilde-getirile-biler\/\" \/>\n<meta property=\"og:locale\" content=\"az_AZ\" \/>\n<meta property=\"og:type\" content=\"article\" \/>\n<meta property=\"og:title\" content=\"\u018fv\u0259z Zeynall\u0131n\u0131n m\u0259hk\u0259m\u0259sin\u0259 icra ba\u015f\u00e7\u0131s\u0131 v\u0259 deputat m\u0259cburi \u015f\u0259kild\u0259 g\u0259tiril\u0259 bil\u0259r - MEYDAN.TV\" \/>\n<meta property=\"og:description\" content=\"M\u0259murun m\u0259hk\u0259m\u0259d\u0259 dedikl\u0259ril\u0259 istintaqdak\u0131 ifad\u0259si aras\u0131nda ziddiyy\u0259t yaran\u0131b \u201cXural TV\u201d ... Davam\u0131\" \/>\n<meta property=\"og:url\" content=\"https:\/\/www.meydan.tv\/az\/article\/evez-zeynallinin-mehkemesine-icra-bascisi-ve-deputat-mecburi-sekilde-getirile-biler\/\" \/>\n<meta property=\"og:site_name\" content=\"MEYDAN.TV\" \/>\n<meta property=\"article:published_time\" content=\"2023-09-08T18:12:54+00:00\" \/>\n<meta property=\"article:modified_time\" content=\"2023-09-08T18:12:56+00:00\" \/>\n<meta property=\"og:image\" content=\"https:\/\/www.meydan.tv\/wp-content\/uploads\/img_9722.jpg\" \/>\n\t<meta property=\"og:image:width\" content=\"1200\" \/>\n\t<meta property=\"og:image:height\" content=\"800\" \/>\n\t<meta property=\"og:image:type\" content=\"image\/jpeg\" \/>\n<meta name=\"author\" content=\"meri\" \/>\n<meta name=\"twitter:card\" content=\"summary_large_image\" \/>\n<script type=\"application\/ld+json\" class=\"yoast-schema-graph\">{\"@context\":\"https:\\\/\\\/schema.org\",\"@graph\":[{\"@type\":\"Article\",\"@id\":\"https:\\\/\\\/www.meydan.tv\\\/az\\\/article\\\/evez-zeynallinin-mehkemesine-icra-bascisi-ve-deputat-mecburi-sekilde-getirile-biler\\\/#article\",\"isPartOf\":{\"@id\":\"https:\\\/\\\/www.meydan.tv\\\/az\\\/article\\\/evez-zeynallinin-mehkemesine-icra-bascisi-ve-deputat-mecburi-sekilde-getirile-biler\\\/\"},\"author\":{\"name\":\"meri\",\"@id\":\"https:\\\/\\\/www.meydan.tv\\\/az\\\/#\\\/schema\\\/person\\\/f5399057f0b7fa223fa6c9b7c3321968\"},\"headline\":\"\u018fv\u0259z Zeynall\u0131n\u0131n m\u0259hk\u0259m\u0259sin\u0259 icra ba\u015f\u00e7\u0131s\u0131 v\u0259 deputat m\u0259cburi \u015f\u0259kild\u0259 g\u0259tiril\u0259 bil\u0259r\",\"datePublished\":\"2023-09-08T18:12:54+00:00\",\"dateModified\":\"2023-09-08T18:12:56+00:00\",\"mainEntityOfPage\":{\"@id\":\"https:\\\/\\\/www.meydan.tv\\\/az\\\/article\\\/evez-zeynallinin-mehkemesine-icra-bascisi-ve-deputat-mecburi-sekilde-getirile-biler\\\/\"},\"wordCount\":863,\"publisher\":{\"@id\":\"https:\\\/\\\/www.meydan.tv\\\/az\\\/#organization\"},\"image\":{\"@id\":\"https:\\\/\\\/www.meydan.tv\\\/az\\\/article\\\/evez-zeynallinin-mehkemesine-icra-bascisi-ve-deputat-mecburi-sekilde-getirile-biler\\\/#primaryimage\"},\"thumbnailUrl\":\"https:\\\/\\\/www.meydan.tv\\\/wp-content\\\/uploads\\\/img_9722-e1734554672962.jpg\",\"articleSection\":[\"Sosial\",\"T\u00f6vsiy\u0259\",\"X\u0259b\u0259rl\u0259r\"],\"inLanguage\":\"az\"},{\"@type\":\"WebPage\",\"@id\":\"https:\\\/\\\/www.meydan.tv\\\/az\\\/article\\\/evez-zeynallinin-mehkemesine-icra-bascisi-ve-deputat-mecburi-sekilde-getirile-biler\\\/\",\"url\":\"https:\\\/\\\/www.meydan.tv\\\/az\\\/article\\\/evez-zeynallinin-mehkemesine-icra-bascisi-ve-deputat-mecburi-sekilde-getirile-biler\\\/\",\"name\":\"\u018fv\u0259z Zeynall\u0131n\u0131n m\u0259hk\u0259m\u0259sin\u0259 icra ba\u015f\u00e7\u0131s\u0131 v\u0259 deputat m\u0259cburi \u015f\u0259kild\u0259 g\u0259tiril\u0259 bil\u0259r - MEYDAN.TV\",\"isPartOf\":{\"@id\":\"https:\\\/\\\/www.meydan.tv\\\/az\\\/#website\"},\"primaryImageOfPage\":{\"@id\":\"https:\\\/\\\/www.meydan.tv\\\/az\\\/article\\\/evez-zeynallinin-mehkemesine-icra-bascisi-ve-deputat-mecburi-sekilde-getirile-biler\\\/#primaryimage\"},\"image\":{\"@id\":\"https:\\\/\\\/www.meydan.tv\\\/az\\\/article\\\/evez-zeynallinin-mehkemesine-icra-bascisi-ve-deputat-mecburi-sekilde-getirile-biler\\\/#primaryimage\"},\"thumbnailUrl\":\"https:\\\/\\\/www.meydan.tv\\\/wp-content\\\/uploads\\\/img_9722-e1734554672962.jpg\",\"datePublished\":\"2023-09-08T18:12:54+00:00\",\"dateModified\":\"2023-09-08T18:12:56+00:00\",\"breadcrumb\":{\"@id\":\"https:\\\/\\\/www.meydan.tv\\\/az\\\/article\\\/evez-zeynallinin-mehkemesine-icra-bascisi-ve-deputat-mecburi-sekilde-getirile-biler\\\/#breadcrumb\"},\"inLanguage\":\"az\",\"potentialAction\":[{\"@type\":\"ReadAction\",\"target\":[\"https:\\\/\\\/www.meydan.tv\\\/az\\\/article\\\/evez-zeynallinin-mehkemesine-icra-bascisi-ve-deputat-mecburi-sekilde-getirile-biler\\\/\"]}]},{\"@type\":\"ImageObject\",\"inLanguage\":\"az\",\"@id\":\"https:\\\/\\\/www.meydan.tv\\\/az\\\/article\\\/evez-zeynallinin-mehkemesine-icra-bascisi-ve-deputat-mecburi-sekilde-getirile-biler\\\/#primaryimage\",\"url\":\"https:\\\/\\\/www.meydan.tv\\\/wp-content\\\/uploads\\\/img_9722-e1734554672962.jpg\",\"contentUrl\":\"https:\\\/\\\/www.meydan.tv\\\/wp-content\\\/uploads\\\/img_9722-e1734554672962.jpg\",\"width\":1200,\"height\":602,\"caption\":\"\u018fv\u0259z Zeynall\u0131. Foto: Meydan TV\"},{\"@type\":\"BreadcrumbList\",\"@id\":\"https:\\\/\\\/www.meydan.tv\\\/az\\\/article\\\/evez-zeynallinin-mehkemesine-icra-bascisi-ve-deputat-mecburi-sekilde-getirile-biler\\\/#breadcrumb\",\"itemListElement\":[{\"@type\":\"ListItem\",\"position\":1,\"name\":\"Ana s\u0259hif\u0259\",\"item\":\"https:\\\/\\\/www.meydan.tv\\\/az\\\/\"},{\"@type\":\"ListItem\",\"position\":2,\"name\":\"Sosial\",\"item\":\"https:\\\/\\\/www.meydan.tv\\\/az\\\/section\\\/sosial\\\/\"},{\"@type\":\"ListItem\",\"position\":3,\"name\":\"\u018fv\u0259z Zeynall\u0131n\u0131n m\u0259hk\u0259m\u0259sin\u0259 icra ba\u015f\u00e7\u0131s\u0131 v\u0259 deputat m\u0259cburi \u015f\u0259kild\u0259 g\u0259tiril\u0259 bil\u0259r\"}]},{\"@type\":\"WebSite\",\"@id\":\"https:\\\/\\\/www.meydan.tv\\\/az\\\/#website\",\"url\":\"https:\\\/\\\/www.meydan.tv\\\/az\\\/\",\"name\":\"MEYDAN.TV\",\"description\":\"Meydan TV Az\u0259rbaycan\u0131n media m\u0259kan\u0131ndak\u0131 alternativ s\u0259sidir\",\"publisher\":{\"@id\":\"https:\\\/\\\/www.meydan.tv\\\/az\\\/#organization\"},\"potentialAction\":[{\"@type\":\"SearchAction\",\"target\":{\"@type\":\"EntryPoint\",\"urlTemplate\":\"https:\\\/\\\/www.meydan.tv\\\/az\\\/?s={search_term_string}\"},\"query-input\":{\"@type\":\"PropertyValueSpecification\",\"valueRequired\":true,\"valueName\":\"search_term_string\"}}],\"inLanguage\":\"az\"},{\"@type\":\"Organization\",\"@id\":\"https:\\\/\\\/www.meydan.tv\\\/az\\\/#organization\",\"name\":\"Meydan TV\",\"url\":\"https:\\\/\\\/www.meydan.tv\\\/az\\\/\",\"logo\":{\"@type\":\"ImageObject\",\"inLanguage\":\"az\",\"@id\":\"https:\\\/\\\/www.meydan.tv\\\/az\\\/#\\\/schema\\\/logo\\\/image\\\/\",\"url\":\"https:\\\/\\\/www.meydan.tv\\\/wp-content\\\/uploads\\\/2021\\\/07\\\/meydan-logo.svg\",\"contentUrl\":\"https:\\\/\\\/www.meydan.tv\\\/wp-content\\\/uploads\\\/2021\\\/07\\\/meydan-logo.svg\",\"width\":195,\"height\":46,\"caption\":\"Meydan TV\"},\"image\":{\"@id\":\"https:\\\/\\\/www.meydan.tv\\\/az\\\/#\\\/schema\\\/logo\\\/image\\\/\"}},{\"@type\":\"Person\",\"@id\":\"https:\\\/\\\/www.meydan.tv\\\/az\\\/#\\\/schema\\\/person\\\/f5399057f0b7fa223fa6c9b7c3321968\",\"name\":\"meri\"}]}<\/script>\n<!-- \/ Yoast SEO plugin. -->","yoast_head_json":{"title":"\u018fv\u0259z Zeynall\u0131n\u0131n m\u0259hk\u0259m\u0259sin\u0259 icra ba\u015f\u00e7\u0131s\u0131 v\u0259 deputat m\u0259cburi \u015f\u0259kild\u0259 g\u0259tiril\u0259 bil\u0259r - MEYDAN.TV","robots":{"index":"index","follow":"follow","max-snippet":"max-snippet:-1","max-image-preview":"max-image-preview:large","max-video-preview":"max-video-preview:-1"},"canonical":"https:\/\/www.meydan.tv\/az\/article\/evez-zeynallinin-mehkemesine-icra-bascisi-ve-deputat-mecburi-sekilde-getirile-biler\/","og_locale":"az_AZ","og_type":"article","og_title":"\u018fv\u0259z Zeynall\u0131n\u0131n m\u0259hk\u0259m\u0259sin\u0259 icra ba\u015f\u00e7\u0131s\u0131 v\u0259 deputat m\u0259cburi \u015f\u0259kild\u0259 g\u0259tiril\u0259 bil\u0259r - MEYDAN.TV","og_description":"M\u0259murun m\u0259hk\u0259m\u0259d\u0259 dedikl\u0259ril\u0259 istintaqdak\u0131 ifad\u0259si aras\u0131nda ziddiyy\u0259t yaran\u0131b \u201cXural TV\u201d ... Davam\u0131","og_url":"https:\/\/www.meydan.tv\/az\/article\/evez-zeynallinin-mehkemesine-icra-bascisi-ve-deputat-mecburi-sekilde-getirile-biler\/","og_site_name":"MEYDAN.TV","article_published_time":"2023-09-08T18:12:54+00:00","article_modified_time":"2023-09-08T18:12:56+00:00","og_image":[{"width":1200,"height":800,"url":"https:\/\/www.meydan.tv\/wp-content\/uploads\/img_9722.jpg","type":"image\/jpeg"}],"author":"meri","twitter_card":"summary_large_image","schema":{"@context":"https:\/\/schema.org","@graph":[{"@type":"Article","@id":"https:\/\/www.meydan.tv\/az\/article\/evez-zeynallinin-mehkemesine-icra-bascisi-ve-deputat-mecburi-sekilde-getirile-biler\/#article","isPartOf":{"@id":"https:\/\/www.meydan.tv\/az\/article\/evez-zeynallinin-mehkemesine-icra-bascisi-ve-deputat-mecburi-sekilde-getirile-biler\/"},"author":{"name":"meri","@id":"https:\/\/www.meydan.tv\/az\/#\/schema\/person\/f5399057f0b7fa223fa6c9b7c3321968"},"headline":"\u018fv\u0259z Zeynall\u0131n\u0131n m\u0259hk\u0259m\u0259sin\u0259 icra ba\u015f\u00e7\u0131s\u0131 v\u0259 deputat m\u0259cburi \u015f\u0259kild\u0259 g\u0259tiril\u0259 bil\u0259r","datePublished":"2023-09-08T18:12:54+00:00","dateModified":"2023-09-08T18:12:56+00:00","mainEntityOfPage":{"@id":"https:\/\/www.meydan.tv\/az\/article\/evez-zeynallinin-mehkemesine-icra-bascisi-ve-deputat-mecburi-sekilde-getirile-biler\/"},"wordCount":863,"publisher":{"@id":"https:\/\/www.meydan.tv\/az\/#organization"},"image":{"@id":"https:\/\/www.meydan.tv\/az\/article\/evez-zeynallinin-mehkemesine-icra-bascisi-ve-deputat-mecburi-sekilde-getirile-biler\/#primaryimage"},"thumbnailUrl":"https:\/\/www.meydan.tv\/wp-content\/uploads\/img_9722-e1734554672962.jpg","articleSection":["Sosial","T\u00f6vsiy\u0259","X\u0259b\u0259rl\u0259r"],"inLanguage":"az"},{"@type":"WebPage","@id":"https:\/\/www.meydan.tv\/az\/article\/evez-zeynallinin-mehkemesine-icra-bascisi-ve-deputat-mecburi-sekilde-getirile-biler\/","url":"https:\/\/www.meydan.tv\/az\/article\/evez-zeynallinin-mehkemesine-icra-bascisi-ve-deputat-mecburi-sekilde-getirile-biler\/","name":"\u018fv\u0259z Zeynall\u0131n\u0131n m\u0259hk\u0259m\u0259sin\u0259 icra ba\u015f\u00e7\u0131s\u0131 v\u0259 deputat m\u0259cburi \u015f\u0259kild\u0259 g\u0259tiril\u0259 bil\u0259r - MEYDAN.TV","isPartOf":{"@id":"https:\/\/www.meydan.tv\/az\/#website"},"primaryImageOfPage":{"@id":"https:\/\/www.meydan.tv\/az\/article\/evez-zeynallinin-mehkemesine-icra-bascisi-ve-deputat-mecburi-sekilde-getirile-biler\/#primaryimage"},"image":{"@id":"https:\/\/www.meydan.tv\/az\/article\/evez-zeynallinin-mehkemesine-icra-bascisi-ve-deputat-mecburi-sekilde-getirile-biler\/#primaryimage"},"thumbnailUrl":"https:\/\/www.meydan.tv\/wp-content\/uploads\/img_9722-e1734554672962.jpg","datePublished":"2023-09-08T18:12:54+00:00","dateModified":"2023-09-08T18:12:56+00:00","breadcrumb":{"@id":"https:\/\/www.meydan.tv\/az\/article\/evez-zeynallinin-mehkemesine-icra-bascisi-ve-deputat-mecburi-sekilde-getirile-biler\/#breadcrumb"},"inLanguage":"az","potentialAction":[{"@type":"ReadAction","target":["https:\/\/www.meydan.tv\/az\/article\/evez-zeynallinin-mehkemesine-icra-bascisi-ve-deputat-mecburi-sekilde-getirile-biler\/"]}]},{"@type":"ImageObject","inLanguage":"az","@id":"https:\/\/www.meydan.tv\/az\/article\/evez-zeynallinin-mehkemesine-icra-bascisi-ve-deputat-mecburi-sekilde-getirile-biler\/#primaryimage","url":"https:\/\/www.meydan.tv\/wp-content\/uploads\/img_9722-e1734554672962.jpg","contentUrl":"https:\/\/www.meydan.tv\/wp-content\/uploads\/img_9722-e1734554672962.jpg","width":1200,"height":602,"caption":"\u018fv\u0259z Zeynall\u0131. Foto: Meydan TV"},{"@type":"BreadcrumbList","@id":"https:\/\/www.meydan.tv\/az\/article\/evez-zeynallinin-mehkemesine-icra-bascisi-ve-deputat-mecburi-sekilde-getirile-biler\/#breadcrumb","itemListElement":[{"@type":"ListItem","position":1,"name":"Ana s\u0259hif\u0259","item":"https:\/\/www.meydan.tv\/az\/"},{"@type":"ListItem","position":2,"name":"Sosial","item":"https:\/\/www.meydan.tv\/az\/section\/sosial\/"},{"@type":"ListItem","position":3,"name":"\u018fv\u0259z Zeynall\u0131n\u0131n m\u0259hk\u0259m\u0259sin\u0259 icra ba\u015f\u00e7\u0131s\u0131 v\u0259 deputat m\u0259cburi \u015f\u0259kild\u0259 g\u0259tiril\u0259 bil\u0259r"}]},{"@type":"WebSite","@id":"https:\/\/www.meydan.tv\/az\/#website","url":"https:\/\/www.meydan.tv\/az\/","name":"MEYDAN.TV","description":"Meydan TV Az\u0259rbaycan\u0131n media m\u0259kan\u0131ndak\u0131 alternativ s\u0259sidir","publisher":{"@id":"https:\/\/www.meydan.tv\/az\/#organization"},"potentialAction":[{"@type":"SearchAction","target":{"@type":"EntryPoint","urlTemplate":"https:\/\/www.meydan.tv\/az\/?s={search_term_string}"},"query-input":{"@type":"PropertyValueSpecification","valueRequired":true,"valueName":"search_term_string"}}],"inLanguage":"az"},{"@type":"Organization","@id":"https:\/\/www.meydan.tv\/az\/#organization","name":"Meydan TV","url":"https:\/\/www.meydan.tv\/az\/","logo":{"@type":"ImageObject","inLanguage":"az","@id":"https:\/\/www.meydan.tv\/az\/#\/schema\/logo\/image\/","url":"https:\/\/www.meydan.tv\/wp-content\/uploads\/2021\/07\/meydan-logo.svg","contentUrl":"https:\/\/www.meydan.tv\/wp-content\/uploads\/2021\/07\/meydan-logo.svg","width":195,"height":46,"caption":"Meydan TV"},"image":{"@id":"https:\/\/www.meydan.tv\/az\/#\/schema\/logo\/image\/"}},{"@type":"Person","@id":"https:\/\/www.meydan.tv\/az\/#\/schema\/person\/f5399057f0b7fa223fa6c9b7c3321968","name":"meri"}]}},"_links":{"self":[{"href":"https:\/\/www.meydan.tv\/az\/wp-json\/wp\/v2\/posts\/284339","targetHints":{"allow":["GET"]}}],"collection":[{"href":"https:\/\/www.meydan.tv\/az\/wp-json\/wp\/v2\/posts"}],"about":[{"href":"https:\/\/www.meydan.tv\/az\/wp-json\/wp\/v2\/types\/post"}],"author":[{"embeddable":true,"href":"https:\/\/www.meydan.tv\/az\/wp-json\/wp\/v2\/users\/13"}],"replies":[{"embeddable":true,"href":"https:\/\/www.meydan.tv\/az\/wp-json\/wp\/v2\/comments?post=284339"}],"version-history":[{"count":1,"href":"https:\/\/www.meydan.tv\/az\/wp-json\/wp\/v2\/posts\/284339\/revisions"}],"predecessor-version":[{"id":284340,"href":"https:\/\/www.meydan.tv\/az\/wp-json\/wp\/v2\/posts\/284339\/revisions\/284340"}],"wp:featuredmedia":[{"embeddable":true,"href":"https:\/\/www.meydan.tv\/az\/wp-json\/wp\/v2\/media\/272542"}],"wp:attachment":[{"href":"https:\/\/www.meydan.tv\/az\/wp-json\/wp\/v2\/media?parent=284339"}],"wp:term":[{"taxonomy":"category","embeddable":true,"href":"https:\/\/www.meydan.tv\/az\/wp-json\/wp\/v2\/categories?post=284339"},{"taxonomy":"post_tag","embeddable":true,"href":"https:\/\/www.meydan.tv\/az\/wp-json\/wp\/v2\/tags?post=284339"}],"curies":[{"name":"wp","href":"https:\/\/api.w.org\/{rel}","templated":true}]}}