{"id":284330,"date":"2023-09-08T19:36:36","date_gmt":"2023-09-08T15:36:36","guid":{"rendered":"https:\/\/www.meydan.tv\/?p=284330"},"modified":"2023-09-08T19:36:38","modified_gmt":"2023-09-08T15:36:38","slug":"jurnalistler-generalin-mehkemesine-buraxilmir","status":"publish","type":"post","link":"https:\/\/www.meydan.tv\/az\/article\/jurnalistler-generalin-mehkemesine-buraxilmir\/","title":{"rendered":"Jurnalistl\u0259r general\u0131n m\u0259hk\u0259m\u0259sin\u0259 burax\u0131lm\u0131r"},"content":{"rendered":"\n<p><em><strong>M\u00fcdafi\u0259 Nazirliyinin zabitl\u0259ri m\u00fchakim\u0259 olunur<\/strong><\/em><\/p>\n\n\n\n<p>M\u00fcdafi\u0259 Nazirliyinin Maliyy\u0259 v\u0259 B\u00fcdc\u0259 \u0130dar\u0259sinin ke\u00e7mi\u015f r\u0259isi, 100 milyon manata yax\u0131n m\u0259nims\u0259m\u0259d\u0259 ittiham olunan general-mayor Nizami M\u0259mm\u0259dov v\u0259 daha \u00fc\u00e7 n\u0259f\u0259rin m\u0259hk\u0259m\u0259si ba\u015flay\u0131b. Bunlar H\u0259rbi Hava Q\u00fcvv\u0259l\u0259rinin (HHQ) Maliyy\u0259 Xidm\u0259tinin ke\u00e7mi\u015f r\u0259isi, polkovnik C\u0259lal Kaz\u0131mov, Quru Qo\u015funlar\u0131n\u0131n Maliyy\u0259 \u0130dar\u0259sinin sabiq r\u0259hb\u0259ri Bayram Bayramov v\u0259 idar\u0259nin zabiti V\u00fcsal \u018flizad\u0259dir. Onlar\u0131n i\u015fin\u0259 Bak\u0131 H\u0259rbi M\u0259hk\u0259m\u0259sind\u0259 hakim Fikr\u0259t \u018fliyevin s\u0259drliyil\u0259 bax\u0131l\u0131r.<\/p>\n\n\n\n<p>Sentyabr\u0131n 8-d\u0259 onlar\u0131n i\u015fi \u00fczr\u0259 m\u0259hk\u0259m\u0259nin haz\u0131rl\u0131q iclas\u0131 ke\u00e7irilib. Lakin Cinay\u0259t M\u0259c\u0259ll\u0259sinin 179.4 (x\u00fcsusil\u0259 k\u00fclli miqdarda m\u0259nims\u0259m\u0259 v\u0259 ya israf etm\u0259) madd\u0259sil\u0259 ittiham olunan general v\u0259 onunla birlikd\u0259 m\u00fchakim\u0259 olunan dig\u0259r d\u00f6rd n\u0259f\u0259rin m\u0259hk\u0259m\u0259sin\u0259 jurnalistl\u0259ri buraxmay\u0131blar. M\u0259hk\u0259m\u0259d\u0259n media n\u00fcmay\u0259nd\u0259l\u0259rin\u0259 bildirilib ki, Bak\u0131 H\u0259rbi M\u0259hk\u0259m\u0259sinin s\u0259dr \u0259v\u0259zi Zeynal A\u011fayevin g\u00f6st\u0259ri\u015fi var, general\u0131n m\u0259hk\u0259m\u0259sin\u0259 jurnalistl\u0259r burax\u0131lmayacaq.<\/p>\n\n\n\n<p>M\u0259hk\u0259m\u0259nin haz\u0131rl\u0131q iclas\u0131nda is\u0259 v\u0259kill\u0259rd\u0259n biri deyib ki, Bayram Bayramovun m\u00fcdafi\u0259sin\u0259 yeni qo\u015fulub, cinay\u0259t i\u015finin materiallar\u0131yla tan\u0131\u015f olma\u011fa imkan\u0131 olmay\u0131b. Bu s\u0259b\u0259bd\u0259n ona vaxt verilm\u0259sini ist\u0259yib.<\/p>\n\n\n\n<p>V\u0259kilin v\u0259sat\u0259ti \u0259sas\u0131nda m\u0259hk\u0259m\u0259nin haz\u0131rl\u0131q iclas\u0131 bir h\u0259ft\u0259lik \u2013 sentyabr\u0131n 15-n\u0259 q\u0259d\u0259r t\u0259xir\u0259 sal\u0131n\u0131b.<\/p>\n\n\n\n<p>Eyni g\u00fcnd\u0259 Bak\u0131 H\u0259rbi M\u0259hk\u0259m\u0259sind\u0259 M\u00fcdafi\u0259 Nazirliyinin daha \u00fc\u00e7 n\u0259f\u0259r ke\u00e7mi\u015f v\u0259zif\u0259lisinin m\u00fchakim\u0259si ba\u015f tutacaq. S\u00f6hb\u0259t M\u00fcdafi\u0259 Nazirliyinin M\u0259nzil \u0130stismar \u0130dar\u0259sinin r\u0259isi olmu\u015f Fikr\u0259t Mirz\u0259yev, Sat\u0131nalmalar v\u0259 T\u0259chizat \u0130dar\u0259sinin ke\u00e7mi\u015f r\u0259isi M\u0259likm\u0259mm\u0259d Qurbanov v\u0259 ondan \u0259vv\u0259l bu v\u0259zif\u0259d\u0259 \u00e7al\u0131\u015fm\u0131\u015f Mahir \u015eirvanovdan gedir. Adlar\u0131 \u00e7\u0259kil\u0259n polkovnikl\u0259r d\u0259 x\u00fcsusil\u0259 k\u00fclli miqdarda m\u0259nims\u0259m\u0259d\u0259 t\u0259qsirl\u0259ndirilirl\u0259r.<\/p>\n\n\n\n<p>Onlar\u0131n i\u015fi \u00fczr\u0259 haz\u0131rl\u0131q iclas\u0131nda v\u0259kill\u0259ri deyib ki, m\u0259nims\u0259nildiyi iddia olunan m\u0259bl\u0259\u011fi istintaq d\u00f6vr\u00fcnd\u0259 \u00f6d\u0259yibl\u0259r. Y\u0259ni d\u00f6vl\u0259t\u0259 d\u0259ymi\u015f ziyan \u00f6d\u0259nilib. V\u0259kill\u0259r v\u0259sat\u0259t qald\u0131r\u0131blar ki, h\u00f6km \u00e7\u0131xar\u0131lana q\u0259d\u0259r polkovnikl\u0259r ev dustaql\u0131\u011f\u0131na burax\u0131ls\u0131nlar. Lakin m\u0259hk\u0259m\u0259 buna raz\u0131l\u0131q verm\u0259yib.<\/p>\n\n\n\n<p>Prokuror da deyib ki, ziyan tam \u00f6d\u0259nilm\u0259yib.<\/p>\n\n\n\n<p>Adlar\u0131 \u00e7\u0259kil\u0259n polkovnikl\u0259r general Nizami M\u0259mm\u0259dovla \u0259lbirlikd\u0259 ittiham olunur.<\/p>\n\n\n\n<p>General\u0131n ittiham olundu\u011fu 90 milyon manatdan art\u0131q yeyinti il\u0259 ba\u011fl\u0131 i\u015fd\u0259 is\u0259 t\u0259xmin\u0259n 38 milyon manat \u00f6d\u0259nildiyi bildirilir.<\/p>\n\n\n\n<p>Bu cinay\u0259t i\u015find\u0259 ke\u00e7mi\u015f Ba\u015f Q\u0259rargah r\u0259isi N\u0259cm\u0259ddin Sad\u0131kovun da ad\u0131 ke\u00e7ir, t\u0259qsirl\u0259ndiril\u0259n \u015f\u0259xsl\u0259r onun qanunsuz tap\u015f\u0131r\u0131qlar\u0131n\u0131 yerin\u0259 yetirm\u0259kd\u0259 ittiham olunur.<\/p>\n\n\n\n<p>T\u0259qsirl\u0259ndiril\u0259n M\u0259likm\u0259mm\u0259d Qurbanovun v\u0259kili Ceyhun M\u0259mm\u0259dov avqustun 31-d\u0259 m\u0259hk\u0259m\u0259nin haz\u0131rl\u0131q iclas\u0131nda bu m\u0259s\u0259l\u0259y\u0259 toxunmu\u015fdu. O bildirmi\u015fdi ki, t\u0259qsirl\u0259ndiril\u0259n \u015f\u0259xsl\u0259r\u0259 bel\u0259 bir ittiham verils\u0259 d\u0259, n\u0259d\u0259ns\u0259 ara\u015fd\u0131rma apar\u0131lmay\u0131b, N\u0259cm\u0259ddin Sad\u0131qov \u00f6z\u00fc istintaqa c\u0259lb olunmay\u0131b, ifad\u0259si al\u0131nmay\u0131b.<\/p>\n\n\n\n<p>M\u00fcdafi\u0259 Nazirliyinin sabiq v\u0259zif\u0259lil\u0259ri 2022-ci ilin \u0259vv\u0259lind\u0259 D\u00f6vl\u0259t T\u0259hl\u00fck\u0259sizliyi Xidm\u0259ti (DTX) \u0259m\u0259kda\u015flar\u0131n\u0131n ke\u00e7irdiyi \u0259m\u0259liyyatlar n\u0259tic\u0259sind\u0259 saxlan\u0131l\u0131b. Onlara ittiham veril\u0259n Cinay\u0259t M\u0259c\u0259ll\u0259sinin 179.4-c\u00fc madd\u0259sind\u0259 10 ild\u0259n 14 il\u0259 q\u0259d\u0259r azadl\u0131qdan m\u0259hrumetm\u0259 c\u0259zas\u0131 n\u0259z\u0259rd\u0259 tutulub.<\/p>\n","protected":false},"excerpt":{"rendered":"<p>M\u00fcdafi\u0259 Nazirliyinin zabitl\u0259ri m\u00fchakim\u0259 olunur M\u00fcdafi\u0259 Nazirliyinin Maliyy\u0259 v\u0259 B\u00fcdc\u0259 &#8230; <\/p>\n<p class=\"read-more-container\"><a title=\"Jurnalistl\u0259r general\u0131n m\u0259hk\u0259m\u0259sin\u0259 burax\u0131lm\u0131r\" class=\"read-more button\" href=\"https:\/\/www.meydan.tv\/az\/article\/jurnalistler-generalin-mehkemesine-buraxilmir\/#more-284330\" aria-label=\"Read more about Jurnalistl\u0259r general\u0131n m\u0259hk\u0259m\u0259sin\u0259 burax\u0131lm\u0131r\">Davam\u0131<\/a><\/p>\n","protected":false},"author":18,"featured_media":96626,"comment_status":"closed","ping_status":"closed","sticky":false,"template":"","format":"standard","meta":{"_acf_changed":false,"_sitemap_exclude":false,"_sitemap_priority":"","_sitemap_frequency":"","footnotes":""},"categories":[62,56],"tags":[],"class_list":["post-284330","post","type-post","status-publish","format-standard","has-post-thumbnail","hentry","category-sosial","category-xeberler","infinite-scroll-item","generate-columns","tablet-grid-50","mobile-grid-100","grid-parent","grid-33","no-featured-image-padding"],"acf":[],"yoast_head":"<!-- This site is optimized with the Yoast SEO plugin v27.5 - https:\/\/yoast.com\/product\/yoast-seo-wordpress\/ -->\n<title>Jurnalistl\u0259r general\u0131n m\u0259hk\u0259m\u0259sin\u0259 burax\u0131lm\u0131r - MEYDAN.TV<\/title>\n<meta name=\"robots\" content=\"index, follow, max-snippet:-1, max-image-preview:large, max-video-preview:-1\" \/>\n<link rel=\"canonical\" href=\"https:\/\/www.meydan.tv\/az\/article\/jurnalistler-generalin-mehkemesine-buraxilmir\/\" \/>\n<meta property=\"og:locale\" content=\"az_AZ\" \/>\n<meta property=\"og:type\" content=\"article\" \/>\n<meta property=\"og:title\" content=\"Jurnalistl\u0259r general\u0131n m\u0259hk\u0259m\u0259sin\u0259 burax\u0131lm\u0131r - MEYDAN.TV\" \/>\n<meta property=\"og:description\" content=\"M\u00fcdafi\u0259 Nazirliyinin zabitl\u0259ri m\u00fchakim\u0259 olunur M\u00fcdafi\u0259 Nazirliyinin Maliyy\u0259 v\u0259 B\u00fcdc\u0259 ... Davam\u0131\" \/>\n<meta property=\"og:url\" content=\"https:\/\/www.meydan.tv\/az\/article\/jurnalistler-generalin-mehkemesine-buraxilmir\/\" \/>\n<meta property=\"og:site_name\" content=\"MEYDAN.TV\" \/>\n<meta property=\"article:published_time\" content=\"2023-09-08T15:36:36+00:00\" \/>\n<meta property=\"article:modified_time\" content=\"2023-09-08T15:36:38+00:00\" \/>\n<meta property=\"og:image\" content=\"https:\/\/www.meydan.tv\/wp-content\/uploads\/38145.png\" \/>\n\t<meta property=\"og:image:width\" content=\"1025\" \/>\n\t<meta property=\"og:image:height\" content=\"581\" \/>\n\t<meta property=\"og:image:type\" content=\"image\/png\" \/>\n<meta name=\"author\" content=\"miron\" \/>\n<meta name=\"twitter:card\" content=\"summary_large_image\" \/>\n<script type=\"application\/ld+json\" class=\"yoast-schema-graph\">{\"@context\":\"https:\\\/\\\/schema.org\",\"@graph\":[{\"@type\":\"Article\",\"@id\":\"https:\\\/\\\/www.meydan.tv\\\/az\\\/article\\\/jurnalistler-generalin-mehkemesine-buraxilmir\\\/#article\",\"isPartOf\":{\"@id\":\"https:\\\/\\\/www.meydan.tv\\\/az\\\/article\\\/jurnalistler-generalin-mehkemesine-buraxilmir\\\/\"},\"author\":{\"name\":\"miron\",\"@id\":\"https:\\\/\\\/www.meydan.tv\\\/az\\\/#\\\/schema\\\/person\\\/981b0b284aeaa9ad0cbf814cd4a9d67c\"},\"headline\":\"Jurnalistl\u0259r general\u0131n m\u0259hk\u0259m\u0259sin\u0259 burax\u0131lm\u0131r\",\"datePublished\":\"2023-09-08T15:36:36+00:00\",\"dateModified\":\"2023-09-08T15:36:38+00:00\",\"mainEntityOfPage\":{\"@id\":\"https:\\\/\\\/www.meydan.tv\\\/az\\\/article\\\/jurnalistler-generalin-mehkemesine-buraxilmir\\\/\"},\"wordCount\":696,\"publisher\":{\"@id\":\"https:\\\/\\\/www.meydan.tv\\\/az\\\/#organization\"},\"image\":{\"@id\":\"https:\\\/\\\/www.meydan.tv\\\/az\\\/article\\\/jurnalistler-generalin-mehkemesine-buraxilmir\\\/#primaryimage\"},\"thumbnailUrl\":\"https:\\\/\\\/www.meydan.tv\\\/wp-content\\\/uploads\\\/38145.png\",\"articleSection\":[\"Sosial\",\"X\u0259b\u0259rl\u0259r\"],\"inLanguage\":\"az\"},{\"@type\":\"WebPage\",\"@id\":\"https:\\\/\\\/www.meydan.tv\\\/az\\\/article\\\/jurnalistler-generalin-mehkemesine-buraxilmir\\\/\",\"url\":\"https:\\\/\\\/www.meydan.tv\\\/az\\\/article\\\/jurnalistler-generalin-mehkemesine-buraxilmir\\\/\",\"name\":\"Jurnalistl\u0259r general\u0131n m\u0259hk\u0259m\u0259sin\u0259 burax\u0131lm\u0131r - MEYDAN.TV\",\"isPartOf\":{\"@id\":\"https:\\\/\\\/www.meydan.tv\\\/az\\\/#website\"},\"primaryImageOfPage\":{\"@id\":\"https:\\\/\\\/www.meydan.tv\\\/az\\\/article\\\/jurnalistler-generalin-mehkemesine-buraxilmir\\\/#primaryimage\"},\"image\":{\"@id\":\"https:\\\/\\\/www.meydan.tv\\\/az\\\/article\\\/jurnalistler-generalin-mehkemesine-buraxilmir\\\/#primaryimage\"},\"thumbnailUrl\":\"https:\\\/\\\/www.meydan.tv\\\/wp-content\\\/uploads\\\/38145.png\",\"datePublished\":\"2023-09-08T15:36:36+00:00\",\"dateModified\":\"2023-09-08T15:36:38+00:00\",\"breadcrumb\":{\"@id\":\"https:\\\/\\\/www.meydan.tv\\\/az\\\/article\\\/jurnalistler-generalin-mehkemesine-buraxilmir\\\/#breadcrumb\"},\"inLanguage\":\"az\",\"potentialAction\":[{\"@type\":\"ReadAction\",\"target\":[\"https:\\\/\\\/www.meydan.tv\\\/az\\\/article\\\/jurnalistler-generalin-mehkemesine-buraxilmir\\\/\"]}]},{\"@type\":\"ImageObject\",\"inLanguage\":\"az\",\"@id\":\"https:\\\/\\\/www.meydan.tv\\\/az\\\/article\\\/jurnalistler-generalin-mehkemesine-buraxilmir\\\/#primaryimage\",\"url\":\"https:\\\/\\\/www.meydan.tv\\\/wp-content\\\/uploads\\\/38145.png\",\"contentUrl\":\"https:\\\/\\\/www.meydan.tv\\\/wp-content\\\/uploads\\\/38145.png\",\"width\":1025,\"height\":581,\"caption\":\"Foto: Meydan TV\"},{\"@type\":\"BreadcrumbList\",\"@id\":\"https:\\\/\\\/www.meydan.tv\\\/az\\\/article\\\/jurnalistler-generalin-mehkemesine-buraxilmir\\\/#breadcrumb\",\"itemListElement\":[{\"@type\":\"ListItem\",\"position\":1,\"name\":\"Ana s\u0259hif\u0259\",\"item\":\"https:\\\/\\\/www.meydan.tv\\\/az\\\/\"},{\"@type\":\"ListItem\",\"position\":2,\"name\":\"X\u0259b\u0259rl\u0259r\",\"item\":\"https:\\\/\\\/www.meydan.tv\\\/az\\\/section\\\/xeberler\\\/\"},{\"@type\":\"ListItem\",\"position\":3,\"name\":\"Jurnalistl\u0259r general\u0131n m\u0259hk\u0259m\u0259sin\u0259 burax\u0131lm\u0131r\"}]},{\"@type\":\"WebSite\",\"@id\":\"https:\\\/\\\/www.meydan.tv\\\/az\\\/#website\",\"url\":\"https:\\\/\\\/www.meydan.tv\\\/az\\\/\",\"name\":\"MEYDAN.TV\",\"description\":\"Meydan TV Az\u0259rbaycan\u0131n media m\u0259kan\u0131ndak\u0131 alternativ s\u0259sidir\",\"publisher\":{\"@id\":\"https:\\\/\\\/www.meydan.tv\\\/az\\\/#organization\"},\"potentialAction\":[{\"@type\":\"SearchAction\",\"target\":{\"@type\":\"EntryPoint\",\"urlTemplate\":\"https:\\\/\\\/www.meydan.tv\\\/az\\\/?s={search_term_string}\"},\"query-input\":{\"@type\":\"PropertyValueSpecification\",\"valueRequired\":true,\"valueName\":\"search_term_string\"}}],\"inLanguage\":\"az\"},{\"@type\":\"Organization\",\"@id\":\"https:\\\/\\\/www.meydan.tv\\\/az\\\/#organization\",\"name\":\"Meydan TV\",\"url\":\"https:\\\/\\\/www.meydan.tv\\\/az\\\/\",\"logo\":{\"@type\":\"ImageObject\",\"inLanguage\":\"az\",\"@id\":\"https:\\\/\\\/www.meydan.tv\\\/az\\\/#\\\/schema\\\/logo\\\/image\\\/\",\"url\":\"https:\\\/\\\/www.meydan.tv\\\/wp-content\\\/uploads\\\/2021\\\/07\\\/meydan-logo.svg\",\"contentUrl\":\"https:\\\/\\\/www.meydan.tv\\\/wp-content\\\/uploads\\\/2021\\\/07\\\/meydan-logo.svg\",\"width\":195,\"height\":46,\"caption\":\"Meydan TV\"},\"image\":{\"@id\":\"https:\\\/\\\/www.meydan.tv\\\/az\\\/#\\\/schema\\\/logo\\\/image\\\/\"}},{\"@type\":\"Person\",\"@id\":\"https:\\\/\\\/www.meydan.tv\\\/az\\\/#\\\/schema\\\/person\\\/981b0b284aeaa9ad0cbf814cd4a9d67c\",\"name\":\"miron\"}]}<\/script>\n<!-- \/ Yoast SEO plugin. -->","yoast_head_json":{"title":"Jurnalistl\u0259r general\u0131n m\u0259hk\u0259m\u0259sin\u0259 burax\u0131lm\u0131r - MEYDAN.TV","robots":{"index":"index","follow":"follow","max-snippet":"max-snippet:-1","max-image-preview":"max-image-preview:large","max-video-preview":"max-video-preview:-1"},"canonical":"https:\/\/www.meydan.tv\/az\/article\/jurnalistler-generalin-mehkemesine-buraxilmir\/","og_locale":"az_AZ","og_type":"article","og_title":"Jurnalistl\u0259r general\u0131n m\u0259hk\u0259m\u0259sin\u0259 burax\u0131lm\u0131r - MEYDAN.TV","og_description":"M\u00fcdafi\u0259 Nazirliyinin zabitl\u0259ri m\u00fchakim\u0259 olunur M\u00fcdafi\u0259 Nazirliyinin Maliyy\u0259 v\u0259 B\u00fcdc\u0259 ... Davam\u0131","og_url":"https:\/\/www.meydan.tv\/az\/article\/jurnalistler-generalin-mehkemesine-buraxilmir\/","og_site_name":"MEYDAN.TV","article_published_time":"2023-09-08T15:36:36+00:00","article_modified_time":"2023-09-08T15:36:38+00:00","og_image":[{"width":1025,"height":581,"url":"https:\/\/www.meydan.tv\/wp-content\/uploads\/38145.png","type":"image\/png"}],"author":"miron","twitter_card":"summary_large_image","schema":{"@context":"https:\/\/schema.org","@graph":[{"@type":"Article","@id":"https:\/\/www.meydan.tv\/az\/article\/jurnalistler-generalin-mehkemesine-buraxilmir\/#article","isPartOf":{"@id":"https:\/\/www.meydan.tv\/az\/article\/jurnalistler-generalin-mehkemesine-buraxilmir\/"},"author":{"name":"miron","@id":"https:\/\/www.meydan.tv\/az\/#\/schema\/person\/981b0b284aeaa9ad0cbf814cd4a9d67c"},"headline":"Jurnalistl\u0259r general\u0131n m\u0259hk\u0259m\u0259sin\u0259 burax\u0131lm\u0131r","datePublished":"2023-09-08T15:36:36+00:00","dateModified":"2023-09-08T15:36:38+00:00","mainEntityOfPage":{"@id":"https:\/\/www.meydan.tv\/az\/article\/jurnalistler-generalin-mehkemesine-buraxilmir\/"},"wordCount":696,"publisher":{"@id":"https:\/\/www.meydan.tv\/az\/#organization"},"image":{"@id":"https:\/\/www.meydan.tv\/az\/article\/jurnalistler-generalin-mehkemesine-buraxilmir\/#primaryimage"},"thumbnailUrl":"https:\/\/www.meydan.tv\/wp-content\/uploads\/38145.png","articleSection":["Sosial","X\u0259b\u0259rl\u0259r"],"inLanguage":"az"},{"@type":"WebPage","@id":"https:\/\/www.meydan.tv\/az\/article\/jurnalistler-generalin-mehkemesine-buraxilmir\/","url":"https:\/\/www.meydan.tv\/az\/article\/jurnalistler-generalin-mehkemesine-buraxilmir\/","name":"Jurnalistl\u0259r general\u0131n m\u0259hk\u0259m\u0259sin\u0259 burax\u0131lm\u0131r - MEYDAN.TV","isPartOf":{"@id":"https:\/\/www.meydan.tv\/az\/#website"},"primaryImageOfPage":{"@id":"https:\/\/www.meydan.tv\/az\/article\/jurnalistler-generalin-mehkemesine-buraxilmir\/#primaryimage"},"image":{"@id":"https:\/\/www.meydan.tv\/az\/article\/jurnalistler-generalin-mehkemesine-buraxilmir\/#primaryimage"},"thumbnailUrl":"https:\/\/www.meydan.tv\/wp-content\/uploads\/38145.png","datePublished":"2023-09-08T15:36:36+00:00","dateModified":"2023-09-08T15:36:38+00:00","breadcrumb":{"@id":"https:\/\/www.meydan.tv\/az\/article\/jurnalistler-generalin-mehkemesine-buraxilmir\/#breadcrumb"},"inLanguage":"az","potentialAction":[{"@type":"ReadAction","target":["https:\/\/www.meydan.tv\/az\/article\/jurnalistler-generalin-mehkemesine-buraxilmir\/"]}]},{"@type":"ImageObject","inLanguage":"az","@id":"https:\/\/www.meydan.tv\/az\/article\/jurnalistler-generalin-mehkemesine-buraxilmir\/#primaryimage","url":"https:\/\/www.meydan.tv\/wp-content\/uploads\/38145.png","contentUrl":"https:\/\/www.meydan.tv\/wp-content\/uploads\/38145.png","width":1025,"height":581,"caption":"Foto: Meydan TV"},{"@type":"BreadcrumbList","@id":"https:\/\/www.meydan.tv\/az\/article\/jurnalistler-generalin-mehkemesine-buraxilmir\/#breadcrumb","itemListElement":[{"@type":"ListItem","position":1,"name":"Ana s\u0259hif\u0259","item":"https:\/\/www.meydan.tv\/az\/"},{"@type":"ListItem","position":2,"name":"X\u0259b\u0259rl\u0259r","item":"https:\/\/www.meydan.tv\/az\/section\/xeberler\/"},{"@type":"ListItem","position":3,"name":"Jurnalistl\u0259r general\u0131n m\u0259hk\u0259m\u0259sin\u0259 burax\u0131lm\u0131r"}]},{"@type":"WebSite","@id":"https:\/\/www.meydan.tv\/az\/#website","url":"https:\/\/www.meydan.tv\/az\/","name":"MEYDAN.TV","description":"Meydan TV Az\u0259rbaycan\u0131n media m\u0259kan\u0131ndak\u0131 alternativ s\u0259sidir","publisher":{"@id":"https:\/\/www.meydan.tv\/az\/#organization"},"potentialAction":[{"@type":"SearchAction","target":{"@type":"EntryPoint","urlTemplate":"https:\/\/www.meydan.tv\/az\/?s={search_term_string}"},"query-input":{"@type":"PropertyValueSpecification","valueRequired":true,"valueName":"search_term_string"}}],"inLanguage":"az"},{"@type":"Organization","@id":"https:\/\/www.meydan.tv\/az\/#organization","name":"Meydan TV","url":"https:\/\/www.meydan.tv\/az\/","logo":{"@type":"ImageObject","inLanguage":"az","@id":"https:\/\/www.meydan.tv\/az\/#\/schema\/logo\/image\/","url":"https:\/\/www.meydan.tv\/wp-content\/uploads\/2021\/07\/meydan-logo.svg","contentUrl":"https:\/\/www.meydan.tv\/wp-content\/uploads\/2021\/07\/meydan-logo.svg","width":195,"height":46,"caption":"Meydan TV"},"image":{"@id":"https:\/\/www.meydan.tv\/az\/#\/schema\/logo\/image\/"}},{"@type":"Person","@id":"https:\/\/www.meydan.tv\/az\/#\/schema\/person\/981b0b284aeaa9ad0cbf814cd4a9d67c","name":"miron"}]}},"_links":{"self":[{"href":"https:\/\/www.meydan.tv\/az\/wp-json\/wp\/v2\/posts\/284330","targetHints":{"allow":["GET"]}}],"collection":[{"href":"https:\/\/www.meydan.tv\/az\/wp-json\/wp\/v2\/posts"}],"about":[{"href":"https:\/\/www.meydan.tv\/az\/wp-json\/wp\/v2\/types\/post"}],"author":[{"embeddable":true,"href":"https:\/\/www.meydan.tv\/az\/wp-json\/wp\/v2\/users\/18"}],"replies":[{"embeddable":true,"href":"https:\/\/www.meydan.tv\/az\/wp-json\/wp\/v2\/comments?post=284330"}],"version-history":[{"count":3,"href":"https:\/\/www.meydan.tv\/az\/wp-json\/wp\/v2\/posts\/284330\/revisions"}],"predecessor-version":[{"id":284334,"href":"https:\/\/www.meydan.tv\/az\/wp-json\/wp\/v2\/posts\/284330\/revisions\/284334"}],"wp:featuredmedia":[{"embeddable":true,"href":"https:\/\/www.meydan.tv\/az\/wp-json\/wp\/v2\/media\/96626"}],"wp:attachment":[{"href":"https:\/\/www.meydan.tv\/az\/wp-json\/wp\/v2\/media?parent=284330"}],"wp:term":[{"taxonomy":"category","embeddable":true,"href":"https:\/\/www.meydan.tv\/az\/wp-json\/wp\/v2\/categories?post=284330"},{"taxonomy":"post_tag","embeddable":true,"href":"https:\/\/www.meydan.tv\/az\/wp-json\/wp\/v2\/tags?post=284330"}],"curies":[{"name":"wp","href":"https:\/\/api.w.org\/{rel}","templated":true}]}}