{"id":284260,"date":"2023-09-07T19:39:10","date_gmt":"2023-09-07T15:39:10","guid":{"rendered":"https:\/\/www.meydan.tv\/?p=284260"},"modified":"2023-09-07T19:39:12","modified_gmt":"2023-09-07T15:39:12","slug":"azyaslinin-olumunde-teqsirlendirilen-mesqcinin-mehkemesi-qapali-kecirilecek","status":"publish","type":"post","link":"https:\/\/www.meydan.tv\/az\/article\/azyaslinin-olumunde-teqsirlendirilen-mesqcinin-mehkemesi-qapali-kecirilecek\/","title":{"rendered":"Azya\u015fl\u0131n\u0131n \u00f6l\u00fcm\u00fcnd\u0259 t\u0259qsirl\u0259ndiril\u0259n m\u0259\u015fq\u00e7inin m\u0259hk\u0259m\u0259si qapal\u0131 ke\u00e7iril\u0259c\u0259k"},"content":{"rendered":"\n<p><em><strong>Z\u0259r\u0259r\u00e7\u0259k\u0259n prosesin a\u00e7\u0131q ke\u00e7irilm\u0259sin\u0259 qar\u015f\u0131 \u00e7\u0131x\u0131b<\/strong><\/em><\/p>\n\n\n\n<p>Sumqay\u0131tdak\u0131 m\u0259kt\u0259bl\u0259rd\u0259n birinin idman zal\u0131nda m\u0259\u015fq zaman\u0131 azya\u015fl\u0131 t\u0259l\u0259b\u0259nin ald\u0131\u011f\u0131 x\u0259sar\u0259tl\u0259rd\u0259n \u00f6lm\u0259siyl\u0259 ba\u011fl\u0131 m\u0259hk\u0259m\u0259 istintaq\u0131 ba\u015flay\u0131b. 7 ya\u015fl\u0131 F\u0259rid Bakarovu \u00f6ld\u00fcrm\u0259kd\u0259 ittiham olunan sambo idman n\u00f6v\u00fc \u00fczr\u0259 m\u0259\u015fq\u00e7i Mehman X\u0259lilov Sumqay\u0131t A\u011f\u0131r Cinay\u0259tl\u0259r M\u0259hk\u0259m\u0259sind\u0259 m\u00fchakim\u0259 olunur. Onun i\u015fini F\u0259hmin H\u00fcmb\u0259tovun s\u0259drliyil\u0259, Aynur Rzayeva v\u0259 Hafiz \u018fliyevd\u0259n ibar\u0259t hakiml\u0259r kollegiyas\u0131 ara\u015fd\u0131r\u0131r.<\/p>\n\n\n\n<p>M\u0259hk\u0259m\u0259d\u0259 z\u0259r\u0259r\u00e7\u0259kmi\u015fin h\u00fcquqi varisi qismind\u0259 u\u015fa\u011f\u0131n anas\u0131 Aynur\u0259 M\u0259likova tan\u0131n\u0131b.<\/p>\n\n\n\n<p>Sentyabr\u0131n 7-d\u0259 m\u0259hk\u0259m\u0259 iclas\u0131nda jurnalistl\u0259rin i\u015ftirak\u0131, \u00e7\u0259kili\u015f aparmalar\u0131na icaz\u0259 verilib-verilm\u0259m\u0259si m\u0259s\u0259l\u0259si m\u00fczakir\u0259y\u0259 \u00e7\u0131xar\u0131l\u0131b.<\/p>\n\n\n\n<p>Mehman X\u0259lilovun v\u0259kili Anar Qas\u0131ml\u0131 bildirib ki, m\u0259hk\u0259m\u0259 prosesinin a\u00e7\u0131q v\u0259 ya qapal\u0131 ke\u00e7irilm\u0259sinin onlar \u00fc\u00e7\u00fcn f\u0259rqi yoxdur. Jurnalistl\u0259rin d\u0259 i\u015ftirak\u0131na etiraz etmirl\u0259r. Lakin m\u0259hk\u0259m\u0259 \u00e7\u0259kili\u015f apar\u0131lmas\u0131na icaz\u0259 ver\u0259rs\u0259, sad\u0259c\u0259, indi kadr g\u00f6t\u00fcr\u00fclm\u0259sin\u0259 icaz\u0259 verm\u0259kl\u0259 kifay\u0259tl\u0259nm\u0259m\u0259lidir. B\u00fct\u00fcn proses boyu buna imkan yarad\u0131lmal\u0131d\u0131r. V\u0259kil bu ist\u0259yini bel\u0259 \u0259sasland\u0131r\u0131b ki, m\u00fcv\u0259kkilin\u0259 a\u011f\u0131rla\u015fd\u0131r\u0131c\u0131 halda, q\u0259sd\u0259n adam \u00f6ld\u00fcrm\u0259 ittiham\u0131 verilib. Bunun da s\u0259b\u0259bi hadis\u0259d\u0259n sonra idman zal\u0131ndan yay\u0131lan g\u00f6r\u00fcnt\u00fcl\u0259r v\u0259 n\u0259tic\u0259d\u0259 c\u0259miyy\u0259td\u0259 yaranm\u0131\u015f q\u0259z\u0259bdir:<\/p>\n\n\n\n<p><em>\u201cO videolar yay\u0131landan sonra insanlarda q\u0259z\u0259b yarand\u0131. Amma i\u015fd\u0259 f\u0259rqli hallar var. Biz b\u00fct\u00fcn hallar\u0131n c\u0259miyy\u0259t\u0259 \u00e7atd\u0131r\u0131lmas\u0131nda maraql\u0131y\u0131q. A\u011f\u0131r hadis\u0259dir, ac\u0131n\u0131 ba\u015fa d\u00fc\u015f\u00fcr\u0259m. Amma i\u015fin d\u0259 obyektiv, h\u0259rt\u0259r\u0259fli ara\u015fd\u0131r\u0131lmas\u0131 laz\u0131md\u0131r. Biz\u0259 obyekt kimi yana\u015f\u0131l\u0131b, ki\u00e7ik bir \u00e7\u0259kili\u015f edilib, bundan b\u00f6y\u00fck s\u0259s-k\u00fcy yaranmas\u0131n\u0131 ist\u0259mirik\u201d.<\/em><\/p>\n\n\n\n<p>Z\u0259r\u0259r\u00e7\u0259kmi\u015fin h\u00fcquqi varisi Aynur\u0259 M\u0259likova is\u0259 \u00fcmumiyy\u0259tl\u0259, jurnalistl\u0259rin i\u015ftirak\u0131na etiraz edib. O bildirib ki, m\u0259hk\u0259m\u0259nin qapal\u0131 ke\u00e7irilm\u0259sini ist\u0259yir.<\/p>\n\n\n\n<p>Aynur\u0259 M\u0259likova vur\u011fulay\u0131b ki, t\u0259qsirl\u0259ndiril\u0259n Mehman X\u0259lilovla aralar\u0131nda olanlar\u0131n ba\u015fqalar\u0131na aidiyy\u0259ti yoxdur:<\/p>\n\n\n\n<p><em>\u201cAram\u0131zda n\u0259 olubsa, n\u0259 s\u00f6hb\u0259tl\u0259r varsa, biz\u0259 aiddir. \u00d6z aram\u0131zdad\u0131r, \u00f6z\u00fcm\u00fcz bilirik. Ke\u00e7\u0259n d\u0259f\u0259 yaz\u0131blar ki, \u201canan\u0131n f\u0259ryad\u0131\u201d.\u00a0 \u015eou qururlar. M\u0259n\u0259 laz\u0131m deyil. M\u0259nim o\u011flum var, m\u0259kt\u0259b\u0259 gedir, m\u0259n ist\u0259mir\u0259m\u201d.<\/em><\/p>\n\n\n\n<p>Hakiml\u0259r kollegiyas\u0131 q\u0131sa m\u00fc\u015favir\u0259 edib, m\u0259hk\u0259m\u0259 istintaq\u0131n\u0131n qapal\u0131 ke\u00e7irilm\u0259si bar\u0259d\u0259 q\u0259rar q\u0259bul edib.<\/p>\n\n\n\n<p>Hakim F\u0259hmin H\u00fcmb\u0259tov q\u0259rar\u0131 \u0259sasland\u0131rark\u0259n deyib ki, cinay\u0259t i\u015finin materiallar\u0131nda \u015f\u0259xsi h\u0259yata aid, ail\u0259 sirri hesab olunan m\u0259s\u0259l\u0259l\u0259r, yaz\u0131\u015fmalar var. Bu s\u0259b\u0259bd\u0259n prosesin qapal\u0131 ke\u00e7irilm\u0259si m\u0259qs\u0259d\u0259uy\u011fun hesab olunub.<\/p>\n\n\n\n<p>Meydan TV-nin \u0259ld\u0259 etdiyi m\u0259lumata g\u00f6r\u0259, qapal\u0131 ke\u00e7iril\u0259n m\u0259hk\u0259m\u0259 iclas\u0131nda prokuror Samir M\u0259mm\u0259dov ittiham akt\u0131n\u0131 elan edib, t\u0259qsirl\u0259ndiril\u0259n \u015f\u0259xs ifad\u0259 verib.<\/p>\n\n\n\n<p>Cinay\u0259t M\u0259c\u0259ll\u0259sinin 120.2.4 v\u0259 120.2.9-cu (x\u00fcsusi amans\u0131zl\u0131qla v\u0259 t\u0259qsirkar \u015f\u0259xs \u00fc\u00e7\u00fcn a\u015fkar sur\u0259td\u0259 k\u00f6m\u0259ksiz v\u0259ziyy\u0259td\u0259 q\u0259sd\u0259n adam\u0131 \u00f6ld\u00fcrm\u0259) madd\u0259l\u0259ril\u0259 ittiham olunan 1994-c\u00fc il t\u0259v\u0259ll\u00fcdl\u00fc Mehman X\u0259lilov bu ittihamlar\u0131 q\u0259bul etm\u0259yib. O bildirib ki, hadis\u0259 m\u0259\u015fq prosesind\u0259 ba\u015f verib. Mehman X\u0259lilovun s\u00f6zl\u0259rin\u0259 g\u00f6r\u0259, q\u0259tiyy\u0259n u\u015fa\u011fa z\u0259r\u0259r verm\u0259k niyy\u0259ti olmay\u0131b.<\/p>\n\n\n\n<p>Aynur\u0259 M\u0259likova iddia edib ki, Mehman X\u0259lilov ondan qisas almaq m\u0259qs\u0259dil\u0259 u\u015fa\u011f\u0131n\u0131 \u00f6ld\u00fcr\u00fcb.<\/p>\n\n\n\n<p>Mehman X\u0259lilov is\u0259 bu haqda deyil\u0259nl\u0259rin h\u0259qiq\u0259t\u0259 uy\u011fun olmad\u0131\u011f\u0131n\u0131 bildirib.<\/p>\n\n\n\n<p>M\u0259hk\u0259m\u0259 prosesi sentyabr\u0131n 21-d\u0259 davam ed\u0259c\u0259k.<\/p>\n\n\n\n<p>Hadis\u0259d\u0259n sonra Mehman X\u0259lilova qar\u015f\u0131 Cinay\u0259t M\u0259c\u0259ll\u0259sinin 126.3 (q\u0259sd\u0259n b\u0259d\u0259n\u0259 a\u011f\u0131r x\u0259sar\u0259t yetirm\u0259, \u00f6l\u00fcm\u0259 s\u0259b\u0259b olduqda) madd\u0259sil\u0259 ittiham ir\u0259li s\u00fcr\u00fclm\u00fc\u015fd\u00fc. Lakin istintaq yekunla\u015fanda ittiham a\u011f\u0131rla\u015fd\u0131r\u0131ld\u0131 v\u0259 \u0259m\u0259li q\u0259sd\u0259n adam \u00f6ld\u00fcrm\u0259y\u0259 t\u00f6vsif olundu.<\/p>\n\n\n\n<p>Hadis\u0259 aprelin 29-da ba\u015f verib. M\u0259\u015fq zaman\u0131 a\u011f\u0131r x\u0259sar\u0259t alan 2016-c\u0131 il t\u0259v\u0259ll\u00fcdl\u00fc F\u0259rid Bakarov Sumqay\u0131t \u015f\u0259h\u0259r U\u015faq X\u0259st\u0259xanas\u0131na \u00e7atd\u0131r\u0131lsa da, onun h\u0259yat\u0131n\u0131 xilas etm\u0259k m\u00fcmk\u00fcn olmay\u0131b.<\/p>\n\n\n\n<p>Hadis\u0259d\u0259n sonra sosial \u015f\u0259b\u0259k\u0259l\u0259rd\u0259 videog\u00f6r\u00fcnt\u00fcl\u0259r yay\u0131l\u0131b. H\u0259min g\u00f6r\u00fcnt\u00fcl\u0259rd\u0259 sambo idman n\u00f6v\u00fc \u00fczr\u0259 ke\u00e7iril\u0259n t\u0259lim zaman\u0131 m\u0259\u015fq\u00e7i azya\u015fl\u0131 t\u0259l\u0259b\u0259y\u0259 z\u0259rb\u0259 vurur.<\/p>\n\n\n\n<p>7 ya\u015fl\u0131 F\u0259rid Bakarov qarda\u015f\u0131 il\u0259 birlikd\u0259 iki ay imi\u015f ki, Avropa Oyunlar\u0131n\u0131n b\u00fcr\u00fcnc m\u00fckafat\u00e7\u0131s\u0131 olan Mehman X\u0259lilovun sambo m\u0259\u015fql\u0259rind\u0259 i\u015ftirak edirmi\u015f.<\/p>\n\n\n\n<p>Hadis\u0259 zaman\u0131 F\u0259rid Bakarovun anas\u0131 da orada olub.<\/p>\n","protected":false},"excerpt":{"rendered":"<p>Z\u0259r\u0259r\u00e7\u0259k\u0259n prosesin a\u00e7\u0131q ke\u00e7irilm\u0259sin\u0259 qar\u015f\u0131 \u00e7\u0131x\u0131b Sumqay\u0131tdak\u0131 m\u0259kt\u0259bl\u0259rd\u0259n birinin idman &#8230; <\/p>\n<p class=\"read-more-container\"><a title=\"Azya\u015fl\u0131n\u0131n \u00f6l\u00fcm\u00fcnd\u0259 t\u0259qsirl\u0259ndiril\u0259n m\u0259\u015fq\u00e7inin m\u0259hk\u0259m\u0259si qapal\u0131 ke\u00e7iril\u0259c\u0259k\" class=\"read-more button\" href=\"https:\/\/www.meydan.tv\/az\/article\/azyaslinin-olumunde-teqsirlendirilen-mesqcinin-mehkemesi-qapali-kecirilecek\/#more-284260\" aria-label=\"Read more about Azya\u015fl\u0131n\u0131n \u00f6l\u00fcm\u00fcnd\u0259 t\u0259qsirl\u0259ndiril\u0259n m\u0259\u015fq\u00e7inin m\u0259hk\u0259m\u0259si qapal\u0131 ke\u00e7iril\u0259c\u0259k\">Davam\u0131<\/a><\/p>\n","protected":false},"author":12,"featured_media":260251,"comment_status":"closed","ping_status":"closed","sticky":false,"template":"","format":"standard","meta":{"_acf_changed":false,"_sitemap_exclude":false,"_sitemap_priority":"","_sitemap_frequency":"","footnotes":""},"categories":[62,56],"tags":[],"class_list":["post-284260","post","type-post","status-publish","format-standard","has-post-thumbnail","hentry","category-sosial","category-xeberler","infinite-scroll-item","generate-columns","tablet-grid-50","mobile-grid-100","grid-parent","grid-33","no-featured-image-padding"],"acf":[],"yoast_head":"<!-- This site is optimized with the Yoast SEO plugin v27.5 - https:\/\/yoast.com\/product\/yoast-seo-wordpress\/ -->\n<title>Azya\u015fl\u0131n\u0131n \u00f6l\u00fcm\u00fcnd\u0259 t\u0259qsirl\u0259ndiril\u0259n m\u0259\u015fq\u00e7inin m\u0259hk\u0259m\u0259si qapal\u0131 ke\u00e7iril\u0259c\u0259k - MEYDAN.TV<\/title>\n<meta name=\"robots\" content=\"index, follow, max-snippet:-1, max-image-preview:large, max-video-preview:-1\" \/>\n<link rel=\"canonical\" href=\"https:\/\/www.meydan.tv\/az\/article\/azyaslinin-olumunde-teqsirlendirilen-mesqcinin-mehkemesi-qapali-kecirilecek\/\" \/>\n<meta property=\"og:locale\" content=\"az_AZ\" \/>\n<meta property=\"og:type\" content=\"article\" \/>\n<meta property=\"og:title\" content=\"Azya\u015fl\u0131n\u0131n \u00f6l\u00fcm\u00fcnd\u0259 t\u0259qsirl\u0259ndiril\u0259n m\u0259\u015fq\u00e7inin m\u0259hk\u0259m\u0259si qapal\u0131 ke\u00e7iril\u0259c\u0259k - MEYDAN.TV\" \/>\n<meta property=\"og:description\" content=\"Z\u0259r\u0259r\u00e7\u0259k\u0259n prosesin a\u00e7\u0131q ke\u00e7irilm\u0259sin\u0259 qar\u015f\u0131 \u00e7\u0131x\u0131b Sumqay\u0131tdak\u0131 m\u0259kt\u0259bl\u0259rd\u0259n birinin idman ... Davam\u0131\" \/>\n<meta property=\"og:url\" content=\"https:\/\/www.meydan.tv\/az\/article\/azyaslinin-olumunde-teqsirlendirilen-mesqcinin-mehkemesi-qapali-kecirilecek\/\" \/>\n<meta property=\"og:site_name\" content=\"MEYDAN.TV\" \/>\n<meta property=\"article:published_time\" content=\"2023-09-07T15:39:10+00:00\" \/>\n<meta property=\"article:modified_time\" content=\"2023-09-07T15:39:12+00:00\" \/>\n<meta property=\"og:image\" content=\"https:\/\/www.meydan.tv\/wp-content\/uploads\/image-from-ios-8.jpg\" \/>\n\t<meta property=\"og:image:width\" content=\"1500\" \/>\n\t<meta property=\"og:image:height\" content=\"844\" \/>\n\t<meta property=\"og:image:type\" content=\"image\/jpeg\" \/>\n<meta name=\"author\" content=\"aleks\" \/>\n<meta name=\"twitter:card\" content=\"summary_large_image\" \/>\n<script type=\"application\/ld+json\" class=\"yoast-schema-graph\">{\"@context\":\"https:\\\/\\\/schema.org\",\"@graph\":[{\"@type\":\"Article\",\"@id\":\"https:\\\/\\\/www.meydan.tv\\\/az\\\/article\\\/azyaslinin-olumunde-teqsirlendirilen-mesqcinin-mehkemesi-qapali-kecirilecek\\\/#article\",\"isPartOf\":{\"@id\":\"https:\\\/\\\/www.meydan.tv\\\/az\\\/article\\\/azyaslinin-olumunde-teqsirlendirilen-mesqcinin-mehkemesi-qapali-kecirilecek\\\/\"},\"author\":{\"name\":\"aleks\",\"@id\":\"https:\\\/\\\/www.meydan.tv\\\/az\\\/#\\\/schema\\\/person\\\/476e9360e593fa131d5d71d51866f8da\"},\"headline\":\"Azya\u015fl\u0131n\u0131n \u00f6l\u00fcm\u00fcnd\u0259 t\u0259qsirl\u0259ndiril\u0259n m\u0259\u015fq\u00e7inin m\u0259hk\u0259m\u0259si qapal\u0131 ke\u00e7iril\u0259c\u0259k\",\"datePublished\":\"2023-09-07T15:39:10+00:00\",\"dateModified\":\"2023-09-07T15:39:12+00:00\",\"mainEntityOfPage\":{\"@id\":\"https:\\\/\\\/www.meydan.tv\\\/az\\\/article\\\/azyaslinin-olumunde-teqsirlendirilen-mesqcinin-mehkemesi-qapali-kecirilecek\\\/\"},\"wordCount\":958,\"publisher\":{\"@id\":\"https:\\\/\\\/www.meydan.tv\\\/az\\\/#organization\"},\"image\":{\"@id\":\"https:\\\/\\\/www.meydan.tv\\\/az\\\/article\\\/azyaslinin-olumunde-teqsirlendirilen-mesqcinin-mehkemesi-qapali-kecirilecek\\\/#primaryimage\"},\"thumbnailUrl\":\"https:\\\/\\\/www.meydan.tv\\\/wp-content\\\/uploads\\\/image-from-ios-8.jpg\",\"articleSection\":[\"Sosial\",\"X\u0259b\u0259rl\u0259r\"],\"inLanguage\":\"az\"},{\"@type\":\"WebPage\",\"@id\":\"https:\\\/\\\/www.meydan.tv\\\/az\\\/article\\\/azyaslinin-olumunde-teqsirlendirilen-mesqcinin-mehkemesi-qapali-kecirilecek\\\/\",\"url\":\"https:\\\/\\\/www.meydan.tv\\\/az\\\/article\\\/azyaslinin-olumunde-teqsirlendirilen-mesqcinin-mehkemesi-qapali-kecirilecek\\\/\",\"name\":\"Azya\u015fl\u0131n\u0131n \u00f6l\u00fcm\u00fcnd\u0259 t\u0259qsirl\u0259ndiril\u0259n m\u0259\u015fq\u00e7inin m\u0259hk\u0259m\u0259si qapal\u0131 ke\u00e7iril\u0259c\u0259k - MEYDAN.TV\",\"isPartOf\":{\"@id\":\"https:\\\/\\\/www.meydan.tv\\\/az\\\/#website\"},\"primaryImageOfPage\":{\"@id\":\"https:\\\/\\\/www.meydan.tv\\\/az\\\/article\\\/azyaslinin-olumunde-teqsirlendirilen-mesqcinin-mehkemesi-qapali-kecirilecek\\\/#primaryimage\"},\"image\":{\"@id\":\"https:\\\/\\\/www.meydan.tv\\\/az\\\/article\\\/azyaslinin-olumunde-teqsirlendirilen-mesqcinin-mehkemesi-qapali-kecirilecek\\\/#primaryimage\"},\"thumbnailUrl\":\"https:\\\/\\\/www.meydan.tv\\\/wp-content\\\/uploads\\\/image-from-ios-8.jpg\",\"datePublished\":\"2023-09-07T15:39:10+00:00\",\"dateModified\":\"2023-09-07T15:39:12+00:00\",\"breadcrumb\":{\"@id\":\"https:\\\/\\\/www.meydan.tv\\\/az\\\/article\\\/azyaslinin-olumunde-teqsirlendirilen-mesqcinin-mehkemesi-qapali-kecirilecek\\\/#breadcrumb\"},\"inLanguage\":\"az\",\"potentialAction\":[{\"@type\":\"ReadAction\",\"target\":[\"https:\\\/\\\/www.meydan.tv\\\/az\\\/article\\\/azyaslinin-olumunde-teqsirlendirilen-mesqcinin-mehkemesi-qapali-kecirilecek\\\/\"]}]},{\"@type\":\"ImageObject\",\"inLanguage\":\"az\",\"@id\":\"https:\\\/\\\/www.meydan.tv\\\/az\\\/article\\\/azyaslinin-olumunde-teqsirlendirilen-mesqcinin-mehkemesi-qapali-kecirilecek\\\/#primaryimage\",\"url\":\"https:\\\/\\\/www.meydan.tv\\\/wp-content\\\/uploads\\\/image-from-ios-8.jpg\",\"contentUrl\":\"https:\\\/\\\/www.meydan.tv\\\/wp-content\\\/uploads\\\/image-from-ios-8.jpg\",\"width\":1500,\"height\":844,\"caption\":\"M\u0259hk\u0259m\u0259. \u0130ll\u00fcstrasiya: Meydan TV\"},{\"@type\":\"BreadcrumbList\",\"@id\":\"https:\\\/\\\/www.meydan.tv\\\/az\\\/article\\\/azyaslinin-olumunde-teqsirlendirilen-mesqcinin-mehkemesi-qapali-kecirilecek\\\/#breadcrumb\",\"itemListElement\":[{\"@type\":\"ListItem\",\"position\":1,\"name\":\"Ana s\u0259hif\u0259\",\"item\":\"https:\\\/\\\/www.meydan.tv\\\/az\\\/\"},{\"@type\":\"ListItem\",\"position\":2,\"name\":\"X\u0259b\u0259rl\u0259r\",\"item\":\"https:\\\/\\\/www.meydan.tv\\\/az\\\/section\\\/xeberler\\\/\"},{\"@type\":\"ListItem\",\"position\":3,\"name\":\"Azya\u015fl\u0131n\u0131n \u00f6l\u00fcm\u00fcnd\u0259 t\u0259qsirl\u0259ndiril\u0259n m\u0259\u015fq\u00e7inin m\u0259hk\u0259m\u0259si qapal\u0131 ke\u00e7iril\u0259c\u0259k\"}]},{\"@type\":\"WebSite\",\"@id\":\"https:\\\/\\\/www.meydan.tv\\\/az\\\/#website\",\"url\":\"https:\\\/\\\/www.meydan.tv\\\/az\\\/\",\"name\":\"MEYDAN.TV\",\"description\":\"Meydan TV Az\u0259rbaycan\u0131n media m\u0259kan\u0131ndak\u0131 alternativ s\u0259sidir\",\"publisher\":{\"@id\":\"https:\\\/\\\/www.meydan.tv\\\/az\\\/#organization\"},\"potentialAction\":[{\"@type\":\"SearchAction\",\"target\":{\"@type\":\"EntryPoint\",\"urlTemplate\":\"https:\\\/\\\/www.meydan.tv\\\/az\\\/?s={search_term_string}\"},\"query-input\":{\"@type\":\"PropertyValueSpecification\",\"valueRequired\":true,\"valueName\":\"search_term_string\"}}],\"inLanguage\":\"az\"},{\"@type\":\"Organization\",\"@id\":\"https:\\\/\\\/www.meydan.tv\\\/az\\\/#organization\",\"name\":\"Meydan TV\",\"url\":\"https:\\\/\\\/www.meydan.tv\\\/az\\\/\",\"logo\":{\"@type\":\"ImageObject\",\"inLanguage\":\"az\",\"@id\":\"https:\\\/\\\/www.meydan.tv\\\/az\\\/#\\\/schema\\\/logo\\\/image\\\/\",\"url\":\"https:\\\/\\\/www.meydan.tv\\\/wp-content\\\/uploads\\\/2021\\\/07\\\/meydan-logo.svg\",\"contentUrl\":\"https:\\\/\\\/www.meydan.tv\\\/wp-content\\\/uploads\\\/2021\\\/07\\\/meydan-logo.svg\",\"width\":195,\"height\":46,\"caption\":\"Meydan TV\"},\"image\":{\"@id\":\"https:\\\/\\\/www.meydan.tv\\\/az\\\/#\\\/schema\\\/logo\\\/image\\\/\"}},{\"@type\":\"Person\",\"@id\":\"https:\\\/\\\/www.meydan.tv\\\/az\\\/#\\\/schema\\\/person\\\/476e9360e593fa131d5d71d51866f8da\",\"name\":\"aleks\"}]}<\/script>\n<!-- \/ Yoast SEO plugin. -->","yoast_head_json":{"title":"Azya\u015fl\u0131n\u0131n \u00f6l\u00fcm\u00fcnd\u0259 t\u0259qsirl\u0259ndiril\u0259n m\u0259\u015fq\u00e7inin m\u0259hk\u0259m\u0259si qapal\u0131 ke\u00e7iril\u0259c\u0259k - MEYDAN.TV","robots":{"index":"index","follow":"follow","max-snippet":"max-snippet:-1","max-image-preview":"max-image-preview:large","max-video-preview":"max-video-preview:-1"},"canonical":"https:\/\/www.meydan.tv\/az\/article\/azyaslinin-olumunde-teqsirlendirilen-mesqcinin-mehkemesi-qapali-kecirilecek\/","og_locale":"az_AZ","og_type":"article","og_title":"Azya\u015fl\u0131n\u0131n \u00f6l\u00fcm\u00fcnd\u0259 t\u0259qsirl\u0259ndiril\u0259n m\u0259\u015fq\u00e7inin m\u0259hk\u0259m\u0259si qapal\u0131 ke\u00e7iril\u0259c\u0259k - MEYDAN.TV","og_description":"Z\u0259r\u0259r\u00e7\u0259k\u0259n prosesin a\u00e7\u0131q ke\u00e7irilm\u0259sin\u0259 qar\u015f\u0131 \u00e7\u0131x\u0131b Sumqay\u0131tdak\u0131 m\u0259kt\u0259bl\u0259rd\u0259n birinin idman ... Davam\u0131","og_url":"https:\/\/www.meydan.tv\/az\/article\/azyaslinin-olumunde-teqsirlendirilen-mesqcinin-mehkemesi-qapali-kecirilecek\/","og_site_name":"MEYDAN.TV","article_published_time":"2023-09-07T15:39:10+00:00","article_modified_time":"2023-09-07T15:39:12+00:00","og_image":[{"width":1500,"height":844,"url":"https:\/\/www.meydan.tv\/wp-content\/uploads\/image-from-ios-8.jpg","type":"image\/jpeg"}],"author":"aleks","twitter_card":"summary_large_image","schema":{"@context":"https:\/\/schema.org","@graph":[{"@type":"Article","@id":"https:\/\/www.meydan.tv\/az\/article\/azyaslinin-olumunde-teqsirlendirilen-mesqcinin-mehkemesi-qapali-kecirilecek\/#article","isPartOf":{"@id":"https:\/\/www.meydan.tv\/az\/article\/azyaslinin-olumunde-teqsirlendirilen-mesqcinin-mehkemesi-qapali-kecirilecek\/"},"author":{"name":"aleks","@id":"https:\/\/www.meydan.tv\/az\/#\/schema\/person\/476e9360e593fa131d5d71d51866f8da"},"headline":"Azya\u015fl\u0131n\u0131n \u00f6l\u00fcm\u00fcnd\u0259 t\u0259qsirl\u0259ndiril\u0259n m\u0259\u015fq\u00e7inin m\u0259hk\u0259m\u0259si qapal\u0131 ke\u00e7iril\u0259c\u0259k","datePublished":"2023-09-07T15:39:10+00:00","dateModified":"2023-09-07T15:39:12+00:00","mainEntityOfPage":{"@id":"https:\/\/www.meydan.tv\/az\/article\/azyaslinin-olumunde-teqsirlendirilen-mesqcinin-mehkemesi-qapali-kecirilecek\/"},"wordCount":958,"publisher":{"@id":"https:\/\/www.meydan.tv\/az\/#organization"},"image":{"@id":"https:\/\/www.meydan.tv\/az\/article\/azyaslinin-olumunde-teqsirlendirilen-mesqcinin-mehkemesi-qapali-kecirilecek\/#primaryimage"},"thumbnailUrl":"https:\/\/www.meydan.tv\/wp-content\/uploads\/image-from-ios-8.jpg","articleSection":["Sosial","X\u0259b\u0259rl\u0259r"],"inLanguage":"az"},{"@type":"WebPage","@id":"https:\/\/www.meydan.tv\/az\/article\/azyaslinin-olumunde-teqsirlendirilen-mesqcinin-mehkemesi-qapali-kecirilecek\/","url":"https:\/\/www.meydan.tv\/az\/article\/azyaslinin-olumunde-teqsirlendirilen-mesqcinin-mehkemesi-qapali-kecirilecek\/","name":"Azya\u015fl\u0131n\u0131n \u00f6l\u00fcm\u00fcnd\u0259 t\u0259qsirl\u0259ndiril\u0259n m\u0259\u015fq\u00e7inin m\u0259hk\u0259m\u0259si qapal\u0131 ke\u00e7iril\u0259c\u0259k - MEYDAN.TV","isPartOf":{"@id":"https:\/\/www.meydan.tv\/az\/#website"},"primaryImageOfPage":{"@id":"https:\/\/www.meydan.tv\/az\/article\/azyaslinin-olumunde-teqsirlendirilen-mesqcinin-mehkemesi-qapali-kecirilecek\/#primaryimage"},"image":{"@id":"https:\/\/www.meydan.tv\/az\/article\/azyaslinin-olumunde-teqsirlendirilen-mesqcinin-mehkemesi-qapali-kecirilecek\/#primaryimage"},"thumbnailUrl":"https:\/\/www.meydan.tv\/wp-content\/uploads\/image-from-ios-8.jpg","datePublished":"2023-09-07T15:39:10+00:00","dateModified":"2023-09-07T15:39:12+00:00","breadcrumb":{"@id":"https:\/\/www.meydan.tv\/az\/article\/azyaslinin-olumunde-teqsirlendirilen-mesqcinin-mehkemesi-qapali-kecirilecek\/#breadcrumb"},"inLanguage":"az","potentialAction":[{"@type":"ReadAction","target":["https:\/\/www.meydan.tv\/az\/article\/azyaslinin-olumunde-teqsirlendirilen-mesqcinin-mehkemesi-qapali-kecirilecek\/"]}]},{"@type":"ImageObject","inLanguage":"az","@id":"https:\/\/www.meydan.tv\/az\/article\/azyaslinin-olumunde-teqsirlendirilen-mesqcinin-mehkemesi-qapali-kecirilecek\/#primaryimage","url":"https:\/\/www.meydan.tv\/wp-content\/uploads\/image-from-ios-8.jpg","contentUrl":"https:\/\/www.meydan.tv\/wp-content\/uploads\/image-from-ios-8.jpg","width":1500,"height":844,"caption":"M\u0259hk\u0259m\u0259. \u0130ll\u00fcstrasiya: Meydan TV"},{"@type":"BreadcrumbList","@id":"https:\/\/www.meydan.tv\/az\/article\/azyaslinin-olumunde-teqsirlendirilen-mesqcinin-mehkemesi-qapali-kecirilecek\/#breadcrumb","itemListElement":[{"@type":"ListItem","position":1,"name":"Ana s\u0259hif\u0259","item":"https:\/\/www.meydan.tv\/az\/"},{"@type":"ListItem","position":2,"name":"X\u0259b\u0259rl\u0259r","item":"https:\/\/www.meydan.tv\/az\/section\/xeberler\/"},{"@type":"ListItem","position":3,"name":"Azya\u015fl\u0131n\u0131n \u00f6l\u00fcm\u00fcnd\u0259 t\u0259qsirl\u0259ndiril\u0259n m\u0259\u015fq\u00e7inin m\u0259hk\u0259m\u0259si qapal\u0131 ke\u00e7iril\u0259c\u0259k"}]},{"@type":"WebSite","@id":"https:\/\/www.meydan.tv\/az\/#website","url":"https:\/\/www.meydan.tv\/az\/","name":"MEYDAN.TV","description":"Meydan TV Az\u0259rbaycan\u0131n media m\u0259kan\u0131ndak\u0131 alternativ s\u0259sidir","publisher":{"@id":"https:\/\/www.meydan.tv\/az\/#organization"},"potentialAction":[{"@type":"SearchAction","target":{"@type":"EntryPoint","urlTemplate":"https:\/\/www.meydan.tv\/az\/?s={search_term_string}"},"query-input":{"@type":"PropertyValueSpecification","valueRequired":true,"valueName":"search_term_string"}}],"inLanguage":"az"},{"@type":"Organization","@id":"https:\/\/www.meydan.tv\/az\/#organization","name":"Meydan TV","url":"https:\/\/www.meydan.tv\/az\/","logo":{"@type":"ImageObject","inLanguage":"az","@id":"https:\/\/www.meydan.tv\/az\/#\/schema\/logo\/image\/","url":"https:\/\/www.meydan.tv\/wp-content\/uploads\/2021\/07\/meydan-logo.svg","contentUrl":"https:\/\/www.meydan.tv\/wp-content\/uploads\/2021\/07\/meydan-logo.svg","width":195,"height":46,"caption":"Meydan TV"},"image":{"@id":"https:\/\/www.meydan.tv\/az\/#\/schema\/logo\/image\/"}},{"@type":"Person","@id":"https:\/\/www.meydan.tv\/az\/#\/schema\/person\/476e9360e593fa131d5d71d51866f8da","name":"aleks"}]}},"_links":{"self":[{"href":"https:\/\/www.meydan.tv\/az\/wp-json\/wp\/v2\/posts\/284260","targetHints":{"allow":["GET"]}}],"collection":[{"href":"https:\/\/www.meydan.tv\/az\/wp-json\/wp\/v2\/posts"}],"about":[{"href":"https:\/\/www.meydan.tv\/az\/wp-json\/wp\/v2\/types\/post"}],"author":[{"embeddable":true,"href":"https:\/\/www.meydan.tv\/az\/wp-json\/wp\/v2\/users\/12"}],"replies":[{"embeddable":true,"href":"https:\/\/www.meydan.tv\/az\/wp-json\/wp\/v2\/comments?post=284260"}],"version-history":[{"count":3,"href":"https:\/\/www.meydan.tv\/az\/wp-json\/wp\/v2\/posts\/284260\/revisions"}],"predecessor-version":[{"id":284263,"href":"https:\/\/www.meydan.tv\/az\/wp-json\/wp\/v2\/posts\/284260\/revisions\/284263"}],"wp:featuredmedia":[{"embeddable":true,"href":"https:\/\/www.meydan.tv\/az\/wp-json\/wp\/v2\/media\/260251"}],"wp:attachment":[{"href":"https:\/\/www.meydan.tv\/az\/wp-json\/wp\/v2\/media?parent=284260"}],"wp:term":[{"taxonomy":"category","embeddable":true,"href":"https:\/\/www.meydan.tv\/az\/wp-json\/wp\/v2\/categories?post=284260"},{"taxonomy":"post_tag","embeddable":true,"href":"https:\/\/www.meydan.tv\/az\/wp-json\/wp\/v2\/tags?post=284260"}],"curies":[{"name":"wp","href":"https:\/\/api.w.org\/{rel}","templated":true}]}}