{"id":284187,"date":"2023-09-06T22:49:05","date_gmt":"2023-09-06T18:49:05","guid":{"rendered":"https:\/\/www.meydan.tv\/?p=284187"},"modified":"2023-09-06T22:49:08","modified_gmt":"2023-09-06T18:49:08","slug":"ageli-yehyayevin-bacisi-qardasimin-isgenceden-ciyni-gomgoydur-onu-zorlamaqla-hedeleyibler","status":"publish","type":"post","link":"https:\/\/www.meydan.tv\/az\/article\/ageli-yehyayevin-bacisi-qardasimin-isgenceden-ciyni-gomgoydur-onu-zorlamaqla-hedeleyibler\/","title":{"rendered":"A\u011f\u0259li Y\u0259hyayevin bac\u0131s\u0131: \u201cQarda\u015f\u0131m\u0131n i\u015fg\u0259nc\u0259d\u0259n \u00e7iyni g\u00f6mg\u00f6yd\u00fcr, onu zorlamaqla h\u0259d\u0259l\u0259yibl\u0259r\u201d"},"content":{"rendered":"\n<p><\/p>\n\n\n\n<p><em><strong>\u00a0\u201cSa\u011f \u0259linin ba\u015f barma\u011f\u0131nda hissiyyat yoxdur, t\u0259rp\u0259d\u0259 bilmir\u201d<\/strong><\/em><\/p>\n\n\n\n<p>M\u00fcs\u0259lman Birliyi H\u0259r\u0259kat\u0131n\u0131n (MBH) \u0130dar\u0259 Hey\u0259tinin \u00fczv\u00fc, avqustun 31-d\u0259 h\u0259bs olunan A\u011f\u0259li Y\u0259hyayevin ail\u0259 \u00fczvl\u0259ri onun i\u015fg\u0259nc\u0259y\u0259 m\u0259ruz qald\u0131\u011f\u0131n\u0131 deyir. Bu bar\u0259d\u0259 m\u0259lumat ver\u0259n bac\u0131s\u0131 Elnar\u0259 Pa\u015fayeva Meydan TV-y\u0259 bildirib ki, bir h\u0259ft\u0259 ke\u00e7m\u0259sin\u0259 baxmayaraq, h\u0259l\u0259 d\u0259 qarda\u015f\u0131n\u0131n b\u0259d\u0259nind\u0259 i\u015fg\u0259nc\u0259 izl\u0259ri qal\u0131r. Onun s\u00f6zl\u0259rin\u0259 g\u00f6r\u0259, qarda\u015f\u0131na i\u015fg\u0259nc\u0259 verm\u0259kl\u0259 kifay\u0259tl\u0259nm\u0259yib, h\u0259m d\u0259 beyzbol bitas\u0131yla zorlamaqla h\u0259d\u0259l\u0259yibl\u0259r. Bundan sonra o, \u00f6z\u00fcn\u0259 aidiyy\u0259ti olmayan narkotiki \u00fcz\u0259rin\u0259 g\u00f6t\u00fcrm\u0259y\u0259 m\u0259cbur olub.<\/p>\n\n\n\n<p>A\u011f\u0259li Y\u0259hyayev\u0259 qar\u015f\u0131 Cinay\u0259t M\u0259c\u0259ll\u0259sinin 234.4.3 (sat\u0131\u015f m\u0259qs\u0259dil\u0259 k\u00fclli miqdarda narkotik \u0259ld\u0259 etm\u0259, saxlama) madd\u0259sil\u0259 ittiham ir\u0259li s\u00fcr\u00fcl\u00fcb. \u0130ddia olunur ki, onun cibind\u0259n narkotik tap\u0131l\u0131b.<\/p>\n\n\n\n<p>Bac\u0131s\u0131n\u0131n dediyin\u0259 g\u00f6r\u0259, sentyabr\u0131n 6-da K\u00fcrd\u0259xan\u0131dak\u0131 Bak\u0131 \u0130stintaq T\u0259cridxanas\u0131nda onlarla g\u00f6r\u00fc\u015fd\u0259 \u00f6z\u00fc ba\u015f\u0131na g\u0259l\u0259nl\u0259ri dan\u0131\u015f\u0131b. Deyib ki, avqustun 31-d\u0259 ax\u015fam saat 19 rad\u0259l\u0259rind\u0259 Mehdiabad q\u0259s\u0259b\u0259si \u0259razisind\u0259 ma\u015f\u0131nla ged\u0259rk\u0259n onu polisl\u0259r saxlay\u0131b:<\/p>\n\n\n\n<p>\u201c<em>O d\u00fc\u015f\u00fcb polis ma\u015f\u0131n\u0131na yax\u0131nla\u015fan kimi, \u0259trafda olan, bir ne\u00e7\u0259 ma\u015f\u0131nla g\u0259lmi\u015f 10 n\u0259f\u0259r\u0259 yax\u0131n m\u00fclki geyimli onu tutub apar\u0131b. Onu hara aparacaqlar\u0131n\u0131 \u0259vv\u0259l bilm\u0259yibl\u0259r. Ona g\u00f6r\u0259 1 saata yax\u0131n ma\u015f\u0131nla f\u0131rlan\u0131blar. Sonra Mehdiabad polis b\u00f6lm\u0259sin\u0259 g\u0259tiribl\u0259r. \u018fl\u0259kb\u0259r adl\u0131 polkovnik v\u0259 dig\u0259rl\u0259ri 2 saata yax\u0131n onu raz\u0131 salma\u011fa \u00e7al\u0131\u015f\u0131b ki, narkotiki boynuna g\u00f6t\u00fcrs\u00fcn. Raz\u0131la\u015fmayanda \u0259ll\u0259rini qandalla kabinetd\u0259ki stulun arxas\u0131na ba\u011flay\u0131blar. O biri stulun aras\u0131ndan ayaqlar\u0131n\u0131 \u00e7\u0131xar\u0131b, d\u0259y\u0259n\u0259kl\u0259 ayaqlar\u0131n\u0131n alt\u0131na vurublar. Ayaqlar\u0131 \u015fi\u015fib. \u00dcz\u00fcn\u0259, ba\u015f\u0131na yumruqla \u00e7oxsayl\u0131 z\u0259rb\u0259l\u0259r vurublar. \u00c7iyni indi d\u0259 g\u00f6mg\u00f6yd\u00fcr. Sa\u011f \u0259linin ba\u015f barma\u011f\u0131nda hissiyyat yoxdur, t\u0259rp\u0259d\u0259 bilmir. H\u0259min o \u018fl\u0259kb\u0259r adl\u0131 polkovnik deyirmi\u015f ki, \u0259mr var, narkotiki boynuna g\u00f6t\u00fcrm\u0259lis\u0259n, i\u015fin casuslu\u011fa q\u0259d\u0259r b\u00f6y\u00fcy\u0259 bil\u0259r\u201d<\/em>.<\/p>\n\n\n\n<p>Elnar\u0259 Pa\u015fayevan\u0131n s\u00f6zl\u0259rin\u0259 g\u00f6r\u0259, i\u015fg\u0259nc\u0259l\u0259r sentyabr\u0131n 1-n\u0259 ke\u00e7\u0259n gec\u0259 saat 3-\u0259 q\u0259d\u0259r davam edib. Zorak\u0131l\u0131qlara baxmayaraq, A\u011f\u0259li Y\u0259hyayev narkotik ittiham\u0131n\u0131 \u00fcz\u0259rin\u0259 g\u00f6t\u00fcrm\u0259k ist\u0259m\u0259yib. Bac\u0131s\u0131 deyir ki, t\u0259cav\u00fczl\u0259 h\u0259d\u0259l\u0259n\u0259nd\u0259 art\u0131q d\u00f6z\u0259 bilm\u0259yib:&nbsp;<\/p>\n\n\n\n<p><em>\u201cBu murdar i\u015fi ed\u0259c\u0259kl\u0259ril\u0259 h\u0259d\u0259l\u0259n\u0259nd\u0259 taq\u0259td\u0259n d\u00fc\u015fm\u00fc\u015f qarda\u015f\u0131m, t\u00f6r\u0259tm\u0259diyi cinay\u0259t\u0259 imza etm\u0259y\u0259 raz\u0131la\u015f\u0131b..<\/em>.\u201d.<\/p>\n\n\n\n<p>A\u011f\u0259li Y\u0259hyayev avqustun 31-d\u0259 ax\u015fam saatlar\u0131nda saxlansa da, onun ail\u0259 \u00fczvl\u0259rin\u0259 bu bar\u0259d\u0259 m\u0259lumat verilm\u0259yib. Onun yax\u0131nlar\u0131, h\u0259m\u00e7inin v\u0259kill\u0259ri bir sutka Daxili \u0130\u015fl\u0259r Nazirliyinin \u201c102\u201d xidm\u0259ti, Ombudsman Aparat\u0131, polis idar\u0259l\u0259ri v\u0259 s. qurumlar vasit\u0259sil\u0259 onun yerini \u00f6yr\u0259nm\u0259y\u0259 \u00e7al\u0131\u015f\u0131blar. Yaln\u0131z h\u0259yat yolda\u015f\u0131 onun itkin d\u00fc\u015fm\u0259si bar\u0259d\u0259 \u0259riz\u0259 yazmaq \u00fc\u00e7\u00fcn Ab\u015feron rayon Polis \u0130dar\u0259sin\u0259 ged\u0259nd\u0259 \u00f6yr\u0259nib ki, A\u011f\u0259li Y\u0259hyayev bar\u0259sind\u0259 cinay\u0259t i\u015fi ba\u015flan\u0131b v\u0259 h\u0259bs olunub.<\/p>\n\n\n\n<p>V\u0259kil Zibeyd\u0259 Sad\u0131qova deyir ki, h\u0259min bir sutka \u0259rzind\u0259 o, Ab\u015feron rayon Polis \u0130dar\u0259sin\u0259 az\u0131 5 d\u0259f\u0259 z\u0259ng etmi\u015fdi, A\u011f\u0259li Y\u0259hyayevi axtarm\u0131\u015fd\u0131: \u201c<em>H\u0259r d\u0259f\u0259 m\u0259n\u0259 demi\u015fdil\u0259r ki, bu adam bizd\u0259 saxlan\u0131lm\u0131r&#8230;<\/em>\u201d.<\/p>\n\n\n\n<p>Elnar\u0259 Pa\u015fayeva deyir ki, inancl\u0131lara qar\u015f\u0131 repressiyalar\u0131n qarda\u015f\u0131na da g\u0259lib \u00e7ataca\u011f\u0131 g\u00fcn\u00fc g\u00f6zl\u0259yirdil\u0259r. O yada sal\u0131b ki, A\u011f\u0259li Y\u0259hyayev bundan \u0259vv\u0259l d\u0259 siyasi motivl\u0259rl\u0259 iki d\u0259f\u0259 uzunm\u00fcdd\u0259tli, iki d\u0259f\u0259 d\u0259 inzibati h\u0259bsd\u0259 olub. \u00dcmumilikd\u0259 10 il 2 ay h\u0259bs h\u0259yat\u0131 ya\u015fay\u0131b. Onun uzunm\u00fcdd\u0259tli h\u0259bsl\u0259rind\u0259n biri 2015-ci ilin noyabr\u0131nda Nardaran hadis\u0259l\u0259ri zaman\u0131 olub:<\/p>\n\n\n\n<p><em>\u201cQarda\u015f\u0131m ke\u00e7mi\u015f\u00a0 siyasi m\u0259hbus v\u0259 icimai f\u0259ald\u0131r. A\u011f\u0259li he\u00e7 kimd\u0259n art\u0131q deyil. H\u0259bs olunaca\u011f\u0131n\u0131 da \u00e7oxdan g\u00f6zl\u0259yirdik. H\u0259tta \u00f6z\u00fc zarafata deyirdi ki, \u201cm\u0259ni bu d\u0259f\u0259 h\u0259bs el\u0259m\u0259y\u0259c\u0259kl\u0259r, bird\u0259f\u0259lik \u00f6ld\u00fcr\u0259c\u0259kl\u0259r\u2026\u201d.<\/em><\/p>\n\n\n\n<p>Daxili \u0130\u015fl\u0259r Nazirliyinin M\u0259tbuat xidm\u0259ti i\u015fg\u0259nc\u0259 iddialar\u0131n\u0131 t\u0259kzib edib. Bu bar\u0259d\u0259 s\u0259sl\u0259n\u0259n fikirl\u0259rin he\u00e7 bir \u0259sas\u0131 olmad\u0131\u011f\u0131 bildirilib.<\/p>\n\n\n\n<p>A\u011f\u0259li Y\u0259hyayevin ittiham olundu\u011fu Cinay\u0259t M\u0259c\u0259ll\u0259sinin 234.4.3 madd\u0259sinin sanksiyas\u0131nda 5 ild\u0259n 12 il\u0259 q\u0259d\u0259r azadl\u0131qdan m\u0259hrumetm\u0259 c\u0259zas\u0131 n\u0259z\u0259rd\u0259 tutulub.<\/p>\n","protected":false},"excerpt":{"rendered":"<p>\u00a0\u201cSa\u011f \u0259linin ba\u015f barma\u011f\u0131nda hissiyyat yoxdur, t\u0259rp\u0259d\u0259 bilmir\u201d M\u00fcs\u0259lman Birliyi &#8230; <\/p>\n<p class=\"read-more-container\"><a title=\"A\u011f\u0259li Y\u0259hyayevin bac\u0131s\u0131: \u201cQarda\u015f\u0131m\u0131n i\u015fg\u0259nc\u0259d\u0259n \u00e7iyni g\u00f6mg\u00f6yd\u00fcr, onu zorlamaqla h\u0259d\u0259l\u0259yibl\u0259r\u201d\" class=\"read-more button\" href=\"https:\/\/www.meydan.tv\/az\/article\/ageli-yehyayevin-bacisi-qardasimin-isgenceden-ciyni-gomgoydur-onu-zorlamaqla-hedeleyibler\/#more-284187\" aria-label=\"Read more about A\u011f\u0259li Y\u0259hyayevin bac\u0131s\u0131: \u201cQarda\u015f\u0131m\u0131n i\u015fg\u0259nc\u0259d\u0259n \u00e7iyni g\u00f6mg\u00f6yd\u00fcr, onu zorlamaqla h\u0259d\u0259l\u0259yibl\u0259r\u201d\">Davam\u0131<\/a><\/p>\n","protected":false},"author":13,"featured_media":283735,"comment_status":"closed","ping_status":"closed","sticky":false,"template":"","format":"standard","meta":{"_acf_changed":false,"_sitemap_exclude":false,"_sitemap_priority":"","_sitemap_frequency":"","footnotes":""},"categories":[62,79,56],"tags":[],"class_list":["post-284187","post","type-post","status-publish","format-standard","has-post-thumbnail","hentry","category-sosial","category-featured","category-xeberler","infinite-scroll-item","generate-columns","tablet-grid-50","mobile-grid-100","grid-parent","grid-33","no-featured-image-padding"],"acf":[],"yoast_head":"<!-- This site is optimized with the Yoast SEO plugin v27.5 - https:\/\/yoast.com\/product\/yoast-seo-wordpress\/ -->\n<title>A\u011f\u0259li Y\u0259hyayevin bac\u0131s\u0131: \u201cQarda\u015f\u0131m\u0131n i\u015fg\u0259nc\u0259d\u0259n \u00e7iyni g\u00f6mg\u00f6yd\u00fcr, onu zorlamaqla h\u0259d\u0259l\u0259yibl\u0259r\u201d - MEYDAN.TV<\/title>\n<meta name=\"robots\" content=\"index, follow, max-snippet:-1, max-image-preview:large, max-video-preview:-1\" \/>\n<link rel=\"canonical\" href=\"https:\/\/www.meydan.tv\/az\/article\/ageli-yehyayevin-bacisi-qardasimin-isgenceden-ciyni-gomgoydur-onu-zorlamaqla-hedeleyibler\/\" \/>\n<meta property=\"og:locale\" content=\"az_AZ\" \/>\n<meta property=\"og:type\" content=\"article\" \/>\n<meta property=\"og:title\" content=\"A\u011f\u0259li Y\u0259hyayevin bac\u0131s\u0131: \u201cQarda\u015f\u0131m\u0131n i\u015fg\u0259nc\u0259d\u0259n \u00e7iyni g\u00f6mg\u00f6yd\u00fcr, onu zorlamaqla h\u0259d\u0259l\u0259yibl\u0259r\u201d - MEYDAN.TV\" \/>\n<meta property=\"og:description\" content=\"\u00a0\u201cSa\u011f \u0259linin ba\u015f barma\u011f\u0131nda hissiyyat yoxdur, t\u0259rp\u0259d\u0259 bilmir\u201d M\u00fcs\u0259lman Birliyi ... Davam\u0131\" \/>\n<meta property=\"og:url\" content=\"https:\/\/www.meydan.tv\/az\/article\/ageli-yehyayevin-bacisi-qardasimin-isgenceden-ciyni-gomgoydur-onu-zorlamaqla-hedeleyibler\/\" \/>\n<meta property=\"og:site_name\" content=\"MEYDAN.TV\" \/>\n<meta property=\"article:published_time\" content=\"2023-09-06T18:49:05+00:00\" \/>\n<meta property=\"article:modified_time\" content=\"2023-09-06T18:49:08+00:00\" \/>\n<meta property=\"og:image\" content=\"https:\/\/www.meydan.tv\/wp-content\/uploads\/screenshot-2023-09-01-at-10.44.44-1197x821.png\" \/>\n\t<meta property=\"og:image:width\" content=\"1197\" \/>\n\t<meta property=\"og:image:height\" content=\"821\" \/>\n\t<meta property=\"og:image:type\" content=\"image\/png\" \/>\n<meta name=\"author\" content=\"meri\" \/>\n<meta name=\"twitter:card\" content=\"summary_large_image\" \/>\n<script type=\"application\/ld+json\" class=\"yoast-schema-graph\">{\"@context\":\"https:\\\/\\\/schema.org\",\"@graph\":[{\"@type\":\"Article\",\"@id\":\"https:\\\/\\\/www.meydan.tv\\\/az\\\/article\\\/ageli-yehyayevin-bacisi-qardasimin-isgenceden-ciyni-gomgoydur-onu-zorlamaqla-hedeleyibler\\\/#article\",\"isPartOf\":{\"@id\":\"https:\\\/\\\/www.meydan.tv\\\/az\\\/article\\\/ageli-yehyayevin-bacisi-qardasimin-isgenceden-ciyni-gomgoydur-onu-zorlamaqla-hedeleyibler\\\/\"},\"author\":{\"name\":\"meri\",\"@id\":\"https:\\\/\\\/www.meydan.tv\\\/az\\\/#\\\/schema\\\/person\\\/f5399057f0b7fa223fa6c9b7c3321968\"},\"headline\":\"A\u011f\u0259li Y\u0259hyayevin bac\u0131s\u0131: \u201cQarda\u015f\u0131m\u0131n i\u015fg\u0259nc\u0259d\u0259n \u00e7iyni g\u00f6mg\u00f6yd\u00fcr, onu zorlamaqla h\u0259d\u0259l\u0259yibl\u0259r\u201d\",\"datePublished\":\"2023-09-06T18:49:05+00:00\",\"dateModified\":\"2023-09-06T18:49:08+00:00\",\"mainEntityOfPage\":{\"@id\":\"https:\\\/\\\/www.meydan.tv\\\/az\\\/article\\\/ageli-yehyayevin-bacisi-qardasimin-isgenceden-ciyni-gomgoydur-onu-zorlamaqla-hedeleyibler\\\/\"},\"wordCount\":886,\"publisher\":{\"@id\":\"https:\\\/\\\/www.meydan.tv\\\/az\\\/#organization\"},\"image\":{\"@id\":\"https:\\\/\\\/www.meydan.tv\\\/az\\\/article\\\/ageli-yehyayevin-bacisi-qardasimin-isgenceden-ciyni-gomgoydur-onu-zorlamaqla-hedeleyibler\\\/#primaryimage\"},\"thumbnailUrl\":\"https:\\\/\\\/www.meydan.tv\\\/wp-content\\\/uploads\\\/screenshot-2023-09-01-at-10.44.44.png\",\"articleSection\":[\"Sosial\",\"T\u00f6vsiy\u0259\",\"X\u0259b\u0259rl\u0259r\"],\"inLanguage\":\"az\"},{\"@type\":\"WebPage\",\"@id\":\"https:\\\/\\\/www.meydan.tv\\\/az\\\/article\\\/ageli-yehyayevin-bacisi-qardasimin-isgenceden-ciyni-gomgoydur-onu-zorlamaqla-hedeleyibler\\\/\",\"url\":\"https:\\\/\\\/www.meydan.tv\\\/az\\\/article\\\/ageli-yehyayevin-bacisi-qardasimin-isgenceden-ciyni-gomgoydur-onu-zorlamaqla-hedeleyibler\\\/\",\"name\":\"A\u011f\u0259li Y\u0259hyayevin bac\u0131s\u0131: \u201cQarda\u015f\u0131m\u0131n i\u015fg\u0259nc\u0259d\u0259n \u00e7iyni g\u00f6mg\u00f6yd\u00fcr, onu zorlamaqla h\u0259d\u0259l\u0259yibl\u0259r\u201d - MEYDAN.TV\",\"isPartOf\":{\"@id\":\"https:\\\/\\\/www.meydan.tv\\\/az\\\/#website\"},\"primaryImageOfPage\":{\"@id\":\"https:\\\/\\\/www.meydan.tv\\\/az\\\/article\\\/ageli-yehyayevin-bacisi-qardasimin-isgenceden-ciyni-gomgoydur-onu-zorlamaqla-hedeleyibler\\\/#primaryimage\"},\"image\":{\"@id\":\"https:\\\/\\\/www.meydan.tv\\\/az\\\/article\\\/ageli-yehyayevin-bacisi-qardasimin-isgenceden-ciyni-gomgoydur-onu-zorlamaqla-hedeleyibler\\\/#primaryimage\"},\"thumbnailUrl\":\"https:\\\/\\\/www.meydan.tv\\\/wp-content\\\/uploads\\\/screenshot-2023-09-01-at-10.44.44.png\",\"datePublished\":\"2023-09-06T18:49:05+00:00\",\"dateModified\":\"2023-09-06T18:49:08+00:00\",\"breadcrumb\":{\"@id\":\"https:\\\/\\\/www.meydan.tv\\\/az\\\/article\\\/ageli-yehyayevin-bacisi-qardasimin-isgenceden-ciyni-gomgoydur-onu-zorlamaqla-hedeleyibler\\\/#breadcrumb\"},\"inLanguage\":\"az\",\"potentialAction\":[{\"@type\":\"ReadAction\",\"target\":[\"https:\\\/\\\/www.meydan.tv\\\/az\\\/article\\\/ageli-yehyayevin-bacisi-qardasimin-isgenceden-ciyni-gomgoydur-onu-zorlamaqla-hedeleyibler\\\/\"]}]},{\"@type\":\"ImageObject\",\"inLanguage\":\"az\",\"@id\":\"https:\\\/\\\/www.meydan.tv\\\/az\\\/article\\\/ageli-yehyayevin-bacisi-qardasimin-isgenceden-ciyni-gomgoydur-onu-zorlamaqla-hedeleyibler\\\/#primaryimage\",\"url\":\"https:\\\/\\\/www.meydan.tv\\\/wp-content\\\/uploads\\\/screenshot-2023-09-01-at-10.44.44.png\",\"contentUrl\":\"https:\\\/\\\/www.meydan.tv\\\/wp-content\\\/uploads\\\/screenshot-2023-09-01-at-10.44.44.png\",\"width\":1586,\"height\":1088,\"caption\":\"A\u011f\u0259li Y\u0259hyayev, foto: \u015f\u0259xsi hesab\u0131\"},{\"@type\":\"BreadcrumbList\",\"@id\":\"https:\\\/\\\/www.meydan.tv\\\/az\\\/article\\\/ageli-yehyayevin-bacisi-qardasimin-isgenceden-ciyni-gomgoydur-onu-zorlamaqla-hedeleyibler\\\/#breadcrumb\",\"itemListElement\":[{\"@type\":\"ListItem\",\"position\":1,\"name\":\"Ana s\u0259hif\u0259\",\"item\":\"https:\\\/\\\/www.meydan.tv\\\/az\\\/\"},{\"@type\":\"ListItem\",\"position\":2,\"name\":\"Sosial\",\"item\":\"https:\\\/\\\/www.meydan.tv\\\/az\\\/section\\\/sosial\\\/\"},{\"@type\":\"ListItem\",\"position\":3,\"name\":\"A\u011f\u0259li Y\u0259hyayevin bac\u0131s\u0131: \u201cQarda\u015f\u0131m\u0131n i\u015fg\u0259nc\u0259d\u0259n \u00e7iyni g\u00f6mg\u00f6yd\u00fcr, onu zorlamaqla h\u0259d\u0259l\u0259yibl\u0259r\u201d\"}]},{\"@type\":\"WebSite\",\"@id\":\"https:\\\/\\\/www.meydan.tv\\\/az\\\/#website\",\"url\":\"https:\\\/\\\/www.meydan.tv\\\/az\\\/\",\"name\":\"MEYDAN.TV\",\"description\":\"Meydan TV Az\u0259rbaycan\u0131n media m\u0259kan\u0131ndak\u0131 alternativ s\u0259sidir\",\"publisher\":{\"@id\":\"https:\\\/\\\/www.meydan.tv\\\/az\\\/#organization\"},\"potentialAction\":[{\"@type\":\"SearchAction\",\"target\":{\"@type\":\"EntryPoint\",\"urlTemplate\":\"https:\\\/\\\/www.meydan.tv\\\/az\\\/?s={search_term_string}\"},\"query-input\":{\"@type\":\"PropertyValueSpecification\",\"valueRequired\":true,\"valueName\":\"search_term_string\"}}],\"inLanguage\":\"az\"},{\"@type\":\"Organization\",\"@id\":\"https:\\\/\\\/www.meydan.tv\\\/az\\\/#organization\",\"name\":\"Meydan TV\",\"url\":\"https:\\\/\\\/www.meydan.tv\\\/az\\\/\",\"logo\":{\"@type\":\"ImageObject\",\"inLanguage\":\"az\",\"@id\":\"https:\\\/\\\/www.meydan.tv\\\/az\\\/#\\\/schema\\\/logo\\\/image\\\/\",\"url\":\"https:\\\/\\\/www.meydan.tv\\\/wp-content\\\/uploads\\\/2021\\\/07\\\/meydan-logo.svg\",\"contentUrl\":\"https:\\\/\\\/www.meydan.tv\\\/wp-content\\\/uploads\\\/2021\\\/07\\\/meydan-logo.svg\",\"width\":195,\"height\":46,\"caption\":\"Meydan TV\"},\"image\":{\"@id\":\"https:\\\/\\\/www.meydan.tv\\\/az\\\/#\\\/schema\\\/logo\\\/image\\\/\"}},{\"@type\":\"Person\",\"@id\":\"https:\\\/\\\/www.meydan.tv\\\/az\\\/#\\\/schema\\\/person\\\/f5399057f0b7fa223fa6c9b7c3321968\",\"name\":\"meri\"}]}<\/script>\n<!-- \/ Yoast SEO plugin. -->","yoast_head_json":{"title":"A\u011f\u0259li Y\u0259hyayevin bac\u0131s\u0131: \u201cQarda\u015f\u0131m\u0131n i\u015fg\u0259nc\u0259d\u0259n \u00e7iyni g\u00f6mg\u00f6yd\u00fcr, onu zorlamaqla h\u0259d\u0259l\u0259yibl\u0259r\u201d - MEYDAN.TV","robots":{"index":"index","follow":"follow","max-snippet":"max-snippet:-1","max-image-preview":"max-image-preview:large","max-video-preview":"max-video-preview:-1"},"canonical":"https:\/\/www.meydan.tv\/az\/article\/ageli-yehyayevin-bacisi-qardasimin-isgenceden-ciyni-gomgoydur-onu-zorlamaqla-hedeleyibler\/","og_locale":"az_AZ","og_type":"article","og_title":"A\u011f\u0259li Y\u0259hyayevin bac\u0131s\u0131: \u201cQarda\u015f\u0131m\u0131n i\u015fg\u0259nc\u0259d\u0259n \u00e7iyni g\u00f6mg\u00f6yd\u00fcr, onu zorlamaqla h\u0259d\u0259l\u0259yibl\u0259r\u201d - MEYDAN.TV","og_description":"\u00a0\u201cSa\u011f \u0259linin ba\u015f barma\u011f\u0131nda hissiyyat yoxdur, t\u0259rp\u0259d\u0259 bilmir\u201d M\u00fcs\u0259lman Birliyi ... Davam\u0131","og_url":"https:\/\/www.meydan.tv\/az\/article\/ageli-yehyayevin-bacisi-qardasimin-isgenceden-ciyni-gomgoydur-onu-zorlamaqla-hedeleyibler\/","og_site_name":"MEYDAN.TV","article_published_time":"2023-09-06T18:49:05+00:00","article_modified_time":"2023-09-06T18:49:08+00:00","og_image":[{"width":1197,"height":821,"url":"https:\/\/www.meydan.tv\/wp-content\/uploads\/screenshot-2023-09-01-at-10.44.44-1197x821.png","type":"image\/png"}],"author":"meri","twitter_card":"summary_large_image","schema":{"@context":"https:\/\/schema.org","@graph":[{"@type":"Article","@id":"https:\/\/www.meydan.tv\/az\/article\/ageli-yehyayevin-bacisi-qardasimin-isgenceden-ciyni-gomgoydur-onu-zorlamaqla-hedeleyibler\/#article","isPartOf":{"@id":"https:\/\/www.meydan.tv\/az\/article\/ageli-yehyayevin-bacisi-qardasimin-isgenceden-ciyni-gomgoydur-onu-zorlamaqla-hedeleyibler\/"},"author":{"name":"meri","@id":"https:\/\/www.meydan.tv\/az\/#\/schema\/person\/f5399057f0b7fa223fa6c9b7c3321968"},"headline":"A\u011f\u0259li Y\u0259hyayevin bac\u0131s\u0131: \u201cQarda\u015f\u0131m\u0131n i\u015fg\u0259nc\u0259d\u0259n \u00e7iyni g\u00f6mg\u00f6yd\u00fcr, onu zorlamaqla h\u0259d\u0259l\u0259yibl\u0259r\u201d","datePublished":"2023-09-06T18:49:05+00:00","dateModified":"2023-09-06T18:49:08+00:00","mainEntityOfPage":{"@id":"https:\/\/www.meydan.tv\/az\/article\/ageli-yehyayevin-bacisi-qardasimin-isgenceden-ciyni-gomgoydur-onu-zorlamaqla-hedeleyibler\/"},"wordCount":886,"publisher":{"@id":"https:\/\/www.meydan.tv\/az\/#organization"},"image":{"@id":"https:\/\/www.meydan.tv\/az\/article\/ageli-yehyayevin-bacisi-qardasimin-isgenceden-ciyni-gomgoydur-onu-zorlamaqla-hedeleyibler\/#primaryimage"},"thumbnailUrl":"https:\/\/www.meydan.tv\/wp-content\/uploads\/screenshot-2023-09-01-at-10.44.44.png","articleSection":["Sosial","T\u00f6vsiy\u0259","X\u0259b\u0259rl\u0259r"],"inLanguage":"az"},{"@type":"WebPage","@id":"https:\/\/www.meydan.tv\/az\/article\/ageli-yehyayevin-bacisi-qardasimin-isgenceden-ciyni-gomgoydur-onu-zorlamaqla-hedeleyibler\/","url":"https:\/\/www.meydan.tv\/az\/article\/ageli-yehyayevin-bacisi-qardasimin-isgenceden-ciyni-gomgoydur-onu-zorlamaqla-hedeleyibler\/","name":"A\u011f\u0259li Y\u0259hyayevin bac\u0131s\u0131: \u201cQarda\u015f\u0131m\u0131n i\u015fg\u0259nc\u0259d\u0259n \u00e7iyni g\u00f6mg\u00f6yd\u00fcr, onu zorlamaqla h\u0259d\u0259l\u0259yibl\u0259r\u201d - MEYDAN.TV","isPartOf":{"@id":"https:\/\/www.meydan.tv\/az\/#website"},"primaryImageOfPage":{"@id":"https:\/\/www.meydan.tv\/az\/article\/ageli-yehyayevin-bacisi-qardasimin-isgenceden-ciyni-gomgoydur-onu-zorlamaqla-hedeleyibler\/#primaryimage"},"image":{"@id":"https:\/\/www.meydan.tv\/az\/article\/ageli-yehyayevin-bacisi-qardasimin-isgenceden-ciyni-gomgoydur-onu-zorlamaqla-hedeleyibler\/#primaryimage"},"thumbnailUrl":"https:\/\/www.meydan.tv\/wp-content\/uploads\/screenshot-2023-09-01-at-10.44.44.png","datePublished":"2023-09-06T18:49:05+00:00","dateModified":"2023-09-06T18:49:08+00:00","breadcrumb":{"@id":"https:\/\/www.meydan.tv\/az\/article\/ageli-yehyayevin-bacisi-qardasimin-isgenceden-ciyni-gomgoydur-onu-zorlamaqla-hedeleyibler\/#breadcrumb"},"inLanguage":"az","potentialAction":[{"@type":"ReadAction","target":["https:\/\/www.meydan.tv\/az\/article\/ageli-yehyayevin-bacisi-qardasimin-isgenceden-ciyni-gomgoydur-onu-zorlamaqla-hedeleyibler\/"]}]},{"@type":"ImageObject","inLanguage":"az","@id":"https:\/\/www.meydan.tv\/az\/article\/ageli-yehyayevin-bacisi-qardasimin-isgenceden-ciyni-gomgoydur-onu-zorlamaqla-hedeleyibler\/#primaryimage","url":"https:\/\/www.meydan.tv\/wp-content\/uploads\/screenshot-2023-09-01-at-10.44.44.png","contentUrl":"https:\/\/www.meydan.tv\/wp-content\/uploads\/screenshot-2023-09-01-at-10.44.44.png","width":1586,"height":1088,"caption":"A\u011f\u0259li Y\u0259hyayev, foto: \u015f\u0259xsi hesab\u0131"},{"@type":"BreadcrumbList","@id":"https:\/\/www.meydan.tv\/az\/article\/ageli-yehyayevin-bacisi-qardasimin-isgenceden-ciyni-gomgoydur-onu-zorlamaqla-hedeleyibler\/#breadcrumb","itemListElement":[{"@type":"ListItem","position":1,"name":"Ana s\u0259hif\u0259","item":"https:\/\/www.meydan.tv\/az\/"},{"@type":"ListItem","position":2,"name":"Sosial","item":"https:\/\/www.meydan.tv\/az\/section\/sosial\/"},{"@type":"ListItem","position":3,"name":"A\u011f\u0259li Y\u0259hyayevin bac\u0131s\u0131: \u201cQarda\u015f\u0131m\u0131n i\u015fg\u0259nc\u0259d\u0259n \u00e7iyni g\u00f6mg\u00f6yd\u00fcr, onu zorlamaqla h\u0259d\u0259l\u0259yibl\u0259r\u201d"}]},{"@type":"WebSite","@id":"https:\/\/www.meydan.tv\/az\/#website","url":"https:\/\/www.meydan.tv\/az\/","name":"MEYDAN.TV","description":"Meydan TV Az\u0259rbaycan\u0131n media m\u0259kan\u0131ndak\u0131 alternativ s\u0259sidir","publisher":{"@id":"https:\/\/www.meydan.tv\/az\/#organization"},"potentialAction":[{"@type":"SearchAction","target":{"@type":"EntryPoint","urlTemplate":"https:\/\/www.meydan.tv\/az\/?s={search_term_string}"},"query-input":{"@type":"PropertyValueSpecification","valueRequired":true,"valueName":"search_term_string"}}],"inLanguage":"az"},{"@type":"Organization","@id":"https:\/\/www.meydan.tv\/az\/#organization","name":"Meydan TV","url":"https:\/\/www.meydan.tv\/az\/","logo":{"@type":"ImageObject","inLanguage":"az","@id":"https:\/\/www.meydan.tv\/az\/#\/schema\/logo\/image\/","url":"https:\/\/www.meydan.tv\/wp-content\/uploads\/2021\/07\/meydan-logo.svg","contentUrl":"https:\/\/www.meydan.tv\/wp-content\/uploads\/2021\/07\/meydan-logo.svg","width":195,"height":46,"caption":"Meydan TV"},"image":{"@id":"https:\/\/www.meydan.tv\/az\/#\/schema\/logo\/image\/"}},{"@type":"Person","@id":"https:\/\/www.meydan.tv\/az\/#\/schema\/person\/f5399057f0b7fa223fa6c9b7c3321968","name":"meri"}]}},"_links":{"self":[{"href":"https:\/\/www.meydan.tv\/az\/wp-json\/wp\/v2\/posts\/284187","targetHints":{"allow":["GET"]}}],"collection":[{"href":"https:\/\/www.meydan.tv\/az\/wp-json\/wp\/v2\/posts"}],"about":[{"href":"https:\/\/www.meydan.tv\/az\/wp-json\/wp\/v2\/types\/post"}],"author":[{"embeddable":true,"href":"https:\/\/www.meydan.tv\/az\/wp-json\/wp\/v2\/users\/13"}],"replies":[{"embeddable":true,"href":"https:\/\/www.meydan.tv\/az\/wp-json\/wp\/v2\/comments?post=284187"}],"version-history":[{"count":1,"href":"https:\/\/www.meydan.tv\/az\/wp-json\/wp\/v2\/posts\/284187\/revisions"}],"predecessor-version":[{"id":284188,"href":"https:\/\/www.meydan.tv\/az\/wp-json\/wp\/v2\/posts\/284187\/revisions\/284188"}],"wp:featuredmedia":[{"embeddable":true,"href":"https:\/\/www.meydan.tv\/az\/wp-json\/wp\/v2\/media\/283735"}],"wp:attachment":[{"href":"https:\/\/www.meydan.tv\/az\/wp-json\/wp\/v2\/media?parent=284187"}],"wp:term":[{"taxonomy":"category","embeddable":true,"href":"https:\/\/www.meydan.tv\/az\/wp-json\/wp\/v2\/categories?post=284187"},{"taxonomy":"post_tag","embeddable":true,"href":"https:\/\/www.meydan.tv\/az\/wp-json\/wp\/v2\/tags?post=284187"}],"curies":[{"name":"wp","href":"https:\/\/api.w.org\/{rel}","templated":true}]}}