{"id":284185,"date":"2023-09-06T22:36:59","date_gmt":"2023-09-06T18:36:59","guid":{"rendered":"https:\/\/www.meydan.tv\/?p=284185"},"modified":"2023-09-06T22:37:02","modified_gmt":"2023-09-06T18:37:02","slug":"nazim-beydemirlinin-hebsde-acliga-basladigi-bildirilir","status":"publish","type":"post","link":"https:\/\/www.meydan.tv\/az\/article\/nazim-beydemirlinin-hebsde-acliga-basladigi-bildirilir\/","title":{"rendered":"Nazim B\u0259yd\u0259mirlinin h\u0259bsd\u0259 acl\u0131\u011fa ba\u015flad\u0131\u011f\u0131 bildirilir"},"content":{"rendered":"\n<p><\/p>\n\n\n\n<p><em><strong>V\u0259kil: \u201cM\u00fcst\u0259ntiqin yan\u0131nda \u2013 ona yeni ittiham elan olunanda demi\u015fdi ki, sentyabr\u0131n 4-d\u0259 acl\u0131q elan ed\u0259c\u0259m\u201d<\/strong><\/em><\/p>\n\n\n\n<p>H\u0259bsd\u0259 olan ke\u00e7mi\u015f deputat, iqtisad\u00e7\u0131 Nazim B\u0259yd\u0259mirlinin saxland\u0131\u011f\u0131 Bak\u0131 \u0130stintaq T\u0259cridxanas\u0131nda acl\u0131q etdiyi bildirilir. Onun v\u0259kili Aqil Lay\u0131c Meydan TV-y\u0259 bildirib ki, m\u00fcv\u0259kkilinin acl\u0131q aksiyas\u0131 ke\u00e7irm\u0259si bar\u0259d\u0259 m\u0259lumat al\u0131b.<\/p>\n\n\n\n<p><em>\u201cBu g\u00fcn m\u0259lumat ald\u0131m ki, Nazim B\u0259yd\u0259mirli acl\u0131q aksiyas\u0131 ke\u00e7irir. Bu yolla ona qar\u015f\u0131 ir\u0259li s\u00fcr\u00fclm\u00fc\u015f ittihamlar\u0131n \u0259sass\u0131z v\u0259 qondarma olmas\u0131na, h\u0259bsin\u0259 etiraz edir. Acl\u0131q x\u0259b\u0259rini \u00f6z\u00fcyl\u0259 d\u0259qiql\u0259\u015fdirm\u0259k imkan\u0131m olmay\u0131b. Sonuncu d\u0259f\u0259 onunla ke\u00e7\u0259n h\u0259ft\u0259 g\u00f6r\u00fc\u015fm\u00fc\u015f\u0259m. M\u00fcst\u0259ntiqin yan\u0131nda \u2013 ona yeni ittiham elan olunanda demi\u015fdi ki, sentyabr\u0131n 4-d\u0259 acl\u0131q elan ed\u0259c\u0259m\u201d<\/em>, &#8211; Aqil Lay\u0131c bildirib.<\/p>\n\n\n\n<p>V\u0259kil \u0259lav\u0259 edib ki, bu h\u0259ft\u0259 istintaq t\u0259cridxanas\u0131nda h\u00fcquqlar\u0131n\u0131 m\u00fcdafi\u0259 etdiyi \u015f\u0259xsl\u0259 g\u00f6r\u00fc\u015f\u0259c\u0259k v\u0259 b\u00fct\u00fcn m\u0259s\u0259l\u0259l\u0259ri d\u0259qiql\u0259\u015fdir\u0259c\u0259k.<\/p>\n\n\n\n<p>Penitensiar Xidm\u0259td\u0259n is\u0259 bildirilib ki, Nazim B\u0259yd\u0259mirlid\u0259n acl\u0131q etm\u0259si bar\u0259d\u0259 m\u00fcraci\u0259t daxil olmay\u0131b.<\/p>\n\n\n\n<p>2005-2010-cu ill\u0259rd\u0259&nbsp; 104 sayl\u0131 G\u0259d\u0259b\u0259y-Tovuz se\u00e7ki dair\u0259sind\u0259n Milli M\u0259clisin deputat\u0131 olmu\u015f Nazim B\u0259yd\u0259mirli iyulun 4-d\u0259n h\u0259bsd\u0259dir.<\/p>\n\n\n\n<p>Ona qar\u015f\u0131 Cinay\u0259t M\u0259c\u0259ll\u0259sinin Cinay\u0259t M\u0259c\u0259ll\u0259sinin 182.2.4 (h\u0259d\u0259-qorxu il\u0259 t\u0259l\u0259b-etm\u0259 &#8211; xeyli miqdarda \u0259mlak \u0259ld\u0259 etm\u0259k m\u0259qs\u0259dil\u0259 t\u00f6r\u0259dildikd\u0259) v\u0259 182.2.2 (h\u0259d\u0259-qorxu il\u0259 t\u0259l\u0259b etm\u0259 &#8211; t\u0259krar t\u00f6r\u0259dildikd\u0259) madd\u0259l\u0259ril\u0259 ittiham ir\u0259li s\u00fcr\u00fcl\u00fcb.<\/p>\n\n\n\n<p>\u0130kinci ittiham bir ne\u00e7\u0259 g\u00fcn \u0259vv\u0259l verilib.<\/p>\n\n\n\n<p>\u018fvv\u0259lki ittihamda iddia olunur ki, sabiq deputat pay sahibi oldu\u011fu \u015firk\u0259td\u0259 \u015f\u0259rikini g\u00f6r\u00fcnt\u00fcl\u0259rl\u0259 \u015fantaj ed\u0259r\u0259k, ondan 50 min manat pul t\u0259l\u0259b edib.<\/p>\n\n\n\n<p>Yeni ittihama g\u00f6r\u0259 is\u0259 Nazim B\u0259yd\u0259mirli 1996-c\u0131 ild\u0259 Rusiyan\u0131n Lipetsk \u015f\u0259h\u0259rind\u0259 d\u0259 h\u0259d\u0259-qorxu il\u0259 pul t\u0259l\u0259b edib.<\/p>\n\n\n\n<p>Lakin o, ittihamlar\u0131n he\u00e7 birini q\u0259bul etmir, \u00f6z\u00fcn\u00fc \u201cekologiya m\u0259hbusu\u201d say\u0131r. Nazim B\u0259yd\u0259mirli G\u0259d\u0259b\u0259yin S\u00f6y\u00fcdl\u00fc k\u0259ndind\u0259 ba\u015f vermi\u015f etirazlarla \u0259laq\u0259l\u0259ndiril\u0259r\u0259k h\u0259bs olundu\u011funu deyir.<\/p>\n\n\n\n<p><em>\u201c\u00d6z\u00fc bu ittihamlar\u0131n ham\u0131s\u0131n\u0131 qondarma hesab edir. Deyir ki, ekologiya m\u0259hbusudur v\u0259 bu ittihamlar S\u00f6y\u00fcdl\u00fc hadis\u0259l\u0259rini p\u0259rd\u0259l\u0259m\u0259k \u00fc\u00e7\u00fcnd\u00fcr\u201d<\/em>, &#8211; v\u0259kili bildirib.<\/p>\n\n\n\n<p>Bir m\u00fcdd\u0259t \u00f6nc\u0259 \u201cM\u00fcdafi\u0259 X\u0259tti\u201d h\u00fcquq-m\u00fcdafi\u0259 t\u0259\u015fkilat\u0131n\u0131n icra\u00e7\u0131 direktoru R\u00fcf\u0259t S\u0259f\u0259rov Nazim B\u0259yd\u0259mirlinin \u00f6z\u00fcn\u00fc \u201cekologiya m\u0259hbusu\u201d adland\u0131rd\u0131\u011f\u0131na g\u00f6r\u0259 yeni ittihamlarla h\u0259d\u0259l\u0259ndiyini a\u00e7\u0131qlam\u0131\u015fd\u0131.<\/p>\n\n\n\n<p>Onun h\u0259bsind\u0259n bir ne\u00e7\u0259 g\u00fcn \u0259vv\u0259l h\u00f6kum\u0259t\u0259 yax\u0131n media orqanlar\u0131nda S\u00f6y\u00fcdl\u00fc hadis\u0259l\u0259rinin t\u0259\u015fkilat\u00e7\u0131lar\u0131 qismind\u0259 bir ne\u00e7\u0259 n\u0259f\u0259rin s\u0131ras\u0131nda Nazim B\u0259yd\u0259mirlinin d\u0259 ad\u0131 halland\u0131r\u0131l\u0131rd\u0131.<\/p>\n\n\n\n<p>Nazim B\u0259yd\u0259mirli \u00f6z\u00fc d\u0259 \u201cBandotdel\u201d kimi tan\u0131nan M\u00fct\u0259\u015f\u0259kkil Cinay\u0259tkarl\u0131qla M\u00fcbariz\u0259 Ba\u015f \u0130dar\u0259sin\u0259 \u00e7a\u011fr\u0131lark\u0259n oradan v\u0259kilin\u0259 telefon z\u0259ngind\u0259 S\u00f6y\u00fcdl\u00fc hadis\u0259l\u0259rin\u0259 g\u00f6r\u0259 saxland\u0131\u011f\u0131n\u0131 bildirib.<\/p>\n","protected":false},"excerpt":{"rendered":"<p>V\u0259kil: \u201cM\u00fcst\u0259ntiqin yan\u0131nda \u2013 ona yeni ittiham elan olunanda demi\u015fdi &#8230; <\/p>\n<p class=\"read-more-container\"><a title=\"Nazim B\u0259yd\u0259mirlinin h\u0259bsd\u0259 acl\u0131\u011fa ba\u015flad\u0131\u011f\u0131 bildirilir\" class=\"read-more button\" href=\"https:\/\/www.meydan.tv\/az\/article\/nazim-beydemirlinin-hebsde-acliga-basladigi-bildirilir\/#more-284185\" aria-label=\"Read more about Nazim B\u0259yd\u0259mirlinin h\u0259bsd\u0259 acl\u0131\u011fa ba\u015flad\u0131\u011f\u0131 bildirilir\">Davam\u0131<\/a><\/p>\n","protected":false},"author":13,"featured_media":279290,"comment_status":"closed","ping_status":"closed","sticky":false,"template":"","format":"standard","meta":{"_acf_changed":false,"_sitemap_exclude":false,"_sitemap_priority":"","_sitemap_frequency":"","footnotes":""},"categories":[62,79,56],"tags":[],"class_list":["post-284185","post","type-post","status-publish","format-standard","has-post-thumbnail","hentry","category-sosial","category-featured","category-xeberler","infinite-scroll-item","generate-columns","tablet-grid-50","mobile-grid-100","grid-parent","grid-33","no-featured-image-padding"],"acf":[],"yoast_head":"<!-- This site is optimized with the Yoast SEO plugin v27.5 - https:\/\/yoast.com\/product\/yoast-seo-wordpress\/ -->\n<title>Nazim B\u0259yd\u0259mirlinin h\u0259bsd\u0259 acl\u0131\u011fa ba\u015flad\u0131\u011f\u0131 bildirilir - MEYDAN.TV<\/title>\n<meta name=\"robots\" content=\"index, follow, max-snippet:-1, max-image-preview:large, max-video-preview:-1\" \/>\n<link rel=\"canonical\" href=\"https:\/\/www.meydan.tv\/az\/article\/nazim-beydemirlinin-hebsde-acliga-basladigi-bildirilir\/\" \/>\n<meta property=\"og:locale\" content=\"az_AZ\" \/>\n<meta property=\"og:type\" content=\"article\" \/>\n<meta property=\"og:title\" content=\"Nazim B\u0259yd\u0259mirlinin h\u0259bsd\u0259 acl\u0131\u011fa ba\u015flad\u0131\u011f\u0131 bildirilir - MEYDAN.TV\" \/>\n<meta property=\"og:description\" content=\"V\u0259kil: \u201cM\u00fcst\u0259ntiqin yan\u0131nda \u2013 ona yeni ittiham elan olunanda demi\u015fdi ... Davam\u0131\" \/>\n<meta property=\"og:url\" content=\"https:\/\/www.meydan.tv\/az\/article\/nazim-beydemirlinin-hebsde-acliga-basladigi-bildirilir\/\" \/>\n<meta property=\"og:site_name\" content=\"MEYDAN.TV\" \/>\n<meta property=\"article:published_time\" content=\"2023-09-06T18:36:59+00:00\" \/>\n<meta property=\"article:modified_time\" content=\"2023-09-06T18:37:02+00:00\" \/>\n<meta property=\"og:image\" content=\"https:\/\/www.meydan.tv\/wp-content\/uploads\/n.beydemirli-e1692121129143.jpg\" \/>\n\t<meta property=\"og:image:width\" content=\"1200\" \/>\n\t<meta property=\"og:image:height\" content=\"543\" \/>\n\t<meta property=\"og:image:type\" content=\"image\/jpeg\" \/>\n<meta name=\"author\" content=\"meri\" \/>\n<meta name=\"twitter:card\" content=\"summary_large_image\" \/>\n<script type=\"application\/ld+json\" class=\"yoast-schema-graph\">{\"@context\":\"https:\\\/\\\/schema.org\",\"@graph\":[{\"@type\":\"Article\",\"@id\":\"https:\\\/\\\/www.meydan.tv\\\/az\\\/article\\\/nazim-beydemirlinin-hebsde-acliga-basladigi-bildirilir\\\/#article\",\"isPartOf\":{\"@id\":\"https:\\\/\\\/www.meydan.tv\\\/az\\\/article\\\/nazim-beydemirlinin-hebsde-acliga-basladigi-bildirilir\\\/\"},\"author\":{\"name\":\"meri\",\"@id\":\"https:\\\/\\\/www.meydan.tv\\\/az\\\/#\\\/schema\\\/person\\\/f5399057f0b7fa223fa6c9b7c3321968\"},\"headline\":\"Nazim B\u0259yd\u0259mirlinin h\u0259bsd\u0259 acl\u0131\u011fa ba\u015flad\u0131\u011f\u0131 bildirilir\",\"datePublished\":\"2023-09-06T18:36:59+00:00\",\"dateModified\":\"2023-09-06T18:37:02+00:00\",\"mainEntityOfPage\":{\"@id\":\"https:\\\/\\\/www.meydan.tv\\\/az\\\/article\\\/nazim-beydemirlinin-hebsde-acliga-basladigi-bildirilir\\\/\"},\"wordCount\":602,\"publisher\":{\"@id\":\"https:\\\/\\\/www.meydan.tv\\\/az\\\/#organization\"},\"image\":{\"@id\":\"https:\\\/\\\/www.meydan.tv\\\/az\\\/article\\\/nazim-beydemirlinin-hebsde-acliga-basladigi-bildirilir\\\/#primaryimage\"},\"thumbnailUrl\":\"https:\\\/\\\/www.meydan.tv\\\/wp-content\\\/uploads\\\/n.beydemirli-e1692121129143.jpg\",\"articleSection\":[\"Sosial\",\"T\u00f6vsiy\u0259\",\"X\u0259b\u0259rl\u0259r\"],\"inLanguage\":\"az\"},{\"@type\":\"WebPage\",\"@id\":\"https:\\\/\\\/www.meydan.tv\\\/az\\\/article\\\/nazim-beydemirlinin-hebsde-acliga-basladigi-bildirilir\\\/\",\"url\":\"https:\\\/\\\/www.meydan.tv\\\/az\\\/article\\\/nazim-beydemirlinin-hebsde-acliga-basladigi-bildirilir\\\/\",\"name\":\"Nazim B\u0259yd\u0259mirlinin h\u0259bsd\u0259 acl\u0131\u011fa ba\u015flad\u0131\u011f\u0131 bildirilir - MEYDAN.TV\",\"isPartOf\":{\"@id\":\"https:\\\/\\\/www.meydan.tv\\\/az\\\/#website\"},\"primaryImageOfPage\":{\"@id\":\"https:\\\/\\\/www.meydan.tv\\\/az\\\/article\\\/nazim-beydemirlinin-hebsde-acliga-basladigi-bildirilir\\\/#primaryimage\"},\"image\":{\"@id\":\"https:\\\/\\\/www.meydan.tv\\\/az\\\/article\\\/nazim-beydemirlinin-hebsde-acliga-basladigi-bildirilir\\\/#primaryimage\"},\"thumbnailUrl\":\"https:\\\/\\\/www.meydan.tv\\\/wp-content\\\/uploads\\\/n.beydemirli-e1692121129143.jpg\",\"datePublished\":\"2023-09-06T18:36:59+00:00\",\"dateModified\":\"2023-09-06T18:37:02+00:00\",\"breadcrumb\":{\"@id\":\"https:\\\/\\\/www.meydan.tv\\\/az\\\/article\\\/nazim-beydemirlinin-hebsde-acliga-basladigi-bildirilir\\\/#breadcrumb\"},\"inLanguage\":\"az\",\"potentialAction\":[{\"@type\":\"ReadAction\",\"target\":[\"https:\\\/\\\/www.meydan.tv\\\/az\\\/article\\\/nazim-beydemirlinin-hebsde-acliga-basladigi-bildirilir\\\/\"]}]},{\"@type\":\"ImageObject\",\"inLanguage\":\"az\",\"@id\":\"https:\\\/\\\/www.meydan.tv\\\/az\\\/article\\\/nazim-beydemirlinin-hebsde-acliga-basladigi-bildirilir\\\/#primaryimage\",\"url\":\"https:\\\/\\\/www.meydan.tv\\\/wp-content\\\/uploads\\\/n.beydemirli-e1692121129143.jpg\",\"contentUrl\":\"https:\\\/\\\/www.meydan.tv\\\/wp-content\\\/uploads\\\/n.beydemirli-e1692121129143.jpg\",\"width\":1200,\"height\":543,\"caption\":\"Nazim B\u0259yd\u0259mirli. Foto: Meydan TV\"},{\"@type\":\"BreadcrumbList\",\"@id\":\"https:\\\/\\\/www.meydan.tv\\\/az\\\/article\\\/nazim-beydemirlinin-hebsde-acliga-basladigi-bildirilir\\\/#breadcrumb\",\"itemListElement\":[{\"@type\":\"ListItem\",\"position\":1,\"name\":\"Ana s\u0259hif\u0259\",\"item\":\"https:\\\/\\\/www.meydan.tv\\\/az\\\/\"},{\"@type\":\"ListItem\",\"position\":2,\"name\":\"Sosial\",\"item\":\"https:\\\/\\\/www.meydan.tv\\\/az\\\/section\\\/sosial\\\/\"},{\"@type\":\"ListItem\",\"position\":3,\"name\":\"Nazim B\u0259yd\u0259mirlinin h\u0259bsd\u0259 acl\u0131\u011fa ba\u015flad\u0131\u011f\u0131 bildirilir\"}]},{\"@type\":\"WebSite\",\"@id\":\"https:\\\/\\\/www.meydan.tv\\\/az\\\/#website\",\"url\":\"https:\\\/\\\/www.meydan.tv\\\/az\\\/\",\"name\":\"MEYDAN.TV\",\"description\":\"Meydan TV Az\u0259rbaycan\u0131n media m\u0259kan\u0131ndak\u0131 alternativ s\u0259sidir\",\"publisher\":{\"@id\":\"https:\\\/\\\/www.meydan.tv\\\/az\\\/#organization\"},\"potentialAction\":[{\"@type\":\"SearchAction\",\"target\":{\"@type\":\"EntryPoint\",\"urlTemplate\":\"https:\\\/\\\/www.meydan.tv\\\/az\\\/?s={search_term_string}\"},\"query-input\":{\"@type\":\"PropertyValueSpecification\",\"valueRequired\":true,\"valueName\":\"search_term_string\"}}],\"inLanguage\":\"az\"},{\"@type\":\"Organization\",\"@id\":\"https:\\\/\\\/www.meydan.tv\\\/az\\\/#organization\",\"name\":\"Meydan TV\",\"url\":\"https:\\\/\\\/www.meydan.tv\\\/az\\\/\",\"logo\":{\"@type\":\"ImageObject\",\"inLanguage\":\"az\",\"@id\":\"https:\\\/\\\/www.meydan.tv\\\/az\\\/#\\\/schema\\\/logo\\\/image\\\/\",\"url\":\"https:\\\/\\\/www.meydan.tv\\\/wp-content\\\/uploads\\\/2021\\\/07\\\/meydan-logo.svg\",\"contentUrl\":\"https:\\\/\\\/www.meydan.tv\\\/wp-content\\\/uploads\\\/2021\\\/07\\\/meydan-logo.svg\",\"width\":195,\"height\":46,\"caption\":\"Meydan TV\"},\"image\":{\"@id\":\"https:\\\/\\\/www.meydan.tv\\\/az\\\/#\\\/schema\\\/logo\\\/image\\\/\"}},{\"@type\":\"Person\",\"@id\":\"https:\\\/\\\/www.meydan.tv\\\/az\\\/#\\\/schema\\\/person\\\/f5399057f0b7fa223fa6c9b7c3321968\",\"name\":\"meri\"}]}<\/script>\n<!-- \/ Yoast SEO plugin. -->","yoast_head_json":{"title":"Nazim B\u0259yd\u0259mirlinin h\u0259bsd\u0259 acl\u0131\u011fa ba\u015flad\u0131\u011f\u0131 bildirilir - MEYDAN.TV","robots":{"index":"index","follow":"follow","max-snippet":"max-snippet:-1","max-image-preview":"max-image-preview:large","max-video-preview":"max-video-preview:-1"},"canonical":"https:\/\/www.meydan.tv\/az\/article\/nazim-beydemirlinin-hebsde-acliga-basladigi-bildirilir\/","og_locale":"az_AZ","og_type":"article","og_title":"Nazim B\u0259yd\u0259mirlinin h\u0259bsd\u0259 acl\u0131\u011fa ba\u015flad\u0131\u011f\u0131 bildirilir - MEYDAN.TV","og_description":"V\u0259kil: \u201cM\u00fcst\u0259ntiqin yan\u0131nda \u2013 ona yeni ittiham elan olunanda demi\u015fdi ... Davam\u0131","og_url":"https:\/\/www.meydan.tv\/az\/article\/nazim-beydemirlinin-hebsde-acliga-basladigi-bildirilir\/","og_site_name":"MEYDAN.TV","article_published_time":"2023-09-06T18:36:59+00:00","article_modified_time":"2023-09-06T18:37:02+00:00","og_image":[{"width":1200,"height":543,"url":"https:\/\/www.meydan.tv\/wp-content\/uploads\/n.beydemirli-e1692121129143.jpg","type":"image\/jpeg"}],"author":"meri","twitter_card":"summary_large_image","schema":{"@context":"https:\/\/schema.org","@graph":[{"@type":"Article","@id":"https:\/\/www.meydan.tv\/az\/article\/nazim-beydemirlinin-hebsde-acliga-basladigi-bildirilir\/#article","isPartOf":{"@id":"https:\/\/www.meydan.tv\/az\/article\/nazim-beydemirlinin-hebsde-acliga-basladigi-bildirilir\/"},"author":{"name":"meri","@id":"https:\/\/www.meydan.tv\/az\/#\/schema\/person\/f5399057f0b7fa223fa6c9b7c3321968"},"headline":"Nazim B\u0259yd\u0259mirlinin h\u0259bsd\u0259 acl\u0131\u011fa ba\u015flad\u0131\u011f\u0131 bildirilir","datePublished":"2023-09-06T18:36:59+00:00","dateModified":"2023-09-06T18:37:02+00:00","mainEntityOfPage":{"@id":"https:\/\/www.meydan.tv\/az\/article\/nazim-beydemirlinin-hebsde-acliga-basladigi-bildirilir\/"},"wordCount":602,"publisher":{"@id":"https:\/\/www.meydan.tv\/az\/#organization"},"image":{"@id":"https:\/\/www.meydan.tv\/az\/article\/nazim-beydemirlinin-hebsde-acliga-basladigi-bildirilir\/#primaryimage"},"thumbnailUrl":"https:\/\/www.meydan.tv\/wp-content\/uploads\/n.beydemirli-e1692121129143.jpg","articleSection":["Sosial","T\u00f6vsiy\u0259","X\u0259b\u0259rl\u0259r"],"inLanguage":"az"},{"@type":"WebPage","@id":"https:\/\/www.meydan.tv\/az\/article\/nazim-beydemirlinin-hebsde-acliga-basladigi-bildirilir\/","url":"https:\/\/www.meydan.tv\/az\/article\/nazim-beydemirlinin-hebsde-acliga-basladigi-bildirilir\/","name":"Nazim B\u0259yd\u0259mirlinin h\u0259bsd\u0259 acl\u0131\u011fa ba\u015flad\u0131\u011f\u0131 bildirilir - MEYDAN.TV","isPartOf":{"@id":"https:\/\/www.meydan.tv\/az\/#website"},"primaryImageOfPage":{"@id":"https:\/\/www.meydan.tv\/az\/article\/nazim-beydemirlinin-hebsde-acliga-basladigi-bildirilir\/#primaryimage"},"image":{"@id":"https:\/\/www.meydan.tv\/az\/article\/nazim-beydemirlinin-hebsde-acliga-basladigi-bildirilir\/#primaryimage"},"thumbnailUrl":"https:\/\/www.meydan.tv\/wp-content\/uploads\/n.beydemirli-e1692121129143.jpg","datePublished":"2023-09-06T18:36:59+00:00","dateModified":"2023-09-06T18:37:02+00:00","breadcrumb":{"@id":"https:\/\/www.meydan.tv\/az\/article\/nazim-beydemirlinin-hebsde-acliga-basladigi-bildirilir\/#breadcrumb"},"inLanguage":"az","potentialAction":[{"@type":"ReadAction","target":["https:\/\/www.meydan.tv\/az\/article\/nazim-beydemirlinin-hebsde-acliga-basladigi-bildirilir\/"]}]},{"@type":"ImageObject","inLanguage":"az","@id":"https:\/\/www.meydan.tv\/az\/article\/nazim-beydemirlinin-hebsde-acliga-basladigi-bildirilir\/#primaryimage","url":"https:\/\/www.meydan.tv\/wp-content\/uploads\/n.beydemirli-e1692121129143.jpg","contentUrl":"https:\/\/www.meydan.tv\/wp-content\/uploads\/n.beydemirli-e1692121129143.jpg","width":1200,"height":543,"caption":"Nazim B\u0259yd\u0259mirli. Foto: Meydan TV"},{"@type":"BreadcrumbList","@id":"https:\/\/www.meydan.tv\/az\/article\/nazim-beydemirlinin-hebsde-acliga-basladigi-bildirilir\/#breadcrumb","itemListElement":[{"@type":"ListItem","position":1,"name":"Ana s\u0259hif\u0259","item":"https:\/\/www.meydan.tv\/az\/"},{"@type":"ListItem","position":2,"name":"Sosial","item":"https:\/\/www.meydan.tv\/az\/section\/sosial\/"},{"@type":"ListItem","position":3,"name":"Nazim B\u0259yd\u0259mirlinin h\u0259bsd\u0259 acl\u0131\u011fa ba\u015flad\u0131\u011f\u0131 bildirilir"}]},{"@type":"WebSite","@id":"https:\/\/www.meydan.tv\/az\/#website","url":"https:\/\/www.meydan.tv\/az\/","name":"MEYDAN.TV","description":"Meydan TV Az\u0259rbaycan\u0131n media m\u0259kan\u0131ndak\u0131 alternativ s\u0259sidir","publisher":{"@id":"https:\/\/www.meydan.tv\/az\/#organization"},"potentialAction":[{"@type":"SearchAction","target":{"@type":"EntryPoint","urlTemplate":"https:\/\/www.meydan.tv\/az\/?s={search_term_string}"},"query-input":{"@type":"PropertyValueSpecification","valueRequired":true,"valueName":"search_term_string"}}],"inLanguage":"az"},{"@type":"Organization","@id":"https:\/\/www.meydan.tv\/az\/#organization","name":"Meydan TV","url":"https:\/\/www.meydan.tv\/az\/","logo":{"@type":"ImageObject","inLanguage":"az","@id":"https:\/\/www.meydan.tv\/az\/#\/schema\/logo\/image\/","url":"https:\/\/www.meydan.tv\/wp-content\/uploads\/2021\/07\/meydan-logo.svg","contentUrl":"https:\/\/www.meydan.tv\/wp-content\/uploads\/2021\/07\/meydan-logo.svg","width":195,"height":46,"caption":"Meydan TV"},"image":{"@id":"https:\/\/www.meydan.tv\/az\/#\/schema\/logo\/image\/"}},{"@type":"Person","@id":"https:\/\/www.meydan.tv\/az\/#\/schema\/person\/f5399057f0b7fa223fa6c9b7c3321968","name":"meri"}]}},"_links":{"self":[{"href":"https:\/\/www.meydan.tv\/az\/wp-json\/wp\/v2\/posts\/284185","targetHints":{"allow":["GET"]}}],"collection":[{"href":"https:\/\/www.meydan.tv\/az\/wp-json\/wp\/v2\/posts"}],"about":[{"href":"https:\/\/www.meydan.tv\/az\/wp-json\/wp\/v2\/types\/post"}],"author":[{"embeddable":true,"href":"https:\/\/www.meydan.tv\/az\/wp-json\/wp\/v2\/users\/13"}],"replies":[{"embeddable":true,"href":"https:\/\/www.meydan.tv\/az\/wp-json\/wp\/v2\/comments?post=284185"}],"version-history":[{"count":1,"href":"https:\/\/www.meydan.tv\/az\/wp-json\/wp\/v2\/posts\/284185\/revisions"}],"predecessor-version":[{"id":284186,"href":"https:\/\/www.meydan.tv\/az\/wp-json\/wp\/v2\/posts\/284185\/revisions\/284186"}],"wp:featuredmedia":[{"embeddable":true,"href":"https:\/\/www.meydan.tv\/az\/wp-json\/wp\/v2\/media\/279290"}],"wp:attachment":[{"href":"https:\/\/www.meydan.tv\/az\/wp-json\/wp\/v2\/media?parent=284185"}],"wp:term":[{"taxonomy":"category","embeddable":true,"href":"https:\/\/www.meydan.tv\/az\/wp-json\/wp\/v2\/categories?post=284185"},{"taxonomy":"post_tag","embeddable":true,"href":"https:\/\/www.meydan.tv\/az\/wp-json\/wp\/v2\/tags?post=284185"}],"curies":[{"name":"wp","href":"https:\/\/api.w.org\/{rel}","templated":true}]}}