{"id":284173,"date":"2023-09-06T22:30:38","date_gmt":"2023-09-06T18:30:38","guid":{"rendered":"https:\/\/www.meydan.tv\/?p=284173"},"modified":"2023-09-06T22:37:40","modified_gmt":"2023-09-06T18:37:40","slug":"azerbaycanin-senedli-filmi-beynelxalq-festivalda","status":"publish","type":"post","link":"https:\/\/www.meydan.tv\/az\/article\/azerbaycanin-senedli-filmi-beynelxalq-festivalda\/","title":{"rendered":"Az\u0259rbaycan\u0131n s\u0259n\u0259dli filmi beyn\u0259lxalq festivalda"},"content":{"rendered":"\n<p><em>\u201c\u00c7inar a\u011fac\u0131n\u0131n k\u00f6lg\u0259sind\u0259\u201d filmi<\/em> bu d\u0259f\u0259 Mexikoda n\u00fcmayi\u015f etdiril\u0259c\u0259k<\/p>\n\n\n\n<p>Az\u0259rbaycan\u0131n s\u0259n\u0259dli filmi MEXICO SHORTS &#8211; Meksika Beyn\u0259lxalq Q\u0131sa Filml\u0259r Festival\u0131nda n\u00fcmayi\u015f edil\u0259c\u0259k.<\/p>\n\n\n\n<p>Jurnalist Aynur Elg\u00fcn\u0259\u015fin ilk d\u0259f\u0259 rejissorlu\u011funu etdiyi \u201c\u00c7inar a\u011fac\u0131n\u0131n k\u00f6lg\u0259sind\u0259\u201d (\u201cShadowed by the plane tree\u201d) ekran i\u015fi festival\u0131n s\u0259n\u0259dli film proqram\u0131na <a href=\"https:\/\/www.facebook.com\/photo\/?fbid=615815264067491&amp;set=a.494928986156120\">daxil edilib<\/a>.<\/p>\n\n\n\n<p>SHORTS MEXICO Lat\u0131n Amerikas\u0131n\u0131n \u0259n b\u00f6y\u00fck beyn\u0259lxalq q\u0131sametrajl\u0131 film festival\u0131d\u0131r.<\/p>\n\n\n\n<p>Festival kinoda yarad\u0131c\u0131 ifad\u0259ni, s\u0259sl\u0259rin m\u00fcxt\u0259lifliyini, orijinal v\u0259 innovativ bax\u0131\u015flar\u0131, b\u00fct\u00fcn d\u00fcnya kinorejissorlar\u0131n\u0131n c\u0259sar\u0259tli keyfiyy\u0259tli filml\u0259rini t\u0259bli\u011f edir.<\/p>\n\n\n\n<p>Sentyabr\u0131n 1-d\u0259n ba\u015flayan festival bu ay\u0131n 30-d\u0259k Mexiko \u015f\u0259h\u0259rind\u0259 ke\u00e7iril\u0259c\u0259k.<\/p>\n\n\n\n<p>\u201c\u00c7inar a\u011fac\u0131n\u0131n k\u00f6lg\u0259sind\u0259\u201d q\u0131sametrajl\u0131 hibrid s\u0259n\u0259dli film rejissorun \u015f\u0259xsi hekay\u0259sidir.<\/p>\n\n\n\n<p>M\u00fc\u0259llif Aynur Elg\u00fcn\u0259\u015f yeniyetm\u0259yk\u0259n k\u00f6\u00e7k\u00fcn d\u00fc\u015fd\u00fcy\u00fc A\u011fdam \u015f\u0259h\u0259rin\u0259 28 il sonra jurnalist kimi qay\u0131d\u0131r, film boyu A\u011fdam k\u00fc\u00e7\u0259l\u0259rind\u0259 u\u015faql\u0131\u011f\u0131n\u0131n izl\u0259rini axtar\u0131r, da\u011f\u0131nt\u0131lar alt\u0131nda qalm\u0131\u015f xatir\u0259l\u0259rin\u0259 s\u0259yah\u0259t edir.<\/p>\n\n\n\n<p>On s\u0259kkiz d\u0259qiq\u0259lik filmin prod\u00fcsseri jurnalist v\u0259 rejissor Durna S\u0259f\u0259rova, operator v\u0259 montaj\u00e7\u0131s\u0131 M\u0259tl\u0259b Muxtarovdur.<\/p>\n\n\n\n<p>Filmin premyeras\u0131 2022-ci ild\u0259 Sarayevo Film Festival\u0131nda olub.<\/p>\n","protected":false},"excerpt":{"rendered":"<p>\u201c\u00c7inar a\u011fac\u0131n\u0131n k\u00f6lg\u0259sind\u0259\u201d filmi bu d\u0259f\u0259 Mexikoda n\u00fcmayi\u015f etdiril\u0259c\u0259k Az\u0259rbaycan\u0131n &#8230; <\/p>\n<p class=\"read-more-container\"><a title=\"Az\u0259rbaycan\u0131n s\u0259n\u0259dli filmi beyn\u0259lxalq festivalda\" class=\"read-more button\" href=\"https:\/\/www.meydan.tv\/az\/article\/azerbaycanin-senedli-filmi-beynelxalq-festivalda\/#more-284173\" aria-label=\"Read more about Az\u0259rbaycan\u0131n s\u0259n\u0259dli filmi beyn\u0259lxalq festivalda\">Davam\u0131<\/a><\/p>\n","protected":false},"author":18,"featured_media":284177,"comment_status":"closed","ping_status":"closed","sticky":false,"template":"","format":"standard","meta":{"_acf_changed":false,"_sitemap_exclude":false,"_sitemap_priority":"","_sitemap_frequency":"","footnotes":""},"categories":[52,7,56],"tags":[],"class_list":["post-284173","post","type-post","status-publish","format-standard","has-post-thumbnail","hentry","category-medeniyyet","category-uncategorized-az","category-xeberler","infinite-scroll-item","generate-columns","tablet-grid-50","mobile-grid-100","grid-parent","grid-33","no-featured-image-padding"],"acf":[],"yoast_head":"<!-- This site is optimized with the Yoast SEO plugin v27.4 - https:\/\/yoast.com\/product\/yoast-seo-wordpress\/ -->\n<title>Az\u0259rbaycan\u0131n s\u0259n\u0259dli filmi beyn\u0259lxalq festivalda - MEYDAN.TV<\/title>\n<meta name=\"robots\" content=\"index, follow, max-snippet:-1, max-image-preview:large, max-video-preview:-1\" \/>\n<link rel=\"canonical\" href=\"https:\/\/www.meydan.tv\/az\/article\/azerbaycanin-senedli-filmi-beynelxalq-festivalda\/\" \/>\n<meta property=\"og:locale\" content=\"az_AZ\" \/>\n<meta property=\"og:type\" content=\"article\" \/>\n<meta property=\"og:title\" content=\"Az\u0259rbaycan\u0131n s\u0259n\u0259dli filmi beyn\u0259lxalq festivalda - MEYDAN.TV\" \/>\n<meta property=\"og:description\" content=\"\u201c\u00c7inar a\u011fac\u0131n\u0131n k\u00f6lg\u0259sind\u0259\u201d filmi bu d\u0259f\u0259 Mexikoda n\u00fcmayi\u015f etdiril\u0259c\u0259k Az\u0259rbaycan\u0131n ... Davam\u0131\" \/>\n<meta property=\"og:url\" content=\"https:\/\/www.meydan.tv\/az\/article\/azerbaycanin-senedli-filmi-beynelxalq-festivalda\/\" \/>\n<meta property=\"og:site_name\" content=\"MEYDAN.TV\" \/>\n<meta property=\"article:published_time\" content=\"2023-09-06T18:30:38+00:00\" \/>\n<meta property=\"article:modified_time\" content=\"2023-09-06T18:37:40+00:00\" \/>\n<meta property=\"og:image\" content=\"https:\/\/www.meydan.tv\/wp-content\/uploads\/09690000-0a00-0242-1695-08da6caec5be_w1023_r1_s.png\" \/>\n\t<meta property=\"og:image:width\" content=\"1023\" \/>\n\t<meta property=\"og:image:height\" content=\"575\" \/>\n\t<meta property=\"og:image:type\" content=\"image\/png\" \/>\n<meta name=\"author\" content=\"miron\" \/>\n<meta name=\"twitter:card\" content=\"summary_large_image\" \/>\n<script type=\"application\/ld+json\" class=\"yoast-schema-graph\">{\"@context\":\"https:\\\/\\\/schema.org\",\"@graph\":[{\"@type\":\"Article\",\"@id\":\"https:\\\/\\\/www.meydan.tv\\\/az\\\/article\\\/azerbaycanin-senedli-filmi-beynelxalq-festivalda\\\/#article\",\"isPartOf\":{\"@id\":\"https:\\\/\\\/www.meydan.tv\\\/az\\\/article\\\/azerbaycanin-senedli-filmi-beynelxalq-festivalda\\\/\"},\"author\":{\"name\":\"miron\",\"@id\":\"https:\\\/\\\/www.meydan.tv\\\/az\\\/#\\\/schema\\\/person\\\/981b0b284aeaa9ad0cbf814cd4a9d67c\"},\"headline\":\"Az\u0259rbaycan\u0131n s\u0259n\u0259dli filmi beyn\u0259lxalq festivalda\",\"datePublished\":\"2023-09-06T18:30:38+00:00\",\"dateModified\":\"2023-09-06T18:37:40+00:00\",\"mainEntityOfPage\":{\"@id\":\"https:\\\/\\\/www.meydan.tv\\\/az\\\/article\\\/azerbaycanin-senedli-filmi-beynelxalq-festivalda\\\/\"},\"wordCount\":267,\"publisher\":{\"@id\":\"https:\\\/\\\/www.meydan.tv\\\/az\\\/#organization\"},\"image\":{\"@id\":\"https:\\\/\\\/www.meydan.tv\\\/az\\\/article\\\/azerbaycanin-senedli-filmi-beynelxalq-festivalda\\\/#primaryimage\"},\"thumbnailUrl\":\"https:\\\/\\\/www.meydan.tv\\\/wp-content\\\/uploads\\\/09690000-0a00-0242-1695-08da6caec5be_w1023_r1_s.png\",\"articleSection\":[\"M\u0259d\u0259niyy\u0259t\",\"Uncategorized @az\",\"X\u0259b\u0259rl\u0259r\"],\"inLanguage\":\"az\"},{\"@type\":\"WebPage\",\"@id\":\"https:\\\/\\\/www.meydan.tv\\\/az\\\/article\\\/azerbaycanin-senedli-filmi-beynelxalq-festivalda\\\/\",\"url\":\"https:\\\/\\\/www.meydan.tv\\\/az\\\/article\\\/azerbaycanin-senedli-filmi-beynelxalq-festivalda\\\/\",\"name\":\"Az\u0259rbaycan\u0131n s\u0259n\u0259dli filmi beyn\u0259lxalq festivalda - MEYDAN.TV\",\"isPartOf\":{\"@id\":\"https:\\\/\\\/www.meydan.tv\\\/az\\\/#website\"},\"primaryImageOfPage\":{\"@id\":\"https:\\\/\\\/www.meydan.tv\\\/az\\\/article\\\/azerbaycanin-senedli-filmi-beynelxalq-festivalda\\\/#primaryimage\"},\"image\":{\"@id\":\"https:\\\/\\\/www.meydan.tv\\\/az\\\/article\\\/azerbaycanin-senedli-filmi-beynelxalq-festivalda\\\/#primaryimage\"},\"thumbnailUrl\":\"https:\\\/\\\/www.meydan.tv\\\/wp-content\\\/uploads\\\/09690000-0a00-0242-1695-08da6caec5be_w1023_r1_s.png\",\"datePublished\":\"2023-09-06T18:30:38+00:00\",\"dateModified\":\"2023-09-06T18:37:40+00:00\",\"breadcrumb\":{\"@id\":\"https:\\\/\\\/www.meydan.tv\\\/az\\\/article\\\/azerbaycanin-senedli-filmi-beynelxalq-festivalda\\\/#breadcrumb\"},\"inLanguage\":\"az\",\"potentialAction\":[{\"@type\":\"ReadAction\",\"target\":[\"https:\\\/\\\/www.meydan.tv\\\/az\\\/article\\\/azerbaycanin-senedli-filmi-beynelxalq-festivalda\\\/\"]}]},{\"@type\":\"ImageObject\",\"inLanguage\":\"az\",\"@id\":\"https:\\\/\\\/www.meydan.tv\\\/az\\\/article\\\/azerbaycanin-senedli-filmi-beynelxalq-festivalda\\\/#primaryimage\",\"url\":\"https:\\\/\\\/www.meydan.tv\\\/wp-content\\\/uploads\\\/09690000-0a00-0242-1695-08da6caec5be_w1023_r1_s.png\",\"contentUrl\":\"https:\\\/\\\/www.meydan.tv\\\/wp-content\\\/uploads\\\/09690000-0a00-0242-1695-08da6caec5be_w1023_r1_s.png\",\"width\":1023,\"height\":575},{\"@type\":\"BreadcrumbList\",\"@id\":\"https:\\\/\\\/www.meydan.tv\\\/az\\\/article\\\/azerbaycanin-senedli-filmi-beynelxalq-festivalda\\\/#breadcrumb\",\"itemListElement\":[{\"@type\":\"ListItem\",\"position\":1,\"name\":\"Ana s\u0259hif\u0259\",\"item\":\"https:\\\/\\\/www.meydan.tv\\\/az\\\/\"},{\"@type\":\"ListItem\",\"position\":2,\"name\":\"Uncategorized @az\",\"item\":\"https:\\\/\\\/www.meydan.tv\\\/az\\\/section\\\/uncategorized-az\\\/\"},{\"@type\":\"ListItem\",\"position\":3,\"name\":\"Az\u0259rbaycan\u0131n s\u0259n\u0259dli filmi beyn\u0259lxalq festivalda\"}]},{\"@type\":\"WebSite\",\"@id\":\"https:\\\/\\\/www.meydan.tv\\\/az\\\/#website\",\"url\":\"https:\\\/\\\/www.meydan.tv\\\/az\\\/\",\"name\":\"MEYDAN.TV\",\"description\":\"Meydan TV Az\u0259rbaycan\u0131n media m\u0259kan\u0131ndak\u0131 alternativ s\u0259sidir\",\"publisher\":{\"@id\":\"https:\\\/\\\/www.meydan.tv\\\/az\\\/#organization\"},\"potentialAction\":[{\"@type\":\"SearchAction\",\"target\":{\"@type\":\"EntryPoint\",\"urlTemplate\":\"https:\\\/\\\/www.meydan.tv\\\/az\\\/?s={search_term_string}\"},\"query-input\":{\"@type\":\"PropertyValueSpecification\",\"valueRequired\":true,\"valueName\":\"search_term_string\"}}],\"inLanguage\":\"az\"},{\"@type\":\"Organization\",\"@id\":\"https:\\\/\\\/www.meydan.tv\\\/az\\\/#organization\",\"name\":\"Meydan TV\",\"url\":\"https:\\\/\\\/www.meydan.tv\\\/az\\\/\",\"logo\":{\"@type\":\"ImageObject\",\"inLanguage\":\"az\",\"@id\":\"https:\\\/\\\/www.meydan.tv\\\/az\\\/#\\\/schema\\\/logo\\\/image\\\/\",\"url\":\"https:\\\/\\\/www.meydan.tv\\\/wp-content\\\/uploads\\\/2021\\\/07\\\/meydan-logo.svg\",\"contentUrl\":\"https:\\\/\\\/www.meydan.tv\\\/wp-content\\\/uploads\\\/2021\\\/07\\\/meydan-logo.svg\",\"width\":195,\"height\":46,\"caption\":\"Meydan TV\"},\"image\":{\"@id\":\"https:\\\/\\\/www.meydan.tv\\\/az\\\/#\\\/schema\\\/logo\\\/image\\\/\"}},{\"@type\":\"Person\",\"@id\":\"https:\\\/\\\/www.meydan.tv\\\/az\\\/#\\\/schema\\\/person\\\/981b0b284aeaa9ad0cbf814cd4a9d67c\",\"name\":\"miron\"}]}<\/script>\n<!-- \/ Yoast SEO plugin. -->","yoast_head_json":{"title":"Az\u0259rbaycan\u0131n s\u0259n\u0259dli filmi beyn\u0259lxalq festivalda - MEYDAN.TV","robots":{"index":"index","follow":"follow","max-snippet":"max-snippet:-1","max-image-preview":"max-image-preview:large","max-video-preview":"max-video-preview:-1"},"canonical":"https:\/\/www.meydan.tv\/az\/article\/azerbaycanin-senedli-filmi-beynelxalq-festivalda\/","og_locale":"az_AZ","og_type":"article","og_title":"Az\u0259rbaycan\u0131n s\u0259n\u0259dli filmi beyn\u0259lxalq festivalda - MEYDAN.TV","og_description":"\u201c\u00c7inar a\u011fac\u0131n\u0131n k\u00f6lg\u0259sind\u0259\u201d filmi bu d\u0259f\u0259 Mexikoda n\u00fcmayi\u015f etdiril\u0259c\u0259k Az\u0259rbaycan\u0131n ... Davam\u0131","og_url":"https:\/\/www.meydan.tv\/az\/article\/azerbaycanin-senedli-filmi-beynelxalq-festivalda\/","og_site_name":"MEYDAN.TV","article_published_time":"2023-09-06T18:30:38+00:00","article_modified_time":"2023-09-06T18:37:40+00:00","og_image":[{"width":1023,"height":575,"url":"https:\/\/www.meydan.tv\/wp-content\/uploads\/09690000-0a00-0242-1695-08da6caec5be_w1023_r1_s.png","type":"image\/png"}],"author":"miron","twitter_card":"summary_large_image","schema":{"@context":"https:\/\/schema.org","@graph":[{"@type":"Article","@id":"https:\/\/www.meydan.tv\/az\/article\/azerbaycanin-senedli-filmi-beynelxalq-festivalda\/#article","isPartOf":{"@id":"https:\/\/www.meydan.tv\/az\/article\/azerbaycanin-senedli-filmi-beynelxalq-festivalda\/"},"author":{"name":"miron","@id":"https:\/\/www.meydan.tv\/az\/#\/schema\/person\/981b0b284aeaa9ad0cbf814cd4a9d67c"},"headline":"Az\u0259rbaycan\u0131n s\u0259n\u0259dli filmi beyn\u0259lxalq festivalda","datePublished":"2023-09-06T18:30:38+00:00","dateModified":"2023-09-06T18:37:40+00:00","mainEntityOfPage":{"@id":"https:\/\/www.meydan.tv\/az\/article\/azerbaycanin-senedli-filmi-beynelxalq-festivalda\/"},"wordCount":267,"publisher":{"@id":"https:\/\/www.meydan.tv\/az\/#organization"},"image":{"@id":"https:\/\/www.meydan.tv\/az\/article\/azerbaycanin-senedli-filmi-beynelxalq-festivalda\/#primaryimage"},"thumbnailUrl":"https:\/\/www.meydan.tv\/wp-content\/uploads\/09690000-0a00-0242-1695-08da6caec5be_w1023_r1_s.png","articleSection":["M\u0259d\u0259niyy\u0259t","Uncategorized @az","X\u0259b\u0259rl\u0259r"],"inLanguage":"az"},{"@type":"WebPage","@id":"https:\/\/www.meydan.tv\/az\/article\/azerbaycanin-senedli-filmi-beynelxalq-festivalda\/","url":"https:\/\/www.meydan.tv\/az\/article\/azerbaycanin-senedli-filmi-beynelxalq-festivalda\/","name":"Az\u0259rbaycan\u0131n s\u0259n\u0259dli filmi beyn\u0259lxalq festivalda - MEYDAN.TV","isPartOf":{"@id":"https:\/\/www.meydan.tv\/az\/#website"},"primaryImageOfPage":{"@id":"https:\/\/www.meydan.tv\/az\/article\/azerbaycanin-senedli-filmi-beynelxalq-festivalda\/#primaryimage"},"image":{"@id":"https:\/\/www.meydan.tv\/az\/article\/azerbaycanin-senedli-filmi-beynelxalq-festivalda\/#primaryimage"},"thumbnailUrl":"https:\/\/www.meydan.tv\/wp-content\/uploads\/09690000-0a00-0242-1695-08da6caec5be_w1023_r1_s.png","datePublished":"2023-09-06T18:30:38+00:00","dateModified":"2023-09-06T18:37:40+00:00","breadcrumb":{"@id":"https:\/\/www.meydan.tv\/az\/article\/azerbaycanin-senedli-filmi-beynelxalq-festivalda\/#breadcrumb"},"inLanguage":"az","potentialAction":[{"@type":"ReadAction","target":["https:\/\/www.meydan.tv\/az\/article\/azerbaycanin-senedli-filmi-beynelxalq-festivalda\/"]}]},{"@type":"ImageObject","inLanguage":"az","@id":"https:\/\/www.meydan.tv\/az\/article\/azerbaycanin-senedli-filmi-beynelxalq-festivalda\/#primaryimage","url":"https:\/\/www.meydan.tv\/wp-content\/uploads\/09690000-0a00-0242-1695-08da6caec5be_w1023_r1_s.png","contentUrl":"https:\/\/www.meydan.tv\/wp-content\/uploads\/09690000-0a00-0242-1695-08da6caec5be_w1023_r1_s.png","width":1023,"height":575},{"@type":"BreadcrumbList","@id":"https:\/\/www.meydan.tv\/az\/article\/azerbaycanin-senedli-filmi-beynelxalq-festivalda\/#breadcrumb","itemListElement":[{"@type":"ListItem","position":1,"name":"Ana s\u0259hif\u0259","item":"https:\/\/www.meydan.tv\/az\/"},{"@type":"ListItem","position":2,"name":"Uncategorized @az","item":"https:\/\/www.meydan.tv\/az\/section\/uncategorized-az\/"},{"@type":"ListItem","position":3,"name":"Az\u0259rbaycan\u0131n s\u0259n\u0259dli filmi beyn\u0259lxalq festivalda"}]},{"@type":"WebSite","@id":"https:\/\/www.meydan.tv\/az\/#website","url":"https:\/\/www.meydan.tv\/az\/","name":"MEYDAN.TV","description":"Meydan TV Az\u0259rbaycan\u0131n media m\u0259kan\u0131ndak\u0131 alternativ s\u0259sidir","publisher":{"@id":"https:\/\/www.meydan.tv\/az\/#organization"},"potentialAction":[{"@type":"SearchAction","target":{"@type":"EntryPoint","urlTemplate":"https:\/\/www.meydan.tv\/az\/?s={search_term_string}"},"query-input":{"@type":"PropertyValueSpecification","valueRequired":true,"valueName":"search_term_string"}}],"inLanguage":"az"},{"@type":"Organization","@id":"https:\/\/www.meydan.tv\/az\/#organization","name":"Meydan TV","url":"https:\/\/www.meydan.tv\/az\/","logo":{"@type":"ImageObject","inLanguage":"az","@id":"https:\/\/www.meydan.tv\/az\/#\/schema\/logo\/image\/","url":"https:\/\/www.meydan.tv\/wp-content\/uploads\/2021\/07\/meydan-logo.svg","contentUrl":"https:\/\/www.meydan.tv\/wp-content\/uploads\/2021\/07\/meydan-logo.svg","width":195,"height":46,"caption":"Meydan TV"},"image":{"@id":"https:\/\/www.meydan.tv\/az\/#\/schema\/logo\/image\/"}},{"@type":"Person","@id":"https:\/\/www.meydan.tv\/az\/#\/schema\/person\/981b0b284aeaa9ad0cbf814cd4a9d67c","name":"miron"}]}},"_links":{"self":[{"href":"https:\/\/www.meydan.tv\/az\/wp-json\/wp\/v2\/posts\/284173","targetHints":{"allow":["GET"]}}],"collection":[{"href":"https:\/\/www.meydan.tv\/az\/wp-json\/wp\/v2\/posts"}],"about":[{"href":"https:\/\/www.meydan.tv\/az\/wp-json\/wp\/v2\/types\/post"}],"author":[{"embeddable":true,"href":"https:\/\/www.meydan.tv\/az\/wp-json\/wp\/v2\/users\/18"}],"replies":[{"embeddable":true,"href":"https:\/\/www.meydan.tv\/az\/wp-json\/wp\/v2\/comments?post=284173"}],"version-history":[{"count":3,"href":"https:\/\/www.meydan.tv\/az\/wp-json\/wp\/v2\/posts\/284173\/revisions"}],"predecessor-version":[{"id":284184,"href":"https:\/\/www.meydan.tv\/az\/wp-json\/wp\/v2\/posts\/284173\/revisions\/284184"}],"wp:featuredmedia":[{"embeddable":true,"href":"https:\/\/www.meydan.tv\/az\/wp-json\/wp\/v2\/media\/284177"}],"wp:attachment":[{"href":"https:\/\/www.meydan.tv\/az\/wp-json\/wp\/v2\/media?parent=284173"}],"wp:term":[{"taxonomy":"category","embeddable":true,"href":"https:\/\/www.meydan.tv\/az\/wp-json\/wp\/v2\/categories?post=284173"},{"taxonomy":"post_tag","embeddable":true,"href":"https:\/\/www.meydan.tv\/az\/wp-json\/wp\/v2\/tags?post=284173"}],"curies":[{"name":"wp","href":"https:\/\/api.w.org\/{rel}","templated":true}]}}