{"id":284037,"date":"2023-09-05T18:28:09","date_gmt":"2023-09-05T14:28:09","guid":{"rendered":"https:\/\/www.meydan.tv\/?p=284037"},"modified":"2023-09-05T18:28:12","modified_gmt":"2023-09-05T14:28:12","slug":"yerevana-sefere-hazirlasan-repci-qarabag-ermenilerine-de-seslendi","status":"publish","type":"post","link":"https:\/\/www.meydan.tv\/az\/article\/yerevana-sefere-hazirlasan-repci-qarabag-ermenilerine-de-seslendi\/","title":{"rendered":"Yerevana s\u0259f\u0259r\u0259 haz\u0131rla\u015fan rep\u00e7i Qaraba\u011f erm\u0259nil\u0259rin\u0259 d\u0259 s\u0259sl\u0259ndi"},"content":{"rendered":"\n<p><em><strong>Snup Doq: \u201cM\u0259n sizi d\u00fc\u015f\u00fcn\u00fcr\u0259m\u2026\u201d<\/strong><\/em><\/p>\n\n\n\n<p>Amerikal\u0131 rep\u00e7i Snup Doq (Snoop Dogg) sentyabr\u0131n 23-d\u0259 Yerevanda \u00e7\u0131x\u0131\u015f ed\u0259c\u0259k.<\/p>\n\n\n\n<p>Konsertin d\u00f6vl\u0259t b\u00fcdc\u0259si hesab\u0131na maliyy\u0259l\u0259\u015fdirildiyi <a href=\"https:\/\/ria.ru\/20230811\/snoop-1889512421.html\">bildirilir.<\/a><\/p>\n\n\n\n<p>Bunun \u00fc\u00e7\u00fcn 2,318 milyard dram (6 milyon dollardan \u00e7ox) ayr\u0131ld\u0131\u011f\u0131 bildirilir.<\/p>\n\n\n\n<p>Bu m\u0259bl\u0259\u011f qonorar\u0131n \u00f6d\u0259nilm\u0259sin\u0259, m\u00fchafiz\u0259 t\u0259l\u0259bl\u0259rinin t\u0259min edilm\u0259sin\u0259 v\u0259 s\u0259n\u0259t\u00e7i komandas\u0131n\u0131n s\u0131\u011forta x\u0259rcl\u0259rin\u0259, y\u00fcks\u0259k s\u0259viyy\u0259d\u0259 texniki t\u0259chizat v\u0259 tan\u0131t\u0131m i\u015fl\u0259rin\u0259 y\u00f6n\u0259ldil\u0259c\u0259yi qeyd edilir.<\/p>\n\n\n\n<p>Rep\u00e7inin Erm\u0259nistandak\u0131 \u00e7\u0131x\u0131\u015f\u0131 \u201cD\u00fcnya ulduzunun erm\u0259ni turu\u201d layih\u0259sinin t\u0259rkib hiss\u0259si olaca\u011f\u0131 bildirilir.<\/p>\n\n\n\n<p>Snop Doq 81,2 milyondan \u00e7ox izl\u0259yicisi olan \u201c\u0130nstagram\u201d s\u0259hif\u0259sind\u0259 Yerevanda ke\u00e7iril\u0259c\u0259k konserti il\u0259 ba\u011fl\u0131 payla\u015f\u0131m <a href=\"https:\/\/www.instagram.com\/p\/CwymYA1p-0S\/\">edib.<\/a><\/p>\n\n\n\n<p><em>\u201cM\u0259nim sevimli erm\u0259ni xalq\u0131m. M\u0259n sizi d\u00fc\u015f\u00fcn\u00fcr\u0259m v\u0259 Erm\u0259nistanda, Artsaxda (\u201cTan\u0131nmam\u0131\u015f Da\u011fl\u0131q Qaraba\u011f Respublikas\u0131\u201d) v\u0259 d\u00fcnyada b\u00fct\u00fcn erm\u0259ni xalq\u0131na sevgi g\u00f6nd\u0259rir\u0259m. M\u0259n sevgi v\u0259 s\u00fclh g\u0259tirir\u0259m v\u0259 h\u0259r k\u0259s\u0259 g\u00fcc dil\u0259yir\u0259m. Sentyabr\u0131n 23-d\u0259 g\u0259l\u0259c\u0259y\u0259m\u201d, <\/em>\u2013 rep\u00e7i yaz\u0131b.<\/p>\n\n\n\n<p>\u201c\u0130nstagram\u201d\u0131n az\u0259rbaycanl\u0131 istifad\u0259\u00e7il\u0259ri payla\u015f\u0131m\u0131n \u015f\u0259rhl\u0259rind\u0259 rep\u00e7inin mesaj\u0131n\u0131n t\u0259xribat xarakteri oldu\u011funu yaz\u0131blar.<\/p>\n\n\n\n<p>Bildiribl\u0259r ki, Snup Doq t\u0259bli\u011fat al\u0259tin\u0259 \u00e7evrilib.<\/p>\n","protected":false},"excerpt":{"rendered":"<p>Snup Doq: \u201cM\u0259n sizi d\u00fc\u015f\u00fcn\u00fcr\u0259m\u2026\u201d Amerikal\u0131 rep\u00e7i Snup Doq (Snoop &#8230; <\/p>\n<p class=\"read-more-container\"><a title=\"Yerevana s\u0259f\u0259r\u0259 haz\u0131rla\u015fan rep\u00e7i Qaraba\u011f erm\u0259nil\u0259rin\u0259 d\u0259 s\u0259sl\u0259ndi\" class=\"read-more button\" href=\"https:\/\/www.meydan.tv\/az\/article\/yerevana-sefere-hazirlasan-repci-qarabag-ermenilerine-de-seslendi\/#more-284037\" aria-label=\"Read more about Yerevana s\u0259f\u0259r\u0259 haz\u0131rla\u015fan rep\u00e7i Qaraba\u011f erm\u0259nil\u0259rin\u0259 d\u0259 s\u0259sl\u0259ndi\">Davam\u0131<\/a><\/p>\n","protected":false},"author":12,"featured_media":284038,"comment_status":"closed","ping_status":"closed","sticky":false,"template":"","format":"standard","meta":{"_acf_changed":false,"_sitemap_exclude":false,"_sitemap_priority":"","_sitemap_frequency":"","footnotes":""},"categories":[52,56],"tags":[],"class_list":["post-284037","post","type-post","status-publish","format-standard","has-post-thumbnail","hentry","category-medeniyyet","category-xeberler","infinite-scroll-item","generate-columns","tablet-grid-50","mobile-grid-100","grid-parent","grid-33","no-featured-image-padding"],"acf":[],"yoast_head":"<!-- This site is optimized with the Yoast SEO plugin v27.4 - https:\/\/yoast.com\/product\/yoast-seo-wordpress\/ -->\n<title>Yerevana s\u0259f\u0259r\u0259 haz\u0131rla\u015fan rep\u00e7i Qaraba\u011f erm\u0259nil\u0259rin\u0259 d\u0259 s\u0259sl\u0259ndi - MEYDAN.TV<\/title>\n<meta name=\"robots\" content=\"index, follow, max-snippet:-1, max-image-preview:large, max-video-preview:-1\" \/>\n<link rel=\"canonical\" href=\"https:\/\/www.meydan.tv\/az\/article\/yerevana-sefere-hazirlasan-repci-qarabag-ermenilerine-de-seslendi\/\" \/>\n<meta property=\"og:locale\" content=\"az_AZ\" \/>\n<meta property=\"og:type\" content=\"article\" \/>\n<meta property=\"og:title\" content=\"Yerevana s\u0259f\u0259r\u0259 haz\u0131rla\u015fan rep\u00e7i Qaraba\u011f erm\u0259nil\u0259rin\u0259 d\u0259 s\u0259sl\u0259ndi - MEYDAN.TV\" \/>\n<meta property=\"og:description\" content=\"Snup Doq: \u201cM\u0259n sizi d\u00fc\u015f\u00fcn\u00fcr\u0259m\u2026\u201d Amerikal\u0131 rep\u00e7i Snup Doq (Snoop ... Davam\u0131\" \/>\n<meta property=\"og:url\" content=\"https:\/\/www.meydan.tv\/az\/article\/yerevana-sefere-hazirlasan-repci-qarabag-ermenilerine-de-seslendi\/\" \/>\n<meta property=\"og:site_name\" content=\"MEYDAN.TV\" \/>\n<meta property=\"article:published_time\" content=\"2023-09-05T14:28:09+00:00\" \/>\n<meta property=\"article:modified_time\" content=\"2023-09-05T14:28:12+00:00\" \/>\n<meta property=\"og:image\" content=\"https:\/\/www.meydan.tv\/wp-content\/uploads\/h3wppfysozmtfioavpjjt4jprq-e1693923178705.jpg\" \/>\n\t<meta property=\"og:image:width\" content=\"2546\" \/>\n\t<meta property=\"og:image:height\" content=\"1268\" \/>\n\t<meta property=\"og:image:type\" content=\"image\/jpeg\" \/>\n<meta name=\"author\" content=\"aleks\" \/>\n<meta name=\"twitter:card\" content=\"summary_large_image\" \/>\n<script type=\"application\/ld+json\" class=\"yoast-schema-graph\">{\"@context\":\"https:\\\/\\\/schema.org\",\"@graph\":[{\"@type\":\"Article\",\"@id\":\"https:\\\/\\\/www.meydan.tv\\\/az\\\/article\\\/yerevana-sefere-hazirlasan-repci-qarabag-ermenilerine-de-seslendi\\\/#article\",\"isPartOf\":{\"@id\":\"https:\\\/\\\/www.meydan.tv\\\/az\\\/article\\\/yerevana-sefere-hazirlasan-repci-qarabag-ermenilerine-de-seslendi\\\/\"},\"author\":{\"name\":\"aleks\",\"@id\":\"https:\\\/\\\/www.meydan.tv\\\/az\\\/#\\\/schema\\\/person\\\/476e9360e593fa131d5d71d51866f8da\"},\"headline\":\"Yerevana s\u0259f\u0259r\u0259 haz\u0131rla\u015fan rep\u00e7i Qaraba\u011f erm\u0259nil\u0259rin\u0259 d\u0259 s\u0259sl\u0259ndi\",\"datePublished\":\"2023-09-05T14:28:09+00:00\",\"dateModified\":\"2023-09-05T14:28:12+00:00\",\"mainEntityOfPage\":{\"@id\":\"https:\\\/\\\/www.meydan.tv\\\/az\\\/article\\\/yerevana-sefere-hazirlasan-repci-qarabag-ermenilerine-de-seslendi\\\/\"},\"wordCount\":266,\"publisher\":{\"@id\":\"https:\\\/\\\/www.meydan.tv\\\/az\\\/#organization\"},\"image\":{\"@id\":\"https:\\\/\\\/www.meydan.tv\\\/az\\\/article\\\/yerevana-sefere-hazirlasan-repci-qarabag-ermenilerine-de-seslendi\\\/#primaryimage\"},\"thumbnailUrl\":\"https:\\\/\\\/www.meydan.tv\\\/wp-content\\\/uploads\\\/h3wppfysozmtfioavpjjt4jprq-e1693923178705.jpg\",\"articleSection\":[\"M\u0259d\u0259niyy\u0259t\",\"X\u0259b\u0259rl\u0259r\"],\"inLanguage\":\"az\"},{\"@type\":\"WebPage\",\"@id\":\"https:\\\/\\\/www.meydan.tv\\\/az\\\/article\\\/yerevana-sefere-hazirlasan-repci-qarabag-ermenilerine-de-seslendi\\\/\",\"url\":\"https:\\\/\\\/www.meydan.tv\\\/az\\\/article\\\/yerevana-sefere-hazirlasan-repci-qarabag-ermenilerine-de-seslendi\\\/\",\"name\":\"Yerevana s\u0259f\u0259r\u0259 haz\u0131rla\u015fan rep\u00e7i Qaraba\u011f erm\u0259nil\u0259rin\u0259 d\u0259 s\u0259sl\u0259ndi - MEYDAN.TV\",\"isPartOf\":{\"@id\":\"https:\\\/\\\/www.meydan.tv\\\/az\\\/#website\"},\"primaryImageOfPage\":{\"@id\":\"https:\\\/\\\/www.meydan.tv\\\/az\\\/article\\\/yerevana-sefere-hazirlasan-repci-qarabag-ermenilerine-de-seslendi\\\/#primaryimage\"},\"image\":{\"@id\":\"https:\\\/\\\/www.meydan.tv\\\/az\\\/article\\\/yerevana-sefere-hazirlasan-repci-qarabag-ermenilerine-de-seslendi\\\/#primaryimage\"},\"thumbnailUrl\":\"https:\\\/\\\/www.meydan.tv\\\/wp-content\\\/uploads\\\/h3wppfysozmtfioavpjjt4jprq-e1693923178705.jpg\",\"datePublished\":\"2023-09-05T14:28:09+00:00\",\"dateModified\":\"2023-09-05T14:28:12+00:00\",\"breadcrumb\":{\"@id\":\"https:\\\/\\\/www.meydan.tv\\\/az\\\/article\\\/yerevana-sefere-hazirlasan-repci-qarabag-ermenilerine-de-seslendi\\\/#breadcrumb\"},\"inLanguage\":\"az\",\"potentialAction\":[{\"@type\":\"ReadAction\",\"target\":[\"https:\\\/\\\/www.meydan.tv\\\/az\\\/article\\\/yerevana-sefere-hazirlasan-repci-qarabag-ermenilerine-de-seslendi\\\/\"]}]},{\"@type\":\"ImageObject\",\"inLanguage\":\"az\",\"@id\":\"https:\\\/\\\/www.meydan.tv\\\/az\\\/article\\\/yerevana-sefere-hazirlasan-repci-qarabag-ermenilerine-de-seslendi\\\/#primaryimage\",\"url\":\"https:\\\/\\\/www.meydan.tv\\\/wp-content\\\/uploads\\\/h3wppfysozmtfioavpjjt4jprq-e1693923178705.jpg\",\"contentUrl\":\"https:\\\/\\\/www.meydan.tv\\\/wp-content\\\/uploads\\\/h3wppfysozmtfioavpjjt4jprq-e1693923178705.jpg\",\"width\":2546,\"height\":1268,\"caption\":\"Snoop Dogg, foto: Reuters\"},{\"@type\":\"BreadcrumbList\",\"@id\":\"https:\\\/\\\/www.meydan.tv\\\/az\\\/article\\\/yerevana-sefere-hazirlasan-repci-qarabag-ermenilerine-de-seslendi\\\/#breadcrumb\",\"itemListElement\":[{\"@type\":\"ListItem\",\"position\":1,\"name\":\"Ana s\u0259hif\u0259\",\"item\":\"https:\\\/\\\/www.meydan.tv\\\/az\\\/\"},{\"@type\":\"ListItem\",\"position\":2,\"name\":\"X\u0259b\u0259rl\u0259r\",\"item\":\"https:\\\/\\\/www.meydan.tv\\\/az\\\/section\\\/xeberler\\\/\"},{\"@type\":\"ListItem\",\"position\":3,\"name\":\"Yerevana s\u0259f\u0259r\u0259 haz\u0131rla\u015fan rep\u00e7i Qaraba\u011f erm\u0259nil\u0259rin\u0259 d\u0259 s\u0259sl\u0259ndi\"}]},{\"@type\":\"WebSite\",\"@id\":\"https:\\\/\\\/www.meydan.tv\\\/az\\\/#website\",\"url\":\"https:\\\/\\\/www.meydan.tv\\\/az\\\/\",\"name\":\"MEYDAN.TV\",\"description\":\"Meydan TV Az\u0259rbaycan\u0131n media m\u0259kan\u0131ndak\u0131 alternativ s\u0259sidir\",\"publisher\":{\"@id\":\"https:\\\/\\\/www.meydan.tv\\\/az\\\/#organization\"},\"potentialAction\":[{\"@type\":\"SearchAction\",\"target\":{\"@type\":\"EntryPoint\",\"urlTemplate\":\"https:\\\/\\\/www.meydan.tv\\\/az\\\/?s={search_term_string}\"},\"query-input\":{\"@type\":\"PropertyValueSpecification\",\"valueRequired\":true,\"valueName\":\"search_term_string\"}}],\"inLanguage\":\"az\"},{\"@type\":\"Organization\",\"@id\":\"https:\\\/\\\/www.meydan.tv\\\/az\\\/#organization\",\"name\":\"Meydan TV\",\"url\":\"https:\\\/\\\/www.meydan.tv\\\/az\\\/\",\"logo\":{\"@type\":\"ImageObject\",\"inLanguage\":\"az\",\"@id\":\"https:\\\/\\\/www.meydan.tv\\\/az\\\/#\\\/schema\\\/logo\\\/image\\\/\",\"url\":\"https:\\\/\\\/www.meydan.tv\\\/wp-content\\\/uploads\\\/2021\\\/07\\\/meydan-logo.svg\",\"contentUrl\":\"https:\\\/\\\/www.meydan.tv\\\/wp-content\\\/uploads\\\/2021\\\/07\\\/meydan-logo.svg\",\"width\":195,\"height\":46,\"caption\":\"Meydan TV\"},\"image\":{\"@id\":\"https:\\\/\\\/www.meydan.tv\\\/az\\\/#\\\/schema\\\/logo\\\/image\\\/\"}},{\"@type\":\"Person\",\"@id\":\"https:\\\/\\\/www.meydan.tv\\\/az\\\/#\\\/schema\\\/person\\\/476e9360e593fa131d5d71d51866f8da\",\"name\":\"aleks\"}]}<\/script>\n<!-- \/ Yoast SEO plugin. -->","yoast_head_json":{"title":"Yerevana s\u0259f\u0259r\u0259 haz\u0131rla\u015fan rep\u00e7i Qaraba\u011f erm\u0259nil\u0259rin\u0259 d\u0259 s\u0259sl\u0259ndi - MEYDAN.TV","robots":{"index":"index","follow":"follow","max-snippet":"max-snippet:-1","max-image-preview":"max-image-preview:large","max-video-preview":"max-video-preview:-1"},"canonical":"https:\/\/www.meydan.tv\/az\/article\/yerevana-sefere-hazirlasan-repci-qarabag-ermenilerine-de-seslendi\/","og_locale":"az_AZ","og_type":"article","og_title":"Yerevana s\u0259f\u0259r\u0259 haz\u0131rla\u015fan rep\u00e7i Qaraba\u011f erm\u0259nil\u0259rin\u0259 d\u0259 s\u0259sl\u0259ndi - MEYDAN.TV","og_description":"Snup Doq: \u201cM\u0259n sizi d\u00fc\u015f\u00fcn\u00fcr\u0259m\u2026\u201d Amerikal\u0131 rep\u00e7i Snup Doq (Snoop ... Davam\u0131","og_url":"https:\/\/www.meydan.tv\/az\/article\/yerevana-sefere-hazirlasan-repci-qarabag-ermenilerine-de-seslendi\/","og_site_name":"MEYDAN.TV","article_published_time":"2023-09-05T14:28:09+00:00","article_modified_time":"2023-09-05T14:28:12+00:00","og_image":[{"width":2546,"height":1268,"url":"https:\/\/www.meydan.tv\/wp-content\/uploads\/h3wppfysozmtfioavpjjt4jprq-e1693923178705.jpg","type":"image\/jpeg"}],"author":"aleks","twitter_card":"summary_large_image","schema":{"@context":"https:\/\/schema.org","@graph":[{"@type":"Article","@id":"https:\/\/www.meydan.tv\/az\/article\/yerevana-sefere-hazirlasan-repci-qarabag-ermenilerine-de-seslendi\/#article","isPartOf":{"@id":"https:\/\/www.meydan.tv\/az\/article\/yerevana-sefere-hazirlasan-repci-qarabag-ermenilerine-de-seslendi\/"},"author":{"name":"aleks","@id":"https:\/\/www.meydan.tv\/az\/#\/schema\/person\/476e9360e593fa131d5d71d51866f8da"},"headline":"Yerevana s\u0259f\u0259r\u0259 haz\u0131rla\u015fan rep\u00e7i Qaraba\u011f erm\u0259nil\u0259rin\u0259 d\u0259 s\u0259sl\u0259ndi","datePublished":"2023-09-05T14:28:09+00:00","dateModified":"2023-09-05T14:28:12+00:00","mainEntityOfPage":{"@id":"https:\/\/www.meydan.tv\/az\/article\/yerevana-sefere-hazirlasan-repci-qarabag-ermenilerine-de-seslendi\/"},"wordCount":266,"publisher":{"@id":"https:\/\/www.meydan.tv\/az\/#organization"},"image":{"@id":"https:\/\/www.meydan.tv\/az\/article\/yerevana-sefere-hazirlasan-repci-qarabag-ermenilerine-de-seslendi\/#primaryimage"},"thumbnailUrl":"https:\/\/www.meydan.tv\/wp-content\/uploads\/h3wppfysozmtfioavpjjt4jprq-e1693923178705.jpg","articleSection":["M\u0259d\u0259niyy\u0259t","X\u0259b\u0259rl\u0259r"],"inLanguage":"az"},{"@type":"WebPage","@id":"https:\/\/www.meydan.tv\/az\/article\/yerevana-sefere-hazirlasan-repci-qarabag-ermenilerine-de-seslendi\/","url":"https:\/\/www.meydan.tv\/az\/article\/yerevana-sefere-hazirlasan-repci-qarabag-ermenilerine-de-seslendi\/","name":"Yerevana s\u0259f\u0259r\u0259 haz\u0131rla\u015fan rep\u00e7i Qaraba\u011f erm\u0259nil\u0259rin\u0259 d\u0259 s\u0259sl\u0259ndi - MEYDAN.TV","isPartOf":{"@id":"https:\/\/www.meydan.tv\/az\/#website"},"primaryImageOfPage":{"@id":"https:\/\/www.meydan.tv\/az\/article\/yerevana-sefere-hazirlasan-repci-qarabag-ermenilerine-de-seslendi\/#primaryimage"},"image":{"@id":"https:\/\/www.meydan.tv\/az\/article\/yerevana-sefere-hazirlasan-repci-qarabag-ermenilerine-de-seslendi\/#primaryimage"},"thumbnailUrl":"https:\/\/www.meydan.tv\/wp-content\/uploads\/h3wppfysozmtfioavpjjt4jprq-e1693923178705.jpg","datePublished":"2023-09-05T14:28:09+00:00","dateModified":"2023-09-05T14:28:12+00:00","breadcrumb":{"@id":"https:\/\/www.meydan.tv\/az\/article\/yerevana-sefere-hazirlasan-repci-qarabag-ermenilerine-de-seslendi\/#breadcrumb"},"inLanguage":"az","potentialAction":[{"@type":"ReadAction","target":["https:\/\/www.meydan.tv\/az\/article\/yerevana-sefere-hazirlasan-repci-qarabag-ermenilerine-de-seslendi\/"]}]},{"@type":"ImageObject","inLanguage":"az","@id":"https:\/\/www.meydan.tv\/az\/article\/yerevana-sefere-hazirlasan-repci-qarabag-ermenilerine-de-seslendi\/#primaryimage","url":"https:\/\/www.meydan.tv\/wp-content\/uploads\/h3wppfysozmtfioavpjjt4jprq-e1693923178705.jpg","contentUrl":"https:\/\/www.meydan.tv\/wp-content\/uploads\/h3wppfysozmtfioavpjjt4jprq-e1693923178705.jpg","width":2546,"height":1268,"caption":"Snoop Dogg, foto: Reuters"},{"@type":"BreadcrumbList","@id":"https:\/\/www.meydan.tv\/az\/article\/yerevana-sefere-hazirlasan-repci-qarabag-ermenilerine-de-seslendi\/#breadcrumb","itemListElement":[{"@type":"ListItem","position":1,"name":"Ana s\u0259hif\u0259","item":"https:\/\/www.meydan.tv\/az\/"},{"@type":"ListItem","position":2,"name":"X\u0259b\u0259rl\u0259r","item":"https:\/\/www.meydan.tv\/az\/section\/xeberler\/"},{"@type":"ListItem","position":3,"name":"Yerevana s\u0259f\u0259r\u0259 haz\u0131rla\u015fan rep\u00e7i Qaraba\u011f erm\u0259nil\u0259rin\u0259 d\u0259 s\u0259sl\u0259ndi"}]},{"@type":"WebSite","@id":"https:\/\/www.meydan.tv\/az\/#website","url":"https:\/\/www.meydan.tv\/az\/","name":"MEYDAN.TV","description":"Meydan TV Az\u0259rbaycan\u0131n media m\u0259kan\u0131ndak\u0131 alternativ s\u0259sidir","publisher":{"@id":"https:\/\/www.meydan.tv\/az\/#organization"},"potentialAction":[{"@type":"SearchAction","target":{"@type":"EntryPoint","urlTemplate":"https:\/\/www.meydan.tv\/az\/?s={search_term_string}"},"query-input":{"@type":"PropertyValueSpecification","valueRequired":true,"valueName":"search_term_string"}}],"inLanguage":"az"},{"@type":"Organization","@id":"https:\/\/www.meydan.tv\/az\/#organization","name":"Meydan TV","url":"https:\/\/www.meydan.tv\/az\/","logo":{"@type":"ImageObject","inLanguage":"az","@id":"https:\/\/www.meydan.tv\/az\/#\/schema\/logo\/image\/","url":"https:\/\/www.meydan.tv\/wp-content\/uploads\/2021\/07\/meydan-logo.svg","contentUrl":"https:\/\/www.meydan.tv\/wp-content\/uploads\/2021\/07\/meydan-logo.svg","width":195,"height":46,"caption":"Meydan TV"},"image":{"@id":"https:\/\/www.meydan.tv\/az\/#\/schema\/logo\/image\/"}},{"@type":"Person","@id":"https:\/\/www.meydan.tv\/az\/#\/schema\/person\/476e9360e593fa131d5d71d51866f8da","name":"aleks"}]}},"_links":{"self":[{"href":"https:\/\/www.meydan.tv\/az\/wp-json\/wp\/v2\/posts\/284037","targetHints":{"allow":["GET"]}}],"collection":[{"href":"https:\/\/www.meydan.tv\/az\/wp-json\/wp\/v2\/posts"}],"about":[{"href":"https:\/\/www.meydan.tv\/az\/wp-json\/wp\/v2\/types\/post"}],"author":[{"embeddable":true,"href":"https:\/\/www.meydan.tv\/az\/wp-json\/wp\/v2\/users\/12"}],"replies":[{"embeddable":true,"href":"https:\/\/www.meydan.tv\/az\/wp-json\/wp\/v2\/comments?post=284037"}],"version-history":[{"count":3,"href":"https:\/\/www.meydan.tv\/az\/wp-json\/wp\/v2\/posts\/284037\/revisions"}],"predecessor-version":[{"id":284047,"href":"https:\/\/www.meydan.tv\/az\/wp-json\/wp\/v2\/posts\/284037\/revisions\/284047"}],"wp:featuredmedia":[{"embeddable":true,"href":"https:\/\/www.meydan.tv\/az\/wp-json\/wp\/v2\/media\/284038"}],"wp:attachment":[{"href":"https:\/\/www.meydan.tv\/az\/wp-json\/wp\/v2\/media?parent=284037"}],"wp:term":[{"taxonomy":"category","embeddable":true,"href":"https:\/\/www.meydan.tv\/az\/wp-json\/wp\/v2\/categories?post=284037"},{"taxonomy":"post_tag","embeddable":true,"href":"https:\/\/www.meydan.tv\/az\/wp-json\/wp\/v2\/tags?post=284037"}],"curies":[{"name":"wp","href":"https:\/\/api.w.org\/{rel}","templated":true}]}}