{"id":283958,"date":"2023-09-04T22:38:50","date_gmt":"2023-09-04T18:38:50","guid":{"rendered":"https:\/\/www.meydan.tv\/?p=283958"},"modified":"2023-09-04T22:38:52","modified_gmt":"2023-09-04T18:38:52","slug":"inancli-mehbusun-ailesi-ageliye-cox-agir-isgenceler-verilib","status":"publish","type":"post","link":"https:\/\/www.meydan.tv\/az\/article\/inancli-mehbusun-ailesi-ageliye-cox-agir-isgenceler-verilib\/","title":{"rendered":"\u0130nancl\u0131 m\u0259hbusun ail\u0259si: \u201cA\u011f\u0259liy\u0259 \u00e7ox a\u011f\u0131r i\u015fg\u0259nc\u0259l\u0259r verilib\u201d"},"content":{"rendered":"\n<figure class=\"wp-block-embed is-type-video is-provider-youtube wp-block-embed-youtube wp-embed-aspect-16-9 wp-has-aspect-ratio\"><div class=\"wp-block-embed__wrapper\">\n<iframe title=\"\u0130nancl\u0131 m\u0259hbusun ail\u0259si: \u201cA\u011f\u0259liy\u0259 \u00e7ox a\u011f\u0131r i\u015fg\u0259nc\u0259l\u0259r verilib\u201d\" width=\"1200\" height=\"675\" data-src=\"https:\/\/www.youtube.com\/embed\/D_tvgJYOcQM?feature=oembed\" frameborder=\"0\" allow=\"accelerometer; autoplay; clipboard-write; encrypted-media; gyroscope; picture-in-picture; web-share\" allowfullscreen src=\"data:image\/svg+xml;base64,PHN2ZyB3aWR0aD0iMSIgaGVpZ2h0PSIxIiB4bWxucz0iaHR0cDovL3d3dy53My5vcmcvMjAwMC9zdmciPjwvc3ZnPg==\" class=\"lazyload\" data-load-mode=\"1\"><\/iframe>\n<\/div><\/figure>\n\n\n\n<p>Sentyabr\u0131n 4-d\u0259 M\u00fcs\u0259lman Birliyi H\u0259r\u0259kat\u0131n\u0131n (MBH) \u0130dar\u0259 Hey\u0259tinin \u00fczv\u00fc A\u011f\u0259li Y\u0259hyayevin h\u0259bsi il\u0259 ba\u011fl\u0131 m\u0259tbuat konfrans\u0131 ke\u00e7irilib. H\u0259yat yolda\u015f\u0131 \u015e\u0259han\u0259 H\u0259s\u0259nova A\u011f\u0259li Y\u0259hyayevin saxlan\u0131lark\u0259n i\u015fg\u0259nc\u0259y\u0259 m\u0259ruz qald\u0131\u011f\u0131n\u0131 deyir.<\/p>\n\n\n\n<p>A\u011f\u0259li Y\u0259hyayev avqustun 31-d\u0259 anas\u0131n\u0131 ba\u011fdan g\u00f6t\u00fcrm\u0259y\u0259 ged\u0259rk\u0259n yolda h\u0259bs olunub. Ona daha \u00f6nc\u0259 h\u0259bs olunan inancl\u0131 f\u0259allar kimi Cinay\u0259t M\u0259c\u0259ll\u0259sinin 234.4.3-c\u00fc (qanunsuz olaraq narkotik vasit\u0259l\u0259ri, psixotrop madd\u0259l\u0259ri v\u0259 ya onlar\u0131n prekursorlar\u0131n\u0131 k\u00fclli miqdarda haz\u0131rlama, istehsal etm\u0259, \u0259ld\u0259 etm\u0259, saxlama, da\u015f\u0131ma, g\u00f6nd\u0259rm\u0259 v\u0259 ya satma) madd\u0259sil\u0259 ittiham ir\u0259li s\u00fcr\u00fcl\u00fcb.<\/p>\n\n\n\n<p>A\u011f\u0259li Y\u0259hyayev indiy\u0259d\u0259k iki d\u0259f\u0259 uzunm\u00fcdd\u0259tli, iki d\u0259f\u0259 d\u0259 inzibati h\u0259bsd\u0259 olub. O, \u00fcmumilikd\u0259 10 il 2 ay h\u0259bs h\u0259yat\u0131 ya\u015fay\u0131b. Bir il\u0259 yax\u0131nd\u0131r ki, y\u00fczl\u0259rl\u0259 inancl\u0131 \u015f\u0259xs narkotik ittiham\u0131 il\u0259 h\u0259bs olunub.<\/p>\n","protected":false},"excerpt":{"rendered":"<p>Sentyabr\u0131n 4-d\u0259 M\u00fcs\u0259lman Birliyi H\u0259r\u0259kat\u0131n\u0131n (MBH) \u0130dar\u0259 Hey\u0259tinin \u00fczv\u00fc A\u011f\u0259li &#8230; <\/p>\n<p class=\"read-more-container\"><a title=\"\u0130nancl\u0131 m\u0259hbusun ail\u0259si: \u201cA\u011f\u0259liy\u0259 \u00e7ox a\u011f\u0131r i\u015fg\u0259nc\u0259l\u0259r verilib\u201d\" class=\"read-more button\" href=\"https:\/\/www.meydan.tv\/az\/article\/inancli-mehbusun-ailesi-ageliye-cox-agir-isgenceler-verilib\/#more-283958\" aria-label=\"Read more about \u0130nancl\u0131 m\u0259hbusun ail\u0259si: \u201cA\u011f\u0259liy\u0259 \u00e7ox a\u011f\u0131r i\u015fg\u0259nc\u0259l\u0259r verilib\u201d\">Davam\u0131<\/a><\/p>\n","protected":false},"author":12,"featured_media":283959,"comment_status":"closed","ping_status":"closed","sticky":false,"template":"","format":"standard","meta":{"_acf_changed":false,"_sitemap_exclude":false,"_sitemap_priority":"","_sitemap_frequency":"","footnotes":""},"categories":[63,56],"tags":[],"class_list":["post-283958","post","type-post","status-publish","format-standard","has-post-thumbnail","hentry","category-video-2","category-xeberler","infinite-scroll-item","generate-columns","tablet-grid-50","mobile-grid-100","grid-parent","grid-33","no-featured-image-padding"],"acf":[],"yoast_head":"<!-- This site is optimized with the Yoast SEO plugin v27.5 - https:\/\/yoast.com\/product\/yoast-seo-wordpress\/ -->\n<title>\u0130nancl\u0131 m\u0259hbusun ail\u0259si: \u201cA\u011f\u0259liy\u0259 \u00e7ox a\u011f\u0131r i\u015fg\u0259nc\u0259l\u0259r verilib\u201d - MEYDAN.TV<\/title>\n<meta name=\"robots\" content=\"index, follow, max-snippet:-1, max-image-preview:large, max-video-preview:-1\" \/>\n<link rel=\"canonical\" href=\"https:\/\/www.meydan.tv\/az\/article\/inancli-mehbusun-ailesi-ageliye-cox-agir-isgenceler-verilib\/\" \/>\n<meta property=\"og:locale\" content=\"az_AZ\" \/>\n<meta property=\"og:type\" content=\"article\" \/>\n<meta property=\"og:title\" content=\"\u0130nancl\u0131 m\u0259hbusun ail\u0259si: \u201cA\u011f\u0259liy\u0259 \u00e7ox a\u011f\u0131r i\u015fg\u0259nc\u0259l\u0259r verilib\u201d - MEYDAN.TV\" \/>\n<meta property=\"og:description\" content=\"Sentyabr\u0131n 4-d\u0259 M\u00fcs\u0259lman Birliyi H\u0259r\u0259kat\u0131n\u0131n (MBH) \u0130dar\u0259 Hey\u0259tinin \u00fczv\u00fc A\u011f\u0259li ... Davam\u0131\" \/>\n<meta property=\"og:url\" content=\"https:\/\/www.meydan.tv\/az\/article\/inancli-mehbusun-ailesi-ageliye-cox-agir-isgenceler-verilib\/\" \/>\n<meta property=\"og:site_name\" content=\"MEYDAN.TV\" \/>\n<meta property=\"article:published_time\" content=\"2023-09-04T18:38:50+00:00\" \/>\n<meta property=\"article:modified_time\" content=\"2023-09-04T18:38:52+00:00\" \/>\n<meta property=\"og:image\" content=\"https:\/\/www.meydan.tv\/wp-content\/uploads\/screenshot-2023-09-04-at-20.36.57.png\" \/>\n\t<meta property=\"og:image:width\" content=\"1786\" \/>\n\t<meta property=\"og:image:height\" content=\"972\" \/>\n\t<meta property=\"og:image:type\" content=\"image\/png\" \/>\n<meta name=\"author\" content=\"aleks\" \/>\n<meta name=\"twitter:card\" content=\"summary_large_image\" \/>\n<script type=\"application\/ld+json\" class=\"yoast-schema-graph\">{\"@context\":\"https:\\\/\\\/schema.org\",\"@graph\":[{\"@type\":\"Article\",\"@id\":\"https:\\\/\\\/www.meydan.tv\\\/az\\\/article\\\/inancli-mehbusun-ailesi-ageliye-cox-agir-isgenceler-verilib\\\/#article\",\"isPartOf\":{\"@id\":\"https:\\\/\\\/www.meydan.tv\\\/az\\\/article\\\/inancli-mehbusun-ailesi-ageliye-cox-agir-isgenceler-verilib\\\/\"},\"author\":{\"name\":\"aleks\",\"@id\":\"https:\\\/\\\/www.meydan.tv\\\/az\\\/#\\\/schema\\\/person\\\/476e9360e593fa131d5d71d51866f8da\"},\"headline\":\"\u0130nancl\u0131 m\u0259hbusun ail\u0259si: \u201cA\u011f\u0259liy\u0259 \u00e7ox a\u011f\u0131r i\u015fg\u0259nc\u0259l\u0259r verilib\u201d\",\"datePublished\":\"2023-09-04T18:38:50+00:00\",\"dateModified\":\"2023-09-04T18:38:52+00:00\",\"mainEntityOfPage\":{\"@id\":\"https:\\\/\\\/www.meydan.tv\\\/az\\\/article\\\/inancli-mehbusun-ailesi-ageliye-cox-agir-isgenceler-verilib\\\/\"},\"wordCount\":209,\"publisher\":{\"@id\":\"https:\\\/\\\/www.meydan.tv\\\/az\\\/#organization\"},\"image\":{\"@id\":\"https:\\\/\\\/www.meydan.tv\\\/az\\\/article\\\/inancli-mehbusun-ailesi-ageliye-cox-agir-isgenceler-verilib\\\/#primaryimage\"},\"thumbnailUrl\":\"https:\\\/\\\/www.meydan.tv\\\/wp-content\\\/uploads\\\/screenshot-2023-09-04-at-20.36.57.png\",\"articleSection\":[\"Video\",\"X\u0259b\u0259rl\u0259r\"],\"inLanguage\":\"az\"},{\"@type\":\"WebPage\",\"@id\":\"https:\\\/\\\/www.meydan.tv\\\/az\\\/article\\\/inancli-mehbusun-ailesi-ageliye-cox-agir-isgenceler-verilib\\\/\",\"url\":\"https:\\\/\\\/www.meydan.tv\\\/az\\\/article\\\/inancli-mehbusun-ailesi-ageliye-cox-agir-isgenceler-verilib\\\/\",\"name\":\"\u0130nancl\u0131 m\u0259hbusun ail\u0259si: \u201cA\u011f\u0259liy\u0259 \u00e7ox a\u011f\u0131r i\u015fg\u0259nc\u0259l\u0259r verilib\u201d - MEYDAN.TV\",\"isPartOf\":{\"@id\":\"https:\\\/\\\/www.meydan.tv\\\/az\\\/#website\"},\"primaryImageOfPage\":{\"@id\":\"https:\\\/\\\/www.meydan.tv\\\/az\\\/article\\\/inancli-mehbusun-ailesi-ageliye-cox-agir-isgenceler-verilib\\\/#primaryimage\"},\"image\":{\"@id\":\"https:\\\/\\\/www.meydan.tv\\\/az\\\/article\\\/inancli-mehbusun-ailesi-ageliye-cox-agir-isgenceler-verilib\\\/#primaryimage\"},\"thumbnailUrl\":\"https:\\\/\\\/www.meydan.tv\\\/wp-content\\\/uploads\\\/screenshot-2023-09-04-at-20.36.57.png\",\"datePublished\":\"2023-09-04T18:38:50+00:00\",\"dateModified\":\"2023-09-04T18:38:52+00:00\",\"breadcrumb\":{\"@id\":\"https:\\\/\\\/www.meydan.tv\\\/az\\\/article\\\/inancli-mehbusun-ailesi-ageliye-cox-agir-isgenceler-verilib\\\/#breadcrumb\"},\"inLanguage\":\"az\",\"potentialAction\":[{\"@type\":\"ReadAction\",\"target\":[\"https:\\\/\\\/www.meydan.tv\\\/az\\\/article\\\/inancli-mehbusun-ailesi-ageliye-cox-agir-isgenceler-verilib\\\/\"]}]},{\"@type\":\"ImageObject\",\"inLanguage\":\"az\",\"@id\":\"https:\\\/\\\/www.meydan.tv\\\/az\\\/article\\\/inancli-mehbusun-ailesi-ageliye-cox-agir-isgenceler-verilib\\\/#primaryimage\",\"url\":\"https:\\\/\\\/www.meydan.tv\\\/wp-content\\\/uploads\\\/screenshot-2023-09-04-at-20.36.57.png\",\"contentUrl\":\"https:\\\/\\\/www.meydan.tv\\\/wp-content\\\/uploads\\\/screenshot-2023-09-04-at-20.36.57.png\",\"width\":1786,\"height\":972},{\"@type\":\"BreadcrumbList\",\"@id\":\"https:\\\/\\\/www.meydan.tv\\\/az\\\/article\\\/inancli-mehbusun-ailesi-ageliye-cox-agir-isgenceler-verilib\\\/#breadcrumb\",\"itemListElement\":[{\"@type\":\"ListItem\",\"position\":1,\"name\":\"Ana s\u0259hif\u0259\",\"item\":\"https:\\\/\\\/www.meydan.tv\\\/az\\\/\"},{\"@type\":\"ListItem\",\"position\":2,\"name\":\"Video\",\"item\":\"https:\\\/\\\/www.meydan.tv\\\/az\\\/section\\\/video-2\\\/\"},{\"@type\":\"ListItem\",\"position\":3,\"name\":\"\u0130nancl\u0131 m\u0259hbusun ail\u0259si: \u201cA\u011f\u0259liy\u0259 \u00e7ox a\u011f\u0131r i\u015fg\u0259nc\u0259l\u0259r verilib\u201d\"}]},{\"@type\":\"WebSite\",\"@id\":\"https:\\\/\\\/www.meydan.tv\\\/az\\\/#website\",\"url\":\"https:\\\/\\\/www.meydan.tv\\\/az\\\/\",\"name\":\"MEYDAN.TV\",\"description\":\"Meydan TV Az\u0259rbaycan\u0131n media m\u0259kan\u0131ndak\u0131 alternativ s\u0259sidir\",\"publisher\":{\"@id\":\"https:\\\/\\\/www.meydan.tv\\\/az\\\/#organization\"},\"potentialAction\":[{\"@type\":\"SearchAction\",\"target\":{\"@type\":\"EntryPoint\",\"urlTemplate\":\"https:\\\/\\\/www.meydan.tv\\\/az\\\/?s={search_term_string}\"},\"query-input\":{\"@type\":\"PropertyValueSpecification\",\"valueRequired\":true,\"valueName\":\"search_term_string\"}}],\"inLanguage\":\"az\"},{\"@type\":\"Organization\",\"@id\":\"https:\\\/\\\/www.meydan.tv\\\/az\\\/#organization\",\"name\":\"Meydan TV\",\"url\":\"https:\\\/\\\/www.meydan.tv\\\/az\\\/\",\"logo\":{\"@type\":\"ImageObject\",\"inLanguage\":\"az\",\"@id\":\"https:\\\/\\\/www.meydan.tv\\\/az\\\/#\\\/schema\\\/logo\\\/image\\\/\",\"url\":\"https:\\\/\\\/www.meydan.tv\\\/wp-content\\\/uploads\\\/2021\\\/07\\\/meydan-logo.svg\",\"contentUrl\":\"https:\\\/\\\/www.meydan.tv\\\/wp-content\\\/uploads\\\/2021\\\/07\\\/meydan-logo.svg\",\"width\":195,\"height\":46,\"caption\":\"Meydan TV\"},\"image\":{\"@id\":\"https:\\\/\\\/www.meydan.tv\\\/az\\\/#\\\/schema\\\/logo\\\/image\\\/\"}},{\"@type\":\"Person\",\"@id\":\"https:\\\/\\\/www.meydan.tv\\\/az\\\/#\\\/schema\\\/person\\\/476e9360e593fa131d5d71d51866f8da\",\"name\":\"aleks\"}]}<\/script>\n<!-- \/ Yoast SEO plugin. -->","yoast_head_json":{"title":"\u0130nancl\u0131 m\u0259hbusun ail\u0259si: \u201cA\u011f\u0259liy\u0259 \u00e7ox a\u011f\u0131r i\u015fg\u0259nc\u0259l\u0259r verilib\u201d - MEYDAN.TV","robots":{"index":"index","follow":"follow","max-snippet":"max-snippet:-1","max-image-preview":"max-image-preview:large","max-video-preview":"max-video-preview:-1"},"canonical":"https:\/\/www.meydan.tv\/az\/article\/inancli-mehbusun-ailesi-ageliye-cox-agir-isgenceler-verilib\/","og_locale":"az_AZ","og_type":"article","og_title":"\u0130nancl\u0131 m\u0259hbusun ail\u0259si: \u201cA\u011f\u0259liy\u0259 \u00e7ox a\u011f\u0131r i\u015fg\u0259nc\u0259l\u0259r verilib\u201d - MEYDAN.TV","og_description":"Sentyabr\u0131n 4-d\u0259 M\u00fcs\u0259lman Birliyi H\u0259r\u0259kat\u0131n\u0131n (MBH) \u0130dar\u0259 Hey\u0259tinin \u00fczv\u00fc A\u011f\u0259li ... Davam\u0131","og_url":"https:\/\/www.meydan.tv\/az\/article\/inancli-mehbusun-ailesi-ageliye-cox-agir-isgenceler-verilib\/","og_site_name":"MEYDAN.TV","article_published_time":"2023-09-04T18:38:50+00:00","article_modified_time":"2023-09-04T18:38:52+00:00","og_image":[{"width":1786,"height":972,"url":"https:\/\/www.meydan.tv\/wp-content\/uploads\/screenshot-2023-09-04-at-20.36.57.png","type":"image\/png"}],"author":"aleks","twitter_card":"summary_large_image","schema":{"@context":"https:\/\/schema.org","@graph":[{"@type":"Article","@id":"https:\/\/www.meydan.tv\/az\/article\/inancli-mehbusun-ailesi-ageliye-cox-agir-isgenceler-verilib\/#article","isPartOf":{"@id":"https:\/\/www.meydan.tv\/az\/article\/inancli-mehbusun-ailesi-ageliye-cox-agir-isgenceler-verilib\/"},"author":{"name":"aleks","@id":"https:\/\/www.meydan.tv\/az\/#\/schema\/person\/476e9360e593fa131d5d71d51866f8da"},"headline":"\u0130nancl\u0131 m\u0259hbusun ail\u0259si: \u201cA\u011f\u0259liy\u0259 \u00e7ox a\u011f\u0131r i\u015fg\u0259nc\u0259l\u0259r verilib\u201d","datePublished":"2023-09-04T18:38:50+00:00","dateModified":"2023-09-04T18:38:52+00:00","mainEntityOfPage":{"@id":"https:\/\/www.meydan.tv\/az\/article\/inancli-mehbusun-ailesi-ageliye-cox-agir-isgenceler-verilib\/"},"wordCount":209,"publisher":{"@id":"https:\/\/www.meydan.tv\/az\/#organization"},"image":{"@id":"https:\/\/www.meydan.tv\/az\/article\/inancli-mehbusun-ailesi-ageliye-cox-agir-isgenceler-verilib\/#primaryimage"},"thumbnailUrl":"https:\/\/www.meydan.tv\/wp-content\/uploads\/screenshot-2023-09-04-at-20.36.57.png","articleSection":["Video","X\u0259b\u0259rl\u0259r"],"inLanguage":"az"},{"@type":"WebPage","@id":"https:\/\/www.meydan.tv\/az\/article\/inancli-mehbusun-ailesi-ageliye-cox-agir-isgenceler-verilib\/","url":"https:\/\/www.meydan.tv\/az\/article\/inancli-mehbusun-ailesi-ageliye-cox-agir-isgenceler-verilib\/","name":"\u0130nancl\u0131 m\u0259hbusun ail\u0259si: \u201cA\u011f\u0259liy\u0259 \u00e7ox a\u011f\u0131r i\u015fg\u0259nc\u0259l\u0259r verilib\u201d - MEYDAN.TV","isPartOf":{"@id":"https:\/\/www.meydan.tv\/az\/#website"},"primaryImageOfPage":{"@id":"https:\/\/www.meydan.tv\/az\/article\/inancli-mehbusun-ailesi-ageliye-cox-agir-isgenceler-verilib\/#primaryimage"},"image":{"@id":"https:\/\/www.meydan.tv\/az\/article\/inancli-mehbusun-ailesi-ageliye-cox-agir-isgenceler-verilib\/#primaryimage"},"thumbnailUrl":"https:\/\/www.meydan.tv\/wp-content\/uploads\/screenshot-2023-09-04-at-20.36.57.png","datePublished":"2023-09-04T18:38:50+00:00","dateModified":"2023-09-04T18:38:52+00:00","breadcrumb":{"@id":"https:\/\/www.meydan.tv\/az\/article\/inancli-mehbusun-ailesi-ageliye-cox-agir-isgenceler-verilib\/#breadcrumb"},"inLanguage":"az","potentialAction":[{"@type":"ReadAction","target":["https:\/\/www.meydan.tv\/az\/article\/inancli-mehbusun-ailesi-ageliye-cox-agir-isgenceler-verilib\/"]}]},{"@type":"ImageObject","inLanguage":"az","@id":"https:\/\/www.meydan.tv\/az\/article\/inancli-mehbusun-ailesi-ageliye-cox-agir-isgenceler-verilib\/#primaryimage","url":"https:\/\/www.meydan.tv\/wp-content\/uploads\/screenshot-2023-09-04-at-20.36.57.png","contentUrl":"https:\/\/www.meydan.tv\/wp-content\/uploads\/screenshot-2023-09-04-at-20.36.57.png","width":1786,"height":972},{"@type":"BreadcrumbList","@id":"https:\/\/www.meydan.tv\/az\/article\/inancli-mehbusun-ailesi-ageliye-cox-agir-isgenceler-verilib\/#breadcrumb","itemListElement":[{"@type":"ListItem","position":1,"name":"Ana s\u0259hif\u0259","item":"https:\/\/www.meydan.tv\/az\/"},{"@type":"ListItem","position":2,"name":"Video","item":"https:\/\/www.meydan.tv\/az\/section\/video-2\/"},{"@type":"ListItem","position":3,"name":"\u0130nancl\u0131 m\u0259hbusun ail\u0259si: \u201cA\u011f\u0259liy\u0259 \u00e7ox a\u011f\u0131r i\u015fg\u0259nc\u0259l\u0259r verilib\u201d"}]},{"@type":"WebSite","@id":"https:\/\/www.meydan.tv\/az\/#website","url":"https:\/\/www.meydan.tv\/az\/","name":"MEYDAN.TV","description":"Meydan TV Az\u0259rbaycan\u0131n media m\u0259kan\u0131ndak\u0131 alternativ s\u0259sidir","publisher":{"@id":"https:\/\/www.meydan.tv\/az\/#organization"},"potentialAction":[{"@type":"SearchAction","target":{"@type":"EntryPoint","urlTemplate":"https:\/\/www.meydan.tv\/az\/?s={search_term_string}"},"query-input":{"@type":"PropertyValueSpecification","valueRequired":true,"valueName":"search_term_string"}}],"inLanguage":"az"},{"@type":"Organization","@id":"https:\/\/www.meydan.tv\/az\/#organization","name":"Meydan TV","url":"https:\/\/www.meydan.tv\/az\/","logo":{"@type":"ImageObject","inLanguage":"az","@id":"https:\/\/www.meydan.tv\/az\/#\/schema\/logo\/image\/","url":"https:\/\/www.meydan.tv\/wp-content\/uploads\/2021\/07\/meydan-logo.svg","contentUrl":"https:\/\/www.meydan.tv\/wp-content\/uploads\/2021\/07\/meydan-logo.svg","width":195,"height":46,"caption":"Meydan TV"},"image":{"@id":"https:\/\/www.meydan.tv\/az\/#\/schema\/logo\/image\/"}},{"@type":"Person","@id":"https:\/\/www.meydan.tv\/az\/#\/schema\/person\/476e9360e593fa131d5d71d51866f8da","name":"aleks"}]}},"_links":{"self":[{"href":"https:\/\/www.meydan.tv\/az\/wp-json\/wp\/v2\/posts\/283958","targetHints":{"allow":["GET"]}}],"collection":[{"href":"https:\/\/www.meydan.tv\/az\/wp-json\/wp\/v2\/posts"}],"about":[{"href":"https:\/\/www.meydan.tv\/az\/wp-json\/wp\/v2\/types\/post"}],"author":[{"embeddable":true,"href":"https:\/\/www.meydan.tv\/az\/wp-json\/wp\/v2\/users\/12"}],"replies":[{"embeddable":true,"href":"https:\/\/www.meydan.tv\/az\/wp-json\/wp\/v2\/comments?post=283958"}],"version-history":[{"count":1,"href":"https:\/\/www.meydan.tv\/az\/wp-json\/wp\/v2\/posts\/283958\/revisions"}],"predecessor-version":[{"id":283962,"href":"https:\/\/www.meydan.tv\/az\/wp-json\/wp\/v2\/posts\/283958\/revisions\/283962"}],"wp:featuredmedia":[{"embeddable":true,"href":"https:\/\/www.meydan.tv\/az\/wp-json\/wp\/v2\/media\/283959"}],"wp:attachment":[{"href":"https:\/\/www.meydan.tv\/az\/wp-json\/wp\/v2\/media?parent=283958"}],"wp:term":[{"taxonomy":"category","embeddable":true,"href":"https:\/\/www.meydan.tv\/az\/wp-json\/wp\/v2\/categories?post=283958"},{"taxonomy":"post_tag","embeddable":true,"href":"https:\/\/www.meydan.tv\/az\/wp-json\/wp\/v2\/tags?post=283958"}],"curies":[{"name":"wp","href":"https:\/\/api.w.org\/{rel}","templated":true}]}}