{"id":283851,"date":"2023-09-02T14:31:41","date_gmt":"2023-09-02T10:31:41","guid":{"rendered":"https:\/\/www.meydan.tv\/?p=283851"},"modified":"2023-09-02T14:31:44","modified_gmt":"2023-09-02T10:31:44","slug":"cingiz-abdullayev-belke-de-bas-goturub-hemiselik-olkeden-getmek-vaxtidir","status":"publish","type":"post","link":"https:\/\/www.meydan.tv\/az\/article\/cingiz-abdullayev-belke-de-bas-goturub-hemiselik-olkeden-getmek-vaxtidir\/","title":{"rendered":"\u00c7ingiz Abdullayev: &#8220;B\u0259lk\u0259 d\u0259, ba\u015f g\u00f6t\u00fcr\u00fcb h\u0259mi\u015f\u0259lik \u00f6lk\u0259d\u0259n getm\u0259k vaxt\u0131d\u0131r&#8230;&#8221;"},"content":{"rendered":"\n<p><strong><em>Yaz\u0131\u00e7\u0131 ona edil\u0259n h\u00fccumlardan bezdiyini deyib<\/em><\/strong><\/p>\n\n\n\n<p>Az\u0259rbaycan Yaz\u0131\u00e7\u0131lar Birliyinin (AYB) birinci katibi, Xalq yaz\u0131\u00e7\u0131s\u0131 \u00c7ingiz Abdullayev Az\u0259rbaycan\u0131 t\u0259rk etm\u0259k ist\u0259diyini a\u00e7\u0131qlay\u0131b.<\/p>\n\n\n\n<p>Yaz\u0131\u00e7\u0131 bu bar\u0259d\u0259 \u201cFacebook\u201d s\u0259hif\u0259sind\u0259 <a href=\"https:\/\/www.facebook.com\/photo?fbid=10227853815144181&amp;set=a.10216291347849725\">yaz\u0131b.<\/a><\/p>\n\n\n\n<p>\u201cM\u0259n\u0259 edil\u0259n axmaq h\u00fccumlardan bezmi\u015f\u0259m. Axmaq olduqlar\u0131n\u0131 yazaca\u011fam, inciy\u0259c\u0259kl\u0259r. \u0130stedads\u0131z olduqlar\u0131n\u0131 yazaca\u011fam, daha \u00e7ox inciy\u0259c\u0259kl\u0259r. Birliyimizin m\u0259tbuat katibi m\u0259n\u0259 izah etdi ki, indi bu, trenddir. Onlar \u00f6zl\u0259rini \u0259h\u0259miyy\u0259tli g\u00f6st\u0259rm\u0259k \u00fc\u00e7\u00fcn siz\u0259 aid a\u011f\u0131zlar\u0131na g\u0259l\u0259ni yaz\u0131rlar. \u00c7\u00fcnki ba\u015fqa c\u00fcr al\u0131nm\u0131r. Sizin tonunuzdan daha \u0259h\u0259miyy\u0259tli g\u00f6r\u00fcn\u00fcrl\u0259r\u201d, &#8211; yaz\u0131\u00e7\u0131 bildirib.<\/p>\n\n\n\n<p>Bezdiyini qeyd ed\u0259n \u00c7ingiz Abdullayev daha \u00e7ox da Bak\u0131 l\u0259h\u00e7\u0259si il\u0259 dan\u0131\u015fmas\u0131na irad bildir\u0259nl\u0259rd\u0259n incidiyini dil\u0259 g\u0259tirib:<\/p>\n\n\n\n<p>\u201cM\u0259ni el\u0259 bezdiribl\u0259r. B\u0259lk\u0259, do\u011frudan, h\u0259mi\u015f\u0259lik ba\u015f g\u00f6t\u00fcr\u00fcb bu \u00f6lk\u0259d\u0259n getm\u0259k vaxt\u0131d\u0131r? Bu, m\u0259ni \u00e7ox incidir. Bura m\u0259nim \u00f6lk\u0259mdir, m\u0259nim \u015f\u0259h\u0259rimdir. Amma m\u0259ni bu \u015f\u0259h\u0259rin l\u0259h\u00e7\u0259sind\u0259 dan\u0131\u015fd\u0131\u011f\u0131m \u00fc\u00e7\u00fcn q\u0131nay\u0131rlar. Bel\u0259c\u0259 ya\u015fay\u0131r\u0131q. Qeyri-adekvat adamlar \u00e7oxdur. Bu, art\u0131q \u0259halini d\u0259 korlay\u0131r. N\u0259s\u0259 etm\u0259yin vaxt\u0131d\u0131r\u201d.<\/p>\n\n\n\n<p>\u00c7ingiz Abdullayev rus dilind\u0259 yazan Az\u0259rbaycan detektiv yaz\u0131\u00e7\u0131s\u0131d\u0131r.<\/p>\n\n\n\n<p>O, m\u0259tbuatda zaman-zaman Az\u0259rbaycan dilind\u0259 s\u00f6zl\u0259ri yanl\u0131\u015f t\u0259l\u0259ff\u00fcz etm\u0259si il\u0259 g\u00fcnd\u0259m\u0259 g\u0259lir.<\/p>\n","protected":false},"excerpt":{"rendered":"<p>Yaz\u0131\u00e7\u0131 ona edil\u0259n h\u00fccumlardan bezdiyini deyib Az\u0259rbaycan Yaz\u0131\u00e7\u0131lar Birliyinin (AYB) &#8230; <\/p>\n<p class=\"read-more-container\"><a title=\"\u00c7ingiz Abdullayev: &#8220;B\u0259lk\u0259 d\u0259, ba\u015f g\u00f6t\u00fcr\u00fcb h\u0259mi\u015f\u0259lik \u00f6lk\u0259d\u0259n getm\u0259k vaxt\u0131d\u0131r&#8230;&#8221;\" class=\"read-more button\" href=\"https:\/\/www.meydan.tv\/az\/article\/cingiz-abdullayev-belke-de-bas-goturub-hemiselik-olkeden-getmek-vaxtidir\/#more-283851\" aria-label=\"Read more about \u00c7ingiz Abdullayev: &#8220;B\u0259lk\u0259 d\u0259, ba\u015f g\u00f6t\u00fcr\u00fcb h\u0259mi\u015f\u0259lik \u00f6lk\u0259d\u0259n getm\u0259k vaxt\u0131d\u0131r&#8230;&#8221;\">Davam\u0131<\/a><\/p>\n","protected":false},"author":12,"featured_media":209611,"comment_status":"closed","ping_status":"closed","sticky":false,"template":"","format":"standard","meta":{"_acf_changed":false,"_sitemap_exclude":false,"_sitemap_priority":"","_sitemap_frequency":"","footnotes":""},"categories":[52,56],"tags":[],"class_list":["post-283851","post","type-post","status-publish","format-standard","has-post-thumbnail","hentry","category-medeniyyet","category-xeberler","infinite-scroll-item","generate-columns","tablet-grid-50","mobile-grid-100","grid-parent","grid-33","no-featured-image-padding"],"acf":[],"yoast_head":"<!-- This site is optimized with the Yoast SEO plugin v27.4 - https:\/\/yoast.com\/product\/yoast-seo-wordpress\/ -->\n<title>\u00c7ingiz Abdullayev: &quot;B\u0259lk\u0259 d\u0259, ba\u015f g\u00f6t\u00fcr\u00fcb h\u0259mi\u015f\u0259lik \u00f6lk\u0259d\u0259n getm\u0259k vaxt\u0131d\u0131r...&quot; - MEYDAN.TV<\/title>\n<meta name=\"robots\" content=\"index, follow, max-snippet:-1, max-image-preview:large, max-video-preview:-1\" \/>\n<link rel=\"canonical\" href=\"https:\/\/www.meydan.tv\/az\/article\/cingiz-abdullayev-belke-de-bas-goturub-hemiselik-olkeden-getmek-vaxtidir\/\" \/>\n<meta property=\"og:locale\" content=\"az_AZ\" \/>\n<meta property=\"og:type\" content=\"article\" \/>\n<meta property=\"og:title\" content=\"\u00c7ingiz Abdullayev: &quot;B\u0259lk\u0259 d\u0259, ba\u015f g\u00f6t\u00fcr\u00fcb h\u0259mi\u015f\u0259lik \u00f6lk\u0259d\u0259n getm\u0259k vaxt\u0131d\u0131r...&quot; - MEYDAN.TV\" \/>\n<meta property=\"og:description\" content=\"Yaz\u0131\u00e7\u0131 ona edil\u0259n h\u00fccumlardan bezdiyini deyib Az\u0259rbaycan Yaz\u0131\u00e7\u0131lar Birliyinin (AYB) ... Davam\u0131\" \/>\n<meta property=\"og:url\" content=\"https:\/\/www.meydan.tv\/az\/article\/cingiz-abdullayev-belke-de-bas-goturub-hemiselik-olkeden-getmek-vaxtidir\/\" \/>\n<meta property=\"og:site_name\" content=\"MEYDAN.TV\" \/>\n<meta property=\"article:published_time\" content=\"2023-09-02T10:31:41+00:00\" \/>\n<meta property=\"article:modified_time\" content=\"2023-09-02T10:31:44+00:00\" \/>\n<meta property=\"og:image\" content=\"https:\/\/www.meydan.tv\/wp-content\/uploads\/60cb59be728eb60cb59be728ec162393951860cb59be728e960cb59be728ea.jpeg\" \/>\n\t<meta property=\"og:image:width\" content=\"1200\" \/>\n\t<meta property=\"og:image:height\" content=\"800\" \/>\n\t<meta property=\"og:image:type\" content=\"image\/jpeg\" \/>\n<meta name=\"author\" content=\"aleks\" \/>\n<meta name=\"twitter:card\" content=\"summary_large_image\" \/>\n<script type=\"application\/ld+json\" class=\"yoast-schema-graph\">{\"@context\":\"https:\\\/\\\/schema.org\",\"@graph\":[{\"@type\":\"Article\",\"@id\":\"https:\\\/\\\/www.meydan.tv\\\/az\\\/article\\\/cingiz-abdullayev-belke-de-bas-goturub-hemiselik-olkeden-getmek-vaxtidir\\\/#article\",\"isPartOf\":{\"@id\":\"https:\\\/\\\/www.meydan.tv\\\/az\\\/article\\\/cingiz-abdullayev-belke-de-bas-goturub-hemiselik-olkeden-getmek-vaxtidir\\\/\"},\"author\":{\"name\":\"aleks\",\"@id\":\"https:\\\/\\\/www.meydan.tv\\\/az\\\/#\\\/schema\\\/person\\\/476e9360e593fa131d5d71d51866f8da\"},\"headline\":\"\u00c7ingiz Abdullayev: &#8220;B\u0259lk\u0259 d\u0259, ba\u015f g\u00f6t\u00fcr\u00fcb h\u0259mi\u015f\u0259lik \u00f6lk\u0259d\u0259n getm\u0259k vaxt\u0131d\u0131r&#8230;&#8221;\",\"datePublished\":\"2023-09-02T10:31:41+00:00\",\"dateModified\":\"2023-09-02T10:31:44+00:00\",\"mainEntityOfPage\":{\"@id\":\"https:\\\/\\\/www.meydan.tv\\\/az\\\/article\\\/cingiz-abdullayev-belke-de-bas-goturub-hemiselik-olkeden-getmek-vaxtidir\\\/\"},\"wordCount\":288,\"publisher\":{\"@id\":\"https:\\\/\\\/www.meydan.tv\\\/az\\\/#organization\"},\"image\":{\"@id\":\"https:\\\/\\\/www.meydan.tv\\\/az\\\/article\\\/cingiz-abdullayev-belke-de-bas-goturub-hemiselik-olkeden-getmek-vaxtidir\\\/#primaryimage\"},\"thumbnailUrl\":\"https:\\\/\\\/www.meydan.tv\\\/wp-content\\\/uploads\\\/60cb59be728eb60cb59be728ec162393951860cb59be728e960cb59be728ea.jpeg\",\"articleSection\":[\"M\u0259d\u0259niyy\u0259t\",\"X\u0259b\u0259rl\u0259r\"],\"inLanguage\":\"az\"},{\"@type\":\"WebPage\",\"@id\":\"https:\\\/\\\/www.meydan.tv\\\/az\\\/article\\\/cingiz-abdullayev-belke-de-bas-goturub-hemiselik-olkeden-getmek-vaxtidir\\\/\",\"url\":\"https:\\\/\\\/www.meydan.tv\\\/az\\\/article\\\/cingiz-abdullayev-belke-de-bas-goturub-hemiselik-olkeden-getmek-vaxtidir\\\/\",\"name\":\"\u00c7ingiz Abdullayev: \\\"B\u0259lk\u0259 d\u0259, ba\u015f g\u00f6t\u00fcr\u00fcb h\u0259mi\u015f\u0259lik \u00f6lk\u0259d\u0259n getm\u0259k vaxt\u0131d\u0131r...\\\" - MEYDAN.TV\",\"isPartOf\":{\"@id\":\"https:\\\/\\\/www.meydan.tv\\\/az\\\/#website\"},\"primaryImageOfPage\":{\"@id\":\"https:\\\/\\\/www.meydan.tv\\\/az\\\/article\\\/cingiz-abdullayev-belke-de-bas-goturub-hemiselik-olkeden-getmek-vaxtidir\\\/#primaryimage\"},\"image\":{\"@id\":\"https:\\\/\\\/www.meydan.tv\\\/az\\\/article\\\/cingiz-abdullayev-belke-de-bas-goturub-hemiselik-olkeden-getmek-vaxtidir\\\/#primaryimage\"},\"thumbnailUrl\":\"https:\\\/\\\/www.meydan.tv\\\/wp-content\\\/uploads\\\/60cb59be728eb60cb59be728ec162393951860cb59be728e960cb59be728ea.jpeg\",\"datePublished\":\"2023-09-02T10:31:41+00:00\",\"dateModified\":\"2023-09-02T10:31:44+00:00\",\"breadcrumb\":{\"@id\":\"https:\\\/\\\/www.meydan.tv\\\/az\\\/article\\\/cingiz-abdullayev-belke-de-bas-goturub-hemiselik-olkeden-getmek-vaxtidir\\\/#breadcrumb\"},\"inLanguage\":\"az\",\"potentialAction\":[{\"@type\":\"ReadAction\",\"target\":[\"https:\\\/\\\/www.meydan.tv\\\/az\\\/article\\\/cingiz-abdullayev-belke-de-bas-goturub-hemiselik-olkeden-getmek-vaxtidir\\\/\"]}]},{\"@type\":\"ImageObject\",\"inLanguage\":\"az\",\"@id\":\"https:\\\/\\\/www.meydan.tv\\\/az\\\/article\\\/cingiz-abdullayev-belke-de-bas-goturub-hemiselik-olkeden-getmek-vaxtidir\\\/#primaryimage\",\"url\":\"https:\\\/\\\/www.meydan.tv\\\/wp-content\\\/uploads\\\/60cb59be728eb60cb59be728ec162393951860cb59be728e960cb59be728ea.jpeg\",\"contentUrl\":\"https:\\\/\\\/www.meydan.tv\\\/wp-content\\\/uploads\\\/60cb59be728eb60cb59be728ec162393951860cb59be728e960cb59be728ea.jpeg\",\"width\":1200,\"height\":800,\"caption\":\"\u00c7ingiz Abdullayev, foto: \u015f\u0259xsi facebook\"},{\"@type\":\"BreadcrumbList\",\"@id\":\"https:\\\/\\\/www.meydan.tv\\\/az\\\/article\\\/cingiz-abdullayev-belke-de-bas-goturub-hemiselik-olkeden-getmek-vaxtidir\\\/#breadcrumb\",\"itemListElement\":[{\"@type\":\"ListItem\",\"position\":1,\"name\":\"Ana s\u0259hif\u0259\",\"item\":\"https:\\\/\\\/www.meydan.tv\\\/az\\\/\"},{\"@type\":\"ListItem\",\"position\":2,\"name\":\"X\u0259b\u0259rl\u0259r\",\"item\":\"https:\\\/\\\/www.meydan.tv\\\/az\\\/section\\\/xeberler\\\/\"},{\"@type\":\"ListItem\",\"position\":3,\"name\":\"\u00c7ingiz Abdullayev: &#8220;B\u0259lk\u0259 d\u0259, ba\u015f g\u00f6t\u00fcr\u00fcb h\u0259mi\u015f\u0259lik \u00f6lk\u0259d\u0259n getm\u0259k vaxt\u0131d\u0131r&#8230;&#8221;\"}]},{\"@type\":\"WebSite\",\"@id\":\"https:\\\/\\\/www.meydan.tv\\\/az\\\/#website\",\"url\":\"https:\\\/\\\/www.meydan.tv\\\/az\\\/\",\"name\":\"MEYDAN.TV\",\"description\":\"Meydan TV Az\u0259rbaycan\u0131n media m\u0259kan\u0131ndak\u0131 alternativ s\u0259sidir\",\"publisher\":{\"@id\":\"https:\\\/\\\/www.meydan.tv\\\/az\\\/#organization\"},\"potentialAction\":[{\"@type\":\"SearchAction\",\"target\":{\"@type\":\"EntryPoint\",\"urlTemplate\":\"https:\\\/\\\/www.meydan.tv\\\/az\\\/?s={search_term_string}\"},\"query-input\":{\"@type\":\"PropertyValueSpecification\",\"valueRequired\":true,\"valueName\":\"search_term_string\"}}],\"inLanguage\":\"az\"},{\"@type\":\"Organization\",\"@id\":\"https:\\\/\\\/www.meydan.tv\\\/az\\\/#organization\",\"name\":\"Meydan TV\",\"url\":\"https:\\\/\\\/www.meydan.tv\\\/az\\\/\",\"logo\":{\"@type\":\"ImageObject\",\"inLanguage\":\"az\",\"@id\":\"https:\\\/\\\/www.meydan.tv\\\/az\\\/#\\\/schema\\\/logo\\\/image\\\/\",\"url\":\"https:\\\/\\\/www.meydan.tv\\\/wp-content\\\/uploads\\\/2021\\\/07\\\/meydan-logo.svg\",\"contentUrl\":\"https:\\\/\\\/www.meydan.tv\\\/wp-content\\\/uploads\\\/2021\\\/07\\\/meydan-logo.svg\",\"width\":195,\"height\":46,\"caption\":\"Meydan TV\"},\"image\":{\"@id\":\"https:\\\/\\\/www.meydan.tv\\\/az\\\/#\\\/schema\\\/logo\\\/image\\\/\"}},{\"@type\":\"Person\",\"@id\":\"https:\\\/\\\/www.meydan.tv\\\/az\\\/#\\\/schema\\\/person\\\/476e9360e593fa131d5d71d51866f8da\",\"name\":\"aleks\"}]}<\/script>\n<!-- \/ Yoast SEO plugin. -->","yoast_head_json":{"title":"\u00c7ingiz Abdullayev: \"B\u0259lk\u0259 d\u0259, ba\u015f g\u00f6t\u00fcr\u00fcb h\u0259mi\u015f\u0259lik \u00f6lk\u0259d\u0259n getm\u0259k vaxt\u0131d\u0131r...\" - MEYDAN.TV","robots":{"index":"index","follow":"follow","max-snippet":"max-snippet:-1","max-image-preview":"max-image-preview:large","max-video-preview":"max-video-preview:-1"},"canonical":"https:\/\/www.meydan.tv\/az\/article\/cingiz-abdullayev-belke-de-bas-goturub-hemiselik-olkeden-getmek-vaxtidir\/","og_locale":"az_AZ","og_type":"article","og_title":"\u00c7ingiz Abdullayev: \"B\u0259lk\u0259 d\u0259, ba\u015f g\u00f6t\u00fcr\u00fcb h\u0259mi\u015f\u0259lik \u00f6lk\u0259d\u0259n getm\u0259k vaxt\u0131d\u0131r...\" - MEYDAN.TV","og_description":"Yaz\u0131\u00e7\u0131 ona edil\u0259n h\u00fccumlardan bezdiyini deyib Az\u0259rbaycan Yaz\u0131\u00e7\u0131lar Birliyinin (AYB) ... Davam\u0131","og_url":"https:\/\/www.meydan.tv\/az\/article\/cingiz-abdullayev-belke-de-bas-goturub-hemiselik-olkeden-getmek-vaxtidir\/","og_site_name":"MEYDAN.TV","article_published_time":"2023-09-02T10:31:41+00:00","article_modified_time":"2023-09-02T10:31:44+00:00","og_image":[{"width":1200,"height":800,"url":"https:\/\/www.meydan.tv\/wp-content\/uploads\/60cb59be728eb60cb59be728ec162393951860cb59be728e960cb59be728ea.jpeg","type":"image\/jpeg"}],"author":"aleks","twitter_card":"summary_large_image","schema":{"@context":"https:\/\/schema.org","@graph":[{"@type":"Article","@id":"https:\/\/www.meydan.tv\/az\/article\/cingiz-abdullayev-belke-de-bas-goturub-hemiselik-olkeden-getmek-vaxtidir\/#article","isPartOf":{"@id":"https:\/\/www.meydan.tv\/az\/article\/cingiz-abdullayev-belke-de-bas-goturub-hemiselik-olkeden-getmek-vaxtidir\/"},"author":{"name":"aleks","@id":"https:\/\/www.meydan.tv\/az\/#\/schema\/person\/476e9360e593fa131d5d71d51866f8da"},"headline":"\u00c7ingiz Abdullayev: &#8220;B\u0259lk\u0259 d\u0259, ba\u015f g\u00f6t\u00fcr\u00fcb h\u0259mi\u015f\u0259lik \u00f6lk\u0259d\u0259n getm\u0259k vaxt\u0131d\u0131r&#8230;&#8221;","datePublished":"2023-09-02T10:31:41+00:00","dateModified":"2023-09-02T10:31:44+00:00","mainEntityOfPage":{"@id":"https:\/\/www.meydan.tv\/az\/article\/cingiz-abdullayev-belke-de-bas-goturub-hemiselik-olkeden-getmek-vaxtidir\/"},"wordCount":288,"publisher":{"@id":"https:\/\/www.meydan.tv\/az\/#organization"},"image":{"@id":"https:\/\/www.meydan.tv\/az\/article\/cingiz-abdullayev-belke-de-bas-goturub-hemiselik-olkeden-getmek-vaxtidir\/#primaryimage"},"thumbnailUrl":"https:\/\/www.meydan.tv\/wp-content\/uploads\/60cb59be728eb60cb59be728ec162393951860cb59be728e960cb59be728ea.jpeg","articleSection":["M\u0259d\u0259niyy\u0259t","X\u0259b\u0259rl\u0259r"],"inLanguage":"az"},{"@type":"WebPage","@id":"https:\/\/www.meydan.tv\/az\/article\/cingiz-abdullayev-belke-de-bas-goturub-hemiselik-olkeden-getmek-vaxtidir\/","url":"https:\/\/www.meydan.tv\/az\/article\/cingiz-abdullayev-belke-de-bas-goturub-hemiselik-olkeden-getmek-vaxtidir\/","name":"\u00c7ingiz Abdullayev: \"B\u0259lk\u0259 d\u0259, ba\u015f g\u00f6t\u00fcr\u00fcb h\u0259mi\u015f\u0259lik \u00f6lk\u0259d\u0259n getm\u0259k vaxt\u0131d\u0131r...\" - MEYDAN.TV","isPartOf":{"@id":"https:\/\/www.meydan.tv\/az\/#website"},"primaryImageOfPage":{"@id":"https:\/\/www.meydan.tv\/az\/article\/cingiz-abdullayev-belke-de-bas-goturub-hemiselik-olkeden-getmek-vaxtidir\/#primaryimage"},"image":{"@id":"https:\/\/www.meydan.tv\/az\/article\/cingiz-abdullayev-belke-de-bas-goturub-hemiselik-olkeden-getmek-vaxtidir\/#primaryimage"},"thumbnailUrl":"https:\/\/www.meydan.tv\/wp-content\/uploads\/60cb59be728eb60cb59be728ec162393951860cb59be728e960cb59be728ea.jpeg","datePublished":"2023-09-02T10:31:41+00:00","dateModified":"2023-09-02T10:31:44+00:00","breadcrumb":{"@id":"https:\/\/www.meydan.tv\/az\/article\/cingiz-abdullayev-belke-de-bas-goturub-hemiselik-olkeden-getmek-vaxtidir\/#breadcrumb"},"inLanguage":"az","potentialAction":[{"@type":"ReadAction","target":["https:\/\/www.meydan.tv\/az\/article\/cingiz-abdullayev-belke-de-bas-goturub-hemiselik-olkeden-getmek-vaxtidir\/"]}]},{"@type":"ImageObject","inLanguage":"az","@id":"https:\/\/www.meydan.tv\/az\/article\/cingiz-abdullayev-belke-de-bas-goturub-hemiselik-olkeden-getmek-vaxtidir\/#primaryimage","url":"https:\/\/www.meydan.tv\/wp-content\/uploads\/60cb59be728eb60cb59be728ec162393951860cb59be728e960cb59be728ea.jpeg","contentUrl":"https:\/\/www.meydan.tv\/wp-content\/uploads\/60cb59be728eb60cb59be728ec162393951860cb59be728e960cb59be728ea.jpeg","width":1200,"height":800,"caption":"\u00c7ingiz Abdullayev, foto: \u015f\u0259xsi facebook"},{"@type":"BreadcrumbList","@id":"https:\/\/www.meydan.tv\/az\/article\/cingiz-abdullayev-belke-de-bas-goturub-hemiselik-olkeden-getmek-vaxtidir\/#breadcrumb","itemListElement":[{"@type":"ListItem","position":1,"name":"Ana s\u0259hif\u0259","item":"https:\/\/www.meydan.tv\/az\/"},{"@type":"ListItem","position":2,"name":"X\u0259b\u0259rl\u0259r","item":"https:\/\/www.meydan.tv\/az\/section\/xeberler\/"},{"@type":"ListItem","position":3,"name":"\u00c7ingiz Abdullayev: &#8220;B\u0259lk\u0259 d\u0259, ba\u015f g\u00f6t\u00fcr\u00fcb h\u0259mi\u015f\u0259lik \u00f6lk\u0259d\u0259n getm\u0259k vaxt\u0131d\u0131r&#8230;&#8221;"}]},{"@type":"WebSite","@id":"https:\/\/www.meydan.tv\/az\/#website","url":"https:\/\/www.meydan.tv\/az\/","name":"MEYDAN.TV","description":"Meydan TV Az\u0259rbaycan\u0131n media m\u0259kan\u0131ndak\u0131 alternativ s\u0259sidir","publisher":{"@id":"https:\/\/www.meydan.tv\/az\/#organization"},"potentialAction":[{"@type":"SearchAction","target":{"@type":"EntryPoint","urlTemplate":"https:\/\/www.meydan.tv\/az\/?s={search_term_string}"},"query-input":{"@type":"PropertyValueSpecification","valueRequired":true,"valueName":"search_term_string"}}],"inLanguage":"az"},{"@type":"Organization","@id":"https:\/\/www.meydan.tv\/az\/#organization","name":"Meydan TV","url":"https:\/\/www.meydan.tv\/az\/","logo":{"@type":"ImageObject","inLanguage":"az","@id":"https:\/\/www.meydan.tv\/az\/#\/schema\/logo\/image\/","url":"https:\/\/www.meydan.tv\/wp-content\/uploads\/2021\/07\/meydan-logo.svg","contentUrl":"https:\/\/www.meydan.tv\/wp-content\/uploads\/2021\/07\/meydan-logo.svg","width":195,"height":46,"caption":"Meydan TV"},"image":{"@id":"https:\/\/www.meydan.tv\/az\/#\/schema\/logo\/image\/"}},{"@type":"Person","@id":"https:\/\/www.meydan.tv\/az\/#\/schema\/person\/476e9360e593fa131d5d71d51866f8da","name":"aleks"}]}},"_links":{"self":[{"href":"https:\/\/www.meydan.tv\/az\/wp-json\/wp\/v2\/posts\/283851","targetHints":{"allow":["GET"]}}],"collection":[{"href":"https:\/\/www.meydan.tv\/az\/wp-json\/wp\/v2\/posts"}],"about":[{"href":"https:\/\/www.meydan.tv\/az\/wp-json\/wp\/v2\/types\/post"}],"author":[{"embeddable":true,"href":"https:\/\/www.meydan.tv\/az\/wp-json\/wp\/v2\/users\/12"}],"replies":[{"embeddable":true,"href":"https:\/\/www.meydan.tv\/az\/wp-json\/wp\/v2\/comments?post=283851"}],"version-history":[{"count":1,"href":"https:\/\/www.meydan.tv\/az\/wp-json\/wp\/v2\/posts\/283851\/revisions"}],"predecessor-version":[{"id":283852,"href":"https:\/\/www.meydan.tv\/az\/wp-json\/wp\/v2\/posts\/283851\/revisions\/283852"}],"wp:featuredmedia":[{"embeddable":true,"href":"https:\/\/www.meydan.tv\/az\/wp-json\/wp\/v2\/media\/209611"}],"wp:attachment":[{"href":"https:\/\/www.meydan.tv\/az\/wp-json\/wp\/v2\/media?parent=283851"}],"wp:term":[{"taxonomy":"category","embeddable":true,"href":"https:\/\/www.meydan.tv\/az\/wp-json\/wp\/v2\/categories?post=283851"},{"taxonomy":"post_tag","embeddable":true,"href":"https:\/\/www.meydan.tv\/az\/wp-json\/wp\/v2\/tags?post=283851"}],"curies":[{"name":"wp","href":"https:\/\/api.w.org\/{rel}","templated":true}]}}