{"id":283796,"date":"2023-09-01T16:54:42","date_gmt":"2023-09-01T12:54:42","guid":{"rendered":"https:\/\/www.meydan.tv\/?p=283796"},"modified":"2023-09-01T16:55:10","modified_gmt":"2023-09-01T12:55:10","slug":"qiymet-artimi-aldigimiz-maasin-hamisini-bazarda-xercleyirik","status":"publish","type":"post","link":"https:\/\/www.meydan.tv\/az\/article\/qiymet-artimi-aldigimiz-maasin-hamisini-bazarda-xercleyirik\/","title":{"rendered":"Qiym\u0259t art\u0131m\u0131: &#8220;Ald\u0131\u011f\u0131m\u0131z maa\u015f\u0131n ham\u0131s\u0131n\u0131 bazarda x\u0259rcl\u0259yirik&#8221;"},"content":{"rendered":"\n<figure class=\"wp-block-embed is-type-video is-provider-youtube wp-block-embed-youtube wp-embed-aspect-16-9 wp-has-aspect-ratio\"><div class=\"wp-block-embed__wrapper\">\n<iframe title=\"Qiym\u0259t art\u0131m\u0131: &quot;Ald\u0131\u011f\u0131m\u0131z maa\u015f\u0131n ham\u0131s\u0131n\u0131 bazarda x\u0259rcl\u0259yirik&quot;\" width=\"1200\" height=\"675\" data-src=\"https:\/\/www.youtube.com\/embed\/SqBUM-cU1Qc?feature=oembed\" frameborder=\"0\" allow=\"accelerometer; autoplay; clipboard-write; encrypted-media; gyroscope; picture-in-picture; web-share\" allowfullscreen src=\"data:image\/svg+xml;base64,PHN2ZyB3aWR0aD0iMSIgaGVpZ2h0PSIxIiB4bWxucz0iaHR0cDovL3d3dy53My5vcmcvMjAwMC9zdmciPjwvc3ZnPg==\" class=\"lazyload\" data-load-mode=\"1\"><\/iframe>\n<\/div><\/figure>\n\n\n\n<p>Az\u0259rbaycan h\u00f6kum\u0259ti 2023 il \u00fc\u00e7\u00fcn n\u0259z\u0259rd\u0259 tutdu\u011fu inflyasiya proqnozunu art\u0131r\u0131b. Bel\u0259 ki, ilin \u0259vv\u0259lind\u0259 orta iliik inflyasiya proqnozu 6,9 % n\u0259z\u0259rd\u0259 tutulurdusa, bu r\u0259q\u0259m artaraq 10,4 % s\u0259viyy\u0259sin\u0259 qald\u0131r\u0131l\u0131b. Bu hesablama b\u00fct\u00fcn istehlak m\u0259hsullar\u0131n\u0131 \u0259hat\u0259 edir. B\u0259s \u0259halinin \u0259sas x\u0259rcl\u0259rini t\u0259\u015fkil ed\u0259n qida m\u0259hsullar\u0131nda qiym\u0259t art\u0131m\u0131 n\u0259 q\u0259d\u0259rdir? <\/p>\n\n\n\n<p>\u0130qtisad\u00e7\u0131 F\u0259rid Mehral\u0131zad\u0259 deyir ki, r\u0259smi r\u0259q\u0259ml\u0259r\u0259 g\u00f6r\u0259 son 20 ayd\u0131r inflyasiya ikir\u0259q\u0259mli h\u0259dd\u0259dir. Bu, qiym\u0259t art\u0131m\u0131n\u0131n k\u0259skin oldu\u011funun g\u00f6st\u0259ricisidir. <\/p>\n\n\n\n<p>Qiym\u0259t art\u0131m\u0131nda y\u00fcks\u0259k pay \u0259rzaq m\u0259hsullar\u0131n\u0131n \u00fcz\u0259rin\u0259 d\u00fc\u015f\u00fcr. \u0130qtisad\u00e7\u0131 qida m\u0259hsullar\u0131nda 40%-\u0259 q\u0259d\u0259r bahala\u015fma oldu\u011funu deyir. Bazarda is\u0259 bahala\u015fma al\u0131c\u0131larla sat\u0131c\u0131lar\u0131 \u00fcz-\u00fcz\u0259 qoyub. H\u0259r iki t\u0259r\u0259f qiym\u0259t art\u0131m\u0131ndan \u0259ziyy\u0259t \u00e7\u0259kir. Marketl\u0259rin qiym\u0259tl\u0259rind\u0259n naraz\u0131 olan m\u00fc\u015ft\u0259ril\u0259r al\u0131\u015f-veri\u015f \u00fc\u00e7\u00fcn bazar-bazar g\u0259zm\u0259li olurlar. <\/p>\n\n\n\n<p>\u0130qtisad\u00e7\u0131 F\u0259rid Mehral\u0131zad\u0259 hesab edir ki, qiym\u0259t art\u0131m\u0131n\u0131n s\u0259b\u0259bl\u0259rind\u0259n biri Az\u0259rbaycan\u0131n idxaldan as\u0131l\u0131 bir \u00f6lk\u0259 olmas\u0131d\u0131r. Dig\u0259r t\u0259r\u0259fd\u0259n, D\u00fcnya Ticar\u0259t T\u0259\u015fkilat\u0131n\u0131n hesabat\u0131na g\u00f6r\u0259, Az\u0259rbaycan regionda \u0259n y\u00fcks\u0259k orta g\u00f6mr\u00fck tarifin\u0259 malikdir. <\/p>\n\n\n\n<p>Ba\u015f nazir \u018fli \u018fs\u0259dov iyulun 17-d\u0259 inflyasiya v\u0259 qiym\u0259tl\u0259r \u00fczr\u0259 monitorinqin g\u00fccl\u0259ndirilm\u0259si \u00fc\u00e7\u00fcn \u0130\u015f\u00e7i qrup yarad\u0131lmas\u0131 il\u0259 ba\u011fl\u0131 s\u0259r\u0259ncam imzalay\u0131b. \u0130\u015f\u00e7i qrupunun m\u0259qs\u0259di \u00f6lk\u0259d\u0259 inflyasiyan\u0131n iqtisadi art\u0131m \u00fc\u00e7\u00fcn m\u0259qbul s\u0259viyy\u0259y\u0259 endirm\u0259kdir.<\/p>\n","protected":false},"excerpt":{"rendered":"<p>Az\u0259rbaycan h\u00f6kum\u0259ti 2023 il \u00fc\u00e7\u00fcn n\u0259z\u0259rd\u0259 tutdu\u011fu inflyasiya proqnozunu art\u0131r\u0131b. &#8230; <\/p>\n<p class=\"read-more-container\"><a title=\"Qiym\u0259t art\u0131m\u0131: &#8220;Ald\u0131\u011f\u0131m\u0131z maa\u015f\u0131n ham\u0131s\u0131n\u0131 bazarda x\u0259rcl\u0259yirik&#8221;\" class=\"read-more button\" href=\"https:\/\/www.meydan.tv\/az\/article\/qiymet-artimi-aldigimiz-maasin-hamisini-bazarda-xercleyirik\/#more-283796\" aria-label=\"Read more about Qiym\u0259t art\u0131m\u0131: &#8220;Ald\u0131\u011f\u0131m\u0131z maa\u015f\u0131n ham\u0131s\u0131n\u0131 bazarda x\u0259rcl\u0259yirik&#8221;\">Davam\u0131<\/a><\/p>\n","protected":false},"author":12,"featured_media":283797,"comment_status":"closed","ping_status":"closed","sticky":false,"template":"","format":"standard","meta":{"_acf_changed":false,"_sitemap_exclude":false,"_sitemap_priority":"","_sitemap_frequency":"","footnotes":""},"categories":[62,63],"tags":[],"class_list":["post-283796","post","type-post","status-publish","format-standard","has-post-thumbnail","hentry","category-sosial","category-video-2","infinite-scroll-item","generate-columns","tablet-grid-50","mobile-grid-100","grid-parent","grid-33","no-featured-image-padding"],"acf":[],"yoast_head":"<!-- This site is optimized with the Yoast SEO plugin v27.5 - https:\/\/yoast.com\/product\/yoast-seo-wordpress\/ -->\n<title>Qiym\u0259t art\u0131m\u0131: &quot;Ald\u0131\u011f\u0131m\u0131z maa\u015f\u0131n ham\u0131s\u0131n\u0131 bazarda x\u0259rcl\u0259yirik&quot; - MEYDAN.TV<\/title>\n<meta name=\"robots\" content=\"index, follow, max-snippet:-1, max-image-preview:large, max-video-preview:-1\" \/>\n<link rel=\"canonical\" href=\"https:\/\/www.meydan.tv\/az\/article\/qiymet-artimi-aldigimiz-maasin-hamisini-bazarda-xercleyirik\/\" \/>\n<meta property=\"og:locale\" content=\"az_AZ\" \/>\n<meta property=\"og:type\" content=\"article\" \/>\n<meta property=\"og:title\" content=\"Qiym\u0259t art\u0131m\u0131: &quot;Ald\u0131\u011f\u0131m\u0131z maa\u015f\u0131n ham\u0131s\u0131n\u0131 bazarda x\u0259rcl\u0259yirik&quot; - MEYDAN.TV\" \/>\n<meta property=\"og:description\" content=\"Az\u0259rbaycan h\u00f6kum\u0259ti 2023 il \u00fc\u00e7\u00fcn n\u0259z\u0259rd\u0259 tutdu\u011fu inflyasiya proqnozunu art\u0131r\u0131b. ... Davam\u0131\" \/>\n<meta property=\"og:url\" content=\"https:\/\/www.meydan.tv\/az\/article\/qiymet-artimi-aldigimiz-maasin-hamisini-bazarda-xercleyirik\/\" \/>\n<meta property=\"og:site_name\" content=\"MEYDAN.TV\" \/>\n<meta property=\"article:published_time\" content=\"2023-09-01T12:54:42+00:00\" \/>\n<meta property=\"article:modified_time\" content=\"2023-09-01T12:55:10+00:00\" \/>\n<meta property=\"og:image\" content=\"https:\/\/www.meydan.tv\/wp-content\/uploads\/screenshot-2023-09-01-at-14.53.50-1200x637.png\" \/>\n\t<meta property=\"og:image:width\" content=\"1200\" \/>\n\t<meta property=\"og:image:height\" content=\"637\" \/>\n\t<meta property=\"og:image:type\" content=\"image\/png\" \/>\n<meta name=\"author\" content=\"aleks\" \/>\n<meta name=\"twitter:card\" content=\"summary_large_image\" \/>\n<script type=\"application\/ld+json\" class=\"yoast-schema-graph\">{\"@context\":\"https:\\\/\\\/schema.org\",\"@graph\":[{\"@type\":\"Article\",\"@id\":\"https:\\\/\\\/www.meydan.tv\\\/az\\\/article\\\/qiymet-artimi-aldigimiz-maasin-hamisini-bazarda-xercleyirik\\\/#article\",\"isPartOf\":{\"@id\":\"https:\\\/\\\/www.meydan.tv\\\/az\\\/article\\\/qiymet-artimi-aldigimiz-maasin-hamisini-bazarda-xercleyirik\\\/\"},\"author\":{\"name\":\"aleks\",\"@id\":\"https:\\\/\\\/www.meydan.tv\\\/az\\\/#\\\/schema\\\/person\\\/476e9360e593fa131d5d71d51866f8da\"},\"headline\":\"Qiym\u0259t art\u0131m\u0131: &#8220;Ald\u0131\u011f\u0131m\u0131z maa\u015f\u0131n ham\u0131s\u0131n\u0131 bazarda x\u0259rcl\u0259yirik&#8221;\",\"datePublished\":\"2023-09-01T12:54:42+00:00\",\"dateModified\":\"2023-09-01T12:55:10+00:00\",\"mainEntityOfPage\":{\"@id\":\"https:\\\/\\\/www.meydan.tv\\\/az\\\/article\\\/qiymet-artimi-aldigimiz-maasin-hamisini-bazarda-xercleyirik\\\/\"},\"wordCount\":328,\"publisher\":{\"@id\":\"https:\\\/\\\/www.meydan.tv\\\/az\\\/#organization\"},\"image\":{\"@id\":\"https:\\\/\\\/www.meydan.tv\\\/az\\\/article\\\/qiymet-artimi-aldigimiz-maasin-hamisini-bazarda-xercleyirik\\\/#primaryimage\"},\"thumbnailUrl\":\"https:\\\/\\\/www.meydan.tv\\\/wp-content\\\/uploads\\\/screenshot-2023-09-01-at-14.53.50.png\",\"articleSection\":[\"Sosial\",\"Video\"],\"inLanguage\":\"az\"},{\"@type\":\"WebPage\",\"@id\":\"https:\\\/\\\/www.meydan.tv\\\/az\\\/article\\\/qiymet-artimi-aldigimiz-maasin-hamisini-bazarda-xercleyirik\\\/\",\"url\":\"https:\\\/\\\/www.meydan.tv\\\/az\\\/article\\\/qiymet-artimi-aldigimiz-maasin-hamisini-bazarda-xercleyirik\\\/\",\"name\":\"Qiym\u0259t art\u0131m\u0131: \\\"Ald\u0131\u011f\u0131m\u0131z maa\u015f\u0131n ham\u0131s\u0131n\u0131 bazarda x\u0259rcl\u0259yirik\\\" - MEYDAN.TV\",\"isPartOf\":{\"@id\":\"https:\\\/\\\/www.meydan.tv\\\/az\\\/#website\"},\"primaryImageOfPage\":{\"@id\":\"https:\\\/\\\/www.meydan.tv\\\/az\\\/article\\\/qiymet-artimi-aldigimiz-maasin-hamisini-bazarda-xercleyirik\\\/#primaryimage\"},\"image\":{\"@id\":\"https:\\\/\\\/www.meydan.tv\\\/az\\\/article\\\/qiymet-artimi-aldigimiz-maasin-hamisini-bazarda-xercleyirik\\\/#primaryimage\"},\"thumbnailUrl\":\"https:\\\/\\\/www.meydan.tv\\\/wp-content\\\/uploads\\\/screenshot-2023-09-01-at-14.53.50.png\",\"datePublished\":\"2023-09-01T12:54:42+00:00\",\"dateModified\":\"2023-09-01T12:55:10+00:00\",\"breadcrumb\":{\"@id\":\"https:\\\/\\\/www.meydan.tv\\\/az\\\/article\\\/qiymet-artimi-aldigimiz-maasin-hamisini-bazarda-xercleyirik\\\/#breadcrumb\"},\"inLanguage\":\"az\",\"potentialAction\":[{\"@type\":\"ReadAction\",\"target\":[\"https:\\\/\\\/www.meydan.tv\\\/az\\\/article\\\/qiymet-artimi-aldigimiz-maasin-hamisini-bazarda-xercleyirik\\\/\"]}]},{\"@type\":\"ImageObject\",\"inLanguage\":\"az\",\"@id\":\"https:\\\/\\\/www.meydan.tv\\\/az\\\/article\\\/qiymet-artimi-aldigimiz-maasin-hamisini-bazarda-xercleyirik\\\/#primaryimage\",\"url\":\"https:\\\/\\\/www.meydan.tv\\\/wp-content\\\/uploads\\\/screenshot-2023-09-01-at-14.53.50.png\",\"contentUrl\":\"https:\\\/\\\/www.meydan.tv\\\/wp-content\\\/uploads\\\/screenshot-2023-09-01-at-14.53.50.png\",\"width\":2202,\"height\":1168},{\"@type\":\"BreadcrumbList\",\"@id\":\"https:\\\/\\\/www.meydan.tv\\\/az\\\/article\\\/qiymet-artimi-aldigimiz-maasin-hamisini-bazarda-xercleyirik\\\/#breadcrumb\",\"itemListElement\":[{\"@type\":\"ListItem\",\"position\":1,\"name\":\"Ana s\u0259hif\u0259\",\"item\":\"https:\\\/\\\/www.meydan.tv\\\/az\\\/\"},{\"@type\":\"ListItem\",\"position\":2,\"name\":\"Sosial\",\"item\":\"https:\\\/\\\/www.meydan.tv\\\/az\\\/section\\\/sosial\\\/\"},{\"@type\":\"ListItem\",\"position\":3,\"name\":\"Qiym\u0259t art\u0131m\u0131: &#8220;Ald\u0131\u011f\u0131m\u0131z maa\u015f\u0131n ham\u0131s\u0131n\u0131 bazarda x\u0259rcl\u0259yirik&#8221;\"}]},{\"@type\":\"WebSite\",\"@id\":\"https:\\\/\\\/www.meydan.tv\\\/az\\\/#website\",\"url\":\"https:\\\/\\\/www.meydan.tv\\\/az\\\/\",\"name\":\"MEYDAN.TV\",\"description\":\"Meydan TV Az\u0259rbaycan\u0131n media m\u0259kan\u0131ndak\u0131 alternativ s\u0259sidir\",\"publisher\":{\"@id\":\"https:\\\/\\\/www.meydan.tv\\\/az\\\/#organization\"},\"potentialAction\":[{\"@type\":\"SearchAction\",\"target\":{\"@type\":\"EntryPoint\",\"urlTemplate\":\"https:\\\/\\\/www.meydan.tv\\\/az\\\/?s={search_term_string}\"},\"query-input\":{\"@type\":\"PropertyValueSpecification\",\"valueRequired\":true,\"valueName\":\"search_term_string\"}}],\"inLanguage\":\"az\"},{\"@type\":\"Organization\",\"@id\":\"https:\\\/\\\/www.meydan.tv\\\/az\\\/#organization\",\"name\":\"Meydan TV\",\"url\":\"https:\\\/\\\/www.meydan.tv\\\/az\\\/\",\"logo\":{\"@type\":\"ImageObject\",\"inLanguage\":\"az\",\"@id\":\"https:\\\/\\\/www.meydan.tv\\\/az\\\/#\\\/schema\\\/logo\\\/image\\\/\",\"url\":\"https:\\\/\\\/www.meydan.tv\\\/wp-content\\\/uploads\\\/2021\\\/07\\\/meydan-logo.svg\",\"contentUrl\":\"https:\\\/\\\/www.meydan.tv\\\/wp-content\\\/uploads\\\/2021\\\/07\\\/meydan-logo.svg\",\"width\":195,\"height\":46,\"caption\":\"Meydan TV\"},\"image\":{\"@id\":\"https:\\\/\\\/www.meydan.tv\\\/az\\\/#\\\/schema\\\/logo\\\/image\\\/\"}},{\"@type\":\"Person\",\"@id\":\"https:\\\/\\\/www.meydan.tv\\\/az\\\/#\\\/schema\\\/person\\\/476e9360e593fa131d5d71d51866f8da\",\"name\":\"aleks\"}]}<\/script>\n<!-- \/ Yoast SEO plugin. -->","yoast_head_json":{"title":"Qiym\u0259t art\u0131m\u0131: \"Ald\u0131\u011f\u0131m\u0131z maa\u015f\u0131n ham\u0131s\u0131n\u0131 bazarda x\u0259rcl\u0259yirik\" - MEYDAN.TV","robots":{"index":"index","follow":"follow","max-snippet":"max-snippet:-1","max-image-preview":"max-image-preview:large","max-video-preview":"max-video-preview:-1"},"canonical":"https:\/\/www.meydan.tv\/az\/article\/qiymet-artimi-aldigimiz-maasin-hamisini-bazarda-xercleyirik\/","og_locale":"az_AZ","og_type":"article","og_title":"Qiym\u0259t art\u0131m\u0131: \"Ald\u0131\u011f\u0131m\u0131z maa\u015f\u0131n ham\u0131s\u0131n\u0131 bazarda x\u0259rcl\u0259yirik\" - MEYDAN.TV","og_description":"Az\u0259rbaycan h\u00f6kum\u0259ti 2023 il \u00fc\u00e7\u00fcn n\u0259z\u0259rd\u0259 tutdu\u011fu inflyasiya proqnozunu art\u0131r\u0131b. ... Davam\u0131","og_url":"https:\/\/www.meydan.tv\/az\/article\/qiymet-artimi-aldigimiz-maasin-hamisini-bazarda-xercleyirik\/","og_site_name":"MEYDAN.TV","article_published_time":"2023-09-01T12:54:42+00:00","article_modified_time":"2023-09-01T12:55:10+00:00","og_image":[{"width":1200,"height":637,"url":"https:\/\/www.meydan.tv\/wp-content\/uploads\/screenshot-2023-09-01-at-14.53.50-1200x637.png","type":"image\/png"}],"author":"aleks","twitter_card":"summary_large_image","schema":{"@context":"https:\/\/schema.org","@graph":[{"@type":"Article","@id":"https:\/\/www.meydan.tv\/az\/article\/qiymet-artimi-aldigimiz-maasin-hamisini-bazarda-xercleyirik\/#article","isPartOf":{"@id":"https:\/\/www.meydan.tv\/az\/article\/qiymet-artimi-aldigimiz-maasin-hamisini-bazarda-xercleyirik\/"},"author":{"name":"aleks","@id":"https:\/\/www.meydan.tv\/az\/#\/schema\/person\/476e9360e593fa131d5d71d51866f8da"},"headline":"Qiym\u0259t art\u0131m\u0131: &#8220;Ald\u0131\u011f\u0131m\u0131z maa\u015f\u0131n ham\u0131s\u0131n\u0131 bazarda x\u0259rcl\u0259yirik&#8221;","datePublished":"2023-09-01T12:54:42+00:00","dateModified":"2023-09-01T12:55:10+00:00","mainEntityOfPage":{"@id":"https:\/\/www.meydan.tv\/az\/article\/qiymet-artimi-aldigimiz-maasin-hamisini-bazarda-xercleyirik\/"},"wordCount":328,"publisher":{"@id":"https:\/\/www.meydan.tv\/az\/#organization"},"image":{"@id":"https:\/\/www.meydan.tv\/az\/article\/qiymet-artimi-aldigimiz-maasin-hamisini-bazarda-xercleyirik\/#primaryimage"},"thumbnailUrl":"https:\/\/www.meydan.tv\/wp-content\/uploads\/screenshot-2023-09-01-at-14.53.50.png","articleSection":["Sosial","Video"],"inLanguage":"az"},{"@type":"WebPage","@id":"https:\/\/www.meydan.tv\/az\/article\/qiymet-artimi-aldigimiz-maasin-hamisini-bazarda-xercleyirik\/","url":"https:\/\/www.meydan.tv\/az\/article\/qiymet-artimi-aldigimiz-maasin-hamisini-bazarda-xercleyirik\/","name":"Qiym\u0259t art\u0131m\u0131: \"Ald\u0131\u011f\u0131m\u0131z maa\u015f\u0131n ham\u0131s\u0131n\u0131 bazarda x\u0259rcl\u0259yirik\" - MEYDAN.TV","isPartOf":{"@id":"https:\/\/www.meydan.tv\/az\/#website"},"primaryImageOfPage":{"@id":"https:\/\/www.meydan.tv\/az\/article\/qiymet-artimi-aldigimiz-maasin-hamisini-bazarda-xercleyirik\/#primaryimage"},"image":{"@id":"https:\/\/www.meydan.tv\/az\/article\/qiymet-artimi-aldigimiz-maasin-hamisini-bazarda-xercleyirik\/#primaryimage"},"thumbnailUrl":"https:\/\/www.meydan.tv\/wp-content\/uploads\/screenshot-2023-09-01-at-14.53.50.png","datePublished":"2023-09-01T12:54:42+00:00","dateModified":"2023-09-01T12:55:10+00:00","breadcrumb":{"@id":"https:\/\/www.meydan.tv\/az\/article\/qiymet-artimi-aldigimiz-maasin-hamisini-bazarda-xercleyirik\/#breadcrumb"},"inLanguage":"az","potentialAction":[{"@type":"ReadAction","target":["https:\/\/www.meydan.tv\/az\/article\/qiymet-artimi-aldigimiz-maasin-hamisini-bazarda-xercleyirik\/"]}]},{"@type":"ImageObject","inLanguage":"az","@id":"https:\/\/www.meydan.tv\/az\/article\/qiymet-artimi-aldigimiz-maasin-hamisini-bazarda-xercleyirik\/#primaryimage","url":"https:\/\/www.meydan.tv\/wp-content\/uploads\/screenshot-2023-09-01-at-14.53.50.png","contentUrl":"https:\/\/www.meydan.tv\/wp-content\/uploads\/screenshot-2023-09-01-at-14.53.50.png","width":2202,"height":1168},{"@type":"BreadcrumbList","@id":"https:\/\/www.meydan.tv\/az\/article\/qiymet-artimi-aldigimiz-maasin-hamisini-bazarda-xercleyirik\/#breadcrumb","itemListElement":[{"@type":"ListItem","position":1,"name":"Ana s\u0259hif\u0259","item":"https:\/\/www.meydan.tv\/az\/"},{"@type":"ListItem","position":2,"name":"Sosial","item":"https:\/\/www.meydan.tv\/az\/section\/sosial\/"},{"@type":"ListItem","position":3,"name":"Qiym\u0259t art\u0131m\u0131: &#8220;Ald\u0131\u011f\u0131m\u0131z maa\u015f\u0131n ham\u0131s\u0131n\u0131 bazarda x\u0259rcl\u0259yirik&#8221;"}]},{"@type":"WebSite","@id":"https:\/\/www.meydan.tv\/az\/#website","url":"https:\/\/www.meydan.tv\/az\/","name":"MEYDAN.TV","description":"Meydan TV Az\u0259rbaycan\u0131n media m\u0259kan\u0131ndak\u0131 alternativ s\u0259sidir","publisher":{"@id":"https:\/\/www.meydan.tv\/az\/#organization"},"potentialAction":[{"@type":"SearchAction","target":{"@type":"EntryPoint","urlTemplate":"https:\/\/www.meydan.tv\/az\/?s={search_term_string}"},"query-input":{"@type":"PropertyValueSpecification","valueRequired":true,"valueName":"search_term_string"}}],"inLanguage":"az"},{"@type":"Organization","@id":"https:\/\/www.meydan.tv\/az\/#organization","name":"Meydan TV","url":"https:\/\/www.meydan.tv\/az\/","logo":{"@type":"ImageObject","inLanguage":"az","@id":"https:\/\/www.meydan.tv\/az\/#\/schema\/logo\/image\/","url":"https:\/\/www.meydan.tv\/wp-content\/uploads\/2021\/07\/meydan-logo.svg","contentUrl":"https:\/\/www.meydan.tv\/wp-content\/uploads\/2021\/07\/meydan-logo.svg","width":195,"height":46,"caption":"Meydan TV"},"image":{"@id":"https:\/\/www.meydan.tv\/az\/#\/schema\/logo\/image\/"}},{"@type":"Person","@id":"https:\/\/www.meydan.tv\/az\/#\/schema\/person\/476e9360e593fa131d5d71d51866f8da","name":"aleks"}]}},"_links":{"self":[{"href":"https:\/\/www.meydan.tv\/az\/wp-json\/wp\/v2\/posts\/283796","targetHints":{"allow":["GET"]}}],"collection":[{"href":"https:\/\/www.meydan.tv\/az\/wp-json\/wp\/v2\/posts"}],"about":[{"href":"https:\/\/www.meydan.tv\/az\/wp-json\/wp\/v2\/types\/post"}],"author":[{"embeddable":true,"href":"https:\/\/www.meydan.tv\/az\/wp-json\/wp\/v2\/users\/12"}],"replies":[{"embeddable":true,"href":"https:\/\/www.meydan.tv\/az\/wp-json\/wp\/v2\/comments?post=283796"}],"version-history":[{"count":1,"href":"https:\/\/www.meydan.tv\/az\/wp-json\/wp\/v2\/posts\/283796\/revisions"}],"predecessor-version":[{"id":283800,"href":"https:\/\/www.meydan.tv\/az\/wp-json\/wp\/v2\/posts\/283796\/revisions\/283800"}],"wp:featuredmedia":[{"embeddable":true,"href":"https:\/\/www.meydan.tv\/az\/wp-json\/wp\/v2\/media\/283797"}],"wp:attachment":[{"href":"https:\/\/www.meydan.tv\/az\/wp-json\/wp\/v2\/media?parent=283796"}],"wp:term":[{"taxonomy":"category","embeddable":true,"href":"https:\/\/www.meydan.tv\/az\/wp-json\/wp\/v2\/categories?post=283796"},{"taxonomy":"post_tag","embeddable":true,"href":"https:\/\/www.meydan.tv\/az\/wp-json\/wp\/v2\/tags?post=283796"}],"curies":[{"name":"wp","href":"https:\/\/api.w.org\/{rel}","templated":true}]}}