{"id":283792,"date":"2023-09-01T16:49:06","date_gmt":"2023-09-01T12:49:06","guid":{"rendered":"https:\/\/www.meydan.tv\/?p=283792"},"modified":"2023-09-01T16:49:08","modified_gmt":"2023-09-01T12:49:08","slug":"lacin-dehlizi-uc-il-erzinde-neler-bas-verdi-yaxin-planda","status":"publish","type":"post","link":"https:\/\/www.meydan.tv\/az\/article\/lacin-dehlizi-uc-il-erzinde-neler-bas-verdi-yaxin-planda\/","title":{"rendered":"La\u00e7\u0131n d\u0259hlizi: \u00fc\u00e7 il \u0259rzind\u0259 n\u0259l\u0259r ba\u015f verdi? &#8211; Yax\u0131n Planda"},"content":{"rendered":"\n<figure class=\"wp-block-embed is-type-video is-provider-youtube wp-block-embed-youtube wp-embed-aspect-16-9 wp-has-aspect-ratio\"><div class=\"wp-block-embed__wrapper\">\n<iframe title=\"La\u00e7\u0131n d\u0259hlizi: \u00fc\u00e7 il \u0259rzind\u0259 n\u0259l\u0259r ba\u015f verdi? - Yax\u0131n Planda\" width=\"1200\" height=\"675\" data-src=\"https:\/\/www.youtube.com\/embed\/szBHJy-H6pU?feature=oembed\" frameborder=\"0\" allow=\"accelerometer; autoplay; clipboard-write; encrypted-media; gyroscope; picture-in-picture; web-share\" allowfullscreen src=\"data:image\/svg+xml;base64,PHN2ZyB3aWR0aD0iMSIgaGVpZ2h0PSIxIiB4bWxucz0iaHR0cDovL3d3dy53My5vcmcvMjAwMC9zdmciPjwvc3ZnPg==\" class=\"lazyload\" data-load-mode=\"1\"><\/iframe>\n<\/div><\/figure>\n\n\n\n<p>\u0130kinci Qaraba\u011f m\u00fcharib\u0259sini yekunla\u015fd\u0131ran at\u0259\u015fk\u0259s b\u0259yanat\u0131 da adland\u0131r\u0131lan 9 noyabr b\u0259yanat\u0131nda qeyri-m\u00fc\u0259yy\u0259n bir \u00e7ox b\u0259ndl\u0259r var idi. Amma d\u0259qiq olanlardan biri odur ki, Az\u0259rbaycan La\u00e7\u0131n d\u0259hlizi boyu h\u0259r iki istiqam\u0259td\u0259 v\u0259t\u0259nda\u015flar\u0131n, n\u0259qliyyat vasit\u0259l\u0259rinin v\u0259 mallar\u0131n h\u0259r\u0259k\u0259tinin t\u0259hl\u00fck\u0259sizliyin\u0259 z\u0259man\u0259t verirdi. Haz\u0131rda is\u0259 Qaraba\u011fda ya\u015fayan separat\u00e7\u0131 erm\u0259nil\u0259r Erm\u0259nistana ke\u00e7m\u0259l\u0259rinin m\u00fcmk\u00fcns\u00fcz olmas\u0131ndan \u015fikay\u0259t\u00e7idirl\u0259r. T\u0259xmin\u0259n \u00fc\u00e7 il \u0259rzind\u0259 Az\u0259rbaycan La\u00e7\u0131n d\u0259hilizinin ba\u015flan\u011f\u0131c\u0131nda s\u0259rh\u0259d-ke\u00e7id m\u0259nt\u0259q\u0259si qura\u015fd\u0131r\u0131b, bir ne\u00e7\u0259 erm\u0259nini saxlay\u0131b, h\u0259tta Q\u0131rm\u0131z\u0131 Xa\u00e7\u0131n da ikit\u0259r\u0259fli h\u0259r\u0259k\u0259tini m\u00fc\u0259yy\u0259n \u0259saslar g\u0259tir\u0259r\u0259k m\u0259hdudla\u015fd\u0131r\u0131b. \u0130ki il \u0259rzind\u0259 n\u0259l\u0259r d\u0259yi\u015fdi? Yax\u0131n Planda La\u00e7\u0131n D\u0259hlizin\u0259 n\u0259z\u0259r salaq.<\/p>\n","protected":false},"excerpt":{"rendered":"<p>\u0130kinci Qaraba\u011f m\u00fcharib\u0259sini yekunla\u015fd\u0131ran at\u0259\u015fk\u0259s b\u0259yanat\u0131 da adland\u0131r\u0131lan 9 noyabr &#8230; <\/p>\n<p class=\"read-more-container\"><a title=\"La\u00e7\u0131n d\u0259hlizi: \u00fc\u00e7 il \u0259rzind\u0259 n\u0259l\u0259r ba\u015f verdi? &#8211; Yax\u0131n Planda\" class=\"read-more button\" href=\"https:\/\/www.meydan.tv\/az\/article\/lacin-dehlizi-uc-il-erzinde-neler-bas-verdi-yaxin-planda\/#more-283792\" aria-label=\"Read more about La\u00e7\u0131n d\u0259hlizi: \u00fc\u00e7 il \u0259rzind\u0259 n\u0259l\u0259r ba\u015f verdi? &#8211; Yax\u0131n Planda\">Davam\u0131<\/a><\/p>\n","protected":false},"author":12,"featured_media":283745,"comment_status":"closed","ping_status":"closed","sticky":false,"template":"","format":"standard","meta":{"_acf_changed":false,"_sitemap_exclude":false,"_sitemap_priority":"","_sitemap_frequency":"","footnotes":""},"categories":[63],"tags":[],"class_list":["post-283792","post","type-post","status-publish","format-standard","has-post-thumbnail","hentry","category-video-2","infinite-scroll-item","generate-columns","tablet-grid-50","mobile-grid-100","grid-parent","grid-33","no-featured-image-padding"],"acf":[],"yoast_head":"<!-- This site is optimized with the Yoast SEO plugin v27.5 - https:\/\/yoast.com\/product\/yoast-seo-wordpress\/ -->\n<title>La\u00e7\u0131n d\u0259hlizi: \u00fc\u00e7 il \u0259rzind\u0259 n\u0259l\u0259r ba\u015f verdi? - Yax\u0131n Planda - MEYDAN.TV<\/title>\n<meta name=\"robots\" content=\"index, follow, max-snippet:-1, max-image-preview:large, max-video-preview:-1\" \/>\n<link rel=\"canonical\" href=\"https:\/\/www.meydan.tv\/az\/article\/lacin-dehlizi-uc-il-erzinde-neler-bas-verdi-yaxin-planda\/\" \/>\n<meta property=\"og:locale\" content=\"az_AZ\" \/>\n<meta property=\"og:type\" content=\"article\" \/>\n<meta property=\"og:title\" content=\"La\u00e7\u0131n d\u0259hlizi: \u00fc\u00e7 il \u0259rzind\u0259 n\u0259l\u0259r ba\u015f verdi? - Yax\u0131n Planda - MEYDAN.TV\" \/>\n<meta property=\"og:description\" content=\"\u0130kinci Qaraba\u011f m\u00fcharib\u0259sini yekunla\u015fd\u0131ran at\u0259\u015fk\u0259s b\u0259yanat\u0131 da adland\u0131r\u0131lan 9 noyabr ... Davam\u0131\" \/>\n<meta property=\"og:url\" content=\"https:\/\/www.meydan.tv\/az\/article\/lacin-dehlizi-uc-il-erzinde-neler-bas-verdi-yaxin-planda\/\" \/>\n<meta property=\"og:site_name\" content=\"MEYDAN.TV\" \/>\n<meta property=\"article:published_time\" content=\"2023-09-01T12:49:06+00:00\" \/>\n<meta property=\"article:modified_time\" content=\"2023-09-01T12:49:08+00:00\" \/>\n<meta property=\"og:image\" content=\"https:\/\/www.meydan.tv\/wp-content\/uploads\/2020-11-13t000000z_450423930_rc2c2k9b575g_rtrmadp_3_armenia-azerbaijan-scaled.jpg\" \/>\n\t<meta property=\"og:image:width\" content=\"2560\" \/>\n\t<meta property=\"og:image:height\" content=\"1808\" \/>\n\t<meta property=\"og:image:type\" content=\"image\/jpeg\" \/>\n<meta name=\"author\" content=\"aleks\" \/>\n<meta name=\"twitter:card\" content=\"summary_large_image\" \/>\n<script type=\"application\/ld+json\" class=\"yoast-schema-graph\">{\"@context\":\"https:\\\/\\\/schema.org\",\"@graph\":[{\"@type\":\"Article\",\"@id\":\"https:\\\/\\\/www.meydan.tv\\\/az\\\/article\\\/lacin-dehlizi-uc-il-erzinde-neler-bas-verdi-yaxin-planda\\\/#article\",\"isPartOf\":{\"@id\":\"https:\\\/\\\/www.meydan.tv\\\/az\\\/article\\\/lacin-dehlizi-uc-il-erzinde-neler-bas-verdi-yaxin-planda\\\/\"},\"author\":{\"name\":\"aleks\",\"@id\":\"https:\\\/\\\/www.meydan.tv\\\/az\\\/#\\\/schema\\\/person\\\/476e9360e593fa131d5d71d51866f8da\"},\"headline\":\"La\u00e7\u0131n d\u0259hlizi: \u00fc\u00e7 il \u0259rzind\u0259 n\u0259l\u0259r ba\u015f verdi? &#8211; Yax\u0131n Planda\",\"datePublished\":\"2023-09-01T12:49:06+00:00\",\"dateModified\":\"2023-09-01T12:49:08+00:00\",\"mainEntityOfPage\":{\"@id\":\"https:\\\/\\\/www.meydan.tv\\\/az\\\/article\\\/lacin-dehlizi-uc-il-erzinde-neler-bas-verdi-yaxin-planda\\\/\"},\"wordCount\":203,\"publisher\":{\"@id\":\"https:\\\/\\\/www.meydan.tv\\\/az\\\/#organization\"},\"image\":{\"@id\":\"https:\\\/\\\/www.meydan.tv\\\/az\\\/article\\\/lacin-dehlizi-uc-il-erzinde-neler-bas-verdi-yaxin-planda\\\/#primaryimage\"},\"thumbnailUrl\":\"https:\\\/\\\/www.meydan.tv\\\/wp-content\\\/uploads\\\/2020-11-13t000000z_450423930_rc2c2k9b575g_rtrmadp_3_armenia-azerbaijan-scaled.jpg\",\"articleSection\":[\"Video\"],\"inLanguage\":\"az\"},{\"@type\":\"WebPage\",\"@id\":\"https:\\\/\\\/www.meydan.tv\\\/az\\\/article\\\/lacin-dehlizi-uc-il-erzinde-neler-bas-verdi-yaxin-planda\\\/\",\"url\":\"https:\\\/\\\/www.meydan.tv\\\/az\\\/article\\\/lacin-dehlizi-uc-il-erzinde-neler-bas-verdi-yaxin-planda\\\/\",\"name\":\"La\u00e7\u0131n d\u0259hlizi: \u00fc\u00e7 il \u0259rzind\u0259 n\u0259l\u0259r ba\u015f verdi? - Yax\u0131n Planda - MEYDAN.TV\",\"isPartOf\":{\"@id\":\"https:\\\/\\\/www.meydan.tv\\\/az\\\/#website\"},\"primaryImageOfPage\":{\"@id\":\"https:\\\/\\\/www.meydan.tv\\\/az\\\/article\\\/lacin-dehlizi-uc-il-erzinde-neler-bas-verdi-yaxin-planda\\\/#primaryimage\"},\"image\":{\"@id\":\"https:\\\/\\\/www.meydan.tv\\\/az\\\/article\\\/lacin-dehlizi-uc-il-erzinde-neler-bas-verdi-yaxin-planda\\\/#primaryimage\"},\"thumbnailUrl\":\"https:\\\/\\\/www.meydan.tv\\\/wp-content\\\/uploads\\\/2020-11-13t000000z_450423930_rc2c2k9b575g_rtrmadp_3_armenia-azerbaijan-scaled.jpg\",\"datePublished\":\"2023-09-01T12:49:06+00:00\",\"dateModified\":\"2023-09-01T12:49:08+00:00\",\"breadcrumb\":{\"@id\":\"https:\\\/\\\/www.meydan.tv\\\/az\\\/article\\\/lacin-dehlizi-uc-il-erzinde-neler-bas-verdi-yaxin-planda\\\/#breadcrumb\"},\"inLanguage\":\"az\",\"potentialAction\":[{\"@type\":\"ReadAction\",\"target\":[\"https:\\\/\\\/www.meydan.tv\\\/az\\\/article\\\/lacin-dehlizi-uc-il-erzinde-neler-bas-verdi-yaxin-planda\\\/\"]}]},{\"@type\":\"ImageObject\",\"inLanguage\":\"az\",\"@id\":\"https:\\\/\\\/www.meydan.tv\\\/az\\\/article\\\/lacin-dehlizi-uc-il-erzinde-neler-bas-verdi-yaxin-planda\\\/#primaryimage\",\"url\":\"https:\\\/\\\/www.meydan.tv\\\/wp-content\\\/uploads\\\/2020-11-13t000000z_450423930_rc2c2k9b575g_rtrmadp_3_armenia-azerbaijan-scaled.jpg\",\"contentUrl\":\"https:\\\/\\\/www.meydan.tv\\\/wp-content\\\/uploads\\\/2020-11-13t000000z_450423930_rc2c2k9b575g_rtrmadp_3_armenia-azerbaijan-scaled.jpg\",\"width\":2560,\"height\":1808,\"caption\":\"La\u00e7\u0131n yolu, foto: Reuters\"},{\"@type\":\"BreadcrumbList\",\"@id\":\"https:\\\/\\\/www.meydan.tv\\\/az\\\/article\\\/lacin-dehlizi-uc-il-erzinde-neler-bas-verdi-yaxin-planda\\\/#breadcrumb\",\"itemListElement\":[{\"@type\":\"ListItem\",\"position\":1,\"name\":\"Ana s\u0259hif\u0259\",\"item\":\"https:\\\/\\\/www.meydan.tv\\\/az\\\/\"},{\"@type\":\"ListItem\",\"position\":2,\"name\":\"Video\",\"item\":\"https:\\\/\\\/www.meydan.tv\\\/az\\\/section\\\/video-2\\\/\"},{\"@type\":\"ListItem\",\"position\":3,\"name\":\"La\u00e7\u0131n d\u0259hlizi: \u00fc\u00e7 il \u0259rzind\u0259 n\u0259l\u0259r ba\u015f verdi? &#8211; Yax\u0131n Planda\"}]},{\"@type\":\"WebSite\",\"@id\":\"https:\\\/\\\/www.meydan.tv\\\/az\\\/#website\",\"url\":\"https:\\\/\\\/www.meydan.tv\\\/az\\\/\",\"name\":\"MEYDAN.TV\",\"description\":\"Meydan TV Az\u0259rbaycan\u0131n media m\u0259kan\u0131ndak\u0131 alternativ s\u0259sidir\",\"publisher\":{\"@id\":\"https:\\\/\\\/www.meydan.tv\\\/az\\\/#organization\"},\"potentialAction\":[{\"@type\":\"SearchAction\",\"target\":{\"@type\":\"EntryPoint\",\"urlTemplate\":\"https:\\\/\\\/www.meydan.tv\\\/az\\\/?s={search_term_string}\"},\"query-input\":{\"@type\":\"PropertyValueSpecification\",\"valueRequired\":true,\"valueName\":\"search_term_string\"}}],\"inLanguage\":\"az\"},{\"@type\":\"Organization\",\"@id\":\"https:\\\/\\\/www.meydan.tv\\\/az\\\/#organization\",\"name\":\"Meydan TV\",\"url\":\"https:\\\/\\\/www.meydan.tv\\\/az\\\/\",\"logo\":{\"@type\":\"ImageObject\",\"inLanguage\":\"az\",\"@id\":\"https:\\\/\\\/www.meydan.tv\\\/az\\\/#\\\/schema\\\/logo\\\/image\\\/\",\"url\":\"https:\\\/\\\/www.meydan.tv\\\/wp-content\\\/uploads\\\/2021\\\/07\\\/meydan-logo.svg\",\"contentUrl\":\"https:\\\/\\\/www.meydan.tv\\\/wp-content\\\/uploads\\\/2021\\\/07\\\/meydan-logo.svg\",\"width\":195,\"height\":46,\"caption\":\"Meydan TV\"},\"image\":{\"@id\":\"https:\\\/\\\/www.meydan.tv\\\/az\\\/#\\\/schema\\\/logo\\\/image\\\/\"}},{\"@type\":\"Person\",\"@id\":\"https:\\\/\\\/www.meydan.tv\\\/az\\\/#\\\/schema\\\/person\\\/476e9360e593fa131d5d71d51866f8da\",\"name\":\"aleks\"}]}<\/script>\n<!-- \/ Yoast SEO plugin. -->","yoast_head_json":{"title":"La\u00e7\u0131n d\u0259hlizi: \u00fc\u00e7 il \u0259rzind\u0259 n\u0259l\u0259r ba\u015f verdi? - Yax\u0131n Planda - MEYDAN.TV","robots":{"index":"index","follow":"follow","max-snippet":"max-snippet:-1","max-image-preview":"max-image-preview:large","max-video-preview":"max-video-preview:-1"},"canonical":"https:\/\/www.meydan.tv\/az\/article\/lacin-dehlizi-uc-il-erzinde-neler-bas-verdi-yaxin-planda\/","og_locale":"az_AZ","og_type":"article","og_title":"La\u00e7\u0131n d\u0259hlizi: \u00fc\u00e7 il \u0259rzind\u0259 n\u0259l\u0259r ba\u015f verdi? - Yax\u0131n Planda - MEYDAN.TV","og_description":"\u0130kinci Qaraba\u011f m\u00fcharib\u0259sini yekunla\u015fd\u0131ran at\u0259\u015fk\u0259s b\u0259yanat\u0131 da adland\u0131r\u0131lan 9 noyabr ... Davam\u0131","og_url":"https:\/\/www.meydan.tv\/az\/article\/lacin-dehlizi-uc-il-erzinde-neler-bas-verdi-yaxin-planda\/","og_site_name":"MEYDAN.TV","article_published_time":"2023-09-01T12:49:06+00:00","article_modified_time":"2023-09-01T12:49:08+00:00","og_image":[{"width":2560,"height":1808,"url":"https:\/\/www.meydan.tv\/wp-content\/uploads\/2020-11-13t000000z_450423930_rc2c2k9b575g_rtrmadp_3_armenia-azerbaijan-scaled.jpg","type":"image\/jpeg"}],"author":"aleks","twitter_card":"summary_large_image","schema":{"@context":"https:\/\/schema.org","@graph":[{"@type":"Article","@id":"https:\/\/www.meydan.tv\/az\/article\/lacin-dehlizi-uc-il-erzinde-neler-bas-verdi-yaxin-planda\/#article","isPartOf":{"@id":"https:\/\/www.meydan.tv\/az\/article\/lacin-dehlizi-uc-il-erzinde-neler-bas-verdi-yaxin-planda\/"},"author":{"name":"aleks","@id":"https:\/\/www.meydan.tv\/az\/#\/schema\/person\/476e9360e593fa131d5d71d51866f8da"},"headline":"La\u00e7\u0131n d\u0259hlizi: \u00fc\u00e7 il \u0259rzind\u0259 n\u0259l\u0259r ba\u015f verdi? &#8211; Yax\u0131n Planda","datePublished":"2023-09-01T12:49:06+00:00","dateModified":"2023-09-01T12:49:08+00:00","mainEntityOfPage":{"@id":"https:\/\/www.meydan.tv\/az\/article\/lacin-dehlizi-uc-il-erzinde-neler-bas-verdi-yaxin-planda\/"},"wordCount":203,"publisher":{"@id":"https:\/\/www.meydan.tv\/az\/#organization"},"image":{"@id":"https:\/\/www.meydan.tv\/az\/article\/lacin-dehlizi-uc-il-erzinde-neler-bas-verdi-yaxin-planda\/#primaryimage"},"thumbnailUrl":"https:\/\/www.meydan.tv\/wp-content\/uploads\/2020-11-13t000000z_450423930_rc2c2k9b575g_rtrmadp_3_armenia-azerbaijan-scaled.jpg","articleSection":["Video"],"inLanguage":"az"},{"@type":"WebPage","@id":"https:\/\/www.meydan.tv\/az\/article\/lacin-dehlizi-uc-il-erzinde-neler-bas-verdi-yaxin-planda\/","url":"https:\/\/www.meydan.tv\/az\/article\/lacin-dehlizi-uc-il-erzinde-neler-bas-verdi-yaxin-planda\/","name":"La\u00e7\u0131n d\u0259hlizi: \u00fc\u00e7 il \u0259rzind\u0259 n\u0259l\u0259r ba\u015f verdi? - Yax\u0131n Planda - MEYDAN.TV","isPartOf":{"@id":"https:\/\/www.meydan.tv\/az\/#website"},"primaryImageOfPage":{"@id":"https:\/\/www.meydan.tv\/az\/article\/lacin-dehlizi-uc-il-erzinde-neler-bas-verdi-yaxin-planda\/#primaryimage"},"image":{"@id":"https:\/\/www.meydan.tv\/az\/article\/lacin-dehlizi-uc-il-erzinde-neler-bas-verdi-yaxin-planda\/#primaryimage"},"thumbnailUrl":"https:\/\/www.meydan.tv\/wp-content\/uploads\/2020-11-13t000000z_450423930_rc2c2k9b575g_rtrmadp_3_armenia-azerbaijan-scaled.jpg","datePublished":"2023-09-01T12:49:06+00:00","dateModified":"2023-09-01T12:49:08+00:00","breadcrumb":{"@id":"https:\/\/www.meydan.tv\/az\/article\/lacin-dehlizi-uc-il-erzinde-neler-bas-verdi-yaxin-planda\/#breadcrumb"},"inLanguage":"az","potentialAction":[{"@type":"ReadAction","target":["https:\/\/www.meydan.tv\/az\/article\/lacin-dehlizi-uc-il-erzinde-neler-bas-verdi-yaxin-planda\/"]}]},{"@type":"ImageObject","inLanguage":"az","@id":"https:\/\/www.meydan.tv\/az\/article\/lacin-dehlizi-uc-il-erzinde-neler-bas-verdi-yaxin-planda\/#primaryimage","url":"https:\/\/www.meydan.tv\/wp-content\/uploads\/2020-11-13t000000z_450423930_rc2c2k9b575g_rtrmadp_3_armenia-azerbaijan-scaled.jpg","contentUrl":"https:\/\/www.meydan.tv\/wp-content\/uploads\/2020-11-13t000000z_450423930_rc2c2k9b575g_rtrmadp_3_armenia-azerbaijan-scaled.jpg","width":2560,"height":1808,"caption":"La\u00e7\u0131n yolu, foto: Reuters"},{"@type":"BreadcrumbList","@id":"https:\/\/www.meydan.tv\/az\/article\/lacin-dehlizi-uc-il-erzinde-neler-bas-verdi-yaxin-planda\/#breadcrumb","itemListElement":[{"@type":"ListItem","position":1,"name":"Ana s\u0259hif\u0259","item":"https:\/\/www.meydan.tv\/az\/"},{"@type":"ListItem","position":2,"name":"Video","item":"https:\/\/www.meydan.tv\/az\/section\/video-2\/"},{"@type":"ListItem","position":3,"name":"La\u00e7\u0131n d\u0259hlizi: \u00fc\u00e7 il \u0259rzind\u0259 n\u0259l\u0259r ba\u015f verdi? &#8211; Yax\u0131n Planda"}]},{"@type":"WebSite","@id":"https:\/\/www.meydan.tv\/az\/#website","url":"https:\/\/www.meydan.tv\/az\/","name":"MEYDAN.TV","description":"Meydan TV Az\u0259rbaycan\u0131n media m\u0259kan\u0131ndak\u0131 alternativ s\u0259sidir","publisher":{"@id":"https:\/\/www.meydan.tv\/az\/#organization"},"potentialAction":[{"@type":"SearchAction","target":{"@type":"EntryPoint","urlTemplate":"https:\/\/www.meydan.tv\/az\/?s={search_term_string}"},"query-input":{"@type":"PropertyValueSpecification","valueRequired":true,"valueName":"search_term_string"}}],"inLanguage":"az"},{"@type":"Organization","@id":"https:\/\/www.meydan.tv\/az\/#organization","name":"Meydan TV","url":"https:\/\/www.meydan.tv\/az\/","logo":{"@type":"ImageObject","inLanguage":"az","@id":"https:\/\/www.meydan.tv\/az\/#\/schema\/logo\/image\/","url":"https:\/\/www.meydan.tv\/wp-content\/uploads\/2021\/07\/meydan-logo.svg","contentUrl":"https:\/\/www.meydan.tv\/wp-content\/uploads\/2021\/07\/meydan-logo.svg","width":195,"height":46,"caption":"Meydan TV"},"image":{"@id":"https:\/\/www.meydan.tv\/az\/#\/schema\/logo\/image\/"}},{"@type":"Person","@id":"https:\/\/www.meydan.tv\/az\/#\/schema\/person\/476e9360e593fa131d5d71d51866f8da","name":"aleks"}]}},"_links":{"self":[{"href":"https:\/\/www.meydan.tv\/az\/wp-json\/wp\/v2\/posts\/283792","targetHints":{"allow":["GET"]}}],"collection":[{"href":"https:\/\/www.meydan.tv\/az\/wp-json\/wp\/v2\/posts"}],"about":[{"href":"https:\/\/www.meydan.tv\/az\/wp-json\/wp\/v2\/types\/post"}],"author":[{"embeddable":true,"href":"https:\/\/www.meydan.tv\/az\/wp-json\/wp\/v2\/users\/12"}],"replies":[{"embeddable":true,"href":"https:\/\/www.meydan.tv\/az\/wp-json\/wp\/v2\/comments?post=283792"}],"version-history":[{"count":1,"href":"https:\/\/www.meydan.tv\/az\/wp-json\/wp\/v2\/posts\/283792\/revisions"}],"predecessor-version":[{"id":283794,"href":"https:\/\/www.meydan.tv\/az\/wp-json\/wp\/v2\/posts\/283792\/revisions\/283794"}],"wp:featuredmedia":[{"embeddable":true,"href":"https:\/\/www.meydan.tv\/az\/wp-json\/wp\/v2\/media\/283745"}],"wp:attachment":[{"href":"https:\/\/www.meydan.tv\/az\/wp-json\/wp\/v2\/media?parent=283792"}],"wp:term":[{"taxonomy":"category","embeddable":true,"href":"https:\/\/www.meydan.tv\/az\/wp-json\/wp\/v2\/categories?post=283792"},{"taxonomy":"post_tag","embeddable":true,"href":"https:\/\/www.meydan.tv\/az\/wp-json\/wp\/v2\/tags?post=283792"}],"curies":[{"name":"wp","href":"https:\/\/api.w.org\/{rel}","templated":true}]}}