{"id":283788,"date":"2023-09-01T16:45:19","date_gmt":"2023-09-01T12:45:19","guid":{"rendered":"https:\/\/www.meydan.tv\/?p=283788"},"modified":"2023-09-01T16:57:11","modified_gmt":"2023-09-01T12:57:11","slug":"akif-covdarov-ve-ailesinin-30-milyonluq-emlaki-yeniden-musadire-olundu","status":"publish","type":"post","link":"https:\/\/www.meydan.tv\/az\/article\/akif-covdarov-ve-ailesinin-30-milyonluq-emlaki-yeniden-musadire-olundu\/","title":{"rendered":"Akif \u00c7ovdarov v\u0259 ail\u0259sinin 30 milyonluq \u0259mlak\u0131 yenid\u0259n m\u00fcsadir\u0259 olundu"},"content":{"rendered":"\n<p>\u00a0<em><strong>Bak\u0131 Apelyasiya M\u0259hk\u0259m\u0259si q\u0259rar\u0131n\u0131 a\u00e7\u0131qlad\u0131<\/strong><\/em><\/p>\n\n\n\n<p>Milli T\u0259hl\u00fck\u0259sizlik Nazirliyinin (MTN) Energetika v\u0259 N\u0259qliyyat Sah\u0259l\u0259rind\u0259 T\u0259hl\u00fck\u0259sizlik Ba\u015f \u0130dar\u0259sinin r\u0259isi olmu\u015f, ke\u00e7mi\u015f general Akif \u00c7ovdarovun \u00f6z\u00fc v\u0259 ail\u0259sinin t\u0259xmin\u0259n 30 milyon manatl\u0131q \u0259mlak\u0131 yenid\u0259n m\u00fcsadir\u0259 olunub. Bak\u0131 Apelyasiya M\u0259hk\u0259m\u0259sind\u0259 Mirz\u0259li Abbasovun s\u0259drlik etdiyi hakiml\u0259r kollegiyas\u0131 bu bar\u0259d\u0259 q\u0259rar q\u0259bul edib.<\/p>\n\n\n\n<p>Akif \u00c7ovdarovun 12 il azadl\u0131qdan m\u0259hrum edilm\u0259si bar\u0259d\u0259 h\u00f6km \u00e7\u0131xar\u0131landa h\u0259m d\u0259 h\u0259min \u0259mlaklar\u0131n m\u00fcsadir\u0259sin\u0259 q\u0259rar verilmi\u015fdi. Lakin ke\u00e7mi\u015f MTN general\u0131n\u0131n ail\u0259 \u00fczvl\u0259ri h\u00f6kmd\u0259n \u015fikay\u0259t ver\u0259r\u0259k, \u0259mlaklar\u0131n onlara m\u0259xsus oldu\u011funu bildir\u0259r\u0259k, m\u00fcsadir\u0259 q\u0259rar\u0131n\u0131n qanunsuz v\u0259 v\u0259 \u0259sass\u0131z oldu\u011funu iddia edirdi. 2020-ci ild\u0259 Akif \u00c7ovdarov h\u0259bsd\u0259n burax\u0131landan sonra da \u0259mlaklar\u0131n qaytar\u0131lmas\u0131 \u00fc\u00e7\u00fcn h\u00fcquqi m\u00fcst\u0259vid\u0259 \u00e7\u0259ki\u015fm\u0259 davam edirdi.<\/p>\n\n\n\n<p>2022-ci ilin dekabr\u0131nda Bak\u0131 Apelyasiya M\u0259hk\u0259m\u0259sind\u0259 Habil M\u0259mm\u0259dovun s\u0259drlik etdiyi hakiml\u0259r kollegiyas\u0131 t\u0259xmin\u0259n 30 milyonluq \u0259mlakla ba\u011fl\u0131 m\u00fcsadir\u0259 q\u0259rar\u0131n\u0131 l\u0259\u011fv edib, \u0259mlaklar\u0131n Akif \u00c7ovdarovun ail\u0259 \u00fczvl\u0259rin\u0259 qaytar\u0131lmas\u0131 bar\u0259d\u0259 q\u0259rar \u00e7\u0131xarm\u0131\u015fd\u0131. H\u0259min q\u0259rardan h\u0259m prokurorkuq Ali M\u0259hk\u0259m\u0259y\u0259 protest vermi\u015f, h\u0259m d\u0259 \u00c7ovdarovun i\u015fi \u00fczr\u0259 z\u0259r\u0259r\u00e7\u0259kmi\u015f qismind\u0259 tan\u0131nan b\u0259zi \u015f\u0259xsl\u0259r naraz\u0131 qalaraq, \u015fikay\u0259t\u00e7i olmu\u015fdular.<\/p>\n\n\n\n<p>2023-c\u00fc ilin aprelind\u0259 bu m\u0259s\u0259l\u0259y\u0259 baxan Ali M\u0259hk\u0259m\u0259 m\u00fcsadir\u0259 olunmu\u015f \u0259mlaklar\u0131n geri qaytar\u0131lmas\u0131 haqda q\u0259rar\u0131 l\u0259\u011fv edib. Bel\u0259 n\u0259tic\u0259y\u0259 g\u0259lib ki, Apelyasiya m\u0259hk\u0259m\u0259sinin q\u0259rar\u0131 \u0259sass\u0131zd\u0131r v\u0259 bu m\u0259s\u0259l\u0259y\u0259 yenid\u0259n bax\u0131lmal\u0131d\u0131r. \u0130\u015f yenid\u0259n ara\u015fd\u0131r\u0131lmas\u0131 \u00fc\u00e7\u00fcn Bak\u0131 Apelyasiya M\u0259hk\u0259m\u0259sin\u0259 qaytar\u0131l\u0131b. Onun \u0259sas\u0131nda da bu g\u00fcn yenid\u0259n h\u0259min m\u0259s\u0259l\u0259y\u0259 bax\u0131l\u0131b.<\/p>\n\n\n\n<p>M\u00fcsadir\u0259 olunanlar aras\u0131nda a\u015fa\u011f\u0131dak\u0131 \u0259mlaklar var:<\/p>\n\n\n\n<p>\u201c8-ci kilometr bazar\u0131\u201d adlanan ticar\u0259t bazar\u0131n\u0131n s\u0259hml\u0259rinin 50 faizi;<\/p>\n\n\n\n<p>Bil\u0259c\u0259ri q\u0259s\u0259b\u0259sind\u0259 0.6 hektar v\u0259 560 kvadrat metr torpaq sah\u0259l\u0259ri \u2013 300 min v\u0259 95 min manat;<\/p>\n\n\n\n<p>M\u0259h\u0259mm\u0259d Xiyabani k\u00fc\u00e7\u0259si 5 \u00fcnvan\u0131nda 250 kvadrat metrlik obyekt \u2013 230 min manat;<\/p>\n\n\n\n<p>B\u00fclb\u00fcl prospekti ev 65, m\u0259nzil 38 \u2013 483 min manat;<\/p>\n\n\n\n<p>Novxan\u0131 k\u0259ndind\u0259 ba\u011f evl\u0259ri \u2013 800 min manat, 700 min manat;<\/p>\n\n\n\n<p>X\u0131z\u0131 rayonu, Q\u0131z\u0131lqazma k\u0259ndind\u0259 2 hektar torpaq sah\u0259si \u2013 400 min manat;<\/p>\n\n\n\n<p>\u015eamax\u0131 rayonu Na\u011faraxana k\u0259ndind\u0259 hektarlarla torpaq sah\u0259l\u0259ri v\u0259 tikilil\u0259r \u2013 750 min manat;<\/p>\n\n\n\n<p>K\u00fcrd\u0259mir rayonunda torpaq sah\u0259l\u0259ri v\u0259 tikilil\u0259r \u2013 650 min manat;<\/p>\n\n\n\n<p>Metronun \u201cMemar \u018fc\u0259mi\u201d stansiyas\u0131n\u0131n yax\u0131nl\u0131\u011f\u0131nda qeyri-ya\u015fay\u0131\u015f sah\u0259l\u0259ri;<\/p>\n\n\n\n<p>Bak\u0131da 7-ci mikrorayonda 4941 kvadrat metrlik 6 m\u0259rt\u0259b\u0259li bina &#8211; 3.1 milyon manat;<\/p>\n\n\n\n<p>N\u0259simi rayonu, Cavadxan k\u00fc\u00e7\u0259si 62 \u00fcnvan\u0131nda 7 m\u0259rt\u0259b\u0259li qeyri-ya\u015fay\u0131\u015f binas\u0131 &#8211; 4.5 milyon manat&#8230;<\/p>\n\n\n\n<p>V\u0259t\u0259nda\u015flar\u0131n pullar\u0131n\u0131, \u0259mlaklar\u0131n\u0131 \u0259l\u0259 ke\u00e7irm\u0259k \u00fc\u00e7\u00fcn onlar\u0131 MTN-\u0259 g\u0259tirib h\u0259d\u0259l\u0259m\u0259kd\u0259, zor t\u0259tbiq etm\u0259kd\u0259, v\u0259zif\u0259 s\u0259lahiyy\u0259tl\u0259rini a\u015fmaqda, \u0259m\u0259liyyat-axtar\u0131\u015f t\u0259dbirl\u0259ri v\u0259 s. m\u0259qs\u0259dl\u0259rl\u0259 ayr\u0131lm\u0131\u015f v\u0259saitl\u0259rin m\u0259nims\u0259nilm\u0259sind\u0259 v\u0259 ba\u015fqa \u0259m\u0259ll\u0259rd\u0259 ittiham olunan Akif \u00c7ovdarov 2015-ci ild\u0259 h\u0259bs edilib. O, 12 il azadl\u0131qdan m\u0259hrum olunub. Lakin 2020-ci ilin aprelind\u0259 \u0259fv s\u0259r\u0259ncam\u0131yla azadl\u0131\u011fa burax\u0131l\u0131b. O, m\u0259hk\u0259m\u0259d\u0259 ittihamlar\u0131 q\u0259bul etm\u0259diyini, \u00f6z\u00fcn\u00fc t\u0259qsirli bilm\u0259diyini deyib.<\/p>\n","protected":false},"excerpt":{"rendered":"<p>\u00a0Bak\u0131 Apelyasiya M\u0259hk\u0259m\u0259si q\u0259rar\u0131n\u0131 a\u00e7\u0131qlad\u0131 Milli T\u0259hl\u00fck\u0259sizlik Nazirliyinin (MTN) Energetika &#8230; <\/p>\n<p class=\"read-more-container\"><a title=\"Akif \u00c7ovdarov v\u0259 ail\u0259sinin 30 milyonluq \u0259mlak\u0131 yenid\u0259n m\u00fcsadir\u0259 olundu\" class=\"read-more button\" href=\"https:\/\/www.meydan.tv\/az\/article\/akif-covdarov-ve-ailesinin-30-milyonluq-emlaki-yeniden-musadire-olundu\/#more-283788\" aria-label=\"Read more about Akif \u00c7ovdarov v\u0259 ail\u0259sinin 30 milyonluq \u0259mlak\u0131 yenid\u0259n m\u00fcsadir\u0259 olundu\">Davam\u0131<\/a><\/p>\n","protected":false},"author":18,"featured_media":50760,"comment_status":"closed","ping_status":"closed","sticky":false,"template":"","format":"standard","meta":{"_acf_changed":false,"_sitemap_exclude":false,"_sitemap_priority":"","_sitemap_frequency":"","footnotes":""},"categories":[62,56],"tags":[],"class_list":["post-283788","post","type-post","status-publish","format-standard","has-post-thumbnail","hentry","category-sosial","category-xeberler","infinite-scroll-item","generate-columns","tablet-grid-50","mobile-grid-100","grid-parent","grid-33","no-featured-image-padding"],"acf":[],"yoast_head":"<!-- This site is optimized with the Yoast SEO plugin v27.5 - https:\/\/yoast.com\/product\/yoast-seo-wordpress\/ -->\n<title>Akif \u00c7ovdarov v\u0259 ail\u0259sinin 30 milyonluq \u0259mlak\u0131 yenid\u0259n m\u00fcsadir\u0259 olundu - MEYDAN.TV<\/title>\n<meta name=\"robots\" content=\"index, follow, max-snippet:-1, max-image-preview:large, max-video-preview:-1\" \/>\n<link rel=\"canonical\" href=\"https:\/\/www.meydan.tv\/az\/article\/akif-covdarov-ve-ailesinin-30-milyonluq-emlaki-yeniden-musadire-olundu\/\" \/>\n<meta property=\"og:locale\" content=\"az_AZ\" \/>\n<meta property=\"og:type\" content=\"article\" \/>\n<meta property=\"og:title\" content=\"Akif \u00c7ovdarov v\u0259 ail\u0259sinin 30 milyonluq \u0259mlak\u0131 yenid\u0259n m\u00fcsadir\u0259 olundu - MEYDAN.TV\" \/>\n<meta property=\"og:description\" content=\"\u00a0Bak\u0131 Apelyasiya M\u0259hk\u0259m\u0259si q\u0259rar\u0131n\u0131 a\u00e7\u0131qlad\u0131 Milli T\u0259hl\u00fck\u0259sizlik Nazirliyinin (MTN) Energetika ... Davam\u0131\" \/>\n<meta property=\"og:url\" content=\"https:\/\/www.meydan.tv\/az\/article\/akif-covdarov-ve-ailesinin-30-milyonluq-emlaki-yeniden-musadire-olundu\/\" \/>\n<meta property=\"og:site_name\" content=\"MEYDAN.TV\" \/>\n<meta property=\"article:published_time\" content=\"2023-09-01T12:45:19+00:00\" \/>\n<meta property=\"article:modified_time\" content=\"2023-09-01T12:57:11+00:00\" \/>\n<meta property=\"og:image\" content=\"https:\/\/www.meydan.tv\/wp-content\/uploads\/19112.jpg\" \/>\n\t<meta property=\"og:image:width\" content=\"451\" \/>\n\t<meta property=\"og:image:height\" content=\"300\" \/>\n\t<meta property=\"og:image:type\" content=\"image\/jpeg\" \/>\n<meta name=\"author\" content=\"miron\" \/>\n<meta name=\"twitter:card\" content=\"summary_large_image\" \/>\n<script type=\"application\/ld+json\" class=\"yoast-schema-graph\">{\"@context\":\"https:\\\/\\\/schema.org\",\"@graph\":[{\"@type\":\"Article\",\"@id\":\"https:\\\/\\\/www.meydan.tv\\\/az\\\/article\\\/akif-covdarov-ve-ailesinin-30-milyonluq-emlaki-yeniden-musadire-olundu\\\/#article\",\"isPartOf\":{\"@id\":\"https:\\\/\\\/www.meydan.tv\\\/az\\\/article\\\/akif-covdarov-ve-ailesinin-30-milyonluq-emlaki-yeniden-musadire-olundu\\\/\"},\"author\":{\"name\":\"miron\",\"@id\":\"https:\\\/\\\/www.meydan.tv\\\/az\\\/#\\\/schema\\\/person\\\/981b0b284aeaa9ad0cbf814cd4a9d67c\"},\"headline\":\"Akif \u00c7ovdarov v\u0259 ail\u0259sinin 30 milyonluq \u0259mlak\u0131 yenid\u0259n m\u00fcsadir\u0259 olundu\",\"datePublished\":\"2023-09-01T12:45:19+00:00\",\"dateModified\":\"2023-09-01T12:57:11+00:00\",\"mainEntityOfPage\":{\"@id\":\"https:\\\/\\\/www.meydan.tv\\\/az\\\/article\\\/akif-covdarov-ve-ailesinin-30-milyonluq-emlaki-yeniden-musadire-olundu\\\/\"},\"wordCount\":641,\"publisher\":{\"@id\":\"https:\\\/\\\/www.meydan.tv\\\/az\\\/#organization\"},\"image\":{\"@id\":\"https:\\\/\\\/www.meydan.tv\\\/az\\\/article\\\/akif-covdarov-ve-ailesinin-30-milyonluq-emlaki-yeniden-musadire-olundu\\\/#primaryimage\"},\"thumbnailUrl\":\"https:\\\/\\\/www.meydan.tv\\\/wp-content\\\/uploads\\\/19112.jpg\",\"articleSection\":[\"Sosial\",\"X\u0259b\u0259rl\u0259r\"],\"inLanguage\":\"az\"},{\"@type\":\"WebPage\",\"@id\":\"https:\\\/\\\/www.meydan.tv\\\/az\\\/article\\\/akif-covdarov-ve-ailesinin-30-milyonluq-emlaki-yeniden-musadire-olundu\\\/\",\"url\":\"https:\\\/\\\/www.meydan.tv\\\/az\\\/article\\\/akif-covdarov-ve-ailesinin-30-milyonluq-emlaki-yeniden-musadire-olundu\\\/\",\"name\":\"Akif \u00c7ovdarov v\u0259 ail\u0259sinin 30 milyonluq \u0259mlak\u0131 yenid\u0259n m\u00fcsadir\u0259 olundu - MEYDAN.TV\",\"isPartOf\":{\"@id\":\"https:\\\/\\\/www.meydan.tv\\\/az\\\/#website\"},\"primaryImageOfPage\":{\"@id\":\"https:\\\/\\\/www.meydan.tv\\\/az\\\/article\\\/akif-covdarov-ve-ailesinin-30-milyonluq-emlaki-yeniden-musadire-olundu\\\/#primaryimage\"},\"image\":{\"@id\":\"https:\\\/\\\/www.meydan.tv\\\/az\\\/article\\\/akif-covdarov-ve-ailesinin-30-milyonluq-emlaki-yeniden-musadire-olundu\\\/#primaryimage\"},\"thumbnailUrl\":\"https:\\\/\\\/www.meydan.tv\\\/wp-content\\\/uploads\\\/19112.jpg\",\"datePublished\":\"2023-09-01T12:45:19+00:00\",\"dateModified\":\"2023-09-01T12:57:11+00:00\",\"breadcrumb\":{\"@id\":\"https:\\\/\\\/www.meydan.tv\\\/az\\\/article\\\/akif-covdarov-ve-ailesinin-30-milyonluq-emlaki-yeniden-musadire-olundu\\\/#breadcrumb\"},\"inLanguage\":\"az\",\"potentialAction\":[{\"@type\":\"ReadAction\",\"target\":[\"https:\\\/\\\/www.meydan.tv\\\/az\\\/article\\\/akif-covdarov-ve-ailesinin-30-milyonluq-emlaki-yeniden-musadire-olundu\\\/\"]}]},{\"@type\":\"ImageObject\",\"inLanguage\":\"az\",\"@id\":\"https:\\\/\\\/www.meydan.tv\\\/az\\\/article\\\/akif-covdarov-ve-ailesinin-30-milyonluq-emlaki-yeniden-musadire-olundu\\\/#primaryimage\",\"url\":\"https:\\\/\\\/www.meydan.tv\\\/wp-content\\\/uploads\\\/19112.jpg\",\"contentUrl\":\"https:\\\/\\\/www.meydan.tv\\\/wp-content\\\/uploads\\\/19112.jpg\",\"width\":451,\"height\":300,\"caption\":\"Source: Arxiv\"},{\"@type\":\"BreadcrumbList\",\"@id\":\"https:\\\/\\\/www.meydan.tv\\\/az\\\/article\\\/akif-covdarov-ve-ailesinin-30-milyonluq-emlaki-yeniden-musadire-olundu\\\/#breadcrumb\",\"itemListElement\":[{\"@type\":\"ListItem\",\"position\":1,\"name\":\"Ana s\u0259hif\u0259\",\"item\":\"https:\\\/\\\/www.meydan.tv\\\/az\\\/\"},{\"@type\":\"ListItem\",\"position\":2,\"name\":\"X\u0259b\u0259rl\u0259r\",\"item\":\"https:\\\/\\\/www.meydan.tv\\\/az\\\/section\\\/xeberler\\\/\"},{\"@type\":\"ListItem\",\"position\":3,\"name\":\"Akif \u00c7ovdarov v\u0259 ail\u0259sinin 30 milyonluq \u0259mlak\u0131 yenid\u0259n m\u00fcsadir\u0259 olundu\"}]},{\"@type\":\"WebSite\",\"@id\":\"https:\\\/\\\/www.meydan.tv\\\/az\\\/#website\",\"url\":\"https:\\\/\\\/www.meydan.tv\\\/az\\\/\",\"name\":\"MEYDAN.TV\",\"description\":\"Meydan TV Az\u0259rbaycan\u0131n media m\u0259kan\u0131ndak\u0131 alternativ s\u0259sidir\",\"publisher\":{\"@id\":\"https:\\\/\\\/www.meydan.tv\\\/az\\\/#organization\"},\"potentialAction\":[{\"@type\":\"SearchAction\",\"target\":{\"@type\":\"EntryPoint\",\"urlTemplate\":\"https:\\\/\\\/www.meydan.tv\\\/az\\\/?s={search_term_string}\"},\"query-input\":{\"@type\":\"PropertyValueSpecification\",\"valueRequired\":true,\"valueName\":\"search_term_string\"}}],\"inLanguage\":\"az\"},{\"@type\":\"Organization\",\"@id\":\"https:\\\/\\\/www.meydan.tv\\\/az\\\/#organization\",\"name\":\"Meydan TV\",\"url\":\"https:\\\/\\\/www.meydan.tv\\\/az\\\/\",\"logo\":{\"@type\":\"ImageObject\",\"inLanguage\":\"az\",\"@id\":\"https:\\\/\\\/www.meydan.tv\\\/az\\\/#\\\/schema\\\/logo\\\/image\\\/\",\"url\":\"https:\\\/\\\/www.meydan.tv\\\/wp-content\\\/uploads\\\/2021\\\/07\\\/meydan-logo.svg\",\"contentUrl\":\"https:\\\/\\\/www.meydan.tv\\\/wp-content\\\/uploads\\\/2021\\\/07\\\/meydan-logo.svg\",\"width\":195,\"height\":46,\"caption\":\"Meydan TV\"},\"image\":{\"@id\":\"https:\\\/\\\/www.meydan.tv\\\/az\\\/#\\\/schema\\\/logo\\\/image\\\/\"}},{\"@type\":\"Person\",\"@id\":\"https:\\\/\\\/www.meydan.tv\\\/az\\\/#\\\/schema\\\/person\\\/981b0b284aeaa9ad0cbf814cd4a9d67c\",\"name\":\"miron\"}]}<\/script>\n<!-- \/ Yoast SEO plugin. -->","yoast_head_json":{"title":"Akif \u00c7ovdarov v\u0259 ail\u0259sinin 30 milyonluq \u0259mlak\u0131 yenid\u0259n m\u00fcsadir\u0259 olundu - MEYDAN.TV","robots":{"index":"index","follow":"follow","max-snippet":"max-snippet:-1","max-image-preview":"max-image-preview:large","max-video-preview":"max-video-preview:-1"},"canonical":"https:\/\/www.meydan.tv\/az\/article\/akif-covdarov-ve-ailesinin-30-milyonluq-emlaki-yeniden-musadire-olundu\/","og_locale":"az_AZ","og_type":"article","og_title":"Akif \u00c7ovdarov v\u0259 ail\u0259sinin 30 milyonluq \u0259mlak\u0131 yenid\u0259n m\u00fcsadir\u0259 olundu - MEYDAN.TV","og_description":"\u00a0Bak\u0131 Apelyasiya M\u0259hk\u0259m\u0259si q\u0259rar\u0131n\u0131 a\u00e7\u0131qlad\u0131 Milli T\u0259hl\u00fck\u0259sizlik Nazirliyinin (MTN) Energetika ... Davam\u0131","og_url":"https:\/\/www.meydan.tv\/az\/article\/akif-covdarov-ve-ailesinin-30-milyonluq-emlaki-yeniden-musadire-olundu\/","og_site_name":"MEYDAN.TV","article_published_time":"2023-09-01T12:45:19+00:00","article_modified_time":"2023-09-01T12:57:11+00:00","og_image":[{"width":451,"height":300,"url":"https:\/\/www.meydan.tv\/wp-content\/uploads\/19112.jpg","type":"image\/jpeg"}],"author":"miron","twitter_card":"summary_large_image","schema":{"@context":"https:\/\/schema.org","@graph":[{"@type":"Article","@id":"https:\/\/www.meydan.tv\/az\/article\/akif-covdarov-ve-ailesinin-30-milyonluq-emlaki-yeniden-musadire-olundu\/#article","isPartOf":{"@id":"https:\/\/www.meydan.tv\/az\/article\/akif-covdarov-ve-ailesinin-30-milyonluq-emlaki-yeniden-musadire-olundu\/"},"author":{"name":"miron","@id":"https:\/\/www.meydan.tv\/az\/#\/schema\/person\/981b0b284aeaa9ad0cbf814cd4a9d67c"},"headline":"Akif \u00c7ovdarov v\u0259 ail\u0259sinin 30 milyonluq \u0259mlak\u0131 yenid\u0259n m\u00fcsadir\u0259 olundu","datePublished":"2023-09-01T12:45:19+00:00","dateModified":"2023-09-01T12:57:11+00:00","mainEntityOfPage":{"@id":"https:\/\/www.meydan.tv\/az\/article\/akif-covdarov-ve-ailesinin-30-milyonluq-emlaki-yeniden-musadire-olundu\/"},"wordCount":641,"publisher":{"@id":"https:\/\/www.meydan.tv\/az\/#organization"},"image":{"@id":"https:\/\/www.meydan.tv\/az\/article\/akif-covdarov-ve-ailesinin-30-milyonluq-emlaki-yeniden-musadire-olundu\/#primaryimage"},"thumbnailUrl":"https:\/\/www.meydan.tv\/wp-content\/uploads\/19112.jpg","articleSection":["Sosial","X\u0259b\u0259rl\u0259r"],"inLanguage":"az"},{"@type":"WebPage","@id":"https:\/\/www.meydan.tv\/az\/article\/akif-covdarov-ve-ailesinin-30-milyonluq-emlaki-yeniden-musadire-olundu\/","url":"https:\/\/www.meydan.tv\/az\/article\/akif-covdarov-ve-ailesinin-30-milyonluq-emlaki-yeniden-musadire-olundu\/","name":"Akif \u00c7ovdarov v\u0259 ail\u0259sinin 30 milyonluq \u0259mlak\u0131 yenid\u0259n m\u00fcsadir\u0259 olundu - MEYDAN.TV","isPartOf":{"@id":"https:\/\/www.meydan.tv\/az\/#website"},"primaryImageOfPage":{"@id":"https:\/\/www.meydan.tv\/az\/article\/akif-covdarov-ve-ailesinin-30-milyonluq-emlaki-yeniden-musadire-olundu\/#primaryimage"},"image":{"@id":"https:\/\/www.meydan.tv\/az\/article\/akif-covdarov-ve-ailesinin-30-milyonluq-emlaki-yeniden-musadire-olundu\/#primaryimage"},"thumbnailUrl":"https:\/\/www.meydan.tv\/wp-content\/uploads\/19112.jpg","datePublished":"2023-09-01T12:45:19+00:00","dateModified":"2023-09-01T12:57:11+00:00","breadcrumb":{"@id":"https:\/\/www.meydan.tv\/az\/article\/akif-covdarov-ve-ailesinin-30-milyonluq-emlaki-yeniden-musadire-olundu\/#breadcrumb"},"inLanguage":"az","potentialAction":[{"@type":"ReadAction","target":["https:\/\/www.meydan.tv\/az\/article\/akif-covdarov-ve-ailesinin-30-milyonluq-emlaki-yeniden-musadire-olundu\/"]}]},{"@type":"ImageObject","inLanguage":"az","@id":"https:\/\/www.meydan.tv\/az\/article\/akif-covdarov-ve-ailesinin-30-milyonluq-emlaki-yeniden-musadire-olundu\/#primaryimage","url":"https:\/\/www.meydan.tv\/wp-content\/uploads\/19112.jpg","contentUrl":"https:\/\/www.meydan.tv\/wp-content\/uploads\/19112.jpg","width":451,"height":300,"caption":"Source: Arxiv"},{"@type":"BreadcrumbList","@id":"https:\/\/www.meydan.tv\/az\/article\/akif-covdarov-ve-ailesinin-30-milyonluq-emlaki-yeniden-musadire-olundu\/#breadcrumb","itemListElement":[{"@type":"ListItem","position":1,"name":"Ana s\u0259hif\u0259","item":"https:\/\/www.meydan.tv\/az\/"},{"@type":"ListItem","position":2,"name":"X\u0259b\u0259rl\u0259r","item":"https:\/\/www.meydan.tv\/az\/section\/xeberler\/"},{"@type":"ListItem","position":3,"name":"Akif \u00c7ovdarov v\u0259 ail\u0259sinin 30 milyonluq \u0259mlak\u0131 yenid\u0259n m\u00fcsadir\u0259 olundu"}]},{"@type":"WebSite","@id":"https:\/\/www.meydan.tv\/az\/#website","url":"https:\/\/www.meydan.tv\/az\/","name":"MEYDAN.TV","description":"Meydan TV Az\u0259rbaycan\u0131n media m\u0259kan\u0131ndak\u0131 alternativ s\u0259sidir","publisher":{"@id":"https:\/\/www.meydan.tv\/az\/#organization"},"potentialAction":[{"@type":"SearchAction","target":{"@type":"EntryPoint","urlTemplate":"https:\/\/www.meydan.tv\/az\/?s={search_term_string}"},"query-input":{"@type":"PropertyValueSpecification","valueRequired":true,"valueName":"search_term_string"}}],"inLanguage":"az"},{"@type":"Organization","@id":"https:\/\/www.meydan.tv\/az\/#organization","name":"Meydan TV","url":"https:\/\/www.meydan.tv\/az\/","logo":{"@type":"ImageObject","inLanguage":"az","@id":"https:\/\/www.meydan.tv\/az\/#\/schema\/logo\/image\/","url":"https:\/\/www.meydan.tv\/wp-content\/uploads\/2021\/07\/meydan-logo.svg","contentUrl":"https:\/\/www.meydan.tv\/wp-content\/uploads\/2021\/07\/meydan-logo.svg","width":195,"height":46,"caption":"Meydan TV"},"image":{"@id":"https:\/\/www.meydan.tv\/az\/#\/schema\/logo\/image\/"}},{"@type":"Person","@id":"https:\/\/www.meydan.tv\/az\/#\/schema\/person\/981b0b284aeaa9ad0cbf814cd4a9d67c","name":"miron"}]}},"_links":{"self":[{"href":"https:\/\/www.meydan.tv\/az\/wp-json\/wp\/v2\/posts\/283788","targetHints":{"allow":["GET"]}}],"collection":[{"href":"https:\/\/www.meydan.tv\/az\/wp-json\/wp\/v2\/posts"}],"about":[{"href":"https:\/\/www.meydan.tv\/az\/wp-json\/wp\/v2\/types\/post"}],"author":[{"embeddable":true,"href":"https:\/\/www.meydan.tv\/az\/wp-json\/wp\/v2\/users\/18"}],"replies":[{"embeddable":true,"href":"https:\/\/www.meydan.tv\/az\/wp-json\/wp\/v2\/comments?post=283788"}],"version-history":[{"count":3,"href":"https:\/\/www.meydan.tv\/az\/wp-json\/wp\/v2\/posts\/283788\/revisions"}],"predecessor-version":[{"id":283802,"href":"https:\/\/www.meydan.tv\/az\/wp-json\/wp\/v2\/posts\/283788\/revisions\/283802"}],"wp:featuredmedia":[{"embeddable":true,"href":"https:\/\/www.meydan.tv\/az\/wp-json\/wp\/v2\/media\/50760"}],"wp:attachment":[{"href":"https:\/\/www.meydan.tv\/az\/wp-json\/wp\/v2\/media?parent=283788"}],"wp:term":[{"taxonomy":"category","embeddable":true,"href":"https:\/\/www.meydan.tv\/az\/wp-json\/wp\/v2\/categories?post=283788"},{"taxonomy":"post_tag","embeddable":true,"href":"https:\/\/www.meydan.tv\/az\/wp-json\/wp\/v2\/tags?post=283788"}],"curies":[{"name":"wp","href":"https:\/\/api.w.org\/{rel}","templated":true}]}}