{"id":283727,"date":"2023-09-01T00:40:18","date_gmt":"2023-08-31T20:40:18","guid":{"rendered":"https:\/\/www.meydan.tv\/?p=283727"},"modified":"2023-09-01T12:46:45","modified_gmt":"2023-09-01T08:46:45","slug":"sehid-anasi-ovladina-yasadigi-rayonda-is-verilmesi-ucun-socar-a-muraciet-edib","status":"publish","type":"post","link":"https:\/\/www.meydan.tv\/az\/article\/sehid-anasi-ovladina-yasadigi-rayonda-is-verilmesi-ucun-socar-a-muraciet-edib\/","title":{"rendered":"\u015e\u0259hid anas\u0131 \u00f6vlad\u0131na ya\u015fad\u0131\u011f\u0131 rayonda i\u015f verilm\u0259si \u00fc\u00e7\u00fcn SOCAR-a m\u00fcraci\u0259t edib"},"content":{"rendered":"\n<p><em><strong>R\u0259\u015fad Musayev anas\u0131na baxd\u0131\u011f\u0131ndan ba\u015fqa b\u00f6lg\u0259d\u0259 i\u015fl\u0259y\u0259 bilmir<\/strong><\/em><\/p>\n\n\n\n<p><em>\u201cQarda\u015f\u0131m Kamal Musayev 1994-c\u00fc ild\u0259 Murovda\u011fda \u015f\u0259hid olub. Ya\u015fl\u0131, onkoloji x\u0259st\u0259 olan anam m\u0259nim himay\u0259md\u0259dir. 3 ildir yataq x\u0259st\u0259sidir, 5 d\u0259f\u0259 \u0259m\u0259liyyat olunub. Buna g\u00f6r\u0259 d\u0259 anam\u0131 t\u0259k qoyub ba\u015fqa rayona i\u015fl\u0259m\u0259y\u0259 ged\u0259 bilmir\u0259m\u201d<\/em>.<\/p>\n\n\n\n<p>Bunu Meydan TV-y\u0259 Yard\u0131ml\u0131 rayon sakini R\u0259\u015fad Musayev deyir.<\/p>\n\n\n\n<p>Onun s\u00f6zl\u0259rin\u0259 g\u00f6r\u0259, 2019-cu ild\u0259n m\u00fcv\u0259qq\u0259ti xidm\u0259ti m\u00fcqavil\u0259 il\u0259 \u201cAz\u0259riqaz\u201d \u0130stehsalat Birliyinin L\u0259nk\u0259ran Rayon Qaz \u0130stismar\u0131 \u0130dar\u0259sinin Yard\u0131ml\u0131 xidm\u0259t sah\u0259sind\u0259 \u00e7iling\u0259r k\u00f6m\u0259k\u00e7isi i\u015fl\u0259yir. \u00d6t\u0259n il SOCAR-da imtahanda i\u015ftirak edib v\u0259 kadr ehtiyat bazas\u0131n\u0131n qeydiyyat\u0131na d\u00fc\u015f\u00fcb.<\/p>\n\n\n\n<p><em>\u201cRegional idar\u0259d\u0259n z\u0259ng edib L\u0259nk\u0259randa i\u015f t\u0259klif etdil\u0259r. Anama m\u0259n baxd\u0131\u011f\u0131mdan Yard\u0131ml\u0131da, y\u0259ni ya\u015fad\u0131\u011f\u0131m rayonda i\u015fl\u0259m\u0259k ist\u0259diyimi bildirdim. Bu yax\u0131nlarda Yard\u0131ml\u0131da 2 vakant yer oldu, amma tap\u015f\u0131r\u0131qla ba\u015fqa adamlar\u0131 g\u00f6t\u00fcrd\u00fcl\u0259r. H\u0259min \u015f\u0259xsl\u0259rin bo\u015falm\u0131\u015f yerin\u0259-Masall\u0131da m\u0259n\u0259 i\u015f t\u0259klif etdil\u0259r. Yen\u0259 d\u0259 anama g\u00f6r\u0259 imtina etm\u0259k m\u0259cburiyy\u0259tind\u0259 qald\u0131m\u201d<\/em>,- R.Musayev bildirib.<\/p>\n\n\n\n<p>O, m\u00fcv\u0259qq\u0259ti m\u00fcqavil\u0259 il\u0259 i\u015fl\u0259diyini qeyd edib.<\/p>\n\n\n\n<p>\u015e\u0259hid anas\u0131 da o\u011fluna \u00f6z rayonlar\u0131nda i\u015f verilm\u0259si, onun v\u0259ziyy\u0259tinin n\u0259z\u0259r\u0259 al\u0131nmas\u0131 \u00fc\u00e7\u00fcn SOCAR prezidenti R\u00f6v\u015f\u0259n N\u0259c\u0259f\u0259 v\u0259 istehsalat birliyinin s\u0259dri Ruslan \u018fliyev\u0259 m\u00fcraci\u0259t edib.<\/p>\n\n\n\n<p>\u201cAz\u0259riqaz\u201d \u0130stehsalat Birliyind\u0259n is\u0259 Meydan TV-y\u0259 bildiribl\u0259r ki, \u015f\u0259hid anas\u0131n\u0131n o\u011flunu i\u015f\u0259 q\u0259bul edilm\u0259sin\u0259 k\u00f6m\u0259k g\u00f6st\u0259rilm\u0259si il\u0259 ba\u011fl\u0131 m\u00fcraci\u0259tin\u0259 bax\u0131l\u0131b.<\/p>\n\n\n\n<p>Qurumun cavab\u0131nda deyilir ki, R\u0259\u015fad Musayev 2021-ci il, yanvar\u0131n 5-d\u0259 \u201cDOST \u0130\u015f M\u0259rk\u0259zi\u201d MMC t\u0259r\u0259find\u0259n i\u015f\u0259 q\u0259bul edil\u0259r\u0259k birliyin L\u0259nk\u0259ran regional qaz istismar idar\u0259sinin Yard\u0131ml\u0131 rayonu \u00fczr\u0259 xidm\u0259t sah\u0259sin\u0259 t\u0259hkim edilib. Haz\u0131rda qaz avadanl\u0131qlar\u0131n\u0131n istismar\u0131 v\u0259 t\u0259miri \u00fczr\u0259 f\u0259hl\u0259 i\u015fl\u0259yir:<\/p>\n\n\n\n<p><em>\u201cR\u0259\u015fad Musayevl\u0259 birg\u0259 kadr ehtiyat\u0131 bazas\u0131na 7 namiz\u0259d daxil edilib. H\u0259min bazaya daxil edilmi\u015f v\u0259t\u0259nda\u015flar\u0131n namiz\u0259dliyi 12 ay \u0259rzind\u0259 saxlan\u0131l\u0131r. SOCAR kadr ehtiyat bazas\u0131na daxil edilmi\u015f namiz\u0259dl\u0259rin i\u015fl\u0259 t\u0259min olunmas\u0131 il\u0259 ba\u011fl\u0131 \u00f6hd\u0259lik da\u015f\u0131m\u0131r. Ona \u015f\u0259hid ail\u0259sinin \u00fczv\u00fc kimi i\u015f t\u0259klif edilib, lakin o yol uzaql\u0131\u011f\u0131n\u0131n \u0259sasl\u0131\u011f\u0131n\u0131 g\u00f6t\u00fcr\u0259r\u0259k, i\u015f t\u0259klifind\u0259n imtina edib\u201d<\/em>.<\/p>\n","protected":false},"excerpt":{"rendered":"<p>R\u0259\u015fad Musayev anas\u0131na baxd\u0131\u011f\u0131ndan ba\u015fqa b\u00f6lg\u0259d\u0259 i\u015fl\u0259y\u0259 bilmir \u201cQarda\u015f\u0131m Kamal &#8230; <\/p>\n<p class=\"read-more-container\"><a title=\"\u015e\u0259hid anas\u0131 \u00f6vlad\u0131na ya\u015fad\u0131\u011f\u0131 rayonda i\u015f verilm\u0259si \u00fc\u00e7\u00fcn SOCAR-a m\u00fcraci\u0259t edib\" class=\"read-more button\" href=\"https:\/\/www.meydan.tv\/az\/article\/sehid-anasi-ovladina-yasadigi-rayonda-is-verilmesi-ucun-socar-a-muraciet-edib\/#more-283727\" aria-label=\"Read more about \u015e\u0259hid anas\u0131 \u00f6vlad\u0131na ya\u015fad\u0131\u011f\u0131 rayonda i\u015f verilm\u0259si \u00fc\u00e7\u00fcn SOCAR-a m\u00fcraci\u0259t edib\">Davam\u0131<\/a><\/p>\n","protected":false},"author":12,"featured_media":283728,"comment_status":"closed","ping_status":"closed","sticky":false,"template":"","format":"standard","meta":{"_acf_changed":false,"_sitemap_exclude":false,"_sitemap_priority":"","_sitemap_frequency":"","footnotes":""},"categories":[60,62],"tags":[],"class_list":["post-283727","post","type-post","status-publish","format-standard","has-post-thumbnail","hentry","category-bolge","category-sosial","infinite-scroll-item","generate-columns","tablet-grid-50","mobile-grid-100","grid-parent","grid-33","no-featured-image-padding"],"acf":[],"yoast_head":"<!-- This site is optimized with the Yoast SEO plugin v27.4 - https:\/\/yoast.com\/product\/yoast-seo-wordpress\/ -->\n<title>\u015e\u0259hid anas\u0131 \u00f6vlad\u0131na ya\u015fad\u0131\u011f\u0131 rayonda i\u015f verilm\u0259si \u00fc\u00e7\u00fcn SOCAR-a m\u00fcraci\u0259t edib - MEYDAN.TV<\/title>\n<meta name=\"robots\" content=\"index, follow, max-snippet:-1, max-image-preview:large, max-video-preview:-1\" \/>\n<link rel=\"canonical\" href=\"https:\/\/www.meydan.tv\/az\/article\/sehid-anasi-ovladina-yasadigi-rayonda-is-verilmesi-ucun-socar-a-muraciet-edib\/\" \/>\n<meta property=\"og:locale\" content=\"az_AZ\" \/>\n<meta property=\"og:type\" content=\"article\" \/>\n<meta property=\"og:title\" content=\"\u015e\u0259hid anas\u0131 \u00f6vlad\u0131na ya\u015fad\u0131\u011f\u0131 rayonda i\u015f verilm\u0259si \u00fc\u00e7\u00fcn SOCAR-a m\u00fcraci\u0259t edib - MEYDAN.TV\" \/>\n<meta property=\"og:description\" content=\"R\u0259\u015fad Musayev anas\u0131na baxd\u0131\u011f\u0131ndan ba\u015fqa b\u00f6lg\u0259d\u0259 i\u015fl\u0259y\u0259 bilmir \u201cQarda\u015f\u0131m Kamal ... Davam\u0131\" \/>\n<meta property=\"og:url\" content=\"https:\/\/www.meydan.tv\/az\/article\/sehid-anasi-ovladina-yasadigi-rayonda-is-verilmesi-ucun-socar-a-muraciet-edib\/\" \/>\n<meta property=\"og:site_name\" content=\"MEYDAN.TV\" \/>\n<meta property=\"article:published_time\" content=\"2023-08-31T20:40:18+00:00\" \/>\n<meta property=\"article:modified_time\" content=\"2023-09-01T08:46:45+00:00\" \/>\n<meta property=\"og:image\" content=\"https:\/\/www.meydan.tv\/wp-content\/uploads\/screenshot-2023-08-31-at-22.39.52.png\" \/>\n\t<meta property=\"og:image:width\" content=\"1124\" \/>\n\t<meta property=\"og:image:height\" content=\"612\" \/>\n\t<meta property=\"og:image:type\" content=\"image\/png\" \/>\n<meta name=\"author\" content=\"aleks\" \/>\n<meta name=\"twitter:card\" content=\"summary_large_image\" \/>\n<script type=\"application\/ld+json\" class=\"yoast-schema-graph\">{\"@context\":\"https:\\\/\\\/schema.org\",\"@graph\":[{\"@type\":\"Article\",\"@id\":\"https:\\\/\\\/www.meydan.tv\\\/az\\\/article\\\/sehid-anasi-ovladina-yasadigi-rayonda-is-verilmesi-ucun-socar-a-muraciet-edib\\\/#article\",\"isPartOf\":{\"@id\":\"https:\\\/\\\/www.meydan.tv\\\/az\\\/article\\\/sehid-anasi-ovladina-yasadigi-rayonda-is-verilmesi-ucun-socar-a-muraciet-edib\\\/\"},\"author\":{\"name\":\"aleks\",\"@id\":\"https:\\\/\\\/www.meydan.tv\\\/az\\\/#\\\/schema\\\/person\\\/476e9360e593fa131d5d71d51866f8da\"},\"headline\":\"\u015e\u0259hid anas\u0131 \u00f6vlad\u0131na ya\u015fad\u0131\u011f\u0131 rayonda i\u015f verilm\u0259si \u00fc\u00e7\u00fcn SOCAR-a m\u00fcraci\u0259t edib\",\"datePublished\":\"2023-08-31T20:40:18+00:00\",\"dateModified\":\"2023-09-01T08:46:45+00:00\",\"mainEntityOfPage\":{\"@id\":\"https:\\\/\\\/www.meydan.tv\\\/az\\\/article\\\/sehid-anasi-ovladina-yasadigi-rayonda-is-verilmesi-ucun-socar-a-muraciet-edib\\\/\"},\"wordCount\":483,\"publisher\":{\"@id\":\"https:\\\/\\\/www.meydan.tv\\\/az\\\/#organization\"},\"image\":{\"@id\":\"https:\\\/\\\/www.meydan.tv\\\/az\\\/article\\\/sehid-anasi-ovladina-yasadigi-rayonda-is-verilmesi-ucun-socar-a-muraciet-edib\\\/#primaryimage\"},\"thumbnailUrl\":\"https:\\\/\\\/www.meydan.tv\\\/wp-content\\\/uploads\\\/screenshot-2023-08-31-at-22.39.52.png\",\"articleSection\":[\"B\u00f6lg\u0259\",\"Sosial\"],\"inLanguage\":\"az\"},{\"@type\":\"WebPage\",\"@id\":\"https:\\\/\\\/www.meydan.tv\\\/az\\\/article\\\/sehid-anasi-ovladina-yasadigi-rayonda-is-verilmesi-ucun-socar-a-muraciet-edib\\\/\",\"url\":\"https:\\\/\\\/www.meydan.tv\\\/az\\\/article\\\/sehid-anasi-ovladina-yasadigi-rayonda-is-verilmesi-ucun-socar-a-muraciet-edib\\\/\",\"name\":\"\u015e\u0259hid anas\u0131 \u00f6vlad\u0131na ya\u015fad\u0131\u011f\u0131 rayonda i\u015f verilm\u0259si \u00fc\u00e7\u00fcn SOCAR-a m\u00fcraci\u0259t edib - MEYDAN.TV\",\"isPartOf\":{\"@id\":\"https:\\\/\\\/www.meydan.tv\\\/az\\\/#website\"},\"primaryImageOfPage\":{\"@id\":\"https:\\\/\\\/www.meydan.tv\\\/az\\\/article\\\/sehid-anasi-ovladina-yasadigi-rayonda-is-verilmesi-ucun-socar-a-muraciet-edib\\\/#primaryimage\"},\"image\":{\"@id\":\"https:\\\/\\\/www.meydan.tv\\\/az\\\/article\\\/sehid-anasi-ovladina-yasadigi-rayonda-is-verilmesi-ucun-socar-a-muraciet-edib\\\/#primaryimage\"},\"thumbnailUrl\":\"https:\\\/\\\/www.meydan.tv\\\/wp-content\\\/uploads\\\/screenshot-2023-08-31-at-22.39.52.png\",\"datePublished\":\"2023-08-31T20:40:18+00:00\",\"dateModified\":\"2023-09-01T08:46:45+00:00\",\"breadcrumb\":{\"@id\":\"https:\\\/\\\/www.meydan.tv\\\/az\\\/article\\\/sehid-anasi-ovladina-yasadigi-rayonda-is-verilmesi-ucun-socar-a-muraciet-edib\\\/#breadcrumb\"},\"inLanguage\":\"az\",\"potentialAction\":[{\"@type\":\"ReadAction\",\"target\":[\"https:\\\/\\\/www.meydan.tv\\\/az\\\/article\\\/sehid-anasi-ovladina-yasadigi-rayonda-is-verilmesi-ucun-socar-a-muraciet-edib\\\/\"]}]},{\"@type\":\"ImageObject\",\"inLanguage\":\"az\",\"@id\":\"https:\\\/\\\/www.meydan.tv\\\/az\\\/article\\\/sehid-anasi-ovladina-yasadigi-rayonda-is-verilmesi-ucun-socar-a-muraciet-edib\\\/#primaryimage\",\"url\":\"https:\\\/\\\/www.meydan.tv\\\/wp-content\\\/uploads\\\/screenshot-2023-08-31-at-22.39.52.png\",\"contentUrl\":\"https:\\\/\\\/www.meydan.tv\\\/wp-content\\\/uploads\\\/screenshot-2023-08-31-at-22.39.52.png\",\"width\":1124,\"height\":612,\"caption\":\"Foto: Meydan Tv\"},{\"@type\":\"BreadcrumbList\",\"@id\":\"https:\\\/\\\/www.meydan.tv\\\/az\\\/article\\\/sehid-anasi-ovladina-yasadigi-rayonda-is-verilmesi-ucun-socar-a-muraciet-edib\\\/#breadcrumb\",\"itemListElement\":[{\"@type\":\"ListItem\",\"position\":1,\"name\":\"Ana s\u0259hif\u0259\",\"item\":\"https:\\\/\\\/www.meydan.tv\\\/az\\\/\"},{\"@type\":\"ListItem\",\"position\":2,\"name\":\"B\u00f6lg\u0259\",\"item\":\"https:\\\/\\\/www.meydan.tv\\\/az\\\/section\\\/bolge\\\/\"},{\"@type\":\"ListItem\",\"position\":3,\"name\":\"\u015e\u0259hid anas\u0131 \u00f6vlad\u0131na ya\u015fad\u0131\u011f\u0131 rayonda i\u015f verilm\u0259si \u00fc\u00e7\u00fcn SOCAR-a m\u00fcraci\u0259t edib\"}]},{\"@type\":\"WebSite\",\"@id\":\"https:\\\/\\\/www.meydan.tv\\\/az\\\/#website\",\"url\":\"https:\\\/\\\/www.meydan.tv\\\/az\\\/\",\"name\":\"MEYDAN.TV\",\"description\":\"Meydan TV Az\u0259rbaycan\u0131n media m\u0259kan\u0131ndak\u0131 alternativ s\u0259sidir\",\"publisher\":{\"@id\":\"https:\\\/\\\/www.meydan.tv\\\/az\\\/#organization\"},\"potentialAction\":[{\"@type\":\"SearchAction\",\"target\":{\"@type\":\"EntryPoint\",\"urlTemplate\":\"https:\\\/\\\/www.meydan.tv\\\/az\\\/?s={search_term_string}\"},\"query-input\":{\"@type\":\"PropertyValueSpecification\",\"valueRequired\":true,\"valueName\":\"search_term_string\"}}],\"inLanguage\":\"az\"},{\"@type\":\"Organization\",\"@id\":\"https:\\\/\\\/www.meydan.tv\\\/az\\\/#organization\",\"name\":\"Meydan TV\",\"url\":\"https:\\\/\\\/www.meydan.tv\\\/az\\\/\",\"logo\":{\"@type\":\"ImageObject\",\"inLanguage\":\"az\",\"@id\":\"https:\\\/\\\/www.meydan.tv\\\/az\\\/#\\\/schema\\\/logo\\\/image\\\/\",\"url\":\"https:\\\/\\\/www.meydan.tv\\\/wp-content\\\/uploads\\\/2021\\\/07\\\/meydan-logo.svg\",\"contentUrl\":\"https:\\\/\\\/www.meydan.tv\\\/wp-content\\\/uploads\\\/2021\\\/07\\\/meydan-logo.svg\",\"width\":195,\"height\":46,\"caption\":\"Meydan TV\"},\"image\":{\"@id\":\"https:\\\/\\\/www.meydan.tv\\\/az\\\/#\\\/schema\\\/logo\\\/image\\\/\"}},{\"@type\":\"Person\",\"@id\":\"https:\\\/\\\/www.meydan.tv\\\/az\\\/#\\\/schema\\\/person\\\/476e9360e593fa131d5d71d51866f8da\",\"name\":\"aleks\"}]}<\/script>\n<!-- \/ Yoast SEO plugin. -->","yoast_head_json":{"title":"\u015e\u0259hid anas\u0131 \u00f6vlad\u0131na ya\u015fad\u0131\u011f\u0131 rayonda i\u015f verilm\u0259si \u00fc\u00e7\u00fcn SOCAR-a m\u00fcraci\u0259t edib - MEYDAN.TV","robots":{"index":"index","follow":"follow","max-snippet":"max-snippet:-1","max-image-preview":"max-image-preview:large","max-video-preview":"max-video-preview:-1"},"canonical":"https:\/\/www.meydan.tv\/az\/article\/sehid-anasi-ovladina-yasadigi-rayonda-is-verilmesi-ucun-socar-a-muraciet-edib\/","og_locale":"az_AZ","og_type":"article","og_title":"\u015e\u0259hid anas\u0131 \u00f6vlad\u0131na ya\u015fad\u0131\u011f\u0131 rayonda i\u015f verilm\u0259si \u00fc\u00e7\u00fcn SOCAR-a m\u00fcraci\u0259t edib - MEYDAN.TV","og_description":"R\u0259\u015fad Musayev anas\u0131na baxd\u0131\u011f\u0131ndan ba\u015fqa b\u00f6lg\u0259d\u0259 i\u015fl\u0259y\u0259 bilmir \u201cQarda\u015f\u0131m Kamal ... Davam\u0131","og_url":"https:\/\/www.meydan.tv\/az\/article\/sehid-anasi-ovladina-yasadigi-rayonda-is-verilmesi-ucun-socar-a-muraciet-edib\/","og_site_name":"MEYDAN.TV","article_published_time":"2023-08-31T20:40:18+00:00","article_modified_time":"2023-09-01T08:46:45+00:00","og_image":[{"width":1124,"height":612,"url":"https:\/\/www.meydan.tv\/wp-content\/uploads\/screenshot-2023-08-31-at-22.39.52.png","type":"image\/png"}],"author":"aleks","twitter_card":"summary_large_image","schema":{"@context":"https:\/\/schema.org","@graph":[{"@type":"Article","@id":"https:\/\/www.meydan.tv\/az\/article\/sehid-anasi-ovladina-yasadigi-rayonda-is-verilmesi-ucun-socar-a-muraciet-edib\/#article","isPartOf":{"@id":"https:\/\/www.meydan.tv\/az\/article\/sehid-anasi-ovladina-yasadigi-rayonda-is-verilmesi-ucun-socar-a-muraciet-edib\/"},"author":{"name":"aleks","@id":"https:\/\/www.meydan.tv\/az\/#\/schema\/person\/476e9360e593fa131d5d71d51866f8da"},"headline":"\u015e\u0259hid anas\u0131 \u00f6vlad\u0131na ya\u015fad\u0131\u011f\u0131 rayonda i\u015f verilm\u0259si \u00fc\u00e7\u00fcn SOCAR-a m\u00fcraci\u0259t edib","datePublished":"2023-08-31T20:40:18+00:00","dateModified":"2023-09-01T08:46:45+00:00","mainEntityOfPage":{"@id":"https:\/\/www.meydan.tv\/az\/article\/sehid-anasi-ovladina-yasadigi-rayonda-is-verilmesi-ucun-socar-a-muraciet-edib\/"},"wordCount":483,"publisher":{"@id":"https:\/\/www.meydan.tv\/az\/#organization"},"image":{"@id":"https:\/\/www.meydan.tv\/az\/article\/sehid-anasi-ovladina-yasadigi-rayonda-is-verilmesi-ucun-socar-a-muraciet-edib\/#primaryimage"},"thumbnailUrl":"https:\/\/www.meydan.tv\/wp-content\/uploads\/screenshot-2023-08-31-at-22.39.52.png","articleSection":["B\u00f6lg\u0259","Sosial"],"inLanguage":"az"},{"@type":"WebPage","@id":"https:\/\/www.meydan.tv\/az\/article\/sehid-anasi-ovladina-yasadigi-rayonda-is-verilmesi-ucun-socar-a-muraciet-edib\/","url":"https:\/\/www.meydan.tv\/az\/article\/sehid-anasi-ovladina-yasadigi-rayonda-is-verilmesi-ucun-socar-a-muraciet-edib\/","name":"\u015e\u0259hid anas\u0131 \u00f6vlad\u0131na ya\u015fad\u0131\u011f\u0131 rayonda i\u015f verilm\u0259si \u00fc\u00e7\u00fcn SOCAR-a m\u00fcraci\u0259t edib - MEYDAN.TV","isPartOf":{"@id":"https:\/\/www.meydan.tv\/az\/#website"},"primaryImageOfPage":{"@id":"https:\/\/www.meydan.tv\/az\/article\/sehid-anasi-ovladina-yasadigi-rayonda-is-verilmesi-ucun-socar-a-muraciet-edib\/#primaryimage"},"image":{"@id":"https:\/\/www.meydan.tv\/az\/article\/sehid-anasi-ovladina-yasadigi-rayonda-is-verilmesi-ucun-socar-a-muraciet-edib\/#primaryimage"},"thumbnailUrl":"https:\/\/www.meydan.tv\/wp-content\/uploads\/screenshot-2023-08-31-at-22.39.52.png","datePublished":"2023-08-31T20:40:18+00:00","dateModified":"2023-09-01T08:46:45+00:00","breadcrumb":{"@id":"https:\/\/www.meydan.tv\/az\/article\/sehid-anasi-ovladina-yasadigi-rayonda-is-verilmesi-ucun-socar-a-muraciet-edib\/#breadcrumb"},"inLanguage":"az","potentialAction":[{"@type":"ReadAction","target":["https:\/\/www.meydan.tv\/az\/article\/sehid-anasi-ovladina-yasadigi-rayonda-is-verilmesi-ucun-socar-a-muraciet-edib\/"]}]},{"@type":"ImageObject","inLanguage":"az","@id":"https:\/\/www.meydan.tv\/az\/article\/sehid-anasi-ovladina-yasadigi-rayonda-is-verilmesi-ucun-socar-a-muraciet-edib\/#primaryimage","url":"https:\/\/www.meydan.tv\/wp-content\/uploads\/screenshot-2023-08-31-at-22.39.52.png","contentUrl":"https:\/\/www.meydan.tv\/wp-content\/uploads\/screenshot-2023-08-31-at-22.39.52.png","width":1124,"height":612,"caption":"Foto: Meydan Tv"},{"@type":"BreadcrumbList","@id":"https:\/\/www.meydan.tv\/az\/article\/sehid-anasi-ovladina-yasadigi-rayonda-is-verilmesi-ucun-socar-a-muraciet-edib\/#breadcrumb","itemListElement":[{"@type":"ListItem","position":1,"name":"Ana s\u0259hif\u0259","item":"https:\/\/www.meydan.tv\/az\/"},{"@type":"ListItem","position":2,"name":"B\u00f6lg\u0259","item":"https:\/\/www.meydan.tv\/az\/section\/bolge\/"},{"@type":"ListItem","position":3,"name":"\u015e\u0259hid anas\u0131 \u00f6vlad\u0131na ya\u015fad\u0131\u011f\u0131 rayonda i\u015f verilm\u0259si \u00fc\u00e7\u00fcn SOCAR-a m\u00fcraci\u0259t edib"}]},{"@type":"WebSite","@id":"https:\/\/www.meydan.tv\/az\/#website","url":"https:\/\/www.meydan.tv\/az\/","name":"MEYDAN.TV","description":"Meydan TV Az\u0259rbaycan\u0131n media m\u0259kan\u0131ndak\u0131 alternativ s\u0259sidir","publisher":{"@id":"https:\/\/www.meydan.tv\/az\/#organization"},"potentialAction":[{"@type":"SearchAction","target":{"@type":"EntryPoint","urlTemplate":"https:\/\/www.meydan.tv\/az\/?s={search_term_string}"},"query-input":{"@type":"PropertyValueSpecification","valueRequired":true,"valueName":"search_term_string"}}],"inLanguage":"az"},{"@type":"Organization","@id":"https:\/\/www.meydan.tv\/az\/#organization","name":"Meydan TV","url":"https:\/\/www.meydan.tv\/az\/","logo":{"@type":"ImageObject","inLanguage":"az","@id":"https:\/\/www.meydan.tv\/az\/#\/schema\/logo\/image\/","url":"https:\/\/www.meydan.tv\/wp-content\/uploads\/2021\/07\/meydan-logo.svg","contentUrl":"https:\/\/www.meydan.tv\/wp-content\/uploads\/2021\/07\/meydan-logo.svg","width":195,"height":46,"caption":"Meydan TV"},"image":{"@id":"https:\/\/www.meydan.tv\/az\/#\/schema\/logo\/image\/"}},{"@type":"Person","@id":"https:\/\/www.meydan.tv\/az\/#\/schema\/person\/476e9360e593fa131d5d71d51866f8da","name":"aleks"}]}},"_links":{"self":[{"href":"https:\/\/www.meydan.tv\/az\/wp-json\/wp\/v2\/posts\/283727","targetHints":{"allow":["GET"]}}],"collection":[{"href":"https:\/\/www.meydan.tv\/az\/wp-json\/wp\/v2\/posts"}],"about":[{"href":"https:\/\/www.meydan.tv\/az\/wp-json\/wp\/v2\/types\/post"}],"author":[{"embeddable":true,"href":"https:\/\/www.meydan.tv\/az\/wp-json\/wp\/v2\/users\/12"}],"replies":[{"embeddable":true,"href":"https:\/\/www.meydan.tv\/az\/wp-json\/wp\/v2\/comments?post=283727"}],"version-history":[{"count":3,"href":"https:\/\/www.meydan.tv\/az\/wp-json\/wp\/v2\/posts\/283727\/revisions"}],"predecessor-version":[{"id":283733,"href":"https:\/\/www.meydan.tv\/az\/wp-json\/wp\/v2\/posts\/283727\/revisions\/283733"}],"wp:featuredmedia":[{"embeddable":true,"href":"https:\/\/www.meydan.tv\/az\/wp-json\/wp\/v2\/media\/283728"}],"wp:attachment":[{"href":"https:\/\/www.meydan.tv\/az\/wp-json\/wp\/v2\/media?parent=283727"}],"wp:term":[{"taxonomy":"category","embeddable":true,"href":"https:\/\/www.meydan.tv\/az\/wp-json\/wp\/v2\/categories?post=283727"},{"taxonomy":"post_tag","embeddable":true,"href":"https:\/\/www.meydan.tv\/az\/wp-json\/wp\/v2\/tags?post=283727"}],"curies":[{"name":"wp","href":"https:\/\/api.w.org\/{rel}","templated":true}]}}