{"id":283684,"date":"2023-08-31T18:10:08","date_gmt":"2023-08-31T14:10:08","guid":{"rendered":"https:\/\/www.meydan.tv\/?p=283684"},"modified":"2023-08-31T18:10:10","modified_gmt":"2023-08-31T14:10:10","slug":"demirci-kendi-evveller-her-addim-basi-demirciler-goze-deyirdise-indi-kendde-iki-demirci-qalib","status":"publish","type":"post","link":"https:\/\/www.meydan.tv\/az\/article\/demirci-kendi-evveller-her-addim-basi-demirciler-goze-deyirdise-indi-kendde-iki-demirci-qalib\/","title":{"rendered":"D\u0259mir\u00e7i k\u0259ndi: \u018fvv\u0259ll\u0259r h\u0259r add\u0131m ba\u015f\u0131 d\u0259mir\u00e7il\u0259r g\u00f6z\u0259 d\u0259yirdis\u0259, indi k\u0259ndd\u0259 iki d\u0259mir\u00e7i qal\u0131b"},"content":{"rendered":"\n<figure class=\"wp-block-embed is-type-video is-provider-youtube wp-block-embed-youtube wp-embed-aspect-16-9 wp-has-aspect-ratio\"><div class=\"wp-block-embed__wrapper\">\n<iframe title=\"D\u0259mir\u00e7i k\u0259ndi: \u018fvv\u0259ll\u0259r h\u0259r add\u0131m ba\u015f\u0131 d\u0259mir\u00e7il\u0259r g\u00f6z\u0259 d\u0259yirdis\u0259, indi k\u0259ndd\u0259 iki d\u0259mir\u00e7i qal\u0131b\" width=\"1200\" height=\"675\" data-src=\"https:\/\/www.youtube.com\/embed\/e3tkAB5iAxk?feature=oembed\" frameborder=\"0\" allow=\"accelerometer; autoplay; clipboard-write; encrypted-media; gyroscope; picture-in-picture; web-share\" allowfullscreen src=\"data:image\/svg+xml;base64,PHN2ZyB3aWR0aD0iMSIgaGVpZ2h0PSIxIiB4bWxucz0iaHR0cDovL3d3dy53My5vcmcvMjAwMC9zdmciPjwvc3ZnPg==\" class=\"lazyload\" data-load-mode=\"1\"><\/iframe>\n<\/div><\/figure>\n\n\n\n<p>A\u011fah\u00fcseyn H\u00fcseynov u\u015faql\u0131qdan b\u0259ri d\u0259mir\u00e7i s\u0259n\u0259ti il\u0259 m\u0259\u015f\u011ful oldu\u011funu deyir. Dan\u0131\u015f\u0131r ki, \u015eamax\u0131n\u0131n D\u0259mir\u00e7i k\u0259ndi s\u0259n\u0259tkarlar\u0131n be\u015fiyidir. \u018fvv\u0259ll\u0259r h\u0259r add\u0131m ba\u015f\u0131 d\u0259mir\u00e7il\u0259r g\u00f6z\u0259 d\u0259yirdis\u0259, indi k\u0259ndd\u0259 iki d\u0259mir\u00e7i qal\u0131b dey\u0259 heyfsl\u0259nir. A\u011fah\u00fcseyn ki\u015fi ke\u00e7mi\u015fl\u0259 indini m\u00fcqayis\u0259 edir. Ke\u00e7mi\u015fd\u0259 k\u0259ndlil\u0259r m\u0259i\u015f\u0259td\u0259, t\u0259s\u0259rr\u00fcfatda d\u0259mir\u00e7il\u0259rin d\u00fcz\u0259ltdiyi al\u0259tl\u0259rd\u0259n daha \u00e7ox istifad\u0259 ed\u0259rdil\u0259r. \u0130ndi is\u0259 d\u00f6vran d\u0259yi\u015fib. H\u00fcseynov deyir, t\u0259l\u0259bat yoxdu dey\u0259 d\u0259mir\u00e7il\u0259r yeni al\u0259tl\u0259r d\u00fcz\u0259ltm\u0259k \u0259v\u0259zin\u0259 daha \u00e7ox q\u0259dimi \u0259\u015fyalar\u0131 b\u0259rpa etm\u0259kl\u0259 m\u0259\u015f\u011fuldurlar. H\u00fcseynov deyir, turistl\u0259r\u0259 bu pe\u015f\u0259 maraql\u0131d\u0131 dey\u0259 d\u00f6vl\u0259t d\u0259 d\u0259mir\u00e7i s\u0259n\u0259tin\u0259 qay\u011f\u0131 g\u00f6st\u0259rir. El\u0259 bu emalatxanan\u0131 da ona d\u00f6vl\u0259t verib.<a href=\"https:\/\/www.youtube.com\/@MeydanTelevision\"><\/a><\/p>\n","protected":false},"excerpt":{"rendered":"<p>A\u011fah\u00fcseyn H\u00fcseynov u\u015faql\u0131qdan b\u0259ri d\u0259mir\u00e7i s\u0259n\u0259ti il\u0259 m\u0259\u015f\u011ful oldu\u011funu deyir. &#8230; <\/p>\n<p class=\"read-more-container\"><a title=\"D\u0259mir\u00e7i k\u0259ndi: \u018fvv\u0259ll\u0259r h\u0259r add\u0131m ba\u015f\u0131 d\u0259mir\u00e7il\u0259r g\u00f6z\u0259 d\u0259yirdis\u0259, indi k\u0259ndd\u0259 iki d\u0259mir\u00e7i qal\u0131b\" class=\"read-more button\" href=\"https:\/\/www.meydan.tv\/az\/article\/demirci-kendi-evveller-her-addim-basi-demirciler-goze-deyirdise-indi-kendde-iki-demirci-qalib\/#more-283684\" aria-label=\"Read more about D\u0259mir\u00e7i k\u0259ndi: \u018fvv\u0259ll\u0259r h\u0259r add\u0131m ba\u015f\u0131 d\u0259mir\u00e7il\u0259r g\u00f6z\u0259 d\u0259yirdis\u0259, indi k\u0259ndd\u0259 iki d\u0259mir\u00e7i qal\u0131b\">Davam\u0131<\/a><\/p>\n","protected":false},"author":12,"featured_media":283685,"comment_status":"closed","ping_status":"closed","sticky":false,"template":"","format":"standard","meta":{"_acf_changed":false,"_sitemap_exclude":false,"_sitemap_priority":"","_sitemap_frequency":"","footnotes":""},"categories":[60,62,63],"tags":[],"class_list":["post-283684","post","type-post","status-publish","format-standard","has-post-thumbnail","hentry","category-bolge","category-sosial","category-video-2","infinite-scroll-item","generate-columns","tablet-grid-50","mobile-grid-100","grid-parent","grid-33","no-featured-image-padding"],"acf":[],"yoast_head":"<!-- This site is optimized with the Yoast SEO plugin v27.4 - https:\/\/yoast.com\/product\/yoast-seo-wordpress\/ -->\n<title>D\u0259mir\u00e7i k\u0259ndi: \u018fvv\u0259ll\u0259r h\u0259r add\u0131m ba\u015f\u0131 d\u0259mir\u00e7il\u0259r g\u00f6z\u0259 d\u0259yirdis\u0259, indi k\u0259ndd\u0259 iki d\u0259mir\u00e7i qal\u0131b - MEYDAN.TV<\/title>\n<meta name=\"robots\" content=\"index, follow, max-snippet:-1, max-image-preview:large, max-video-preview:-1\" \/>\n<link rel=\"canonical\" href=\"https:\/\/www.meydan.tv\/az\/article\/demirci-kendi-evveller-her-addim-basi-demirciler-goze-deyirdise-indi-kendde-iki-demirci-qalib\/\" \/>\n<meta property=\"og:locale\" content=\"az_AZ\" \/>\n<meta property=\"og:type\" content=\"article\" \/>\n<meta property=\"og:title\" content=\"D\u0259mir\u00e7i k\u0259ndi: \u018fvv\u0259ll\u0259r h\u0259r add\u0131m ba\u015f\u0131 d\u0259mir\u00e7il\u0259r g\u00f6z\u0259 d\u0259yirdis\u0259, indi k\u0259ndd\u0259 iki d\u0259mir\u00e7i qal\u0131b - MEYDAN.TV\" \/>\n<meta property=\"og:description\" content=\"A\u011fah\u00fcseyn H\u00fcseynov u\u015faql\u0131qdan b\u0259ri d\u0259mir\u00e7i s\u0259n\u0259ti il\u0259 m\u0259\u015f\u011ful oldu\u011funu deyir. ... Davam\u0131\" \/>\n<meta property=\"og:url\" content=\"https:\/\/www.meydan.tv\/az\/article\/demirci-kendi-evveller-her-addim-basi-demirciler-goze-deyirdise-indi-kendde-iki-demirci-qalib\/\" \/>\n<meta property=\"og:site_name\" content=\"MEYDAN.TV\" \/>\n<meta property=\"article:published_time\" content=\"2023-08-31T14:10:08+00:00\" \/>\n<meta property=\"article:modified_time\" content=\"2023-08-31T14:10:10+00:00\" \/>\n<meta property=\"og:image\" content=\"https:\/\/www.meydan.tv\/wp-content\/uploads\/reportaj-cover-1-13.png\" \/>\n\t<meta property=\"og:image:width\" content=\"1280\" \/>\n\t<meta property=\"og:image:height\" content=\"720\" \/>\n\t<meta property=\"og:image:type\" content=\"image\/png\" \/>\n<meta name=\"author\" content=\"aleks\" \/>\n<meta name=\"twitter:card\" content=\"summary_large_image\" \/>\n<script type=\"application\/ld+json\" class=\"yoast-schema-graph\">{\"@context\":\"https:\\\/\\\/schema.org\",\"@graph\":[{\"@type\":\"Article\",\"@id\":\"https:\\\/\\\/www.meydan.tv\\\/az\\\/article\\\/demirci-kendi-evveller-her-addim-basi-demirciler-goze-deyirdise-indi-kendde-iki-demirci-qalib\\\/#article\",\"isPartOf\":{\"@id\":\"https:\\\/\\\/www.meydan.tv\\\/az\\\/article\\\/demirci-kendi-evveller-her-addim-basi-demirciler-goze-deyirdise-indi-kendde-iki-demirci-qalib\\\/\"},\"author\":{\"name\":\"aleks\",\"@id\":\"https:\\\/\\\/www.meydan.tv\\\/az\\\/#\\\/schema\\\/person\\\/476e9360e593fa131d5d71d51866f8da\"},\"headline\":\"D\u0259mir\u00e7i k\u0259ndi: \u018fvv\u0259ll\u0259r h\u0259r add\u0131m ba\u015f\u0131 d\u0259mir\u00e7il\u0259r g\u00f6z\u0259 d\u0259yirdis\u0259, indi k\u0259ndd\u0259 iki d\u0259mir\u00e7i qal\u0131b\",\"datePublished\":\"2023-08-31T14:10:08+00:00\",\"dateModified\":\"2023-08-31T14:10:10+00:00\",\"mainEntityOfPage\":{\"@id\":\"https:\\\/\\\/www.meydan.tv\\\/az\\\/article\\\/demirci-kendi-evveller-her-addim-basi-demirciler-goze-deyirdise-indi-kendde-iki-demirci-qalib\\\/\"},\"wordCount\":223,\"publisher\":{\"@id\":\"https:\\\/\\\/www.meydan.tv\\\/az\\\/#organization\"},\"image\":{\"@id\":\"https:\\\/\\\/www.meydan.tv\\\/az\\\/article\\\/demirci-kendi-evveller-her-addim-basi-demirciler-goze-deyirdise-indi-kendde-iki-demirci-qalib\\\/#primaryimage\"},\"thumbnailUrl\":\"https:\\\/\\\/www.meydan.tv\\\/wp-content\\\/uploads\\\/reportaj-cover-1-13.png\",\"articleSection\":[\"B\u00f6lg\u0259\",\"Sosial\",\"Video\"],\"inLanguage\":\"az\"},{\"@type\":\"WebPage\",\"@id\":\"https:\\\/\\\/www.meydan.tv\\\/az\\\/article\\\/demirci-kendi-evveller-her-addim-basi-demirciler-goze-deyirdise-indi-kendde-iki-demirci-qalib\\\/\",\"url\":\"https:\\\/\\\/www.meydan.tv\\\/az\\\/article\\\/demirci-kendi-evveller-her-addim-basi-demirciler-goze-deyirdise-indi-kendde-iki-demirci-qalib\\\/\",\"name\":\"D\u0259mir\u00e7i k\u0259ndi: \u018fvv\u0259ll\u0259r h\u0259r add\u0131m ba\u015f\u0131 d\u0259mir\u00e7il\u0259r g\u00f6z\u0259 d\u0259yirdis\u0259, indi k\u0259ndd\u0259 iki d\u0259mir\u00e7i qal\u0131b - MEYDAN.TV\",\"isPartOf\":{\"@id\":\"https:\\\/\\\/www.meydan.tv\\\/az\\\/#website\"},\"primaryImageOfPage\":{\"@id\":\"https:\\\/\\\/www.meydan.tv\\\/az\\\/article\\\/demirci-kendi-evveller-her-addim-basi-demirciler-goze-deyirdise-indi-kendde-iki-demirci-qalib\\\/#primaryimage\"},\"image\":{\"@id\":\"https:\\\/\\\/www.meydan.tv\\\/az\\\/article\\\/demirci-kendi-evveller-her-addim-basi-demirciler-goze-deyirdise-indi-kendde-iki-demirci-qalib\\\/#primaryimage\"},\"thumbnailUrl\":\"https:\\\/\\\/www.meydan.tv\\\/wp-content\\\/uploads\\\/reportaj-cover-1-13.png\",\"datePublished\":\"2023-08-31T14:10:08+00:00\",\"dateModified\":\"2023-08-31T14:10:10+00:00\",\"breadcrumb\":{\"@id\":\"https:\\\/\\\/www.meydan.tv\\\/az\\\/article\\\/demirci-kendi-evveller-her-addim-basi-demirciler-goze-deyirdise-indi-kendde-iki-demirci-qalib\\\/#breadcrumb\"},\"inLanguage\":\"az\",\"potentialAction\":[{\"@type\":\"ReadAction\",\"target\":[\"https:\\\/\\\/www.meydan.tv\\\/az\\\/article\\\/demirci-kendi-evveller-her-addim-basi-demirciler-goze-deyirdise-indi-kendde-iki-demirci-qalib\\\/\"]}]},{\"@type\":\"ImageObject\",\"inLanguage\":\"az\",\"@id\":\"https:\\\/\\\/www.meydan.tv\\\/az\\\/article\\\/demirci-kendi-evveller-her-addim-basi-demirciler-goze-deyirdise-indi-kendde-iki-demirci-qalib\\\/#primaryimage\",\"url\":\"https:\\\/\\\/www.meydan.tv\\\/wp-content\\\/uploads\\\/reportaj-cover-1-13.png\",\"contentUrl\":\"https:\\\/\\\/www.meydan.tv\\\/wp-content\\\/uploads\\\/reportaj-cover-1-13.png\",\"width\":1280,\"height\":720},{\"@type\":\"BreadcrumbList\",\"@id\":\"https:\\\/\\\/www.meydan.tv\\\/az\\\/article\\\/demirci-kendi-evveller-her-addim-basi-demirciler-goze-deyirdise-indi-kendde-iki-demirci-qalib\\\/#breadcrumb\",\"itemListElement\":[{\"@type\":\"ListItem\",\"position\":1,\"name\":\"Ana s\u0259hif\u0259\",\"item\":\"https:\\\/\\\/www.meydan.tv\\\/az\\\/\"},{\"@type\":\"ListItem\",\"position\":2,\"name\":\"Video\",\"item\":\"https:\\\/\\\/www.meydan.tv\\\/az\\\/section\\\/video-2\\\/\"},{\"@type\":\"ListItem\",\"position\":3,\"name\":\"D\u0259mir\u00e7i k\u0259ndi: \u018fvv\u0259ll\u0259r h\u0259r add\u0131m ba\u015f\u0131 d\u0259mir\u00e7il\u0259r g\u00f6z\u0259 d\u0259yirdis\u0259, indi k\u0259ndd\u0259 iki d\u0259mir\u00e7i qal\u0131b\"}]},{\"@type\":\"WebSite\",\"@id\":\"https:\\\/\\\/www.meydan.tv\\\/az\\\/#website\",\"url\":\"https:\\\/\\\/www.meydan.tv\\\/az\\\/\",\"name\":\"MEYDAN.TV\",\"description\":\"Meydan TV Az\u0259rbaycan\u0131n media m\u0259kan\u0131ndak\u0131 alternativ s\u0259sidir\",\"publisher\":{\"@id\":\"https:\\\/\\\/www.meydan.tv\\\/az\\\/#organization\"},\"potentialAction\":[{\"@type\":\"SearchAction\",\"target\":{\"@type\":\"EntryPoint\",\"urlTemplate\":\"https:\\\/\\\/www.meydan.tv\\\/az\\\/?s={search_term_string}\"},\"query-input\":{\"@type\":\"PropertyValueSpecification\",\"valueRequired\":true,\"valueName\":\"search_term_string\"}}],\"inLanguage\":\"az\"},{\"@type\":\"Organization\",\"@id\":\"https:\\\/\\\/www.meydan.tv\\\/az\\\/#organization\",\"name\":\"Meydan TV\",\"url\":\"https:\\\/\\\/www.meydan.tv\\\/az\\\/\",\"logo\":{\"@type\":\"ImageObject\",\"inLanguage\":\"az\",\"@id\":\"https:\\\/\\\/www.meydan.tv\\\/az\\\/#\\\/schema\\\/logo\\\/image\\\/\",\"url\":\"https:\\\/\\\/www.meydan.tv\\\/wp-content\\\/uploads\\\/2021\\\/07\\\/meydan-logo.svg\",\"contentUrl\":\"https:\\\/\\\/www.meydan.tv\\\/wp-content\\\/uploads\\\/2021\\\/07\\\/meydan-logo.svg\",\"width\":195,\"height\":46,\"caption\":\"Meydan TV\"},\"image\":{\"@id\":\"https:\\\/\\\/www.meydan.tv\\\/az\\\/#\\\/schema\\\/logo\\\/image\\\/\"}},{\"@type\":\"Person\",\"@id\":\"https:\\\/\\\/www.meydan.tv\\\/az\\\/#\\\/schema\\\/person\\\/476e9360e593fa131d5d71d51866f8da\",\"name\":\"aleks\"}]}<\/script>\n<!-- \/ Yoast SEO plugin. -->","yoast_head_json":{"title":"D\u0259mir\u00e7i k\u0259ndi: \u018fvv\u0259ll\u0259r h\u0259r add\u0131m ba\u015f\u0131 d\u0259mir\u00e7il\u0259r g\u00f6z\u0259 d\u0259yirdis\u0259, indi k\u0259ndd\u0259 iki d\u0259mir\u00e7i qal\u0131b - MEYDAN.TV","robots":{"index":"index","follow":"follow","max-snippet":"max-snippet:-1","max-image-preview":"max-image-preview:large","max-video-preview":"max-video-preview:-1"},"canonical":"https:\/\/www.meydan.tv\/az\/article\/demirci-kendi-evveller-her-addim-basi-demirciler-goze-deyirdise-indi-kendde-iki-demirci-qalib\/","og_locale":"az_AZ","og_type":"article","og_title":"D\u0259mir\u00e7i k\u0259ndi: \u018fvv\u0259ll\u0259r h\u0259r add\u0131m ba\u015f\u0131 d\u0259mir\u00e7il\u0259r g\u00f6z\u0259 d\u0259yirdis\u0259, indi k\u0259ndd\u0259 iki d\u0259mir\u00e7i qal\u0131b - MEYDAN.TV","og_description":"A\u011fah\u00fcseyn H\u00fcseynov u\u015faql\u0131qdan b\u0259ri d\u0259mir\u00e7i s\u0259n\u0259ti il\u0259 m\u0259\u015f\u011ful oldu\u011funu deyir. ... Davam\u0131","og_url":"https:\/\/www.meydan.tv\/az\/article\/demirci-kendi-evveller-her-addim-basi-demirciler-goze-deyirdise-indi-kendde-iki-demirci-qalib\/","og_site_name":"MEYDAN.TV","article_published_time":"2023-08-31T14:10:08+00:00","article_modified_time":"2023-08-31T14:10:10+00:00","og_image":[{"width":1280,"height":720,"url":"https:\/\/www.meydan.tv\/wp-content\/uploads\/reportaj-cover-1-13.png","type":"image\/png"}],"author":"aleks","twitter_card":"summary_large_image","schema":{"@context":"https:\/\/schema.org","@graph":[{"@type":"Article","@id":"https:\/\/www.meydan.tv\/az\/article\/demirci-kendi-evveller-her-addim-basi-demirciler-goze-deyirdise-indi-kendde-iki-demirci-qalib\/#article","isPartOf":{"@id":"https:\/\/www.meydan.tv\/az\/article\/demirci-kendi-evveller-her-addim-basi-demirciler-goze-deyirdise-indi-kendde-iki-demirci-qalib\/"},"author":{"name":"aleks","@id":"https:\/\/www.meydan.tv\/az\/#\/schema\/person\/476e9360e593fa131d5d71d51866f8da"},"headline":"D\u0259mir\u00e7i k\u0259ndi: \u018fvv\u0259ll\u0259r h\u0259r add\u0131m ba\u015f\u0131 d\u0259mir\u00e7il\u0259r g\u00f6z\u0259 d\u0259yirdis\u0259, indi k\u0259ndd\u0259 iki d\u0259mir\u00e7i qal\u0131b","datePublished":"2023-08-31T14:10:08+00:00","dateModified":"2023-08-31T14:10:10+00:00","mainEntityOfPage":{"@id":"https:\/\/www.meydan.tv\/az\/article\/demirci-kendi-evveller-her-addim-basi-demirciler-goze-deyirdise-indi-kendde-iki-demirci-qalib\/"},"wordCount":223,"publisher":{"@id":"https:\/\/www.meydan.tv\/az\/#organization"},"image":{"@id":"https:\/\/www.meydan.tv\/az\/article\/demirci-kendi-evveller-her-addim-basi-demirciler-goze-deyirdise-indi-kendde-iki-demirci-qalib\/#primaryimage"},"thumbnailUrl":"https:\/\/www.meydan.tv\/wp-content\/uploads\/reportaj-cover-1-13.png","articleSection":["B\u00f6lg\u0259","Sosial","Video"],"inLanguage":"az"},{"@type":"WebPage","@id":"https:\/\/www.meydan.tv\/az\/article\/demirci-kendi-evveller-her-addim-basi-demirciler-goze-deyirdise-indi-kendde-iki-demirci-qalib\/","url":"https:\/\/www.meydan.tv\/az\/article\/demirci-kendi-evveller-her-addim-basi-demirciler-goze-deyirdise-indi-kendde-iki-demirci-qalib\/","name":"D\u0259mir\u00e7i k\u0259ndi: \u018fvv\u0259ll\u0259r h\u0259r add\u0131m ba\u015f\u0131 d\u0259mir\u00e7il\u0259r g\u00f6z\u0259 d\u0259yirdis\u0259, indi k\u0259ndd\u0259 iki d\u0259mir\u00e7i qal\u0131b - MEYDAN.TV","isPartOf":{"@id":"https:\/\/www.meydan.tv\/az\/#website"},"primaryImageOfPage":{"@id":"https:\/\/www.meydan.tv\/az\/article\/demirci-kendi-evveller-her-addim-basi-demirciler-goze-deyirdise-indi-kendde-iki-demirci-qalib\/#primaryimage"},"image":{"@id":"https:\/\/www.meydan.tv\/az\/article\/demirci-kendi-evveller-her-addim-basi-demirciler-goze-deyirdise-indi-kendde-iki-demirci-qalib\/#primaryimage"},"thumbnailUrl":"https:\/\/www.meydan.tv\/wp-content\/uploads\/reportaj-cover-1-13.png","datePublished":"2023-08-31T14:10:08+00:00","dateModified":"2023-08-31T14:10:10+00:00","breadcrumb":{"@id":"https:\/\/www.meydan.tv\/az\/article\/demirci-kendi-evveller-her-addim-basi-demirciler-goze-deyirdise-indi-kendde-iki-demirci-qalib\/#breadcrumb"},"inLanguage":"az","potentialAction":[{"@type":"ReadAction","target":["https:\/\/www.meydan.tv\/az\/article\/demirci-kendi-evveller-her-addim-basi-demirciler-goze-deyirdise-indi-kendde-iki-demirci-qalib\/"]}]},{"@type":"ImageObject","inLanguage":"az","@id":"https:\/\/www.meydan.tv\/az\/article\/demirci-kendi-evveller-her-addim-basi-demirciler-goze-deyirdise-indi-kendde-iki-demirci-qalib\/#primaryimage","url":"https:\/\/www.meydan.tv\/wp-content\/uploads\/reportaj-cover-1-13.png","contentUrl":"https:\/\/www.meydan.tv\/wp-content\/uploads\/reportaj-cover-1-13.png","width":1280,"height":720},{"@type":"BreadcrumbList","@id":"https:\/\/www.meydan.tv\/az\/article\/demirci-kendi-evveller-her-addim-basi-demirciler-goze-deyirdise-indi-kendde-iki-demirci-qalib\/#breadcrumb","itemListElement":[{"@type":"ListItem","position":1,"name":"Ana s\u0259hif\u0259","item":"https:\/\/www.meydan.tv\/az\/"},{"@type":"ListItem","position":2,"name":"Video","item":"https:\/\/www.meydan.tv\/az\/section\/video-2\/"},{"@type":"ListItem","position":3,"name":"D\u0259mir\u00e7i k\u0259ndi: \u018fvv\u0259ll\u0259r h\u0259r add\u0131m ba\u015f\u0131 d\u0259mir\u00e7il\u0259r g\u00f6z\u0259 d\u0259yirdis\u0259, indi k\u0259ndd\u0259 iki d\u0259mir\u00e7i qal\u0131b"}]},{"@type":"WebSite","@id":"https:\/\/www.meydan.tv\/az\/#website","url":"https:\/\/www.meydan.tv\/az\/","name":"MEYDAN.TV","description":"Meydan TV Az\u0259rbaycan\u0131n media m\u0259kan\u0131ndak\u0131 alternativ s\u0259sidir","publisher":{"@id":"https:\/\/www.meydan.tv\/az\/#organization"},"potentialAction":[{"@type":"SearchAction","target":{"@type":"EntryPoint","urlTemplate":"https:\/\/www.meydan.tv\/az\/?s={search_term_string}"},"query-input":{"@type":"PropertyValueSpecification","valueRequired":true,"valueName":"search_term_string"}}],"inLanguage":"az"},{"@type":"Organization","@id":"https:\/\/www.meydan.tv\/az\/#organization","name":"Meydan TV","url":"https:\/\/www.meydan.tv\/az\/","logo":{"@type":"ImageObject","inLanguage":"az","@id":"https:\/\/www.meydan.tv\/az\/#\/schema\/logo\/image\/","url":"https:\/\/www.meydan.tv\/wp-content\/uploads\/2021\/07\/meydan-logo.svg","contentUrl":"https:\/\/www.meydan.tv\/wp-content\/uploads\/2021\/07\/meydan-logo.svg","width":195,"height":46,"caption":"Meydan TV"},"image":{"@id":"https:\/\/www.meydan.tv\/az\/#\/schema\/logo\/image\/"}},{"@type":"Person","@id":"https:\/\/www.meydan.tv\/az\/#\/schema\/person\/476e9360e593fa131d5d71d51866f8da","name":"aleks"}]}},"_links":{"self":[{"href":"https:\/\/www.meydan.tv\/az\/wp-json\/wp\/v2\/posts\/283684","targetHints":{"allow":["GET"]}}],"collection":[{"href":"https:\/\/www.meydan.tv\/az\/wp-json\/wp\/v2\/posts"}],"about":[{"href":"https:\/\/www.meydan.tv\/az\/wp-json\/wp\/v2\/types\/post"}],"author":[{"embeddable":true,"href":"https:\/\/www.meydan.tv\/az\/wp-json\/wp\/v2\/users\/12"}],"replies":[{"embeddable":true,"href":"https:\/\/www.meydan.tv\/az\/wp-json\/wp\/v2\/comments?post=283684"}],"version-history":[{"count":1,"href":"https:\/\/www.meydan.tv\/az\/wp-json\/wp\/v2\/posts\/283684\/revisions"}],"predecessor-version":[{"id":283689,"href":"https:\/\/www.meydan.tv\/az\/wp-json\/wp\/v2\/posts\/283684\/revisions\/283689"}],"wp:featuredmedia":[{"embeddable":true,"href":"https:\/\/www.meydan.tv\/az\/wp-json\/wp\/v2\/media\/283685"}],"wp:attachment":[{"href":"https:\/\/www.meydan.tv\/az\/wp-json\/wp\/v2\/media?parent=283684"}],"wp:term":[{"taxonomy":"category","embeddable":true,"href":"https:\/\/www.meydan.tv\/az\/wp-json\/wp\/v2\/categories?post=283684"},{"taxonomy":"post_tag","embeddable":true,"href":"https:\/\/www.meydan.tv\/az\/wp-json\/wp\/v2\/tags?post=283684"}],"curies":[{"name":"wp","href":"https:\/\/api.w.org\/{rel}","templated":true}]}}