{"id":283666,"date":"2023-08-31T17:15:13","date_gmt":"2023-08-31T13:15:13","guid":{"rendered":"https:\/\/www.meydan.tv\/?p=283666"},"modified":"2023-08-31T18:15:30","modified_gmt":"2023-08-31T14:15:30","slug":"goygol-sakini-usaqlarimin-ahi-bir-gun-o-hakimleri-mutleq-tutacaq-geci-tezi-var","status":"publish","type":"post","link":"https:\/\/www.meydan.tv\/az\/article\/goygol-sakini-usaqlarimin-ahi-bir-gun-o-hakimleri-mutleq-tutacaq-geci-tezi-var\/","title":{"rendered":"G\u00f6yg\u00f6l sakini: \u201cU\u015faqlar\u0131m\u0131n ah\u0131 bir g\u00fcn o hakiml\u0259ri m\u00fctl\u0259q tutacaq, geci-tezi var\u201d"},"content":{"rendered":"\n<p><em>\u201c\u0130ndi hans\u0131 zamand\u0131r ki, adam\u0131 as\u0131rlar, i\u015fg\u0259nc\u0259 verirl\u0259r? Bunlar\u0131n etdikl\u0259ri insanl\u0131qdan \u00e7\u0131xmaqd\u0131r&#8230;\u201d<\/em><\/p>\n\n\n\n<p>\u201c\u018fg\u0259r m\u0259hk\u0259m\u0259l\u0259r, hakiml\u0259r prokurorun dedikl\u0259rini t\u0259sdiql\u0259m\u0259k \u00fc\u00e7\u00fcnd\u00fcrs\u0259, daha camaata niy\u0259 \u0259ziyy\u0259t verib g\u0259tirib-apar\u0131rlar? Daha niy\u0259 d\u00f6vl\u0259td\u0259n maa\u015f al\u0131b, \u0259lav\u0259 x\u0259rc\u0259 sal\u0131rlar? Aylarla yolda\u015f\u0131m\u0131n m\u0259hk\u0259m\u0259si getdi, ancaq prokurorun dediyini n\u0259z\u0259r\u0259 ald\u0131. V\u0259kilimiz n\u0259 q\u0259d\u0259r m\u0259s\u0259l\u0259l\u0259r qald\u0131rd\u0131 yolda\u015f\u0131m\u0131n bu cinay\u0259ti t\u00f6r\u0259tm\u0259diyini s\u00fcbut el\u0259m\u0259k \u00fc\u00e7\u00fcn, he\u00e7 birini q\u0259bul etm\u0259di. Ax\u0131rda da g\u0259lib 19 il i\u015f oxudu. Daha dem\u0259di ki, 4 k\u00f6rp\u0259 u\u015fa\u011f\u0131n hal\u0131 nec\u0259 olacaq? Onlar\u0131n ah\u0131 bir g\u00fcn o hakiml\u0259ri m\u00fctl\u0259q tutacaq, geci-tezi var&#8230;\u201d, &#8211; G\u00f6yg\u00f6l rayonunun \u00c7ayk\u0259nd k\u0259nd sakini Qaratel \u018fhm\u0259dova Meydan TV-y\u0259 dan\u0131\u015f\u0131r.<\/p>\n\n\n\n<p><strong>\u201cBunlar\u0131n el\u0259diyi insanl\u0131qdan \u00e7\u0131xmaqd\u0131r, \u00f6z balalar\u0131n\u0131n da ba\u015f\u0131na g\u0259lsin\u201d<\/strong><\/p>\n\n\n\n<p>Qaratel \u018fhm\u0259dovan\u0131n h\u0259yat yolda\u015f\u0131, iki il\u0259 yax\u0131nd\u0131r h\u0259bsd\u0259 olan Elnur H\u00fcseynova avqustun 23-d\u0259 h\u00f6km oxunub. O, \u015e\u0259ki A\u011f\u0131r Cinay\u0259tl\u0259r M\u0259hk\u0259m\u0259sinin h\u00f6km\u00fcyl\u0259 19 il azadl\u0131qdan m\u0259hrum edilib.<\/p>\n\n\n\n<p>K\u0259lb\u0259c\u0259r rayon 58 sayl\u0131 orta m\u0259kt\u0259bd\u0259 fizika m\u00fc\u0259llimi i\u015fl\u0259mi\u015f 37 ya\u015fl\u0131 Elnur H\u00fcseynov h\u0259yat yolda\u015f\u0131n\u0131n xalas\u0131n\u0131 q\u0259tl\u0259 yetirm\u0259kd\u0259 ittiham olunur. S\u00f6z\u00fcged\u0259n \u00f6l\u00fcm hadis\u0259si is\u0259 2021-ci il aprelin 14-d\u0259 Yevlax rayonunun A\u015fa\u011f\u0131 Bucaq k\u0259ndind\u0259 c\u00fcc\u0259 sexind\u0259 ba\u015f verib.<\/p>\n\n\n\n<p>Elnur H\u00fcseynov 53 ya\u015fl\u0131 S\u0259id\u0259 H\u00fcseynovan\u0131 h\u0259m sex, h\u0259m d\u0259 ev kimi istifad\u0259 etdiyi m\u0259kanda \u00f6ld\u00fcr\u0259nd\u0259n sonra cinay\u0259tin izini itirm\u0259kd\u0259n \u00f6tr\u00fc ora benzin t\u00f6k\u00fcb yand\u0131rmaqda t\u0259qsirl\u0259ndirilir. Cinay\u0259t i\u015finin materiallar\u0131nda iddia olunur ki, o, hadis\u0259ni tamah m\u0259qs\u0259dil\u0259 &#8211; qohumunun q\u0131z\u0131llar\u0131n\u0131, pulunu \u0259l\u0259 ke\u00e7irm\u0259k \u00fc\u00e7\u00fcn t\u00f6r\u0259dib.<\/p>\n\n\n\n<p>Uzun m\u00fcdd\u0259t h\u00fcquq-m\u00fchafiz\u0259 orqanlar\u0131 hadis\u0259nin texniki s\u0259b\u0259bd\u0259n ba\u015f verdiyi q\u0259na\u0259tin\u0259 g\u0259lib, aylarla istintaq da bu istiqam\u0259td\u0259 gedib. Cinay\u0259t M\u0259c\u0259ll\u0259sinin 314-c\u00fc (s\u0259hl\u0259nkarl\u0131q) madd\u0259sil\u0259 cinay\u0259t i\u015fi ba\u015flan\u0131b, dindirm\u0259l\u0259r apar\u0131l\u0131b.<\/p>\n\n\n\n<p>2021-ci ilin noyabr\u0131nda Elnur H\u00fcseynovu \u00c7ayk\u0259ndd\u0259 mal-qara o\u011furlu\u011funa g\u00f6r\u0259 tutublar. Qaratel \u018fhm\u0259dova deyir ki, onun xalas\u0131n\u0131n \u00f6l\u00fcm\u00fcnd\u0259 h\u0259yat yolda\u015f\u0131n\u0131n t\u0259qsirl\u0259ndirilm\u0259si \u00fc\u00e7\u00fcn sanki f\u00fcrs\u0259t yaran\u0131b. O, ba\u015f ver\u0259nl\u0259r\u0259 g\u00f6r\u0259 h\u0259m d\u0259 \u00f6z anas\u0131n\u0131 q\u0131nay\u0131r:<\/p>\n\n\n\n<p>\u201cElnurun o\u011furluqda ittiham olunmas\u0131 \u0259ll\u0259rin\u0259 b\u0259han\u0259 verdi, h\u0259r yer\u0259 yazd\u0131lar ki, bu i\u015fi d\u0259 o edib. O\u011furluq m\u0259s\u0259l\u0259sind\u0259 Elnuru m\u0259hk\u0259m\u0259 bu t\u0259r\u0259fd\u0259n 200 manat c\u0259rim\u0259 il\u0259 burax\u0131b, \u00e7\u0131xanda o biri t\u0259r\u0259fd\u0259n yen\u0259 tutublar, apar\u0131b i\u015fg\u0259nc\u0259 veribl\u0259r. T\u0259s\u0259vv\u00fcr edin, adam\u0131 G\u0259nc\u0259 t\u00fcrm\u0259sind\u0259n bu \u00f6l\u00fcm i\u015fin\u0259 g\u00f6r\u0259 dindirm\u0259k \u00fc\u00e7\u00fcn Yevlaxa apar\u0131blar. \u0130ndi hans\u0131 zamand\u0131r ki, adam\u0131 as\u0131rlar, i\u015fg\u0259nc\u0259 verirl\u0259r? Onun \u00fcst\u00fcnd\u0259ki x\u0259sar\u0259tl\u0259rin ham\u0131s\u0131n\u0131 v\u0259kil d\u0259 \u00f6z \u015fikay\u0259tind\u0259 yaz\u0131b g\u00f6nd\u0259rib. Elnur G\u0259nc\u0259 t\u00fcrm\u0259sin\u0259 qaytar\u0131landa x\u0259sar\u0259tl\u0259r qeyd\u0259 al\u0131n\u0131b. El\u0259 i\u015fg\u0259nc\u0259l\u0259r veribl\u0259r, el\u0259 s\u00f6y\u00fc\u015fl\u0259r s\u00f6y\u00fcbl\u0259r, deyil\u0259si deyil. Adama dey\u0259rl\u0259r ki, \u0259g\u0259r bu cinay\u0259ti t\u00f6r\u0259dibs\u0259, s\u00fcbutlar olmal\u0131d\u0131r, ortaya qoyun, niy\u0259 i\u015fg\u0259nc\u0259 verirsiz? Dem\u0259li, t\u00f6r\u0259tm\u0259diyi cinay\u0259ti adam\u0131n boynuna qoyursunuz. Bunlar\u0131n el\u0259diyi insanl\u0131qdan \u00e7\u0131xmaqd\u0131r, \u00f6z balalar\u0131n\u0131n da ba\u015f\u0131na g\u0259lsin&#8230;\u201d<\/p>\n\n\n\n<p><strong>\u201cN\u0259inki hakim, \u00fcmumiyy\u0259tl\u0259, qanacaql\u0131 adamlar bu s\u00f6z\u00fc i\u015fl\u0259tmir\u201d<\/strong><\/p>\n\n\n\n<p>Qaratel \u018fhm\u0259dovan\u0131n s\u00f6zl\u0259rin\u0259 g\u00f6r\u0259, 4 azya\u015fl\u0131 \u00f6vlad\u0131 var, \u0259n ki\u00e7iyinin he\u00e7 3 ya\u015f\u0131 tamam olmay\u0131b. Onlar\u0131 doland\u0131rmaqda \u00e7\u0259tinlik \u00e7\u0259kdiyini dey\u0259n \u00c7ayk\u0259nd sakininin s\u00f6zl\u0259rin\u0259 g\u00f6r\u0259, onu a\u011fr\u0131dan \u0259sas m\u0259qam h\u0259yat yolda\u015f\u0131n\u0131n t\u00f6r\u0259tm\u0259diyi cinay\u0259t\u0259 g\u00f6r\u0259 c\u0259za \u00e7\u0259km\u0259sidir. O vur\u011fulay\u0131r ki, \u0259g\u0259r Elnur H\u00fcseynovun h\u0259qiq\u0259t\u0259n bu cinay\u0259ti t\u00f6r\u0259tdiyini bils\u0259ydi, he\u00e7 bir halda, m\u0259suliyy\u0259td\u0259n k\u0259narda qalmas\u0131na raz\u0131la\u015fmazd\u0131. \u00c7\u00fcnki s\u00f6hb\u0259t xalas\u0131ndan gedir.<\/p>\n\n\n\n<p>Qaratel \u018fhm\u0259dova deyir ki, xalas\u0131 \u00f6l\u0259n vaxt h\u0259yat yolda\u015f\u0131 evd\u0259 olub. Bunu, h\u0259tta k\u0259nar adamlar da t\u0259sdiql\u0259yir:<\/p>\n\n\n\n<p>\u201cM\u0259n\u0259 z\u0259ng el\u0259yib x\u0259b\u0259r verdil\u0259r ki, xalam c\u00fcc\u0259 sexind\u0259 yan\u0131b \u00f6l\u00fcb. H\u0259min vaxt yolda\u015f\u0131m evd\u0259 idi. Telefonda bu x\u0259b\u0259ri e\u015fidib a\u011flayanda yolda\u015f\u0131m bu t\u0259r\u0259fd\u0259n soru\u015fdu ki, \u201cn\u0259 olub?\u201d Onun s\u0259sini m\u0259n\u0259 x\u0259b\u0259ri ver\u0259n qarda\u015f\u0131m arvad\u0131 da telefonda e\u015fitmi\u015fdi. \u00d6z\u00fc d\u0259 ifad\u0259sind\u0259 bunu t\u0259sdiql\u0259yib ki, h\u0259min vaxt Elnur evd\u0259 idi. \u00c7ayk\u0259ndl\u0259 Yevlax\u0131n aras\u0131 az qala, 200 kilometrdir. Bu nec\u0259 ola bil\u0259r ki, orada hadis\u0259 ola-ola yolda\u015f\u0131m evd\u0259 olsun?\u201d<\/p>\n\n\n\n<p>Onun s\u00f6zl\u0259rin\u0259 g\u00f6r\u0259, telefon anten m\u0259lumatlar\u0131 da Elnur H\u00fcseynovun h\u0259min vaxt \u00c7ayk\u0259nd \u0259razisind\u0259 oldu\u011funu s\u00fcbut edir.<\/p>\n\n\n\n<p>Amma m\u0259hk\u0259m\u0259 bu s\u00fcbutlar\u0131 q\u0259bul etm\u0259yib. Hakim onun evd\u0259 olmas\u0131 haqda h\u0259yat yolda\u015f\u0131n\u0131n, el\u0259c\u0259 d\u0259 M\u0259din\u0259 \u018fhm\u0259dovan\u0131n dedikl\u0259rini n\u0259z\u0259r\u0259 almay\u0131b.<\/p>\n\n\n\n<p>Qaratel \u018fhm\u0259dova m\u0259hk\u0259m\u0259 prosesin\u0259 s\u0259drlik ed\u0259n hakim R\u0259fail \u018fliyevin davran\u0131\u015f\u0131ndan da naraz\u0131l\u0131\u011f\u0131n\u0131 dil\u0259 g\u0259tirir:<\/p>\n\n\n\n<p>\u201c\u00dcmumiyy\u0259tl\u0259, ona hakimlikd\u0259n \u0259vv\u0259l nec\u0259 davranma\u011f\u0131 \u00f6yr\u0259tm\u0259k laz\u0131md\u0131r. M\u0259hk\u0259m\u0259 sah\u0259sin\u0259 n\u0259zar\u0259t ed\u0259nl\u0259r gedib kameralar\u0131 a\u00e7s\u0131nlar, baxs\u0131nlar ki, o c\u00fcr \u201chakiml\u0259r\u201d v\u0259t\u0259nda\u015flar\u0131 d\u00f6vl\u0259td\u0259n nec\u0259 naraz\u0131 sal\u0131r. Verdikl\u0259ri q\u0259rarlar bir yana qals\u0131n, h\u0259l\u0259 davran\u0131\u015flar\u0131yla. Hakim m\u0259hk\u0259m\u0259d\u0259 \u201cyax\u015f\u0131 el\u0259yir\u0259m&#8230;\u201d s\u00f6z\u00fcn\u00fc dey\u0259r? \u00dcmumiyy\u0259tl\u0259, qanacaql\u0131 adamlar bu s\u00f6z\u00fc i\u015fl\u0259tmirl\u0259r. H\u0259l\u0259 ki, onlar\u0131n \u0259lind\u0259 s\u0259lahiyy\u0259t var, bizim kimil\u0259ri \u0259zirl\u0259r, bizim d\u0259 g\u00fcc\u00fcm\u00fcz Allaha dua el\u0259m\u0259y\u0259 \u00e7at\u0131r. Onlar\u0131n da vaxt\u0131 g\u0259l\u0259c\u0259k&#8230;\u201d<\/p>\n\n\n\n<figure class=\"wp-block-image size-full\"><img decoding=\"async\" width=\"828\" height=\"777\" data-src=\"https:\/\/www.meydan.tv\/wp-content\/uploads\/photo-2023-08-31-17-05-40.jpg\" alt=\"\" class=\"wp-image-283670 lazyload\" src=\"data:image\/svg+xml;base64,PHN2ZyB3aWR0aD0iMSIgaGVpZ2h0PSIxIiB4bWxucz0iaHR0cDovL3d3dy53My5vcmcvMjAwMC9zdmciPjwvc3ZnPg==\" style=\"--smush-placeholder-width: 828px; --smush-placeholder-aspect-ratio: 828\/777;\" \/><\/figure>\n\n\n\n<p><em>V\u0259kil Zabil Q\u0259hr\u0259manov, foto: Meydan Tv<\/em><\/p>\n\n\n\n<p><strong>\u201cEkspert deyir ki, x\u0259sar\u0259t a\u015fkarlamam\u0131\u015f\u0131q, ittiham veribl\u0259r ki&#8230;\u201d<\/strong><\/p>\n\n\n\n<p>Elnur H\u00fcseynovun v\u0259kili Zabil Q\u0259hr\u0259manov da \u015e\u0259ki A\u011f\u0131r Cinay\u0259tl\u0259r M\u0259hk\u0259m\u0259sind\u0259ki ara\u015fd\u0131rmalardan naraz\u0131 qal\u0131b. V\u0259kil Meydan TV-y\u0259 bildirib ki, h\u00f6kmd\u0259n apelyasiya \u015fikay\u0259ti ver\u0259c\u0259k. Onun s\u00f6zl\u0259rin\u0259 g\u00f6r\u0259, Elnur H\u00fcseynovun m\u00fcdafi\u0259sil\u0259 ba\u011fl\u0131 qald\u0131rd\u0131\u011f\u0131 m\u00fch\u00fcm v\u0259sat\u0259tl\u0259ri m\u0259hk\u0259m\u0259 t\u0259min etm\u0259yib. M\u00fcdafi\u0259\u00e7i hesab edir ki, Elnur H\u00fcseynov s\u00f6z\u00fcged\u0259n q\u0259tl hadis\u0259sini t\u00f6r\u0259tm\u0259yib v\u0259 bunu t\u0259sdiql\u0259y\u0259n yet\u0259rinc\u0259 s\u00fcbutlar var:<\/p>\n\n\n\n<p>\u201cM\u0259hk\u0259m\u0259d\u0259 ekspertl\u0259r dindiril\u0259nd\u0259 xeyli m\u0259s\u0259l\u0259l\u0259rin \u00fcst\u00fc a\u00e7\u0131ld\u0131. M\u0259lum oldu ki, sexd\u0259 soban\u0131n farsunkas\u0131 olmay\u0131b. Ekspert dedi ki, soba par\u00e7a-par\u00e7a olmu\u015fdu. Adi yan\u011f\u0131n idis\u0259, y\u0259ni Elnur benzin t\u00f6k\u00fcb yand\u0131rm\u0131\u015fd\u0131sa, niy\u0259 soba par\u00e7a-par\u00e7a olmal\u0131yd\u0131?\u201d<\/p>\n\n\n\n<p>Elnur H\u00fcseynova qar\u015f\u0131 ittihamda onun S\u0259id\u0259 H\u00fcseynovaya b\u0131\u00e7aqla 4-5 d\u0259f\u0259 z\u0259rb\u0259 vurdu\u011fu yaz\u0131l\u0131b. Amma m\u0259hk\u0259m\u0259d\u0259 dindiril\u0259n ekspert Vahid X\u0131d\u0131rov deyib ki, onlar meyiti m\u00fcayin\u0259 ed\u0259nd\u0259 x\u0259sar\u0259t m\u00fc\u0259yy\u0259nl\u0259\u015fdir\u0259 bilm\u0259yibl\u0259r. \u00d6l\u00fcm\u00fcn s\u0259b\u0259bi kimi is\u0259 yan\u011f\u0131n g\u00f6st\u0259rilib.<\/p>\n\n\n\n<p>\u201cEkspert onu da bildirdi ki, damarlar dolu qanl\u0131 idi. \u018fg\u0259r bu adama 4-5 b\u0131\u00e7aq z\u0259rb\u0259si vurulubsa, damarlar dolu qanl\u0131 ola bilm\u0259zdi, qan axmal\u0131yd\u0131. \u018fn \u0259sas\u0131, ekspertiza x\u0259sar\u0259tl\u0259ri m\u00fc\u0259yy\u0259nl\u0259\u015fdirm\u0259diyi halda, hans\u0131 \u0259sasla x\u0259sar\u0259t yetirilm\u0259si haqda ittiham verilir? M\u0259hk\u0259m\u0259 d\u0259 o ittiham\u0131 t\u0259sdiql\u0259di&#8230;\u201d, &#8211; Zabil Q\u0259hr\u0259manov \u0259lav\u0259 edib.<\/p>\n\n\n\n<p><strong>Bu hakiml\u0259r ba\u015fqa bir \u00f6l\u00fcm i\u015find\u0259 d\u0259 b\u0259nz\u0259r h\u00f6km \u00e7\u0131xar\u0131b<\/strong><\/p>\n\n\n\n<p>M\u00fcdafi\u0259\u00e7i deyir ki, bu i\u015f \u00fczr\u0259 h\u00f6km \u00e7\u0131xaran \u00fc\u00e7 hakimd\u0259n ikisi ba\u015fqa bir \u00f6l\u00fcm i\u015find\u0259 d\u0259 \u0259sass\u0131z h\u00f6km \u00e7\u0131xar\u0131b, \u015f\u0259xsi 11 il h\u0259bs c\u0259zas\u0131na m\u0259hkum edib. H\u0259min h\u00f6km Ali M\u0259hk\u0259m\u0259y\u0259 gedib \u00e7\u0131xandan sonra o instansiyadan geri qaytar\u0131l\u0131b ki, yenid\u0259n ara\u015fd\u0131r\u0131ls\u0131n. S\u00f6hb\u0259t Polad \u0130smay\u0131lovun i\u015find\u0259n gedir. H\u0259min i\u015f haz\u0131rda \u015e\u0259ki Apelyasiya M\u0259hk\u0259m\u0259sinin icraat\u0131ndad\u0131r.<\/p>\n\n\n\n<p>Elnur H\u00fcseynov m\u0259hk\u0259m\u0259d\u0259 i\u015fg\u0259nc\u0259l\u0259rd\u0259n \u015fikay\u0259tl\u0259n\u0259rk\u0259n o d\u00f6vrd\u0259 Yexlax rayon Polis \u015e\u00f6b\u0259sinin \u0259m\u0259liyyat i\u015fl\u0259ri \u00fczr\u0259 r\u0259is m\u00fcavini olmu\u015f \u015eahlar C\u0259f\u0259rovun ad\u0131n\u0131 \u00e7\u0259kib. O bildirib ki, polis \u015f\u00f6b\u0259sind\u0259 ona qar\u015f\u0131 a\u011flas\u0131\u011fmaz i\u015fg\u0259nc\u0259l\u0259r\u0259 \u015eahlar C\u0259f\u0259rov r\u0259hb\u0259rlik edirdi.<\/p>\n\n\n\n<p>Yevlaxdan \u0259vv\u0259l iki il\u0259 yax\u0131n Tovuzda eyni v\u0259zif\u0259d\u0259 \u00e7al\u0131\u015fan \u015eahlar C\u0259f\u0259rovun ad\u0131 bu rayonun Dondar Qu\u015f\u00e7u k\u0259ndind\u0259 10 ya\u015fl\u0131 N\u0259rmin Quliyevan\u0131 o\u011furlay\u0131b \u00f6ld\u00fcrm\u0259kd\u0259 ittiham olunan \u0130lkin S\u00fcleymanovun m\u0259hk\u0259m\u0259sind\u0259 d\u0259 hallan\u0131rd\u0131. \u0130lkin S\u00fcleymanov da bildirirdi ki, azya\u015fl\u0131n\u0131n o\u011furlan\u0131b \u00f6ld\u00fcr\u00fclm\u0259si cinay\u0259tini \u00fcz\u0259rin\u0259 g\u00f6t\u00fcrm\u0259si \u00fc\u00e7\u00fcn polis \u015f\u00f6b\u0259sind\u0259 ona \u015eahlar C\u0259f\u0259rovun r\u0259hb\u0259rliyi alt\u0131nda i\u015fg\u0259nc\u0259 verilib.<\/p>\n\n\n\n<p>\u015eahlar C\u0259f\u0259rov Tovuzdan \u00f6nc\u0259 is\u0259 uzun m\u00fcdd\u0259t Daxili \u0130\u015fl\u0259r Nazirliyinin Ba\u015f M\u00fct\u0259\u015f\u0259kkil Cinay\u0259tkarl\u0131qla M\u00fcbariz\u0259 \u0130dar\u0259sind\u0259 \u00e7al\u0131\u015f\u0131b. Onun ad\u0131 2015-ci ilin noyabr\u0131nda Nardaranda ilahiyyat\u00e7\u0131 Taleh Ba\u011f\u0131rzad\u0259 v\u0259 dig\u0259rl\u0259rin h\u0259bsi zaman\u0131 onlara, el\u0259c\u0259 d\u0259 bir s\u0131ra ictimai-siyasi f\u0259allara veril\u0259n i\u015fg\u0259nc\u0259l\u0259rd\u0259 hallan\u0131b.<\/p>\n\n\n\n<p>Nardaran hadis\u0259l\u0259ril\u0259 ba\u011fl\u0131 m\u0259hk\u0259m\u0259d\u0259 dindiril\u0259rk\u0259n \u015eahlar C\u0259f\u0259rov \u201cbandotdel\u201dd\u0259 adamlara i\u015fg\u0259nc\u0259 verm\u0259si bar\u0259d\u0259 iddialar\u0131 t\u0259kzib etmi\u015fdi.<\/p>\n\n\n\n<p><strong>Prokurorluq: \u201c\u0130\u015fg\u0259nc\u0259 t\u0259sdiql\u0259nm\u0259yib\u201d<\/strong><\/p>\n\n\n\n<p>Elnur H\u00fcseynovun i\u015fg\u0259nc\u0259y\u0259 m\u0259ruz qalmas\u0131yla ba\u011fl\u0131 \u015fikay\u0259tin\u0259 prokurorluq r\u0259dd cavab\u0131 ver\u0259r\u0259k, cinay\u0259t i\u015fi ba\u015flamaqdan imtina edib. H\u0259r\u00e7\u0259nd, \u015fikay\u0259t\u0259 ekspertiza r\u0259yi, istintaq t\u0259cridxanas\u0131na daxil olark\u0259n \u00fcz\u0259rind\u0259 qeyd\u0259 al\u0131nan x\u0259sar\u0259tl\u0259r\u0259 dair s\u0259n\u0259d d\u0259 \u0259lav\u0259 olunub. Amma prokurorluq bel\u0259 n\u0259tic\u0259y\u0259 g\u0259lib ki, onun polis idar\u0259sind\u0259 i\u015fg\u0259nc\u0259y\u0259 m\u0259ruz qalmas\u0131 haqda dedikl\u0259ri t\u0259sdiqini tapmay\u0131b.<\/p>\n","protected":false},"excerpt":{"rendered":"<p>\u201c\u0130ndi hans\u0131 zamand\u0131r ki, adam\u0131 as\u0131rlar, i\u015fg\u0259nc\u0259 verirl\u0259r? Bunlar\u0131n etdikl\u0259ri &#8230; <\/p>\n<p class=\"read-more-container\"><a title=\"G\u00f6yg\u00f6l sakini: \u201cU\u015faqlar\u0131m\u0131n ah\u0131 bir g\u00fcn o hakiml\u0259ri m\u00fctl\u0259q tutacaq, geci-tezi var\u201d\" class=\"read-more button\" href=\"https:\/\/www.meydan.tv\/az\/article\/goygol-sakini-usaqlarimin-ahi-bir-gun-o-hakimleri-mutleq-tutacaq-geci-tezi-var\/#more-283666\" aria-label=\"Read more about G\u00f6yg\u00f6l sakini: \u201cU\u015faqlar\u0131m\u0131n ah\u0131 bir g\u00fcn o hakiml\u0259ri m\u00fctl\u0259q tutacaq, geci-tezi var\u201d\">Davam\u0131<\/a><\/p>\n","protected":false},"author":12,"featured_media":283667,"comment_status":"closed","ping_status":"closed","sticky":false,"template":"","format":"standard","meta":{"_acf_changed":false,"_sitemap_exclude":false,"_sitemap_priority":"","_sitemap_frequency":"","footnotes":""},"categories":[60,62,56],"tags":[],"class_list":["post-283666","post","type-post","status-publish","format-standard","has-post-thumbnail","hentry","category-bolge","category-sosial","category-xeberler","infinite-scroll-item","generate-columns","tablet-grid-50","mobile-grid-100","grid-parent","grid-33","no-featured-image-padding"],"acf":[],"yoast_head":"<!-- This site is optimized with the Yoast SEO plugin v27.4 - https:\/\/yoast.com\/product\/yoast-seo-wordpress\/ -->\n<title>G\u00f6yg\u00f6l sakini: \u201cU\u015faqlar\u0131m\u0131n ah\u0131 bir g\u00fcn o hakiml\u0259ri m\u00fctl\u0259q tutacaq, geci-tezi var\u201d - MEYDAN.TV<\/title>\n<meta name=\"robots\" content=\"index, follow, max-snippet:-1, max-image-preview:large, max-video-preview:-1\" \/>\n<link rel=\"canonical\" href=\"https:\/\/www.meydan.tv\/az\/article\/goygol-sakini-usaqlarimin-ahi-bir-gun-o-hakimleri-mutleq-tutacaq-geci-tezi-var\/\" \/>\n<meta property=\"og:locale\" content=\"az_AZ\" \/>\n<meta property=\"og:type\" content=\"article\" \/>\n<meta property=\"og:title\" content=\"G\u00f6yg\u00f6l sakini: \u201cU\u015faqlar\u0131m\u0131n ah\u0131 bir g\u00fcn o hakiml\u0259ri m\u00fctl\u0259q tutacaq, geci-tezi var\u201d - MEYDAN.TV\" \/>\n<meta property=\"og:description\" content=\"\u201c\u0130ndi hans\u0131 zamand\u0131r ki, adam\u0131 as\u0131rlar, i\u015fg\u0259nc\u0259 verirl\u0259r? Bunlar\u0131n etdikl\u0259ri ... Davam\u0131\" \/>\n<meta property=\"og:url\" content=\"https:\/\/www.meydan.tv\/az\/article\/goygol-sakini-usaqlarimin-ahi-bir-gun-o-hakimleri-mutleq-tutacaq-geci-tezi-var\/\" \/>\n<meta property=\"og:site_name\" content=\"MEYDAN.TV\" \/>\n<meta property=\"article:published_time\" content=\"2023-08-31T13:15:13+00:00\" \/>\n<meta property=\"article:modified_time\" content=\"2023-08-31T14:15:30+00:00\" \/>\n<meta property=\"og:image\" content=\"https:\/\/www.meydan.tv\/wp-content\/uploads\/photo-2023-08-31-17-05-33.jpg\" \/>\n\t<meta property=\"og:image:width\" content=\"803\" \/>\n\t<meta property=\"og:image:height\" content=\"373\" \/>\n\t<meta property=\"og:image:type\" content=\"image\/jpeg\" \/>\n<meta name=\"author\" content=\"aleks\" \/>\n<meta name=\"twitter:card\" content=\"summary_large_image\" \/>\n<script type=\"application\/ld+json\" class=\"yoast-schema-graph\">{\"@context\":\"https:\\\/\\\/schema.org\",\"@graph\":[{\"@type\":\"Article\",\"@id\":\"https:\\\/\\\/www.meydan.tv\\\/az\\\/article\\\/goygol-sakini-usaqlarimin-ahi-bir-gun-o-hakimleri-mutleq-tutacaq-geci-tezi-var\\\/#article\",\"isPartOf\":{\"@id\":\"https:\\\/\\\/www.meydan.tv\\\/az\\\/article\\\/goygol-sakini-usaqlarimin-ahi-bir-gun-o-hakimleri-mutleq-tutacaq-geci-tezi-var\\\/\"},\"author\":{\"name\":\"aleks\",\"@id\":\"https:\\\/\\\/www.meydan.tv\\\/az\\\/#\\\/schema\\\/person\\\/476e9360e593fa131d5d71d51866f8da\"},\"headline\":\"G\u00f6yg\u00f6l sakini: \u201cU\u015faqlar\u0131m\u0131n ah\u0131 bir g\u00fcn o hakiml\u0259ri m\u00fctl\u0259q tutacaq, geci-tezi var\u201d\",\"datePublished\":\"2023-08-31T13:15:13+00:00\",\"dateModified\":\"2023-08-31T14:15:30+00:00\",\"mainEntityOfPage\":{\"@id\":\"https:\\\/\\\/www.meydan.tv\\\/az\\\/article\\\/goygol-sakini-usaqlarimin-ahi-bir-gun-o-hakimleri-mutleq-tutacaq-geci-tezi-var\\\/\"},\"wordCount\":1930,\"publisher\":{\"@id\":\"https:\\\/\\\/www.meydan.tv\\\/az\\\/#organization\"},\"image\":{\"@id\":\"https:\\\/\\\/www.meydan.tv\\\/az\\\/article\\\/goygol-sakini-usaqlarimin-ahi-bir-gun-o-hakimleri-mutleq-tutacaq-geci-tezi-var\\\/#primaryimage\"},\"thumbnailUrl\":\"https:\\\/\\\/www.meydan.tv\\\/wp-content\\\/uploads\\\/photo-2023-08-31-17-05-33.jpg\",\"articleSection\":[\"B\u00f6lg\u0259\",\"Sosial\",\"X\u0259b\u0259rl\u0259r\"],\"inLanguage\":\"az\"},{\"@type\":\"WebPage\",\"@id\":\"https:\\\/\\\/www.meydan.tv\\\/az\\\/article\\\/goygol-sakini-usaqlarimin-ahi-bir-gun-o-hakimleri-mutleq-tutacaq-geci-tezi-var\\\/\",\"url\":\"https:\\\/\\\/www.meydan.tv\\\/az\\\/article\\\/goygol-sakini-usaqlarimin-ahi-bir-gun-o-hakimleri-mutleq-tutacaq-geci-tezi-var\\\/\",\"name\":\"G\u00f6yg\u00f6l sakini: \u201cU\u015faqlar\u0131m\u0131n ah\u0131 bir g\u00fcn o hakiml\u0259ri m\u00fctl\u0259q tutacaq, geci-tezi var\u201d - MEYDAN.TV\",\"isPartOf\":{\"@id\":\"https:\\\/\\\/www.meydan.tv\\\/az\\\/#website\"},\"primaryImageOfPage\":{\"@id\":\"https:\\\/\\\/www.meydan.tv\\\/az\\\/article\\\/goygol-sakini-usaqlarimin-ahi-bir-gun-o-hakimleri-mutleq-tutacaq-geci-tezi-var\\\/#primaryimage\"},\"image\":{\"@id\":\"https:\\\/\\\/www.meydan.tv\\\/az\\\/article\\\/goygol-sakini-usaqlarimin-ahi-bir-gun-o-hakimleri-mutleq-tutacaq-geci-tezi-var\\\/#primaryimage\"},\"thumbnailUrl\":\"https:\\\/\\\/www.meydan.tv\\\/wp-content\\\/uploads\\\/photo-2023-08-31-17-05-33.jpg\",\"datePublished\":\"2023-08-31T13:15:13+00:00\",\"dateModified\":\"2023-08-31T14:15:30+00:00\",\"breadcrumb\":{\"@id\":\"https:\\\/\\\/www.meydan.tv\\\/az\\\/article\\\/goygol-sakini-usaqlarimin-ahi-bir-gun-o-hakimleri-mutleq-tutacaq-geci-tezi-var\\\/#breadcrumb\"},\"inLanguage\":\"az\",\"potentialAction\":[{\"@type\":\"ReadAction\",\"target\":[\"https:\\\/\\\/www.meydan.tv\\\/az\\\/article\\\/goygol-sakini-usaqlarimin-ahi-bir-gun-o-hakimleri-mutleq-tutacaq-geci-tezi-var\\\/\"]}]},{\"@type\":\"ImageObject\",\"inLanguage\":\"az\",\"@id\":\"https:\\\/\\\/www.meydan.tv\\\/az\\\/article\\\/goygol-sakini-usaqlarimin-ahi-bir-gun-o-hakimleri-mutleq-tutacaq-geci-tezi-var\\\/#primaryimage\",\"url\":\"https:\\\/\\\/www.meydan.tv\\\/wp-content\\\/uploads\\\/photo-2023-08-31-17-05-33.jpg\",\"contentUrl\":\"https:\\\/\\\/www.meydan.tv\\\/wp-content\\\/uploads\\\/photo-2023-08-31-17-05-33.jpg\",\"width\":803,\"height\":373,\"caption\":\"Qaratel \u018fhm\u0259dova, foto: Meydan Tv\"},{\"@type\":\"BreadcrumbList\",\"@id\":\"https:\\\/\\\/www.meydan.tv\\\/az\\\/article\\\/goygol-sakini-usaqlarimin-ahi-bir-gun-o-hakimleri-mutleq-tutacaq-geci-tezi-var\\\/#breadcrumb\",\"itemListElement\":[{\"@type\":\"ListItem\",\"position\":1,\"name\":\"Ana s\u0259hif\u0259\",\"item\":\"https:\\\/\\\/www.meydan.tv\\\/az\\\/\"},{\"@type\":\"ListItem\",\"position\":2,\"name\":\"Sosial\",\"item\":\"https:\\\/\\\/www.meydan.tv\\\/az\\\/section\\\/sosial\\\/\"},{\"@type\":\"ListItem\",\"position\":3,\"name\":\"G\u00f6yg\u00f6l sakini: \u201cU\u015faqlar\u0131m\u0131n ah\u0131 bir g\u00fcn o hakiml\u0259ri m\u00fctl\u0259q tutacaq, geci-tezi var\u201d\"}]},{\"@type\":\"WebSite\",\"@id\":\"https:\\\/\\\/www.meydan.tv\\\/az\\\/#website\",\"url\":\"https:\\\/\\\/www.meydan.tv\\\/az\\\/\",\"name\":\"MEYDAN.TV\",\"description\":\"Meydan TV Az\u0259rbaycan\u0131n media m\u0259kan\u0131ndak\u0131 alternativ s\u0259sidir\",\"publisher\":{\"@id\":\"https:\\\/\\\/www.meydan.tv\\\/az\\\/#organization\"},\"potentialAction\":[{\"@type\":\"SearchAction\",\"target\":{\"@type\":\"EntryPoint\",\"urlTemplate\":\"https:\\\/\\\/www.meydan.tv\\\/az\\\/?s={search_term_string}\"},\"query-input\":{\"@type\":\"PropertyValueSpecification\",\"valueRequired\":true,\"valueName\":\"search_term_string\"}}],\"inLanguage\":\"az\"},{\"@type\":\"Organization\",\"@id\":\"https:\\\/\\\/www.meydan.tv\\\/az\\\/#organization\",\"name\":\"Meydan TV\",\"url\":\"https:\\\/\\\/www.meydan.tv\\\/az\\\/\",\"logo\":{\"@type\":\"ImageObject\",\"inLanguage\":\"az\",\"@id\":\"https:\\\/\\\/www.meydan.tv\\\/az\\\/#\\\/schema\\\/logo\\\/image\\\/\",\"url\":\"https:\\\/\\\/www.meydan.tv\\\/wp-content\\\/uploads\\\/2021\\\/07\\\/meydan-logo.svg\",\"contentUrl\":\"https:\\\/\\\/www.meydan.tv\\\/wp-content\\\/uploads\\\/2021\\\/07\\\/meydan-logo.svg\",\"width\":195,\"height\":46,\"caption\":\"Meydan TV\"},\"image\":{\"@id\":\"https:\\\/\\\/www.meydan.tv\\\/az\\\/#\\\/schema\\\/logo\\\/image\\\/\"}},{\"@type\":\"Person\",\"@id\":\"https:\\\/\\\/www.meydan.tv\\\/az\\\/#\\\/schema\\\/person\\\/476e9360e593fa131d5d71d51866f8da\",\"name\":\"aleks\"}]}<\/script>\n<!-- \/ Yoast SEO plugin. -->","yoast_head_json":{"title":"G\u00f6yg\u00f6l sakini: \u201cU\u015faqlar\u0131m\u0131n ah\u0131 bir g\u00fcn o hakiml\u0259ri m\u00fctl\u0259q tutacaq, geci-tezi var\u201d - MEYDAN.TV","robots":{"index":"index","follow":"follow","max-snippet":"max-snippet:-1","max-image-preview":"max-image-preview:large","max-video-preview":"max-video-preview:-1"},"canonical":"https:\/\/www.meydan.tv\/az\/article\/goygol-sakini-usaqlarimin-ahi-bir-gun-o-hakimleri-mutleq-tutacaq-geci-tezi-var\/","og_locale":"az_AZ","og_type":"article","og_title":"G\u00f6yg\u00f6l sakini: \u201cU\u015faqlar\u0131m\u0131n ah\u0131 bir g\u00fcn o hakiml\u0259ri m\u00fctl\u0259q tutacaq, geci-tezi var\u201d - MEYDAN.TV","og_description":"\u201c\u0130ndi hans\u0131 zamand\u0131r ki, adam\u0131 as\u0131rlar, i\u015fg\u0259nc\u0259 verirl\u0259r? Bunlar\u0131n etdikl\u0259ri ... Davam\u0131","og_url":"https:\/\/www.meydan.tv\/az\/article\/goygol-sakini-usaqlarimin-ahi-bir-gun-o-hakimleri-mutleq-tutacaq-geci-tezi-var\/","og_site_name":"MEYDAN.TV","article_published_time":"2023-08-31T13:15:13+00:00","article_modified_time":"2023-08-31T14:15:30+00:00","og_image":[{"width":803,"height":373,"url":"https:\/\/www.meydan.tv\/wp-content\/uploads\/photo-2023-08-31-17-05-33.jpg","type":"image\/jpeg"}],"author":"aleks","twitter_card":"summary_large_image","schema":{"@context":"https:\/\/schema.org","@graph":[{"@type":"Article","@id":"https:\/\/www.meydan.tv\/az\/article\/goygol-sakini-usaqlarimin-ahi-bir-gun-o-hakimleri-mutleq-tutacaq-geci-tezi-var\/#article","isPartOf":{"@id":"https:\/\/www.meydan.tv\/az\/article\/goygol-sakini-usaqlarimin-ahi-bir-gun-o-hakimleri-mutleq-tutacaq-geci-tezi-var\/"},"author":{"name":"aleks","@id":"https:\/\/www.meydan.tv\/az\/#\/schema\/person\/476e9360e593fa131d5d71d51866f8da"},"headline":"G\u00f6yg\u00f6l sakini: \u201cU\u015faqlar\u0131m\u0131n ah\u0131 bir g\u00fcn o hakiml\u0259ri m\u00fctl\u0259q tutacaq, geci-tezi var\u201d","datePublished":"2023-08-31T13:15:13+00:00","dateModified":"2023-08-31T14:15:30+00:00","mainEntityOfPage":{"@id":"https:\/\/www.meydan.tv\/az\/article\/goygol-sakini-usaqlarimin-ahi-bir-gun-o-hakimleri-mutleq-tutacaq-geci-tezi-var\/"},"wordCount":1930,"publisher":{"@id":"https:\/\/www.meydan.tv\/az\/#organization"},"image":{"@id":"https:\/\/www.meydan.tv\/az\/article\/goygol-sakini-usaqlarimin-ahi-bir-gun-o-hakimleri-mutleq-tutacaq-geci-tezi-var\/#primaryimage"},"thumbnailUrl":"https:\/\/www.meydan.tv\/wp-content\/uploads\/photo-2023-08-31-17-05-33.jpg","articleSection":["B\u00f6lg\u0259","Sosial","X\u0259b\u0259rl\u0259r"],"inLanguage":"az"},{"@type":"WebPage","@id":"https:\/\/www.meydan.tv\/az\/article\/goygol-sakini-usaqlarimin-ahi-bir-gun-o-hakimleri-mutleq-tutacaq-geci-tezi-var\/","url":"https:\/\/www.meydan.tv\/az\/article\/goygol-sakini-usaqlarimin-ahi-bir-gun-o-hakimleri-mutleq-tutacaq-geci-tezi-var\/","name":"G\u00f6yg\u00f6l sakini: \u201cU\u015faqlar\u0131m\u0131n ah\u0131 bir g\u00fcn o hakiml\u0259ri m\u00fctl\u0259q tutacaq, geci-tezi var\u201d - MEYDAN.TV","isPartOf":{"@id":"https:\/\/www.meydan.tv\/az\/#website"},"primaryImageOfPage":{"@id":"https:\/\/www.meydan.tv\/az\/article\/goygol-sakini-usaqlarimin-ahi-bir-gun-o-hakimleri-mutleq-tutacaq-geci-tezi-var\/#primaryimage"},"image":{"@id":"https:\/\/www.meydan.tv\/az\/article\/goygol-sakini-usaqlarimin-ahi-bir-gun-o-hakimleri-mutleq-tutacaq-geci-tezi-var\/#primaryimage"},"thumbnailUrl":"https:\/\/www.meydan.tv\/wp-content\/uploads\/photo-2023-08-31-17-05-33.jpg","datePublished":"2023-08-31T13:15:13+00:00","dateModified":"2023-08-31T14:15:30+00:00","breadcrumb":{"@id":"https:\/\/www.meydan.tv\/az\/article\/goygol-sakini-usaqlarimin-ahi-bir-gun-o-hakimleri-mutleq-tutacaq-geci-tezi-var\/#breadcrumb"},"inLanguage":"az","potentialAction":[{"@type":"ReadAction","target":["https:\/\/www.meydan.tv\/az\/article\/goygol-sakini-usaqlarimin-ahi-bir-gun-o-hakimleri-mutleq-tutacaq-geci-tezi-var\/"]}]},{"@type":"ImageObject","inLanguage":"az","@id":"https:\/\/www.meydan.tv\/az\/article\/goygol-sakini-usaqlarimin-ahi-bir-gun-o-hakimleri-mutleq-tutacaq-geci-tezi-var\/#primaryimage","url":"https:\/\/www.meydan.tv\/wp-content\/uploads\/photo-2023-08-31-17-05-33.jpg","contentUrl":"https:\/\/www.meydan.tv\/wp-content\/uploads\/photo-2023-08-31-17-05-33.jpg","width":803,"height":373,"caption":"Qaratel \u018fhm\u0259dova, foto: Meydan Tv"},{"@type":"BreadcrumbList","@id":"https:\/\/www.meydan.tv\/az\/article\/goygol-sakini-usaqlarimin-ahi-bir-gun-o-hakimleri-mutleq-tutacaq-geci-tezi-var\/#breadcrumb","itemListElement":[{"@type":"ListItem","position":1,"name":"Ana s\u0259hif\u0259","item":"https:\/\/www.meydan.tv\/az\/"},{"@type":"ListItem","position":2,"name":"Sosial","item":"https:\/\/www.meydan.tv\/az\/section\/sosial\/"},{"@type":"ListItem","position":3,"name":"G\u00f6yg\u00f6l sakini: \u201cU\u015faqlar\u0131m\u0131n ah\u0131 bir g\u00fcn o hakiml\u0259ri m\u00fctl\u0259q tutacaq, geci-tezi var\u201d"}]},{"@type":"WebSite","@id":"https:\/\/www.meydan.tv\/az\/#website","url":"https:\/\/www.meydan.tv\/az\/","name":"MEYDAN.TV","description":"Meydan TV Az\u0259rbaycan\u0131n media m\u0259kan\u0131ndak\u0131 alternativ s\u0259sidir","publisher":{"@id":"https:\/\/www.meydan.tv\/az\/#organization"},"potentialAction":[{"@type":"SearchAction","target":{"@type":"EntryPoint","urlTemplate":"https:\/\/www.meydan.tv\/az\/?s={search_term_string}"},"query-input":{"@type":"PropertyValueSpecification","valueRequired":true,"valueName":"search_term_string"}}],"inLanguage":"az"},{"@type":"Organization","@id":"https:\/\/www.meydan.tv\/az\/#organization","name":"Meydan TV","url":"https:\/\/www.meydan.tv\/az\/","logo":{"@type":"ImageObject","inLanguage":"az","@id":"https:\/\/www.meydan.tv\/az\/#\/schema\/logo\/image\/","url":"https:\/\/www.meydan.tv\/wp-content\/uploads\/2021\/07\/meydan-logo.svg","contentUrl":"https:\/\/www.meydan.tv\/wp-content\/uploads\/2021\/07\/meydan-logo.svg","width":195,"height":46,"caption":"Meydan TV"},"image":{"@id":"https:\/\/www.meydan.tv\/az\/#\/schema\/logo\/image\/"}},{"@type":"Person","@id":"https:\/\/www.meydan.tv\/az\/#\/schema\/person\/476e9360e593fa131d5d71d51866f8da","name":"aleks"}]}},"_links":{"self":[{"href":"https:\/\/www.meydan.tv\/az\/wp-json\/wp\/v2\/posts\/283666","targetHints":{"allow":["GET"]}}],"collection":[{"href":"https:\/\/www.meydan.tv\/az\/wp-json\/wp\/v2\/posts"}],"about":[{"href":"https:\/\/www.meydan.tv\/az\/wp-json\/wp\/v2\/types\/post"}],"author":[{"embeddable":true,"href":"https:\/\/www.meydan.tv\/az\/wp-json\/wp\/v2\/users\/12"}],"replies":[{"embeddable":true,"href":"https:\/\/www.meydan.tv\/az\/wp-json\/wp\/v2\/comments?post=283666"}],"version-history":[{"count":3,"href":"https:\/\/www.meydan.tv\/az\/wp-json\/wp\/v2\/posts\/283666\/revisions"}],"predecessor-version":[{"id":283696,"href":"https:\/\/www.meydan.tv\/az\/wp-json\/wp\/v2\/posts\/283666\/revisions\/283696"}],"wp:featuredmedia":[{"embeddable":true,"href":"https:\/\/www.meydan.tv\/az\/wp-json\/wp\/v2\/media\/283667"}],"wp:attachment":[{"href":"https:\/\/www.meydan.tv\/az\/wp-json\/wp\/v2\/media?parent=283666"}],"wp:term":[{"taxonomy":"category","embeddable":true,"href":"https:\/\/www.meydan.tv\/az\/wp-json\/wp\/v2\/categories?post=283666"},{"taxonomy":"post_tag","embeddable":true,"href":"https:\/\/www.meydan.tv\/az\/wp-json\/wp\/v2\/tags?post=283666"}],"curies":[{"name":"wp","href":"https:\/\/api.w.org\/{rel}","templated":true}]}}