{"id":283657,"date":"2023-08-31T17:08:25","date_gmt":"2023-08-31T13:08:25","guid":{"rendered":"https:\/\/www.meydan.tv\/?p=283657"},"modified":"2023-08-31T18:19:30","modified_gmt":"2023-08-31T14:19:30","slug":"samaxi-sakini-bize-el-tutanlar-olmasa-acindan-olerik","status":"publish","type":"post","link":"https:\/\/www.meydan.tv\/az\/article\/samaxi-sakini-bize-el-tutanlar-olmasa-acindan-olerik\/","title":{"rendered":"\u015eamax\u0131 sakini: \u201cBiz\u0259 \u0259l tutanlar olmasa, ac\u0131ndan \u00f6l\u0259rik\u201d"},"content":{"rendered":"\n<p><em>Sosial yard\u0131m\u0131 k\u0259sil\u0259n ail\u0259: \u201cH\u0259yat yolda\u015f\u0131m v\u0259r\u0259mdir, yar\u0131mcan adamd\u0131r, amma bazarda 2 manata araba s\u00fcr\u00fcr\u201d<\/em><\/p>\n\n\n\n<p>Elnar\u0259 Biny\u0259tova \u015eamax\u0131da a\u011f\u0131r \u015f\u0259rtl\u0259rl\u0259 d\u00f6rd u\u015faq b\u00f6y\u00fcd\u00fcr. Onun h\u0259yat yolda\u015f\u0131 bir ne\u00e7\u0259 x\u0259st\u0259likd\u0259n \u0259ziyy\u0259t \u00e7\u0259kir. Bir ne\u00e7\u0259 ay \u0259vv\u0259l ail\u0259nin sosial yard\u0131m\u0131 k\u0259silib. Biny\u0259tovlar qay\u011f\u0131lar\u0131n \u00f6hd\u0259sind\u0259n g\u0259l\u0259 bilmir.<\/p>\n\n\n\n<p><strong>\u201cG\u00f6z\u00fcm\u00fcz\u00fc sosial yard\u0131ma dikmi\u015fdik\u201d<\/strong><\/p>\n\n\n\n<p>Elnar\u0259 Biny\u0259tova dan\u0131\u015f\u0131r ki, h\u0259yat yolda\u015f\u0131 a\u011f\u0131r x\u0259st\u0259dir. Amma bazarda i\u015fl\u0259m\u0259y\u0259 m\u0259cburdur. Zahid Biny\u0259tovun v\u0259r\u0259m x\u0259st\u0259si oldu\u011funu bildirir. Amma a\u011fciy\u0259ri d\u0259 s\u0131radan \u00e7\u0131xma\u011fa ba\u015flay\u0131b.<\/p>\n\n\n\n<p>\u201cH\u0259yat yolda\u015f\u0131m bazarda 2 manata araba s\u00fcr\u00fcr. Hans\u0131sa y\u00fck\u00fc da\u015f\u0131y\u0131r ki, pul versinl\u0259r. Bel\u0259 a\u011f\u0131r x\u0259st\u0259 o i\u015fi g\u00f6rm\u0259m\u0259lidir. \u0130ndi t\u0259cili m\u00fcalic\u0259 olunmal\u0131d\u0131r. \u00dc\u00e7 kurs m\u00fcalic\u0259 etdirmi\u015fdik onu. Pulsuzluqdan dayand\u0131. He\u00e7 t\u0259qa\u00fcd d\u0259 verm\u0259k ist\u0259mirl\u0259r. H\u0259yat yolda\u015f\u0131m yar\u0131mcan ya\u015fay\u0131r. A\u011fciy\u0259rin\u0259 su g\u0259lmi\u015fdi. O v\u0259ziyy\u0259td\u0259 he\u00e7 bir halda, araba dartmamal\u0131d\u0131r. V\u0259r\u0259m \u00e7ox \u0259ziyy\u0259t verir ona. Pis n\u0259f\u0259s al\u0131r. \u0130cra hakimiyy\u0259tin\u0259 ged\u0259nd\u0259 d\u0259 demi\u015fdim. H\u0259yat yolda\u015f\u0131m bu \u015f\u0259rtl\u0259rl\u0259 i\u015fl\u0259m\u0259m\u0259lidir. D\u0259f\u0259l\u0259rl\u0259 icra ba\u015f\u00e7\u0131s\u0131n\u0131n q\u0259bulunda olmu\u015fam. H\u0259yat yolda\u015f\u0131m\u0131n pensiyaya ehtiyac\u0131 oldu\u011funu demi\u015f\u0259m\u201d.<\/p>\n\n\n\n<p><strong>\u201cBu sentyabrdan u\u015faqlar\u0131n d\u00f6rd\u00fc d\u0259 m\u0259kt\u0259b\u0259 ged\u0259c\u0259k, \u00e7ox \u00e7\u0259tin v\u0259ziyy\u0259t\u0259 qalm\u0131\u015f\u0131q\u201d<\/strong><\/p>\n\n\n\n<p>Ail\u0259nin daimi g\u0259lir yeri yoxdur. Sosial yard\u0131m k\u0259sil\u0259nd\u0259n v\u0259ziyy\u0259t lap a\u011f\u0131rla\u015f\u0131b. Elnar\u0259 Biny\u0259tova deyir ki, s\u00f6z\u00fcn birba\u015fa m\u0259nas\u0131nda yem\u0259y\u0259 \u00e7\u00f6r\u0259k tapm\u0131rlar:<\/p>\n\n\n\n<p>\u201cB\u00fct\u00fcn qay\u011f\u0131lar\u0131 sosial yard\u0131mla h\u0259ll edirdik. \u00dc\u00e7 q\u0131z\u0131m, bir o\u011flum var. B\u00f6y\u00fck u\u015faq 16, ki\u00e7iyi 6 ya\u015f\u0131ndad\u0131r. Bu sentyabrdan d\u00f6rd\u00fc d\u0259 m\u0259kt\u0259b\u0259 ged\u0259c\u0259k. \u00c7antan\u0131 hans\u0131 pulla alacam? H\u0259r il n\u0259 \u0259ziyy\u0259tl\u0259 sosial yard\u0131m \u00fc\u00e7\u00fcn t\u0259l\u0259b olunan s\u0259n\u0259dl\u0259ri toplay\u0131rd\u0131m. \u0130lin \u0259vv\u0259lind\u0259n k\u0259sibl\u0259r. \u00c7ox \u00e7\u0259tin v\u0259ziyy\u0259t\u0259 qalm\u0131\u015f\u0131q. G\u00f6z\u00fcm\u00fcz\u00fc o pula dikmi\u015fdik. Sosial yard\u0131m\u0131n say\u0259sind\u0259 h\u0259yat yolda\u015f\u0131m\u0131 m\u00fcalic\u0259 el\u0259tdirirdik. U\u015faqlar\u0131n m\u0259kt\u0259b x\u0259rcl\u0259rinin \u00f6hd\u0259sind\u0259n g\u0259lm\u0259y\u0259 \u00e7al\u0131\u015f\u0131rd\u0131m\u201d.<\/p>\n\n\n\n<p>Bir m\u00fcdd\u0259t \u0259vv\u0259l sosial yard\u0131m m\u00fcraci\u0259tin\u0259 imtina cavab\u0131 g\u0259lib. Amma Elnar\u0259 Biny\u0259tova yen\u0259 \u00fcmidini k\u0259smir. O, yenid\u0259n s\u0259n\u0259dl\u0259r toplama\u011fa ba\u015flay\u0131b.<\/p>\n\n\n\n<p>Ail\u0259nin b\u00f6y\u00fck u\u015fa\u011f\u0131 Nahid bu yerd\u0259 imtina s\u0259n\u0259dind\u0259 \u201cillik g\u0259liriniz s\u0131fra b\u0259rab\u0259rdir\u201d yaz\u0131s\u0131n\u0131 xat\u0131rlad\u0131r:<\/p>\n\n\n\n<p>\u201cBizim g\u0259lirimiz yoxdursa, dem\u0259li, yard\u0131m edilm\u0259lidir d\u0259\u201d.<\/p>\n\n\n\n<figure class=\"wp-block-image size-large\"><img decoding=\"async\" width=\"661\" height=\"821\" data-src=\"https:\/\/www.meydan.tv\/wp-content\/uploads\/photo-2023-08-31-11-53-07-661x821.jpg\" alt=\"\" class=\"wp-image-283661 lazyload\" src=\"data:image\/svg+xml;base64,PHN2ZyB3aWR0aD0iMSIgaGVpZ2h0PSIxIiB4bWxucz0iaHR0cDovL3d3dy53My5vcmcvMjAwMC9zdmciPjwvc3ZnPg==\" style=\"--smush-placeholder-width: 661px; --smush-placeholder-aspect-ratio: 661\/821;\" \/><\/figure>\n\n\n\n<p><strong>\u201cH\u00f6kum\u0259t var, m\u0259n d\u0259 ondan k\u00f6m\u0259k ist\u0259yir\u0259m\u201d<\/strong><\/p>\n\n\n\n<p>Biny\u0259tovlar\u0131n ev \u015f\u0259raiti \u00e7ox pisdir. \u018fvv\u0259ll\u0259r \u00e7\u00f6r\u0259k bi\u015firilm\u0259si \u00fc\u00e7\u00fcn n\u0259z\u0259rd\u0259 tutulmu\u015f yeri ota\u011fa \u00e7eviribl\u0259r. Elnar\u0259 Biny\u0259tova buran\u0131n atas\u0131n\u0131n h\u0259y\u0259tind\u0259n onlara k\u0259silib verilmi\u015f ki\u00e7ik hiss\u0259 oldu\u011funu bildirir:<\/p>\n\n\n\n<p>\u201cBizi evd\u0259n \u00e7\u0131xarm\u0131\u015fd\u0131lar, bura s\u0131\u011f\u0131nd\u0131q. F\u00f6vq\u0259lad\u0259 Hallar Nazirliyin\u0259 d\u0259 yazm\u0131\u015fam. Qald\u0131\u011f\u0131m\u0131z yer q\u0259zal\u0131d\u0131r. H\u00f6kum\u0259t var, m\u0259n d\u0259 ondan k\u00f6m\u0259k ist\u0259yir\u0259m. \u00c7ox yer\u0259 m\u00fcraci\u0259t etmi\u015f\u0259m. El\u0259c\u0259 quru s\u00f6zd\u0259n ibar\u0259t m\u0259ktub g\u0259lir\u201d.<\/p>\n\n\n\n<p>\u015eamax\u0131da Biny\u0259tovlar\u0131n ya\u015fad\u0131\u011f\u0131 \u0259razid\u0259 onlar\u0131 \u00e7ox kas\u0131b ail\u0259 kimi tan\u0131y\u0131rlar. 47 ya\u015fl\u0131 qad\u0131n qon\u015fular\u0131n, tan\u0131\u015flar\u0131n k\u00f6m\u0259yi olmadan ya\u015faya bilm\u0259dikl\u0259rini deyir.<\/p>\n\n\n\n<p>\u201cBiz\u0259 \u0259l tutanlar olmasa, ac\u0131ndan \u00f6l\u0259rik. Qon\u015fular n\u0259s\u0259 g\u0259tirir. H\u0259cc ziyar\u0259tind\u0259n g\u0259l\u0259nl\u0259r&#8230; Bazarda h\u0259yat yolda\u015f\u0131m\u0131 g\u00f6r\u0259nl\u0259r&#8230; Yoxsa he\u00e7 n\u0259 tapm\u0131r\u0131q yem\u0259y\u0259. Araba s\u00fcrm\u0259kl\u0259 ev dolanmaz&#8230;\u201d.<\/p>\n\n\n\n<p>Ail\u0259nin t\u0259bii qaza g\u00f6r\u0259 borcu 300 manata \u00e7at\u0131r. Buna g\u00f6r\u0259 daha qaz yand\u0131ra bilmirl\u0259r:<\/p>\n\n\n\n<p>\u201cOdun par\u00e7alar\u0131 tap\u0131b h\u0259y\u0259td\u0259 qalay\u0131r\u0131q. O c\u00fcr yem\u0259k bi\u015firm\u0259y\u0259 \u00e7al\u0131\u015f\u0131ram. Kommunal x\u0259rcl\u0259ri he\u00e7 c\u00fcr \u00f6d\u0259y\u0259 bilmirik. H\u0259yat yolda\u015f\u0131m\u0131n v\u0259ziyy\u0259tini g\u00f6r\u00fcrs\u00fcn\u00fcz&#8230; \u00d6z\u00fcm d\u0259 x\u0259st\u0259y\u0259m. G\u00f6z\u00fcmd\u0259 mirvari suyu var. Bir g\u00fcn g\u00f6zl\u0259rim tutulacaq. Bel\u0259 olsa, bizim ail\u0259nin taleyi nec\u0259 olacaq?\u201d<\/p>\n\n\n\n<p><strong>\u0130\u015fl\u0259yib ail\u0259sin\u0259 k\u00f6m\u0259k etm\u0259y\u0259 \u00e7al\u0131\u015fan m\u0259kt\u0259bli&#8230;<\/strong><\/p>\n\n\n\n<p>Ana deyir ki, o\u011flu bir ne\u00e7\u0259 il\u0259 \u0259sg\u0259r ged\u0259c\u0259k, amma indi d\u00fcz-\u0259m\u0259lli qidalanm\u0131r. Nahidin oxumaq ist\u0259yi olub. Amma \u0259n adi qay\u011f\u0131lar\u0131n \u00f6hd\u0259sind\u0259n g\u0259l\u0259 bilm\u0259m\u0259k imkan verm\u0259yib. Evin b\u00f6y\u00fck u\u015fa\u011f\u0131 i\u015fl\u0259m\u0259k m\u0259cburiyy\u0259tind\u0259 qal\u0131b.<\/p>\n\n\n\n<p>\u201cH\u0259r yay restoranda g\u00fcn\u00fc 7 manata i\u015fl\u0259yir\u0259m. Ba\u015fqa vaxtlar da i\u015f tapma\u011fa \u00e7al\u0131\u015f\u0131ram. H\u0259mi\u015f\u0259 olmur. Ail\u0259m\u0259 m\u00fctl\u0259q k\u00f6m\u0259k etm\u0259liy\u0259m\u201d, &#8211; Nahid deyir.<\/p>\n\n\n\n<p>Elnar\u0259 Biny\u0259tova t\u0259krar-t\u0259krar \u00e7ox \u0259ziyy\u0259t \u00e7\u0259kdikl\u0259rini dan\u0131\u015f\u0131r. U\u015faqlar yen\u0259 nimda\u015f geyimd\u0259 m\u0259kt\u0259b\u0259 ged\u0259c\u0259kl\u0259r:<\/p>\n\n\n\n<p><strong>\u201cBirc\u0259 onlar\u0131 b\u00f6y\u00fcd\u0259 bils\u0259ydim&#8230;\u201d.<\/strong><\/p>\n\n\n\n<p>\u0130cra ba\u015f\u00e7\u0131s\u0131n\u0131n m\u00fcavini: \u201c\u018fg\u0259r v\u0259t\u0259nda\u015f biz\u0259 m\u00fcraci\u0259t edirs\u0259&#8230;\u201d<\/p>\n\n\n\n<p>\u015eamax\u0131 Rayon \u0130cra Hakimiyy\u0259ti ba\u015f\u00e7\u0131s\u0131n\u0131n m\u00fcavini, eyni zamanda, \u0130ctimai-siyasi v\u0259 humanitar m\u0259s\u0259l\u0259l\u0259r \u015f\u00f6b\u0259sinin m\u00fcdiri Mehriban Eyyubova Meydan TV-y\u0259 bildirib ki, icra hakimiyy\u0259ti \u015eamax\u0131da maddi-sosial durumu a\u011f\u0131r olan v\u0259t\u0259nda\u015flara m\u00fcmk\u00fcn q\u0259d\u0259r d\u0259st\u0259k olma\u011fa \u00e7al\u0131\u015f\u0131r:<\/p>\n\n\n\n<p>\u201cKonkret bu v\u0259t\u0259nda\u015f (Elnar\u0259 Biny\u0259tova-red.) biz\u0259 m\u00fcraci\u0259t edibmi, yoxsa yox \u2013 bunu ara\u015fd\u0131rar\u0131q. \u00dcmumiyy\u0259tl\u0259 is\u0259 \u0259g\u0259r v\u0259t\u0259nda\u015flar biz\u0259 m\u00fcraci\u0259t edirs\u0259, biz ara\u015fd\u0131r\u0131r\u0131q, bacard\u0131\u011f\u0131m\u0131z q\u0259d\u0259r, s\u0259lahiyy\u0259tl\u0259rimiz \u00e7\u0259r\u00e7iv\u0259sind\u0259 k\u00f6m\u0259k ed\u0259 bilirik\u201d.<\/p>\n","protected":false},"excerpt":{"rendered":"<p>Sosial yard\u0131m\u0131 k\u0259sil\u0259n ail\u0259: \u201cH\u0259yat yolda\u015f\u0131m v\u0259r\u0259mdir, yar\u0131mcan adamd\u0131r, amma &#8230; <\/p>\n<p class=\"read-more-container\"><a title=\"\u015eamax\u0131 sakini: \u201cBiz\u0259 \u0259l tutanlar olmasa, ac\u0131ndan \u00f6l\u0259rik\u201d\" class=\"read-more button\" href=\"https:\/\/www.meydan.tv\/az\/article\/samaxi-sakini-bize-el-tutanlar-olmasa-acindan-olerik\/#more-283657\" aria-label=\"Read more about \u015eamax\u0131 sakini: \u201cBiz\u0259 \u0259l tutanlar olmasa, ac\u0131ndan \u00f6l\u0259rik\u201d\">Davam\u0131<\/a><\/p>\n","protected":false},"author":12,"featured_media":283658,"comment_status":"closed","ping_status":"closed","sticky":false,"template":"","format":"standard","meta":{"_acf_changed":false,"_sitemap_exclude":false,"_sitemap_priority":"","_sitemap_frequency":"","footnotes":""},"categories":[60,62,56],"tags":[],"class_list":["post-283657","post","type-post","status-publish","format-standard","has-post-thumbnail","hentry","category-bolge","category-sosial","category-xeberler","infinite-scroll-item","generate-columns","tablet-grid-50","mobile-grid-100","grid-parent","grid-33","no-featured-image-padding"],"acf":[],"yoast_head":"<!-- This site is optimized with the Yoast SEO plugin v27.4 - https:\/\/yoast.com\/product\/yoast-seo-wordpress\/ -->\n<title>\u015eamax\u0131 sakini: \u201cBiz\u0259 \u0259l tutanlar olmasa, ac\u0131ndan \u00f6l\u0259rik\u201d - MEYDAN.TV<\/title>\n<meta name=\"robots\" content=\"index, follow, max-snippet:-1, max-image-preview:large, max-video-preview:-1\" \/>\n<link rel=\"canonical\" href=\"https:\/\/www.meydan.tv\/az\/article\/samaxi-sakini-bize-el-tutanlar-olmasa-acindan-olerik\/\" \/>\n<meta property=\"og:locale\" content=\"az_AZ\" \/>\n<meta property=\"og:type\" content=\"article\" \/>\n<meta property=\"og:title\" content=\"\u015eamax\u0131 sakini: \u201cBiz\u0259 \u0259l tutanlar olmasa, ac\u0131ndan \u00f6l\u0259rik\u201d - MEYDAN.TV\" \/>\n<meta property=\"og:description\" content=\"Sosial yard\u0131m\u0131 k\u0259sil\u0259n ail\u0259: \u201cH\u0259yat yolda\u015f\u0131m v\u0259r\u0259mdir, yar\u0131mcan adamd\u0131r, amma ... Davam\u0131\" \/>\n<meta property=\"og:url\" content=\"https:\/\/www.meydan.tv\/az\/article\/samaxi-sakini-bize-el-tutanlar-olmasa-acindan-olerik\/\" \/>\n<meta property=\"og:site_name\" content=\"MEYDAN.TV\" \/>\n<meta property=\"article:published_time\" content=\"2023-08-31T13:08:25+00:00\" \/>\n<meta property=\"article:modified_time\" content=\"2023-08-31T14:19:30+00:00\" \/>\n<meta property=\"og:image\" content=\"https:\/\/www.meydan.tv\/wp-content\/uploads\/screenshot-2023-08-31-at-15.05.59.png\" \/>\n\t<meta property=\"og:image:width\" content=\"1496\" \/>\n\t<meta property=\"og:image:height\" content=\"896\" \/>\n\t<meta property=\"og:image:type\" content=\"image\/png\" \/>\n<meta name=\"author\" content=\"aleks\" \/>\n<meta name=\"twitter:card\" content=\"summary_large_image\" \/>\n<script type=\"application\/ld+json\" class=\"yoast-schema-graph\">{\"@context\":\"https:\\\/\\\/schema.org\",\"@graph\":[{\"@type\":\"Article\",\"@id\":\"https:\\\/\\\/www.meydan.tv\\\/az\\\/article\\\/samaxi-sakini-bize-el-tutanlar-olmasa-acindan-olerik\\\/#article\",\"isPartOf\":{\"@id\":\"https:\\\/\\\/www.meydan.tv\\\/az\\\/article\\\/samaxi-sakini-bize-el-tutanlar-olmasa-acindan-olerik\\\/\"},\"author\":{\"name\":\"aleks\",\"@id\":\"https:\\\/\\\/www.meydan.tv\\\/az\\\/#\\\/schema\\\/person\\\/476e9360e593fa131d5d71d51866f8da\"},\"headline\":\"\u015eamax\u0131 sakini: \u201cBiz\u0259 \u0259l tutanlar olmasa, ac\u0131ndan \u00f6l\u0259rik\u201d\",\"datePublished\":\"2023-08-31T13:08:25+00:00\",\"dateModified\":\"2023-08-31T14:19:30+00:00\",\"mainEntityOfPage\":{\"@id\":\"https:\\\/\\\/www.meydan.tv\\\/az\\\/article\\\/samaxi-sakini-bize-el-tutanlar-olmasa-acindan-olerik\\\/\"},\"wordCount\":1110,\"publisher\":{\"@id\":\"https:\\\/\\\/www.meydan.tv\\\/az\\\/#organization\"},\"image\":{\"@id\":\"https:\\\/\\\/www.meydan.tv\\\/az\\\/article\\\/samaxi-sakini-bize-el-tutanlar-olmasa-acindan-olerik\\\/#primaryimage\"},\"thumbnailUrl\":\"https:\\\/\\\/www.meydan.tv\\\/wp-content\\\/uploads\\\/screenshot-2023-08-31-at-15.05.59.png\",\"articleSection\":[\"B\u00f6lg\u0259\",\"Sosial\",\"X\u0259b\u0259rl\u0259r\"],\"inLanguage\":\"az\"},{\"@type\":\"WebPage\",\"@id\":\"https:\\\/\\\/www.meydan.tv\\\/az\\\/article\\\/samaxi-sakini-bize-el-tutanlar-olmasa-acindan-olerik\\\/\",\"url\":\"https:\\\/\\\/www.meydan.tv\\\/az\\\/article\\\/samaxi-sakini-bize-el-tutanlar-olmasa-acindan-olerik\\\/\",\"name\":\"\u015eamax\u0131 sakini: \u201cBiz\u0259 \u0259l tutanlar olmasa, ac\u0131ndan \u00f6l\u0259rik\u201d - MEYDAN.TV\",\"isPartOf\":{\"@id\":\"https:\\\/\\\/www.meydan.tv\\\/az\\\/#website\"},\"primaryImageOfPage\":{\"@id\":\"https:\\\/\\\/www.meydan.tv\\\/az\\\/article\\\/samaxi-sakini-bize-el-tutanlar-olmasa-acindan-olerik\\\/#primaryimage\"},\"image\":{\"@id\":\"https:\\\/\\\/www.meydan.tv\\\/az\\\/article\\\/samaxi-sakini-bize-el-tutanlar-olmasa-acindan-olerik\\\/#primaryimage\"},\"thumbnailUrl\":\"https:\\\/\\\/www.meydan.tv\\\/wp-content\\\/uploads\\\/screenshot-2023-08-31-at-15.05.59.png\",\"datePublished\":\"2023-08-31T13:08:25+00:00\",\"dateModified\":\"2023-08-31T14:19:30+00:00\",\"breadcrumb\":{\"@id\":\"https:\\\/\\\/www.meydan.tv\\\/az\\\/article\\\/samaxi-sakini-bize-el-tutanlar-olmasa-acindan-olerik\\\/#breadcrumb\"},\"inLanguage\":\"az\",\"potentialAction\":[{\"@type\":\"ReadAction\",\"target\":[\"https:\\\/\\\/www.meydan.tv\\\/az\\\/article\\\/samaxi-sakini-bize-el-tutanlar-olmasa-acindan-olerik\\\/\"]}]},{\"@type\":\"ImageObject\",\"inLanguage\":\"az\",\"@id\":\"https:\\\/\\\/www.meydan.tv\\\/az\\\/article\\\/samaxi-sakini-bize-el-tutanlar-olmasa-acindan-olerik\\\/#primaryimage\",\"url\":\"https:\\\/\\\/www.meydan.tv\\\/wp-content\\\/uploads\\\/screenshot-2023-08-31-at-15.05.59.png\",\"contentUrl\":\"https:\\\/\\\/www.meydan.tv\\\/wp-content\\\/uploads\\\/screenshot-2023-08-31-at-15.05.59.png\",\"width\":1496,\"height\":896,\"caption\":\"Foto: Meydan Tv\"},{\"@type\":\"BreadcrumbList\",\"@id\":\"https:\\\/\\\/www.meydan.tv\\\/az\\\/article\\\/samaxi-sakini-bize-el-tutanlar-olmasa-acindan-olerik\\\/#breadcrumb\",\"itemListElement\":[{\"@type\":\"ListItem\",\"position\":1,\"name\":\"Ana s\u0259hif\u0259\",\"item\":\"https:\\\/\\\/www.meydan.tv\\\/az\\\/\"},{\"@type\":\"ListItem\",\"position\":2,\"name\":\"B\u00f6lg\u0259\",\"item\":\"https:\\\/\\\/www.meydan.tv\\\/az\\\/section\\\/bolge\\\/\"},{\"@type\":\"ListItem\",\"position\":3,\"name\":\"\u015eamax\u0131 sakini: \u201cBiz\u0259 \u0259l tutanlar olmasa, ac\u0131ndan \u00f6l\u0259rik\u201d\"}]},{\"@type\":\"WebSite\",\"@id\":\"https:\\\/\\\/www.meydan.tv\\\/az\\\/#website\",\"url\":\"https:\\\/\\\/www.meydan.tv\\\/az\\\/\",\"name\":\"MEYDAN.TV\",\"description\":\"Meydan TV Az\u0259rbaycan\u0131n media m\u0259kan\u0131ndak\u0131 alternativ s\u0259sidir\",\"publisher\":{\"@id\":\"https:\\\/\\\/www.meydan.tv\\\/az\\\/#organization\"},\"potentialAction\":[{\"@type\":\"SearchAction\",\"target\":{\"@type\":\"EntryPoint\",\"urlTemplate\":\"https:\\\/\\\/www.meydan.tv\\\/az\\\/?s={search_term_string}\"},\"query-input\":{\"@type\":\"PropertyValueSpecification\",\"valueRequired\":true,\"valueName\":\"search_term_string\"}}],\"inLanguage\":\"az\"},{\"@type\":\"Organization\",\"@id\":\"https:\\\/\\\/www.meydan.tv\\\/az\\\/#organization\",\"name\":\"Meydan TV\",\"url\":\"https:\\\/\\\/www.meydan.tv\\\/az\\\/\",\"logo\":{\"@type\":\"ImageObject\",\"inLanguage\":\"az\",\"@id\":\"https:\\\/\\\/www.meydan.tv\\\/az\\\/#\\\/schema\\\/logo\\\/image\\\/\",\"url\":\"https:\\\/\\\/www.meydan.tv\\\/wp-content\\\/uploads\\\/2021\\\/07\\\/meydan-logo.svg\",\"contentUrl\":\"https:\\\/\\\/www.meydan.tv\\\/wp-content\\\/uploads\\\/2021\\\/07\\\/meydan-logo.svg\",\"width\":195,\"height\":46,\"caption\":\"Meydan TV\"},\"image\":{\"@id\":\"https:\\\/\\\/www.meydan.tv\\\/az\\\/#\\\/schema\\\/logo\\\/image\\\/\"}},{\"@type\":\"Person\",\"@id\":\"https:\\\/\\\/www.meydan.tv\\\/az\\\/#\\\/schema\\\/person\\\/476e9360e593fa131d5d71d51866f8da\",\"name\":\"aleks\"}]}<\/script>\n<!-- \/ Yoast SEO plugin. -->","yoast_head_json":{"title":"\u015eamax\u0131 sakini: \u201cBiz\u0259 \u0259l tutanlar olmasa, ac\u0131ndan \u00f6l\u0259rik\u201d - MEYDAN.TV","robots":{"index":"index","follow":"follow","max-snippet":"max-snippet:-1","max-image-preview":"max-image-preview:large","max-video-preview":"max-video-preview:-1"},"canonical":"https:\/\/www.meydan.tv\/az\/article\/samaxi-sakini-bize-el-tutanlar-olmasa-acindan-olerik\/","og_locale":"az_AZ","og_type":"article","og_title":"\u015eamax\u0131 sakini: \u201cBiz\u0259 \u0259l tutanlar olmasa, ac\u0131ndan \u00f6l\u0259rik\u201d - MEYDAN.TV","og_description":"Sosial yard\u0131m\u0131 k\u0259sil\u0259n ail\u0259: \u201cH\u0259yat yolda\u015f\u0131m v\u0259r\u0259mdir, yar\u0131mcan adamd\u0131r, amma ... Davam\u0131","og_url":"https:\/\/www.meydan.tv\/az\/article\/samaxi-sakini-bize-el-tutanlar-olmasa-acindan-olerik\/","og_site_name":"MEYDAN.TV","article_published_time":"2023-08-31T13:08:25+00:00","article_modified_time":"2023-08-31T14:19:30+00:00","og_image":[{"width":1496,"height":896,"url":"https:\/\/www.meydan.tv\/wp-content\/uploads\/screenshot-2023-08-31-at-15.05.59.png","type":"image\/png"}],"author":"aleks","twitter_card":"summary_large_image","schema":{"@context":"https:\/\/schema.org","@graph":[{"@type":"Article","@id":"https:\/\/www.meydan.tv\/az\/article\/samaxi-sakini-bize-el-tutanlar-olmasa-acindan-olerik\/#article","isPartOf":{"@id":"https:\/\/www.meydan.tv\/az\/article\/samaxi-sakini-bize-el-tutanlar-olmasa-acindan-olerik\/"},"author":{"name":"aleks","@id":"https:\/\/www.meydan.tv\/az\/#\/schema\/person\/476e9360e593fa131d5d71d51866f8da"},"headline":"\u015eamax\u0131 sakini: \u201cBiz\u0259 \u0259l tutanlar olmasa, ac\u0131ndan \u00f6l\u0259rik\u201d","datePublished":"2023-08-31T13:08:25+00:00","dateModified":"2023-08-31T14:19:30+00:00","mainEntityOfPage":{"@id":"https:\/\/www.meydan.tv\/az\/article\/samaxi-sakini-bize-el-tutanlar-olmasa-acindan-olerik\/"},"wordCount":1110,"publisher":{"@id":"https:\/\/www.meydan.tv\/az\/#organization"},"image":{"@id":"https:\/\/www.meydan.tv\/az\/article\/samaxi-sakini-bize-el-tutanlar-olmasa-acindan-olerik\/#primaryimage"},"thumbnailUrl":"https:\/\/www.meydan.tv\/wp-content\/uploads\/screenshot-2023-08-31-at-15.05.59.png","articleSection":["B\u00f6lg\u0259","Sosial","X\u0259b\u0259rl\u0259r"],"inLanguage":"az"},{"@type":"WebPage","@id":"https:\/\/www.meydan.tv\/az\/article\/samaxi-sakini-bize-el-tutanlar-olmasa-acindan-olerik\/","url":"https:\/\/www.meydan.tv\/az\/article\/samaxi-sakini-bize-el-tutanlar-olmasa-acindan-olerik\/","name":"\u015eamax\u0131 sakini: \u201cBiz\u0259 \u0259l tutanlar olmasa, ac\u0131ndan \u00f6l\u0259rik\u201d - MEYDAN.TV","isPartOf":{"@id":"https:\/\/www.meydan.tv\/az\/#website"},"primaryImageOfPage":{"@id":"https:\/\/www.meydan.tv\/az\/article\/samaxi-sakini-bize-el-tutanlar-olmasa-acindan-olerik\/#primaryimage"},"image":{"@id":"https:\/\/www.meydan.tv\/az\/article\/samaxi-sakini-bize-el-tutanlar-olmasa-acindan-olerik\/#primaryimage"},"thumbnailUrl":"https:\/\/www.meydan.tv\/wp-content\/uploads\/screenshot-2023-08-31-at-15.05.59.png","datePublished":"2023-08-31T13:08:25+00:00","dateModified":"2023-08-31T14:19:30+00:00","breadcrumb":{"@id":"https:\/\/www.meydan.tv\/az\/article\/samaxi-sakini-bize-el-tutanlar-olmasa-acindan-olerik\/#breadcrumb"},"inLanguage":"az","potentialAction":[{"@type":"ReadAction","target":["https:\/\/www.meydan.tv\/az\/article\/samaxi-sakini-bize-el-tutanlar-olmasa-acindan-olerik\/"]}]},{"@type":"ImageObject","inLanguage":"az","@id":"https:\/\/www.meydan.tv\/az\/article\/samaxi-sakini-bize-el-tutanlar-olmasa-acindan-olerik\/#primaryimage","url":"https:\/\/www.meydan.tv\/wp-content\/uploads\/screenshot-2023-08-31-at-15.05.59.png","contentUrl":"https:\/\/www.meydan.tv\/wp-content\/uploads\/screenshot-2023-08-31-at-15.05.59.png","width":1496,"height":896,"caption":"Foto: Meydan Tv"},{"@type":"BreadcrumbList","@id":"https:\/\/www.meydan.tv\/az\/article\/samaxi-sakini-bize-el-tutanlar-olmasa-acindan-olerik\/#breadcrumb","itemListElement":[{"@type":"ListItem","position":1,"name":"Ana s\u0259hif\u0259","item":"https:\/\/www.meydan.tv\/az\/"},{"@type":"ListItem","position":2,"name":"B\u00f6lg\u0259","item":"https:\/\/www.meydan.tv\/az\/section\/bolge\/"},{"@type":"ListItem","position":3,"name":"\u015eamax\u0131 sakini: \u201cBiz\u0259 \u0259l tutanlar olmasa, ac\u0131ndan \u00f6l\u0259rik\u201d"}]},{"@type":"WebSite","@id":"https:\/\/www.meydan.tv\/az\/#website","url":"https:\/\/www.meydan.tv\/az\/","name":"MEYDAN.TV","description":"Meydan TV Az\u0259rbaycan\u0131n media m\u0259kan\u0131ndak\u0131 alternativ s\u0259sidir","publisher":{"@id":"https:\/\/www.meydan.tv\/az\/#organization"},"potentialAction":[{"@type":"SearchAction","target":{"@type":"EntryPoint","urlTemplate":"https:\/\/www.meydan.tv\/az\/?s={search_term_string}"},"query-input":{"@type":"PropertyValueSpecification","valueRequired":true,"valueName":"search_term_string"}}],"inLanguage":"az"},{"@type":"Organization","@id":"https:\/\/www.meydan.tv\/az\/#organization","name":"Meydan TV","url":"https:\/\/www.meydan.tv\/az\/","logo":{"@type":"ImageObject","inLanguage":"az","@id":"https:\/\/www.meydan.tv\/az\/#\/schema\/logo\/image\/","url":"https:\/\/www.meydan.tv\/wp-content\/uploads\/2021\/07\/meydan-logo.svg","contentUrl":"https:\/\/www.meydan.tv\/wp-content\/uploads\/2021\/07\/meydan-logo.svg","width":195,"height":46,"caption":"Meydan TV"},"image":{"@id":"https:\/\/www.meydan.tv\/az\/#\/schema\/logo\/image\/"}},{"@type":"Person","@id":"https:\/\/www.meydan.tv\/az\/#\/schema\/person\/476e9360e593fa131d5d71d51866f8da","name":"aleks"}]}},"_links":{"self":[{"href":"https:\/\/www.meydan.tv\/az\/wp-json\/wp\/v2\/posts\/283657","targetHints":{"allow":["GET"]}}],"collection":[{"href":"https:\/\/www.meydan.tv\/az\/wp-json\/wp\/v2\/posts"}],"about":[{"href":"https:\/\/www.meydan.tv\/az\/wp-json\/wp\/v2\/types\/post"}],"author":[{"embeddable":true,"href":"https:\/\/www.meydan.tv\/az\/wp-json\/wp\/v2\/users\/12"}],"replies":[{"embeddable":true,"href":"https:\/\/www.meydan.tv\/az\/wp-json\/wp\/v2\/comments?post=283657"}],"version-history":[{"count":3,"href":"https:\/\/www.meydan.tv\/az\/wp-json\/wp\/v2\/posts\/283657\/revisions"}],"predecessor-version":[{"id":283699,"href":"https:\/\/www.meydan.tv\/az\/wp-json\/wp\/v2\/posts\/283657\/revisions\/283699"}],"wp:featuredmedia":[{"embeddable":true,"href":"https:\/\/www.meydan.tv\/az\/wp-json\/wp\/v2\/media\/283658"}],"wp:attachment":[{"href":"https:\/\/www.meydan.tv\/az\/wp-json\/wp\/v2\/media?parent=283657"}],"wp:term":[{"taxonomy":"category","embeddable":true,"href":"https:\/\/www.meydan.tv\/az\/wp-json\/wp\/v2\/categories?post=283657"},{"taxonomy":"post_tag","embeddable":true,"href":"https:\/\/www.meydan.tv\/az\/wp-json\/wp\/v2\/tags?post=283657"}],"curies":[{"name":"wp","href":"https:\/\/api.w.org\/{rel}","templated":true}]}}