{"id":283623,"date":"2023-08-31T13:57:35","date_gmt":"2023-08-31T09:57:35","guid":{"rendered":"https:\/\/www.meydan.tv\/?p=283623"},"modified":"2023-08-31T13:57:38","modified_gmt":"2023-08-31T09:57:38","slug":"aihm-azerbaycandan-geden-8-erize-uzre-3-qerarini-elan-edib","status":"publish","type":"post","link":"https:\/\/www.meydan.tv\/az\/article\/aihm-azerbaycandan-geden-8-erize-uzre-3-qerarini-elan-edib\/","title":{"rendered":"A\u0130HM Az\u0259rbaycandan ged\u0259n 8 \u0259riz\u0259 \u00fczr\u0259 3 q\u0259rar\u0131n\u0131 elan edib"},"content":{"rendered":"\n<p><em>\u0130ki q\u0259rar m\u00fclkiyy\u0259t, biri is\u0259 t\u0259hsil h\u00fcququ il\u0259 ba\u011fl\u0131d\u0131r<\/em><\/p>\n\n\n\n<p>Avropa \u0130nsan H\u00fcquqlar\u0131 M\u0259hk\u0259m\u0259si (A\u0130HM) avqustun 31-d\u0259 Az\u0259rbaycandan g\u00f6nd\u0259rilmi\u015f 8 \u0259riz\u0259 \u00fczr\u0259 3 q\u0259rar v\u0259 q\u0259rardad\u0131n\u0131 <a href=\"https:\/\/aihmaz.org\/avropa-m%c9%99hk%c9%99m%c9%99si-hokum%c9%99ti-65-min-avrodan-artiq-c%c9%99rim%c9%99l%c9%99yib\/?fbclid=IwAR3VEx61tgNF_KqnZ0iQzVKH6rVfYvm1gg5ljOGDOvEaqGcNtXNrxg6pPoc_aem_AWF-G1YLIG88RKFiYRJqIL8UoPK4LaAPsUjlYefgWdPbQlSQ7dQI6tn7wdDJx7teorE\">elan<\/a> edib.<\/p>\n\n\n\n<p>\u201cNabat Ba\u011f\u0131rova v\u0259 ba\u015fqa 5 \u0259riz\u0259\u00e7i Az\u0259rbaycana qar\u015f\u0131\u201d &#8211; i\u015find\u0259 \u0259riz\u0259\u00e7il\u0259r m\u00fclkiyy\u0259t h\u00fcququnun pozuntusunu m\u00fcbahis\u0259l\u0259ndirib.<\/p>\n\n\n\n<p>\u018friz\u0259\u00e7il\u0259r\u0259 m\u0259xsus \u0259mlaklar \u2013 f\u0259rdi evl\u0259r, evl\u0259r\u0259 aid sah\u0259l\u0259r v\u0259 ya m\u0259nzill\u0259r 2015-2016-c\u0131 ill\u0259rd\u0259 Bak\u0131da yolun abadla\u015fd\u0131r\u0131lmas\u0131 layih\u0259si \u00e7\u0259r\u00e7iv\u0259sind\u0259 s\u00f6k\u00fcl\u00fcb.<\/p>\n\n\n\n<p>Onlar qeyd edil\u0259n m\u00fclkiyy\u0259tl\u0259rinin \u00f6zg\u0259ninkil\u0259\u015fdirilm\u0259sinin qanunsuz oldu\u011funu, 1 sayl\u0131 Protokolun 1-ci madd\u0259si il\u0259 t\u0259minat alt\u0131na al\u0131nan m\u00fclkiyy\u0259t h\u00fcququnu pozdu\u011funu iddia edibl\u0259r.<\/p>\n\n\n\n<p>Avropa M\u0259hk\u0259m\u0259si q\u0259rar\u0131nda \u0259riz\u0259\u00e7il\u0259rin m\u00fclkiyy\u0259t h\u00fcququnun pozuntusu il\u0259 ba\u011fl\u0131 iddialar\u0131n\u0131 \u0259sasl\u0131 say\u0131b, 1 sayl\u0131 Protokolun 1-ci madd\u0259sinin pozuldu\u011funa q\u0259rar verib.<\/p>\n\n\n\n<p>T\u0259zminat m\u0259s\u0259l\u0259l\u0259ri il\u0259 ba\u011fl\u0131 q\u0259rar verm\u0259y\u0259 haz\u0131r omad\u0131\u011f\u0131n\u0131 vur\u011fulayan A\u0130HM h\u00f6kum\u0259tin \u0259riz\u0259\u00e7i il\u0259 raz\u0131la\u015fmas\u0131n\u0131n m\u00fcmk\u00fcnl\u00fcy\u00fcn\u00fc ifad\u0259 edib.<\/p>\n\n\n\n<p>T\u0259r\u0259fl\u0259r q\u0259rar\u0131n q\u0259ti olmas\u0131ndan sonrak\u0131 3 ay \u0259rzind\u0259 h\u0259r hans\u0131 raz\u0131la\u015fmaya g\u0259ls\u0259l\u0259r, bununla ba\u011fl\u0131 A\u0130HM-i m\u0259lumatland\u0131rmal\u0131d\u0131lar.<\/p>\n\n\n\n<p>A\u0130HM bu hiss\u0259 il\u0259 ba\u011fl\u0131 yekun q\u0259rar\u0131n\u0131 ondan sonra a\u00e7\u0131qlayacaq.<\/p>\n\n\n\n<p>\u201cSu\u011fra Quliyeva Az\u0259rbaycana qar\u015f\u0131\u201d &#8211; i\u015fi \u0259riz\u0259\u00e7inin Saray B\u0259l\u0259diyy\u0259sind\u0259n ald\u0131\u011f\u0131 0,3 hektar torpaq sah\u0259sinin \u0259lind\u0259n al\u0131nmas\u0131 il\u0259 ba\u011fl\u0131d\u0131r.<\/p>\n\n\n\n<p>\u018friz\u0259\u00e7i h\u0259min sah\u0259d\u0259 k\u0259nd t\u0259s\u0259rr\u00fcfat\u0131 t\u0259yinatl\u0131 tikili v\u0259 ev in\u015fa edib, h\u0259min sah\u0259 \u0259razinin Milli T\u0259hl\u00fck\u0259sizlik Nazirliyin\u0259 verilm\u0259sind\u0259n sonra \u0259riz\u0259\u00e7id\u0259n al\u0131n\u0131b.<\/p>\n\n\n\n<p>M\u00fcvafiq q\u0259rarda ona t\u0259zminat \u00f6d\u0259nilm\u0259si n\u0259z\u0259rd\u0259 tutulsa da buna \u0259m\u0259l edilm\u0259mi\u015fdi.<\/p>\n\n\n\n<p>O, 178 min AZN m\u0259bl\u0259\u011find\u0259 t\u0259zminat t\u0259l\u0259bi il\u0259 Saray B\u0259l\u0259diyy\u0259si v\u0259 MTN-ni m\u0259hk\u0259m\u0259y\u0259 vermi\u015f, amma iddias\u0131 t\u0259min olunmam\u0131\u015fd\u0131.<\/p>\n\n\n\n<p>Avropa M\u0259hk\u0259m\u0259si bu i\u015fl\u0259 ba\u011fl\u0131 2021-ci ild\u0259 q\u0259rar\u0131n\u0131 a\u00e7\u0131lay\u0131b, hesab etmi\u015fdi ki, \u0259riz\u0259\u00e7iy\u0259 m\u00fcnasib\u0259td\u0259 1 sayl\u0131 Protokolun 1-ci madd\u0259si pozulub.<\/p>\n\n\n\n<p>Bu i\u015fd\u0259 \u0259riz\u0259\u00e7i maddi ziyana g\u00f6r\u0259 232.750 Az\u0259rbaycan manat\u0131, \u201citirilmi\u015f fayda\u201dya g\u00f6r\u0259 t\u0259zminat, m\u0259n\u0259vi z\u0259r\u0259r\u0259 g\u00f6r\u0259 20.000 avro v\u0259 x\u0259rc m\u0259sr\u0259fl\u0259r \u00fc\u00e7\u00fcn qeyri-m\u00fc\u0259yy\u0259n m\u0259bl\u0259\u011f t\u0259l\u0259b edib.<\/p>\n\n\n\n<p>2021-ci ild\u0259 t\u0259zminat m\u0259s\u0259l\u0259l\u0259ri il\u0259 ba\u011fl\u0131 q\u0259rar verm\u0259y\u0259 haz\u0131r omad\u0131\u011f\u0131n\u0131 vur\u011fulayan A\u0130HM h\u00f6kum\u0259tin \u0259riz\u0259\u00e7i il\u0259 raz\u0131la\u015fmas\u0131n\u0131n m\u00fcmk\u00fcnl\u00fcy\u00fcn\u00fc ifad\u0259 etmi\u015fdi.<\/p>\n\n\n\n<p>A\u0130HM bu g\u00fcn \u0259riz\u0259\u00e7inin t\u0259zminat t\u0259l\u0259bl\u0259ri il\u0259 ba\u011fl\u0131 yekun q\u0259rar\u0131n\u0131 a\u00e7\u0131qlay\u0131b.<\/p>\n\n\n\n<p>Q\u0259rara g\u00f6r\u0259, h\u00f6kum\u0259t \u0259riz\u0259\u00e7iy\u0259 maddi z\u0259r\u0259r \u0259v\u0259zi 62,200 avro (altm\u0131\u015f iki min iki y\u00fcz avro), m\u0259n\u0259vi z\u0259r\u0259r \u0259v\u0259zi 3,000 avro (\u00fc\u00e7 min avro) \u00f6d\u0259m\u0259lidir.<\/p>\n\n\n\n<p>\u201cN\u0259simi Musayev Az\u0259rbaycana qar\u015f\u0131\u201d i\u015find\u0259 qeyd olunur ki, 1993-c\u00fc ild\u0259 anadan olan v\u0259 Lerik rayonunda ya\u015fayan \u0259riz\u0259\u00e7i N\u0259simi Musayev 2011-ci ild\u0259 h\u0259rbi xidm\u0259t\u0259 \u00e7a\u011f\u0131r\u0131l\u0131b.<\/p>\n\n\n\n<p>Lerik H\u0259rbi Komissiyas\u0131 \u0259riz\u0259\u00e7inin \u015f\u0259k\u0259rli diabet x\u0259st\u0259si olmas\u0131 s\u0259b\u0259bind\u0259n s\u00fclh d\u00f6vr\u00fcnd\u0259 h\u0259rbi xidm\u0259t\u0259 yarars\u0131z, m\u00fcharib\u0259 vaxt\u0131 is\u0259 qism\u0259n yararl\u0131 olmas\u0131na q\u0259rar verib.<\/p>\n\n\n\n<p>\u018friz\u0259\u00e7i d\u0259f\u0259l\u0259rl\u0259 komissiyaya m\u00fcraci\u0259t ed\u0259r\u0259k h\u0259rbi statusunu t\u0259sdiq ed\u0259n h\u0259rbi biletin ona verilm\u0259sini xahi\u015f edib, ancaq bileti ala bilm\u0259yib.<\/p>\n\n\n\n<p>\u018friz\u0259\u00e7i 2011-ci ild\u0259 ali m\u0259kt\u0259bl\u0259r\u0259 q\u0259bul imtahan\u0131nda i\u015ftirak etm\u0259k ist\u0259yib, ancaq abituriyent olaraq, h\u0259rbi biletini t\u0259qdim ed\u0259 bilm\u0259diyind\u0259n imtahana burax\u0131lmay\u0131b.<\/p>\n\n\n\n<p>Bilet imtahan m\u00f6vs\u00fcm\u00fc ba\u015fa \u00e7atandan sonra verilib.<\/p>\n\n\n\n<p>\u018friz\u0259\u00e7i 2011-ci ilin dekabr\u0131nda Lerik H\u0259rbi Komissarl\u0131\u011f\u0131na v\u0259 M\u00fcdafi\u0259 Nazirliyin\u0259 qar\u015f\u0131 h\u00fcquqlar\u0131n\u0131n, x\u00fcsus\u0259n d\u0259 t\u0259hsil h\u00fcququnu pozmalar\u0131 \u0259sas\u0131 il\u0259 iddia qald\u0131r\u0131b, 100.000 Az\u0259rbaycan manat\u0131 m\u0259bl\u0259\u011find\u0259 m\u0259n\u0259vi ziyan \u0259v\u0259zi t\u0259l\u0259b edib.<\/p>\n\n\n\n<p>Yerli m\u0259hk\u0259m\u0259l\u0259r iddian\u0131 r\u0259dd edib.<\/p>\n\n\n\n<p>\u018friz\u0259\u00e7i A\u0130HM qar\u015f\u0131s\u0131nda \u0259dal\u0259tli m\u0259hk\u0259m\u0259 ara\u015fd\u0131rmas\u0131 (6-c\u0131 madd\u0259) v\u0259 t\u0259hsil h\u00fcququnun (Protokol 1, madd\u0259 2) pozuldu\u011funu iddia edib.<\/p>\n\n\n\n<p>Kommunikasiya zaman\u0131 h\u00f6kum\u0259t 6-c\u0131 madd\u0259nin pozuntusunu etiraf edib, \u0259riz\u0259\u00e7iy\u0259 1000 avro \u00f6d\u0259m\u0259k \u00f6hd\u0259liyi g\u00f6t\u00fcr\u00fcb.<\/p>\n\n\n\n<p>Bunu yet\u0259rli sayan A\u0130HM \u0259riz\u0259d\u0259 qald\u0131r\u0131lan dig\u0259r iddialar\u0131 q\u0259buledilm\u0259z say\u0131b.<\/p>\n","protected":false},"excerpt":{"rendered":"<p>\u0130ki q\u0259rar m\u00fclkiyy\u0259t, biri is\u0259 t\u0259hsil h\u00fcququ il\u0259 ba\u011fl\u0131d\u0131r Avropa &#8230; <\/p>\n<p class=\"read-more-container\"><a title=\"A\u0130HM Az\u0259rbaycandan ged\u0259n 8 \u0259riz\u0259 \u00fczr\u0259 3 q\u0259rar\u0131n\u0131 elan edib\" class=\"read-more button\" href=\"https:\/\/www.meydan.tv\/az\/article\/aihm-azerbaycandan-geden-8-erize-uzre-3-qerarini-elan-edib\/#more-283623\" aria-label=\"Read more about A\u0130HM Az\u0259rbaycandan ged\u0259n 8 \u0259riz\u0259 \u00fczr\u0259 3 q\u0259rar\u0131n\u0131 elan edib\">Davam\u0131<\/a><\/p>\n","protected":false},"author":18,"featured_media":227177,"comment_status":"closed","ping_status":"closed","sticky":false,"template":"","format":"standard","meta":{"_acf_changed":false,"_sitemap_exclude":false,"_sitemap_priority":"","_sitemap_frequency":"","footnotes":""},"categories":[62,56],"tags":[],"class_list":["post-283623","post","type-post","status-publish","format-standard","has-post-thumbnail","hentry","category-sosial","category-xeberler","infinite-scroll-item","generate-columns","tablet-grid-50","mobile-grid-100","grid-parent","grid-33","no-featured-image-padding"],"acf":[],"yoast_head":"<!-- This site is optimized with the Yoast SEO plugin v27.5 - https:\/\/yoast.com\/product\/yoast-seo-wordpress\/ -->\n<title>A\u0130HM Az\u0259rbaycandan ged\u0259n 8 \u0259riz\u0259 \u00fczr\u0259 3 q\u0259rar\u0131n\u0131 elan edib - MEYDAN.TV<\/title>\n<meta name=\"robots\" content=\"index, follow, max-snippet:-1, max-image-preview:large, max-video-preview:-1\" \/>\n<link rel=\"canonical\" href=\"https:\/\/www.meydan.tv\/az\/article\/aihm-azerbaycandan-geden-8-erize-uzre-3-qerarini-elan-edib\/\" \/>\n<meta property=\"og:locale\" content=\"az_AZ\" \/>\n<meta property=\"og:type\" content=\"article\" \/>\n<meta property=\"og:title\" content=\"A\u0130HM Az\u0259rbaycandan ged\u0259n 8 \u0259riz\u0259 \u00fczr\u0259 3 q\u0259rar\u0131n\u0131 elan edib - MEYDAN.TV\" \/>\n<meta property=\"og:description\" content=\"\u0130ki q\u0259rar m\u00fclkiyy\u0259t, biri is\u0259 t\u0259hsil h\u00fcququ il\u0259 ba\u011fl\u0131d\u0131r Avropa ... Davam\u0131\" \/>\n<meta property=\"og:url\" content=\"https:\/\/www.meydan.tv\/az\/article\/aihm-azerbaycandan-geden-8-erize-uzre-3-qerarini-elan-edib\/\" \/>\n<meta property=\"og:site_name\" content=\"MEYDAN.TV\" \/>\n<meta property=\"article:published_time\" content=\"2023-08-31T09:57:35+00:00\" \/>\n<meta property=\"article:modified_time\" content=\"2023-08-31T09:57:38+00:00\" \/>\n<meta property=\"og:image\" content=\"https:\/\/www.meydan.tv\/wp-content\/uploads\/shutterstock_261407981.jpg\" \/>\n\t<meta property=\"og:image:width\" content=\"1200\" \/>\n\t<meta property=\"og:image:height\" content=\"798\" \/>\n\t<meta property=\"og:image:type\" content=\"image\/jpeg\" \/>\n<meta name=\"author\" content=\"miron\" \/>\n<meta name=\"twitter:card\" content=\"summary_large_image\" \/>\n<script type=\"application\/ld+json\" class=\"yoast-schema-graph\">{\"@context\":\"https:\\\/\\\/schema.org\",\"@graph\":[{\"@type\":\"Article\",\"@id\":\"https:\\\/\\\/www.meydan.tv\\\/az\\\/article\\\/aihm-azerbaycandan-geden-8-erize-uzre-3-qerarini-elan-edib\\\/#article\",\"isPartOf\":{\"@id\":\"https:\\\/\\\/www.meydan.tv\\\/az\\\/article\\\/aihm-azerbaycandan-geden-8-erize-uzre-3-qerarini-elan-edib\\\/\"},\"author\":{\"name\":\"miron\",\"@id\":\"https:\\\/\\\/www.meydan.tv\\\/az\\\/#\\\/schema\\\/person\\\/981b0b284aeaa9ad0cbf814cd4a9d67c\"},\"headline\":\"A\u0130HM Az\u0259rbaycandan ged\u0259n 8 \u0259riz\u0259 \u00fczr\u0259 3 q\u0259rar\u0131n\u0131 elan edib\",\"datePublished\":\"2023-08-31T09:57:35+00:00\",\"dateModified\":\"2023-08-31T09:57:38+00:00\",\"mainEntityOfPage\":{\"@id\":\"https:\\\/\\\/www.meydan.tv\\\/az\\\/article\\\/aihm-azerbaycandan-geden-8-erize-uzre-3-qerarini-elan-edib\\\/\"},\"wordCount\":873,\"publisher\":{\"@id\":\"https:\\\/\\\/www.meydan.tv\\\/az\\\/#organization\"},\"image\":{\"@id\":\"https:\\\/\\\/www.meydan.tv\\\/az\\\/article\\\/aihm-azerbaycandan-geden-8-erize-uzre-3-qerarini-elan-edib\\\/#primaryimage\"},\"thumbnailUrl\":\"https:\\\/\\\/www.meydan.tv\\\/wp-content\\\/uploads\\\/shutterstock_261407981.jpg\",\"articleSection\":[\"Sosial\",\"X\u0259b\u0259rl\u0259r\"],\"inLanguage\":\"az\"},{\"@type\":\"WebPage\",\"@id\":\"https:\\\/\\\/www.meydan.tv\\\/az\\\/article\\\/aihm-azerbaycandan-geden-8-erize-uzre-3-qerarini-elan-edib\\\/\",\"url\":\"https:\\\/\\\/www.meydan.tv\\\/az\\\/article\\\/aihm-azerbaycandan-geden-8-erize-uzre-3-qerarini-elan-edib\\\/\",\"name\":\"A\u0130HM Az\u0259rbaycandan ged\u0259n 8 \u0259riz\u0259 \u00fczr\u0259 3 q\u0259rar\u0131n\u0131 elan edib - MEYDAN.TV\",\"isPartOf\":{\"@id\":\"https:\\\/\\\/www.meydan.tv\\\/az\\\/#website\"},\"primaryImageOfPage\":{\"@id\":\"https:\\\/\\\/www.meydan.tv\\\/az\\\/article\\\/aihm-azerbaycandan-geden-8-erize-uzre-3-qerarini-elan-edib\\\/#primaryimage\"},\"image\":{\"@id\":\"https:\\\/\\\/www.meydan.tv\\\/az\\\/article\\\/aihm-azerbaycandan-geden-8-erize-uzre-3-qerarini-elan-edib\\\/#primaryimage\"},\"thumbnailUrl\":\"https:\\\/\\\/www.meydan.tv\\\/wp-content\\\/uploads\\\/shutterstock_261407981.jpg\",\"datePublished\":\"2023-08-31T09:57:35+00:00\",\"dateModified\":\"2023-08-31T09:57:38+00:00\",\"breadcrumb\":{\"@id\":\"https:\\\/\\\/www.meydan.tv\\\/az\\\/article\\\/aihm-azerbaycandan-geden-8-erize-uzre-3-qerarini-elan-edib\\\/#breadcrumb\"},\"inLanguage\":\"az\",\"potentialAction\":[{\"@type\":\"ReadAction\",\"target\":[\"https:\\\/\\\/www.meydan.tv\\\/az\\\/article\\\/aihm-azerbaycandan-geden-8-erize-uzre-3-qerarini-elan-edib\\\/\"]}]},{\"@type\":\"ImageObject\",\"inLanguage\":\"az\",\"@id\":\"https:\\\/\\\/www.meydan.tv\\\/az\\\/article\\\/aihm-azerbaycandan-geden-8-erize-uzre-3-qerarini-elan-edib\\\/#primaryimage\",\"url\":\"https:\\\/\\\/www.meydan.tv\\\/wp-content\\\/uploads\\\/shutterstock_261407981.jpg\",\"contentUrl\":\"https:\\\/\\\/www.meydan.tv\\\/wp-content\\\/uploads\\\/shutterstock_261407981.jpg\",\"width\":1200,\"height\":798,\"caption\":\"Avropa M\u0259hk\u0259m\u0259si, Foto: By symbiot\\\/Shutterstock\"},{\"@type\":\"BreadcrumbList\",\"@id\":\"https:\\\/\\\/www.meydan.tv\\\/az\\\/article\\\/aihm-azerbaycandan-geden-8-erize-uzre-3-qerarini-elan-edib\\\/#breadcrumb\",\"itemListElement\":[{\"@type\":\"ListItem\",\"position\":1,\"name\":\"Ana s\u0259hif\u0259\",\"item\":\"https:\\\/\\\/www.meydan.tv\\\/az\\\/\"},{\"@type\":\"ListItem\",\"position\":2,\"name\":\"X\u0259b\u0259rl\u0259r\",\"item\":\"https:\\\/\\\/www.meydan.tv\\\/az\\\/section\\\/xeberler\\\/\"},{\"@type\":\"ListItem\",\"position\":3,\"name\":\"A\u0130HM Az\u0259rbaycandan ged\u0259n 8 \u0259riz\u0259 \u00fczr\u0259 3 q\u0259rar\u0131n\u0131 elan edib\"}]},{\"@type\":\"WebSite\",\"@id\":\"https:\\\/\\\/www.meydan.tv\\\/az\\\/#website\",\"url\":\"https:\\\/\\\/www.meydan.tv\\\/az\\\/\",\"name\":\"MEYDAN.TV\",\"description\":\"Meydan TV Az\u0259rbaycan\u0131n media m\u0259kan\u0131ndak\u0131 alternativ s\u0259sidir\",\"publisher\":{\"@id\":\"https:\\\/\\\/www.meydan.tv\\\/az\\\/#organization\"},\"potentialAction\":[{\"@type\":\"SearchAction\",\"target\":{\"@type\":\"EntryPoint\",\"urlTemplate\":\"https:\\\/\\\/www.meydan.tv\\\/az\\\/?s={search_term_string}\"},\"query-input\":{\"@type\":\"PropertyValueSpecification\",\"valueRequired\":true,\"valueName\":\"search_term_string\"}}],\"inLanguage\":\"az\"},{\"@type\":\"Organization\",\"@id\":\"https:\\\/\\\/www.meydan.tv\\\/az\\\/#organization\",\"name\":\"Meydan TV\",\"url\":\"https:\\\/\\\/www.meydan.tv\\\/az\\\/\",\"logo\":{\"@type\":\"ImageObject\",\"inLanguage\":\"az\",\"@id\":\"https:\\\/\\\/www.meydan.tv\\\/az\\\/#\\\/schema\\\/logo\\\/image\\\/\",\"url\":\"https:\\\/\\\/www.meydan.tv\\\/wp-content\\\/uploads\\\/2021\\\/07\\\/meydan-logo.svg\",\"contentUrl\":\"https:\\\/\\\/www.meydan.tv\\\/wp-content\\\/uploads\\\/2021\\\/07\\\/meydan-logo.svg\",\"width\":195,\"height\":46,\"caption\":\"Meydan TV\"},\"image\":{\"@id\":\"https:\\\/\\\/www.meydan.tv\\\/az\\\/#\\\/schema\\\/logo\\\/image\\\/\"}},{\"@type\":\"Person\",\"@id\":\"https:\\\/\\\/www.meydan.tv\\\/az\\\/#\\\/schema\\\/person\\\/981b0b284aeaa9ad0cbf814cd4a9d67c\",\"name\":\"miron\"}]}<\/script>\n<!-- \/ Yoast SEO plugin. -->","yoast_head_json":{"title":"A\u0130HM Az\u0259rbaycandan ged\u0259n 8 \u0259riz\u0259 \u00fczr\u0259 3 q\u0259rar\u0131n\u0131 elan edib - MEYDAN.TV","robots":{"index":"index","follow":"follow","max-snippet":"max-snippet:-1","max-image-preview":"max-image-preview:large","max-video-preview":"max-video-preview:-1"},"canonical":"https:\/\/www.meydan.tv\/az\/article\/aihm-azerbaycandan-geden-8-erize-uzre-3-qerarini-elan-edib\/","og_locale":"az_AZ","og_type":"article","og_title":"A\u0130HM Az\u0259rbaycandan ged\u0259n 8 \u0259riz\u0259 \u00fczr\u0259 3 q\u0259rar\u0131n\u0131 elan edib - MEYDAN.TV","og_description":"\u0130ki q\u0259rar m\u00fclkiyy\u0259t, biri is\u0259 t\u0259hsil h\u00fcququ il\u0259 ba\u011fl\u0131d\u0131r Avropa ... Davam\u0131","og_url":"https:\/\/www.meydan.tv\/az\/article\/aihm-azerbaycandan-geden-8-erize-uzre-3-qerarini-elan-edib\/","og_site_name":"MEYDAN.TV","article_published_time":"2023-08-31T09:57:35+00:00","article_modified_time":"2023-08-31T09:57:38+00:00","og_image":[{"width":1200,"height":798,"url":"https:\/\/www.meydan.tv\/wp-content\/uploads\/shutterstock_261407981.jpg","type":"image\/jpeg"}],"author":"miron","twitter_card":"summary_large_image","schema":{"@context":"https:\/\/schema.org","@graph":[{"@type":"Article","@id":"https:\/\/www.meydan.tv\/az\/article\/aihm-azerbaycandan-geden-8-erize-uzre-3-qerarini-elan-edib\/#article","isPartOf":{"@id":"https:\/\/www.meydan.tv\/az\/article\/aihm-azerbaycandan-geden-8-erize-uzre-3-qerarini-elan-edib\/"},"author":{"name":"miron","@id":"https:\/\/www.meydan.tv\/az\/#\/schema\/person\/981b0b284aeaa9ad0cbf814cd4a9d67c"},"headline":"A\u0130HM Az\u0259rbaycandan ged\u0259n 8 \u0259riz\u0259 \u00fczr\u0259 3 q\u0259rar\u0131n\u0131 elan edib","datePublished":"2023-08-31T09:57:35+00:00","dateModified":"2023-08-31T09:57:38+00:00","mainEntityOfPage":{"@id":"https:\/\/www.meydan.tv\/az\/article\/aihm-azerbaycandan-geden-8-erize-uzre-3-qerarini-elan-edib\/"},"wordCount":873,"publisher":{"@id":"https:\/\/www.meydan.tv\/az\/#organization"},"image":{"@id":"https:\/\/www.meydan.tv\/az\/article\/aihm-azerbaycandan-geden-8-erize-uzre-3-qerarini-elan-edib\/#primaryimage"},"thumbnailUrl":"https:\/\/www.meydan.tv\/wp-content\/uploads\/shutterstock_261407981.jpg","articleSection":["Sosial","X\u0259b\u0259rl\u0259r"],"inLanguage":"az"},{"@type":"WebPage","@id":"https:\/\/www.meydan.tv\/az\/article\/aihm-azerbaycandan-geden-8-erize-uzre-3-qerarini-elan-edib\/","url":"https:\/\/www.meydan.tv\/az\/article\/aihm-azerbaycandan-geden-8-erize-uzre-3-qerarini-elan-edib\/","name":"A\u0130HM Az\u0259rbaycandan ged\u0259n 8 \u0259riz\u0259 \u00fczr\u0259 3 q\u0259rar\u0131n\u0131 elan edib - MEYDAN.TV","isPartOf":{"@id":"https:\/\/www.meydan.tv\/az\/#website"},"primaryImageOfPage":{"@id":"https:\/\/www.meydan.tv\/az\/article\/aihm-azerbaycandan-geden-8-erize-uzre-3-qerarini-elan-edib\/#primaryimage"},"image":{"@id":"https:\/\/www.meydan.tv\/az\/article\/aihm-azerbaycandan-geden-8-erize-uzre-3-qerarini-elan-edib\/#primaryimage"},"thumbnailUrl":"https:\/\/www.meydan.tv\/wp-content\/uploads\/shutterstock_261407981.jpg","datePublished":"2023-08-31T09:57:35+00:00","dateModified":"2023-08-31T09:57:38+00:00","breadcrumb":{"@id":"https:\/\/www.meydan.tv\/az\/article\/aihm-azerbaycandan-geden-8-erize-uzre-3-qerarini-elan-edib\/#breadcrumb"},"inLanguage":"az","potentialAction":[{"@type":"ReadAction","target":["https:\/\/www.meydan.tv\/az\/article\/aihm-azerbaycandan-geden-8-erize-uzre-3-qerarini-elan-edib\/"]}]},{"@type":"ImageObject","inLanguage":"az","@id":"https:\/\/www.meydan.tv\/az\/article\/aihm-azerbaycandan-geden-8-erize-uzre-3-qerarini-elan-edib\/#primaryimage","url":"https:\/\/www.meydan.tv\/wp-content\/uploads\/shutterstock_261407981.jpg","contentUrl":"https:\/\/www.meydan.tv\/wp-content\/uploads\/shutterstock_261407981.jpg","width":1200,"height":798,"caption":"Avropa M\u0259hk\u0259m\u0259si, Foto: By symbiot\/Shutterstock"},{"@type":"BreadcrumbList","@id":"https:\/\/www.meydan.tv\/az\/article\/aihm-azerbaycandan-geden-8-erize-uzre-3-qerarini-elan-edib\/#breadcrumb","itemListElement":[{"@type":"ListItem","position":1,"name":"Ana s\u0259hif\u0259","item":"https:\/\/www.meydan.tv\/az\/"},{"@type":"ListItem","position":2,"name":"X\u0259b\u0259rl\u0259r","item":"https:\/\/www.meydan.tv\/az\/section\/xeberler\/"},{"@type":"ListItem","position":3,"name":"A\u0130HM Az\u0259rbaycandan ged\u0259n 8 \u0259riz\u0259 \u00fczr\u0259 3 q\u0259rar\u0131n\u0131 elan edib"}]},{"@type":"WebSite","@id":"https:\/\/www.meydan.tv\/az\/#website","url":"https:\/\/www.meydan.tv\/az\/","name":"MEYDAN.TV","description":"Meydan TV Az\u0259rbaycan\u0131n media m\u0259kan\u0131ndak\u0131 alternativ s\u0259sidir","publisher":{"@id":"https:\/\/www.meydan.tv\/az\/#organization"},"potentialAction":[{"@type":"SearchAction","target":{"@type":"EntryPoint","urlTemplate":"https:\/\/www.meydan.tv\/az\/?s={search_term_string}"},"query-input":{"@type":"PropertyValueSpecification","valueRequired":true,"valueName":"search_term_string"}}],"inLanguage":"az"},{"@type":"Organization","@id":"https:\/\/www.meydan.tv\/az\/#organization","name":"Meydan TV","url":"https:\/\/www.meydan.tv\/az\/","logo":{"@type":"ImageObject","inLanguage":"az","@id":"https:\/\/www.meydan.tv\/az\/#\/schema\/logo\/image\/","url":"https:\/\/www.meydan.tv\/wp-content\/uploads\/2021\/07\/meydan-logo.svg","contentUrl":"https:\/\/www.meydan.tv\/wp-content\/uploads\/2021\/07\/meydan-logo.svg","width":195,"height":46,"caption":"Meydan TV"},"image":{"@id":"https:\/\/www.meydan.tv\/az\/#\/schema\/logo\/image\/"}},{"@type":"Person","@id":"https:\/\/www.meydan.tv\/az\/#\/schema\/person\/981b0b284aeaa9ad0cbf814cd4a9d67c","name":"miron"}]}},"_links":{"self":[{"href":"https:\/\/www.meydan.tv\/az\/wp-json\/wp\/v2\/posts\/283623","targetHints":{"allow":["GET"]}}],"collection":[{"href":"https:\/\/www.meydan.tv\/az\/wp-json\/wp\/v2\/posts"}],"about":[{"href":"https:\/\/www.meydan.tv\/az\/wp-json\/wp\/v2\/types\/post"}],"author":[{"embeddable":true,"href":"https:\/\/www.meydan.tv\/az\/wp-json\/wp\/v2\/users\/18"}],"replies":[{"embeddable":true,"href":"https:\/\/www.meydan.tv\/az\/wp-json\/wp\/v2\/comments?post=283623"}],"version-history":[{"count":3,"href":"https:\/\/www.meydan.tv\/az\/wp-json\/wp\/v2\/posts\/283623\/revisions"}],"predecessor-version":[{"id":283641,"href":"https:\/\/www.meydan.tv\/az\/wp-json\/wp\/v2\/posts\/283623\/revisions\/283641"}],"wp:featuredmedia":[{"embeddable":true,"href":"https:\/\/www.meydan.tv\/az\/wp-json\/wp\/v2\/media\/227177"}],"wp:attachment":[{"href":"https:\/\/www.meydan.tv\/az\/wp-json\/wp\/v2\/media?parent=283623"}],"wp:term":[{"taxonomy":"category","embeddable":true,"href":"https:\/\/www.meydan.tv\/az\/wp-json\/wp\/v2\/categories?post=283623"},{"taxonomy":"post_tag","embeddable":true,"href":"https:\/\/www.meydan.tv\/az\/wp-json\/wp\/v2\/tags?post=283623"}],"curies":[{"name":"wp","href":"https:\/\/api.w.org\/{rel}","templated":true}]}}