{"id":283578,"date":"2023-08-30T15:42:38","date_gmt":"2023-08-30T11:42:38","guid":{"rendered":"https:\/\/www.meydan.tv\/?p=283578"},"modified":"2023-08-30T15:42:41","modified_gmt":"2023-08-30T11:42:41","slug":"kollegiya-zibeyde-sadiqova-barede-rey-verib-vekil-sebebini-bilmir","status":"publish","type":"post","link":"https:\/\/www.meydan.tv\/az\/article\/kollegiya-zibeyde-sadiqova-barede-rey-verib-vekil-sebebini-bilmir\/","title":{"rendered":"Kollegiya Zibeyd\u0259 Sad\u0131qova bar\u0259d\u0259 r\u0259y verib, v\u0259kil s\u0259b\u0259bini bilmir"},"content":{"rendered":"\n<p><em>&#8220;S\u0259n dem\u0259, bar\u0259md\u0259 intizam t\u0259dbiri g\u00f6rm\u0259k ist\u0259yirl\u0259rmi\u015f&#8221;<\/em><\/p>\n\n\n\n<p>V\u0259kil Zibeyd\u0259 Sad\u0131qova Az\u0259rbaycan V\u0259kill\u0259r Kollegiyas\u0131n\u0131n sentyabr\u0131n 1-d\u0259 ke\u00e7iril\u0259c\u0259k R\u0259yas\u0259t Hey\u0259ti iclas\u0131na d\u0259v\u0259t edilib.<\/p>\n\n\n\n<p>S\u0259b\u0259bini soru\u015fanda ona bar\u0259sind\u0259 r\u0259y verildiyi bildirilib.<\/p>\n\n\n\n<p>Zibeyd\u0259 Sad\u0131qova bu bar\u0259d\u0259 Meydan TV-y\u0259 dan\u0131\u015f\u0131b.<\/p>\n\n\n\n<p>O deyib ki, Kollegiyadan r\u0259yin n\u0259 bar\u0259d\u0259 oldu\u011funu soru\u015fub, mahiyy\u0259ti il\u0259 tan\u0131\u015f olmaq ist\u0259diyi deyib, ancaq ona m\u0259lumat verilm\u0259yib.<\/p>\n\n\n\n<p>Kollegiyadan bildiribl\u0259r ki, r\u0259yi yaln\u0131z imzalay\u0131b g\u00f6t\u00fcr\u0259 bil\u0259r:<\/p>\n\n\n\n<p><em>\u201c\u0130clasa iki g\u00fcn qal\u0131b, indi x\u0259b\u0259r tuturam ki, bar\u0259md\u0259 r\u0259y varm\u0131\u015f. S\u0259n dem\u0259, bar\u0259md\u0259 intizam t\u0259dbiri g\u00f6rm\u0259k ist\u0259yirl\u0259rmi\u015f<\/em>\u201d.<\/p>\n\n\n\n<p>Zibeyd\u0259 Sad\u0131qova \u0259lav\u0259 edib ki, d\u00fcn\u0259n deputatlardan biri insan haqlar\u0131 il\u0259 m\u0259\u015f\u011ful olan v\u0259kill\u0259r bar\u0259d\u0259 m\u0259qal\u0259 yaz\u0131b.<\/p>\n\n\n\n<p>O, h\u0259min m\u0259qal\u0259nin mahiyy\u0259tini indi anlay\u0131r.<\/p>\n\n\n\n<p>\u201c<em>N\u0259 ba\u015f verir, bu n\u0259 dem\u0259kdir? N\u00f6vb\u0259 m\u0259nd\u0259dir? \u0130nsan haqlar\u0131n\u0131 m\u00fcdafi\u0259 etm\u0259k cinay\u0259t deyil<\/em>\u201d, &#8211; Zibeyd\u0259 Sad\u0131qova bildirir.<\/p>\n\n\n\n<p>Meydan TV bir ne\u00e7\u0259 d\u0259f\u0259 V\u0259kill\u0259r Kollegiyas\u0131n\u0131n s\u0259dri Anar Ba\u011f\u0131rovla \u0259laq\u0259 saxlama\u011fa c\u0259hd ets\u0259 d\u0259, z\u0259ngl\u0259ri cavabs\u0131z qal\u0131b.<\/p>\n\n\n\n<p>V\u0259kill\u0259r Kollegiyas\u0131 Aparat\u0131n\u0131n ba\u015f h\u00fcquq\u015f\u00fcnas-m\u0259sl\u0259h\u0259t\u00e7isi S\u0259ttar M\u0259mm\u0259dov is\u0259 deyib ki, h\u0259l\u0259 ki R\u0259yas\u0259t Hey\u0259tinin iclas\u0131 ke\u00e7irilm\u0259yib.<\/p>\n\n\n\n<p>O, m\u0259s\u0259l\u0259 konfidensial oldu\u011fu \u00fc\u00e7\u00fcn h\u0259r hans\u0131 detall\u0131 m\u0259lumat veril\u0259 bilm\u0259y\u0259c\u0259yini deyib.<\/p>\n\n\n\n<p>&#8220;Bu bar\u0259d\u0259 Zibeyd\u0259 Sad\u0131qovaya m\u0259lumat verilib. \u0130clasda h\u0259l\u0259 ki olmay\u0131b. Ona g\u00f6r\u0259 d\u0259 konfidensial m\u0259s\u0259l\u0259 oldu\u011fu \u00fc\u00e7\u00fcn cavab ver\u0259 bilm\u0259y\u0259c\u0259yik. Yax\u015f\u0131 olar ki, siz Zibeyd\u0259 Sad\u0131qova il\u0259 \u0259laq\u0259 saxlayas\u0131n\u0131z&#8221;, &#8211; dey\u0259 o qeyd edib.<\/p>\n\n\n\n<p>Zibeyd\u0259 Sad\u0131qova daha \u00e7ox ictimai-siyasi f\u0259allar\u0131n, t\u0259nqid\u00e7i jurnalistl\u0259rin h\u00fcquqlar\u0131n\u0131 m\u00fcdafi\u0259 ed\u0259n v\u0259kildir.<\/p>\n\n\n\n<p>Onunla eyni i\u015fi g\u00f6r\u0259n bir ne\u00e7\u0259 v\u0259kilin, o c\u00fcml\u0259d\u0259n h\u0259yat yolda\u015f\u0131 El\u00e7in Sad\u0131qovun da v\u0259killik f\u0259aliyy\u0259ti dayand\u0131r\u0131l\u0131b.<\/p>\n\n\n\n<p>Buna iyulun 6-da V\u0259kill\u0259r Kollegiyas\u0131 R\u0259yas\u0259t Hey\u0259tinin iclas\u0131nda q\u0259rar verilib.<\/p>\n\n\n\n<p>El\u00e7in Sad\u0131qov v\u0259killik f\u0259aliyy\u0259tinin dayand\u0131r\u0131lmas\u0131n\u0131n s\u0259b\u0259binin siyasi oldu\u011funu d\u00fc\u015f\u00fcn\u00fcr.<\/p>\n","protected":false},"excerpt":{"rendered":"<p>&#8220;S\u0259n dem\u0259, bar\u0259md\u0259 intizam t\u0259dbiri g\u00f6rm\u0259k ist\u0259yirl\u0259rmi\u015f&#8221; V\u0259kil Zibeyd\u0259 Sad\u0131qova &#8230; <\/p>\n<p class=\"read-more-container\"><a title=\"Kollegiya Zibeyd\u0259 Sad\u0131qova bar\u0259d\u0259 r\u0259y verib, v\u0259kil s\u0259b\u0259bini bilmir\" class=\"read-more button\" href=\"https:\/\/www.meydan.tv\/az\/article\/kollegiya-zibeyde-sadiqova-barede-rey-verib-vekil-sebebini-bilmir\/#more-283578\" aria-label=\"Read more about Kollegiya Zibeyd\u0259 Sad\u0131qova bar\u0259d\u0259 r\u0259y verib, v\u0259kil s\u0259b\u0259bini bilmir\">Davam\u0131<\/a><\/p>\n","protected":false},"author":18,"featured_media":282885,"comment_status":"closed","ping_status":"closed","sticky":false,"template":"","format":"standard","meta":{"_acf_changed":false,"_sitemap_exclude":false,"_sitemap_priority":"","_sitemap_frequency":"","footnotes":""},"categories":[59,56],"tags":[],"class_list":["post-283578","post","type-post","status-publish","format-standard","has-post-thumbnail","hentry","category-siyaset","category-xeberler","infinite-scroll-item","generate-columns","tablet-grid-50","mobile-grid-100","grid-parent","grid-33","no-featured-image-padding"],"acf":[],"yoast_head":"<!-- This site is optimized with the Yoast SEO plugin v27.4 - https:\/\/yoast.com\/product\/yoast-seo-wordpress\/ -->\n<title>Kollegiya Zibeyd\u0259 Sad\u0131qova bar\u0259d\u0259 r\u0259y verib, v\u0259kil s\u0259b\u0259bini bilmir - MEYDAN.TV<\/title>\n<meta name=\"robots\" content=\"index, follow, max-snippet:-1, max-image-preview:large, max-video-preview:-1\" \/>\n<link rel=\"canonical\" href=\"https:\/\/www.meydan.tv\/az\/article\/kollegiya-zibeyde-sadiqova-barede-rey-verib-vekil-sebebini-bilmir\/\" \/>\n<meta property=\"og:locale\" content=\"az_AZ\" \/>\n<meta property=\"og:type\" content=\"article\" \/>\n<meta property=\"og:title\" content=\"Kollegiya Zibeyd\u0259 Sad\u0131qova bar\u0259d\u0259 r\u0259y verib, v\u0259kil s\u0259b\u0259bini bilmir - MEYDAN.TV\" \/>\n<meta property=\"og:description\" content=\"&#8220;S\u0259n dem\u0259, bar\u0259md\u0259 intizam t\u0259dbiri g\u00f6rm\u0259k ist\u0259yirl\u0259rmi\u015f&#8221; V\u0259kil Zibeyd\u0259 Sad\u0131qova ... Davam\u0131\" \/>\n<meta property=\"og:url\" content=\"https:\/\/www.meydan.tv\/az\/article\/kollegiya-zibeyde-sadiqova-barede-rey-verib-vekil-sebebini-bilmir\/\" \/>\n<meta property=\"og:site_name\" content=\"MEYDAN.TV\" \/>\n<meta property=\"article:published_time\" content=\"2023-08-30T11:42:38+00:00\" \/>\n<meta property=\"article:modified_time\" content=\"2023-08-30T11:42:41+00:00\" \/>\n<meta property=\"og:image\" content=\"https:\/\/www.meydan.tv\/wp-content\/uploads\/untitled-design-4-92.jpg\" \/>\n\t<meta property=\"og:image:width\" content=\"1200\" \/>\n\t<meta property=\"og:image:height\" content=\"800\" \/>\n\t<meta property=\"og:image:type\" content=\"image\/jpeg\" \/>\n<meta name=\"author\" content=\"miron\" \/>\n<meta name=\"twitter:card\" content=\"summary_large_image\" \/>\n<script type=\"application\/ld+json\" class=\"yoast-schema-graph\">{\"@context\":\"https:\\\/\\\/schema.org\",\"@graph\":[{\"@type\":\"Article\",\"@id\":\"https:\\\/\\\/www.meydan.tv\\\/az\\\/article\\\/kollegiya-zibeyde-sadiqova-barede-rey-verib-vekil-sebebini-bilmir\\\/#article\",\"isPartOf\":{\"@id\":\"https:\\\/\\\/www.meydan.tv\\\/az\\\/article\\\/kollegiya-zibeyde-sadiqova-barede-rey-verib-vekil-sebebini-bilmir\\\/\"},\"author\":{\"name\":\"miron\",\"@id\":\"https:\\\/\\\/www.meydan.tv\\\/az\\\/#\\\/schema\\\/person\\\/981b0b284aeaa9ad0cbf814cd4a9d67c\"},\"headline\":\"Kollegiya Zibeyd\u0259 Sad\u0131qova bar\u0259d\u0259 r\u0259y verib, v\u0259kil s\u0259b\u0259bini bilmir\",\"datePublished\":\"2023-08-30T11:42:38+00:00\",\"dateModified\":\"2023-08-30T11:42:41+00:00\",\"mainEntityOfPage\":{\"@id\":\"https:\\\/\\\/www.meydan.tv\\\/az\\\/article\\\/kollegiya-zibeyde-sadiqova-barede-rey-verib-vekil-sebebini-bilmir\\\/\"},\"wordCount\":450,\"publisher\":{\"@id\":\"https:\\\/\\\/www.meydan.tv\\\/az\\\/#organization\"},\"image\":{\"@id\":\"https:\\\/\\\/www.meydan.tv\\\/az\\\/article\\\/kollegiya-zibeyde-sadiqova-barede-rey-verib-vekil-sebebini-bilmir\\\/#primaryimage\"},\"thumbnailUrl\":\"https:\\\/\\\/www.meydan.tv\\\/wp-content\\\/uploads\\\/untitled-design-4-92.jpg\",\"articleSection\":[\"Siyas\u0259t\",\"X\u0259b\u0259rl\u0259r\"],\"inLanguage\":\"az\"},{\"@type\":\"WebPage\",\"@id\":\"https:\\\/\\\/www.meydan.tv\\\/az\\\/article\\\/kollegiya-zibeyde-sadiqova-barede-rey-verib-vekil-sebebini-bilmir\\\/\",\"url\":\"https:\\\/\\\/www.meydan.tv\\\/az\\\/article\\\/kollegiya-zibeyde-sadiqova-barede-rey-verib-vekil-sebebini-bilmir\\\/\",\"name\":\"Kollegiya Zibeyd\u0259 Sad\u0131qova bar\u0259d\u0259 r\u0259y verib, v\u0259kil s\u0259b\u0259bini bilmir - MEYDAN.TV\",\"isPartOf\":{\"@id\":\"https:\\\/\\\/www.meydan.tv\\\/az\\\/#website\"},\"primaryImageOfPage\":{\"@id\":\"https:\\\/\\\/www.meydan.tv\\\/az\\\/article\\\/kollegiya-zibeyde-sadiqova-barede-rey-verib-vekil-sebebini-bilmir\\\/#primaryimage\"},\"image\":{\"@id\":\"https:\\\/\\\/www.meydan.tv\\\/az\\\/article\\\/kollegiya-zibeyde-sadiqova-barede-rey-verib-vekil-sebebini-bilmir\\\/#primaryimage\"},\"thumbnailUrl\":\"https:\\\/\\\/www.meydan.tv\\\/wp-content\\\/uploads\\\/untitled-design-4-92.jpg\",\"datePublished\":\"2023-08-30T11:42:38+00:00\",\"dateModified\":\"2023-08-30T11:42:41+00:00\",\"breadcrumb\":{\"@id\":\"https:\\\/\\\/www.meydan.tv\\\/az\\\/article\\\/kollegiya-zibeyde-sadiqova-barede-rey-verib-vekil-sebebini-bilmir\\\/#breadcrumb\"},\"inLanguage\":\"az\",\"potentialAction\":[{\"@type\":\"ReadAction\",\"target\":[\"https:\\\/\\\/www.meydan.tv\\\/az\\\/article\\\/kollegiya-zibeyde-sadiqova-barede-rey-verib-vekil-sebebini-bilmir\\\/\"]}]},{\"@type\":\"ImageObject\",\"inLanguage\":\"az\",\"@id\":\"https:\\\/\\\/www.meydan.tv\\\/az\\\/article\\\/kollegiya-zibeyde-sadiqova-barede-rey-verib-vekil-sebebini-bilmir\\\/#primaryimage\",\"url\":\"https:\\\/\\\/www.meydan.tv\\\/wp-content\\\/uploads\\\/untitled-design-4-92.jpg\",\"contentUrl\":\"https:\\\/\\\/www.meydan.tv\\\/wp-content\\\/uploads\\\/untitled-design-4-92.jpg\",\"width\":1200,\"height\":800,\"caption\":\"Zibeyd\u0259 Sad\u0131qova. Foto: Meydan TV\"},{\"@type\":\"BreadcrumbList\",\"@id\":\"https:\\\/\\\/www.meydan.tv\\\/az\\\/article\\\/kollegiya-zibeyde-sadiqova-barede-rey-verib-vekil-sebebini-bilmir\\\/#breadcrumb\",\"itemListElement\":[{\"@type\":\"ListItem\",\"position\":1,\"name\":\"Ana s\u0259hif\u0259\",\"item\":\"https:\\\/\\\/www.meydan.tv\\\/az\\\/\"},{\"@type\":\"ListItem\",\"position\":2,\"name\":\"X\u0259b\u0259rl\u0259r\",\"item\":\"https:\\\/\\\/www.meydan.tv\\\/az\\\/section\\\/xeberler\\\/\"},{\"@type\":\"ListItem\",\"position\":3,\"name\":\"Kollegiya Zibeyd\u0259 Sad\u0131qova bar\u0259d\u0259 r\u0259y verib, v\u0259kil s\u0259b\u0259bini bilmir\"}]},{\"@type\":\"WebSite\",\"@id\":\"https:\\\/\\\/www.meydan.tv\\\/az\\\/#website\",\"url\":\"https:\\\/\\\/www.meydan.tv\\\/az\\\/\",\"name\":\"MEYDAN.TV\",\"description\":\"Meydan TV Az\u0259rbaycan\u0131n media m\u0259kan\u0131ndak\u0131 alternativ s\u0259sidir\",\"publisher\":{\"@id\":\"https:\\\/\\\/www.meydan.tv\\\/az\\\/#organization\"},\"potentialAction\":[{\"@type\":\"SearchAction\",\"target\":{\"@type\":\"EntryPoint\",\"urlTemplate\":\"https:\\\/\\\/www.meydan.tv\\\/az\\\/?s={search_term_string}\"},\"query-input\":{\"@type\":\"PropertyValueSpecification\",\"valueRequired\":true,\"valueName\":\"search_term_string\"}}],\"inLanguage\":\"az\"},{\"@type\":\"Organization\",\"@id\":\"https:\\\/\\\/www.meydan.tv\\\/az\\\/#organization\",\"name\":\"Meydan TV\",\"url\":\"https:\\\/\\\/www.meydan.tv\\\/az\\\/\",\"logo\":{\"@type\":\"ImageObject\",\"inLanguage\":\"az\",\"@id\":\"https:\\\/\\\/www.meydan.tv\\\/az\\\/#\\\/schema\\\/logo\\\/image\\\/\",\"url\":\"https:\\\/\\\/www.meydan.tv\\\/wp-content\\\/uploads\\\/2021\\\/07\\\/meydan-logo.svg\",\"contentUrl\":\"https:\\\/\\\/www.meydan.tv\\\/wp-content\\\/uploads\\\/2021\\\/07\\\/meydan-logo.svg\",\"width\":195,\"height\":46,\"caption\":\"Meydan TV\"},\"image\":{\"@id\":\"https:\\\/\\\/www.meydan.tv\\\/az\\\/#\\\/schema\\\/logo\\\/image\\\/\"}},{\"@type\":\"Person\",\"@id\":\"https:\\\/\\\/www.meydan.tv\\\/az\\\/#\\\/schema\\\/person\\\/981b0b284aeaa9ad0cbf814cd4a9d67c\",\"name\":\"miron\"}]}<\/script>\n<!-- \/ Yoast SEO plugin. -->","yoast_head_json":{"title":"Kollegiya Zibeyd\u0259 Sad\u0131qova bar\u0259d\u0259 r\u0259y verib, v\u0259kil s\u0259b\u0259bini bilmir - MEYDAN.TV","robots":{"index":"index","follow":"follow","max-snippet":"max-snippet:-1","max-image-preview":"max-image-preview:large","max-video-preview":"max-video-preview:-1"},"canonical":"https:\/\/www.meydan.tv\/az\/article\/kollegiya-zibeyde-sadiqova-barede-rey-verib-vekil-sebebini-bilmir\/","og_locale":"az_AZ","og_type":"article","og_title":"Kollegiya Zibeyd\u0259 Sad\u0131qova bar\u0259d\u0259 r\u0259y verib, v\u0259kil s\u0259b\u0259bini bilmir - MEYDAN.TV","og_description":"&#8220;S\u0259n dem\u0259, bar\u0259md\u0259 intizam t\u0259dbiri g\u00f6rm\u0259k ist\u0259yirl\u0259rmi\u015f&#8221; V\u0259kil Zibeyd\u0259 Sad\u0131qova ... Davam\u0131","og_url":"https:\/\/www.meydan.tv\/az\/article\/kollegiya-zibeyde-sadiqova-barede-rey-verib-vekil-sebebini-bilmir\/","og_site_name":"MEYDAN.TV","article_published_time":"2023-08-30T11:42:38+00:00","article_modified_time":"2023-08-30T11:42:41+00:00","og_image":[{"width":1200,"height":800,"url":"https:\/\/www.meydan.tv\/wp-content\/uploads\/untitled-design-4-92.jpg","type":"image\/jpeg"}],"author":"miron","twitter_card":"summary_large_image","schema":{"@context":"https:\/\/schema.org","@graph":[{"@type":"Article","@id":"https:\/\/www.meydan.tv\/az\/article\/kollegiya-zibeyde-sadiqova-barede-rey-verib-vekil-sebebini-bilmir\/#article","isPartOf":{"@id":"https:\/\/www.meydan.tv\/az\/article\/kollegiya-zibeyde-sadiqova-barede-rey-verib-vekil-sebebini-bilmir\/"},"author":{"name":"miron","@id":"https:\/\/www.meydan.tv\/az\/#\/schema\/person\/981b0b284aeaa9ad0cbf814cd4a9d67c"},"headline":"Kollegiya Zibeyd\u0259 Sad\u0131qova bar\u0259d\u0259 r\u0259y verib, v\u0259kil s\u0259b\u0259bini bilmir","datePublished":"2023-08-30T11:42:38+00:00","dateModified":"2023-08-30T11:42:41+00:00","mainEntityOfPage":{"@id":"https:\/\/www.meydan.tv\/az\/article\/kollegiya-zibeyde-sadiqova-barede-rey-verib-vekil-sebebini-bilmir\/"},"wordCount":450,"publisher":{"@id":"https:\/\/www.meydan.tv\/az\/#organization"},"image":{"@id":"https:\/\/www.meydan.tv\/az\/article\/kollegiya-zibeyde-sadiqova-barede-rey-verib-vekil-sebebini-bilmir\/#primaryimage"},"thumbnailUrl":"https:\/\/www.meydan.tv\/wp-content\/uploads\/untitled-design-4-92.jpg","articleSection":["Siyas\u0259t","X\u0259b\u0259rl\u0259r"],"inLanguage":"az"},{"@type":"WebPage","@id":"https:\/\/www.meydan.tv\/az\/article\/kollegiya-zibeyde-sadiqova-barede-rey-verib-vekil-sebebini-bilmir\/","url":"https:\/\/www.meydan.tv\/az\/article\/kollegiya-zibeyde-sadiqova-barede-rey-verib-vekil-sebebini-bilmir\/","name":"Kollegiya Zibeyd\u0259 Sad\u0131qova bar\u0259d\u0259 r\u0259y verib, v\u0259kil s\u0259b\u0259bini bilmir - MEYDAN.TV","isPartOf":{"@id":"https:\/\/www.meydan.tv\/az\/#website"},"primaryImageOfPage":{"@id":"https:\/\/www.meydan.tv\/az\/article\/kollegiya-zibeyde-sadiqova-barede-rey-verib-vekil-sebebini-bilmir\/#primaryimage"},"image":{"@id":"https:\/\/www.meydan.tv\/az\/article\/kollegiya-zibeyde-sadiqova-barede-rey-verib-vekil-sebebini-bilmir\/#primaryimage"},"thumbnailUrl":"https:\/\/www.meydan.tv\/wp-content\/uploads\/untitled-design-4-92.jpg","datePublished":"2023-08-30T11:42:38+00:00","dateModified":"2023-08-30T11:42:41+00:00","breadcrumb":{"@id":"https:\/\/www.meydan.tv\/az\/article\/kollegiya-zibeyde-sadiqova-barede-rey-verib-vekil-sebebini-bilmir\/#breadcrumb"},"inLanguage":"az","potentialAction":[{"@type":"ReadAction","target":["https:\/\/www.meydan.tv\/az\/article\/kollegiya-zibeyde-sadiqova-barede-rey-verib-vekil-sebebini-bilmir\/"]}]},{"@type":"ImageObject","inLanguage":"az","@id":"https:\/\/www.meydan.tv\/az\/article\/kollegiya-zibeyde-sadiqova-barede-rey-verib-vekil-sebebini-bilmir\/#primaryimage","url":"https:\/\/www.meydan.tv\/wp-content\/uploads\/untitled-design-4-92.jpg","contentUrl":"https:\/\/www.meydan.tv\/wp-content\/uploads\/untitled-design-4-92.jpg","width":1200,"height":800,"caption":"Zibeyd\u0259 Sad\u0131qova. Foto: Meydan TV"},{"@type":"BreadcrumbList","@id":"https:\/\/www.meydan.tv\/az\/article\/kollegiya-zibeyde-sadiqova-barede-rey-verib-vekil-sebebini-bilmir\/#breadcrumb","itemListElement":[{"@type":"ListItem","position":1,"name":"Ana s\u0259hif\u0259","item":"https:\/\/www.meydan.tv\/az\/"},{"@type":"ListItem","position":2,"name":"X\u0259b\u0259rl\u0259r","item":"https:\/\/www.meydan.tv\/az\/section\/xeberler\/"},{"@type":"ListItem","position":3,"name":"Kollegiya Zibeyd\u0259 Sad\u0131qova bar\u0259d\u0259 r\u0259y verib, v\u0259kil s\u0259b\u0259bini bilmir"}]},{"@type":"WebSite","@id":"https:\/\/www.meydan.tv\/az\/#website","url":"https:\/\/www.meydan.tv\/az\/","name":"MEYDAN.TV","description":"Meydan TV Az\u0259rbaycan\u0131n media m\u0259kan\u0131ndak\u0131 alternativ s\u0259sidir","publisher":{"@id":"https:\/\/www.meydan.tv\/az\/#organization"},"potentialAction":[{"@type":"SearchAction","target":{"@type":"EntryPoint","urlTemplate":"https:\/\/www.meydan.tv\/az\/?s={search_term_string}"},"query-input":{"@type":"PropertyValueSpecification","valueRequired":true,"valueName":"search_term_string"}}],"inLanguage":"az"},{"@type":"Organization","@id":"https:\/\/www.meydan.tv\/az\/#organization","name":"Meydan TV","url":"https:\/\/www.meydan.tv\/az\/","logo":{"@type":"ImageObject","inLanguage":"az","@id":"https:\/\/www.meydan.tv\/az\/#\/schema\/logo\/image\/","url":"https:\/\/www.meydan.tv\/wp-content\/uploads\/2021\/07\/meydan-logo.svg","contentUrl":"https:\/\/www.meydan.tv\/wp-content\/uploads\/2021\/07\/meydan-logo.svg","width":195,"height":46,"caption":"Meydan TV"},"image":{"@id":"https:\/\/www.meydan.tv\/az\/#\/schema\/logo\/image\/"}},{"@type":"Person","@id":"https:\/\/www.meydan.tv\/az\/#\/schema\/person\/981b0b284aeaa9ad0cbf814cd4a9d67c","name":"miron"}]}},"_links":{"self":[{"href":"https:\/\/www.meydan.tv\/az\/wp-json\/wp\/v2\/posts\/283578","targetHints":{"allow":["GET"]}}],"collection":[{"href":"https:\/\/www.meydan.tv\/az\/wp-json\/wp\/v2\/posts"}],"about":[{"href":"https:\/\/www.meydan.tv\/az\/wp-json\/wp\/v2\/types\/post"}],"author":[{"embeddable":true,"href":"https:\/\/www.meydan.tv\/az\/wp-json\/wp\/v2\/users\/18"}],"replies":[{"embeddable":true,"href":"https:\/\/www.meydan.tv\/az\/wp-json\/wp\/v2\/comments?post=283578"}],"version-history":[{"count":3,"href":"https:\/\/www.meydan.tv\/az\/wp-json\/wp\/v2\/posts\/283578\/revisions"}],"predecessor-version":[{"id":283586,"href":"https:\/\/www.meydan.tv\/az\/wp-json\/wp\/v2\/posts\/283578\/revisions\/283586"}],"wp:featuredmedia":[{"embeddable":true,"href":"https:\/\/www.meydan.tv\/az\/wp-json\/wp\/v2\/media\/282885"}],"wp:attachment":[{"href":"https:\/\/www.meydan.tv\/az\/wp-json\/wp\/v2\/media?parent=283578"}],"wp:term":[{"taxonomy":"category","embeddable":true,"href":"https:\/\/www.meydan.tv\/az\/wp-json\/wp\/v2\/categories?post=283578"},{"taxonomy":"post_tag","embeddable":true,"href":"https:\/\/www.meydan.tv\/az\/wp-json\/wp\/v2\/tags?post=283578"}],"curies":[{"name":"wp","href":"https:\/\/api.w.org\/{rel}","templated":true}]}}