{"id":283495,"date":"2023-08-29T14:13:53","date_gmt":"2023-08-29T10:13:53","guid":{"rendered":"https:\/\/www.meydan.tv\/?p=283495"},"modified":"2023-08-29T14:35:18","modified_gmt":"2023-08-29T10:35:18","slug":"azerbaycan-qarabag-ermenilerine-40-ton-un-gonderir","status":"publish","type":"post","link":"https:\/\/www.meydan.tv\/az\/article\/azerbaycan-qarabag-ermenilerine-40-ton-un-gonderir\/","title":{"rendered":"Az\u0259rbaycan Qaraba\u011f erm\u0259nil\u0259rin\u0259 40 ton un g\u00f6nd\u0259rir"},"content":{"rendered":"\n<figure class=\"wp-block-embed is-type-video is-provider-youtube wp-block-embed-youtube wp-embed-aspect-16-9 wp-has-aspect-ratio\"><div class=\"wp-block-embed__wrapper\">\n<iframe title=\"Erm\u0259nil\u0259r Arutyunyan\u0131n istefas\u0131n\u0131 t\u0259l\u0259b edirl\u0259r\" width=\"1200\" height=\"675\" data-src=\"https:\/\/www.youtube.com\/embed\/HuOwRTQ6Bhg?feature=oembed\" frameborder=\"0\" allow=\"accelerometer; autoplay; clipboard-write; encrypted-media; gyroscope; picture-in-picture; web-share\" allowfullscreen src=\"data:image\/svg+xml;base64,PHN2ZyB3aWR0aD0iMSIgaGVpZ2h0PSIxIiB4bWxucz0iaHR0cDovL3d3dy53My5vcmcvMjAwMC9zdmciPjwvc3ZnPg==\" class=\"lazyload\" data-load-mode=\"1\"><\/iframe>\n<\/div><\/figure>\n\n\n\n<p><em>Arutyunyan\u0131n m\u0259tbuat katibi deyir ki, bu m\u0259s\u0259l\u0259 onlarla raz\u0131la\u015fd\u0131r\u0131lmay\u0131b<\/em><\/p>\n\n\n\n<p>Az\u0259rbaycan Q\u0131z\u0131l Aypara C\u0259miyy\u0259ti Qaraba\u011f\u0131n erm\u0259ni \u0259halisin\u0259 humanitar yard\u0131m g\u00f6nd\u0259rib.<\/p>\n\n\n\n<p>Yard\u0131mda 40 ton un m\u0259mulat\u0131 oldu\u011fu bildirilir.<\/p>\n\n\n\n<p>Bu bar\u0259d\u0259 jurnalistl\u0259r\u0259 a\u00e7\u0131qlama ver\u0259n Az\u0259rbaycan Q\u0131z\u0131l Aypara C\u0259miyy\u0259tinin prezidenti Novruz Aslan deyib ki, yard\u0131m bu g\u00fcn yola d\u00fc\u015f\u0259c\u0259k:<\/p>\n\n\n\n<p>\u201c<em>Biz A\u011fdam-Xank\u0259ndi yoluna yollanaca\u011f\u0131q. \u00dcmid edirik ki, bu add\u0131m Xank\u0259ndid\u0259 ya\u015fayan erm\u0259nil\u0259r v\u0259 beyn\u0259lxalq ictimaiyy\u0259t t\u0259r\u0259find\u0259n m\u00fcsb\u0259t qar\u015f\u0131lanacaq. G\u0259l\u0259c\u0259kd\u0259 qiym\u0259tl\u0259ndirm\u0259 prosesini h\u0259yata ke\u00e7ir\u0259 bils\u0259k, onlar\u0131n dig\u0259r ehtiyac\u0131 oldu\u011fu l\u0259vazimatlar\u0131 da \u00e7atd\u0131ra bil\u0259rik<\/em>\u201d.<\/p>\n\n\n\n<p>Az\u0259rbaycan\u0131n bu add\u0131m\u0131na Qaraba\u011f separat\u00e7\u0131lar\u0131n\u0131n lideri Arayik Arutyunyan\u0131n m\u0259tbuat katibi Lusine Avanesyan cavab <a href=\"https:\/\/www.azatutyun.am\/a\/32569287.html\">verib.<\/a><\/p>\n\n\n\n<p>O bildirib ki, \u0259g\u0259r Az\u0259rbaycan, h\u0259qiq\u0259t\u0259n d\u0259, Qaraba\u011f&nbsp; xalq\u0131n\u0131n humanitar f\u0259lak\u0259tinin qar\u015f\u0131s\u0131n\u0131 almaqda maraql\u0131d\u0131rsa, o zaman La\u00e7\u0131n d\u0259hlizi il\u0259 t\u0259chizat\u0131n b\u0259rpas\u0131na izin versin:<\/p>\n\n\n\n<p>\u201c<em>Bak\u0131 bu g\u00fcn iki y\u00fck ma\u015f\u0131n\u0131 il\u0259 A\u011fdam-Stepanakert yolu il\u0259 Da\u011fl\u0131q Qaraba\u011fa 40 ton un g\u00f6nd\u0259rdiyini bildirib. Bu m\u0259s\u0259l\u0259d\u0259 Artsax (Da\u011fl\u0131q Qaraba\u011f) t\u0259r\u0259fi il\u0259 raz\u0131l\u0131\u011fa g\u0259linm\u0259yib. D\u00fc\u015f\u00fcn\u00fcr\u00fck ki, bu add\u0131m probleml\u0259rin h\u0259llin\u0259 yox, d\u0259rinl\u0259\u015fm\u0259sin\u0259 y\u00f6n\u0259lib. Az\u0259rbaycan t\u0259r\u0259fi il\u0259 h\u0259r hans\u0131 dialoq ilk n\u00f6vb\u0259d\u0259 La\u00e7\u0131n d\u0259hlizi il\u0259 gedi\u015f-g\u0259li\u015fin b\u0259rpas\u0131 il\u0259 ba\u011fl\u0131 apar\u0131lmal\u0131d\u0131r. D\u0259hliz h\u0259m insanlar\u0131n, h\u0259m d\u0259 y\u00fckl\u0259rin v\u0259 n\u0259qliyyat vasit\u0259l\u0259rinin ikit\u0259r\u0259fli h\u0259r\u0259k\u0259ti \u00fc\u00e7\u00fcn s\u0259rb\u0259st v\u0259 fasil\u0259siz f\u0259aliyy\u0259t g\u00f6st\u0259rm\u0259lidir<\/em>\u201d.<\/p>\n\n\n\n<p>Daha \u00f6nc\u0259 Erm\u0259nistan\u0131n da Xank\u0259ndiy\u0259 361 ton humanitar yard\u0131m\u0131n g\u00f6nd\u0259rdiyi bar\u0259d\u0259 m\u0259lumat a\u00e7\u0131qlam\u0131\u015fd\u0131.<\/p>\n\n\n\n<p>Ba\u015f nazir Nikol Pa\u015finyan bildirmi\u015fdi ki, yard\u0131m La\u00e7\u0131n yolu vasit\u0259sil\u0259 g\u00f6nd\u0259rilib.<\/p>\n\n\n\n<p>Sonradan is\u0259 a\u00e7\u0131qlama yay\u0131ld\u0131 ki, Az\u0259rbaycan h\u0259min yard\u0131m\u0131 buraxmaqdan imtina edib.<\/p>\n\n\n\n<p>Y\u00fck dolu ma\u015f\u0131nlar\u0131n iki \u00f6lk\u0259nin s\u0259rh\u0259dind\u0259 qal\u0131b.<\/p>\n\n\n\n<p>Az\u0259rbaycan t\u0259r\u0259f is\u0259 Qaraba\u011fda ya\u015fayan erm\u0259ni sakinl\u0259rin humanitar ehtiyaclar\u0131n\u0131 \u00f6d\u0259m\u0259k \u00fc\u00e7\u00fcn A\u011fdam-Xank\u0259ndi yolunu t\u0259klif etdiyini bildirib.<\/p>\n\n\n\n<p>Qeyd edib ki, qar\u015f\u0131 t\u0259r\u0259f bundan imtina edib.<\/p>\n\n\n\n<p>Erm\u0259nistan t\u0259r\u0259f d\u00fc\u015f\u00fcn\u00fcr ki, Bak\u0131n\u0131n La\u00e7\u0131n d\u0259hlizi il\u0259 s\u0259rb\u0259st gedi\u015f-g\u0259li\u015fi b\u0259rpa etm\u0259m\u0259k v\u0259 A\u011fdam vasit\u0259sil\u0259 humanitar yard\u0131m g\u00f6st\u0259rm\u0259k t\u0259klifinin m\u0259qs\u0259di 9 noyabr b\u0259yanat\u0131na yenid\u0259n baxmaq c\u0259hdidir.<\/p>\n\n\n\n<p>Onlar hesab edirl\u0259r ki, Az\u0259rbaycan\u0131n israrla t\u0259klif etdiyi bu yana\u015fma Qaraba\u011f xalq\u0131n\u0131n h\u00fcquqlar\u0131n\u0131 pozur, l\u0259yaq\u0259tini al\u00e7ald\u0131r v\u0259 beyn\u0259lxalq humanitar h\u00fcquqa ziddir.<\/p>\n\n\n\n<p>Erm\u0259nistan\u0131n Ba\u015f naziri Nikol Pa\u015finyan avqustun 24-d\u0259 deyib ki, onda Bak\u0131n\u0131n La\u00e7\u0131n d\u0259hlizini birt\u0259r\u0259fli qaydada a\u00e7ma\u011f\u0131 planla\u015fd\u0131rmas\u0131 bar\u0259d\u0259 m\u0259lumat var.<\/p>\n\n\n\n<p>Pa\u015finyan\u0131n s\u00f6zl\u0259rind\u0259n bel\u0259 \u00e7\u0131x\u0131b ki, Bak\u0131 Qaraba\u011f erm\u0259nil\u0259rinin regiondan \u00e7\u0131xmas\u0131na icaz\u0259 ver\u0259c\u0259k, geri d\u00f6nm\u0259l\u0259rin\u0259 is\u0259 yox.<\/p>\n\n\n\n<p>Erm\u0259nistan 2022-ci ilin dekabr\u0131ndan La\u00e7\u0131n-Xank\u0259ndi yolunun blokadada oldu\u011funu deyir.<\/p>\n\n\n\n<p>&nbsp;Az\u0259rbaycan is\u0259 bunu t\u0259kzib edir, d\u0259hlizin humanitar m\u0259qs\u0259dl\u0259r \u00fc\u00e7\u00fcn a\u00e7\u0131q oldu\u011funu bildirir.<\/p>\n\n\n\n<p>2023-c\u00fc ilin aprelind\u0259n is\u0259 Az\u0259rbaycan yolun ba\u015flan\u011f\u0131c\u0131nda s\u0259rh\u0259d-burax\u0131l\u0131\u015f m\u0259nt\u0259q\u0259si qurub.<\/p>\n\n\n\n<p>Add\u0131m Erm\u0259nistandan Az\u0259rbaycan \u0259razisin\u0259 qanunsuz silah da\u015f\u0131nmas\u0131 il\u0259 izah edilib.<\/p>\n\n\n\n<p>Erm\u0259nistan is\u0259 bu ittiham\u0131 q\u0259bul etmir.<\/p>\n\n\n\n<p>Erm\u0259nistan r\u0259smil\u0259ri hesab edirl\u0259r ki, s\u0259rh\u0259d-burax\u0131l\u0131\u015f m\u0259nt\u0259q\u0259sinin qurulmas\u0131 \u00fc\u00e7t\u0259r\u0259fli b\u0259yanata ziddir.<\/p>\n\n\n\n<p>2020-ci ild\u0259 44 g\u00fcnl\u00fck \u0130kinci Qaraba\u011f m\u00fcharib\u0259si n\u0259tic\u0259sind\u0259 Az\u0259rbaycan Qaraba\u011f\u0131n bir hiss\u0259sin\u0259 v\u0259 \u0259traf 7 rayona n\u0259zar\u0259ti b\u0259rpa edib.<\/p>\n\n\n\n<p>Az\u0259rbaycan, Erm\u0259nistan v\u0259 Rusiya r\u0259hb\u0259rliyinin birg\u0259 raz\u0131l\u015fmas\u0131 il\u0259 La\u00e7\u0131n d\u0259hlizind\u0259 v\u0259 Qaraba\u011fdak\u0131 t\u0259mas x\u0259ttind\u0259 Rusiya s\u00fclhm\u0259raml\u0131lar\u0131 yerl\u0259\u015fdirilib.<\/p>\n\n\n\n<p>Amma t\u0259r\u0259fl\u0259r aras\u0131nda indiy\u0259 kimi s\u00fclh sazi\u015fi imzalanmay\u0131b.<\/p>\n","protected":false},"excerpt":{"rendered":"<p>Arutyunyan\u0131n m\u0259tbuat katibi deyir ki, bu m\u0259s\u0259l\u0259 onlarla raz\u0131la\u015fd\u0131r\u0131lmay\u0131b Az\u0259rbaycan &#8230; <\/p>\n<p class=\"read-more-container\"><a title=\"Az\u0259rbaycan Qaraba\u011f erm\u0259nil\u0259rin\u0259 40 ton un g\u00f6nd\u0259rir\" class=\"read-more button\" href=\"https:\/\/www.meydan.tv\/az\/article\/azerbaycan-qarabag-ermenilerine-40-ton-un-gonderir\/#more-283495\" aria-label=\"Read more about Az\u0259rbaycan Qaraba\u011f erm\u0259nil\u0259rin\u0259 40 ton un g\u00f6nd\u0259rir\">Davam\u0131<\/a><\/p>\n","protected":false},"author":12,"featured_media":283497,"comment_status":"closed","ping_status":"closed","sticky":false,"template":"","format":"standard","meta":{"_acf_changed":false,"_sitemap_exclude":false,"_sitemap_priority":"","_sitemap_frequency":"","footnotes":""},"categories":[79,63,56],"tags":[],"class_list":["post-283495","post","type-post","status-publish","format-standard","has-post-thumbnail","hentry","category-featured","category-video-2","category-xeberler","infinite-scroll-item","generate-columns","tablet-grid-50","mobile-grid-100","grid-parent","grid-33","no-featured-image-padding"],"acf":[],"yoast_head":"<!-- This site is optimized with the Yoast SEO plugin v27.5 - https:\/\/yoast.com\/product\/yoast-seo-wordpress\/ -->\n<title>Az\u0259rbaycan Qaraba\u011f erm\u0259nil\u0259rin\u0259 40 ton un g\u00f6nd\u0259rir - MEYDAN.TV<\/title>\n<meta name=\"robots\" content=\"index, follow, max-snippet:-1, max-image-preview:large, max-video-preview:-1\" \/>\n<link rel=\"canonical\" href=\"https:\/\/www.meydan.tv\/az\/article\/azerbaycan-qarabag-ermenilerine-40-ton-un-gonderir\/\" \/>\n<meta property=\"og:locale\" content=\"az_AZ\" \/>\n<meta property=\"og:type\" content=\"article\" \/>\n<meta property=\"og:title\" content=\"Az\u0259rbaycan Qaraba\u011f erm\u0259nil\u0259rin\u0259 40 ton un g\u00f6nd\u0259rir - MEYDAN.TV\" \/>\n<meta property=\"og:description\" content=\"Arutyunyan\u0131n m\u0259tbuat katibi deyir ki, bu m\u0259s\u0259l\u0259 onlarla raz\u0131la\u015fd\u0131r\u0131lmay\u0131b Az\u0259rbaycan ... Davam\u0131\" \/>\n<meta property=\"og:url\" content=\"https:\/\/www.meydan.tv\/az\/article\/azerbaycan-qarabag-ermenilerine-40-ton-un-gonderir\/\" \/>\n<meta property=\"og:site_name\" content=\"MEYDAN.TV\" \/>\n<meta property=\"article:published_time\" content=\"2023-08-29T10:13:53+00:00\" \/>\n<meta property=\"article:modified_time\" content=\"2023-08-29T10:35:18+00:00\" \/>\n<meta property=\"og:image\" content=\"https:\/\/www.meydan.tv\/wp-content\/uploads\/16932927942949423883_1200x630.jpg\" \/>\n\t<meta property=\"og:image:width\" content=\"840\" \/>\n\t<meta property=\"og:image:height\" content=\"630\" \/>\n\t<meta property=\"og:image:type\" content=\"image\/jpeg\" \/>\n<meta name=\"author\" content=\"aleks\" \/>\n<meta name=\"twitter:card\" content=\"summary_large_image\" \/>\n<script type=\"application\/ld+json\" class=\"yoast-schema-graph\">{\"@context\":\"https:\\\/\\\/schema.org\",\"@graph\":[{\"@type\":\"Article\",\"@id\":\"https:\\\/\\\/www.meydan.tv\\\/az\\\/article\\\/azerbaycan-qarabag-ermenilerine-40-ton-un-gonderir\\\/#article\",\"isPartOf\":{\"@id\":\"https:\\\/\\\/www.meydan.tv\\\/az\\\/article\\\/azerbaycan-qarabag-ermenilerine-40-ton-un-gonderir\\\/\"},\"author\":{\"name\":\"aleks\",\"@id\":\"https:\\\/\\\/www.meydan.tv\\\/az\\\/#\\\/schema\\\/person\\\/476e9360e593fa131d5d71d51866f8da\"},\"headline\":\"Az\u0259rbaycan Qaraba\u011f erm\u0259nil\u0259rin\u0259 40 ton un g\u00f6nd\u0259rir\",\"datePublished\":\"2023-08-29T10:13:53+00:00\",\"dateModified\":\"2023-08-29T10:35:18+00:00\",\"mainEntityOfPage\":{\"@id\":\"https:\\\/\\\/www.meydan.tv\\\/az\\\/article\\\/azerbaycan-qarabag-ermenilerine-40-ton-un-gonderir\\\/\"},\"wordCount\":802,\"publisher\":{\"@id\":\"https:\\\/\\\/www.meydan.tv\\\/az\\\/#organization\"},\"image\":{\"@id\":\"https:\\\/\\\/www.meydan.tv\\\/az\\\/article\\\/azerbaycan-qarabag-ermenilerine-40-ton-un-gonderir\\\/#primaryimage\"},\"thumbnailUrl\":\"https:\\\/\\\/www.meydan.tv\\\/wp-content\\\/uploads\\\/16932927942949423883_1200x630.jpg\",\"articleSection\":[\"T\u00f6vsiy\u0259\",\"Video\",\"X\u0259b\u0259rl\u0259r\"],\"inLanguage\":\"az\"},{\"@type\":\"WebPage\",\"@id\":\"https:\\\/\\\/www.meydan.tv\\\/az\\\/article\\\/azerbaycan-qarabag-ermenilerine-40-ton-un-gonderir\\\/\",\"url\":\"https:\\\/\\\/www.meydan.tv\\\/az\\\/article\\\/azerbaycan-qarabag-ermenilerine-40-ton-un-gonderir\\\/\",\"name\":\"Az\u0259rbaycan Qaraba\u011f erm\u0259nil\u0259rin\u0259 40 ton un g\u00f6nd\u0259rir - MEYDAN.TV\",\"isPartOf\":{\"@id\":\"https:\\\/\\\/www.meydan.tv\\\/az\\\/#website\"},\"primaryImageOfPage\":{\"@id\":\"https:\\\/\\\/www.meydan.tv\\\/az\\\/article\\\/azerbaycan-qarabag-ermenilerine-40-ton-un-gonderir\\\/#primaryimage\"},\"image\":{\"@id\":\"https:\\\/\\\/www.meydan.tv\\\/az\\\/article\\\/azerbaycan-qarabag-ermenilerine-40-ton-un-gonderir\\\/#primaryimage\"},\"thumbnailUrl\":\"https:\\\/\\\/www.meydan.tv\\\/wp-content\\\/uploads\\\/16932927942949423883_1200x630.jpg\",\"datePublished\":\"2023-08-29T10:13:53+00:00\",\"dateModified\":\"2023-08-29T10:35:18+00:00\",\"breadcrumb\":{\"@id\":\"https:\\\/\\\/www.meydan.tv\\\/az\\\/article\\\/azerbaycan-qarabag-ermenilerine-40-ton-un-gonderir\\\/#breadcrumb\"},\"inLanguage\":\"az\",\"potentialAction\":[{\"@type\":\"ReadAction\",\"target\":[\"https:\\\/\\\/www.meydan.tv\\\/az\\\/article\\\/azerbaycan-qarabag-ermenilerine-40-ton-un-gonderir\\\/\"]}]},{\"@type\":\"ImageObject\",\"inLanguage\":\"az\",\"@id\":\"https:\\\/\\\/www.meydan.tv\\\/az\\\/article\\\/azerbaycan-qarabag-ermenilerine-40-ton-un-gonderir\\\/#primaryimage\",\"url\":\"https:\\\/\\\/www.meydan.tv\\\/wp-content\\\/uploads\\\/16932927942949423883_1200x630.jpg\",\"contentUrl\":\"https:\\\/\\\/www.meydan.tv\\\/wp-content\\\/uploads\\\/16932927942949423883_1200x630.jpg\",\"width\":840,\"height\":630,\"caption\":\"Foto: Az\u0259rtac\"},{\"@type\":\"BreadcrumbList\",\"@id\":\"https:\\\/\\\/www.meydan.tv\\\/az\\\/article\\\/azerbaycan-qarabag-ermenilerine-40-ton-un-gonderir\\\/#breadcrumb\",\"itemListElement\":[{\"@type\":\"ListItem\",\"position\":1,\"name\":\"Ana s\u0259hif\u0259\",\"item\":\"https:\\\/\\\/www.meydan.tv\\\/az\\\/\"},{\"@type\":\"ListItem\",\"position\":2,\"name\":\"X\u0259b\u0259rl\u0259r\",\"item\":\"https:\\\/\\\/www.meydan.tv\\\/az\\\/section\\\/xeberler\\\/\"},{\"@type\":\"ListItem\",\"position\":3,\"name\":\"Az\u0259rbaycan Qaraba\u011f erm\u0259nil\u0259rin\u0259 40 ton un g\u00f6nd\u0259rir\"}]},{\"@type\":\"WebSite\",\"@id\":\"https:\\\/\\\/www.meydan.tv\\\/az\\\/#website\",\"url\":\"https:\\\/\\\/www.meydan.tv\\\/az\\\/\",\"name\":\"MEYDAN.TV\",\"description\":\"Meydan TV Az\u0259rbaycan\u0131n media m\u0259kan\u0131ndak\u0131 alternativ s\u0259sidir\",\"publisher\":{\"@id\":\"https:\\\/\\\/www.meydan.tv\\\/az\\\/#organization\"},\"potentialAction\":[{\"@type\":\"SearchAction\",\"target\":{\"@type\":\"EntryPoint\",\"urlTemplate\":\"https:\\\/\\\/www.meydan.tv\\\/az\\\/?s={search_term_string}\"},\"query-input\":{\"@type\":\"PropertyValueSpecification\",\"valueRequired\":true,\"valueName\":\"search_term_string\"}}],\"inLanguage\":\"az\"},{\"@type\":\"Organization\",\"@id\":\"https:\\\/\\\/www.meydan.tv\\\/az\\\/#organization\",\"name\":\"Meydan TV\",\"url\":\"https:\\\/\\\/www.meydan.tv\\\/az\\\/\",\"logo\":{\"@type\":\"ImageObject\",\"inLanguage\":\"az\",\"@id\":\"https:\\\/\\\/www.meydan.tv\\\/az\\\/#\\\/schema\\\/logo\\\/image\\\/\",\"url\":\"https:\\\/\\\/www.meydan.tv\\\/wp-content\\\/uploads\\\/2021\\\/07\\\/meydan-logo.svg\",\"contentUrl\":\"https:\\\/\\\/www.meydan.tv\\\/wp-content\\\/uploads\\\/2021\\\/07\\\/meydan-logo.svg\",\"width\":195,\"height\":46,\"caption\":\"Meydan TV\"},\"image\":{\"@id\":\"https:\\\/\\\/www.meydan.tv\\\/az\\\/#\\\/schema\\\/logo\\\/image\\\/\"}},{\"@type\":\"Person\",\"@id\":\"https:\\\/\\\/www.meydan.tv\\\/az\\\/#\\\/schema\\\/person\\\/476e9360e593fa131d5d71d51866f8da\",\"name\":\"aleks\"}]}<\/script>\n<!-- \/ Yoast SEO plugin. -->","yoast_head_json":{"title":"Az\u0259rbaycan Qaraba\u011f erm\u0259nil\u0259rin\u0259 40 ton un g\u00f6nd\u0259rir - MEYDAN.TV","robots":{"index":"index","follow":"follow","max-snippet":"max-snippet:-1","max-image-preview":"max-image-preview:large","max-video-preview":"max-video-preview:-1"},"canonical":"https:\/\/www.meydan.tv\/az\/article\/azerbaycan-qarabag-ermenilerine-40-ton-un-gonderir\/","og_locale":"az_AZ","og_type":"article","og_title":"Az\u0259rbaycan Qaraba\u011f erm\u0259nil\u0259rin\u0259 40 ton un g\u00f6nd\u0259rir - MEYDAN.TV","og_description":"Arutyunyan\u0131n m\u0259tbuat katibi deyir ki, bu m\u0259s\u0259l\u0259 onlarla raz\u0131la\u015fd\u0131r\u0131lmay\u0131b Az\u0259rbaycan ... Davam\u0131","og_url":"https:\/\/www.meydan.tv\/az\/article\/azerbaycan-qarabag-ermenilerine-40-ton-un-gonderir\/","og_site_name":"MEYDAN.TV","article_published_time":"2023-08-29T10:13:53+00:00","article_modified_time":"2023-08-29T10:35:18+00:00","og_image":[{"width":840,"height":630,"url":"https:\/\/www.meydan.tv\/wp-content\/uploads\/16932927942949423883_1200x630.jpg","type":"image\/jpeg"}],"author":"aleks","twitter_card":"summary_large_image","schema":{"@context":"https:\/\/schema.org","@graph":[{"@type":"Article","@id":"https:\/\/www.meydan.tv\/az\/article\/azerbaycan-qarabag-ermenilerine-40-ton-un-gonderir\/#article","isPartOf":{"@id":"https:\/\/www.meydan.tv\/az\/article\/azerbaycan-qarabag-ermenilerine-40-ton-un-gonderir\/"},"author":{"name":"aleks","@id":"https:\/\/www.meydan.tv\/az\/#\/schema\/person\/476e9360e593fa131d5d71d51866f8da"},"headline":"Az\u0259rbaycan Qaraba\u011f erm\u0259nil\u0259rin\u0259 40 ton un g\u00f6nd\u0259rir","datePublished":"2023-08-29T10:13:53+00:00","dateModified":"2023-08-29T10:35:18+00:00","mainEntityOfPage":{"@id":"https:\/\/www.meydan.tv\/az\/article\/azerbaycan-qarabag-ermenilerine-40-ton-un-gonderir\/"},"wordCount":802,"publisher":{"@id":"https:\/\/www.meydan.tv\/az\/#organization"},"image":{"@id":"https:\/\/www.meydan.tv\/az\/article\/azerbaycan-qarabag-ermenilerine-40-ton-un-gonderir\/#primaryimage"},"thumbnailUrl":"https:\/\/www.meydan.tv\/wp-content\/uploads\/16932927942949423883_1200x630.jpg","articleSection":["T\u00f6vsiy\u0259","Video","X\u0259b\u0259rl\u0259r"],"inLanguage":"az"},{"@type":"WebPage","@id":"https:\/\/www.meydan.tv\/az\/article\/azerbaycan-qarabag-ermenilerine-40-ton-un-gonderir\/","url":"https:\/\/www.meydan.tv\/az\/article\/azerbaycan-qarabag-ermenilerine-40-ton-un-gonderir\/","name":"Az\u0259rbaycan Qaraba\u011f erm\u0259nil\u0259rin\u0259 40 ton un g\u00f6nd\u0259rir - MEYDAN.TV","isPartOf":{"@id":"https:\/\/www.meydan.tv\/az\/#website"},"primaryImageOfPage":{"@id":"https:\/\/www.meydan.tv\/az\/article\/azerbaycan-qarabag-ermenilerine-40-ton-un-gonderir\/#primaryimage"},"image":{"@id":"https:\/\/www.meydan.tv\/az\/article\/azerbaycan-qarabag-ermenilerine-40-ton-un-gonderir\/#primaryimage"},"thumbnailUrl":"https:\/\/www.meydan.tv\/wp-content\/uploads\/16932927942949423883_1200x630.jpg","datePublished":"2023-08-29T10:13:53+00:00","dateModified":"2023-08-29T10:35:18+00:00","breadcrumb":{"@id":"https:\/\/www.meydan.tv\/az\/article\/azerbaycan-qarabag-ermenilerine-40-ton-un-gonderir\/#breadcrumb"},"inLanguage":"az","potentialAction":[{"@type":"ReadAction","target":["https:\/\/www.meydan.tv\/az\/article\/azerbaycan-qarabag-ermenilerine-40-ton-un-gonderir\/"]}]},{"@type":"ImageObject","inLanguage":"az","@id":"https:\/\/www.meydan.tv\/az\/article\/azerbaycan-qarabag-ermenilerine-40-ton-un-gonderir\/#primaryimage","url":"https:\/\/www.meydan.tv\/wp-content\/uploads\/16932927942949423883_1200x630.jpg","contentUrl":"https:\/\/www.meydan.tv\/wp-content\/uploads\/16932927942949423883_1200x630.jpg","width":840,"height":630,"caption":"Foto: Az\u0259rtac"},{"@type":"BreadcrumbList","@id":"https:\/\/www.meydan.tv\/az\/article\/azerbaycan-qarabag-ermenilerine-40-ton-un-gonderir\/#breadcrumb","itemListElement":[{"@type":"ListItem","position":1,"name":"Ana s\u0259hif\u0259","item":"https:\/\/www.meydan.tv\/az\/"},{"@type":"ListItem","position":2,"name":"X\u0259b\u0259rl\u0259r","item":"https:\/\/www.meydan.tv\/az\/section\/xeberler\/"},{"@type":"ListItem","position":3,"name":"Az\u0259rbaycan Qaraba\u011f erm\u0259nil\u0259rin\u0259 40 ton un g\u00f6nd\u0259rir"}]},{"@type":"WebSite","@id":"https:\/\/www.meydan.tv\/az\/#website","url":"https:\/\/www.meydan.tv\/az\/","name":"MEYDAN.TV","description":"Meydan TV Az\u0259rbaycan\u0131n media m\u0259kan\u0131ndak\u0131 alternativ s\u0259sidir","publisher":{"@id":"https:\/\/www.meydan.tv\/az\/#organization"},"potentialAction":[{"@type":"SearchAction","target":{"@type":"EntryPoint","urlTemplate":"https:\/\/www.meydan.tv\/az\/?s={search_term_string}"},"query-input":{"@type":"PropertyValueSpecification","valueRequired":true,"valueName":"search_term_string"}}],"inLanguage":"az"},{"@type":"Organization","@id":"https:\/\/www.meydan.tv\/az\/#organization","name":"Meydan TV","url":"https:\/\/www.meydan.tv\/az\/","logo":{"@type":"ImageObject","inLanguage":"az","@id":"https:\/\/www.meydan.tv\/az\/#\/schema\/logo\/image\/","url":"https:\/\/www.meydan.tv\/wp-content\/uploads\/2021\/07\/meydan-logo.svg","contentUrl":"https:\/\/www.meydan.tv\/wp-content\/uploads\/2021\/07\/meydan-logo.svg","width":195,"height":46,"caption":"Meydan TV"},"image":{"@id":"https:\/\/www.meydan.tv\/az\/#\/schema\/logo\/image\/"}},{"@type":"Person","@id":"https:\/\/www.meydan.tv\/az\/#\/schema\/person\/476e9360e593fa131d5d71d51866f8da","name":"aleks"}]}},"_links":{"self":[{"href":"https:\/\/www.meydan.tv\/az\/wp-json\/wp\/v2\/posts\/283495","targetHints":{"allow":["GET"]}}],"collection":[{"href":"https:\/\/www.meydan.tv\/az\/wp-json\/wp\/v2\/posts"}],"about":[{"href":"https:\/\/www.meydan.tv\/az\/wp-json\/wp\/v2\/types\/post"}],"author":[{"embeddable":true,"href":"https:\/\/www.meydan.tv\/az\/wp-json\/wp\/v2\/users\/12"}],"replies":[{"embeddable":true,"href":"https:\/\/www.meydan.tv\/az\/wp-json\/wp\/v2\/comments?post=283495"}],"version-history":[{"count":4,"href":"https:\/\/www.meydan.tv\/az\/wp-json\/wp\/v2\/posts\/283495\/revisions"}],"predecessor-version":[{"id":283524,"href":"https:\/\/www.meydan.tv\/az\/wp-json\/wp\/v2\/posts\/283495\/revisions\/283524"}],"wp:featuredmedia":[{"embeddable":true,"href":"https:\/\/www.meydan.tv\/az\/wp-json\/wp\/v2\/media\/283497"}],"wp:attachment":[{"href":"https:\/\/www.meydan.tv\/az\/wp-json\/wp\/v2\/media?parent=283495"}],"wp:term":[{"taxonomy":"category","embeddable":true,"href":"https:\/\/www.meydan.tv\/az\/wp-json\/wp\/v2\/categories?post=283495"},{"taxonomy":"post_tag","embeddable":true,"href":"https:\/\/www.meydan.tv\/az\/wp-json\/wp\/v2\/tags?post=283495"}],"curies":[{"name":"wp","href":"https:\/\/api.w.org\/{rel}","templated":true}]}}