{"id":283432,"date":"2023-08-28T18:22:04","date_gmt":"2023-08-28T14:22:04","guid":{"rendered":"https:\/\/www.meydan.tv\/?p=283432"},"modified":"2023-08-29T16:06:43","modified_gmt":"2023-08-29T12:06:43","slug":"fetocu-saxta-pul-kesen-dini-ekstremist-qubad-ibadogluna-qarsi-ireli-surulen-ittihamlar","status":"publish","type":"post","link":"https:\/\/www.meydan.tv\/az\/article\/fetocu-saxta-pul-kesen-dini-ekstremist-qubad-ibadogluna-qarsi-ireli-surulen-ittihamlar\/","title":{"rendered":"Feto\u00e7u, saxta pul k\u0259s\u0259n, dini ekstremist &#8211; Qubad \u0130bado\u011fluna qar\u015f\u0131 ir\u0259li s\u00fcr\u00fcl\u0259n ittihamlar"},"content":{"rendered":"\n<figure class=\"wp-block-embed is-type-video is-provider-youtube wp-block-embed-youtube wp-embed-aspect-16-9 wp-has-aspect-ratio\"><div class=\"wp-block-embed__wrapper\">\n<iframe title=\"Feto\u00e7u, saxta pul k\u0259s\u0259n, dini ekstremist - Qubad \u0130bado\u011fluna qar\u015f\u0131 ir\u0259li s\u00fcr\u00fcl\u0259n ittihamlar\" width=\"1200\" height=\"675\" data-src=\"https:\/\/www.youtube.com\/embed\/u4_-GEvOsGo?feature=oembed\" frameborder=\"0\" allow=\"accelerometer; autoplay; clipboard-write; encrypted-media; gyroscope; picture-in-picture; web-share\" allowfullscreen src=\"data:image\/svg+xml;base64,PHN2ZyB3aWR0aD0iMSIgaGVpZ2h0PSIxIiB4bWxucz0iaHR0cDovL3d3dy53My5vcmcvMjAwMC9zdmciPjwvc3ZnPg==\" class=\"lazyload\" data-load-mode=\"1\"><\/iframe>\n<\/div><\/figure>\n\n\n\n<p>D\u00fcnyan\u0131n m\u0259\u015fhur universitetl\u0259rind\u0259 d\u0259rs dey\u0259n iqtisad\u00e7\u0131 v\u0259 ADR Partiyas\u0131n\u0131n s\u0259dri Qubad \u0130bado\u011flu Az\u0259rbaycanda niy\u0259 h\u0259bs olundu? \u00d6lk\u0259 daxilind\u0259 v\u0259 xaricind\u0259 buna nec\u0259 reaksiya verildi?<\/p>\n\n\n\n<p>Avqustun 25-d\u0259 art\u0131q bir aydan \u00e7oxdur ki, h\u0259bsd\u0259 olan Qubad \u0130bado\u011fluya qar\u015f\u0131 daha bir ittiham\u0131n ir\u0259li s\u00fcr\u00fcld\u00fcy\u00fc m\u0259lum oldu. Bu d\u0259f\u0259 iqtisad\u00e7\u0131 \u201cdini ekstremist materiallar\u0131 haz\u0131rlama, saxlama, yayma v\u0259 ya bu \u0259m\u0259ll\u0259ri maliyy\u0259l\u0259\u015fdirm\u0259\u201dd\u0259 ittiham olunur. <strong><\/strong><\/p>\n\n\n\n<p>Qubad \u0130bado\u011flu iyulun 23-d\u0259 h\u0259yat yolda\u015f\u0131 \u0130rad\u0259 Bayramova il\u0259 Sumqay\u0131tdan Saray ba\u011flar\u0131 deyil\u0259n \u0259razid\u0259n \u00f6z ba\u011f\u0131na qay\u0131dark\u0259n saxlan\u0131l\u0131b.<\/p>\n\n\n\n<p>Onlar\u0131 M\u00fct\u0259\u015f\u0259kkil Cinay\u0259tkarl\u0131qla Ba\u015f M\u00fcbariz\u0259 \u0130dar\u0259sinin (MCBM\u0130) \u0259m\u0259liyyat\u00e7\u0131lar\u0131 h\u0259bs ed\u0259r\u0259k idar\u0259y\u0259 apar\u0131rlar. H\u0259min g\u00fcn ax\u015fam saatlar\u0131nda iqtisad\u00e7\u0131n\u0131n N\u0259rimanov rayonunda yerl\u0259\u015f\u0259n ke\u00e7mi\u015f evind\u0259, haz\u0131rda is\u0259 sad\u0259c\u0259 ofis olaraq f\u0259aliyy\u0259t g\u00f6st\u0259r\u0259n \u00fcnvanda axtar\u0131\u015f apar\u0131l\u0131r v\u0259 20 000 dollar civar\u0131nda saxta dollar \u0259skinas\u0131 a\u015fakarlanaraq g\u00f6t\u00fcr\u00fcl\u00fcr.<\/p>\n\n\n\n<p>El\u0259 h\u0259min g\u00fcn \u0130bado\u011flu h\u0259bs edilir v\u0259 ona qar\u015f\u0131 Cinay\u0259t M\u0259c\u0259ll\u0259sinin 204.3.1 ( saxta pul v\u0259 ya qiym\u0259tli ka\u011f\u0131zlar haz\u0131rlama, \u0259ld\u0259 etm\u0259 v\u0259 ya satma m\u00fct\u0259\u015f\u0259kkil d\u0259st\u0259 t\u0259r\u0259find\u0259n t\u00f6r\u0259dildikd\u0259) madd\u0259si il\u0259 ittiham ir\u0259li s\u00fcr\u00fcl\u00fcr. Bu madd\u0259 il\u0259 onu 8 ild\u0259n 12 il\u0259 q\u0259d\u0259r h\u0259bs c\u0259zas\u0131 k\u0259sil\u0259 bil\u0259r.<\/p>\n\n\n<div class=\"wp-block-image\">\n<figure class=\"alignleft size-large is-resized\"><img decoding=\"async\" data-src=\"https:\/\/www.meydan.tv\/wp-content\/uploads\/image_from_ios_176-1200x800.jpg\" alt=\"Qubad \u0130bado\u011flu\" class=\"wp-image-210007 lazyload\" style=\"--smush-placeholder-width: 292px; --smush-placeholder-aspect-ratio: 292\/195;width:292px;height:195px\" width=\"292\" height=\"195\" src=\"data:image\/svg+xml;base64,PHN2ZyB3aWR0aD0iMSIgaGVpZ2h0PSIxIiB4bWxucz0iaHR0cDovL3d3dy53My5vcmcvMjAwMC9zdmciPjwvc3ZnPg==\" \/><figcaption class=\"wp-element-caption\">M\u0259nb\u0259: Meydan TV<\/figcaption><\/figure>\n<\/div>\n\n\n<p><strong>Qubad \u0130bad o\u011flu Bayramov 1951-ci ild\u0259 Fizuli rayonun A\u015fa\u011f\u0131 G\u00fczd\u0259k k\u0259ndind\u0259 anadan olub. O, 20 il\u0259 yax\u0131n m\u00fcdd\u0259td\u0259 \u0130qtisad Universitetind\u0259 \u201c\u0130qtisadi t\u0259hlil\u201d kafedras\u0131nda \u00e7al\u0131\u015f\u0131b.<\/strong><\/p>\n\n\n\n<p><strong>2004-2005-ci t\u0259dris ilind\u0259 Budape\u015ftin M\u0259rk\u0259zi Avropa Universitetind\u0259, 2008-2009-cu t\u0259dris ilind\u0259 AB\u015e-\u0131n \u00c7apel Hil \u015eimali Karolina, 2015-2016-c\u0131 t\u0259dris ilind\u0259 Dy\u00fck Universitetind\u0259, 2017-2018-ci t\u0259dris ilind\u0259 Prinston Qabaqc\u0131l T\u0259dqiqatlar \u0130nstitutunda, 2018-2021-ci ill\u0259rd\u0259 Nyu Cersid\u0259 Ratgers Universitetind\u0259 elmi t\u0259dqiqatlarla v\u0259 pedoqoji f\u0259aliyy\u0259tl\u0259 m\u0259\u015f\u011ful olub. Son i\u015f yeri London \u0130qtisadiyyat v\u0259 Siyasi Elml\u0259r M\u0259kt\u0259bidir.<\/strong><\/p>\n\n\n\n<p><strong>Siyasi f\u0259aliyy\u0259tin\u0259 M\u00fcsavat Partiyas\u0131 il\u0259 ba\u015flayan \u0130bado\u011flu 2015-ci ild\u0259 oradan uzaqla\u015f\u0131b, 2015-ci ilin fevral\u0131nda yarad\u0131lan Az\u0259rbaycan Demokratiya v\u0259 Rifah H\u0259r\u0259kat\u0131n\u0131n t\u0259sis\u00e7il\u0259rind\u0259n olub. El\u0259 h\u0259min il d\u0259 h\u0259r\u0259kat\u0131n s\u0259dri se\u00e7ilib. 2021-ci ild\u0259 h\u0259r\u0259kat r\u0259smi olaraq partiyaya \u00e7evrilib.<\/strong><\/p>\n\n\n\n<p><strong>\u0130qtisad\u00e7\u0131 uzun ill\u0259r v\u0259t\u0259nda\u015f c\u0259miyy\u0259tind\u0259, m\u00fcxt\u0259lif QHT il\u0259 s\u0131x \u0259m\u0259kda\u015fl\u0131q edib. Bel\u0259 ki, 1995-1999-cu ill\u0259rd\u0259 \u201cEkonomiks\u201d iqtisadiyyat q\u0259zetinin ba\u015f redaktoru, 1 yanvar 2000-ci ild\u0259n is\u0259 elmi-iqtisadi d\u0259rgi olan \u201cEkspert\u201din ba\u015f redaktoru olub. 2002-ci ild\u0259 \u0130qtisadi T\u0259dqiqatlar M\u0259rk\u0259zinin idar\u0259 hey\u0259tinin s\u0259dri, 2007-ci ild\u0259n ictimai birlikl\u0259rin M\u0259d\u0259n S\u0259nayesind\u0259 \u015e\u0259faffl\u0131\u011f\u0131n Art\u0131r\u0131lmas\u0131 Koalisiyas\u0131n\u0131n \u0259laq\u0259l\u0259ndiricisidir.<\/strong><\/p>\n\n\n\n<p><strong>2008-ci ild\u0259 q\u0259rargah\u0131 Londonda yerl\u0259\u015f\u0259n &#8220;\u00d6d\u0259diyini A\u00e7\u0131qla&#8221; Beyn\u0259lxalq Koalisiyas\u0131n\u0131n Strateji M\u0259sl\u0259h\u0259t Qrupunun, 2009-cu ild\u0259 Qara D\u0259niz QHT Forumunun \u0130dar\u0259 Hey\u0259tinin, 2013\u20132019-cu ill\u0259rd\u0259 Mineral Ehtiyatlar\u0131n Hasilat\u0131 il\u0259 M\u0259\u015f\u011ful olan S\u0259naye Sah\u0259l\u0259rind\u0259 \u015e\u0259ffafl\u0131q T\u0259\u015f\u0259bb\u00fcs\u00fcn\u00fcn (MH\u015eT) Beyn\u0259lxalq \u0130dar\u0259 Hey\u0259tinin \u00fczv\u00fc olub.<\/strong><\/p>\n\n\n\n<h4 class=\"wp-block-heading\"><strong>Ba\u011f yolunda \u0259m\u0259liyyat<\/strong><\/h4>\n\n\n\n<p>Qubad \u0130bado\u011flu il\u0259 birg\u0259 saxlan\u0131laraq M\u00fct\u0259\u015f\u0259kkil Cinay\u0259tkarl\u0131qla Ba\u015f M\u00fcbariz\u0259 \u0130dar\u0259sin\u0259 apar\u0131lan h\u0259yat yolda\u015f\u0131 \u0130rad\u0259 Bayramova hadis\u0259nin \u015fokundan h\u0259l\u0259 d\u0259 \u00e7\u0131xa bilm\u0259diyini deyir:<\/p>\n\n\n\n<p><em>\u201cBiz kanal\u0131n \u00fcst\u00fc il\u0259 gedirdik, yolda bir ma\u015f\u0131n\u0131n bizi izl\u0259diyini, sonra is\u0259 ke\u00e7m\u0259y\u0259 \u00e7al\u0131\u015fd\u0131\u011f\u0131n\u0131 g\u00f6rd\u00fck. O yol \u00e7ox dar yoldur, \u0259kst\u0259r\u0259fli h\u0259r\u0259k\u0259t zola\u011f\u0131 var. Arxadan g\u0259l\u0259n ma\u015f\u0131n bizi s\u0131xma\u011fa ba\u015flad\u0131, yolun dig\u0259r t\u0259r\u0259fi is\u0259 kanal idi. Biz ma\u015f\u0131n\u0131 k\u0259nara \u00e7\u0259kdikd\u0259 avtomobil d\u00fcz bizim qar\u015f\u0131m\u0131zda saxlad\u0131 v\u0259 m\u0259n q\u0259fil dayanmaya g\u00f6r\u0259 s\u00fcr\u0259tl\u0259 ir\u0259liy\u0259 do\u011fru \u0259yildim. T\u0259hl\u00fck\u0259sizlik k\u0259m\u0259rini ba\u011flamasayd\u0131m, y\u0259qin ki, ma\u015f\u0131ndan \u00e7\u00f6l\u0259 d\u00fc\u015f\u0259rdim. Ma\u015f\u0131n\u0131 saxlayan kimi arxada da bir ne\u00e7\u0259 avtomobil dayand\u0131\u201d.<\/em><\/p>\n\n\n\n<p>\u018ftraflar\u0131nda \u00e7oxsayl\u0131 eyni geyimli \u015f\u0259xsl\u0259ri g\u00f6r\u0259n \u0130rad\u0259 Bayramova n\u0259 ba\u015f verdiyini anlamay\u0131b. O, \u00f6z\u00fcn\u0259 g\u0259lm\u0259mi\u015f qap\u0131n\u0131n a\u00e7\u0131ld\u0131\u011f\u0131n\u0131 v\u0259 tan\u0131mad\u0131\u011f\u0131 \u015f\u0259xsin \u00f6z\u00fcn\u00fc t\u0259qdim etm\u0259d\u0259n t\u0259hl\u00fck\u0259sizlik k\u0259m\u0259rini a\u00e7araq onu avtomobild\u0259n d\u00fc\u015f\u00fcrd\u00fcy\u00fcn\u00fc deyir:<\/p>\n\n\n\n<p><em>\u201cBu adamlar h\u00fcquq-m\u00fchafiz\u0259 orqan\u0131 \u0259m\u0259kda\u015f\u0131ndan \u00e7ox qurldurlara b\u0259nz\u0259yirdil\u0259r. M\u0259ni avtomobild\u0259n d\u00fc\u015f\u00fcrd\u00fckd\u0259n sonra baxd\u0131m ki, \u0259traf\u0131mda bu c\u00fcr 5-6 n\u0259f\u0259r qara q\u0131saqol k\u00f6yn\u0259kli v\u0259 qara \u015falvarl\u0131 \u015f\u0259xsl\u0259r dayan\u0131b. M\u0259ni dig\u0259r avtomobil\u0259 oturtduqlar\u0131 zaman g\u00f6rd\u00fcm ki, avtomobilin qap\u0131lar\u0131n\u0131 ba\u011flay\u0131rlar, o zaman n\u0259 ba\u015f verdiyini anlad\u0131m v\u0259 \u00f6z\u00fcm\u00fc avtomobild\u0259n yer\u0259 atd\u0131m. Avtomobilin qap\u0131s\u0131n\u0131 tutub insanlar\u0131 k\u00f6m\u0259y\u0259 \u00e7a\u011f\u0131rma\u011fa, ya\u015fl\u0131 v\u0259 x\u0259st\u0259 insan oldu\u011fumuzu, bizim orqanlar\u0131m\u0131z\u0131n da he\u00e7 kim\u0259 yaramayaca\u011f\u0131n\u0131 deyib q\u0131\u015fq\u0131rma\u011fa ba\u015flad\u0131m. M\u0259n\u0259 el\u0259 g\u0259lirdi ki, bu \u015f\u0259xsl\u0259r ya quldur, ya da orqan alver\u00e7il\u0259ridir. Ba\u015fqa he\u00e7 n\u0259 d\u00fc\u015f\u00fcn\u0259 bilmirdim\u201d.<\/em><\/p>\n\n\n\n<p>\u0130rad\u0259 Bayramovan\u0131n avtomobilin qap\u0131s\u0131ndan yap\u0131\u015f\u0131b m\u00fcqavim\u0259t g\u00f6st\u0259rm\u0259si onun bir ne\u00e7\u0259 \u0259m\u0259kda\u015f t\u0259r\u0259find\u0259n zorak\u0131l\u0131qla avtomobil\u0259 oturdulmas\u0131 il\u0259 n\u0259tic\u0259l\u0259nir. O, \u00f6z\u00fc d\u0259 b\u0259d\u0259nind\u0259ki zorak\u0131l\u0131q izl\u0259rinin sonradan f\u0259rqin\u0259 var\u0131r.<\/p>\n\n\n\n<p><strong>\u201cO\u011flum dollar g\u00f6rs\u0259, tan\u0131maz\u201d<\/strong><\/p>\n\n\n\n<p>\u0130yunun 24-d\u0259 Qubad \u0130bado\u011fludan ba\u015fqa FET\u00d6 il\u0259 \u0259laq\u0259d\u0259 \u015f\u00fcbh\u0259li bilin\u0259n daha \u00fc\u00e7 n\u0259f\u0259r saxlan\u0131l\u0131b, onlar\u0131n da bar\u0259sind\u0259 4 ay m\u00fcdd\u0259tin\u0259 h\u0259bs q\u0259ti imkan t\u0259dbiri se\u00e7ilib. Guya ki, FET\u00d6 il\u0259 \u0259m\u0259kda\u015fl\u0131q ed\u0259n h\u0259min adamlar da \u00f6z ifad\u0259l\u0259rind\u0259 Qubad \u0130bado\u011flu il\u0259 \u0259laq\u0259l\u0259rinin oldu\u011funu bildiribl\u0259r.&nbsp;&nbsp;<\/p>\n\n\n\n<p>Anar \u018fliyevin anas\u0131 \u00c7imnaz \u0130manova is\u0259 Meydan TV-y\u0259 m\u00fcsahib\u0259sind\u0259 n\u0259 Q.\u0130bado\u011flunu tan\u0131ld\u0131qlar\u0131n\u0131, n\u0259 d\u0259 o\u011flunun dollar\u0131 tan\u0131d\u0131\u011f\u0131n\u0131 deyir.<\/p>\n\n\n\n<p><strong><em>\u201c<\/em><\/strong><em>Anar\u0131n dollar\u0131 olsayd\u0131, x\u0259st\u0259 anas\u0131n\u0131n kreditl\u0259rini \u00f6d\u0259y\u0259rdi<strong>\u201d,<\/strong><\/em><strong> &#8211; <\/strong>dey\u0259n \u00c7.\u0130manova Bin\u0259q\u0259dinin \u0259sas\u0259n kas\u0131b \u0259halisinin ya\u015fad\u0131\u011f\u0131 dar dalanlar\u0131ndan birind\u0259, ki\u00e7ik giri\u015fi v\u0259 ikig\u00f6z ota\u011f\u0131 olan evd\u0259 ya\u015fay\u0131r.<\/p>\n\n\n\n<p>Anar \u018fliyevin anas\u0131 uzun ill\u0259r Bak\u0131n\u0131n N\u0259simi rayonundak\u0131 19 sayl\u0131 orta m\u0259kt\u0259bd\u0259 ibtidai sinif m\u00fc\u0259llimi i\u015fl\u0259yib. Haz\u0131rda t\u0259qa\u00fcdd\u0259dir. O\u011flunun s\u00fcr\u00fcc\u00fc i\u015fl\u0259diyini deyir.<\/p>\n\n\n\n<p>O\u011flunun h\u0259bsin\u0259 g\u0259linc\u0259 is\u0259 ana bildirdi ki, o\u011flu iyulun 20-si ax\u015fam saatlar\u0131nda evd\u0259n \u00e7\u0131x\u0131b v\u0259 g\u0259lm\u0259yib.<\/p>\n\n\n\n<p>Ay\u0131n 21-d\u0259 o\u011flunun harada saxlanmas\u0131ndan narahat qalan ana b\u00fct\u00fcn polis idar\u0259l\u0259rin\u0259 z\u0259ng vurub, o\u011flunun atas\u0131 il\u0259 birg\u0259 onu axtard\u0131\u011f\u0131n\u0131 deyir:<\/p>\n\n\n\n<p><em>\u201cH\u0259l\u0259 d\u0259 bilmir\u0259m ki, balam n\u0259 \u00fcstd\u0259 gedib. G\u00f6r\u00fc\u015f \u00fc\u00e7\u00fcn d\u0259 polis \u00f6z\u00fc g\u0259lmi\u015fdi, dedi ki, Anar s\u0259ni g\u00f6rm\u0259k ist\u0259yir. \u015e\u0259k\u0259rim var, \u00fcr\u0259yim d\u0259 x\u0259st\u0259dir. Dedim ki, ay o\u011ful, bu, n\u0259 i\u015f idi m\u0259nim ba\u015f\u0131ma a\u00e7d\u0131n? 3 n\u0259f\u0259r m\u00fcst\u0259ntiqin yan\u0131nda Anarla g\u00f6r\u00fc\u015fd\u00fcm, n\u0259 a\u011f, n\u0259 qara, he\u00e7 n\u0259 dan\u0131\u015fa bilm\u0259dim. <\/em><em>Orada da hal\u0131m pisl\u0259\u015fdi, d\u0259rman i\u00e7dim, bir az da oturdum g\u0259ldim. G\u0259l\u0259n d\u0259 \u201eBanditzm\u201cd\u0259n g\u0259lmi\u015fdi\u201d.<\/em><\/p>\n\n\n\n<figure class=\"wp-block-pullquote\"><blockquote><p><strong>\u201cAz\u0259rbaycan hakimiyy\u0259ti n\u0259zar\u0259t etm\u0259diyi b\u00fct\u00fcn \u015feyl\u0259rd\u0259n qorxur\u201d<\/strong><\/p><\/blockquote><\/figure>\n\n\n<div class=\"wp-block-image\">\n<figure class=\"alignright size-large is-resized\"><img decoding=\"async\" data-src=\"https:\/\/www.meydan.tv\/wp-content\/uploads\/anar_memmedli-1200x800.jpg\" alt=\"Anar M\u0259mm\u0259dli\" class=\"wp-image-210070 lazyload\" style=\"--smush-placeholder-width: 350px; --smush-placeholder-aspect-ratio: 350\/233;width:350px;height:233px\" width=\"350\" height=\"233\" src=\"data:image\/svg+xml;base64,PHN2ZyB3aWR0aD0iMSIgaGVpZ2h0PSIxIiB4bWxucz0iaHR0cDovL3d3dy53My5vcmcvMjAwMC9zdmciPjwvc3ZnPg==\" \/><figcaption class=\"wp-element-caption\">Anar M\u0259mm\u0259dli, Foto:  Meydan TV<\/figcaption><\/figure>\n<\/div>\n\n\n<p><em>\u201cQubad b\u0259y s\u0131radan bir \u015f\u0259xs deyil. \u00d6lk\u0259d\u0259 uzun ill\u0259r ictimai-siyasi f\u0259aliyy\u0259tl\u0259 m\u0259\u015f\u011ful olan bir \u015f\u0259xsdir. \u00c7oxsayl\u0131 ara\u015fd\u0131rmalar\u0131n m\u00fc\u0259llifidir, son zamanlar siyasi h\u0259r\u0259kat yarad\u0131b v\u0259 siyasi iddias\u0131n\u0131 ortaya qoyub. Demokratiya v\u0259 Rifah h\u0259r\u0259kat\u0131n\u0131n lideridir. Bel\u0259 bir \u015f\u0259xsin qondarma ittihamlarla h\u0259bs olunmas\u0131 ist\u0259r-ist\u0259m\u0259z onun siyasi motivl\u0259rl\u0259 h\u0259bs olunmas\u0131na dair r\u0259y yarad\u0131r\u201d, <\/em>&#8211; h\u00fcquq m\u00fcdafi\u0259\u00e7isi Anar M\u0259mm\u0259dli deyir. &#8211; <em>M\u0259s\u0259l\u0259nin dig\u0259r t\u0259r\u0259fi &#8211; Qubad b\u0259yin h\u0259bsin\u0259 Az\u0259rbaycandak\u0131 uzun ill\u0259r davam ed\u0259n siyasi repressiyalar\u0131n m\u00fcst\u0259visind\u0259 baxmaq laz\u0131md\u0131r. Qubad b\u0259y siyasi motivl\u0259rl\u0259 h\u0259bs olunan n\u0259 ilk, n\u0259 d\u0259 sonuncu \u015f\u0259xsdir. \u00d6lk\u0259d\u0259 el\u0259 bir siyasi m\u00fchit yarad\u0131l\u0131b ki, insanlar f\u0259rqli fikirl\u0259rin\u0259 g\u00f6r\u0259, h\u0259tta \u201cFacebook\u201dda yaz\u0131lan filkirl\u0259rin\u0259 g\u00f6r\u0259 polis t\u0259r\u0259find\u0259n saxlan\u0131l\u0131rlar, qorxuya, t\u0259zyiq\u0259 m\u0259ruz qal\u0131rlar\u201d.<\/em><\/p>\n\n\n\n<p>Qubad \u0130bado\u011flunun h\u0259bs s\u0259b\u0259bl\u0259ri aras\u0131nda m\u00fczakir\u0259 olunan \u0259sas m\u0259qamlardan biri onun t\u0259sis\u00e7il\u0259rind\u0259n biri oldu\u011fu v\u0259 yax\u0131n g\u00fcnl\u0259rd\u0259 B\u00f6y\u00fck Britaniyada qeydiyyata al\u0131nan t\u0259hsil fondu il\u0259 \u0259laq\u0259l\u0259ndirilir.<\/p>\n\n\n\n<p>Fond iyulun 14-d\u0259 Qubad \u0130bado\u011flu, Demokratik Q\u00fcvv\u0259l\u0259rin Milli \u015euras\u0131n\u0131n r\u0259hb\u0259ri, professor C\u0259mil H\u0259s\u0259nli v\u0259 Avropada siyasi m\u00fchacir\u0259td\u0259 olan ke\u00e7mi\u015f diplomat Arif M\u0259mm\u0259dov t\u0259r\u0259find\u0259n t\u0259sis edilib. T\u0259sis\u00e7il\u0259rd\u0259n biri olan C\u0259mil H\u0259s\u0259nlinin Meydan TV-y\u0259 bildirdiyin\u0259 g\u00f6r\u0259, fondun m\u0259qs\u0259di az\u0259rbaycanl\u0131 g\u0259ncl\u0259rin xaricd\u0259 t\u0259hsil almas\u0131na d\u0259st\u0259k verm\u0259kdir.<\/p>\n\n\n\n<p>Bel\u0259 bir fikir var ki, Qubad \u0130bado\u011flunun h\u0259bsin\u0259 \u0259sas s\u0259b\u0259b onun xaricd\u0259 az\u0259rbaycanl\u0131 m\u0259murlar\u0131n m\u00fcsadir\u0259 olunan v\u0259saitl\u0259rinin bu fonda y\u00f6nl\u0259ndirilm\u0259si il\u0259 ba\u011fl\u0131 ictimaiyy\u0259t\u0259 a\u00e7\u0131qlad\u0131\u011f\u0131 s\u00f6zl\u0259ri olub.<\/p>\n\n\n\n<p>C\u0259mil H\u0259s\u0259nlinin s\u00f6zl\u0259rin\u0259 g\u00f6r\u0259 is\u0259 sanksiyaya m\u0259ruz qalan v\u0259saitl\u0259rin bu fonda y\u00f6nl\u0259ndirilm\u0259si sad\u0259c\u0259 ki\u00e7ik bir epizoddur:<\/p>\n\n\n\n<p><em>\u201cB\u00fct\u00fcn xeyriyy\u0259 fondlar\u0131 ian\u0259l\u0259r \u0259sas\u0131nda f\u0259aliyy\u0259t g\u00f6st\u0259rir. Onu Qubad b\u0259y t\u0259qdim ed\u0259nd\u0259 bir epizod kimi qeyd etmi\u015fdi ki, bu pullar\u0131n m\u0259nb\u0259yi Az\u0259rbaycan oldu\u011fu \u00fc\u00e7\u00fcn m\u00fcsadir\u0259 prosesind\u0259 o v\u0259saitl\u0259rin bir hiss\u0259si d\u0259 fonda y\u00f6n\u0259ldil\u0259 bil\u0259r. \u00c7\u00fcnki fondun \u0259sas m\u0259qs\u0259di d\u0259 Az\u0259rbaycan g\u0259ncl\u0259rinin t\u0259hsil m\u0259s\u0259l\u0259sidir. Amma b\u00fct\u00f6vl\u00fckd\u0259 fond bunun \u00fcz\u0259rind\u0259 qurulmay\u0131b ax\u0131. Bir elementdir, bu\u201d.<\/em><\/p>\n\n\n\n<p>Prosedur bax\u0131m\u0131ndan bu m\u0259s\u0259l\u0259ni qeyri-m\u00fcmk\u00fcn hesab ed\u0259n C\u0259mil H\u0259s\u0259nli bildirir ki, m\u00fcsadir\u0259 olunmu\u015f v\u0259saitl\u0259r v\u0259 yaxud xaricd\u0259 a\u015fkaralanan, m\u0259nb\u0259yi \u015f\u00fcbh\u0259li olan v\u0259saitl\u0259r hans\u0131 \u00f6lk\u0259d\u0259n \u00e7\u0131xar\u0131l\u0131bsa, onu h\u0259min \u00f6lk\u0259nin d\u00f6vl\u0259ti v\u0259 hakimiyy\u0259ti, h\u00fcquq-m\u00fchafiz\u0259 orqanlar\u0131 t\u0259l\u0259b ed\u0259 bil\u0259r:<\/p>\n\n\n<div class=\"wp-block-image\">\n<figure class=\"alignleft size-full is-resized\"><img decoding=\"async\" data-src=\"https:\/\/www.meydan.tv\/wp-content\/uploads\/jamil-hasanli-6.jpg\" alt=\"\" class=\"wp-image-226590 lazyload\" style=\"--smush-placeholder-width: 335px; --smush-placeholder-aspect-ratio: 335\/223;width:335px;height:223px\" width=\"335\" height=\"223\" src=\"data:image\/svg+xml;base64,PHN2ZyB3aWR0aD0iMSIgaGVpZ2h0PSIxIiB4bWxucz0iaHR0cDovL3d3dy53My5vcmcvMjAwMC9zdmciPjwvc3ZnPg==\" \/><figcaption class=\"wp-element-caption\">C\u0259mil H\u0259s\u0259nli, Foto: Meydan TV <\/figcaption><\/figure>\n<\/div>\n\n\n<p><em>\u201cY\u0259ni ayr\u0131-ayr\u0131 f\u0259rdl\u0259rin, qeyri-h\u00f6kum\u0259t qurumlar\u0131n\u0131n, v\u0259t\u0259nda\u015f c\u0259miyy\u0259ti institutlar\u0131n\u0131n t\u0259l\u0259bi ke\u00e7\u0259rli deyil. M\u0259s\u0259l\u0259n, be\u015f n\u0259f\u0259r, on n\u0259f\u0259r, v\u0259 yaxud min n\u0259f\u0259r v\u0259t\u0259nda\u015f bunu t\u0259l\u0259b edir, bu, ke\u00e7\u0259rli deyil. Bu g\u00fcn g\u00f6z\u00fcm\u00fcz\u00fcn \u00f6n\u00fcnd\u0259 \u00d6zb\u0259kistan t\u0259cr\u00fcb\u0259si var. \u00d6zb\u0259kistanda bu nec\u0259 ba\u015f verdi? Hakimiyy\u0259t d\u0259yi\u015fildi v\u0259 yeni h\u00f6kum\u0259t d\u00f6vl\u0259t s\u0259viyy\u0259sind\u0259 t\u0259l\u0259b ed\u0259r\u0259k \u0130sve\u00e7r\u0259d\u0259 ke\u00e7mi\u015f hakim ail\u0259y\u0259 m\u0259xsus olan v\u0259saitl\u0259ri qaytard\u0131\u201d.<\/em><\/p>\n\n\n\n<p><em>\u201c\u00dcmumiyy\u0259tl\u0259, Az\u0259rbaycan hakimiyy\u0259ti n\u0259zar\u0259t etm\u0259diyi b\u00fct\u00fcn \u015feyl\u0259rd\u0259n qorxur\u201d,<\/em> &#8211; &nbsp;dey\u0259n tarix\u00e7i alimin s\u00f6zl\u0259rin\u0259 g\u00f6r\u0259, &nbsp;fond qeydiyyatdan ke\u00e7\u0259nd\u0259n sonra Az\u0259rbaycan hakimiyy\u0259tind\u0259 bel\u0259 bir fikir yarand\u0131 ki, bu adamlar orada \u00f6zba\u015f\u0131na fondu qeydiyyatdan ke\u00e7ir\u0259 bilm\u0259zl\u0259r, bunun arxas\u0131nda hans\u0131sa g\u00f6r\u00fcnm\u0259y\u0259n q\u00fcvv\u0259l\u0259r var, ad\u0131 t\u0259hsil fondu olsa da, t\u0259hsil ad\u0131 alt\u0131nda \u00f6lk\u0259nin daxili i\u015fl\u0259rin\u0259 m\u00fcdaxil\u0259 imkanlar\u0131 ola bil\u0259r. Halbuki ist\u0259nil\u0259n v\u0259t\u0259nda\u015f rezident xeyriyy\u0259 fondunu qeydiyyatdan ke\u00e7ir\u0259 bil\u0259r\u201d.<\/p>\n\n\n\n<figure class=\"wp-block-pullquote\"><blockquote><p><strong>\u201cHakimiyy\u0259t insanlar\u0131 iki qrupa b\u00f6l\u00fcr: onun \u00fc\u00e7\u00fcn t\u0259hl\u00fck\u0259 yaradanlar v\u0259 t\u0259hl\u00fck\u0259 yaratmayanlar\u201d<\/strong><\/p><\/blockquote><\/figure>\n\n\n\n<p>Q.\u0130bado\u011flunun h\u0259bsini t\u0259hsil fondu il\u0259 \u0259laq\u0259l\u0259ndirm\u0259yi do\u011fru hesab etm\u0259y\u0259n h\u00fcquq m\u00fcdafi\u0259\u00e7isi Anar M\u0259mm\u0259dlinin fikrinc\u0259, bu c\u00fcr yana\u015fman\u0131 g\u00fcnd\u0259m\u0259 g\u0259tirm\u0259kl\u0259 Az\u0259rbaycanda siyasi repressiyalar\u0131n mahiyy\u0259tini v\u0259 onun miqyas\u0131n\u0131 azaltm\u0131\u015f oluruq:<\/p>\n\n\n\n<p><em>\u201c\u00c7\u00fcnki Az\u0259rbaycanda bir insan\u0131n siyasi repressiyalar\u0131n qurban\u0131na \u00e7evrilm\u0259si \u00fc\u00e7\u00fcn onun hans\u0131sa fond v\u0259 ya hans\u0131sa t\u0259\u015fkilat yaratmas\u0131na ehtiyac yoxdur. Az\u0259rbaycan hakimiyy\u0259ti insanlar\u0131 iki qrupa b\u00f6l\u00fcr &#8211; onun \u00fc\u00e7\u00fcn t\u0259hl\u00fck\u0259 yaradanlar v\u0259 t\u0259hl\u00fck\u0259 yaratmayanlar. Qubad b\u0259y bu g\u00fcn Az\u0259rbaycan hakimiyy\u0259ti \u00fc\u00e7\u00fcn d\u0131rnaqaras\u0131 t\u0259hl\u00fck\u0259li insanlar\u0131n siyahs\u0131nda oldu\u011fu \u00fc\u00e7\u00fcn h\u0259bs\u0259 m\u0259ruz qal\u0131b. Bu, onun bir fond yaratmas\u0131, t\u0259sis\u00e7i olmas\u0131 il\u0259 ba\u011fl\u0131 deyil, bu, onun uzun ill\u0259r f\u0259aliyy\u0259ti il\u0259 ba\u011fl\u0131d\u0131r.<\/em><\/p>\n\n\n\n<p><em>Bu fond yarad\u0131lana q\u0259d\u0259r Qubad b\u0259yin f\u0259aliyy\u0259tin\u0259 baxsaq g\u00f6r\u0259rik ki, adam daim t\u0259nqid\u00e7i m\u00f6vqed\u0259 olub. Tutaq ki, h\u00f6kum\u0259tin f\u0259aliyy\u0259tind\u0259 \u015f\u0259ffafl\u0131q yarad\u0131lmas\u0131n\u0131n \u00e7ox ciddi t\u0259bli\u011fat\u00e7\u0131s\u0131 olub. Uzun ill\u0259r M\u0259d\u0259n S\u0259nayesind\u0259 \u015e\u0259ffafl\u0131q Koalisiyas\u0131nda \u00e7al\u0131\u015f\u0131b. Eyni zamanda idar\u0259\u00e7ilikd\u0259 \u015f\u0259ffafl\u0131\u011f\u0131n, a\u015fkarl\u0131\u011f\u0131n t\u0259min olunmas\u0131ndan yana olub. \u00d6lk\u0259d\u0259 \u00e7oxsayl\u0131 ara\u015fd\u0131rmalar\u0131n m\u00fc\u0259llifl\u0259rind\u0259n biri olub\u201d.<\/em><\/p>\n\n\n\n<p>H\u00fcquq m\u00fcdafi\u0259\u00e7isi b\u00fct\u00fcn bunlar\u0131n Az\u0259rbaycanda m\u00f6vcud olan kleptokratik, korrupsiyaya u\u011fram\u0131\u015f bir rejim \u00fc\u00e7\u00fcn t\u0259hl\u00fck\u0259 m\u0259nb\u0259yi oldu\u011funu deyir:<\/p>\n\n\n\n<p><em>\u201cBir insan tutal\u0131m ki, hans\u0131sa bir add\u0131m at\u0131r, t\u0259\u015fkilat yarad\u0131r, a\u00e7\u0131qlama verir d\u0259rhal h\u0259bs edirl\u0259r v\u0259 h\u0259, buna g\u00f6r\u0259 ba\u015f verdi deyirl\u0259r. M\u0259n bel\u0259 d\u00fc\u015f\u00fcnm\u0259yin \u0259leyhin\u0259y\u0259m\u201d.<\/em><\/p>\n\n\n\n<h4 class=\"wp-block-heading\"><strong>Beyn\u0259lxalq reaksiya<\/strong><\/h4>\n\n\n\n<p>\u0130\u015fg\u0259nc\u0259l\u0259r \u018fleyhin\u0259 \u00dcmumd\u00fcnya T\u0259\u015fkilat\u0131 (OMCT) v\u0259 dig\u0259r h\u00fcquq m\u00fcdafi\u0259 t\u0259\u015fkilatlar\u0131 iqtisad\u00e7\u0131 Qubad \u0130bado\u011flunun h\u0259bsind\u0259n, saxlanma v\u0259 a\u011f\u0131r h\u0259bs \u015f\u0259raitind\u0259n d\u0259rin narahatl\u0131qlar\u0131n\u0131 bildiribl\u0259r.<\/p>\n\n\n\n<p>T\u0259\u015fkilat avqustun 8-d\u0259 bununla ba\u011fl\u0131 b\u0259yanat yay\u0131b.<\/p>\n\n\n\n<p>Bildirilir ki, \u0130bado\u011flu d\u00f6vl\u0259tin maliyy\u0259 idar\u0259\u00e7iliyi, d\u00fczg\u00fcn idar\u0259etm\u0259 v\u0259 b\u00fcdc\u0259 \u015f\u0259ffafl\u0131\u011f\u0131 il\u0259 ba\u011fl\u0131 ara\u015fd\u0131rma aparan \u0130qtisadi T\u0259dqiqatlar M\u0259rk\u0259zi qeyri-h\u00f6kum\u0259t t\u0259\u015fkilat\u0131n\u0131n apar\u0131c\u0131 simas\u0131 olub:<\/p>\n\n\n\n<p>&#8220;2014-c\u00fc ild\u0259 h\u00f6kum\u0259t \u0130qtisadi T\u0259dqiqatlar M\u0259rk\u0259zini zorla qapad\u0131b\u201d.<\/p>\n\n\n\n<p>B\u0259yanata &#8220;Human Rights Watch\u201d v\u0259 &#8220;Human Rights House Foundation\u201d da qo\u015fulub.<\/p>\n\n\n\n<p>\u0130qtisad\u00e7\u0131n\u0131n d\u0259rs dediyi London \u0130qtisadiyyat v\u0259 Siyasi Elml\u0259r M\u0259kt\u0259bi (LSE) ba\u015f d\u0259v\u0259tli elmi \u0259m\u0259kda\u015f, doktor Qubad \u0130bado\u011flu il\u0259 m\u00fcqavil\u0259ni iki il uzad\u0131b. Bu q\u0259rar onun beyn\u0259lxalq diqq\u0259t v\u0259 narahatl\u0131q do\u011furan son h\u0259bsind\u0259n sonra verilib.<\/p>\n\n\n\n<p>\u201cAmnesty \u0130nternational\u201d t\u0259\u015fkilat\u0131 Qubad \u0130bado\u011flunun azadl\u0131\u011fa burax\u0131lmas\u0131 t\u0259l\u0259bi il\u0259 Az\u0259rbaycan Prezidenti \u0130lham \u018fliyev\u0259 m\u00fcraci\u0259t edib. T\u0259\u015fkilat b\u00fct\u00fcn maraql\u0131 \u015f\u0259xsl\u0259ri onu imzalay\u0131b, Az\u0259rbaycan r\u0259hb\u0259rliyin\u0259 g\u00f6nd\u0259rm\u0259y\u0259 \u00e7a\u011f\u0131r\u0131b.<\/p>\n\n\n\n<p>Ba\u015f M\u00fct\u0259\u015f\u0259kkil Cinay\u0259tkarl\u0131qla M\u00fcbariz\u0259 \u0130dar\u0259sinin m\u00fcst\u0259ntiqi avqustun 25-d\u0259 Qubad \u0130bado\u011fluya yeni ittiham\u0131 elan edib. \u0130ndi o, h\u0259m d\u0259 Cinay\u0259t M\u0259c\u0259ll\u0259sinin 167-3.1-ci ( Dini ekstremist materiallar\u0131 haz\u0131rlama, saxlama, yayma v\u0259 ya bu \u0259m\u0259ll\u0259ri maliyy\u0259l\u0259\u015fdirm\u0259) madd\u0259sil\u0259 ittiham olunur.<\/p>\n\n\n\n<p>Cinay\u0259t M\u0259c\u0259ll\u0259sinin 167-3.1 madd\u0259sind\u0259 8 min manatdan 10 min manata q\u0259d\u0259r c\u0259rim\u0259 v\u0259 ya 2 ild\u0259n be\u015f il\u0259 q\u0259d\u0259r azadl\u0131qdan m\u0259hrumetm\u0259 c\u0259zas\u0131 n\u0259z\u0259rd\u0259 tutulub.<\/p>\n\n\n\n<p>Qubad \u0130bado\u011flunun q\u0131z\u0131 Jal\u0259 Bayramova hesab edir ki, atas\u0131na qar\u015f\u0131 yeni ittiham\u0131n dinl\u0259 \u0259laq\u0259li olmas\u0131 t\u0259sad\u00fcf deyil. Onun fikrinc\u0259, bu add\u0131mla ADR s\u0259drin\u0259 beyn\u0259lxalq d\u0259st\u0259yi azaltmaq m\u0259qs\u0259di g\u00fcd\u00fcrl\u0259r:<\/p>\n\n\n\n<p><em>\u201cXarici t\u0259\u015fkilatlar\u0131n Qubad \u0130bado\u011flu il\u0259 ba\u011fl\u0131 artan d\u0259st\u0259yini g\u00f6rd\u00fckc\u0259, onu din\u0259 ba\u011flamaq ist\u0259yirl\u0259r. Bunun m\u0259qs\u0259di sad\u0259c\u0259 beyn\u0259lxalq d\u0259st\u0259yi azaltmaqd\u0131r. Lakin Qubad \u0130bado\u011flunun evind\u0259 \u201ctank\u201d da peyda olsa, bu, he\u00e7 bir beyn\u0259lxalq t\u0259\u015fkilat\u0131n d\u0259st\u0259yini azaltmayacaq\u2026\u201d.<\/em><\/p>\n\n\n\n<p><strong><em>\u201cMedia\u015f\u0259b\u0259k\u0259\u201dnin d\u0259st\u0259yi il\u0259<\/em><\/strong><\/p>\n","protected":false},"excerpt":{"rendered":"<p>D\u00fcnyan\u0131n m\u0259\u015fhur universitetl\u0259rind\u0259 d\u0259rs dey\u0259n iqtisad\u00e7\u0131 v\u0259 ADR Partiyas\u0131n\u0131n s\u0259dri &#8230; <\/p>\n<p class=\"read-more-container\"><a title=\"Feto\u00e7u, saxta pul k\u0259s\u0259n, dini ekstremist &#8211; Qubad \u0130bado\u011fluna qar\u015f\u0131 ir\u0259li s\u00fcr\u00fcl\u0259n ittihamlar\" class=\"read-more button\" href=\"https:\/\/www.meydan.tv\/az\/article\/fetocu-saxta-pul-kesen-dini-ekstremist-qubad-ibadogluna-qarsi-ireli-surulen-ittihamlar\/#more-283432\" aria-label=\"Read more about Feto\u00e7u, saxta pul k\u0259s\u0259n, dini ekstremist &#8211; Qubad \u0130bado\u011fluna qar\u015f\u0131 ir\u0259li s\u00fcr\u00fcl\u0259n ittihamlar\">Davam\u0131<\/a><\/p>\n","protected":false},"author":12,"featured_media":283434,"comment_status":"closed","ping_status":"closed","sticky":false,"template":"","format":"standard","meta":{"_acf_changed":false,"_sitemap_exclude":false,"_sitemap_priority":"","_sitemap_frequency":"","footnotes":""},"categories":[59,63],"tags":[],"class_list":["post-283432","post","type-post","status-publish","format-standard","has-post-thumbnail","hentry","category-siyaset","category-video-2","infinite-scroll-item","generate-columns","tablet-grid-50","mobile-grid-100","grid-parent","grid-33","no-featured-image-padding"],"acf":[],"yoast_head":"<!-- This site is optimized with the Yoast SEO plugin v27.5 - https:\/\/yoast.com\/product\/yoast-seo-wordpress\/ -->\n<title>Feto\u00e7u, saxta pul k\u0259s\u0259n, dini ekstremist - Qubad \u0130bado\u011fluna qar\u015f\u0131 ir\u0259li s\u00fcr\u00fcl\u0259n ittihamlar - MEYDAN.TV<\/title>\n<meta name=\"robots\" content=\"index, follow, max-snippet:-1, max-image-preview:large, max-video-preview:-1\" \/>\n<link rel=\"canonical\" href=\"https:\/\/www.meydan.tv\/az\/article\/fetocu-saxta-pul-kesen-dini-ekstremist-qubad-ibadogluna-qarsi-ireli-surulen-ittihamlar\/\" \/>\n<meta property=\"og:locale\" content=\"az_AZ\" \/>\n<meta property=\"og:type\" content=\"article\" \/>\n<meta property=\"og:title\" content=\"Feto\u00e7u, saxta pul k\u0259s\u0259n, dini ekstremist - Qubad \u0130bado\u011fluna qar\u015f\u0131 ir\u0259li s\u00fcr\u00fcl\u0259n ittihamlar - MEYDAN.TV\" \/>\n<meta property=\"og:description\" content=\"D\u00fcnyan\u0131n m\u0259\u015fhur universitetl\u0259rind\u0259 d\u0259rs dey\u0259n iqtisad\u00e7\u0131 v\u0259 ADR Partiyas\u0131n\u0131n s\u0259dri ... Davam\u0131\" \/>\n<meta property=\"og:url\" content=\"https:\/\/www.meydan.tv\/az\/article\/fetocu-saxta-pul-kesen-dini-ekstremist-qubad-ibadogluna-qarsi-ireli-surulen-ittihamlar\/\" \/>\n<meta property=\"og:site_name\" content=\"MEYDAN.TV\" \/>\n<meta property=\"article:published_time\" content=\"2023-08-28T14:22:04+00:00\" \/>\n<meta property=\"article:modified_time\" content=\"2023-08-29T12:06:43+00:00\" \/>\n<meta property=\"og:image\" content=\"https:\/\/www.meydan.tv\/wp-content\/uploads\/reportaj-cover-1-11.png\" \/>\n\t<meta property=\"og:image:width\" content=\"1280\" \/>\n\t<meta property=\"og:image:height\" content=\"720\" \/>\n\t<meta property=\"og:image:type\" content=\"image\/png\" \/>\n<meta name=\"author\" content=\"aleks\" \/>\n<meta name=\"twitter:card\" content=\"summary_large_image\" \/>\n<script type=\"application\/ld+json\" class=\"yoast-schema-graph\">{\"@context\":\"https:\\\/\\\/schema.org\",\"@graph\":[{\"@type\":\"Article\",\"@id\":\"https:\\\/\\\/www.meydan.tv\\\/az\\\/article\\\/fetocu-saxta-pul-kesen-dini-ekstremist-qubad-ibadogluna-qarsi-ireli-surulen-ittihamlar\\\/#article\",\"isPartOf\":{\"@id\":\"https:\\\/\\\/www.meydan.tv\\\/az\\\/article\\\/fetocu-saxta-pul-kesen-dini-ekstremist-qubad-ibadogluna-qarsi-ireli-surulen-ittihamlar\\\/\"},\"author\":{\"name\":\"aleks\",\"@id\":\"https:\\\/\\\/www.meydan.tv\\\/az\\\/#\\\/schema\\\/person\\\/476e9360e593fa131d5d71d51866f8da\"},\"headline\":\"Feto\u00e7u, saxta pul k\u0259s\u0259n, dini ekstremist &#8211; Qubad \u0130bado\u011fluna qar\u015f\u0131 ir\u0259li s\u00fcr\u00fcl\u0259n ittihamlar\",\"datePublished\":\"2023-08-28T14:22:04+00:00\",\"dateModified\":\"2023-08-29T12:06:43+00:00\",\"mainEntityOfPage\":{\"@id\":\"https:\\\/\\\/www.meydan.tv\\\/az\\\/article\\\/fetocu-saxta-pul-kesen-dini-ekstremist-qubad-ibadogluna-qarsi-ireli-surulen-ittihamlar\\\/\"},\"wordCount\":2948,\"publisher\":{\"@id\":\"https:\\\/\\\/www.meydan.tv\\\/az\\\/#organization\"},\"image\":{\"@id\":\"https:\\\/\\\/www.meydan.tv\\\/az\\\/article\\\/fetocu-saxta-pul-kesen-dini-ekstremist-qubad-ibadogluna-qarsi-ireli-surulen-ittihamlar\\\/#primaryimage\"},\"thumbnailUrl\":\"https:\\\/\\\/www.meydan.tv\\\/wp-content\\\/uploads\\\/reportaj-cover-1-11.png\",\"articleSection\":[\"Siyas\u0259t\",\"Video\"],\"inLanguage\":\"az\"},{\"@type\":\"WebPage\",\"@id\":\"https:\\\/\\\/www.meydan.tv\\\/az\\\/article\\\/fetocu-saxta-pul-kesen-dini-ekstremist-qubad-ibadogluna-qarsi-ireli-surulen-ittihamlar\\\/\",\"url\":\"https:\\\/\\\/www.meydan.tv\\\/az\\\/article\\\/fetocu-saxta-pul-kesen-dini-ekstremist-qubad-ibadogluna-qarsi-ireli-surulen-ittihamlar\\\/\",\"name\":\"Feto\u00e7u, saxta pul k\u0259s\u0259n, dini ekstremist - Qubad \u0130bado\u011fluna qar\u015f\u0131 ir\u0259li s\u00fcr\u00fcl\u0259n ittihamlar - MEYDAN.TV\",\"isPartOf\":{\"@id\":\"https:\\\/\\\/www.meydan.tv\\\/az\\\/#website\"},\"primaryImageOfPage\":{\"@id\":\"https:\\\/\\\/www.meydan.tv\\\/az\\\/article\\\/fetocu-saxta-pul-kesen-dini-ekstremist-qubad-ibadogluna-qarsi-ireli-surulen-ittihamlar\\\/#primaryimage\"},\"image\":{\"@id\":\"https:\\\/\\\/www.meydan.tv\\\/az\\\/article\\\/fetocu-saxta-pul-kesen-dini-ekstremist-qubad-ibadogluna-qarsi-ireli-surulen-ittihamlar\\\/#primaryimage\"},\"thumbnailUrl\":\"https:\\\/\\\/www.meydan.tv\\\/wp-content\\\/uploads\\\/reportaj-cover-1-11.png\",\"datePublished\":\"2023-08-28T14:22:04+00:00\",\"dateModified\":\"2023-08-29T12:06:43+00:00\",\"breadcrumb\":{\"@id\":\"https:\\\/\\\/www.meydan.tv\\\/az\\\/article\\\/fetocu-saxta-pul-kesen-dini-ekstremist-qubad-ibadogluna-qarsi-ireli-surulen-ittihamlar\\\/#breadcrumb\"},\"inLanguage\":\"az\",\"potentialAction\":[{\"@type\":\"ReadAction\",\"target\":[\"https:\\\/\\\/www.meydan.tv\\\/az\\\/article\\\/fetocu-saxta-pul-kesen-dini-ekstremist-qubad-ibadogluna-qarsi-ireli-surulen-ittihamlar\\\/\"]}]},{\"@type\":\"ImageObject\",\"inLanguage\":\"az\",\"@id\":\"https:\\\/\\\/www.meydan.tv\\\/az\\\/article\\\/fetocu-saxta-pul-kesen-dini-ekstremist-qubad-ibadogluna-qarsi-ireli-surulen-ittihamlar\\\/#primaryimage\",\"url\":\"https:\\\/\\\/www.meydan.tv\\\/wp-content\\\/uploads\\\/reportaj-cover-1-11.png\",\"contentUrl\":\"https:\\\/\\\/www.meydan.tv\\\/wp-content\\\/uploads\\\/reportaj-cover-1-11.png\",\"width\":1280,\"height\":720},{\"@type\":\"BreadcrumbList\",\"@id\":\"https:\\\/\\\/www.meydan.tv\\\/az\\\/article\\\/fetocu-saxta-pul-kesen-dini-ekstremist-qubad-ibadogluna-qarsi-ireli-surulen-ittihamlar\\\/#breadcrumb\",\"itemListElement\":[{\"@type\":\"ListItem\",\"position\":1,\"name\":\"Ana s\u0259hif\u0259\",\"item\":\"https:\\\/\\\/www.meydan.tv\\\/az\\\/\"},{\"@type\":\"ListItem\",\"position\":2,\"name\":\"Video\",\"item\":\"https:\\\/\\\/www.meydan.tv\\\/az\\\/section\\\/video-2\\\/\"},{\"@type\":\"ListItem\",\"position\":3,\"name\":\"Feto\u00e7u, saxta pul k\u0259s\u0259n, dini ekstremist &#8211; Qubad \u0130bado\u011fluna qar\u015f\u0131 ir\u0259li s\u00fcr\u00fcl\u0259n ittihamlar\"}]},{\"@type\":\"WebSite\",\"@id\":\"https:\\\/\\\/www.meydan.tv\\\/az\\\/#website\",\"url\":\"https:\\\/\\\/www.meydan.tv\\\/az\\\/\",\"name\":\"MEYDAN.TV\",\"description\":\"Meydan TV Az\u0259rbaycan\u0131n media m\u0259kan\u0131ndak\u0131 alternativ s\u0259sidir\",\"publisher\":{\"@id\":\"https:\\\/\\\/www.meydan.tv\\\/az\\\/#organization\"},\"potentialAction\":[{\"@type\":\"SearchAction\",\"target\":{\"@type\":\"EntryPoint\",\"urlTemplate\":\"https:\\\/\\\/www.meydan.tv\\\/az\\\/?s={search_term_string}\"},\"query-input\":{\"@type\":\"PropertyValueSpecification\",\"valueRequired\":true,\"valueName\":\"search_term_string\"}}],\"inLanguage\":\"az\"},{\"@type\":\"Organization\",\"@id\":\"https:\\\/\\\/www.meydan.tv\\\/az\\\/#organization\",\"name\":\"Meydan TV\",\"url\":\"https:\\\/\\\/www.meydan.tv\\\/az\\\/\",\"logo\":{\"@type\":\"ImageObject\",\"inLanguage\":\"az\",\"@id\":\"https:\\\/\\\/www.meydan.tv\\\/az\\\/#\\\/schema\\\/logo\\\/image\\\/\",\"url\":\"https:\\\/\\\/www.meydan.tv\\\/wp-content\\\/uploads\\\/2021\\\/07\\\/meydan-logo.svg\",\"contentUrl\":\"https:\\\/\\\/www.meydan.tv\\\/wp-content\\\/uploads\\\/2021\\\/07\\\/meydan-logo.svg\",\"width\":195,\"height\":46,\"caption\":\"Meydan TV\"},\"image\":{\"@id\":\"https:\\\/\\\/www.meydan.tv\\\/az\\\/#\\\/schema\\\/logo\\\/image\\\/\"}},{\"@type\":\"Person\",\"@id\":\"https:\\\/\\\/www.meydan.tv\\\/az\\\/#\\\/schema\\\/person\\\/476e9360e593fa131d5d71d51866f8da\",\"name\":\"aleks\"}]}<\/script>\n<!-- \/ Yoast SEO plugin. -->","yoast_head_json":{"title":"Feto\u00e7u, saxta pul k\u0259s\u0259n, dini ekstremist - Qubad \u0130bado\u011fluna qar\u015f\u0131 ir\u0259li s\u00fcr\u00fcl\u0259n ittihamlar - MEYDAN.TV","robots":{"index":"index","follow":"follow","max-snippet":"max-snippet:-1","max-image-preview":"max-image-preview:large","max-video-preview":"max-video-preview:-1"},"canonical":"https:\/\/www.meydan.tv\/az\/article\/fetocu-saxta-pul-kesen-dini-ekstremist-qubad-ibadogluna-qarsi-ireli-surulen-ittihamlar\/","og_locale":"az_AZ","og_type":"article","og_title":"Feto\u00e7u, saxta pul k\u0259s\u0259n, dini ekstremist - Qubad \u0130bado\u011fluna qar\u015f\u0131 ir\u0259li s\u00fcr\u00fcl\u0259n ittihamlar - MEYDAN.TV","og_description":"D\u00fcnyan\u0131n m\u0259\u015fhur universitetl\u0259rind\u0259 d\u0259rs dey\u0259n iqtisad\u00e7\u0131 v\u0259 ADR Partiyas\u0131n\u0131n s\u0259dri ... Davam\u0131","og_url":"https:\/\/www.meydan.tv\/az\/article\/fetocu-saxta-pul-kesen-dini-ekstremist-qubad-ibadogluna-qarsi-ireli-surulen-ittihamlar\/","og_site_name":"MEYDAN.TV","article_published_time":"2023-08-28T14:22:04+00:00","article_modified_time":"2023-08-29T12:06:43+00:00","og_image":[{"width":1280,"height":720,"url":"https:\/\/www.meydan.tv\/wp-content\/uploads\/reportaj-cover-1-11.png","type":"image\/png"}],"author":"aleks","twitter_card":"summary_large_image","schema":{"@context":"https:\/\/schema.org","@graph":[{"@type":"Article","@id":"https:\/\/www.meydan.tv\/az\/article\/fetocu-saxta-pul-kesen-dini-ekstremist-qubad-ibadogluna-qarsi-ireli-surulen-ittihamlar\/#article","isPartOf":{"@id":"https:\/\/www.meydan.tv\/az\/article\/fetocu-saxta-pul-kesen-dini-ekstremist-qubad-ibadogluna-qarsi-ireli-surulen-ittihamlar\/"},"author":{"name":"aleks","@id":"https:\/\/www.meydan.tv\/az\/#\/schema\/person\/476e9360e593fa131d5d71d51866f8da"},"headline":"Feto\u00e7u, saxta pul k\u0259s\u0259n, dini ekstremist &#8211; Qubad \u0130bado\u011fluna qar\u015f\u0131 ir\u0259li s\u00fcr\u00fcl\u0259n ittihamlar","datePublished":"2023-08-28T14:22:04+00:00","dateModified":"2023-08-29T12:06:43+00:00","mainEntityOfPage":{"@id":"https:\/\/www.meydan.tv\/az\/article\/fetocu-saxta-pul-kesen-dini-ekstremist-qubad-ibadogluna-qarsi-ireli-surulen-ittihamlar\/"},"wordCount":2948,"publisher":{"@id":"https:\/\/www.meydan.tv\/az\/#organization"},"image":{"@id":"https:\/\/www.meydan.tv\/az\/article\/fetocu-saxta-pul-kesen-dini-ekstremist-qubad-ibadogluna-qarsi-ireli-surulen-ittihamlar\/#primaryimage"},"thumbnailUrl":"https:\/\/www.meydan.tv\/wp-content\/uploads\/reportaj-cover-1-11.png","articleSection":["Siyas\u0259t","Video"],"inLanguage":"az"},{"@type":"WebPage","@id":"https:\/\/www.meydan.tv\/az\/article\/fetocu-saxta-pul-kesen-dini-ekstremist-qubad-ibadogluna-qarsi-ireli-surulen-ittihamlar\/","url":"https:\/\/www.meydan.tv\/az\/article\/fetocu-saxta-pul-kesen-dini-ekstremist-qubad-ibadogluna-qarsi-ireli-surulen-ittihamlar\/","name":"Feto\u00e7u, saxta pul k\u0259s\u0259n, dini ekstremist - Qubad \u0130bado\u011fluna qar\u015f\u0131 ir\u0259li s\u00fcr\u00fcl\u0259n ittihamlar - MEYDAN.TV","isPartOf":{"@id":"https:\/\/www.meydan.tv\/az\/#website"},"primaryImageOfPage":{"@id":"https:\/\/www.meydan.tv\/az\/article\/fetocu-saxta-pul-kesen-dini-ekstremist-qubad-ibadogluna-qarsi-ireli-surulen-ittihamlar\/#primaryimage"},"image":{"@id":"https:\/\/www.meydan.tv\/az\/article\/fetocu-saxta-pul-kesen-dini-ekstremist-qubad-ibadogluna-qarsi-ireli-surulen-ittihamlar\/#primaryimage"},"thumbnailUrl":"https:\/\/www.meydan.tv\/wp-content\/uploads\/reportaj-cover-1-11.png","datePublished":"2023-08-28T14:22:04+00:00","dateModified":"2023-08-29T12:06:43+00:00","breadcrumb":{"@id":"https:\/\/www.meydan.tv\/az\/article\/fetocu-saxta-pul-kesen-dini-ekstremist-qubad-ibadogluna-qarsi-ireli-surulen-ittihamlar\/#breadcrumb"},"inLanguage":"az","potentialAction":[{"@type":"ReadAction","target":["https:\/\/www.meydan.tv\/az\/article\/fetocu-saxta-pul-kesen-dini-ekstremist-qubad-ibadogluna-qarsi-ireli-surulen-ittihamlar\/"]}]},{"@type":"ImageObject","inLanguage":"az","@id":"https:\/\/www.meydan.tv\/az\/article\/fetocu-saxta-pul-kesen-dini-ekstremist-qubad-ibadogluna-qarsi-ireli-surulen-ittihamlar\/#primaryimage","url":"https:\/\/www.meydan.tv\/wp-content\/uploads\/reportaj-cover-1-11.png","contentUrl":"https:\/\/www.meydan.tv\/wp-content\/uploads\/reportaj-cover-1-11.png","width":1280,"height":720},{"@type":"BreadcrumbList","@id":"https:\/\/www.meydan.tv\/az\/article\/fetocu-saxta-pul-kesen-dini-ekstremist-qubad-ibadogluna-qarsi-ireli-surulen-ittihamlar\/#breadcrumb","itemListElement":[{"@type":"ListItem","position":1,"name":"Ana s\u0259hif\u0259","item":"https:\/\/www.meydan.tv\/az\/"},{"@type":"ListItem","position":2,"name":"Video","item":"https:\/\/www.meydan.tv\/az\/section\/video-2\/"},{"@type":"ListItem","position":3,"name":"Feto\u00e7u, saxta pul k\u0259s\u0259n, dini ekstremist &#8211; Qubad \u0130bado\u011fluna qar\u015f\u0131 ir\u0259li s\u00fcr\u00fcl\u0259n ittihamlar"}]},{"@type":"WebSite","@id":"https:\/\/www.meydan.tv\/az\/#website","url":"https:\/\/www.meydan.tv\/az\/","name":"MEYDAN.TV","description":"Meydan TV Az\u0259rbaycan\u0131n media m\u0259kan\u0131ndak\u0131 alternativ s\u0259sidir","publisher":{"@id":"https:\/\/www.meydan.tv\/az\/#organization"},"potentialAction":[{"@type":"SearchAction","target":{"@type":"EntryPoint","urlTemplate":"https:\/\/www.meydan.tv\/az\/?s={search_term_string}"},"query-input":{"@type":"PropertyValueSpecification","valueRequired":true,"valueName":"search_term_string"}}],"inLanguage":"az"},{"@type":"Organization","@id":"https:\/\/www.meydan.tv\/az\/#organization","name":"Meydan TV","url":"https:\/\/www.meydan.tv\/az\/","logo":{"@type":"ImageObject","inLanguage":"az","@id":"https:\/\/www.meydan.tv\/az\/#\/schema\/logo\/image\/","url":"https:\/\/www.meydan.tv\/wp-content\/uploads\/2021\/07\/meydan-logo.svg","contentUrl":"https:\/\/www.meydan.tv\/wp-content\/uploads\/2021\/07\/meydan-logo.svg","width":195,"height":46,"caption":"Meydan TV"},"image":{"@id":"https:\/\/www.meydan.tv\/az\/#\/schema\/logo\/image\/"}},{"@type":"Person","@id":"https:\/\/www.meydan.tv\/az\/#\/schema\/person\/476e9360e593fa131d5d71d51866f8da","name":"aleks"}]}},"_links":{"self":[{"href":"https:\/\/www.meydan.tv\/az\/wp-json\/wp\/v2\/posts\/283432","targetHints":{"allow":["GET"]}}],"collection":[{"href":"https:\/\/www.meydan.tv\/az\/wp-json\/wp\/v2\/posts"}],"about":[{"href":"https:\/\/www.meydan.tv\/az\/wp-json\/wp\/v2\/types\/post"}],"author":[{"embeddable":true,"href":"https:\/\/www.meydan.tv\/az\/wp-json\/wp\/v2\/users\/12"}],"replies":[{"embeddable":true,"href":"https:\/\/www.meydan.tv\/az\/wp-json\/wp\/v2\/comments?post=283432"}],"version-history":[{"count":3,"href":"https:\/\/www.meydan.tv\/az\/wp-json\/wp\/v2\/posts\/283432\/revisions"}],"predecessor-version":[{"id":283537,"href":"https:\/\/www.meydan.tv\/az\/wp-json\/wp\/v2\/posts\/283432\/revisions\/283537"}],"wp:featuredmedia":[{"embeddable":true,"href":"https:\/\/www.meydan.tv\/az\/wp-json\/wp\/v2\/media\/283434"}],"wp:attachment":[{"href":"https:\/\/www.meydan.tv\/az\/wp-json\/wp\/v2\/media?parent=283432"}],"wp:term":[{"taxonomy":"category","embeddable":true,"href":"https:\/\/www.meydan.tv\/az\/wp-json\/wp\/v2\/categories?post=283432"},{"taxonomy":"post_tag","embeddable":true,"href":"https:\/\/www.meydan.tv\/az\/wp-json\/wp\/v2\/tags?post=283432"}],"curies":[{"name":"wp","href":"https:\/\/api.w.org\/{rel}","templated":true}]}}