{"id":283423,"date":"2023-08-28T18:17:07","date_gmt":"2023-08-28T14:17:07","guid":{"rendered":"https:\/\/www.meydan.tv\/?p=283423"},"modified":"2023-08-28T18:17:25","modified_gmt":"2023-08-28T14:17:25","slug":"zerdabda-ele-kend-var-ki-20-30-aile-qalib-qapilar-qifillidir","status":"publish","type":"post","link":"https:\/\/www.meydan.tv\/az\/article\/zerdabda-ele-kend-var-ki-20-30-aile-qalib-qapilar-qifillidir\/","title":{"rendered":"\u201cZ\u0259rdabda el\u0259 k\u0259nd var ki, 20-30 ail\u0259 qal\u0131b, qap\u0131lar q\u0131f\u0131ll\u0131d\u0131r\u201d"},"content":{"rendered":"\n<p><em>K\u0259nd sakinl\u0259ri yolsuzluqdan, susuzluqdan \u015fikay\u0259t\u00e7idir<\/em><\/p>\n\n\n\n<p>\u201c44 g\u00fcnl\u00fck m\u00fcharib\u0259 zaman\u0131 a\u011f\u0131r ma\u015f\u0131nlar k\u0259nd yollar\u0131n\u0131 b\u0259rbad hala sald\u0131. K\u00f6rp\u00fck\u0259ndd\u0259n Yuxar\u0131 Seyidl\u0259r k\u0259ndin\u0259 q\u0259d\u0259r yollar q\u0259zal\u0131 v\u0259ziyy\u0259t\u0259 d\u00fc\u015f\u00fcb\u201d.<\/p>\n\n\n\n<p>Bunu Meydan TV-y\u0259 Z\u0259rdab\u0131n Yuxar\u0131 Seyidl\u0259r k\u0259ndinin sakinl\u0259ri bildiribl\u0259r. Onlar\u0131n s\u00f6zl\u0259rin\u0259 g\u00f6r\u0259, k\u0259ndd\u0259 yaln\u0131z bir ne\u00e7\u0259 ail\u0259nin telefonu var, internet\u0259 \u00e7\u0131x\u0131\u015f imkanlar\u0131 m\u0259hduddur.<\/p>\n\n\n\n<p>Sakinl\u0259rd\u0259n biri dan\u0131\u015f\u0131b ki, k\u0259ndin cavanlar\u0131 dolan\u0131\u015f\u0131q \u00fcz\u00fcnd\u0259n \u015f\u0259h\u0259r\u0259 ax\u0131\u015f\u0131rlar. \u00c7\u00fcnki i\u00e7m\u0259li v\u0259 suvarma su \u00e7\u0259tinliyi var, i\u015f yoxdur.<\/p>\n\n\n\n<p>\u201cArtezian quyular\u0131 var, i\u00e7m\u0259li su vedr\u0259l\u0259rl\u0259 da\u015f\u0131n\u0131r. \u00c7oxunun h\u0259y\u0259tind\u0259 quyu var, amma su o q\u0259d\u0259r lilli olur ki, i\u00e7m\u0259k v\u0259 ya yuyunmaq \u00fc\u00e7\u00fcn yararl\u0131 deyil. Kimin sah\u0259si varsa, arpa, yonca \u0259kib dolan\u0131r. Su c\u0259h\u0259td\u0259n korluq \u00e7\u0259kirik, ild\u0259 bir d\u0259f\u0259 ot y\u0131\u011f\u0131b, b\u00fct\u00fcn q\u0131\u015f\u0131 onun pulu il\u0259 yola veririk. Qazanc\u0131m\u0131z bir t\u0259r\u0259fd\u0259n d\u0259 havadan as\u0131l\u0131d\u0131r\u201d, &#8211; sakinl\u0259rd\u0259n Asif M\u0259mm\u0259dov deyib.<\/p>\n\n\n\n<figure class=\"wp-block-gallery has-nested-images columns-default is-cropped wp-block-gallery-1 is-layout-flex wp-block-gallery-is-layout-flex\">\n<figure class=\"wp-block-image size-large\"><img decoding=\"async\" width=\"636\" height=\"821\" data-id=\"283427\" data-src=\"https:\/\/www.meydan.tv\/wp-content\/uploads\/d0626561-2338-4ef7-8e1d-44144c36d7c3-636x821.jpg\" alt=\"\" class=\"wp-image-283427 lazyload\" src=\"data:image\/svg+xml;base64,PHN2ZyB3aWR0aD0iMSIgaGVpZ2h0PSIxIiB4bWxucz0iaHR0cDovL3d3dy53My5vcmcvMjAwMC9zdmciPjwvc3ZnPg==\" style=\"--smush-placeholder-width: 636px; --smush-placeholder-aspect-ratio: 636\/821;\" \/><\/figure>\n<\/figure>\n\n\n\n<p>Bildirib ki, onun \u00f6z\u00fc d\u0259 Bak\u0131ya i\u015fl\u0259m\u0259y\u0259 g\u0259lib, g\u00fcn\u0259muzd qazand\u0131\u011f\u0131 pulu k\u0259ndd\u0259 qalan ail\u0259sin\u0259 g\u00f6nd\u0259rir:<\/p>\n\n\n\n<p>\u201cBizim k\u0259nd A\u011fda\u015f\u0131n X\u0131naxl\u0131 k\u0259ndin\u0259 yax\u0131nd\u0131r. Yola asfalt d\u00f6\u015f\u0259nmi\u015fdi, amma indi el\u0259 v\u0259ziyy\u0259td\u0259dir ki, bir d\u0259f\u0259 gedib-g\u0259l\u0259nd\u0259 ma\u015f\u0131n s\u0131radan \u00e7\u0131x\u0131r. \u00c7\u00fcnki a\u011f\u0131r ma\u015f\u0131nlar bizim k\u0259ndd\u0259n ke\u00e7ib gedirdi. He\u00e7 olmasa yollar\u0131 t\u0259mir etsinl\u0259r. Cavanlar\u0131n ham\u0131s\u0131 \u015f\u0259raitsizlik, dolan\u0131\u015f\u0131q \u00fcz\u00fcnd\u0259n k\u0259ndd\u0259n qa\u00e7\u0131r. H\u0259l\u0259 bizim k\u0259nd dig\u0259rl\u0259rin\u0259 baxanda yax\u015f\u0131d\u0131r. Z\u0259rdabda el\u0259 k\u0259nd var ki, 20-30 ail\u0259 qal\u0131b, qap\u0131lar q\u0131f\u0131ll\u0131d\u0131r\u201d.<\/p>\n\n\n\n<p>Yuxar\u0131 Seyidl\u0259r k\u0259ndi rayon m\u0259rk\u0259zind\u0259n 33 kilometr aral\u0131da yerl\u0259\u015fir. K\u0259ndlil\u0259r heyvandarl\u0131q, tax\u0131l\u00e7\u0131l\u0131qla m\u0259\u015f\u011ful olur. R\u0259smi statistikaya g\u00f6r\u0259, k\u0259ndin 800-d\u0259n \u00e7ox sakini var.<\/p>\n\n\n\n<p>K\u0259nd b\u0259l\u0259diyy\u0259sind\u0259n is\u0259 deyil\u0259ni t\u0259kzib edibl\u0259r. Bildiribl\u0259r ki, k\u0259ndi\u00e7i yollar da daxil olmaqla \u0259sas yola asfalt \u00f6rt\u00fcy\u00fc \u00e7\u0259kilib:<\/p>\n\n\n\n<p>\u201cSa\u011f olsun, Prezidentimiz. Yollar\u0131m\u0131za asfalt \u00e7\u0259kilib\u201d.<\/p>\n\n\n\n<p>K\u0259ndlil\u0259rin s\u0259sl\u0259ndirdiyi dig\u0259r probleml\u0259r\u0259 is\u0259 ayd\u0131nl\u0131q g\u0259tirilm\u0259yib.<\/p>\n","protected":false},"excerpt":{"rendered":"<p>K\u0259nd sakinl\u0259ri yolsuzluqdan, susuzluqdan \u015fikay\u0259t\u00e7idir \u201c44 g\u00fcnl\u00fck m\u00fcharib\u0259 zaman\u0131 a\u011f\u0131r &#8230; <\/p>\n<p class=\"read-more-container\"><a title=\"\u201cZ\u0259rdabda el\u0259 k\u0259nd var ki, 20-30 ail\u0259 qal\u0131b, qap\u0131lar q\u0131f\u0131ll\u0131d\u0131r\u201d\" class=\"read-more button\" href=\"https:\/\/www.meydan.tv\/az\/article\/zerdabda-ele-kend-var-ki-20-30-aile-qalib-qapilar-qifillidir\/#more-283423\" aria-label=\"Read more about \u201cZ\u0259rdabda el\u0259 k\u0259nd var ki, 20-30 ail\u0259 qal\u0131b, qap\u0131lar q\u0131f\u0131ll\u0131d\u0131r\u201d\">Davam\u0131<\/a><\/p>\n","protected":false},"author":12,"featured_media":283424,"comment_status":"closed","ping_status":"closed","sticky":false,"template":"","format":"standard","meta":{"_acf_changed":false,"_sitemap_exclude":false,"_sitemap_priority":"","_sitemap_frequency":"","footnotes":""},"categories":[60,62,56],"tags":[],"class_list":["post-283423","post","type-post","status-publish","format-standard","has-post-thumbnail","hentry","category-bolge","category-sosial","category-xeberler","infinite-scroll-item","generate-columns","tablet-grid-50","mobile-grid-100","grid-parent","grid-33","no-featured-image-padding"],"acf":[],"yoast_head":"<!-- This site is optimized with the Yoast SEO plugin v27.4 - https:\/\/yoast.com\/product\/yoast-seo-wordpress\/ -->\n<title>\u201cZ\u0259rdabda el\u0259 k\u0259nd var ki, 20-30 ail\u0259 qal\u0131b, qap\u0131lar q\u0131f\u0131ll\u0131d\u0131r\u201d - MEYDAN.TV<\/title>\n<meta name=\"robots\" content=\"index, follow, max-snippet:-1, max-image-preview:large, max-video-preview:-1\" \/>\n<link rel=\"canonical\" href=\"https:\/\/www.meydan.tv\/az\/article\/zerdabda-ele-kend-var-ki-20-30-aile-qalib-qapilar-qifillidir\/\" \/>\n<meta property=\"og:locale\" content=\"az_AZ\" \/>\n<meta property=\"og:type\" content=\"article\" \/>\n<meta property=\"og:title\" content=\"\u201cZ\u0259rdabda el\u0259 k\u0259nd var ki, 20-30 ail\u0259 qal\u0131b, qap\u0131lar q\u0131f\u0131ll\u0131d\u0131r\u201d - MEYDAN.TV\" \/>\n<meta property=\"og:description\" content=\"K\u0259nd sakinl\u0259ri yolsuzluqdan, susuzluqdan \u015fikay\u0259t\u00e7idir \u201c44 g\u00fcnl\u00fck m\u00fcharib\u0259 zaman\u0131 a\u011f\u0131r ... Davam\u0131\" \/>\n<meta property=\"og:url\" content=\"https:\/\/www.meydan.tv\/az\/article\/zerdabda-ele-kend-var-ki-20-30-aile-qalib-qapilar-qifillidir\/\" \/>\n<meta property=\"og:site_name\" content=\"MEYDAN.TV\" \/>\n<meta property=\"article:published_time\" content=\"2023-08-28T14:17:07+00:00\" \/>\n<meta property=\"article:modified_time\" content=\"2023-08-28T14:17:25+00:00\" \/>\n<meta property=\"og:image\" content=\"https:\/\/www.meydan.tv\/wp-content\/uploads\/5be4ba35-481d-4601-83f8-467f4db10d03.jpg\" \/>\n\t<meta property=\"og:image:width\" content=\"739\" \/>\n\t<meta property=\"og:image:height\" content=\"400\" \/>\n\t<meta property=\"og:image:type\" content=\"image\/jpeg\" \/>\n<meta name=\"author\" content=\"aleks\" \/>\n<meta name=\"twitter:card\" content=\"summary_large_image\" \/>\n<script type=\"application\/ld+json\" class=\"yoast-schema-graph\">{\"@context\":\"https:\\\/\\\/schema.org\",\"@graph\":[{\"@type\":\"Article\",\"@id\":\"https:\\\/\\\/www.meydan.tv\\\/az\\\/article\\\/zerdabda-ele-kend-var-ki-20-30-aile-qalib-qapilar-qifillidir\\\/#article\",\"isPartOf\":{\"@id\":\"https:\\\/\\\/www.meydan.tv\\\/az\\\/article\\\/zerdabda-ele-kend-var-ki-20-30-aile-qalib-qapilar-qifillidir\\\/\"},\"author\":{\"name\":\"aleks\",\"@id\":\"https:\\\/\\\/www.meydan.tv\\\/az\\\/#\\\/schema\\\/person\\\/476e9360e593fa131d5d71d51866f8da\"},\"headline\":\"\u201cZ\u0259rdabda el\u0259 k\u0259nd var ki, 20-30 ail\u0259 qal\u0131b, qap\u0131lar q\u0131f\u0131ll\u0131d\u0131r\u201d\",\"datePublished\":\"2023-08-28T14:17:07+00:00\",\"dateModified\":\"2023-08-28T14:17:25+00:00\",\"mainEntityOfPage\":{\"@id\":\"https:\\\/\\\/www.meydan.tv\\\/az\\\/article\\\/zerdabda-ele-kend-var-ki-20-30-aile-qalib-qapilar-qifillidir\\\/\"},\"wordCount\":447,\"publisher\":{\"@id\":\"https:\\\/\\\/www.meydan.tv\\\/az\\\/#organization\"},\"image\":{\"@id\":\"https:\\\/\\\/www.meydan.tv\\\/az\\\/article\\\/zerdabda-ele-kend-var-ki-20-30-aile-qalib-qapilar-qifillidir\\\/#primaryimage\"},\"thumbnailUrl\":\"https:\\\/\\\/www.meydan.tv\\\/wp-content\\\/uploads\\\/5be4ba35-481d-4601-83f8-467f4db10d03.jpg\",\"articleSection\":[\"B\u00f6lg\u0259\",\"Sosial\",\"X\u0259b\u0259rl\u0259r\"],\"inLanguage\":\"az\"},{\"@type\":\"WebPage\",\"@id\":\"https:\\\/\\\/www.meydan.tv\\\/az\\\/article\\\/zerdabda-ele-kend-var-ki-20-30-aile-qalib-qapilar-qifillidir\\\/\",\"url\":\"https:\\\/\\\/www.meydan.tv\\\/az\\\/article\\\/zerdabda-ele-kend-var-ki-20-30-aile-qalib-qapilar-qifillidir\\\/\",\"name\":\"\u201cZ\u0259rdabda el\u0259 k\u0259nd var ki, 20-30 ail\u0259 qal\u0131b, qap\u0131lar q\u0131f\u0131ll\u0131d\u0131r\u201d - MEYDAN.TV\",\"isPartOf\":{\"@id\":\"https:\\\/\\\/www.meydan.tv\\\/az\\\/#website\"},\"primaryImageOfPage\":{\"@id\":\"https:\\\/\\\/www.meydan.tv\\\/az\\\/article\\\/zerdabda-ele-kend-var-ki-20-30-aile-qalib-qapilar-qifillidir\\\/#primaryimage\"},\"image\":{\"@id\":\"https:\\\/\\\/www.meydan.tv\\\/az\\\/article\\\/zerdabda-ele-kend-var-ki-20-30-aile-qalib-qapilar-qifillidir\\\/#primaryimage\"},\"thumbnailUrl\":\"https:\\\/\\\/www.meydan.tv\\\/wp-content\\\/uploads\\\/5be4ba35-481d-4601-83f8-467f4db10d03.jpg\",\"datePublished\":\"2023-08-28T14:17:07+00:00\",\"dateModified\":\"2023-08-28T14:17:25+00:00\",\"breadcrumb\":{\"@id\":\"https:\\\/\\\/www.meydan.tv\\\/az\\\/article\\\/zerdabda-ele-kend-var-ki-20-30-aile-qalib-qapilar-qifillidir\\\/#breadcrumb\"},\"inLanguage\":\"az\",\"potentialAction\":[{\"@type\":\"ReadAction\",\"target\":[\"https:\\\/\\\/www.meydan.tv\\\/az\\\/article\\\/zerdabda-ele-kend-var-ki-20-30-aile-qalib-qapilar-qifillidir\\\/\"]}]},{\"@type\":\"ImageObject\",\"inLanguage\":\"az\",\"@id\":\"https:\\\/\\\/www.meydan.tv\\\/az\\\/article\\\/zerdabda-ele-kend-var-ki-20-30-aile-qalib-qapilar-qifillidir\\\/#primaryimage\",\"url\":\"https:\\\/\\\/www.meydan.tv\\\/wp-content\\\/uploads\\\/5be4ba35-481d-4601-83f8-467f4db10d03.jpg\",\"contentUrl\":\"https:\\\/\\\/www.meydan.tv\\\/wp-content\\\/uploads\\\/5be4ba35-481d-4601-83f8-467f4db10d03.jpg\",\"width\":739,\"height\":400},{\"@type\":\"BreadcrumbList\",\"@id\":\"https:\\\/\\\/www.meydan.tv\\\/az\\\/article\\\/zerdabda-ele-kend-var-ki-20-30-aile-qalib-qapilar-qifillidir\\\/#breadcrumb\",\"itemListElement\":[{\"@type\":\"ListItem\",\"position\":1,\"name\":\"Ana s\u0259hif\u0259\",\"item\":\"https:\\\/\\\/www.meydan.tv\\\/az\\\/\"},{\"@type\":\"ListItem\",\"position\":2,\"name\":\"X\u0259b\u0259rl\u0259r\",\"item\":\"https:\\\/\\\/www.meydan.tv\\\/az\\\/section\\\/xeberler\\\/\"},{\"@type\":\"ListItem\",\"position\":3,\"name\":\"\u201cZ\u0259rdabda el\u0259 k\u0259nd var ki, 20-30 ail\u0259 qal\u0131b, qap\u0131lar q\u0131f\u0131ll\u0131d\u0131r\u201d\"}]},{\"@type\":\"WebSite\",\"@id\":\"https:\\\/\\\/www.meydan.tv\\\/az\\\/#website\",\"url\":\"https:\\\/\\\/www.meydan.tv\\\/az\\\/\",\"name\":\"MEYDAN.TV\",\"description\":\"Meydan TV Az\u0259rbaycan\u0131n media m\u0259kan\u0131ndak\u0131 alternativ s\u0259sidir\",\"publisher\":{\"@id\":\"https:\\\/\\\/www.meydan.tv\\\/az\\\/#organization\"},\"potentialAction\":[{\"@type\":\"SearchAction\",\"target\":{\"@type\":\"EntryPoint\",\"urlTemplate\":\"https:\\\/\\\/www.meydan.tv\\\/az\\\/?s={search_term_string}\"},\"query-input\":{\"@type\":\"PropertyValueSpecification\",\"valueRequired\":true,\"valueName\":\"search_term_string\"}}],\"inLanguage\":\"az\"},{\"@type\":\"Organization\",\"@id\":\"https:\\\/\\\/www.meydan.tv\\\/az\\\/#organization\",\"name\":\"Meydan TV\",\"url\":\"https:\\\/\\\/www.meydan.tv\\\/az\\\/\",\"logo\":{\"@type\":\"ImageObject\",\"inLanguage\":\"az\",\"@id\":\"https:\\\/\\\/www.meydan.tv\\\/az\\\/#\\\/schema\\\/logo\\\/image\\\/\",\"url\":\"https:\\\/\\\/www.meydan.tv\\\/wp-content\\\/uploads\\\/2021\\\/07\\\/meydan-logo.svg\",\"contentUrl\":\"https:\\\/\\\/www.meydan.tv\\\/wp-content\\\/uploads\\\/2021\\\/07\\\/meydan-logo.svg\",\"width\":195,\"height\":46,\"caption\":\"Meydan TV\"},\"image\":{\"@id\":\"https:\\\/\\\/www.meydan.tv\\\/az\\\/#\\\/schema\\\/logo\\\/image\\\/\"}},{\"@type\":\"Person\",\"@id\":\"https:\\\/\\\/www.meydan.tv\\\/az\\\/#\\\/schema\\\/person\\\/476e9360e593fa131d5d71d51866f8da\",\"name\":\"aleks\"}]}<\/script>\n<!-- \/ Yoast SEO plugin. -->","yoast_head_json":{"title":"\u201cZ\u0259rdabda el\u0259 k\u0259nd var ki, 20-30 ail\u0259 qal\u0131b, qap\u0131lar q\u0131f\u0131ll\u0131d\u0131r\u201d - MEYDAN.TV","robots":{"index":"index","follow":"follow","max-snippet":"max-snippet:-1","max-image-preview":"max-image-preview:large","max-video-preview":"max-video-preview:-1"},"canonical":"https:\/\/www.meydan.tv\/az\/article\/zerdabda-ele-kend-var-ki-20-30-aile-qalib-qapilar-qifillidir\/","og_locale":"az_AZ","og_type":"article","og_title":"\u201cZ\u0259rdabda el\u0259 k\u0259nd var ki, 20-30 ail\u0259 qal\u0131b, qap\u0131lar q\u0131f\u0131ll\u0131d\u0131r\u201d - MEYDAN.TV","og_description":"K\u0259nd sakinl\u0259ri yolsuzluqdan, susuzluqdan \u015fikay\u0259t\u00e7idir \u201c44 g\u00fcnl\u00fck m\u00fcharib\u0259 zaman\u0131 a\u011f\u0131r ... Davam\u0131","og_url":"https:\/\/www.meydan.tv\/az\/article\/zerdabda-ele-kend-var-ki-20-30-aile-qalib-qapilar-qifillidir\/","og_site_name":"MEYDAN.TV","article_published_time":"2023-08-28T14:17:07+00:00","article_modified_time":"2023-08-28T14:17:25+00:00","og_image":[{"width":739,"height":400,"url":"https:\/\/www.meydan.tv\/wp-content\/uploads\/5be4ba35-481d-4601-83f8-467f4db10d03.jpg","type":"image\/jpeg"}],"author":"aleks","twitter_card":"summary_large_image","schema":{"@context":"https:\/\/schema.org","@graph":[{"@type":"Article","@id":"https:\/\/www.meydan.tv\/az\/article\/zerdabda-ele-kend-var-ki-20-30-aile-qalib-qapilar-qifillidir\/#article","isPartOf":{"@id":"https:\/\/www.meydan.tv\/az\/article\/zerdabda-ele-kend-var-ki-20-30-aile-qalib-qapilar-qifillidir\/"},"author":{"name":"aleks","@id":"https:\/\/www.meydan.tv\/az\/#\/schema\/person\/476e9360e593fa131d5d71d51866f8da"},"headline":"\u201cZ\u0259rdabda el\u0259 k\u0259nd var ki, 20-30 ail\u0259 qal\u0131b, qap\u0131lar q\u0131f\u0131ll\u0131d\u0131r\u201d","datePublished":"2023-08-28T14:17:07+00:00","dateModified":"2023-08-28T14:17:25+00:00","mainEntityOfPage":{"@id":"https:\/\/www.meydan.tv\/az\/article\/zerdabda-ele-kend-var-ki-20-30-aile-qalib-qapilar-qifillidir\/"},"wordCount":447,"publisher":{"@id":"https:\/\/www.meydan.tv\/az\/#organization"},"image":{"@id":"https:\/\/www.meydan.tv\/az\/article\/zerdabda-ele-kend-var-ki-20-30-aile-qalib-qapilar-qifillidir\/#primaryimage"},"thumbnailUrl":"https:\/\/www.meydan.tv\/wp-content\/uploads\/5be4ba35-481d-4601-83f8-467f4db10d03.jpg","articleSection":["B\u00f6lg\u0259","Sosial","X\u0259b\u0259rl\u0259r"],"inLanguage":"az"},{"@type":"WebPage","@id":"https:\/\/www.meydan.tv\/az\/article\/zerdabda-ele-kend-var-ki-20-30-aile-qalib-qapilar-qifillidir\/","url":"https:\/\/www.meydan.tv\/az\/article\/zerdabda-ele-kend-var-ki-20-30-aile-qalib-qapilar-qifillidir\/","name":"\u201cZ\u0259rdabda el\u0259 k\u0259nd var ki, 20-30 ail\u0259 qal\u0131b, qap\u0131lar q\u0131f\u0131ll\u0131d\u0131r\u201d - MEYDAN.TV","isPartOf":{"@id":"https:\/\/www.meydan.tv\/az\/#website"},"primaryImageOfPage":{"@id":"https:\/\/www.meydan.tv\/az\/article\/zerdabda-ele-kend-var-ki-20-30-aile-qalib-qapilar-qifillidir\/#primaryimage"},"image":{"@id":"https:\/\/www.meydan.tv\/az\/article\/zerdabda-ele-kend-var-ki-20-30-aile-qalib-qapilar-qifillidir\/#primaryimage"},"thumbnailUrl":"https:\/\/www.meydan.tv\/wp-content\/uploads\/5be4ba35-481d-4601-83f8-467f4db10d03.jpg","datePublished":"2023-08-28T14:17:07+00:00","dateModified":"2023-08-28T14:17:25+00:00","breadcrumb":{"@id":"https:\/\/www.meydan.tv\/az\/article\/zerdabda-ele-kend-var-ki-20-30-aile-qalib-qapilar-qifillidir\/#breadcrumb"},"inLanguage":"az","potentialAction":[{"@type":"ReadAction","target":["https:\/\/www.meydan.tv\/az\/article\/zerdabda-ele-kend-var-ki-20-30-aile-qalib-qapilar-qifillidir\/"]}]},{"@type":"ImageObject","inLanguage":"az","@id":"https:\/\/www.meydan.tv\/az\/article\/zerdabda-ele-kend-var-ki-20-30-aile-qalib-qapilar-qifillidir\/#primaryimage","url":"https:\/\/www.meydan.tv\/wp-content\/uploads\/5be4ba35-481d-4601-83f8-467f4db10d03.jpg","contentUrl":"https:\/\/www.meydan.tv\/wp-content\/uploads\/5be4ba35-481d-4601-83f8-467f4db10d03.jpg","width":739,"height":400},{"@type":"BreadcrumbList","@id":"https:\/\/www.meydan.tv\/az\/article\/zerdabda-ele-kend-var-ki-20-30-aile-qalib-qapilar-qifillidir\/#breadcrumb","itemListElement":[{"@type":"ListItem","position":1,"name":"Ana s\u0259hif\u0259","item":"https:\/\/www.meydan.tv\/az\/"},{"@type":"ListItem","position":2,"name":"X\u0259b\u0259rl\u0259r","item":"https:\/\/www.meydan.tv\/az\/section\/xeberler\/"},{"@type":"ListItem","position":3,"name":"\u201cZ\u0259rdabda el\u0259 k\u0259nd var ki, 20-30 ail\u0259 qal\u0131b, qap\u0131lar q\u0131f\u0131ll\u0131d\u0131r\u201d"}]},{"@type":"WebSite","@id":"https:\/\/www.meydan.tv\/az\/#website","url":"https:\/\/www.meydan.tv\/az\/","name":"MEYDAN.TV","description":"Meydan TV Az\u0259rbaycan\u0131n media m\u0259kan\u0131ndak\u0131 alternativ s\u0259sidir","publisher":{"@id":"https:\/\/www.meydan.tv\/az\/#organization"},"potentialAction":[{"@type":"SearchAction","target":{"@type":"EntryPoint","urlTemplate":"https:\/\/www.meydan.tv\/az\/?s={search_term_string}"},"query-input":{"@type":"PropertyValueSpecification","valueRequired":true,"valueName":"search_term_string"}}],"inLanguage":"az"},{"@type":"Organization","@id":"https:\/\/www.meydan.tv\/az\/#organization","name":"Meydan TV","url":"https:\/\/www.meydan.tv\/az\/","logo":{"@type":"ImageObject","inLanguage":"az","@id":"https:\/\/www.meydan.tv\/az\/#\/schema\/logo\/image\/","url":"https:\/\/www.meydan.tv\/wp-content\/uploads\/2021\/07\/meydan-logo.svg","contentUrl":"https:\/\/www.meydan.tv\/wp-content\/uploads\/2021\/07\/meydan-logo.svg","width":195,"height":46,"caption":"Meydan TV"},"image":{"@id":"https:\/\/www.meydan.tv\/az\/#\/schema\/logo\/image\/"}},{"@type":"Person","@id":"https:\/\/www.meydan.tv\/az\/#\/schema\/person\/476e9360e593fa131d5d71d51866f8da","name":"aleks"}]}},"_links":{"self":[{"href":"https:\/\/www.meydan.tv\/az\/wp-json\/wp\/v2\/posts\/283423","targetHints":{"allow":["GET"]}}],"collection":[{"href":"https:\/\/www.meydan.tv\/az\/wp-json\/wp\/v2\/posts"}],"about":[{"href":"https:\/\/www.meydan.tv\/az\/wp-json\/wp\/v2\/types\/post"}],"author":[{"embeddable":true,"href":"https:\/\/www.meydan.tv\/az\/wp-json\/wp\/v2\/users\/12"}],"replies":[{"embeddable":true,"href":"https:\/\/www.meydan.tv\/az\/wp-json\/wp\/v2\/comments?post=283423"}],"version-history":[{"count":1,"href":"https:\/\/www.meydan.tv\/az\/wp-json\/wp\/v2\/posts\/283423\/revisions"}],"predecessor-version":[{"id":283430,"href":"https:\/\/www.meydan.tv\/az\/wp-json\/wp\/v2\/posts\/283423\/revisions\/283430"}],"wp:featuredmedia":[{"embeddable":true,"href":"https:\/\/www.meydan.tv\/az\/wp-json\/wp\/v2\/media\/283424"}],"wp:attachment":[{"href":"https:\/\/www.meydan.tv\/az\/wp-json\/wp\/v2\/media?parent=283423"}],"wp:term":[{"taxonomy":"category","embeddable":true,"href":"https:\/\/www.meydan.tv\/az\/wp-json\/wp\/v2\/categories?post=283423"},{"taxonomy":"post_tag","embeddable":true,"href":"https:\/\/www.meydan.tv\/az\/wp-json\/wp\/v2\/tags?post=283423"}],"curies":[{"name":"wp","href":"https:\/\/api.w.org\/{rel}","templated":true}]}}