{"id":283407,"date":"2023-08-28T16:53:07","date_gmt":"2023-08-28T12:53:07","guid":{"rendered":"https:\/\/www.meydan.tv\/?p=283407"},"modified":"2023-08-28T16:53:12","modified_gmt":"2023-08-28T12:53:12","slug":"mektebliler-ucun-talis-dili-dersliyi-nesr-olunub","status":"publish","type":"post","link":"https:\/\/www.meydan.tv\/az\/article\/mektebliler-ucun-talis-dili-dersliyi-nesr-olunub\/","title":{"rendered":"M\u0259kt\u0259blil\u0259r \u00fc\u00e7\u00fcn &#8220;Tal\u0131\u015f dili&#8221; d\u0259rsliyi n\u0259\u015fr olunub"},"content":{"rendered":"\n<p><strong><em>D\u0259rslik 1-4-c\u00fc sinifl\u0259ri \u0259hat\u0259 edir<\/em><\/strong><\/p>\n\n\n\n<p>Elm v\u0259 T\u0259hsil Nazirliyinin azsayl\u0131 xalqlarla ba\u011fl\u0131 kurikulum proqram\u0131 \u0259sas\u0131nda yeni d\u0259rslik v\u0259 metodik v\u0259sait \u00e7ap edilib.<\/p>\n\n\n\n<p>H\u0259r iki v\u0259sait Az\u0259rbaycan Milli Elml\u0259r Akademiyas\u0131n\u0131n Dil\u00e7ilik \u0130nstitutunun \u0259m\u0259kda\u015flar\u0131 Rasim Heyd\u0259rov, Aqil C\u0259f\u0259rov v\u0259 Elvin S\u0259m\u0259dov t\u0259r\u0259find\u0259n haz\u0131rlan\u0131b.<\/p>\n\n\n\n<p>\u201cTol\u0131\u015f\u0259 Z\u0131von\u201d &#8211; &#8220;Tal\u0131\u015f dili&#8221; d\u0259rsliyi 1-4-c\u00fc sinifl\u0259ri \u0259hat\u0259 edir.<\/p>\n\n\n\n<p>H\u0259mm\u00fc\u0259llif Rasim Heyd\u0259rov Meydan TV-y\u0259 bildirib ki, d\u0259rslikl\u0259r d\u00f6rd-be\u015f il \u00f6nc\u0259d\u0259n haz\u0131rlansa da, \u00e7ap edilm\u0259si yuban\u0131b.<\/p>\n\n\n\n<p>Metodik v\u0259saitd\u0259 \u0259sas m\u00fc\u0259llif Aqil C\u0259f\u0259rov, d\u0259rslikl\u0259rd\u0259 is\u0259 \u0259sas m\u00fc\u0259llif Rasim Heyd\u0259rovdur.<\/p>\n\n\n\n<p>Bu ilin iyulunda Az\u0259rbaycan Tal\u0131\u015flar\u0131 \u0130ctimai \u015euras\u0131 (AT\u0130\u015e) Milli M\u0259clisd\u0259 tal\u0131\u015f regionunu t\u0259msil ed\u0259n deputatlara v\u0259 Qafqaz M\u00fcs\u0259lmanlar\u0131 \u0130dar\u0259sinin (QM\u0130) s\u0259dri \u015eeyx\u00fclislam Allah\u015f\u00fck\u00fcr Pa\u015fazad\u0259y\u0259 m\u00fcraci\u0259t ed\u0259r\u0259k tal\u0131\u015flar\u0131n kompakt ya\u015fad\u0131qlar\u0131 b\u00f6lg\u0259d\u0259ki m\u0259kt\u0259bl\u0259rd\u0259 tal\u0131\u015f dilinin t\u0259dris edilm\u0259diyini, yeni d\u0259rslikl\u0259rin \u00e7ap olunmad\u0131\u011f\u0131n\u0131 bildirmi\u015fdil\u0259r.<\/p>\n\n\n\n<p>Az\u0259rbaycanda tal\u0131\u015flar\u0131n kompakt ya\u015fad\u0131qlar\u0131 \u0259razil\u0259r Astara, L\u0259nk\u0259ran, Masall\u0131, Lerik rayonlar\u0131d\u0131r.<\/p>\n\n\n\n<figure class=\"wp-block-gallery has-nested-images columns-default is-cropped wp-block-gallery-1 is-layout-flex wp-block-gallery-is-layout-flex\">\n<figure class=\"wp-block-image size-large\"><img decoding=\"async\" width=\"497\" height=\"821\" data-id=\"283411\" data-src=\"https:\/\/www.meydan.tv\/wp-content\/uploads\/369590948_6935131133204861_6024184875184781319_n-497x821.jpg\" alt=\"\" class=\"wp-image-283411 lazyload\" src=\"data:image\/svg+xml;base64,PHN2ZyB3aWR0aD0iMSIgaGVpZ2h0PSIxIiB4bWxucz0iaHR0cDovL3d3dy53My5vcmcvMjAwMC9zdmciPjwvc3ZnPg==\" style=\"--smush-placeholder-width: 497px; --smush-placeholder-aspect-ratio: 497\/821;\" \/><\/figure>\n<\/figure>\n\n\n\n<p>Bu rayonlardak\u0131 m\u0259kt\u0259bl\u0259rd\u0259 tal\u0131\u015f dili 4-c\u00fc sinf\u0259 q\u0259d\u0259r h\u0259ft\u0259d\u0259 bir d\u0259f\u0259 ke\u00e7irilir.<\/p>\n\n\n\n<p>Tal\u0131\u015flar Az\u0259rbaycanda ikinci b\u00f6y\u00fck etnik qrup hesab edilirl\u0259r.<\/p>\n\n\n\n<p>2009-cu il siyah\u0131yaalmas\u0131nda Az\u0259rbaycanda 112 min tal\u0131\u015f\u0131n oldu\u011fu hesablanm\u0131\u015fd\u0131sa, 2019-cu ild\u0259 h\u0259min g\u00f6st\u0259rici 87 min 578 n\u0259f\u0259r\u0259 enib.<\/p>\n\n\n\n<p>Bildrilir ki, Onlar\u0131n say\u0131 22 faiz (24 min 422 n\u0259f\u0259r) azal\u0131b.<\/p>\n\n\n\n<p>R\u0259smi r\u0259q\u0259ml\u0259r\u0259 g\u00f6r\u0259, \u00f6lk\u0259 \u0259halisinin 0.9 faizi tal\u0131\u015flard\u0131r.<\/p>\n\n\n\n<p>AT\u0130\u015e m\u00fct\u0259x\u0259ssisl\u0259ri v\u0259 bir s\u0131ra ictimai \u015f\u0259xsl\u0259r bu sayla raz\u0131la\u015fm\u0131rlar.<\/p>\n\n\n\n<p>Onlar tal\u0131\u015flar\u0131n say\u0131n\u0131n g\u00f6st\u0259ril\u0259n r\u0259q\u0259md\u0259n 10 d\u0259f\u0259 art\u0131q oldu\u011funu d\u00fc\u015f\u00fcn\u00fcrl\u0259r.<\/p>\n","protected":false},"excerpt":{"rendered":"<p>D\u0259rslik 1-4-c\u00fc sinifl\u0259ri \u0259hat\u0259 edir Elm v\u0259 T\u0259hsil Nazirliyinin azsayl\u0131 &#8230; <\/p>\n<p class=\"read-more-container\"><a title=\"M\u0259kt\u0259blil\u0259r \u00fc\u00e7\u00fcn &#8220;Tal\u0131\u015f dili&#8221; d\u0259rsliyi n\u0259\u015fr olunub\" class=\"read-more button\" href=\"https:\/\/www.meydan.tv\/az\/article\/mektebliler-ucun-talis-dili-dersliyi-nesr-olunub\/#more-283407\" aria-label=\"Read more about M\u0259kt\u0259blil\u0259r \u00fc\u00e7\u00fcn &#8220;Tal\u0131\u015f dili&#8221; d\u0259rsliyi n\u0259\u015fr olunub\">Davam\u0131<\/a><\/p>\n","protected":false},"author":12,"featured_media":283408,"comment_status":"closed","ping_status":"closed","sticky":false,"template":"","format":"standard","meta":{"_acf_changed":false,"_sitemap_exclude":false,"_sitemap_priority":"","_sitemap_frequency":"","footnotes":""},"categories":[52,62,56],"tags":[],"class_list":["post-283407","post","type-post","status-publish","format-standard","has-post-thumbnail","hentry","category-medeniyyet","category-sosial","category-xeberler","infinite-scroll-item","generate-columns","tablet-grid-50","mobile-grid-100","grid-parent","grid-33","no-featured-image-padding"],"acf":[],"yoast_head":"<!-- This site is optimized with the Yoast SEO plugin v27.4 - https:\/\/yoast.com\/product\/yoast-seo-wordpress\/ -->\n<title>M\u0259kt\u0259blil\u0259r \u00fc\u00e7\u00fcn &quot;Tal\u0131\u015f dili&quot; d\u0259rsliyi n\u0259\u015fr olunub - MEYDAN.TV<\/title>\n<meta name=\"robots\" content=\"index, follow, max-snippet:-1, max-image-preview:large, max-video-preview:-1\" \/>\n<link rel=\"canonical\" href=\"https:\/\/www.meydan.tv\/az\/article\/mektebliler-ucun-talis-dili-dersliyi-nesr-olunub\/\" \/>\n<meta property=\"og:locale\" content=\"az_AZ\" \/>\n<meta property=\"og:type\" content=\"article\" \/>\n<meta property=\"og:title\" content=\"M\u0259kt\u0259blil\u0259r \u00fc\u00e7\u00fcn &quot;Tal\u0131\u015f dili&quot; d\u0259rsliyi n\u0259\u015fr olunub - MEYDAN.TV\" \/>\n<meta property=\"og:description\" content=\"D\u0259rslik 1-4-c\u00fc sinifl\u0259ri \u0259hat\u0259 edir Elm v\u0259 T\u0259hsil Nazirliyinin azsayl\u0131 ... Davam\u0131\" \/>\n<meta property=\"og:url\" content=\"https:\/\/www.meydan.tv\/az\/article\/mektebliler-ucun-talis-dili-dersliyi-nesr-olunub\/\" \/>\n<meta property=\"og:site_name\" content=\"MEYDAN.TV\" \/>\n<meta property=\"article:published_time\" content=\"2023-08-28T12:53:07+00:00\" \/>\n<meta property=\"article:modified_time\" content=\"2023-08-28T12:53:12+00:00\" \/>\n<meta property=\"og:image\" content=\"https:\/\/www.meydan.tv\/wp-content\/uploads\/screenshot-2023-08-28-at-14.39.20.png\" \/>\n\t<meta property=\"og:image:width\" content=\"1154\" \/>\n\t<meta property=\"og:image:height\" content=\"822\" \/>\n\t<meta property=\"og:image:type\" content=\"image\/png\" \/>\n<meta name=\"author\" content=\"aleks\" \/>\n<meta name=\"twitter:card\" content=\"summary_large_image\" \/>\n<script type=\"application\/ld+json\" class=\"yoast-schema-graph\">{\"@context\":\"https:\\\/\\\/schema.org\",\"@graph\":[{\"@type\":\"Article\",\"@id\":\"https:\\\/\\\/www.meydan.tv\\\/az\\\/article\\\/mektebliler-ucun-talis-dili-dersliyi-nesr-olunub\\\/#article\",\"isPartOf\":{\"@id\":\"https:\\\/\\\/www.meydan.tv\\\/az\\\/article\\\/mektebliler-ucun-talis-dili-dersliyi-nesr-olunub\\\/\"},\"author\":{\"name\":\"aleks\",\"@id\":\"https:\\\/\\\/www.meydan.tv\\\/az\\\/#\\\/schema\\\/person\\\/476e9360e593fa131d5d71d51866f8da\"},\"headline\":\"M\u0259kt\u0259blil\u0259r \u00fc\u00e7\u00fcn &#8220;Tal\u0131\u015f dili&#8221; d\u0259rsliyi n\u0259\u015fr olunub\",\"datePublished\":\"2023-08-28T12:53:07+00:00\",\"dateModified\":\"2023-08-28T12:53:12+00:00\",\"mainEntityOfPage\":{\"@id\":\"https:\\\/\\\/www.meydan.tv\\\/az\\\/article\\\/mektebliler-ucun-talis-dili-dersliyi-nesr-olunub\\\/\"},\"wordCount\":367,\"publisher\":{\"@id\":\"https:\\\/\\\/www.meydan.tv\\\/az\\\/#organization\"},\"image\":{\"@id\":\"https:\\\/\\\/www.meydan.tv\\\/az\\\/article\\\/mektebliler-ucun-talis-dili-dersliyi-nesr-olunub\\\/#primaryimage\"},\"thumbnailUrl\":\"https:\\\/\\\/www.meydan.tv\\\/wp-content\\\/uploads\\\/screenshot-2023-08-28-at-14.39.20.png\",\"articleSection\":[\"M\u0259d\u0259niyy\u0259t\",\"Sosial\",\"X\u0259b\u0259rl\u0259r\"],\"inLanguage\":\"az\"},{\"@type\":\"WebPage\",\"@id\":\"https:\\\/\\\/www.meydan.tv\\\/az\\\/article\\\/mektebliler-ucun-talis-dili-dersliyi-nesr-olunub\\\/\",\"url\":\"https:\\\/\\\/www.meydan.tv\\\/az\\\/article\\\/mektebliler-ucun-talis-dili-dersliyi-nesr-olunub\\\/\",\"name\":\"M\u0259kt\u0259blil\u0259r \u00fc\u00e7\u00fcn \\\"Tal\u0131\u015f dili\\\" d\u0259rsliyi n\u0259\u015fr olunub - MEYDAN.TV\",\"isPartOf\":{\"@id\":\"https:\\\/\\\/www.meydan.tv\\\/az\\\/#website\"},\"primaryImageOfPage\":{\"@id\":\"https:\\\/\\\/www.meydan.tv\\\/az\\\/article\\\/mektebliler-ucun-talis-dili-dersliyi-nesr-olunub\\\/#primaryimage\"},\"image\":{\"@id\":\"https:\\\/\\\/www.meydan.tv\\\/az\\\/article\\\/mektebliler-ucun-talis-dili-dersliyi-nesr-olunub\\\/#primaryimage\"},\"thumbnailUrl\":\"https:\\\/\\\/www.meydan.tv\\\/wp-content\\\/uploads\\\/screenshot-2023-08-28-at-14.39.20.png\",\"datePublished\":\"2023-08-28T12:53:07+00:00\",\"dateModified\":\"2023-08-28T12:53:12+00:00\",\"breadcrumb\":{\"@id\":\"https:\\\/\\\/www.meydan.tv\\\/az\\\/article\\\/mektebliler-ucun-talis-dili-dersliyi-nesr-olunub\\\/#breadcrumb\"},\"inLanguage\":\"az\",\"potentialAction\":[{\"@type\":\"ReadAction\",\"target\":[\"https:\\\/\\\/www.meydan.tv\\\/az\\\/article\\\/mektebliler-ucun-talis-dili-dersliyi-nesr-olunub\\\/\"]}]},{\"@type\":\"ImageObject\",\"inLanguage\":\"az\",\"@id\":\"https:\\\/\\\/www.meydan.tv\\\/az\\\/article\\\/mektebliler-ucun-talis-dili-dersliyi-nesr-olunub\\\/#primaryimage\",\"url\":\"https:\\\/\\\/www.meydan.tv\\\/wp-content\\\/uploads\\\/screenshot-2023-08-28-at-14.39.20.png\",\"contentUrl\":\"https:\\\/\\\/www.meydan.tv\\\/wp-content\\\/uploads\\\/screenshot-2023-08-28-at-14.39.20.png\",\"width\":1154,\"height\":822,\"caption\":\"Kitab\u0131n \u00fczqab\u0131\u011f\u0131, foto: skrin\u015fot\"},{\"@type\":\"BreadcrumbList\",\"@id\":\"https:\\\/\\\/www.meydan.tv\\\/az\\\/article\\\/mektebliler-ucun-talis-dili-dersliyi-nesr-olunub\\\/#breadcrumb\",\"itemListElement\":[{\"@type\":\"ListItem\",\"position\":1,\"name\":\"Ana s\u0259hif\u0259\",\"item\":\"https:\\\/\\\/www.meydan.tv\\\/az\\\/\"},{\"@type\":\"ListItem\",\"position\":2,\"name\":\"X\u0259b\u0259rl\u0259r\",\"item\":\"https:\\\/\\\/www.meydan.tv\\\/az\\\/section\\\/xeberler\\\/\"},{\"@type\":\"ListItem\",\"position\":3,\"name\":\"M\u0259kt\u0259blil\u0259r \u00fc\u00e7\u00fcn &#8220;Tal\u0131\u015f dili&#8221; d\u0259rsliyi n\u0259\u015fr olunub\"}]},{\"@type\":\"WebSite\",\"@id\":\"https:\\\/\\\/www.meydan.tv\\\/az\\\/#website\",\"url\":\"https:\\\/\\\/www.meydan.tv\\\/az\\\/\",\"name\":\"MEYDAN.TV\",\"description\":\"Meydan TV Az\u0259rbaycan\u0131n media m\u0259kan\u0131ndak\u0131 alternativ s\u0259sidir\",\"publisher\":{\"@id\":\"https:\\\/\\\/www.meydan.tv\\\/az\\\/#organization\"},\"potentialAction\":[{\"@type\":\"SearchAction\",\"target\":{\"@type\":\"EntryPoint\",\"urlTemplate\":\"https:\\\/\\\/www.meydan.tv\\\/az\\\/?s={search_term_string}\"},\"query-input\":{\"@type\":\"PropertyValueSpecification\",\"valueRequired\":true,\"valueName\":\"search_term_string\"}}],\"inLanguage\":\"az\"},{\"@type\":\"Organization\",\"@id\":\"https:\\\/\\\/www.meydan.tv\\\/az\\\/#organization\",\"name\":\"Meydan TV\",\"url\":\"https:\\\/\\\/www.meydan.tv\\\/az\\\/\",\"logo\":{\"@type\":\"ImageObject\",\"inLanguage\":\"az\",\"@id\":\"https:\\\/\\\/www.meydan.tv\\\/az\\\/#\\\/schema\\\/logo\\\/image\\\/\",\"url\":\"https:\\\/\\\/www.meydan.tv\\\/wp-content\\\/uploads\\\/2021\\\/07\\\/meydan-logo.svg\",\"contentUrl\":\"https:\\\/\\\/www.meydan.tv\\\/wp-content\\\/uploads\\\/2021\\\/07\\\/meydan-logo.svg\",\"width\":195,\"height\":46,\"caption\":\"Meydan TV\"},\"image\":{\"@id\":\"https:\\\/\\\/www.meydan.tv\\\/az\\\/#\\\/schema\\\/logo\\\/image\\\/\"}},{\"@type\":\"Person\",\"@id\":\"https:\\\/\\\/www.meydan.tv\\\/az\\\/#\\\/schema\\\/person\\\/476e9360e593fa131d5d71d51866f8da\",\"name\":\"aleks\"}]}<\/script>\n<!-- \/ Yoast SEO plugin. -->","yoast_head_json":{"title":"M\u0259kt\u0259blil\u0259r \u00fc\u00e7\u00fcn \"Tal\u0131\u015f dili\" d\u0259rsliyi n\u0259\u015fr olunub - MEYDAN.TV","robots":{"index":"index","follow":"follow","max-snippet":"max-snippet:-1","max-image-preview":"max-image-preview:large","max-video-preview":"max-video-preview:-1"},"canonical":"https:\/\/www.meydan.tv\/az\/article\/mektebliler-ucun-talis-dili-dersliyi-nesr-olunub\/","og_locale":"az_AZ","og_type":"article","og_title":"M\u0259kt\u0259blil\u0259r \u00fc\u00e7\u00fcn \"Tal\u0131\u015f dili\" d\u0259rsliyi n\u0259\u015fr olunub - MEYDAN.TV","og_description":"D\u0259rslik 1-4-c\u00fc sinifl\u0259ri \u0259hat\u0259 edir Elm v\u0259 T\u0259hsil Nazirliyinin azsayl\u0131 ... Davam\u0131","og_url":"https:\/\/www.meydan.tv\/az\/article\/mektebliler-ucun-talis-dili-dersliyi-nesr-olunub\/","og_site_name":"MEYDAN.TV","article_published_time":"2023-08-28T12:53:07+00:00","article_modified_time":"2023-08-28T12:53:12+00:00","og_image":[{"width":1154,"height":822,"url":"https:\/\/www.meydan.tv\/wp-content\/uploads\/screenshot-2023-08-28-at-14.39.20.png","type":"image\/png"}],"author":"aleks","twitter_card":"summary_large_image","schema":{"@context":"https:\/\/schema.org","@graph":[{"@type":"Article","@id":"https:\/\/www.meydan.tv\/az\/article\/mektebliler-ucun-talis-dili-dersliyi-nesr-olunub\/#article","isPartOf":{"@id":"https:\/\/www.meydan.tv\/az\/article\/mektebliler-ucun-talis-dili-dersliyi-nesr-olunub\/"},"author":{"name":"aleks","@id":"https:\/\/www.meydan.tv\/az\/#\/schema\/person\/476e9360e593fa131d5d71d51866f8da"},"headline":"M\u0259kt\u0259blil\u0259r \u00fc\u00e7\u00fcn &#8220;Tal\u0131\u015f dili&#8221; d\u0259rsliyi n\u0259\u015fr olunub","datePublished":"2023-08-28T12:53:07+00:00","dateModified":"2023-08-28T12:53:12+00:00","mainEntityOfPage":{"@id":"https:\/\/www.meydan.tv\/az\/article\/mektebliler-ucun-talis-dili-dersliyi-nesr-olunub\/"},"wordCount":367,"publisher":{"@id":"https:\/\/www.meydan.tv\/az\/#organization"},"image":{"@id":"https:\/\/www.meydan.tv\/az\/article\/mektebliler-ucun-talis-dili-dersliyi-nesr-olunub\/#primaryimage"},"thumbnailUrl":"https:\/\/www.meydan.tv\/wp-content\/uploads\/screenshot-2023-08-28-at-14.39.20.png","articleSection":["M\u0259d\u0259niyy\u0259t","Sosial","X\u0259b\u0259rl\u0259r"],"inLanguage":"az"},{"@type":"WebPage","@id":"https:\/\/www.meydan.tv\/az\/article\/mektebliler-ucun-talis-dili-dersliyi-nesr-olunub\/","url":"https:\/\/www.meydan.tv\/az\/article\/mektebliler-ucun-talis-dili-dersliyi-nesr-olunub\/","name":"M\u0259kt\u0259blil\u0259r \u00fc\u00e7\u00fcn \"Tal\u0131\u015f dili\" d\u0259rsliyi n\u0259\u015fr olunub - MEYDAN.TV","isPartOf":{"@id":"https:\/\/www.meydan.tv\/az\/#website"},"primaryImageOfPage":{"@id":"https:\/\/www.meydan.tv\/az\/article\/mektebliler-ucun-talis-dili-dersliyi-nesr-olunub\/#primaryimage"},"image":{"@id":"https:\/\/www.meydan.tv\/az\/article\/mektebliler-ucun-talis-dili-dersliyi-nesr-olunub\/#primaryimage"},"thumbnailUrl":"https:\/\/www.meydan.tv\/wp-content\/uploads\/screenshot-2023-08-28-at-14.39.20.png","datePublished":"2023-08-28T12:53:07+00:00","dateModified":"2023-08-28T12:53:12+00:00","breadcrumb":{"@id":"https:\/\/www.meydan.tv\/az\/article\/mektebliler-ucun-talis-dili-dersliyi-nesr-olunub\/#breadcrumb"},"inLanguage":"az","potentialAction":[{"@type":"ReadAction","target":["https:\/\/www.meydan.tv\/az\/article\/mektebliler-ucun-talis-dili-dersliyi-nesr-olunub\/"]}]},{"@type":"ImageObject","inLanguage":"az","@id":"https:\/\/www.meydan.tv\/az\/article\/mektebliler-ucun-talis-dili-dersliyi-nesr-olunub\/#primaryimage","url":"https:\/\/www.meydan.tv\/wp-content\/uploads\/screenshot-2023-08-28-at-14.39.20.png","contentUrl":"https:\/\/www.meydan.tv\/wp-content\/uploads\/screenshot-2023-08-28-at-14.39.20.png","width":1154,"height":822,"caption":"Kitab\u0131n \u00fczqab\u0131\u011f\u0131, foto: skrin\u015fot"},{"@type":"BreadcrumbList","@id":"https:\/\/www.meydan.tv\/az\/article\/mektebliler-ucun-talis-dili-dersliyi-nesr-olunub\/#breadcrumb","itemListElement":[{"@type":"ListItem","position":1,"name":"Ana s\u0259hif\u0259","item":"https:\/\/www.meydan.tv\/az\/"},{"@type":"ListItem","position":2,"name":"X\u0259b\u0259rl\u0259r","item":"https:\/\/www.meydan.tv\/az\/section\/xeberler\/"},{"@type":"ListItem","position":3,"name":"M\u0259kt\u0259blil\u0259r \u00fc\u00e7\u00fcn &#8220;Tal\u0131\u015f dili&#8221; d\u0259rsliyi n\u0259\u015fr olunub"}]},{"@type":"WebSite","@id":"https:\/\/www.meydan.tv\/az\/#website","url":"https:\/\/www.meydan.tv\/az\/","name":"MEYDAN.TV","description":"Meydan TV Az\u0259rbaycan\u0131n media m\u0259kan\u0131ndak\u0131 alternativ s\u0259sidir","publisher":{"@id":"https:\/\/www.meydan.tv\/az\/#organization"},"potentialAction":[{"@type":"SearchAction","target":{"@type":"EntryPoint","urlTemplate":"https:\/\/www.meydan.tv\/az\/?s={search_term_string}"},"query-input":{"@type":"PropertyValueSpecification","valueRequired":true,"valueName":"search_term_string"}}],"inLanguage":"az"},{"@type":"Organization","@id":"https:\/\/www.meydan.tv\/az\/#organization","name":"Meydan TV","url":"https:\/\/www.meydan.tv\/az\/","logo":{"@type":"ImageObject","inLanguage":"az","@id":"https:\/\/www.meydan.tv\/az\/#\/schema\/logo\/image\/","url":"https:\/\/www.meydan.tv\/wp-content\/uploads\/2021\/07\/meydan-logo.svg","contentUrl":"https:\/\/www.meydan.tv\/wp-content\/uploads\/2021\/07\/meydan-logo.svg","width":195,"height":46,"caption":"Meydan TV"},"image":{"@id":"https:\/\/www.meydan.tv\/az\/#\/schema\/logo\/image\/"}},{"@type":"Person","@id":"https:\/\/www.meydan.tv\/az\/#\/schema\/person\/476e9360e593fa131d5d71d51866f8da","name":"aleks"}]}},"_links":{"self":[{"href":"https:\/\/www.meydan.tv\/az\/wp-json\/wp\/v2\/posts\/283407","targetHints":{"allow":["GET"]}}],"collection":[{"href":"https:\/\/www.meydan.tv\/az\/wp-json\/wp\/v2\/posts"}],"about":[{"href":"https:\/\/www.meydan.tv\/az\/wp-json\/wp\/v2\/types\/post"}],"author":[{"embeddable":true,"href":"https:\/\/www.meydan.tv\/az\/wp-json\/wp\/v2\/users\/12"}],"replies":[{"embeddable":true,"href":"https:\/\/www.meydan.tv\/az\/wp-json\/wp\/v2\/comments?post=283407"}],"version-history":[{"count":2,"href":"https:\/\/www.meydan.tv\/az\/wp-json\/wp\/v2\/posts\/283407\/revisions"}],"predecessor-version":[{"id":283415,"href":"https:\/\/www.meydan.tv\/az\/wp-json\/wp\/v2\/posts\/283407\/revisions\/283415"}],"wp:featuredmedia":[{"embeddable":true,"href":"https:\/\/www.meydan.tv\/az\/wp-json\/wp\/v2\/media\/283408"}],"wp:attachment":[{"href":"https:\/\/www.meydan.tv\/az\/wp-json\/wp\/v2\/media?parent=283407"}],"wp:term":[{"taxonomy":"category","embeddable":true,"href":"https:\/\/www.meydan.tv\/az\/wp-json\/wp\/v2\/categories?post=283407"},{"taxonomy":"post_tag","embeddable":true,"href":"https:\/\/www.meydan.tv\/az\/wp-json\/wp\/v2\/tags?post=283407"}],"curies":[{"name":"wp","href":"https:\/\/api.w.org\/{rel}","templated":true}]}}