{"id":283338,"date":"2023-08-28T13:09:18","date_gmt":"2023-08-28T09:09:18","guid":{"rendered":"https:\/\/www.meydan.tv\/?p=283338"},"modified":"2023-08-28T13:29:13","modified_gmt":"2023-08-28T09:29:13","slug":"sevilfestin-proqraminda-yenilik-edilib","status":"publish","type":"post","link":"https:\/\/www.meydan.tv\/az\/article\/sevilfestin-proqraminda-yenilik-edilib\/","title":{"rendered":"\u201cSevilfest\u201din proqram\u0131nda yenilik edilib"},"content":{"rendered":"\n<p><strong><em>Festival \u00e7\u0259r\u00e7iv\u0259sind\u0259 be\u015f g\u00fcnl\u00fck \u00f6d\u0259ni\u015fsiz s\u0259n\u0259dli film \u201cworkshop\u201du t\u0259\u015fkil olunacaq<\/em><\/strong><\/p>\n\n\n\n<p>IV Sevil Beyn\u0259lxalq Qad\u0131n S\u0259n\u0259dli Film Festival\u0131n\u0131n (\u201cSevilfest\u201d) proqram\u0131nda yenilik edilib.<\/p>\n\n\n\n<p>Festival\u0131n m\u0259tbuat xidm\u0259tind\u0259n Meydan TV-y\u0259 bildirilib ki, festival \u00e7\u0259r\u00e7iv\u0259sind\u0259 \u201cDok Atelye\u201d adl\u0131 be\u015f g\u00fcnl\u00fck \u00f6d\u0259ni\u015fsiz s\u0259n\u0259dli film \u201cworkshop\u201du (interaktiv t\u0259lim n\u00f6v\u00fc) t\u0259\u015fkil olunacaq.<\/p>\n\n\n\n<p>\u201cWorkshop\u201d sentyabr\u0131n 16-dan 21-d\u0259k Bak\u0131da ke\u00e7iril\u0259c\u0259k.<\/p>\n\n\n\n<p>\u201cWorkshop\u201du kurator v\u0259 transmedia r\u0259ssam\u0131, professor Keti de Haan idar\u0259 ed\u0259c\u0259k.<\/p>\n\n\n\n<p>Mentor  tama\u015fa\u00e7\u0131larda rezonans do\u011furan t\u0259sirli s\u0259n\u0259t n\u00fcmun\u0259l\u0259ri yaratmaqda hekay\u0259nin g\u00fcc\u00fcnd\u0259n b\u0259hs ed\u0259c\u0259k.<\/p>\n\n\n\n<p>\u0130\u015ftirak\u00e7\u0131lar m\u00fcxt\u0259lif hekay\u0259\u00e7ilik \u00fcsullar\u0131n\u0131 ara\u015fd\u0131racaq, s\u0259n\u0259dli filmin struktur prinsipl\u0259rini \u00f6yr\u0259n\u0259c\u0259k v\u0259 vizual hekay\u0259 vasit\u0259sil\u0259 fikirl\u0259rini effektiv \u015f\u0259kild\u0259 ifad\u0259 ed\u0259c\u0259kl\u0259r.<\/p>\n\n\n\n<p>Rejissorlu\u011fa dair etik v\u0259 h\u00fcquqi m\u0259suliyy\u0259tl\u0259r qonaq mentorlar t\u0259r\u0259find\u0259n m\u00fczakir\u0259 olunacaq.<\/p>\n\n\n\n<p>\u201cWorkshop\u201d boyu \u0259ld\u0259 edilmi\u015f bilikl\u0259ri t\u0259tbiq etm\u0259y\u0259, h\u0259m mentorlar, h\u0259m dig\u0259r i\u015ftirak\u00e7\u0131lardan konstruktiv r\u0259y alma\u011fa imkan yaradan interaktiv sessiyalar, qrup m\u00fczakir\u0259l\u0259ri v\u0259 praktiki m\u0259\u015f\u011f\u0259l\u0259l\u0259r ke\u00e7iril\u0259c\u0259k.<\/p>\n\n\n\n<p>Be\u015f g\u00fcnl\u00fck proqram\u0131n sonunda i\u015ftirak\u00e7\u0131lar m\u00f6vcud bacar\u0131qlar\u0131n\u0131 t\u0259kmill\u0259\u015fdir\u0259c\u0259k, s\u0259n\u0259dli film s\u0259nayesi haqq\u0131nda bilikl\u0259rini geni\u015fl\u0259ndir\u0259c\u0259k v\u0259 s\u0259n\u0259dli layih\u0259 ideyas\u0131n\u0131 inamla t\u0259qdim etm\u0259kd\u0259 haz\u0131rl\u0131ql\u0131 olacaqlar.<\/p>\n\n\n\n<p>\u0130\u015ftirak\u00e7\u0131lar g\u00fcnd\u0259lik \u201cworkshop\u201d tap\u015f\u0131r\u0131qlar\u0131n\u0131 bitirdikd\u0259n sonra \u201cSevilfest\u201din dig\u0259r t\u0259dbirl\u0259rind\u0259 i\u015ftirak ed\u0259c\u0259kl\u0259r.<\/p>\n\n\n\n<p>\u0130nteraktiv v\u0259 n\u0259z\u0259ri d\u0259rsl\u0259rd\u0259n ibar\u0259t olacaq seminarda i\u015ftirak\u00e7\u0131lara h\u0259m\u00e7inin s\u0259n\u0259dli film \u00e7\u0259kili\u015fi, vizual hekay\u0259l\u0259r, el\u0259c\u0259 d\u0259 istehsal m\u0259rh\u0259l\u0259si haqq\u0131nda texniki bilikl\u0259rin \u0259saslar\u0131 haqq\u0131nda m\u0259lumat veril\u0259c\u0259k.<\/p>\n\n\n\n<p>\u201cWorkshop\u201dun son g\u00fcn\u00fcnd\u0259 i\u015ftirak\u00e7\u0131lar \u00f6z layih\u0259l\u0259rini m\u00fcnsifl\u0259r hey\u0259tin\u0259 t\u0259qdim ed\u0259c\u0259kl\u0259r.<\/p>\n\n\n\n<p>M\u00fcnsifl\u0259r hey\u0259ti t\u0259r\u0259find\u0259n se\u00e7il\u0259n layih\u0259 qar\u015f\u0131dak\u0131 iki ay \u0259rzind\u0259 final versiyan\u0131n formala\u015fmas\u0131 \u00fc\u00e7\u00fcn \u201cSevilfest\u201dd\u0259n d\u0259st\u0259k alacaq.<\/p>\n\n\n\n<p><strong><em>\u201cWorkshop\u201dm\u00fcraci\u0259t ed\u0259c\u0259k namiz\u0259dl\u0259r a\u015fa\u011f\u0131dak\u0131 t\u0259l\u0259bl\u0259r\u0259 uy\u011fun olmal\u0131d\u0131r:<\/em><\/strong><br><em>&#8211; Az\u0259rbaycan v\u0259t\u0259nda\u015f\u0131,<\/em><br><em>&#8211; 18 ya\u015fdan yuxar\u0131,<\/em><br><em>&#8211; Q\u0131sa s\u0259n\u0259dli film ideyas\u0131na sahib,<\/em><br><em>&#8211; S\u0259n\u0259dli film istehsal\u0131 sah\u0259sind\u0259 karyera qurmaq ist\u0259y\u0259n,<\/em><br><em>&#8211; Vizual hekay\u0259l\u0259r\u0259 maraq g\u00f6st\u0259r\u0259n.<\/em><\/p>\n\n\n\n<p><strong>T\u0259l\u0259bl\u0259r:<\/strong><\/p>\n\n\n\n<p><em>&#8211; 8 layih\u0259 il\u0259 16 i\u015ftirak\u00e7\u0131n\u0131n q\u0259bulu g\u00f6zl\u0259nilir. Namiz\u0259dl\u0259r ikili qruplar \u015f\u0259klind\u0259 m\u00fcraci\u0259t ed\u0259 bil\u0259rl\u0259r. Lakin h\u0259r iki komanda \u00fczv\u00fc t\u0259tbiq olunan film layih\u0259sinin inki\u015faf\u0131nda m\u00fch\u00fcm rol oynamal\u0131d\u0131r. (N\u00fcmun\u0259l\u0259r: rejissor &#8211; prod\u00fcser v\u0259 ya rejissor &#8211; senarist).<\/em><br><em>&#8211; \u0130ngilis dili biliyi \u00fcst\u00fcnl\u00fckd\u00fcr (m\u0259cburi deyil).<\/em><br><em>&#8211; Seminar\u0131n b\u00fct\u00fcn g\u00fcnl\u0259rind\u0259 i\u015ftirak m\u0259cburidir.<\/em><br><em>&#8211; Be\u015f g\u00fcnl\u00fck seminar zaman\u0131 i\u015ftirak\u00e7\u0131lar\u0131n ya\u015fay\u0131\u015f, yem\u0259k v\u0259 n\u0259qliyyat x\u0259rcl\u0259ri \u201cSevilfest\u201d t\u0259r\u0259find\u0259n \u00f6d\u0259nilir. B\u00f6lg\u0259l\u0259rd\u0259 ya\u015fayan namiz\u0259dl\u0259rin m\u00fcraci\u0259tin\u0259 x\u00fcsusi \u00f6n\u0259m verilir.<\/em><\/p>\n\n\n\n<p>M\u00fcraci\u0259t \u00fc\u00e7\u00fcn son tarix 31 avqustdur.<\/p>\n\n\n\n<p>A\u015fa\u011f\u0131dak\u0131 link\u0259 ke\u00e7id edib, m\u00fcraci\u0259t formas\u0131n\u0131 doldura <a href=\"https:\/\/docs.google.com\/forms\/d\/e\/1FAIpQLScHjUtVt9Uog_d4tgGSVKVMKw4QMKYFH5hjPIqNFSnXXwRJPA\/viewform\">bil\u0259rsiniz.<\/a><\/p>\n\n\n\n<p>IV Sevil Beyn\u0259lxalq Qad\u0131n S\u0259n\u0259dli Film Festival\u0131 sentyabr\u0131n 15-d\u0259n 22-d\u0259k eyni anda Bak\u0131, \u015e\u0259ki, L\u0259nk\u0259ran \u015f\u0259h\u0259rl\u0259rind\u0259 ke\u00e7iril\u0259c\u0259k.<\/p>\n\n\n\n<p>Ad\u0131n\u0131 dramaturq C\u0259f\u0259r Cabbarl\u0131n\u0131n \u201cSevil\u201d pyesind\u0259n g\u00f6t\u00fcrm\u00fc\u015f Sevil Beyn\u0259lxalq Qad\u0131n S\u0259n\u0259dli Film Festival\u0131 2020-ci ilin sentyabr\u0131nda f\u0259aliyy\u0259t\u0259 ba\u015flay\u0131b.<\/p>\n\n\n\n<p>Festival m\u00fcst\u0259qil yerli s\u0259n\u0259dli film sah\u0259sinin inki\u015faf\u0131na t\u00f6hf\u0259 verm\u0259k, s\u0259n\u0259dli film \u00fczr\u0259 yerli v\u0259 xarici pe\u015f\u0259karlar aras\u0131nda t\u0259cr\u00fcb\u0259 m\u00fcbadil\u0259si \u00fc\u00e7\u00fcn platforma yaratmaq, yeni yerli s\u0259n\u0259dli filml\u0259rin, el\u0259c\u0259 d\u0259 beyn\u0259lxalq m\u00fc\u015ft\u0259r\u0259k m\u0259hsullar\u0131n yarad\u0131lmas\u0131n\u0131 t\u0259\u015fviq etm\u0259k, eyni zamanda, s\u0259n\u0259dli filml\u0259r vasit\u0259sil\u0259 gender m\u0259s\u0259l\u0259l\u0259rin\u0259 diqq\u0259t \u00e7\u0259km\u0259k m\u0259qs\u0259di il\u0259 yarad\u0131l\u0131b.<\/p>\n","protected":false},"excerpt":{"rendered":"<p>Festival \u00e7\u0259r\u00e7iv\u0259sind\u0259 be\u015f g\u00fcnl\u00fck \u00f6d\u0259ni\u015fsiz s\u0259n\u0259dli film \u201cworkshop\u201du t\u0259\u015fkil olunacaq &#8230; <\/p>\n<p class=\"read-more-container\"><a title=\"\u201cSevilfest\u201din proqram\u0131nda yenilik edilib\" class=\"read-more button\" href=\"https:\/\/www.meydan.tv\/az\/article\/sevilfestin-proqraminda-yenilik-edilib\/#more-283338\" aria-label=\"Read more about \u201cSevilfest\u201din proqram\u0131nda yenilik edilib\">Davam\u0131<\/a><\/p>\n","protected":false},"author":12,"featured_media":283340,"comment_status":"closed","ping_status":"closed","sticky":false,"template":"","format":"standard","meta":{"_acf_changed":false,"_sitemap_exclude":false,"_sitemap_priority":"","_sitemap_frequency":"","footnotes":""},"categories":[52,56],"tags":[],"class_list":["post-283338","post","type-post","status-publish","format-standard","has-post-thumbnail","hentry","category-medeniyyet","category-xeberler","infinite-scroll-item","generate-columns","tablet-grid-50","mobile-grid-100","grid-parent","grid-33","no-featured-image-padding"],"acf":[],"yoast_head":"<!-- This site is optimized with the Yoast SEO plugin v27.4 - https:\/\/yoast.com\/product\/yoast-seo-wordpress\/ -->\n<title>\u201cSevilfest\u201din proqram\u0131nda yenilik edilib - MEYDAN.TV<\/title>\n<meta name=\"robots\" content=\"index, follow, max-snippet:-1, max-image-preview:large, max-video-preview:-1\" \/>\n<link rel=\"canonical\" href=\"https:\/\/www.meydan.tv\/az\/article\/sevilfestin-proqraminda-yenilik-edilib\/\" \/>\n<meta property=\"og:locale\" content=\"az_AZ\" \/>\n<meta property=\"og:type\" content=\"article\" \/>\n<meta property=\"og:title\" content=\"\u201cSevilfest\u201din proqram\u0131nda yenilik edilib - MEYDAN.TV\" \/>\n<meta property=\"og:description\" content=\"Festival \u00e7\u0259r\u00e7iv\u0259sind\u0259 be\u015f g\u00fcnl\u00fck \u00f6d\u0259ni\u015fsiz s\u0259n\u0259dli film \u201cworkshop\u201du t\u0259\u015fkil olunacaq ... Davam\u0131\" \/>\n<meta property=\"og:url\" content=\"https:\/\/www.meydan.tv\/az\/article\/sevilfestin-proqraminda-yenilik-edilib\/\" \/>\n<meta property=\"og:site_name\" content=\"MEYDAN.TV\" \/>\n<meta property=\"article:published_time\" content=\"2023-08-28T09:09:18+00:00\" \/>\n<meta property=\"article:modified_time\" content=\"2023-08-28T09:29:13+00:00\" \/>\n<meta property=\"og:image\" content=\"https:\/\/www.meydan.tv\/wp-content\/uploads\/screenshot-2023-08-28-at-11.07.40.png\" \/>\n\t<meta property=\"og:image:width\" content=\"1248\" \/>\n\t<meta property=\"og:image:height\" content=\"704\" \/>\n\t<meta property=\"og:image:type\" content=\"image\/png\" \/>\n<meta name=\"author\" content=\"aleks\" \/>\n<meta name=\"twitter:card\" content=\"summary_large_image\" \/>\n<script type=\"application\/ld+json\" class=\"yoast-schema-graph\">{\"@context\":\"https:\\\/\\\/schema.org\",\"@graph\":[{\"@type\":\"Article\",\"@id\":\"https:\\\/\\\/www.meydan.tv\\\/az\\\/article\\\/sevilfestin-proqraminda-yenilik-edilib\\\/#article\",\"isPartOf\":{\"@id\":\"https:\\\/\\\/www.meydan.tv\\\/az\\\/article\\\/sevilfestin-proqraminda-yenilik-edilib\\\/\"},\"author\":{\"name\":\"aleks\",\"@id\":\"https:\\\/\\\/www.meydan.tv\\\/az\\\/#\\\/schema\\\/person\\\/476e9360e593fa131d5d71d51866f8da\"},\"headline\":\"\u201cSevilfest\u201din proqram\u0131nda yenilik edilib\",\"datePublished\":\"2023-08-28T09:09:18+00:00\",\"dateModified\":\"2023-08-28T09:29:13+00:00\",\"mainEntityOfPage\":{\"@id\":\"https:\\\/\\\/www.meydan.tv\\\/az\\\/article\\\/sevilfestin-proqraminda-yenilik-edilib\\\/\"},\"wordCount\":798,\"publisher\":{\"@id\":\"https:\\\/\\\/www.meydan.tv\\\/az\\\/#organization\"},\"image\":{\"@id\":\"https:\\\/\\\/www.meydan.tv\\\/az\\\/article\\\/sevilfestin-proqraminda-yenilik-edilib\\\/#primaryimage\"},\"thumbnailUrl\":\"https:\\\/\\\/www.meydan.tv\\\/wp-content\\\/uploads\\\/screenshot-2023-08-28-at-11.07.40.png\",\"articleSection\":[\"M\u0259d\u0259niyy\u0259t\",\"X\u0259b\u0259rl\u0259r\"],\"inLanguage\":\"az\"},{\"@type\":\"WebPage\",\"@id\":\"https:\\\/\\\/www.meydan.tv\\\/az\\\/article\\\/sevilfestin-proqraminda-yenilik-edilib\\\/\",\"url\":\"https:\\\/\\\/www.meydan.tv\\\/az\\\/article\\\/sevilfestin-proqraminda-yenilik-edilib\\\/\",\"name\":\"\u201cSevilfest\u201din proqram\u0131nda yenilik edilib - MEYDAN.TV\",\"isPartOf\":{\"@id\":\"https:\\\/\\\/www.meydan.tv\\\/az\\\/#website\"},\"primaryImageOfPage\":{\"@id\":\"https:\\\/\\\/www.meydan.tv\\\/az\\\/article\\\/sevilfestin-proqraminda-yenilik-edilib\\\/#primaryimage\"},\"image\":{\"@id\":\"https:\\\/\\\/www.meydan.tv\\\/az\\\/article\\\/sevilfestin-proqraminda-yenilik-edilib\\\/#primaryimage\"},\"thumbnailUrl\":\"https:\\\/\\\/www.meydan.tv\\\/wp-content\\\/uploads\\\/screenshot-2023-08-28-at-11.07.40.png\",\"datePublished\":\"2023-08-28T09:09:18+00:00\",\"dateModified\":\"2023-08-28T09:29:13+00:00\",\"breadcrumb\":{\"@id\":\"https:\\\/\\\/www.meydan.tv\\\/az\\\/article\\\/sevilfestin-proqraminda-yenilik-edilib\\\/#breadcrumb\"},\"inLanguage\":\"az\",\"potentialAction\":[{\"@type\":\"ReadAction\",\"target\":[\"https:\\\/\\\/www.meydan.tv\\\/az\\\/article\\\/sevilfestin-proqraminda-yenilik-edilib\\\/\"]}]},{\"@type\":\"ImageObject\",\"inLanguage\":\"az\",\"@id\":\"https:\\\/\\\/www.meydan.tv\\\/az\\\/article\\\/sevilfestin-proqraminda-yenilik-edilib\\\/#primaryimage\",\"url\":\"https:\\\/\\\/www.meydan.tv\\\/wp-content\\\/uploads\\\/screenshot-2023-08-28-at-11.07.40.png\",\"contentUrl\":\"https:\\\/\\\/www.meydan.tv\\\/wp-content\\\/uploads\\\/screenshot-2023-08-28-at-11.07.40.png\",\"width\":1248,\"height\":704,\"caption\":\"M\u0259nb\u0259: \\\"SevilFest\\\"\"},{\"@type\":\"BreadcrumbList\",\"@id\":\"https:\\\/\\\/www.meydan.tv\\\/az\\\/article\\\/sevilfestin-proqraminda-yenilik-edilib\\\/#breadcrumb\",\"itemListElement\":[{\"@type\":\"ListItem\",\"position\":1,\"name\":\"Ana s\u0259hif\u0259\",\"item\":\"https:\\\/\\\/www.meydan.tv\\\/az\\\/\"},{\"@type\":\"ListItem\",\"position\":2,\"name\":\"X\u0259b\u0259rl\u0259r\",\"item\":\"https:\\\/\\\/www.meydan.tv\\\/az\\\/section\\\/xeberler\\\/\"},{\"@type\":\"ListItem\",\"position\":3,\"name\":\"\u201cSevilfest\u201din proqram\u0131nda yenilik edilib\"}]},{\"@type\":\"WebSite\",\"@id\":\"https:\\\/\\\/www.meydan.tv\\\/az\\\/#website\",\"url\":\"https:\\\/\\\/www.meydan.tv\\\/az\\\/\",\"name\":\"MEYDAN.TV\",\"description\":\"Meydan TV Az\u0259rbaycan\u0131n media m\u0259kan\u0131ndak\u0131 alternativ s\u0259sidir\",\"publisher\":{\"@id\":\"https:\\\/\\\/www.meydan.tv\\\/az\\\/#organization\"},\"potentialAction\":[{\"@type\":\"SearchAction\",\"target\":{\"@type\":\"EntryPoint\",\"urlTemplate\":\"https:\\\/\\\/www.meydan.tv\\\/az\\\/?s={search_term_string}\"},\"query-input\":{\"@type\":\"PropertyValueSpecification\",\"valueRequired\":true,\"valueName\":\"search_term_string\"}}],\"inLanguage\":\"az\"},{\"@type\":\"Organization\",\"@id\":\"https:\\\/\\\/www.meydan.tv\\\/az\\\/#organization\",\"name\":\"Meydan TV\",\"url\":\"https:\\\/\\\/www.meydan.tv\\\/az\\\/\",\"logo\":{\"@type\":\"ImageObject\",\"inLanguage\":\"az\",\"@id\":\"https:\\\/\\\/www.meydan.tv\\\/az\\\/#\\\/schema\\\/logo\\\/image\\\/\",\"url\":\"https:\\\/\\\/www.meydan.tv\\\/wp-content\\\/uploads\\\/2021\\\/07\\\/meydan-logo.svg\",\"contentUrl\":\"https:\\\/\\\/www.meydan.tv\\\/wp-content\\\/uploads\\\/2021\\\/07\\\/meydan-logo.svg\",\"width\":195,\"height\":46,\"caption\":\"Meydan TV\"},\"image\":{\"@id\":\"https:\\\/\\\/www.meydan.tv\\\/az\\\/#\\\/schema\\\/logo\\\/image\\\/\"}},{\"@type\":\"Person\",\"@id\":\"https:\\\/\\\/www.meydan.tv\\\/az\\\/#\\\/schema\\\/person\\\/476e9360e593fa131d5d71d51866f8da\",\"name\":\"aleks\"}]}<\/script>\n<!-- \/ Yoast SEO plugin. -->","yoast_head_json":{"title":"\u201cSevilfest\u201din proqram\u0131nda yenilik edilib - MEYDAN.TV","robots":{"index":"index","follow":"follow","max-snippet":"max-snippet:-1","max-image-preview":"max-image-preview:large","max-video-preview":"max-video-preview:-1"},"canonical":"https:\/\/www.meydan.tv\/az\/article\/sevilfestin-proqraminda-yenilik-edilib\/","og_locale":"az_AZ","og_type":"article","og_title":"\u201cSevilfest\u201din proqram\u0131nda yenilik edilib - MEYDAN.TV","og_description":"Festival \u00e7\u0259r\u00e7iv\u0259sind\u0259 be\u015f g\u00fcnl\u00fck \u00f6d\u0259ni\u015fsiz s\u0259n\u0259dli film \u201cworkshop\u201du t\u0259\u015fkil olunacaq ... Davam\u0131","og_url":"https:\/\/www.meydan.tv\/az\/article\/sevilfestin-proqraminda-yenilik-edilib\/","og_site_name":"MEYDAN.TV","article_published_time":"2023-08-28T09:09:18+00:00","article_modified_time":"2023-08-28T09:29:13+00:00","og_image":[{"width":1248,"height":704,"url":"https:\/\/www.meydan.tv\/wp-content\/uploads\/screenshot-2023-08-28-at-11.07.40.png","type":"image\/png"}],"author":"aleks","twitter_card":"summary_large_image","schema":{"@context":"https:\/\/schema.org","@graph":[{"@type":"Article","@id":"https:\/\/www.meydan.tv\/az\/article\/sevilfestin-proqraminda-yenilik-edilib\/#article","isPartOf":{"@id":"https:\/\/www.meydan.tv\/az\/article\/sevilfestin-proqraminda-yenilik-edilib\/"},"author":{"name":"aleks","@id":"https:\/\/www.meydan.tv\/az\/#\/schema\/person\/476e9360e593fa131d5d71d51866f8da"},"headline":"\u201cSevilfest\u201din proqram\u0131nda yenilik edilib","datePublished":"2023-08-28T09:09:18+00:00","dateModified":"2023-08-28T09:29:13+00:00","mainEntityOfPage":{"@id":"https:\/\/www.meydan.tv\/az\/article\/sevilfestin-proqraminda-yenilik-edilib\/"},"wordCount":798,"publisher":{"@id":"https:\/\/www.meydan.tv\/az\/#organization"},"image":{"@id":"https:\/\/www.meydan.tv\/az\/article\/sevilfestin-proqraminda-yenilik-edilib\/#primaryimage"},"thumbnailUrl":"https:\/\/www.meydan.tv\/wp-content\/uploads\/screenshot-2023-08-28-at-11.07.40.png","articleSection":["M\u0259d\u0259niyy\u0259t","X\u0259b\u0259rl\u0259r"],"inLanguage":"az"},{"@type":"WebPage","@id":"https:\/\/www.meydan.tv\/az\/article\/sevilfestin-proqraminda-yenilik-edilib\/","url":"https:\/\/www.meydan.tv\/az\/article\/sevilfestin-proqraminda-yenilik-edilib\/","name":"\u201cSevilfest\u201din proqram\u0131nda yenilik edilib - MEYDAN.TV","isPartOf":{"@id":"https:\/\/www.meydan.tv\/az\/#website"},"primaryImageOfPage":{"@id":"https:\/\/www.meydan.tv\/az\/article\/sevilfestin-proqraminda-yenilik-edilib\/#primaryimage"},"image":{"@id":"https:\/\/www.meydan.tv\/az\/article\/sevilfestin-proqraminda-yenilik-edilib\/#primaryimage"},"thumbnailUrl":"https:\/\/www.meydan.tv\/wp-content\/uploads\/screenshot-2023-08-28-at-11.07.40.png","datePublished":"2023-08-28T09:09:18+00:00","dateModified":"2023-08-28T09:29:13+00:00","breadcrumb":{"@id":"https:\/\/www.meydan.tv\/az\/article\/sevilfestin-proqraminda-yenilik-edilib\/#breadcrumb"},"inLanguage":"az","potentialAction":[{"@type":"ReadAction","target":["https:\/\/www.meydan.tv\/az\/article\/sevilfestin-proqraminda-yenilik-edilib\/"]}]},{"@type":"ImageObject","inLanguage":"az","@id":"https:\/\/www.meydan.tv\/az\/article\/sevilfestin-proqraminda-yenilik-edilib\/#primaryimage","url":"https:\/\/www.meydan.tv\/wp-content\/uploads\/screenshot-2023-08-28-at-11.07.40.png","contentUrl":"https:\/\/www.meydan.tv\/wp-content\/uploads\/screenshot-2023-08-28-at-11.07.40.png","width":1248,"height":704,"caption":"M\u0259nb\u0259: \"SevilFest\""},{"@type":"BreadcrumbList","@id":"https:\/\/www.meydan.tv\/az\/article\/sevilfestin-proqraminda-yenilik-edilib\/#breadcrumb","itemListElement":[{"@type":"ListItem","position":1,"name":"Ana s\u0259hif\u0259","item":"https:\/\/www.meydan.tv\/az\/"},{"@type":"ListItem","position":2,"name":"X\u0259b\u0259rl\u0259r","item":"https:\/\/www.meydan.tv\/az\/section\/xeberler\/"},{"@type":"ListItem","position":3,"name":"\u201cSevilfest\u201din proqram\u0131nda yenilik edilib"}]},{"@type":"WebSite","@id":"https:\/\/www.meydan.tv\/az\/#website","url":"https:\/\/www.meydan.tv\/az\/","name":"MEYDAN.TV","description":"Meydan TV Az\u0259rbaycan\u0131n media m\u0259kan\u0131ndak\u0131 alternativ s\u0259sidir","publisher":{"@id":"https:\/\/www.meydan.tv\/az\/#organization"},"potentialAction":[{"@type":"SearchAction","target":{"@type":"EntryPoint","urlTemplate":"https:\/\/www.meydan.tv\/az\/?s={search_term_string}"},"query-input":{"@type":"PropertyValueSpecification","valueRequired":true,"valueName":"search_term_string"}}],"inLanguage":"az"},{"@type":"Organization","@id":"https:\/\/www.meydan.tv\/az\/#organization","name":"Meydan TV","url":"https:\/\/www.meydan.tv\/az\/","logo":{"@type":"ImageObject","inLanguage":"az","@id":"https:\/\/www.meydan.tv\/az\/#\/schema\/logo\/image\/","url":"https:\/\/www.meydan.tv\/wp-content\/uploads\/2021\/07\/meydan-logo.svg","contentUrl":"https:\/\/www.meydan.tv\/wp-content\/uploads\/2021\/07\/meydan-logo.svg","width":195,"height":46,"caption":"Meydan TV"},"image":{"@id":"https:\/\/www.meydan.tv\/az\/#\/schema\/logo\/image\/"}},{"@type":"Person","@id":"https:\/\/www.meydan.tv\/az\/#\/schema\/person\/476e9360e593fa131d5d71d51866f8da","name":"aleks"}]}},"_links":{"self":[{"href":"https:\/\/www.meydan.tv\/az\/wp-json\/wp\/v2\/posts\/283338","targetHints":{"allow":["GET"]}}],"collection":[{"href":"https:\/\/www.meydan.tv\/az\/wp-json\/wp\/v2\/posts"}],"about":[{"href":"https:\/\/www.meydan.tv\/az\/wp-json\/wp\/v2\/types\/post"}],"author":[{"embeddable":true,"href":"https:\/\/www.meydan.tv\/az\/wp-json\/wp\/v2\/users\/12"}],"replies":[{"embeddable":true,"href":"https:\/\/www.meydan.tv\/az\/wp-json\/wp\/v2\/comments?post=283338"}],"version-history":[{"count":3,"href":"https:\/\/www.meydan.tv\/az\/wp-json\/wp\/v2\/posts\/283338\/revisions"}],"predecessor-version":[{"id":283346,"href":"https:\/\/www.meydan.tv\/az\/wp-json\/wp\/v2\/posts\/283338\/revisions\/283346"}],"wp:featuredmedia":[{"embeddable":true,"href":"https:\/\/www.meydan.tv\/az\/wp-json\/wp\/v2\/media\/283340"}],"wp:attachment":[{"href":"https:\/\/www.meydan.tv\/az\/wp-json\/wp\/v2\/media?parent=283338"}],"wp:term":[{"taxonomy":"category","embeddable":true,"href":"https:\/\/www.meydan.tv\/az\/wp-json\/wp\/v2\/categories?post=283338"},{"taxonomy":"post_tag","embeddable":true,"href":"https:\/\/www.meydan.tv\/az\/wp-json\/wp\/v2\/tags?post=283338"}],"curies":[{"name":"wp","href":"https:\/\/api.w.org\/{rel}","templated":true}]}}