{"id":283300,"date":"2023-08-27T15:41:42","date_gmt":"2023-08-27T11:41:42","guid":{"rendered":"https:\/\/www.meydan.tv\/?p=283300"},"modified":"2023-08-27T15:45:31","modified_gmt":"2023-08-27T11:45:31","slug":"ismayillida-sel-ehaliye-ciddi-ziyan-vurub","status":"publish","type":"post","link":"https:\/\/www.meydan.tv\/az\/article\/ismayillida-sel-ehaliye-ciddi-ziyan-vurub\/","title":{"rendered":"\u0130smay\u0131ll\u0131da sel \u0259haliy\u0259 ciddi ziyan vurub"},"content":{"rendered":"\n<p><\/p>\n\n\n\n<p><strong><em>FHN k\u00f6m\u0259ksiz v\u0259ziyy\u0259td\u0259 qalan sakinl\u0259ri xilas etdiyini deyir<\/em><\/strong><\/p>\n\n\n\n<p><em>\u201cToyuq-c\u00fcc\u0259ni, qoyun-quzunu sel apard\u0131, tax\u0131l suyun alt\u0131nda qald\u0131. Yen\u0259 bu q\u0131\u015f ac qalaca\u011f\u0131q\u201d.<\/em><\/p>\n\n\n\n<p>Bunu Meydan TV-y\u0259 \u0130smay\u0131ll\u0131 rayon Mollaisaql\u0131 k\u0259nd sakinl\u0259ri bildiribl\u0259r. Onlar\u0131n s\u00f6zl\u0259rin\u0259 g\u00f6r\u0259, avqustun 26-da ya\u011fan ya\u011f\u0131\u015fdan yaranan sel n\u0259tic\u0259sind\u0259 k\u0259ndd\u0259 h\u0259r \u00fc\u00e7 ail\u0259d\u0259n biri z\u0259r\u0259r g\u00f6r\u00fcb. Evl\u0259r\u0259, h\u0259y\u0259tl\u0259r\u0259, t\u00f6vl\u0259l\u0259r\u0259 su dolub, damlar u\u00e7ub.<\/p>\n\n\n\n<p><em>\u201cK\u0259ndin yollar\u0131 el\u0259 g\u00fcnd\u0259dir ki, qon\u015fu qon\u015funu haraylay\u0131b x\u0259b\u0259r tutur. Bilirik ki, \u00e7oxunun mal-qaras\u0131n\u0131, qoyunlar\u0131n\u0131 sel apar\u0131b. Tax\u0131l y\u0131\u011f\u0131lm\u0131\u015fd\u0131, presl\u0259nmi\u015f tax\u0131l suyun i\u00e7ind\u0259dir. Q\u0131\u015f azuq\u0259l\u0259rimiz m\u0259hv oldu\u201d,-<\/em>sakinl\u0259rd\u0259n biri dan\u0131\u015f\u0131b.<\/p>\n\n\n\n<p>Vaqif adl\u0131 sakin is\u0259 bildirib ki, evl\u0259rin\u0259 dolmu\u015f suyu vedr\u0259l\u0259rl\u0259 t\u0259mizl\u0259yirl\u0259r:<\/p>\n\n\n\n<p><em>\u201cBu, ilk d\u0259f\u0259dir ba\u015f vermir. B\u00fct\u00fcn yay\u0131 \u0259ziyy\u0259t \u00e7\u0259kib, \u0259kib-bec\u0259ririk, sel g\u0259lir, \u0259ziyy\u0259timiz pu\u00e7 olur. Deyirl\u0259r ki, heyvanlar\u0131, \u0259kin sah\u0259l\u0259rini s\u0131\u011forta etdirin. Amma n\u0259 \u015f\u0259rtl\u0259rd\u0259n, n\u0259 d\u0259 s\u0131\u011fortan\u0131n qiym\u0259tl\u0259rind\u0259n x\u0259b\u0259riniz yoxdur. G\u0259lib baxs\u0131nlar, qap\u0131-qap\u0131 d\u00f6y\u00fcb sorusunlar, o \u015f\u0259rtl\u0259rl\u0259 t\u0259k bizim k\u0259ndd\u0259 deyil, dig\u0259r k\u0259ndl\u0259rd\u0259 d\u0259 kim s\u0131\u011forta olunub?\u201d.<\/em><\/p>\n\n\n\n<p>K\u0259nd sakinl\u0259ri \u0259n az\u0131 250-d\u0259n \u00e7ox x\u0131rdabuynuzlu heyvan\u0131n, 100-\u0259 yax\u0131n mal-qaran\u0131n sel apard\u0131\u011f\u0131n\u0131 deyirl\u0259r:<\/p>\n\n\n\n<p>\u201c<em>\u0130nternet yoxdur, i\u015f\u0131q b\u0259rpa edilib, v\u0259ziyy\u0259timizi \u00e7\u0259kib g\u00f6st\u0259r\u0259 bilmirik\u201d.<\/em><\/p>\n\n\n\n<p>K\u0259ndin 1300 \u0259halisi, 260 t\u0259s\u0259rr\u00fcfat\u0131 var.<br>Mollaisaql\u0131 K\u0259nd B\u0259l\u0259diyy\u0259sinin s\u0259dri R\u00f6v\u015f\u0259n Babayev&nbsp; Meydan TV-y\u0259 bildirib ki, k\u0259nd yollar\u0131 tamamil\u0259 da\u011f\u0131l\u0131b, h\u0259r\u0259k\u0259t \u00e7\u0259tinl\u0259\u015fib. Haz\u0131rda k\u0259nd yollar\u0131n\u0131n t\u0259mizl\u0259nm\u0259si istiqam\u0259tind\u0259 t\u0259dbirl\u0259r g\u00f6r\u00fcl\u00fcr.<\/p>\n\n\n<div class=\"wp-block-image\">\n<figure class=\"aligncenter size-full\"><img decoding=\"async\" width=\"1200\" height=\"800\" data-src=\"https:\/\/www.meydan.tv\/wp-content\/uploads\/16930664502989452686_1200x630.jpg\" alt=\"\" class=\"wp-image-283306 lazyload\" src=\"data:image\/svg+xml;base64,PHN2ZyB3aWR0aD0iMSIgaGVpZ2h0PSIxIiB4bWxucz0iaHR0cDovL3d3dy53My5vcmcvMjAwMC9zdmciPjwvc3ZnPg==\" style=\"--smush-placeholder-width: 1200px; --smush-placeholder-aspect-ratio: 1200\/800;\" \/><figcaption class=\"wp-element-caption\">Foto: Az\u0259rtac<\/figcaption><\/figure>\n<\/div>\n\n\n<p>\u201c<em>Qaz verili\u015fi dayand\u0131r\u0131l\u0131b, evl\u0259rin birini m\u0259rt\u0259b\u0259sin\u0259, t\u00f6vl\u0259l\u0259r\u0259 su dolub, bir \u00e7ox sakinin tax\u0131l\u0131 su alt\u0131nda qal\u0131b. Toyuq-c\u00fcc\u0259ni sel apar\u0131b. N\u0259 q\u0259d\u0259r mal-qaran\u0131n t\u0259l\u0259f olmas\u0131 h\u0259l\u0259 d\u0259qiql\u0259\u015fdirilir, sakinl\u0259r y\u0259qin ki, t\u0259xmini r\u0259q\u0259ml\u0259r deyirl\u0259r. Bu g\u00fcnd\u0259n d\u0259ymi\u015f z\u0259r\u0259rin m\u00fc\u0259yy\u0259nl\u0259\u015fdirilm\u0259sin\u0259 ba\u015flan\u0131l\u0131b\u201d,-<\/em>b\u0259l\u0259diyy\u0259 s\u0259dri deyib. Onun s\u00f6l\u0259rin\u0259 g\u00f6r\u0259, bir ne\u00e7\u0259 sakin k\u00f6m\u0259ksiz v\u0259ziyy\u0259td\u0259 qalsa da, x\u0259sar\u0259t alan olmay\u0131b.<\/p>\n\n\n\n<p>F\u00f6vq\u0259lad\u0259 Hallar Nazirliyinin m\u0259lumat\u0131na g\u00f6r\u0259, \u201c112\u201d qaynar telefon x\u0259ttin\u0259 \u0130smay\u0131ll\u0131 rayonu, Mollaisaql\u0131 k\u0259ndind\u0259 \u00e7aya sel g\u0259lm\u0259si s\u0259b\u0259bind\u0259n v\u0259t\u0259nda\u015flar\u0131n k\u00f6m\u0259ksiz v\u0259ziyy\u0259td\u0259 qalmas\u0131 bar\u0259d\u0259 m\u0259lumat daxil olub.<\/p>\n\n\n\n<p>Daxil olan m\u0259lumatla \u0259laq\u0259dar hadis\u0259 yerin\u0259 d\u0259rhal FHN-in D\u00f6vl\u0259t Yan\u011f\u0131ndan M\u00fchafiz\u0259 Xidm\u0259tinin q\u00fcvv\u0259l\u0259ri c\u0259lb edilibl\u0259r.<\/p>\n\n\n\n<p>Hadis\u0259 yerind\u0259 \u0259m\u0259liyyat \u015f\u0259raiti qiym\u0259tl\u0259ndiril\u0259rk\u0259n m\u0259lum olub ki, intensiv ya\u011fan ya\u011f\u0131\u015flar n\u0259tic\u0259sind\u0259 \u00e7aya sel g\u0259lm\u0259si s\u0259b\u0259bind\u0259n Mollaisaql\u0131 k\u0259ndind\u0259 v\u0259t\u0259nda\u015flar t\u0259hl\u00fck\u0259li v\u0259ziyy\u0259td\u0259 qal\u0131b.<\/p>\n\n\n\n<p>Xilasedicil\u0259r xilasetm\u0259 vasit\u0259l\u0259rind\u0259n istifad\u0259 etm\u0259kl\u0259 t\u0259hl\u00fck\u0259li v\u0259ziyy\u0259td\u0259 qalan v\u0259t\u0259nda\u015flar, 1978-ci il t\u0259v\u0259ll\u00fcdl\u00fc Raqif Elman o\u011flu \u015eirinov, 1981-ci il t\u0259v\u0259ll\u00fcdl\u00fc C\u0259lil A\u011fasif o\u011flu Ba\u011f\u0131yev, 1981-ci il t\u0259v\u0259ll\u00fcdl\u00fc Etiram Niyazi o\u011flu Ba\u011f\u0131yev v\u0259 1980-ci il t\u0259v\u0259ll\u00fcdl\u00fc Abuz\u0259r Qurban o\u011flu \u015eirinovu sel g\u0259lmi\u015f \u0259razid\u0259n ke\u00e7ir\u0259r\u0259k t\u0259hl\u00fck\u0259siz \u0259raziy\u0259 t\u0259xliy\u0259 edibl\u0259r.<\/p>\n","protected":false},"excerpt":{"rendered":"<p>FHN k\u00f6m\u0259ksiz v\u0259ziyy\u0259td\u0259 qalan sakinl\u0259ri xilas etdiyini deyir \u201cToyuq-c\u00fcc\u0259ni, qoyun-quzunu &#8230; <\/p>\n<p class=\"read-more-container\"><a title=\"\u0130smay\u0131ll\u0131da sel \u0259haliy\u0259 ciddi ziyan vurub\" class=\"read-more button\" href=\"https:\/\/www.meydan.tv\/az\/article\/ismayillida-sel-ehaliye-ciddi-ziyan-vurub\/#more-283300\" aria-label=\"Read more about \u0130smay\u0131ll\u0131da sel \u0259haliy\u0259 ciddi ziyan vurub\">Davam\u0131<\/a><\/p>\n","protected":false},"author":8,"featured_media":283301,"comment_status":"closed","ping_status":"closed","sticky":false,"template":"","format":"standard","meta":{"_acf_changed":false,"_sitemap_exclude":false,"_sitemap_priority":"","_sitemap_frequency":"","footnotes":""},"categories":[60,79,56],"tags":[],"class_list":["post-283300","post","type-post","status-publish","format-standard","has-post-thumbnail","hentry","category-bolge","category-featured","category-xeberler","infinite-scroll-item","generate-columns","tablet-grid-50","mobile-grid-100","grid-parent","grid-33","no-featured-image-padding"],"acf":[],"yoast_head":"<!-- This site is optimized with the Yoast SEO plugin v27.4 - https:\/\/yoast.com\/product\/yoast-seo-wordpress\/ -->\n<title>\u0130smay\u0131ll\u0131da sel \u0259haliy\u0259 ciddi ziyan vurub - MEYDAN.TV<\/title>\n<meta name=\"robots\" content=\"index, follow, max-snippet:-1, max-image-preview:large, max-video-preview:-1\" \/>\n<link rel=\"canonical\" href=\"https:\/\/www.meydan.tv\/az\/article\/ismayillida-sel-ehaliye-ciddi-ziyan-vurub\/\" \/>\n<meta property=\"og:locale\" content=\"az_AZ\" \/>\n<meta property=\"og:type\" content=\"article\" \/>\n<meta property=\"og:title\" content=\"\u0130smay\u0131ll\u0131da sel \u0259haliy\u0259 ciddi ziyan vurub - MEYDAN.TV\" \/>\n<meta property=\"og:description\" content=\"FHN k\u00f6m\u0259ksiz v\u0259ziyy\u0259td\u0259 qalan sakinl\u0259ri xilas etdiyini deyir \u201cToyuq-c\u00fcc\u0259ni, qoyun-quzunu ... Davam\u0131\" \/>\n<meta property=\"og:url\" content=\"https:\/\/www.meydan.tv\/az\/article\/ismayillida-sel-ehaliye-ciddi-ziyan-vurub\/\" \/>\n<meta property=\"og:site_name\" content=\"MEYDAN.TV\" \/>\n<meta property=\"article:published_time\" content=\"2023-08-27T11:41:42+00:00\" \/>\n<meta property=\"article:modified_time\" content=\"2023-08-27T11:45:31+00:00\" \/>\n<meta property=\"og:image\" content=\"https:\/\/www.meydan.tv\/wp-content\/uploads\/untitled-design-188.jpg\" \/>\n\t<meta property=\"og:image:width\" content=\"1200\" \/>\n\t<meta property=\"og:image:height\" content=\"800\" \/>\n\t<meta property=\"og:image:type\" content=\"image\/jpeg\" \/>\n<meta name=\"author\" content=\"elli\" \/>\n<meta name=\"twitter:card\" content=\"summary_large_image\" \/>\n<meta name=\"twitter:creator\" content=\"@elli\" \/>\n<script type=\"application\/ld+json\" class=\"yoast-schema-graph\">{\"@context\":\"https:\\\/\\\/schema.org\",\"@graph\":[{\"@type\":\"Article\",\"@id\":\"https:\\\/\\\/www.meydan.tv\\\/az\\\/article\\\/ismayillida-sel-ehaliye-ciddi-ziyan-vurub\\\/#article\",\"isPartOf\":{\"@id\":\"https:\\\/\\\/www.meydan.tv\\\/az\\\/article\\\/ismayillida-sel-ehaliye-ciddi-ziyan-vurub\\\/\"},\"author\":{\"name\":\"elli\",\"@id\":\"https:\\\/\\\/www.meydan.tv\\\/az\\\/#\\\/schema\\\/person\\\/9cdbecf90d17180ce1dfbd95b08dcf47\"},\"headline\":\"\u0130smay\u0131ll\u0131da sel \u0259haliy\u0259 ciddi ziyan vurub\",\"datePublished\":\"2023-08-27T11:41:42+00:00\",\"dateModified\":\"2023-08-27T11:45:31+00:00\",\"mainEntityOfPage\":{\"@id\":\"https:\\\/\\\/www.meydan.tv\\\/az\\\/article\\\/ismayillida-sel-ehaliye-ciddi-ziyan-vurub\\\/\"},\"wordCount\":674,\"publisher\":{\"@id\":\"https:\\\/\\\/www.meydan.tv\\\/az\\\/#organization\"},\"image\":{\"@id\":\"https:\\\/\\\/www.meydan.tv\\\/az\\\/article\\\/ismayillida-sel-ehaliye-ciddi-ziyan-vurub\\\/#primaryimage\"},\"thumbnailUrl\":\"https:\\\/\\\/www.meydan.tv\\\/wp-content\\\/uploads\\\/untitled-design-188.jpg\",\"articleSection\":[\"B\u00f6lg\u0259\",\"T\u00f6vsiy\u0259\",\"X\u0259b\u0259rl\u0259r\"],\"inLanguage\":\"az\"},{\"@type\":\"WebPage\",\"@id\":\"https:\\\/\\\/www.meydan.tv\\\/az\\\/article\\\/ismayillida-sel-ehaliye-ciddi-ziyan-vurub\\\/\",\"url\":\"https:\\\/\\\/www.meydan.tv\\\/az\\\/article\\\/ismayillida-sel-ehaliye-ciddi-ziyan-vurub\\\/\",\"name\":\"\u0130smay\u0131ll\u0131da sel \u0259haliy\u0259 ciddi ziyan vurub - MEYDAN.TV\",\"isPartOf\":{\"@id\":\"https:\\\/\\\/www.meydan.tv\\\/az\\\/#website\"},\"primaryImageOfPage\":{\"@id\":\"https:\\\/\\\/www.meydan.tv\\\/az\\\/article\\\/ismayillida-sel-ehaliye-ciddi-ziyan-vurub\\\/#primaryimage\"},\"image\":{\"@id\":\"https:\\\/\\\/www.meydan.tv\\\/az\\\/article\\\/ismayillida-sel-ehaliye-ciddi-ziyan-vurub\\\/#primaryimage\"},\"thumbnailUrl\":\"https:\\\/\\\/www.meydan.tv\\\/wp-content\\\/uploads\\\/untitled-design-188.jpg\",\"datePublished\":\"2023-08-27T11:41:42+00:00\",\"dateModified\":\"2023-08-27T11:45:31+00:00\",\"breadcrumb\":{\"@id\":\"https:\\\/\\\/www.meydan.tv\\\/az\\\/article\\\/ismayillida-sel-ehaliye-ciddi-ziyan-vurub\\\/#breadcrumb\"},\"inLanguage\":\"az\",\"potentialAction\":[{\"@type\":\"ReadAction\",\"target\":[\"https:\\\/\\\/www.meydan.tv\\\/az\\\/article\\\/ismayillida-sel-ehaliye-ciddi-ziyan-vurub\\\/\"]}]},{\"@type\":\"ImageObject\",\"inLanguage\":\"az\",\"@id\":\"https:\\\/\\\/www.meydan.tv\\\/az\\\/article\\\/ismayillida-sel-ehaliye-ciddi-ziyan-vurub\\\/#primaryimage\",\"url\":\"https:\\\/\\\/www.meydan.tv\\\/wp-content\\\/uploads\\\/untitled-design-188.jpg\",\"contentUrl\":\"https:\\\/\\\/www.meydan.tv\\\/wp-content\\\/uploads\\\/untitled-design-188.jpg\",\"width\":1200,\"height\":800,\"caption\":\"Foto: FHN\"},{\"@type\":\"BreadcrumbList\",\"@id\":\"https:\\\/\\\/www.meydan.tv\\\/az\\\/article\\\/ismayillida-sel-ehaliye-ciddi-ziyan-vurub\\\/#breadcrumb\",\"itemListElement\":[{\"@type\":\"ListItem\",\"position\":1,\"name\":\"Ana s\u0259hif\u0259\",\"item\":\"https:\\\/\\\/www.meydan.tv\\\/az\\\/\"},{\"@type\":\"ListItem\",\"position\":2,\"name\":\"B\u00f6lg\u0259\",\"item\":\"https:\\\/\\\/www.meydan.tv\\\/az\\\/section\\\/bolge\\\/\"},{\"@type\":\"ListItem\",\"position\":3,\"name\":\"\u0130smay\u0131ll\u0131da sel \u0259haliy\u0259 ciddi ziyan vurub\"}]},{\"@type\":\"WebSite\",\"@id\":\"https:\\\/\\\/www.meydan.tv\\\/az\\\/#website\",\"url\":\"https:\\\/\\\/www.meydan.tv\\\/az\\\/\",\"name\":\"MEYDAN.TV\",\"description\":\"Meydan TV Az\u0259rbaycan\u0131n media m\u0259kan\u0131ndak\u0131 alternativ s\u0259sidir\",\"publisher\":{\"@id\":\"https:\\\/\\\/www.meydan.tv\\\/az\\\/#organization\"},\"potentialAction\":[{\"@type\":\"SearchAction\",\"target\":{\"@type\":\"EntryPoint\",\"urlTemplate\":\"https:\\\/\\\/www.meydan.tv\\\/az\\\/?s={search_term_string}\"},\"query-input\":{\"@type\":\"PropertyValueSpecification\",\"valueRequired\":true,\"valueName\":\"search_term_string\"}}],\"inLanguage\":\"az\"},{\"@type\":\"Organization\",\"@id\":\"https:\\\/\\\/www.meydan.tv\\\/az\\\/#organization\",\"name\":\"Meydan TV\",\"url\":\"https:\\\/\\\/www.meydan.tv\\\/az\\\/\",\"logo\":{\"@type\":\"ImageObject\",\"inLanguage\":\"az\",\"@id\":\"https:\\\/\\\/www.meydan.tv\\\/az\\\/#\\\/schema\\\/logo\\\/image\\\/\",\"url\":\"https:\\\/\\\/www.meydan.tv\\\/wp-content\\\/uploads\\\/2021\\\/07\\\/meydan-logo.svg\",\"contentUrl\":\"https:\\\/\\\/www.meydan.tv\\\/wp-content\\\/uploads\\\/2021\\\/07\\\/meydan-logo.svg\",\"width\":195,\"height\":46,\"caption\":\"Meydan TV\"},\"image\":{\"@id\":\"https:\\\/\\\/www.meydan.tv\\\/az\\\/#\\\/schema\\\/logo\\\/image\\\/\"}},{\"@type\":\"Person\",\"@id\":\"https:\\\/\\\/www.meydan.tv\\\/az\\\/#\\\/schema\\\/person\\\/9cdbecf90d17180ce1dfbd95b08dcf47\",\"name\":\"elli\",\"sameAs\":[\"https:\\\/\\\/x.com\\\/elli\"]}]}<\/script>\n<!-- \/ Yoast SEO plugin. -->","yoast_head_json":{"title":"\u0130smay\u0131ll\u0131da sel \u0259haliy\u0259 ciddi ziyan vurub - MEYDAN.TV","robots":{"index":"index","follow":"follow","max-snippet":"max-snippet:-1","max-image-preview":"max-image-preview:large","max-video-preview":"max-video-preview:-1"},"canonical":"https:\/\/www.meydan.tv\/az\/article\/ismayillida-sel-ehaliye-ciddi-ziyan-vurub\/","og_locale":"az_AZ","og_type":"article","og_title":"\u0130smay\u0131ll\u0131da sel \u0259haliy\u0259 ciddi ziyan vurub - MEYDAN.TV","og_description":"FHN k\u00f6m\u0259ksiz v\u0259ziyy\u0259td\u0259 qalan sakinl\u0259ri xilas etdiyini deyir \u201cToyuq-c\u00fcc\u0259ni, qoyun-quzunu ... Davam\u0131","og_url":"https:\/\/www.meydan.tv\/az\/article\/ismayillida-sel-ehaliye-ciddi-ziyan-vurub\/","og_site_name":"MEYDAN.TV","article_published_time":"2023-08-27T11:41:42+00:00","article_modified_time":"2023-08-27T11:45:31+00:00","og_image":[{"width":1200,"height":800,"url":"https:\/\/www.meydan.tv\/wp-content\/uploads\/untitled-design-188.jpg","type":"image\/jpeg"}],"author":"elli","twitter_card":"summary_large_image","twitter_creator":"@elli","schema":{"@context":"https:\/\/schema.org","@graph":[{"@type":"Article","@id":"https:\/\/www.meydan.tv\/az\/article\/ismayillida-sel-ehaliye-ciddi-ziyan-vurub\/#article","isPartOf":{"@id":"https:\/\/www.meydan.tv\/az\/article\/ismayillida-sel-ehaliye-ciddi-ziyan-vurub\/"},"author":{"name":"elli","@id":"https:\/\/www.meydan.tv\/az\/#\/schema\/person\/9cdbecf90d17180ce1dfbd95b08dcf47"},"headline":"\u0130smay\u0131ll\u0131da sel \u0259haliy\u0259 ciddi ziyan vurub","datePublished":"2023-08-27T11:41:42+00:00","dateModified":"2023-08-27T11:45:31+00:00","mainEntityOfPage":{"@id":"https:\/\/www.meydan.tv\/az\/article\/ismayillida-sel-ehaliye-ciddi-ziyan-vurub\/"},"wordCount":674,"publisher":{"@id":"https:\/\/www.meydan.tv\/az\/#organization"},"image":{"@id":"https:\/\/www.meydan.tv\/az\/article\/ismayillida-sel-ehaliye-ciddi-ziyan-vurub\/#primaryimage"},"thumbnailUrl":"https:\/\/www.meydan.tv\/wp-content\/uploads\/untitled-design-188.jpg","articleSection":["B\u00f6lg\u0259","T\u00f6vsiy\u0259","X\u0259b\u0259rl\u0259r"],"inLanguage":"az"},{"@type":"WebPage","@id":"https:\/\/www.meydan.tv\/az\/article\/ismayillida-sel-ehaliye-ciddi-ziyan-vurub\/","url":"https:\/\/www.meydan.tv\/az\/article\/ismayillida-sel-ehaliye-ciddi-ziyan-vurub\/","name":"\u0130smay\u0131ll\u0131da sel \u0259haliy\u0259 ciddi ziyan vurub - MEYDAN.TV","isPartOf":{"@id":"https:\/\/www.meydan.tv\/az\/#website"},"primaryImageOfPage":{"@id":"https:\/\/www.meydan.tv\/az\/article\/ismayillida-sel-ehaliye-ciddi-ziyan-vurub\/#primaryimage"},"image":{"@id":"https:\/\/www.meydan.tv\/az\/article\/ismayillida-sel-ehaliye-ciddi-ziyan-vurub\/#primaryimage"},"thumbnailUrl":"https:\/\/www.meydan.tv\/wp-content\/uploads\/untitled-design-188.jpg","datePublished":"2023-08-27T11:41:42+00:00","dateModified":"2023-08-27T11:45:31+00:00","breadcrumb":{"@id":"https:\/\/www.meydan.tv\/az\/article\/ismayillida-sel-ehaliye-ciddi-ziyan-vurub\/#breadcrumb"},"inLanguage":"az","potentialAction":[{"@type":"ReadAction","target":["https:\/\/www.meydan.tv\/az\/article\/ismayillida-sel-ehaliye-ciddi-ziyan-vurub\/"]}]},{"@type":"ImageObject","inLanguage":"az","@id":"https:\/\/www.meydan.tv\/az\/article\/ismayillida-sel-ehaliye-ciddi-ziyan-vurub\/#primaryimage","url":"https:\/\/www.meydan.tv\/wp-content\/uploads\/untitled-design-188.jpg","contentUrl":"https:\/\/www.meydan.tv\/wp-content\/uploads\/untitled-design-188.jpg","width":1200,"height":800,"caption":"Foto: FHN"},{"@type":"BreadcrumbList","@id":"https:\/\/www.meydan.tv\/az\/article\/ismayillida-sel-ehaliye-ciddi-ziyan-vurub\/#breadcrumb","itemListElement":[{"@type":"ListItem","position":1,"name":"Ana s\u0259hif\u0259","item":"https:\/\/www.meydan.tv\/az\/"},{"@type":"ListItem","position":2,"name":"B\u00f6lg\u0259","item":"https:\/\/www.meydan.tv\/az\/section\/bolge\/"},{"@type":"ListItem","position":3,"name":"\u0130smay\u0131ll\u0131da sel \u0259haliy\u0259 ciddi ziyan vurub"}]},{"@type":"WebSite","@id":"https:\/\/www.meydan.tv\/az\/#website","url":"https:\/\/www.meydan.tv\/az\/","name":"MEYDAN.TV","description":"Meydan TV Az\u0259rbaycan\u0131n media m\u0259kan\u0131ndak\u0131 alternativ s\u0259sidir","publisher":{"@id":"https:\/\/www.meydan.tv\/az\/#organization"},"potentialAction":[{"@type":"SearchAction","target":{"@type":"EntryPoint","urlTemplate":"https:\/\/www.meydan.tv\/az\/?s={search_term_string}"},"query-input":{"@type":"PropertyValueSpecification","valueRequired":true,"valueName":"search_term_string"}}],"inLanguage":"az"},{"@type":"Organization","@id":"https:\/\/www.meydan.tv\/az\/#organization","name":"Meydan TV","url":"https:\/\/www.meydan.tv\/az\/","logo":{"@type":"ImageObject","inLanguage":"az","@id":"https:\/\/www.meydan.tv\/az\/#\/schema\/logo\/image\/","url":"https:\/\/www.meydan.tv\/wp-content\/uploads\/2021\/07\/meydan-logo.svg","contentUrl":"https:\/\/www.meydan.tv\/wp-content\/uploads\/2021\/07\/meydan-logo.svg","width":195,"height":46,"caption":"Meydan TV"},"image":{"@id":"https:\/\/www.meydan.tv\/az\/#\/schema\/logo\/image\/"}},{"@type":"Person","@id":"https:\/\/www.meydan.tv\/az\/#\/schema\/person\/9cdbecf90d17180ce1dfbd95b08dcf47","name":"elli","sameAs":["https:\/\/x.com\/elli"]}]}},"_links":{"self":[{"href":"https:\/\/www.meydan.tv\/az\/wp-json\/wp\/v2\/posts\/283300","targetHints":{"allow":["GET"]}}],"collection":[{"href":"https:\/\/www.meydan.tv\/az\/wp-json\/wp\/v2\/posts"}],"about":[{"href":"https:\/\/www.meydan.tv\/az\/wp-json\/wp\/v2\/types\/post"}],"author":[{"embeddable":true,"href":"https:\/\/www.meydan.tv\/az\/wp-json\/wp\/v2\/users\/8"}],"replies":[{"embeddable":true,"href":"https:\/\/www.meydan.tv\/az\/wp-json\/wp\/v2\/comments?post=283300"}],"version-history":[{"count":4,"href":"https:\/\/www.meydan.tv\/az\/wp-json\/wp\/v2\/posts\/283300\/revisions"}],"predecessor-version":[{"id":283310,"href":"https:\/\/www.meydan.tv\/az\/wp-json\/wp\/v2\/posts\/283300\/revisions\/283310"}],"wp:featuredmedia":[{"embeddable":true,"href":"https:\/\/www.meydan.tv\/az\/wp-json\/wp\/v2\/media\/283301"}],"wp:attachment":[{"href":"https:\/\/www.meydan.tv\/az\/wp-json\/wp\/v2\/media?parent=283300"}],"wp:term":[{"taxonomy":"category","embeddable":true,"href":"https:\/\/www.meydan.tv\/az\/wp-json\/wp\/v2\/categories?post=283300"},{"taxonomy":"post_tag","embeddable":true,"href":"https:\/\/www.meydan.tv\/az\/wp-json\/wp\/v2\/tags?post=283300"}],"curies":[{"name":"wp","href":"https:\/\/api.w.org\/{rel}","templated":true}]}}