{"id":283285,"date":"2023-08-27T13:04:12","date_gmt":"2023-08-27T09:04:12","guid":{"rendered":"https:\/\/www.meydan.tv\/?p=283285"},"modified":"2023-08-27T13:04:14","modified_gmt":"2023-08-27T09:04:14","slug":"qubad-ibadogluya-qarsi-ireli-surulmus-ittihamin-detallari-melum-olub","status":"publish","type":"post","link":"https:\/\/www.meydan.tv\/az\/article\/qubad-ibadogluya-qarsi-ireli-surulmus-ittihamin-detallari-melum-olub\/","title":{"rendered":"Qubad \u0130bado\u011fluya qar\u015f\u0131 ir\u0259li s\u00fcr\u00fclm\u00fc\u015f ittiham\u0131n detallar\u0131 m\u0259lum olub"},"content":{"rendered":"\n<p><\/p>\n\n\n\n<p><strong><em>Qalib Bayramov g\u00f6t\u00fcr\u00fcl\u0259n komp\u00fcterl\u0259rin ona m\u0259xsus oldu\u011funu deyir<\/em><\/strong><\/p>\n\n\n\n<p>Az\u0259rbaycan Demokratiya v\u0259 Rifah Partiyas\u0131n\u0131n (ADR) h\u0259bsd\u0259 olan s\u0259dri, professor Qubad \u0130bado\u011fluya qar\u015f\u0131 yeni ir\u0259li s\u00fcr\u00fclm\u00fc\u015f \u201cdini ekstremist materiallar\u201d ittiham\u0131yla ba\u011fl\u0131 m\u00fc\u0259yy\u0259n detallar m\u0259lum olub. \u0130ddia edilir ki, Qubad \u0130bado\u011flu saxland\u0131\u011f\u0131 g\u00fcn \u2013 iyunun 23-d\u0259 ofisd\u0259, 26-da is\u0259 onun evind\u0259 apar\u0131lan axtar\u0131\u015flar zaman\u0131 g\u00f6t\u00fcr\u00fcl\u0259n iki komp\u00fcterd\u0259n F\u0259tullah G\u00fcl\u0259nin 50-y\u0259 yax\u0131n kitab\u0131n\u0131n PDF variantlar\u0131 \u00e7\u0131x\u0131b. Bu bar\u0259d\u0259 ADR s\u0259drinin qarda\u015f\u0131 Qalib Bayramov m\u0259lumat ver\u0259r\u0259k vur\u011fulay\u0131b ki, bu bar\u0259d\u0259 iddialar absurddur.<\/p>\n\n\n\n<p>Qalib Bayramov deyir ki, ofisd\u0259ki komp\u00fcterin \u00fcmumiyy\u0259tl\u0259, qarda\u015f\u0131na he\u00e7 bir aidiyy\u0259ti yoxdur, he\u00e7 vaxt onun istifad\u0259sind\u0259 olmay\u0131b. Qalib Bayramovun s\u00f6zl\u0259rin\u0259 g\u00f6r\u0259, g\u00f6t\u00fcr\u00fcl\u0259n komp\u00fcter ona m\u0259xsusdur:<\/p>\n\n\n\n<p><em>\u201cOfisd\u0259ki komp\u00fcterl\u0259rin Qubad \u0130bado\u011fluna v\u0259 ADR-\u0259 he\u00e7 bir aidiyy\u0259ti yoxdur. O komp\u00fcterl\u0259r m\u0259n\u0259 m\u0259xsusdur. Qarda\u015f\u0131m he\u00e7 vaxt o komp\u00fcterl\u0259rd\u0259 i\u015fl\u0259m\u0259yib\u201d.<\/em><\/p>\n\n\n\n<p>Qubad \u0130bado\u011flunun evind\u0259n g\u00f6t\u00fcr\u00fcl\u0259n komp\u00fcter\u0259 g\u0259linc\u0259, qarda\u015f\u0131 deyir ki, o da i\u015fl\u0259k deyil. Qalib Bayramovun s\u00f6zl\u0259rin\u0259 g\u00f6r\u0259, son 10 ild\u0259 h\u0259min komp\u00fcter bir d\u0259f\u0259 d\u0259 olsun, i\u015f\u0259 sal\u0131nmay\u0131b.<\/p>\n\n\n\n<p>\u201c<em>Yalan\u0131n, b\u00f6htan\u0131n v\u0259 \u015f\u0259rin miqyas\u0131 t\u0259s\u0259vv\u00fcr edilm\u0259y\u0259c\u0259k d\u0259r\u0259c\u0259d\u0259 b\u00f6y\u00fckd\u00fcr. Dini ekstremizm iittiham\u0131 is\u0259 saxta pul k\u0259sm\u0259k ittiham\u0131 kimi, na\u015f\u0131 \u0259lind\u0259n \u00e7\u0131xm\u0131\u015f d\u0259r\u0259c\u0259d\u0259 absurddur&#8230;\u201d, &#8211;<\/em> Qalib Bayramovun s\u00f6zl\u0259ridir.<\/p>\n\n\n\n<p>Qubad \u0130bado\u011flu avqustun 25-d\u0259 m\u00fcst\u0259ntiq ona Cinay\u0259t M\u0259c\u0259ll\u0259sinin 167-3.1-ci (Dini ekstremist materiallar\u0131 haz\u0131rlama, saxlama, yayma) madd\u0259sil\u0259 yeni ittiham\u0131 elan ed\u0259rk\u0259n etiraz olaraq, s\u0259n\u0259dl\u0259ri imzalamay\u0131b. Eyni zamanda, iqtisad\u00e7\u0131 ifad\u0259 verm\u0259kd\u0259n d\u0259 imtina ed\u0259r\u0259k, bu ittiham\u0131n absurd v\u0259 c\u0259f\u0259ngiyyat oldu\u011funu bildirib.<\/p>\n\n\n\n<p>Avqustun 26-da ail\u0259 \u00fczvl\u0259ri d\u0259 Bak\u0131 \u0130stintaq T\u0259cridxanas\u0131nda Qubad \u0130bado\u011flu il\u0259 g\u00f6r\u00fc\u015f\u00fcb. Qarda\u015f\u0131 deyir ki, 4 saatl\u0131q g\u00f6r\u00fc\u015f h\u00fcquqlar\u0131 olmas\u0131na baxmayaraq, 30 d\u0259qiq\u0259 tamam olmam\u0131\u015f art\u0131q onlar\u0131 narahat etm\u0259y\u0259, g\u00f6r\u00fc\u015f\u00fc yekunla\u015fd\u0131rma\u011f\u0131 t\u0259l\u0259b etm\u0259y\u0259 ba\u015flam\u0131\u015fd\u0131lar.<\/p>\n\n\n<div class=\"wp-block-image\">\n<figure class=\"alignleft size-full is-resized\"><img decoding=\"async\" data-src=\"https:\/\/www.meydan.tv\/wp-content\/uploads\/ekran_sekli_2023-07-31_113102.png\" alt=\"\" class=\"wp-image-281563 lazyload\" style=\"--smush-placeholder-width: 424px; --smush-placeholder-aspect-ratio: 424\/265;width:424px;height:265px\" width=\"424\" height=\"265\" src=\"data:image\/svg+xml;base64,PHN2ZyB3aWR0aD0iMSIgaGVpZ2h0PSIxIiB4bWxucz0iaHR0cDovL3d3dy53My5vcmcvMjAwMC9zdmciPjwvc3ZnPg==\" \/><figcaption class=\"wp-element-caption\">Qalib Bayramov. Foto: &#8220;abzas.net&#8221;<\/figcaption><\/figure>\n<\/div>\n\n\n<p>ADR s\u0259drinin s\u0259hh\u0259tind\u0259ki probleml\u0259rin is\u0259 h\u0259l\u0259 d\u0259 qald\u0131\u011f\u0131 bildirilir:<\/p>\n\n\n\n<p><em>\u201cQalxanab\u0259nz\u0259r v\u0259zd\u0259ki (zob) d\u0259yi\u015fiklikl\u0259r art\u0131q g\u00f6zl\u0259 m\u00fc\u015fahid\u0259 edil\u0259 bil\u0259n s\u0259viyy\u0259y\u0259 \u00e7at\u0131b. D\u00fcy\u00fcnl\u0259r \u00f6z i\u015fini g\u00f6r\u00fcr, qarda\u015f\u0131mda sinir sisteminin pozulmas\u0131 \u0259lam\u0259tl\u0259ri m\u00fc\u015fahid\u0259 olunur. Qan t\u0259zyiqi, \u015f\u0259k\u0259r v\u0259 \u00fcr\u0259k d\u00f6y\u00fcnt\u00fcs\u00fc h\u0259l\u0259 d\u0259 normalla\u015fmay\u0131b. \u00dcst\u0259lik, gec\u0259l\u0259r kamerada i\u015f\u0131qlar s\u00f6nd\u00fcr\u00fclm\u00fcr. Bu v\u0259ziyy\u0259t onsuz da \u0259s\u0259bl\u0259ri pozulan qarda\u015f\u0131m\u0131n normal yatmas\u0131na imkan vermir. Bu da g\u00fcn \u0259rzind\u0259 xroniki yor\u011funlu\u011fa v\u0259 ba\u015fa\u011fr\u0131lar\u0131na s\u0259b\u0259b olur. Bir daha \u0259min oldum ki, gec\u0259l\u0259r i\u015f\u0131qlar\u0131n yan\u0131l\u0131 saxlanmas\u0131 qarda\u015f\u0131ma qar\u015f\u0131 fiziki i\u015fg\u0259nc\u0259 vasit\u0259sidir\u201d.<\/em><\/p>\n\n\n\n<p>Qubad \u0130bado\u011flu iyulun 23-d\u0259 saxlan\u0131l\u0131b, ona qar\u015f\u0131 Cinay\u0259t M\u0259c\u0259ll\u0259sinin 204.3.1 ( saxta pul v\u0259 ya qiym\u0259tli ka\u011f\u0131zlar haz\u0131rlama, \u0259ld\u0259 etm\u0259 v\u0259 ya satma m\u00fct\u0259\u015f\u0259kkil d\u0259st\u0259 t\u0259r\u0259find\u0259n t\u00f6r\u0259dildikd\u0259) madd\u0259si il\u0259 ittiham ir\u0259li s\u00fcr\u00fcl\u00fcb. Ert\u0259si g\u00fcn N\u0259rimanov rayon M\u0259hk\u0259m\u0259sind\u0259 onun bar\u0259sind\u0259 ilkin istintaq d\u00f6vr\u00fc \u00fc\u00e7\u00fcn 3 ay 26 g\u00fcnl\u00fck h\u0259bs q\u0259timkan t\u0259dbiri se\u00e7ilib.<\/p>\n\n\n\n<p>ADR s\u0259dri daha d\u00f6rd n\u0259f\u0259rl\u0259 \u0259lbirlikd\u0259 ittiham olunur. Onlar\u0131n adlar\u0131 ilk d\u0259f\u0259 iyulun 23-d\u0259 T\u00fcrkiy\u0259 medias\u0131nda a\u00e7\u0131qlanm\u0131\u015fd\u0131. FET\u00d6 (F\u0259tullah G\u00fcl\u0259n Terror \u00d6rg\u00fct\u00fc) il\u0259 \u0259laq\u0259li \u015f\u0259xsl\u0259r kimi t\u0259qdim olunan bu d\u00f6rd n\u0259f\u0259r\u0259 qar\u015f\u0131 da Qubad \u0130bado\u011flu il\u0259 eyni \u2013 Cinay\u0259t M\u0259c\u0259ll\u0259sinin 204.3.1 madd\u0259si il\u0259 ittiham ir\u0259li s\u00fcr\u00fcl\u00fcb.<\/p>\n\n\n\n<p>S\u00f6z\u00fcged\u0259n d\u00f6rd n\u0259f\u0259r D\u00f6yr\u00fc\u015f C\u0259f\u0259rov, G\u00fcmrah \u018fbd\u00fcr\u0259hmanov, Ruslan \u018fliyev v\u0259 Anar \u018fliyevdir.<\/p>\n\n\n\n<p>Qubad \u0130bado\u011flu saxland\u0131qdan sonra yay\u0131lan m\u0259lumatlarda iddia olunurdu ki, Anar \u018fliyev ifad\u0259sind\u0259 onun ad\u0131n\u0131 \u00e7\u0259kib. Amma Qubad \u0130bado\u011flu \u00fcmumiyy\u0259tl\u0259, bu \u015f\u0259xsi tan\u0131mad\u0131\u011f\u0131n\u0131 deyib.<\/p>\n\n\n\n<p>Qubad \u0130bado\u011flu saxland\u0131\u011f\u0131 g\u00fcn ofisd\u0259 ke\u00e7iril\u0259n axtar\u0131\u015fda 40 min dollar pul tap\u0131ld\u0131\u011f\u0131, onun bir hiss\u0259sinin saxta oldu\u011fu iddia olunur.<\/p>\n\n\n\n<p>Lakin ADR s\u0259dri bildirib ki, h\u0259min pulun ona he\u00e7 bir aidiyy\u0259ti yoxdur.<\/p>\n\n\n\n<p>Qubad \u0130bado\u011flu axtar\u0131\u015fdan sonra m\u0259kandan \u00e7\u0131xar\u0131l\u0131b apar\u0131lark\u0259n Prezident \u0130lham \u018fliyevin sifari\u015fil\u0259 h\u0259bs olundu\u011funu bildirib.<\/p>\n\n\n\n<p>Bundan ba\u015fqa, avqustun 6-da T\u00fcrkiy\u0259d\u0259 ya\u015fayan v\u0259 orada universitetd\u0259 i\u015fl\u0259y\u0259n az\u0259rbaycanl\u0131 alim Fazil Qas\u0131mov saxlan\u0131laraq, Az\u0259rbaycana g\u0259tirilib. Avqustun 8-d\u0259 N\u0259rimanov rayon <\/p>\n\n\n\n<p>M\u0259hk\u0259m\u0259sinin q\u0259rar\u0131yla onun haqq\u0131nda h\u0259bs q\u0259timkan t\u0259dbiri se\u00e7ilib. Ona qar\u015f\u0131 da eyni madd\u0259 il\u0259 ittiham ir\u0259li s\u00fcr\u00fcl\u00fcb.<\/p>\n","protected":false},"excerpt":{"rendered":"<p>Qalib Bayramov g\u00f6t\u00fcr\u00fcl\u0259n komp\u00fcterl\u0259rin ona m\u0259xsus oldu\u011funu deyir Az\u0259rbaycan Demokratiya &#8230; <\/p>\n<p class=\"read-more-container\"><a title=\"Qubad \u0130bado\u011fluya qar\u015f\u0131 ir\u0259li s\u00fcr\u00fclm\u00fc\u015f ittiham\u0131n detallar\u0131 m\u0259lum olub\" class=\"read-more button\" href=\"https:\/\/www.meydan.tv\/az\/article\/qubad-ibadogluya-qarsi-ireli-surulmus-ittihamin-detallari-melum-olub\/#more-283285\" aria-label=\"Read more about Qubad \u0130bado\u011fluya qar\u015f\u0131 ir\u0259li s\u00fcr\u00fclm\u00fc\u015f ittiham\u0131n detallar\u0131 m\u0259lum olub\">Davam\u0131<\/a><\/p>\n","protected":false},"author":8,"featured_media":281683,"comment_status":"closed","ping_status":"closed","sticky":false,"template":"","format":"standard","meta":{"_acf_changed":false,"_sitemap_exclude":false,"_sitemap_priority":"","_sitemap_frequency":"","footnotes":""},"categories":[59,79,56],"tags":[],"class_list":["post-283285","post","type-post","status-publish","format-standard","has-post-thumbnail","hentry","category-siyaset","category-featured","category-xeberler","infinite-scroll-item","generate-columns","tablet-grid-50","mobile-grid-100","grid-parent","grid-33","no-featured-image-padding"],"acf":[],"yoast_head":"<!-- This site is optimized with the Yoast SEO plugin v27.4 - https:\/\/yoast.com\/product\/yoast-seo-wordpress\/ -->\n<title>Qubad \u0130bado\u011fluya qar\u015f\u0131 ir\u0259li s\u00fcr\u00fclm\u00fc\u015f ittiham\u0131n detallar\u0131 m\u0259lum olub - MEYDAN.TV<\/title>\n<meta name=\"robots\" content=\"index, follow, max-snippet:-1, max-image-preview:large, max-video-preview:-1\" \/>\n<link rel=\"canonical\" href=\"https:\/\/www.meydan.tv\/az\/article\/qubad-ibadogluya-qarsi-ireli-surulmus-ittihamin-detallari-melum-olub\/\" \/>\n<meta property=\"og:locale\" content=\"az_AZ\" \/>\n<meta property=\"og:type\" content=\"article\" \/>\n<meta property=\"og:title\" content=\"Qubad \u0130bado\u011fluya qar\u015f\u0131 ir\u0259li s\u00fcr\u00fclm\u00fc\u015f ittiham\u0131n detallar\u0131 m\u0259lum olub - MEYDAN.TV\" \/>\n<meta property=\"og:description\" content=\"Qalib Bayramov g\u00f6t\u00fcr\u00fcl\u0259n komp\u00fcterl\u0259rin ona m\u0259xsus oldu\u011funu deyir Az\u0259rbaycan Demokratiya ... Davam\u0131\" \/>\n<meta property=\"og:url\" content=\"https:\/\/www.meydan.tv\/az\/article\/qubad-ibadogluya-qarsi-ireli-surulmus-ittihamin-detallari-melum-olub\/\" \/>\n<meta property=\"og:site_name\" content=\"MEYDAN.TV\" \/>\n<meta property=\"article:published_time\" content=\"2023-08-27T09:04:12+00:00\" \/>\n<meta property=\"article:modified_time\" content=\"2023-08-27T09:04:14+00:00\" \/>\n<meta property=\"og:image\" content=\"https:\/\/www.meydan.tv\/wp-content\/uploads\/img_0253_720-1.jpg\" \/>\n\t<meta property=\"og:image:width\" content=\"1200\" \/>\n\t<meta property=\"og:image:height\" content=\"565\" \/>\n\t<meta property=\"og:image:type\" content=\"image\/jpeg\" \/>\n<meta name=\"author\" content=\"elli\" \/>\n<meta name=\"twitter:card\" content=\"summary_large_image\" \/>\n<meta name=\"twitter:creator\" content=\"@elli\" \/>\n<script type=\"application\/ld+json\" class=\"yoast-schema-graph\">{\"@context\":\"https:\\\/\\\/schema.org\",\"@graph\":[{\"@type\":\"Article\",\"@id\":\"https:\\\/\\\/www.meydan.tv\\\/az\\\/article\\\/qubad-ibadogluya-qarsi-ireli-surulmus-ittihamin-detallari-melum-olub\\\/#article\",\"isPartOf\":{\"@id\":\"https:\\\/\\\/www.meydan.tv\\\/az\\\/article\\\/qubad-ibadogluya-qarsi-ireli-surulmus-ittihamin-detallari-melum-olub\\\/\"},\"author\":{\"name\":\"elli\",\"@id\":\"https:\\\/\\\/www.meydan.tv\\\/az\\\/#\\\/schema\\\/person\\\/9cdbecf90d17180ce1dfbd95b08dcf47\"},\"headline\":\"Qubad \u0130bado\u011fluya qar\u015f\u0131 ir\u0259li s\u00fcr\u00fclm\u00fc\u015f ittiham\u0131n detallar\u0131 m\u0259lum olub\",\"datePublished\":\"2023-08-27T09:04:12+00:00\",\"dateModified\":\"2023-08-27T09:04:14+00:00\",\"mainEntityOfPage\":{\"@id\":\"https:\\\/\\\/www.meydan.tv\\\/az\\\/article\\\/qubad-ibadogluya-qarsi-ireli-surulmus-ittihamin-detallari-melum-olub\\\/\"},\"wordCount\":928,\"publisher\":{\"@id\":\"https:\\\/\\\/www.meydan.tv\\\/az\\\/#organization\"},\"image\":{\"@id\":\"https:\\\/\\\/www.meydan.tv\\\/az\\\/article\\\/qubad-ibadogluya-qarsi-ireli-surulmus-ittihamin-detallari-melum-olub\\\/#primaryimage\"},\"thumbnailUrl\":\"https:\\\/\\\/www.meydan.tv\\\/wp-content\\\/uploads\\\/img_0253_720-1.jpg\",\"articleSection\":[\"Siyas\u0259t\",\"T\u00f6vsiy\u0259\",\"X\u0259b\u0259rl\u0259r\"],\"inLanguage\":\"az\"},{\"@type\":\"WebPage\",\"@id\":\"https:\\\/\\\/www.meydan.tv\\\/az\\\/article\\\/qubad-ibadogluya-qarsi-ireli-surulmus-ittihamin-detallari-melum-olub\\\/\",\"url\":\"https:\\\/\\\/www.meydan.tv\\\/az\\\/article\\\/qubad-ibadogluya-qarsi-ireli-surulmus-ittihamin-detallari-melum-olub\\\/\",\"name\":\"Qubad \u0130bado\u011fluya qar\u015f\u0131 ir\u0259li s\u00fcr\u00fclm\u00fc\u015f ittiham\u0131n detallar\u0131 m\u0259lum olub - MEYDAN.TV\",\"isPartOf\":{\"@id\":\"https:\\\/\\\/www.meydan.tv\\\/az\\\/#website\"},\"primaryImageOfPage\":{\"@id\":\"https:\\\/\\\/www.meydan.tv\\\/az\\\/article\\\/qubad-ibadogluya-qarsi-ireli-surulmus-ittihamin-detallari-melum-olub\\\/#primaryimage\"},\"image\":{\"@id\":\"https:\\\/\\\/www.meydan.tv\\\/az\\\/article\\\/qubad-ibadogluya-qarsi-ireli-surulmus-ittihamin-detallari-melum-olub\\\/#primaryimage\"},\"thumbnailUrl\":\"https:\\\/\\\/www.meydan.tv\\\/wp-content\\\/uploads\\\/img_0253_720-1.jpg\",\"datePublished\":\"2023-08-27T09:04:12+00:00\",\"dateModified\":\"2023-08-27T09:04:14+00:00\",\"breadcrumb\":{\"@id\":\"https:\\\/\\\/www.meydan.tv\\\/az\\\/article\\\/qubad-ibadogluya-qarsi-ireli-surulmus-ittihamin-detallari-melum-olub\\\/#breadcrumb\"},\"inLanguage\":\"az\",\"potentialAction\":[{\"@type\":\"ReadAction\",\"target\":[\"https:\\\/\\\/www.meydan.tv\\\/az\\\/article\\\/qubad-ibadogluya-qarsi-ireli-surulmus-ittihamin-detallari-melum-olub\\\/\"]}]},{\"@type\":\"ImageObject\",\"inLanguage\":\"az\",\"@id\":\"https:\\\/\\\/www.meydan.tv\\\/az\\\/article\\\/qubad-ibadogluya-qarsi-ireli-surulmus-ittihamin-detallari-melum-olub\\\/#primaryimage\",\"url\":\"https:\\\/\\\/www.meydan.tv\\\/wp-content\\\/uploads\\\/img_0253_720-1.jpg\",\"contentUrl\":\"https:\\\/\\\/www.meydan.tv\\\/wp-content\\\/uploads\\\/img_0253_720-1.jpg\",\"width\":1200,\"height\":565,\"caption\":\"Qubad \u0130bado\u011flu. Foto: Meydan TV\"},{\"@type\":\"BreadcrumbList\",\"@id\":\"https:\\\/\\\/www.meydan.tv\\\/az\\\/article\\\/qubad-ibadogluya-qarsi-ireli-surulmus-ittihamin-detallari-melum-olub\\\/#breadcrumb\",\"itemListElement\":[{\"@type\":\"ListItem\",\"position\":1,\"name\":\"Ana s\u0259hif\u0259\",\"item\":\"https:\\\/\\\/www.meydan.tv\\\/az\\\/\"},{\"@type\":\"ListItem\",\"position\":2,\"name\":\"Siyas\u0259t\",\"item\":\"https:\\\/\\\/www.meydan.tv\\\/az\\\/section\\\/siyaset\\\/\"},{\"@type\":\"ListItem\",\"position\":3,\"name\":\"Qubad \u0130bado\u011fluya qar\u015f\u0131 ir\u0259li s\u00fcr\u00fclm\u00fc\u015f ittiham\u0131n detallar\u0131 m\u0259lum olub\"}]},{\"@type\":\"WebSite\",\"@id\":\"https:\\\/\\\/www.meydan.tv\\\/az\\\/#website\",\"url\":\"https:\\\/\\\/www.meydan.tv\\\/az\\\/\",\"name\":\"MEYDAN.TV\",\"description\":\"Meydan TV Az\u0259rbaycan\u0131n media m\u0259kan\u0131ndak\u0131 alternativ s\u0259sidir\",\"publisher\":{\"@id\":\"https:\\\/\\\/www.meydan.tv\\\/az\\\/#organization\"},\"potentialAction\":[{\"@type\":\"SearchAction\",\"target\":{\"@type\":\"EntryPoint\",\"urlTemplate\":\"https:\\\/\\\/www.meydan.tv\\\/az\\\/?s={search_term_string}\"},\"query-input\":{\"@type\":\"PropertyValueSpecification\",\"valueRequired\":true,\"valueName\":\"search_term_string\"}}],\"inLanguage\":\"az\"},{\"@type\":\"Organization\",\"@id\":\"https:\\\/\\\/www.meydan.tv\\\/az\\\/#organization\",\"name\":\"Meydan TV\",\"url\":\"https:\\\/\\\/www.meydan.tv\\\/az\\\/\",\"logo\":{\"@type\":\"ImageObject\",\"inLanguage\":\"az\",\"@id\":\"https:\\\/\\\/www.meydan.tv\\\/az\\\/#\\\/schema\\\/logo\\\/image\\\/\",\"url\":\"https:\\\/\\\/www.meydan.tv\\\/wp-content\\\/uploads\\\/2021\\\/07\\\/meydan-logo.svg\",\"contentUrl\":\"https:\\\/\\\/www.meydan.tv\\\/wp-content\\\/uploads\\\/2021\\\/07\\\/meydan-logo.svg\",\"width\":195,\"height\":46,\"caption\":\"Meydan TV\"},\"image\":{\"@id\":\"https:\\\/\\\/www.meydan.tv\\\/az\\\/#\\\/schema\\\/logo\\\/image\\\/\"}},{\"@type\":\"Person\",\"@id\":\"https:\\\/\\\/www.meydan.tv\\\/az\\\/#\\\/schema\\\/person\\\/9cdbecf90d17180ce1dfbd95b08dcf47\",\"name\":\"elli\",\"sameAs\":[\"https:\\\/\\\/x.com\\\/elli\"]}]}<\/script>\n<!-- \/ Yoast SEO plugin. -->","yoast_head_json":{"title":"Qubad \u0130bado\u011fluya qar\u015f\u0131 ir\u0259li s\u00fcr\u00fclm\u00fc\u015f ittiham\u0131n detallar\u0131 m\u0259lum olub - MEYDAN.TV","robots":{"index":"index","follow":"follow","max-snippet":"max-snippet:-1","max-image-preview":"max-image-preview:large","max-video-preview":"max-video-preview:-1"},"canonical":"https:\/\/www.meydan.tv\/az\/article\/qubad-ibadogluya-qarsi-ireli-surulmus-ittihamin-detallari-melum-olub\/","og_locale":"az_AZ","og_type":"article","og_title":"Qubad \u0130bado\u011fluya qar\u015f\u0131 ir\u0259li s\u00fcr\u00fclm\u00fc\u015f ittiham\u0131n detallar\u0131 m\u0259lum olub - MEYDAN.TV","og_description":"Qalib Bayramov g\u00f6t\u00fcr\u00fcl\u0259n komp\u00fcterl\u0259rin ona m\u0259xsus oldu\u011funu deyir Az\u0259rbaycan Demokratiya ... Davam\u0131","og_url":"https:\/\/www.meydan.tv\/az\/article\/qubad-ibadogluya-qarsi-ireli-surulmus-ittihamin-detallari-melum-olub\/","og_site_name":"MEYDAN.TV","article_published_time":"2023-08-27T09:04:12+00:00","article_modified_time":"2023-08-27T09:04:14+00:00","og_image":[{"width":1200,"height":565,"url":"https:\/\/www.meydan.tv\/wp-content\/uploads\/img_0253_720-1.jpg","type":"image\/jpeg"}],"author":"elli","twitter_card":"summary_large_image","twitter_creator":"@elli","schema":{"@context":"https:\/\/schema.org","@graph":[{"@type":"Article","@id":"https:\/\/www.meydan.tv\/az\/article\/qubad-ibadogluya-qarsi-ireli-surulmus-ittihamin-detallari-melum-olub\/#article","isPartOf":{"@id":"https:\/\/www.meydan.tv\/az\/article\/qubad-ibadogluya-qarsi-ireli-surulmus-ittihamin-detallari-melum-olub\/"},"author":{"name":"elli","@id":"https:\/\/www.meydan.tv\/az\/#\/schema\/person\/9cdbecf90d17180ce1dfbd95b08dcf47"},"headline":"Qubad \u0130bado\u011fluya qar\u015f\u0131 ir\u0259li s\u00fcr\u00fclm\u00fc\u015f ittiham\u0131n detallar\u0131 m\u0259lum olub","datePublished":"2023-08-27T09:04:12+00:00","dateModified":"2023-08-27T09:04:14+00:00","mainEntityOfPage":{"@id":"https:\/\/www.meydan.tv\/az\/article\/qubad-ibadogluya-qarsi-ireli-surulmus-ittihamin-detallari-melum-olub\/"},"wordCount":928,"publisher":{"@id":"https:\/\/www.meydan.tv\/az\/#organization"},"image":{"@id":"https:\/\/www.meydan.tv\/az\/article\/qubad-ibadogluya-qarsi-ireli-surulmus-ittihamin-detallari-melum-olub\/#primaryimage"},"thumbnailUrl":"https:\/\/www.meydan.tv\/wp-content\/uploads\/img_0253_720-1.jpg","articleSection":["Siyas\u0259t","T\u00f6vsiy\u0259","X\u0259b\u0259rl\u0259r"],"inLanguage":"az"},{"@type":"WebPage","@id":"https:\/\/www.meydan.tv\/az\/article\/qubad-ibadogluya-qarsi-ireli-surulmus-ittihamin-detallari-melum-olub\/","url":"https:\/\/www.meydan.tv\/az\/article\/qubad-ibadogluya-qarsi-ireli-surulmus-ittihamin-detallari-melum-olub\/","name":"Qubad \u0130bado\u011fluya qar\u015f\u0131 ir\u0259li s\u00fcr\u00fclm\u00fc\u015f ittiham\u0131n detallar\u0131 m\u0259lum olub - MEYDAN.TV","isPartOf":{"@id":"https:\/\/www.meydan.tv\/az\/#website"},"primaryImageOfPage":{"@id":"https:\/\/www.meydan.tv\/az\/article\/qubad-ibadogluya-qarsi-ireli-surulmus-ittihamin-detallari-melum-olub\/#primaryimage"},"image":{"@id":"https:\/\/www.meydan.tv\/az\/article\/qubad-ibadogluya-qarsi-ireli-surulmus-ittihamin-detallari-melum-olub\/#primaryimage"},"thumbnailUrl":"https:\/\/www.meydan.tv\/wp-content\/uploads\/img_0253_720-1.jpg","datePublished":"2023-08-27T09:04:12+00:00","dateModified":"2023-08-27T09:04:14+00:00","breadcrumb":{"@id":"https:\/\/www.meydan.tv\/az\/article\/qubad-ibadogluya-qarsi-ireli-surulmus-ittihamin-detallari-melum-olub\/#breadcrumb"},"inLanguage":"az","potentialAction":[{"@type":"ReadAction","target":["https:\/\/www.meydan.tv\/az\/article\/qubad-ibadogluya-qarsi-ireli-surulmus-ittihamin-detallari-melum-olub\/"]}]},{"@type":"ImageObject","inLanguage":"az","@id":"https:\/\/www.meydan.tv\/az\/article\/qubad-ibadogluya-qarsi-ireli-surulmus-ittihamin-detallari-melum-olub\/#primaryimage","url":"https:\/\/www.meydan.tv\/wp-content\/uploads\/img_0253_720-1.jpg","contentUrl":"https:\/\/www.meydan.tv\/wp-content\/uploads\/img_0253_720-1.jpg","width":1200,"height":565,"caption":"Qubad \u0130bado\u011flu. Foto: Meydan TV"},{"@type":"BreadcrumbList","@id":"https:\/\/www.meydan.tv\/az\/article\/qubad-ibadogluya-qarsi-ireli-surulmus-ittihamin-detallari-melum-olub\/#breadcrumb","itemListElement":[{"@type":"ListItem","position":1,"name":"Ana s\u0259hif\u0259","item":"https:\/\/www.meydan.tv\/az\/"},{"@type":"ListItem","position":2,"name":"Siyas\u0259t","item":"https:\/\/www.meydan.tv\/az\/section\/siyaset\/"},{"@type":"ListItem","position":3,"name":"Qubad \u0130bado\u011fluya qar\u015f\u0131 ir\u0259li s\u00fcr\u00fclm\u00fc\u015f ittiham\u0131n detallar\u0131 m\u0259lum olub"}]},{"@type":"WebSite","@id":"https:\/\/www.meydan.tv\/az\/#website","url":"https:\/\/www.meydan.tv\/az\/","name":"MEYDAN.TV","description":"Meydan TV Az\u0259rbaycan\u0131n media m\u0259kan\u0131ndak\u0131 alternativ s\u0259sidir","publisher":{"@id":"https:\/\/www.meydan.tv\/az\/#organization"},"potentialAction":[{"@type":"SearchAction","target":{"@type":"EntryPoint","urlTemplate":"https:\/\/www.meydan.tv\/az\/?s={search_term_string}"},"query-input":{"@type":"PropertyValueSpecification","valueRequired":true,"valueName":"search_term_string"}}],"inLanguage":"az"},{"@type":"Organization","@id":"https:\/\/www.meydan.tv\/az\/#organization","name":"Meydan TV","url":"https:\/\/www.meydan.tv\/az\/","logo":{"@type":"ImageObject","inLanguage":"az","@id":"https:\/\/www.meydan.tv\/az\/#\/schema\/logo\/image\/","url":"https:\/\/www.meydan.tv\/wp-content\/uploads\/2021\/07\/meydan-logo.svg","contentUrl":"https:\/\/www.meydan.tv\/wp-content\/uploads\/2021\/07\/meydan-logo.svg","width":195,"height":46,"caption":"Meydan TV"},"image":{"@id":"https:\/\/www.meydan.tv\/az\/#\/schema\/logo\/image\/"}},{"@type":"Person","@id":"https:\/\/www.meydan.tv\/az\/#\/schema\/person\/9cdbecf90d17180ce1dfbd95b08dcf47","name":"elli","sameAs":["https:\/\/x.com\/elli"]}]}},"_links":{"self":[{"href":"https:\/\/www.meydan.tv\/az\/wp-json\/wp\/v2\/posts\/283285","targetHints":{"allow":["GET"]}}],"collection":[{"href":"https:\/\/www.meydan.tv\/az\/wp-json\/wp\/v2\/posts"}],"about":[{"href":"https:\/\/www.meydan.tv\/az\/wp-json\/wp\/v2\/types\/post"}],"author":[{"embeddable":true,"href":"https:\/\/www.meydan.tv\/az\/wp-json\/wp\/v2\/users\/8"}],"replies":[{"embeddable":true,"href":"https:\/\/www.meydan.tv\/az\/wp-json\/wp\/v2\/comments?post=283285"}],"version-history":[{"count":1,"href":"https:\/\/www.meydan.tv\/az\/wp-json\/wp\/v2\/posts\/283285\/revisions"}],"predecessor-version":[{"id":283286,"href":"https:\/\/www.meydan.tv\/az\/wp-json\/wp\/v2\/posts\/283285\/revisions\/283286"}],"wp:featuredmedia":[{"embeddable":true,"href":"https:\/\/www.meydan.tv\/az\/wp-json\/wp\/v2\/media\/281683"}],"wp:attachment":[{"href":"https:\/\/www.meydan.tv\/az\/wp-json\/wp\/v2\/media?parent=283285"}],"wp:term":[{"taxonomy":"category","embeddable":true,"href":"https:\/\/www.meydan.tv\/az\/wp-json\/wp\/v2\/categories?post=283285"},{"taxonomy":"post_tag","embeddable":true,"href":"https:\/\/www.meydan.tv\/az\/wp-json\/wp\/v2\/tags?post=283285"}],"curies":[{"name":"wp","href":"https:\/\/api.w.org\/{rel}","templated":true}]}}