{"id":283213,"date":"2023-08-25T13:31:27","date_gmt":"2023-08-25T09:31:27","guid":{"rendered":"https:\/\/www.meydan.tv\/?p=283213"},"modified":"2023-08-25T13:31:31","modified_gmt":"2023-08-25T09:31:31","slug":"anjey-kaspsik-lacinla-serhed-kende-gelib","status":"publish","type":"post","link":"https:\/\/www.meydan.tv\/az\/article\/anjey-kaspsik-lacinla-serhed-kende-gelib\/","title":{"rendered":"Anjey Kasp\u015fik La\u00e7\u0131nla s\u0259rh\u0259d k\u0259nd\u0259 g\u0259lib"},"content":{"rendered":"\n<p><\/p>\n\n\n\n<p><strong><em>AT\u018fT r\u0259smisi jurnalistl\u0259rin sual\u0131n\u0131 cavabland\u0131rmay\u0131b<\/em><\/strong><\/p>\n\n\n\n<p>Avqustun 25-d\u0259 AT\u018fT s\u0259drinin \u015f\u0259xsi n\u00fcmay\u0259nd\u0259si Anjey Kasp\u015fik La\u00e7\u0131nla h\u0259ms\u0259rh\u0259d Kornidzor k\u0259ndind\u0259 olub. Onun AT\u018fT-in f\u0259aliyy\u0259td\u0259 olan s\u0259drinin tap\u015f\u0131r\u0131\u011f\u0131 il\u0259 \u0259razid\u0259 oldu\u011fu v\u0259 m\u00f6vcud v\u0259ziyy\u0259tl\u0259 ba\u011fl\u0131 m\u0259lumat verdiyi deyilir.<\/p>\n\n\n\n<p>&#8220;Azadl\u0131q&#8221; Radiosunun erm\u0259ni xidm\u0259tinin m\u0259lumat\u0131na <a href=\"https:\/\/www.azatutyun.am\/a\/32564348.html\">g\u00f6r\u0259<\/a>, A.Kasp\u015fik jurnalistl\u0259rin suallar\u0131n\u0131 cavabland\u0131rmay\u0131b. O, yerli r\u0259smil\u0259rd\u0259n yaln\u0131z birt\u0259r\u0259fli h\u0259r\u0259k\u0259t\u0259 icaz\u0259 verilib-verilm\u0259diyini soru\u015fub.<\/p>\n\n\n\n<p>Avqustun 24-d\u0259 Erm\u0259nistan\u0131n Ba\u015f naziri Nikol Pa\u015finyan h\u00f6kum\u0259tin iclas\u0131nda Da\u011fl\u0131q Qaraba\u011fda humanitar v\u0259ziyy\u0259tin g\u0259rgin oldu\u011funu demi\u015fdi:<\/p>\n\n\n\n<p><em>\u201cBiz m\u00f6t\u0259b\u0259r m\u0259lumat alm\u0131\u015f\u0131q ki, La\u00e7\u0131n d\u0259hlizinin birt\u0259r\u0259fli istiqam\u0259td\u0259 a\u00e7\u0131lmas\u0131, y\u0259ni Da\u011fl\u0131q Qaraba\u011fdan \u00e7\u0131x\u0131\u015fa icaz\u0259 verilm\u0259si v\u0259 giri\u015fin qada\u011fan edilm\u0259si \u00fc\u00e7\u00fcn proqramlar haz\u0131rlan\u0131r. Bununla da Az\u0259rbaycan\u0131n \u0259sas m\u0259qs\u0259di Da\u011fl\u0131q Qaraba\u011fda etnik t\u0259mizl\u0259m\u0259 aparmaqd\u0131r\u201d. <\/em><\/p>\n\n\n\n<p>\u201c<em>M\u00f6vqeyimiz d\u0259yi\u015fm\u0259zdir \u2013 Da\u011fl\u0131q Qaraba\u011f erm\u0259nil\u0259rinin h\u00fcquqlar\u0131 v\u0259 t\u0259hl\u00fck\u0259sizliyi m\u0259s\u0259l\u0259l\u0259ri beyn\u0259lxalq mexanizm \u00e7\u0259r\u00e7iv\u0259sind\u0259 Bak\u0131-Stepanakert (Xank\u0259ndi) dialoqu vasit\u0259sil\u0259 h\u0259ll edilm\u0259lidir\u201d,<\/em> \u2013 dey\u0259 Pa\u015finyan \u0259lav\u0259 etmi\u015fdi. <\/p>\n\n\n\n<p>Avqustun 17-d\u0259 Erm\u0259nistan\u0131n m\u00fcraci\u0259ti il\u0259 \u00e7a\u011f\u0131r\u0131lan BMT T\u0259hl\u00fck\u0259sizlik \u015euras\u0131n\u0131n Qaraba\u011fla ba\u011fl\u0131 iclas\u0131 ke\u00e7irilmi\u015fdi. \u0130clasda h\u0259r hans\u0131 yekun b\u0259yanat v\u0259 ya q\u0259tnam\u0259 q\u0259bul <a href=\"https:\/\/storage.googleapis.com\/qurium\/www.meydan.tv\/az-article-bmt-tehlukesizlik-surasinin-iclasi-bitdi-yekun-beyanat-qebul-edilmedi.html\">edilm\u0259mi\u015fdi<\/a>. <\/p>\n\n\n\n<p>May\u0131n 4-d\u0259 \u201cAz\u0259rbaycan Respublikas\u0131n\u0131n d\u00f6vl\u0259t s\u0259rh\u0259dind\u0259n burax\u0131l\u0131\u015f m\u0259nt\u0259q\u0259l\u0259rinin say\u0131 v\u0259 yerl\u0259\u015fdiyi \u0259razil\u0259rin siyah\u0131s\u0131\u201dna d\u0259yi\u015fiklik edilib. <\/p>\n\n\n\n<p>Bu bar\u0259d\u0259 q\u0259rar\u0131 Ba\u015f nazir \u018fli \u018fs\u0259dov imzalay\u0131b. <\/p>\n\n\n\n<p><strong>M\u00fcnaqi\u015f\u0259nin q\u0131sa xronikas\u0131<\/strong> <\/p>\n\n\n\n<p>Az\u0259rbaycan v\u0259 Erm\u0259nistan aras\u0131nda olan Qaraba\u011f m\u00fcnaqi\u015f\u0259sinin ilkin m\u0259rh\u0259l\u0259si 1988-ci ild\u0259 ba\u015flay\u0131b. Erm\u0259nistan\u0131n Az\u0259rbaycana \u0259razi iddialar\u0131 il\u0259 ba\u015flayan v\u0259 1994-c\u00fc ild\u0259 imzalanan at\u0259\u015fk\u0259s raz\u0131la\u015fmas\u0131 il\u0259 bit\u0259n Birinci Qaraba\u011f m\u00fcharib\u0259si zaman\u0131 Az\u0259rbaycan\u0131n Da\u011fl\u0131q Qaraba\u011f b\u00f6lg\u0259si v\u0259 ona biti\u015fik 7 rayonu i\u015f\u011fal edilib. <\/p>\n\n\n\n<p>2020-ci ilin sentyabr\u0131nda Az\u0259rbaycan v\u0259 Erm\u0259nistan silahl\u0131 q\u00fcvv\u0259l\u0259ri aras\u0131nda ba\u015f vermi\u015f 44 g\u00fcnl\u00fck \u0130kinci Qaraba\u011f m\u00fcharib\u0259si n\u0259tic\u0259sind\u0259 is\u0259 Az\u0259rbaycan Qaraba\u011f\u0131n bir hiss\u0259sin\u0259 v\u0259 \u0259traf 7 rayona n\u0259zar\u0259ti b\u0259rpa edib. <\/p>\n\n\n\n<p>Az\u0259rbaycan, Erm\u0259nistan v\u0259 Rusiya r\u0259hb\u0259rliyinin imzalad\u0131\u011f\u0131 \u00fc\u00e7t\u0259r\u0259fli birg\u0259 b\u0259yanatla d\u00f6y\u00fc\u015fl\u0259r dayand\u0131r\u0131landan sonra La\u00e7\u0131n d\u0259hlizind\u0259 v\u0259 Qaraba\u011fdak\u0131 t\u0259mas x\u0259ttind\u0259 Rusiya s\u00fclhm\u0259raml\u0131lar\u0131 yerl\u0259\u015fdirilib. <\/p>\n\n\n\n<p>Haz\u0131rk\u0131 m\u0259rh\u0259l\u0259d\u0259 \u0259razid\u0259 tez-tez at\u0259\u015fk\u0259s pozulur, h\u0259tta g\u00fcnl\u0259rl\u0259 s\u00fcr\u0259n d\u00f6y\u00fc\u015fl\u0259r ba\u015f verir. N\u0259tic\u0259d\u0259 h\u0259r iki t\u0259r\u0259f itki verir v\u0259 buna g\u00f6r\u0259 bir-birl\u0259rini g\u00fcnahland\u0131r\u0131rlar.<\/p>\n","protected":false},"excerpt":{"rendered":"<p>AT\u018fT r\u0259smisi jurnalistl\u0259rin sual\u0131n\u0131 cavabland\u0131rmay\u0131b Avqustun 25-d\u0259 AT\u018fT s\u0259drinin \u015f\u0259xsi &#8230; <\/p>\n<p class=\"read-more-container\"><a title=\"Anjey Kasp\u015fik La\u00e7\u0131nla s\u0259rh\u0259d k\u0259nd\u0259 g\u0259lib\" class=\"read-more button\" href=\"https:\/\/www.meydan.tv\/az\/article\/anjey-kaspsik-lacinla-serhed-kende-gelib\/#more-283213\" aria-label=\"Read more about Anjey Kasp\u015fik La\u00e7\u0131nla s\u0259rh\u0259d k\u0259nd\u0259 g\u0259lib\">Davam\u0131<\/a><\/p>\n","protected":false},"author":8,"featured_media":283214,"comment_status":"closed","ping_status":"closed","sticky":false,"template":"","format":"standard","meta":{"_acf_changed":false,"_sitemap_exclude":false,"_sitemap_priority":"","_sitemap_frequency":"","footnotes":""},"categories":[59,56],"tags":[],"class_list":["post-283213","post","type-post","status-publish","format-standard","has-post-thumbnail","hentry","category-siyaset","category-xeberler","infinite-scroll-item","generate-columns","tablet-grid-50","mobile-grid-100","grid-parent","grid-33","no-featured-image-padding"],"acf":[],"yoast_head":"<!-- This site is optimized with the Yoast SEO plugin v27.4 - https:\/\/yoast.com\/product\/yoast-seo-wordpress\/ -->\n<title>Anjey Kasp\u015fik La\u00e7\u0131nla s\u0259rh\u0259d k\u0259nd\u0259 g\u0259lib - MEYDAN.TV<\/title>\n<meta name=\"robots\" content=\"index, follow, max-snippet:-1, max-image-preview:large, max-video-preview:-1\" \/>\n<link rel=\"canonical\" href=\"https:\/\/www.meydan.tv\/az\/article\/anjey-kaspsik-lacinla-serhed-kende-gelib\/\" \/>\n<meta property=\"og:locale\" content=\"az_AZ\" \/>\n<meta property=\"og:type\" content=\"article\" \/>\n<meta property=\"og:title\" content=\"Anjey Kasp\u015fik La\u00e7\u0131nla s\u0259rh\u0259d k\u0259nd\u0259 g\u0259lib - MEYDAN.TV\" \/>\n<meta property=\"og:description\" content=\"AT\u018fT r\u0259smisi jurnalistl\u0259rin sual\u0131n\u0131 cavabland\u0131rmay\u0131b Avqustun 25-d\u0259 AT\u018fT s\u0259drinin \u015f\u0259xsi ... Davam\u0131\" \/>\n<meta property=\"og:url\" content=\"https:\/\/www.meydan.tv\/az\/article\/anjey-kaspsik-lacinla-serhed-kende-gelib\/\" \/>\n<meta property=\"og:site_name\" content=\"MEYDAN.TV\" \/>\n<meta property=\"article:published_time\" content=\"2023-08-25T09:31:27+00:00\" \/>\n<meta property=\"article:modified_time\" content=\"2023-08-25T09:31:31+00:00\" \/>\n<meta property=\"og:image\" content=\"https:\/\/www.meydan.tv\/wp-content\/uploads\/anjey.jpg\" \/>\n\t<meta property=\"og:image:width\" content=\"1247\" \/>\n\t<meta property=\"og:image:height\" content=\"518\" \/>\n\t<meta property=\"og:image:type\" content=\"image\/jpeg\" \/>\n<meta name=\"author\" content=\"elli\" \/>\n<meta name=\"twitter:card\" content=\"summary_large_image\" \/>\n<meta name=\"twitter:creator\" content=\"@elli\" \/>\n<script type=\"application\/ld+json\" class=\"yoast-schema-graph\">{\"@context\":\"https:\\\/\\\/schema.org\",\"@graph\":[{\"@type\":\"Article\",\"@id\":\"https:\\\/\\\/www.meydan.tv\\\/az\\\/article\\\/anjey-kaspsik-lacinla-serhed-kende-gelib\\\/#article\",\"isPartOf\":{\"@id\":\"https:\\\/\\\/www.meydan.tv\\\/az\\\/article\\\/anjey-kaspsik-lacinla-serhed-kende-gelib\\\/\"},\"author\":{\"name\":\"elli\",\"@id\":\"https:\\\/\\\/www.meydan.tv\\\/az\\\/#\\\/schema\\\/person\\\/9cdbecf90d17180ce1dfbd95b08dcf47\"},\"headline\":\"Anjey Kasp\u015fik La\u00e7\u0131nla s\u0259rh\u0259d k\u0259nd\u0259 g\u0259lib\",\"datePublished\":\"2023-08-25T09:31:27+00:00\",\"dateModified\":\"2023-08-25T09:31:31+00:00\",\"mainEntityOfPage\":{\"@id\":\"https:\\\/\\\/www.meydan.tv\\\/az\\\/article\\\/anjey-kaspsik-lacinla-serhed-kende-gelib\\\/\"},\"wordCount\":560,\"publisher\":{\"@id\":\"https:\\\/\\\/www.meydan.tv\\\/az\\\/#organization\"},\"image\":{\"@id\":\"https:\\\/\\\/www.meydan.tv\\\/az\\\/article\\\/anjey-kaspsik-lacinla-serhed-kende-gelib\\\/#primaryimage\"},\"thumbnailUrl\":\"https:\\\/\\\/www.meydan.tv\\\/wp-content\\\/uploads\\\/anjey.jpg\",\"articleSection\":[\"Siyas\u0259t\",\"X\u0259b\u0259rl\u0259r\"],\"inLanguage\":\"az\"},{\"@type\":\"WebPage\",\"@id\":\"https:\\\/\\\/www.meydan.tv\\\/az\\\/article\\\/anjey-kaspsik-lacinla-serhed-kende-gelib\\\/\",\"url\":\"https:\\\/\\\/www.meydan.tv\\\/az\\\/article\\\/anjey-kaspsik-lacinla-serhed-kende-gelib\\\/\",\"name\":\"Anjey Kasp\u015fik La\u00e7\u0131nla s\u0259rh\u0259d k\u0259nd\u0259 g\u0259lib - MEYDAN.TV\",\"isPartOf\":{\"@id\":\"https:\\\/\\\/www.meydan.tv\\\/az\\\/#website\"},\"primaryImageOfPage\":{\"@id\":\"https:\\\/\\\/www.meydan.tv\\\/az\\\/article\\\/anjey-kaspsik-lacinla-serhed-kende-gelib\\\/#primaryimage\"},\"image\":{\"@id\":\"https:\\\/\\\/www.meydan.tv\\\/az\\\/article\\\/anjey-kaspsik-lacinla-serhed-kende-gelib\\\/#primaryimage\"},\"thumbnailUrl\":\"https:\\\/\\\/www.meydan.tv\\\/wp-content\\\/uploads\\\/anjey.jpg\",\"datePublished\":\"2023-08-25T09:31:27+00:00\",\"dateModified\":\"2023-08-25T09:31:31+00:00\",\"breadcrumb\":{\"@id\":\"https:\\\/\\\/www.meydan.tv\\\/az\\\/article\\\/anjey-kaspsik-lacinla-serhed-kende-gelib\\\/#breadcrumb\"},\"inLanguage\":\"az\",\"potentialAction\":[{\"@type\":\"ReadAction\",\"target\":[\"https:\\\/\\\/www.meydan.tv\\\/az\\\/article\\\/anjey-kaspsik-lacinla-serhed-kende-gelib\\\/\"]}]},{\"@type\":\"ImageObject\",\"inLanguage\":\"az\",\"@id\":\"https:\\\/\\\/www.meydan.tv\\\/az\\\/article\\\/anjey-kaspsik-lacinla-serhed-kende-gelib\\\/#primaryimage\",\"url\":\"https:\\\/\\\/www.meydan.tv\\\/wp-content\\\/uploads\\\/anjey.jpg\",\"contentUrl\":\"https:\\\/\\\/www.meydan.tv\\\/wp-content\\\/uploads\\\/anjey.jpg\",\"width\":1247,\"height\":518,\"caption\":\"azatutyun.am\"},{\"@type\":\"BreadcrumbList\",\"@id\":\"https:\\\/\\\/www.meydan.tv\\\/az\\\/article\\\/anjey-kaspsik-lacinla-serhed-kende-gelib\\\/#breadcrumb\",\"itemListElement\":[{\"@type\":\"ListItem\",\"position\":1,\"name\":\"Ana s\u0259hif\u0259\",\"item\":\"https:\\\/\\\/www.meydan.tv\\\/az\\\/\"},{\"@type\":\"ListItem\",\"position\":2,\"name\":\"Siyas\u0259t\",\"item\":\"https:\\\/\\\/www.meydan.tv\\\/az\\\/section\\\/siyaset\\\/\"},{\"@type\":\"ListItem\",\"position\":3,\"name\":\"Anjey Kasp\u015fik La\u00e7\u0131nla s\u0259rh\u0259d k\u0259nd\u0259 g\u0259lib\"}]},{\"@type\":\"WebSite\",\"@id\":\"https:\\\/\\\/www.meydan.tv\\\/az\\\/#website\",\"url\":\"https:\\\/\\\/www.meydan.tv\\\/az\\\/\",\"name\":\"MEYDAN.TV\",\"description\":\"Meydan TV Az\u0259rbaycan\u0131n media m\u0259kan\u0131ndak\u0131 alternativ s\u0259sidir\",\"publisher\":{\"@id\":\"https:\\\/\\\/www.meydan.tv\\\/az\\\/#organization\"},\"potentialAction\":[{\"@type\":\"SearchAction\",\"target\":{\"@type\":\"EntryPoint\",\"urlTemplate\":\"https:\\\/\\\/www.meydan.tv\\\/az\\\/?s={search_term_string}\"},\"query-input\":{\"@type\":\"PropertyValueSpecification\",\"valueRequired\":true,\"valueName\":\"search_term_string\"}}],\"inLanguage\":\"az\"},{\"@type\":\"Organization\",\"@id\":\"https:\\\/\\\/www.meydan.tv\\\/az\\\/#organization\",\"name\":\"Meydan TV\",\"url\":\"https:\\\/\\\/www.meydan.tv\\\/az\\\/\",\"logo\":{\"@type\":\"ImageObject\",\"inLanguage\":\"az\",\"@id\":\"https:\\\/\\\/www.meydan.tv\\\/az\\\/#\\\/schema\\\/logo\\\/image\\\/\",\"url\":\"https:\\\/\\\/www.meydan.tv\\\/wp-content\\\/uploads\\\/2021\\\/07\\\/meydan-logo.svg\",\"contentUrl\":\"https:\\\/\\\/www.meydan.tv\\\/wp-content\\\/uploads\\\/2021\\\/07\\\/meydan-logo.svg\",\"width\":195,\"height\":46,\"caption\":\"Meydan TV\"},\"image\":{\"@id\":\"https:\\\/\\\/www.meydan.tv\\\/az\\\/#\\\/schema\\\/logo\\\/image\\\/\"}},{\"@type\":\"Person\",\"@id\":\"https:\\\/\\\/www.meydan.tv\\\/az\\\/#\\\/schema\\\/person\\\/9cdbecf90d17180ce1dfbd95b08dcf47\",\"name\":\"elli\",\"sameAs\":[\"https:\\\/\\\/x.com\\\/elli\"]}]}<\/script>\n<!-- \/ Yoast SEO plugin. -->","yoast_head_json":{"title":"Anjey Kasp\u015fik La\u00e7\u0131nla s\u0259rh\u0259d k\u0259nd\u0259 g\u0259lib - MEYDAN.TV","robots":{"index":"index","follow":"follow","max-snippet":"max-snippet:-1","max-image-preview":"max-image-preview:large","max-video-preview":"max-video-preview:-1"},"canonical":"https:\/\/www.meydan.tv\/az\/article\/anjey-kaspsik-lacinla-serhed-kende-gelib\/","og_locale":"az_AZ","og_type":"article","og_title":"Anjey Kasp\u015fik La\u00e7\u0131nla s\u0259rh\u0259d k\u0259nd\u0259 g\u0259lib - MEYDAN.TV","og_description":"AT\u018fT r\u0259smisi jurnalistl\u0259rin sual\u0131n\u0131 cavabland\u0131rmay\u0131b Avqustun 25-d\u0259 AT\u018fT s\u0259drinin \u015f\u0259xsi ... Davam\u0131","og_url":"https:\/\/www.meydan.tv\/az\/article\/anjey-kaspsik-lacinla-serhed-kende-gelib\/","og_site_name":"MEYDAN.TV","article_published_time":"2023-08-25T09:31:27+00:00","article_modified_time":"2023-08-25T09:31:31+00:00","og_image":[{"width":1247,"height":518,"url":"https:\/\/www.meydan.tv\/wp-content\/uploads\/anjey.jpg","type":"image\/jpeg"}],"author":"elli","twitter_card":"summary_large_image","twitter_creator":"@elli","schema":{"@context":"https:\/\/schema.org","@graph":[{"@type":"Article","@id":"https:\/\/www.meydan.tv\/az\/article\/anjey-kaspsik-lacinla-serhed-kende-gelib\/#article","isPartOf":{"@id":"https:\/\/www.meydan.tv\/az\/article\/anjey-kaspsik-lacinla-serhed-kende-gelib\/"},"author":{"name":"elli","@id":"https:\/\/www.meydan.tv\/az\/#\/schema\/person\/9cdbecf90d17180ce1dfbd95b08dcf47"},"headline":"Anjey Kasp\u015fik La\u00e7\u0131nla s\u0259rh\u0259d k\u0259nd\u0259 g\u0259lib","datePublished":"2023-08-25T09:31:27+00:00","dateModified":"2023-08-25T09:31:31+00:00","mainEntityOfPage":{"@id":"https:\/\/www.meydan.tv\/az\/article\/anjey-kaspsik-lacinla-serhed-kende-gelib\/"},"wordCount":560,"publisher":{"@id":"https:\/\/www.meydan.tv\/az\/#organization"},"image":{"@id":"https:\/\/www.meydan.tv\/az\/article\/anjey-kaspsik-lacinla-serhed-kende-gelib\/#primaryimage"},"thumbnailUrl":"https:\/\/www.meydan.tv\/wp-content\/uploads\/anjey.jpg","articleSection":["Siyas\u0259t","X\u0259b\u0259rl\u0259r"],"inLanguage":"az"},{"@type":"WebPage","@id":"https:\/\/www.meydan.tv\/az\/article\/anjey-kaspsik-lacinla-serhed-kende-gelib\/","url":"https:\/\/www.meydan.tv\/az\/article\/anjey-kaspsik-lacinla-serhed-kende-gelib\/","name":"Anjey Kasp\u015fik La\u00e7\u0131nla s\u0259rh\u0259d k\u0259nd\u0259 g\u0259lib - MEYDAN.TV","isPartOf":{"@id":"https:\/\/www.meydan.tv\/az\/#website"},"primaryImageOfPage":{"@id":"https:\/\/www.meydan.tv\/az\/article\/anjey-kaspsik-lacinla-serhed-kende-gelib\/#primaryimage"},"image":{"@id":"https:\/\/www.meydan.tv\/az\/article\/anjey-kaspsik-lacinla-serhed-kende-gelib\/#primaryimage"},"thumbnailUrl":"https:\/\/www.meydan.tv\/wp-content\/uploads\/anjey.jpg","datePublished":"2023-08-25T09:31:27+00:00","dateModified":"2023-08-25T09:31:31+00:00","breadcrumb":{"@id":"https:\/\/www.meydan.tv\/az\/article\/anjey-kaspsik-lacinla-serhed-kende-gelib\/#breadcrumb"},"inLanguage":"az","potentialAction":[{"@type":"ReadAction","target":["https:\/\/www.meydan.tv\/az\/article\/anjey-kaspsik-lacinla-serhed-kende-gelib\/"]}]},{"@type":"ImageObject","inLanguage":"az","@id":"https:\/\/www.meydan.tv\/az\/article\/anjey-kaspsik-lacinla-serhed-kende-gelib\/#primaryimage","url":"https:\/\/www.meydan.tv\/wp-content\/uploads\/anjey.jpg","contentUrl":"https:\/\/www.meydan.tv\/wp-content\/uploads\/anjey.jpg","width":1247,"height":518,"caption":"azatutyun.am"},{"@type":"BreadcrumbList","@id":"https:\/\/www.meydan.tv\/az\/article\/anjey-kaspsik-lacinla-serhed-kende-gelib\/#breadcrumb","itemListElement":[{"@type":"ListItem","position":1,"name":"Ana s\u0259hif\u0259","item":"https:\/\/www.meydan.tv\/az\/"},{"@type":"ListItem","position":2,"name":"Siyas\u0259t","item":"https:\/\/www.meydan.tv\/az\/section\/siyaset\/"},{"@type":"ListItem","position":3,"name":"Anjey Kasp\u015fik La\u00e7\u0131nla s\u0259rh\u0259d k\u0259nd\u0259 g\u0259lib"}]},{"@type":"WebSite","@id":"https:\/\/www.meydan.tv\/az\/#website","url":"https:\/\/www.meydan.tv\/az\/","name":"MEYDAN.TV","description":"Meydan TV Az\u0259rbaycan\u0131n media m\u0259kan\u0131ndak\u0131 alternativ s\u0259sidir","publisher":{"@id":"https:\/\/www.meydan.tv\/az\/#organization"},"potentialAction":[{"@type":"SearchAction","target":{"@type":"EntryPoint","urlTemplate":"https:\/\/www.meydan.tv\/az\/?s={search_term_string}"},"query-input":{"@type":"PropertyValueSpecification","valueRequired":true,"valueName":"search_term_string"}}],"inLanguage":"az"},{"@type":"Organization","@id":"https:\/\/www.meydan.tv\/az\/#organization","name":"Meydan TV","url":"https:\/\/www.meydan.tv\/az\/","logo":{"@type":"ImageObject","inLanguage":"az","@id":"https:\/\/www.meydan.tv\/az\/#\/schema\/logo\/image\/","url":"https:\/\/www.meydan.tv\/wp-content\/uploads\/2021\/07\/meydan-logo.svg","contentUrl":"https:\/\/www.meydan.tv\/wp-content\/uploads\/2021\/07\/meydan-logo.svg","width":195,"height":46,"caption":"Meydan TV"},"image":{"@id":"https:\/\/www.meydan.tv\/az\/#\/schema\/logo\/image\/"}},{"@type":"Person","@id":"https:\/\/www.meydan.tv\/az\/#\/schema\/person\/9cdbecf90d17180ce1dfbd95b08dcf47","name":"elli","sameAs":["https:\/\/x.com\/elli"]}]}},"_links":{"self":[{"href":"https:\/\/www.meydan.tv\/az\/wp-json\/wp\/v2\/posts\/283213","targetHints":{"allow":["GET"]}}],"collection":[{"href":"https:\/\/www.meydan.tv\/az\/wp-json\/wp\/v2\/posts"}],"about":[{"href":"https:\/\/www.meydan.tv\/az\/wp-json\/wp\/v2\/types\/post"}],"author":[{"embeddable":true,"href":"https:\/\/www.meydan.tv\/az\/wp-json\/wp\/v2\/users\/8"}],"replies":[{"embeddable":true,"href":"https:\/\/www.meydan.tv\/az\/wp-json\/wp\/v2\/comments?post=283213"}],"version-history":[{"count":1,"href":"https:\/\/www.meydan.tv\/az\/wp-json\/wp\/v2\/posts\/283213\/revisions"}],"predecessor-version":[{"id":283217,"href":"https:\/\/www.meydan.tv\/az\/wp-json\/wp\/v2\/posts\/283213\/revisions\/283217"}],"wp:featuredmedia":[{"embeddable":true,"href":"https:\/\/www.meydan.tv\/az\/wp-json\/wp\/v2\/media\/283214"}],"wp:attachment":[{"href":"https:\/\/www.meydan.tv\/az\/wp-json\/wp\/v2\/media?parent=283213"}],"wp:term":[{"taxonomy":"category","embeddable":true,"href":"https:\/\/www.meydan.tv\/az\/wp-json\/wp\/v2\/categories?post=283213"},{"taxonomy":"post_tag","embeddable":true,"href":"https:\/\/www.meydan.tv\/az\/wp-json\/wp\/v2\/tags?post=283213"}],"curies":[{"name":"wp","href":"https:\/\/api.w.org\/{rel}","templated":true}]}}