{"id":283191,"date":"2023-08-25T11:42:41","date_gmt":"2023-08-25T07:42:41","guid":{"rendered":"https:\/\/www.meydan.tv\/?p=283191"},"modified":"2023-08-25T11:42:44","modified_gmt":"2023-08-25T07:42:44","slug":"anomal-istiler-susuzluqdan-eziyyet-ceken-kendliler-ekine-deyen-ziyan","status":"publish","type":"post","link":"https:\/\/www.meydan.tv\/az\/article\/anomal-istiler-susuzluqdan-eziyyet-ceken-kendliler-ekine-deyen-ziyan\/","title":{"rendered":"Anomal istil\u0259r, susuzluqdan \u0259ziyy\u0259t \u00e7\u0259k\u0259n k\u0259ndlil\u0259r, \u0259kin\u0259 d\u0259y\u0259n ziyan&#8230;"},"content":{"rendered":"\n<p><\/p>\n\n\n\n<p><strong><em>Aidiyy\u0259ti qurumlar susur, m\u00fct\u0259x\u0259ssisl\u0259r h\u0259y\u0259can t\u0259bili \u00e7al\u0131r<\/em><\/strong><\/p>\n\n\n\n<p><em>&#8220;Yaz f\u0259slind\u0259n su q\u0131tl\u0131\u011f\u0131 hiss olunurdu. El\u0259 ki, yay f\u0259sli ba\u015flad\u0131, v\u0259ziyy\u0259t daha da \u00e7\u0259tinl\u0259\u015fdi. K\u0259ndl\u0259rin i\u00e7\u0259risind\u0259ki arxlarda iyul &#8211; avqust aylar\u0131nda nadir vaxt su tapmaq olur. Bir g\u00fcn su g\u0259lir az da olsa, 2-3\u00a0 h\u0259ft\u0259ni g\u00f6zl\u0259m\u0259li oluruq. Susuzluq bu yay \u00e7ox \u00f6z\u00fcn\u00fc g\u00f6st\u0259rdi&#8221;.<\/em><\/p>\n\n\n\n<p><strong>&#8220;Su tapm\u0131ram ki, istixanalar\u0131 suvar\u0131m&#8221;<\/strong><\/p>\n\n\n\n<p>G\u00f6y\u00e7ayl\u0131 k\u0259ndlil\u0259r su \u00fcz\u00fcn\u0259 h\u0259sr\u0259tdir. S\u00f6hb\u0259t suvarma suyundan gedir. Bir hektar ba\u011f\u0131, \u0259kini susuz qalan G\u00fcnd\u00fcz \u0130sayevi d\u0259&nbsp; narahat ed\u0259n budur.<\/p>\n\n\n\n<p>Deyir ki, rayonun 55 k\u0259ndinin \u0259ks\u0259riyy\u0259ti yayda suvarma suyu axtar\u0131\u015f\u0131nda olur ki, bu da \u00e7ox vaxt k\u0259ndlil\u0259rin \u0259ziyy\u0259tinin h\u0259d\u0259r getm\u0259si il\u0259 n\u0259tic\u0259l\u0259nir. Daha \u00e7ox rayondan 25-30 kilometr uzaq m\u0259saf\u0259d\u0259 yerl\u0259\u015f\u0259n k\u0259ndl\u0259rin sakinl\u0259ri problemi ciddi \u015f\u0259kild\u0259 ya\u015fay\u0131r. N\u0259 h\u0259y\u0259tyan\u0131&nbsp; \u0259kin, n\u0259 pay torpaqlar\u0131n\u0131 suvarma\u011fa su tapan k\u0259ndlil\u0259r bu il \u00e7\u0259kdikl\u0259ri \u0259ziyy\u0259tin h\u0259d\u0259r getdiyini deyirl\u0259r.<\/p>\n\n\n<div class=\"wp-block-image\">\n<figure class=\"aligncenter size-large\"><img decoding=\"async\" width=\"1200\" height=\"675\" data-src=\"https:\/\/www.meydan.tv\/wp-content\/uploads\/img-20230816-wa0141-1200x675.jpg\" alt=\"\" class=\"wp-image-283149 lazyload\" src=\"data:image\/svg+xml;base64,PHN2ZyB3aWR0aD0iMSIgaGVpZ2h0PSIxIiB4bWxucz0iaHR0cDovL3d3dy53My5vcmcvMjAwMC9zdmciPjwvc3ZnPg==\" style=\"--smush-placeholder-width: 1200px; --smush-placeholder-aspect-ratio: 1200\/675;\" \/><\/figure>\n<\/div>\n\n\n<p>\u018fn \u00e7ox \u0259ziyy\u0259ti istixanalar\u0131 olan k\u0259ndlil\u0259r \u00e7\u0259kir. 100 hektar pay torpaq sah\u0259si v\u0259 mind\u0259n \u00e7ox istixanas\u0131 olan M\u0131rt\u0131 -Al\u0131k\u0259nd sakinl\u0259ri suyun \u0259r\u015f\u0259 \u00e7\u0259kildiyini deyir. Onlar n\u0259inki \u0259kin\u0259, heyvana&nbsp; bel\u0259 i\u00e7m\u0259li su tapm\u0131rlar.<\/p>\n\n\n\n<p><em>&#8220;60 sot h\u0259y\u0259tyan\u0131 sah\u0259m var. D\u00f6rd istixanada pay\u0131zl\u0131q xiyar v\u0259 pomidor \u0259kdim. \u0130ki ayd\u0131r bec\u0259ril\u0259n \u015fitill\u0259r, gah \u00f6l\u00fcr, gah dirilir. Su tapm\u0131ram ki, istixanalar\u0131 suvar\u0131m. Mind\u0259n \u00e7ox \u015fitilim\u00a0 q\u0131zmar g\u00fcn\u0259\u015fd\u0259n yand\u0131, x\u0259st\u0259lik tapd\u0131. Pay\u0131zda m\u0259hsul \u00e7ox az olacaq. M\u0259cbur olub uzaq m\u0259saf\u0259d\u0259 olan, Qobu deyil\u0259n axar lilli sudan su \u00e7\u0259kdirmi\u015f\u0259m, onun da suyu azal\u0131b. Arx\u0131n i\u00e7ind\u0259 d\u0259rin hovuz qazm\u0131\u015fam, g\u00fcnl\u0259rl\u0259 oraya damla &#8211; damla t\u00f6k\u00fcl\u0259n su y\u0131\u011f\u0131l\u0131r, t\u0259hn\u0259l\u0259rd\u0259n, b\u0259r\u0259l\u0259rd\u0259n y\u0131\u011f\u0131l\u0131b qalan suyu\u00a0 heyvana i\u00e7irir\u0259m&#8221;,<\/em>&#8211; dey\u0259 k\u0259nd sakini Mobil Musayev bildirir.<\/p>\n\n\n\n<p><strong>&#8220;Bi\u00e7imlik ot\u00a0 da yoxdur&#8221;<\/strong><\/p>\n\n\n\n<p>Aylarla pay torpaqlar\u0131n\u0131 suvara bilm\u0259y\u0259n k\u0259ndlil\u0259r yay f\u0259slinin q\u0131zmar istisind\u0259n torpaqlar\u0131n \u00e7ox \u0259ziyy\u0259t \u00e7\u0259kdiyini bildirirl\u0259r. N\u0259tic\u0259d\u0259 suvar\u0131lmayan sah\u0259l\u0259rd\u0259 sal\u0131nan meyv\u0259 ba\u011flar\u0131 solub, ot sah\u0259l\u0259rind\u0259n is\u0259 3-4 d\u0259f\u0259 az ot ba\u011f\u0131 g\u00f6t\u00fcr\u00fcbl\u0259r. Bu is\u0259 pay\u0131zda&nbsp; ot v\u0259 m\u0259hsul&nbsp; q\u0131tl\u0131\u011f\u0131na s\u0259b\u0259b olacaq.<\/p>\n\n\n\n<p>Elcan \u018fliyev&nbsp; d\u0259&nbsp; \u00fc\u00e7 ayd\u0131r sah\u0259sini suvarma\u011fa su tapmayanlardand\u0131r:<\/p>\n\n\n<div class=\"wp-block-image\">\n<figure class=\"aligncenter size-large\"><img decoding=\"async\" width=\"1200\" height=\"675\" data-src=\"https:\/\/www.meydan.tv\/wp-content\/uploads\/img-20230627-wa0008-1200x675.jpg\" alt=\"\" class=\"wp-image-283152 lazyload\" src=\"data:image\/svg+xml;base64,PHN2ZyB3aWR0aD0iMSIgaGVpZ2h0PSIxIiB4bWxucz0iaHR0cDovL3d3dy53My5vcmcvMjAwMC9zdmciPjwvc3ZnPg==\" style=\"--smush-placeholder-width: 1200px; --smush-placeholder-aspect-ratio: 1200\/675;\" \/><\/figure>\n<\/div>\n\n\n<p>&#8220;<em>H\u0259r il pay torpa\u011f\u0131ndan 80-100 ba\u011flama ot g\u00f6t\u00fcr\u00fcrd\u00fcm. \u0130ndi ilk bi\u00e7imd\u0259 20 ba\u011flama g\u00f6t\u00fcrd\u00fcm. Sonrak\u0131 bi\u00e7iml\u0259rd\u0259 d\u0259 daha az. Pay\u0131za q\u0259d\u0259r bi\u00e7im olurdu, su yoxdursa, bi\u00e7imlik ot\u00a0 da yoxdur. \u018fkdiyim meyv\u0259 a\u011faclar\u0131ndan b\u0259zil\u0259ri qurudu. N\u0259 h\u0259v\u0259sl\u0259, \u0259ziyy\u0259tl\u0259 \u0259kmi\u015fdim. M\u0259hsulu da yoxdur. G\u0259lir\u0259m h\u0259r h\u0259ft\u0259 ki, suyu \u00e7\u0259kib ba\u011fa sal\u0131m, ya suvarma arx\u0131 quruyur, ya da daha \u0259vv\u0259ld\u0259n sakinl\u0259r suyu b\u0259nd qoyub \u00f6z sah\u0259sin\u0259 \u00e7\u0259kir dey\u0259 su z\u0259if g\u0259lir. O su il\u0259 ancaq h\u0259y\u0259td\u0259 i\u015f g\u00f6rm\u0259k olur, ba\u011f\u0131, sah\u0259ni suvarmaq olmur&#8221;.<\/em><\/p>\n\n\n\n<p><strong>&#8220;1700 hektar sah\u0259 suvarmadan \u0259ziyy\u0259t \u00e7\u0259kir&#8221;<\/strong><\/p>\n\n\n\n<p>G\u00f6y\u00e7ay k\u0259ndl\u0259rinin su m\u0259nb\u0259l\u0259ri&nbsp; G\u00f6y\u00e7ay \u00e7ay\u0131,&nbsp; Yuxar\u0131 \u015eirvan kanal\u0131 v\u0259 Yek\u0259xana su anbar\u0131d\u0131r. \u00c7aydan yararlananlar\u0131n say\u0131 \u00e7ox oldu\u011fundan suvarma&nbsp; i\u015fi daha q\u0259liz olur. \u00c7\u00fcnki \u00e7ay yata\u011f\u0131 ild\u0259n-il\u0259 daral\u0131r, quruyur, su ehtiyat\u0131 azal\u0131r. Ya\u011f\u0131nt\u0131n\u0131n az olmas\u0131 da \u00e7aydan su ehtiyat\u0131n\u0131 g\u00f6t\u00fcr\u0259n yax\u0131n k\u0259ndl\u0259rin i\u015fini \u00e7\u0259tinl\u0259\u015fdirir.<\/p>\n\n\n\n<p>Potu v\u0259 Ula\u015fl\u0131-\u015e\u0131xl\u0131 k\u0259nd sakinl\u0259ri d\u0259 susuzluqdan be\u015f ildir \u0259ziyy\u0259t \u00e7\u0259k\u0259nl\u0259rd\u0259ndir.<\/p>\n\n\n\n<figure class=\"wp-block-image size-large\"><img decoding=\"async\" width=\"1200\" height=\"675\" data-src=\"https:\/\/www.meydan.tv\/wp-content\/uploads\/img-20230816-wa0111-1200x675.jpg\" alt=\"\" class=\"wp-image-283146 lazyload\" src=\"data:image\/svg+xml;base64,PHN2ZyB3aWR0aD0iMSIgaGVpZ2h0PSIxIiB4bWxucz0iaHR0cDovL3d3dy53My5vcmcvMjAwMC9zdmciPjwvc3ZnPg==\" style=\"--smush-placeholder-width: 1200px; --smush-placeholder-aspect-ratio: 1200\/675;\" \/><\/figure>\n\n\n\n<p>B\u0259l\u0259diyy\u0259 s\u0259dri Zamiq \u0130brahimov deyir ki, son iki h\u0259ft\u0259d\u0259 k\u0259ndl\u0259rd\u0259 v\u0259ziyy\u0259t daha da kritikl\u0259\u015fib. \u0130ll\u0259rdir \u00e7aydan h\u0259min k\u0259ndl\u0259r\u0259 \u0259sasl\u0131&nbsp; su \u00e7\u0259kili\u015fi is\u0259 qada\u011fad\u0131r.<\/p>\n\n\n\n<p>&#8220;<em>Ya\u011f\u0131nt\u0131 olmad\u0131 dey\u0259 G\u00f6y\u00e7ay \u00e7ay\u0131nda su azald\u0131, bizim d\u00f6rd k\u0259nd\u0259 d\u0259 oradan su g\u0259lirdi. \u018fsas iki k\u0259ndd\u0259 v\u0259ziyy\u0259t kritikdir. 1700 hektar sah\u0259 suvarmadan \u0259ziyy\u0259t \u00e7\u0259kir.\u00a0 \u00dc\u00e7 min t\u0259s\u0259rr\u00fcfat sah\u0259si olan bu k\u0259ndl\u0259r be\u015f ildir sudan \u0259ziyy\u0259t \u00e7\u0259kir. \u00c7\u00fcnki \u0259vv\u0259l G\u00f6y\u00e7ay \u00e7ay\u0131n\u0131n\u00a0 k\u00f6rp\u00fcs\u00fcn\u00fcn alt\u0131nda\u00a0 b\u0259nd qurulmu\u015fdu, 2018-ci ilin selind\u0259 k\u00f6rp\u00fc u\u00e7du dey\u0259 su b\u0259ndini d\u0259 apard\u0131. Sonradan b\u0259nd qurma\u011fa icaz\u0259 verm\u0259dil\u0259r ki, \u015f\u0259h\u0259r s\u0131xla\u015f\u0131b, \u00f6z\u00fcn\u00fcn suya ehtiyac\u0131 var. Be\u015f ildir problem ya\u015fay\u0131r\u0131q. M\u00fcraci\u0259t etmi\u015fik, deyirl\u0259r, 700 min manatl\u0131q layih\u0259 var k\u00f6rp\u00fcn\u00fcn alt\u0131ndan su verilm\u0259si \u00fc\u00e7\u00fcn, ancaq i\u015f g\u00f6r\u00fclm\u00fcr h\u0259l\u0259&#8221;.<\/em><\/p>\n\n\n\n<p><strong>&#8220;\u0130ki min \u015fitil pomidor yand\u0131&#8221;<\/strong><\/p>\n\n\n\n<p>Alpoud, B\u0259yd\u00f6v\u00fcl v\u0259 L\u0259k\u00e7\u0131plaq kimi iri k\u0259ndl\u0259rd\u0259 is\u0259 minl\u0259rl\u0259 istilikxana, hektarla ba\u011f \u0259kini olan \u0259halinin m\u00fc\u0259yy\u0259n hiss\u0259si su tapd\u0131\u011f\u0131n\u0131, dig\u0259r hiss\u0259si is\u0259 ancaq yeralt\u0131 su ehtiyat\u0131 \u00fcm\u00fcd\u00fcn\u0259 \u0259kin \u0259kdiyini deyir.<\/p>\n\n\n\n<p>L\u0259k\u00e7\u0131plaq k\u0259nd sakini Elnur&nbsp; K\u0259rimov deyir ki, m\u0259hz susuzluqdan iki minlik pomidor \u0259kini m\u0259hv olub.<\/p>\n\n\n<div class=\"wp-block-image\">\n<figure class=\"aligncenter size-large\"><img decoding=\"async\" width=\"1200\" height=\"675\" data-src=\"https:\/\/www.meydan.tv\/wp-content\/uploads\/img-20230816-wa0148-1200x675.jpg\" alt=\"\" class=\"wp-image-283188 lazyload\" src=\"data:image\/svg+xml;base64,PHN2ZyB3aWR0aD0iMSIgaGVpZ2h0PSIxIiB4bWxucz0iaHR0cDovL3d3dy53My5vcmcvMjAwMC9zdmciPjwvc3ZnPg==\" style=\"--smush-placeholder-width: 1200px; --smush-placeholder-aspect-ratio: 1200\/675;\" \/><\/figure>\n<\/div>\n\n\n<p><em>&#8220;G\u00fccl\u00fc istil\u0259r birillik \u0259kini m\u0259hv el\u0259di. Sellofan\u0131n alt\u0131nda \u0259kil\u0259n b\u00fct\u00fcn \u015fitil\u0259 yand\u0131 k\u00f6k\u00fcnd\u0259n, \u00e7\u00fcnki 45-50 d\u0259r\u0259c\u0259 istidir, bu da sellofanla olur 100 d\u0259r\u0259c\u0259. Bitki o istid\u0259 nec\u0259 qals\u0131n? \u0130ki min \u015fitil pomidor yand\u0131, \u00e7\u0131xar\u0131b xiyar \u0259kdik. Xiyara da su laz\u0131md\u0131r, suyu tapmaq olmur. Z\u00fclml\u0259, \u201cka\u00e7alka\u201d \u00fcsulu il\u0259 su \u00e7\u0131xar\u0131r\u0131q yerin alt\u0131ndan. \u00c7aya, kanala yax\u0131n k\u0259ndl\u0259r, evl\u0259r suyu g\u00f6t\u00fcr\u00fcr, bu istid\u0259 dig\u0259r k\u0259ndl\u0259r\u0259 su \u00e7atm\u0131r.\u00a0 25-30 manata ald\u0131\u011f\u0131m\u0131z i\u00e7m\u0259li suyu m\u0259i\u015f\u0259td\u0259, \u0259kind\u0259 istifad\u0259 edirik. Pay\u0131zda m\u0259hsul q\u0131tl\u0131\u011f\u0131 \u00f6z\u00fcn\u00fc g\u00f6st\u0259r\u0259c\u0259k. Art\u0131q qiym\u0259tl\u0259rd\u0259 art\u0131m var&#8221;.<\/em><\/p>\n\n\n\n<p><strong>&#8220;N\u0259 \u0259kir\u0259m, yayda bat\u0131r&#8221;<\/strong><\/p>\n\n\n\n<p>\u00c7ax\u0131rl\u0131 k\u0259nd sakini B\u0259kir Qas\u0131mov da iki hektar pay torpa\u011f\u0131n\u0131 suvara bilm\u0259diyind\u0259n i\u015fi&nbsp; m\u0259hk\u0259m\u0259y\u0259 q\u0259d\u0259r gedib \u00e7\u0131x\u0131b. \u00c7\u00fcnki bir \u00e7ox pay torpaqlar\u0131n\u0131n birba\u015fa su ehtiyat\u0131na \u00e7\u0131x\u0131\u015f\u0131 yoxdur.<\/p>\n\n\n\n<p>&#8220;\u0130ki hektar pay torpa\u011f\u0131m var, tax\u0131l \u0259kmi\u015f\u0259m. \u00dc\u00e7 ildir qon\u015fum su vermir ki, m\u0259n onu suvar\u0131m. N\u0259 \u0259kir\u0259m, yayda bat\u0131r, q\u0131\u015fda yen\u0259 ya\u011f\u0131\u015f az-\u00e7ox suvar\u0131r. M\u0259hk\u0259m\u0259l\u0259rd\u0259 bel\u0259 oldum, lehim\u0259 \u00fc\u00e7 d\u0259f\u0259 q\u0259rar verildi, xeyri yoxdur, suyu vermirl\u0259r ki, suvar\u0131m. B\u0259zi torpaqlara su \u00e7atm\u0131r, ill\u0259rdir susuz qal\u0131r. B\u0259l\u0259diyy\u0259 d\u0259 k\u00f6m\u0259k ed\u0259 bilmir. Sad\u0259c\u0259 b\u0259zil\u0259ri olan &#8211; qalan suyu z\u0259bt edir, \u00e7\u0259kib g\u0259tir\u0259 bilmirs\u0259n. Onunku \u0259kindir, bizimki n\u0259dir?&#8221;<\/p>\n\n\n<div class=\"wp-block-image\">\n<figure class=\"aligncenter size-large\"><img decoding=\"async\" width=\"1200\" height=\"675\" data-src=\"https:\/\/www.meydan.tv\/wp-content\/uploads\/img-20230816-wa0153-1200x675.jpg\" alt=\"\" class=\"wp-image-283192 lazyload\" src=\"data:image\/svg+xml;base64,PHN2ZyB3aWR0aD0iMSIgaGVpZ2h0PSIxIiB4bWxucz0iaHR0cDovL3d3dy53My5vcmcvMjAwMC9zdmciPjwvc3ZnPg==\" style=\"--smush-placeholder-width: 1200px; --smush-placeholder-aspect-ratio: 1200\/675;\" \/><\/figure>\n<\/div>\n\n\n<p>&#8220;<strong>A\u011faclar susuzluqdan saral\u0131b solur&#8221;<\/strong><\/p>\n\n\n\n<p>Alpoud k\u0259nd sakini \u018fliheyd\u0259r Rzayev is\u0259 deyir ki, q\u0131zmar yay\u0131 n\u0259z\u0259r\u0259 al\u0131b k\u0259nd sakinl\u0259ri pay\u0131zl\u0131q \u0259kin \u0259km\u0259yibl\u0259r. \u00c7\u00fcnki k\u0259ndin su ehtiyat\u0131 \u0259kin\u0259 g\u00f6r\u0259 \u0259l\u00e7atmazd\u0131r.<\/p>\n\n\n\n<p><em>&#8220;Alpoud \u0259n s\u0259hra, \u0259n isti k\u0259nddir. Bizim k\u0259nd\u0259 Qobu deyil\u0259n su axar\u0131ndan g\u0259lir. B\u0259yd\u00f6v\u00fcl k\u0259ndinin d\u0259 m\u00fc\u0259yy\u0259n hiss\u0259si bizd\u0259n suvar\u0131r dey\u0259 problem \u00e7\u0259tinl\u0259\u015fir. \u0130nsanlar qorxdu, bu il pay\u0131zl\u0131q \u0259kin \u0259km\u0259di. K\u00fctl\u0259vi \u0259kin olsa, q\u0131tl\u0131q \u00e7ox g\u00f6st\u0259r\u0259rdi. \u00c7\u00fcnki t\u0259k Qobunun suyu il\u0259 \u00e7atd\u0131rmaq olmazd\u0131. Su g\u0259lir, ancaq lilli. \u0130ki min \u0259halisi var. \u0130stil\u0259r\u00a0\u00a0 ba\u011flara m\u0259nfi\u00a0 t\u0259sir g\u00f6st\u0259rib, a\u011faclar susuzluqdan saral\u0131b solur&#8221;.<\/em><\/p>\n\n\n<div class=\"wp-block-image\">\n<figure class=\"aligncenter size-full\"><img decoding=\"async\" width=\"1200\" height=\"675\" data-src=\"https:\/\/www.meydan.tv\/wp-content\/uploads\/img-20230816-wa0199.jpg\" alt=\"\" class=\"wp-image-283155 lazyload\" src=\"data:image\/svg+xml;base64,PHN2ZyB3aWR0aD0iMSIgaGVpZ2h0PSIxIiB4bWxucz0iaHR0cDovL3d3dy53My5vcmcvMjAwMC9zdmciPjwvc3ZnPg==\" style=\"--smush-placeholder-width: 1200px; --smush-placeholder-aspect-ratio: 1200\/675;\" \/><\/figure>\n<\/div>\n\n\n<p><strong>&#8220;Su q\u0131tl\u0131\u011f\u0131na do\u011fru gedirik&#8221;<\/strong><\/p>\n\n\n\n<p>G\u00f6y\u00e7ay Aqrar \u0130nki\u015faf M\u0259rk\u0259zinin r\u0259hb\u0259ri El\u00e7in \u0130smay\u0131lov Meydan TV-y\u0259&nbsp; rayonda su ehtiyat\u0131n\u0131n normal oldu\u011funu, ancaq artan&nbsp; t\u0259r\u0259v\u0259z\u00e7ilik v\u0259 ba\u011f\u00e7\u0131l\u0131qdan dolay\u0131 suvarmada n\u00f6vb\u0259lilik prosesinin pozuldu\u011funu deyib. \u018flav\u0259 edib ki, rayon \u00fczr\u0259 30 min \u0259kin sah\u0259sind\u0259n 26 mini suvar\u0131lan sah\u0259l\u0259rdir:<\/p>\n\n\n\n<p><em>&#8220;\u018fslind\u0259 \u00fc\u00e7 m\u0259nb\u0259yimizd\u0259 su ehtiyat\u0131 azalmay\u0131b. \u00c7aydan dem\u0259k olar b\u00fct\u00fcn k\u0259ndl\u0259r yararlan\u0131r. K\u00f6rp\u00fc u\u00e7andan sonra Potu &#8211; Ula\u015fl\u0131 k\u0259ndl\u0259rin\u0259 \u00e7aydan suyun verili\u015fi b\u0259rpa\u00a0 olunmay\u0131b. He\u00e7 yer d\u0259 qalmay\u0131b indi. Nazirl\u0259r Kabineti, Su Meliorasiya \u0130dar\u0259si \u0259raziy\u0259\u00a0 bax\u0131\u015f ke\u00e7irdi, b\u0259rpas\u0131 \u00fc\u00e7\u00fcn s\u00f6z verdil\u0259r. Ancaq biz d\u0259 bilmirik bu v\u0259d n\u0259 vaxt realla\u015facaq\u201d.<\/em><\/p>\n\n\n\n<figure class=\"wp-block-image size-large\"><img decoding=\"async\" width=\"1200\" height=\"675\" data-src=\"https:\/\/www.meydan.tv\/wp-content\/uploads\/img-20230816-wa0127-1200x675.jpg\" alt=\"\" class=\"wp-image-283170 lazyload\" src=\"data:image\/svg+xml;base64,PHN2ZyB3aWR0aD0iMSIgaGVpZ2h0PSIxIiB4bWxucz0iaHR0cDovL3d3dy53My5vcmcvMjAwMC9zdmciPjwvc3ZnPg==\" style=\"--smush-placeholder-width: 1200px; --smush-placeholder-aspect-ratio: 1200\/675;\" \/><\/figure>\n\n\n\n<p>\u201c<em>Su k\u0259ndl\u0259r\u0259 \u00e7at\u0131r, ancaq b\u00f6lg\u00fcs\u00fcn\u00fc, b\u0259rab\u0259r \u00e7at\u0131m\u0131n\u0131 d\u00fczg\u00fcn icra etmirl\u0259r. Su Meliorasiya \u0130dar\u0259sinin v\u0259 bizim qurumun i\u015fi suyu k\u0259nd\u0259 \u00e7atd\u0131rmaqd\u0131r. Qalan i\u015f k\u0259ndd\u0259ki qurum v\u0259 v\u0259t\u0259nda\u015flar\u0131n \u00fcz\u0259rin\u0259 d\u00fc\u015f\u00fcr. Su birlikl\u0259ri, b\u0259l\u0259diyy\u0259l\u0259r, icra n\u00fcmay\u0259nd\u0259likl\u0259ri, k\u0259ndlil\u0259r b\u00f6lg\u00fc v\u0259 n\u00f6vb\u0259lilik sistemi il\u0259 suvarman\u0131n t\u0259minat\u0131n\u0131 h\u0259yata ke\u00e7irm\u0259lidirl\u0259r. Kims\u0259 qar\u015f\u0131s\u0131n\u0131 al\u0131r, g\u00fcnl\u0259rl\u0259 b\u0259nd qoyur suvarma arx\u0131na, suyu m\u0259nims\u0259yir. N\u0259tic\u0259d\u0259 dig\u0259rl\u0259rinin \u0259kini, ba\u011f\u0131, heyvan\u0131\u00a0 susuz qal\u0131r. Meliorasiya \u0130dar\u0259sinin i\u015f\u00e7il\u0259ri d\u0259 s\u0259hl\u0259nkarl\u0131q edir, suvarma kanallar\u0131, arxlar\u0131 qaz\u0131lmal\u0131d\u0131r ki, hans\u0131sa k\u0259ndin sakinl\u0259ri sonra su problemi ya\u015famas\u0131n. N\u0259zar\u0259t olmal\u0131d\u0131r\u201d, &#8211; <\/em>El\u00e7in \u0130smay\u0131lov deyib.<\/p>\n\n\n\n<p>Onun s\u00f6zl\u0259rin\u0259 g\u00f6r\u0259, pay torpaqlar\u0131nda suyun \u00e7at\u0131\u015fmazl\u0131\u011f\u0131&nbsp; zaman\u0131nda torpaqlar\u0131n d\u00fczg\u00fcn b\u00f6l\u00fcnm\u0259m\u0259si, su h\u00f6vz\u0259l\u0259rin\u0259 \u00e7\u0131x\u0131\u015f\u0131n olmamas\u0131 il\u0259 ba\u011fl\u0131d\u0131r:<\/p>\n\n\n\n<p>\u201c<strong>\u0130slahat d\u00f6vr\u00fcnd\u0259 su axar\u0131n\u0131 da n\u0259z\u0259r\u0259 almal\u0131 idil\u0259r\u201d.<\/strong><\/p>\n\n\n\n<p>M\u0259rk\u0259z r\u0259hb\u0259ri k\u0259ndlil\u0259r\u0259 d\u0259y\u0259n ziyan\u0131 is\u0259 istid\u0259n m\u00fchafiz\u0259 t\u0259dbirl\u0259rinin g\u00f6r\u00fclm\u0259m\u0259si il\u0259 \u0259laq\u0259l\u0259ndirib:<\/p>\n\n\n<div class=\"wp-block-image\">\n<figure class=\"aligncenter size-large\"><img decoding=\"async\" width=\"1200\" height=\"675\" data-src=\"https:\/\/www.meydan.tv\/wp-content\/uploads\/img-20230816-wa0133-1200x675.jpg\" alt=\"\" class=\"wp-image-283173 lazyload\" src=\"data:image\/svg+xml;base64,PHN2ZyB3aWR0aD0iMSIgaGVpZ2h0PSIxIiB4bWxucz0iaHR0cDovL3d3dy53My5vcmcvMjAwMC9zdmciPjwvc3ZnPg==\" style=\"--smush-placeholder-width: 1200px; --smush-placeholder-aspect-ratio: 1200\/675;\" \/><\/figure>\n<\/div>\n\n\n<p><em>&#8220;D\u00fczd\u00fcr, bir m\u00fcdd\u0259t sel, da\u015fq\u0131nlar zaman\u0131 drenajlar\u0131 m\u0259cbur olub k\u0259sdik, bir h\u0259ft\u0259, on g\u00fcn sular o vaxt k\u0259sildi. Sonradan suyun azalmas\u0131 istil\u0259rl\u0259 ba\u011fl\u0131d\u0131r. Onsuz da su q\u0131tl\u0131\u011f\u0131na do\u011fru gedirik. \u00c7al\u0131\u015f\u0131r\u0131q ki, intensiv suvarma metoduna ke\u00e7irilsin. Son ay h\u0259m d\u0259 g\u00fccl\u00fc istil\u0259r oldu, bel\u0259 istil\u0259rl\u0259 m\u00fcbariz\u0259 t\u0259cr\u00fcb\u0259miz d\u0259 yoxdur. K\u0259ndl\u0259rd\u0259 \u0259kinl\u0259 ba\u011fl\u0131 ziyan oldusa istil\u0259rd\u0259n dolay\u0131, bunun da s\u0259b\u0259bkar\u0131 \u00f6zl\u0259ridir. \u00c7\u00fcnki istid\u0259n m\u00fchafiz\u0259 t\u0259dbirl\u0259ri g\u00f6r\u00fclm\u0259yib. \u0130stixanalar pal\u00e7\u0131q \u00f6rt\u00fckl\u0259, ya\u015f\u0131l bitki k\u00fctl\u0259si il\u0259 g\u00fcn\u0259\u015f \u015f\u00fcas\u0131ndan m\u00fchafiz\u0259 olunmal\u0131 idi. D\u0259rmanla, g\u00fcbr\u0259l\u0259rl\u0259 bu i\u015f olmaz&#8221;.<\/em><\/p>\n\n\n\n<p>G\u00f6y\u00e7ay Suvarma Sisteml\u0259ri \u0130dar\u0259sinin r\u0259hb\u0259ri Orxan Mahmudovdan is\u0259&nbsp; k\u0259ndlil\u0259rin ya\u015fad\u0131\u011f\u0131&nbsp; su problemi il\u0259 ba\u011fl\u0131 m\u00fcnasib\u0259t \u00f6yr\u0259nm\u0259k m\u00fcmk\u00fcn olmad\u0131. Edil\u0259n z\u0259ngl\u0259r v\u0259 g\u00f6nd\u0259ril\u0259n sor\u011fu cavabs\u0131z qald\u0131.<\/p>\n\n\n\n<p><strong>&#8220;M\u00fcasir suvarma sisteml\u0259rinin qurulmas\u0131 \u00fc\u00e7\u00fcn d\u00f6vl\u0259t proqram\u0131na ehtiyac var&#8221;<\/strong><\/p>\n\n\n\n<p>\u0130qtisad\u00e7\u0131 Natiq C\u0259f\u0259rli deyir ki, \u00f6lk\u0259d\u0259 i\u00e7m\u0259li su il\u0259 yana\u015f\u0131, suvarma suyu ciddi problemdir. Onun s\u00f6zl\u0259rin\u0259 g\u00f6r\u0259, yax\u0131n 20-30 ild\u0259 su \u00f6lk\u0259d\u0259 ciddi problem kimi ilk \u00fc\u00e7likd\u0259 olacaq. O, problemin h\u0259llini&nbsp; daxili su ehtiyat\u0131 itkisinin qar\u015f\u0131s\u0131n\u0131n al\u0131nmas\u0131 m\u0259qs\u0259dil\u0259&nbsp; d\u00f6vl\u0259tin h\u0259yata ke\u00e7ir\u0259c\u0259yi u\u011furlu t\u0259\u015fviq siyas\u0259tind\u0259 g\u00f6r\u00fcr. Hans\u0131 ki, ill\u0259rdir bu siyas\u0259t&nbsp; \u00f6z h\u0259llini tapm\u0131r, laqeyd m\u00fcnasib\u0259t b\u0259sl\u0259nilir:<\/p>\n\n\n<div class=\"wp-block-image\">\n<figure class=\"aligncenter size-large\"><img decoding=\"async\" width=\"1200\" height=\"675\" data-src=\"https:\/\/www.meydan.tv\/wp-content\/uploads\/img-20230816-wa0218-1200x675.jpg\" alt=\"\" class=\"wp-image-283164 lazyload\" src=\"data:image\/svg+xml;base64,PHN2ZyB3aWR0aD0iMSIgaGVpZ2h0PSIxIiB4bWxucz0iaHR0cDovL3d3dy53My5vcmcvMjAwMC9zdmciPjwvc3ZnPg==\" style=\"--smush-placeholder-width: 1200px; --smush-placeholder-aspect-ratio: 1200\/675;\" \/><\/figure>\n<\/div>\n\n\n<p>&#8220;<em>C\u0259nubi Qafqazda \u0259n az su m\u0259nb\u0259l\u0259ri olan \u00f6lk\u0259yik. \u018fhali \u00e7ox, su ehtiyat\u0131 azd\u0131r. H\u0259m d\u0259 m\u00f6vcud su m\u0259nb\u0259l\u0259rinin sonuncu istifad\u0259\u00e7isiyik. K\u00fcr v\u0259 Araz \u00e7aylar\u0131 dig\u0259r \u00f6lk\u0259l\u0259rd\u0259n ke\u00e7\u0259rk\u0259n kifay\u0259t q\u0259d\u0259r istifad\u0259 olunur. Biz\u0259 daha az istifad\u0259 imkan\u0131 yaran\u0131r. Buna g\u00f6r\u0259 d\u0259 su ehtiyat\u0131 ciddi problemdir. Ancaq daxili probleml\u0259r d\u0259 var. H\u0259l\u0259 d\u0259 suvarma kanallar\u0131n\u0131n \u00e7oxu\u00a0 torpaqd\u0131r. Bu da n\u0259ql olunark\u0259n suyun 40-45 faizinin itkisin\u0259 s\u0259b\u0259b olur. \u00d6lk\u0259daxili suvarma kanallar\u0131 beton v\u0259 d\u0259mir borulardan t\u0259\u015fkil olunmal\u0131d\u0131r ki, su itkisi olmas\u0131n\u201d.<\/em><\/p>\n\n\n\n<p><em>\u201c\u0130kinci ciddi problem odur ki, fermerl\u0259r, k\u0259ndlil\u0259r m\u00fcasir suvarma sisteml\u0259rin\u0259 malik deyill\u0259r. T\u0259\u0259ss\u00fcf ki, su resurslar\u0131ndan da effektiv istifad\u0259 etm\u0259k m\u00fcmk\u00fcn olmur. Bu da, ciddi itkil\u0259r\u0259 s\u0259b\u0259b olur. \u0130ri holdinql\u0259r, sahibkarlar istifad\u0259 edir. S\u0259b\u0259bi o deyil ki, k\u0259ndlil\u0259r\u00a0 bacarm\u0131r, s\u0259b\u0259bi o suvarma sisteml\u0259rinin baha olmas\u0131d\u0131r, \u0259l\u00e7atan deyil. Bu istiqam\u0259td\u0259 d\u00f6vl\u0259tin t\u0259\u015fviq siyas\u0259ti y\u00fcr\u00fctm\u0259si yax\u015f\u0131 olar\u201d,<\/em> &#8211; Natiq C\u0259f\u0259rli deyib.<\/p>\n\n\n<div class=\"wp-block-image\">\n<figure class=\"aligncenter size-large\"><img decoding=\"async\" width=\"1200\" height=\"675\" data-src=\"https:\/\/www.meydan.tv\/wp-content\/uploads\/img-20230816-wa0179-1200x675.jpg\" alt=\"\" class=\"wp-image-283195 lazyload\" src=\"data:image\/svg+xml;base64,PHN2ZyB3aWR0aD0iMSIgaGVpZ2h0PSIxIiB4bWxucz0iaHR0cDovL3d3dy53My5vcmcvMjAwMC9zdmciPjwvc3ZnPg==\" style=\"--smush-placeholder-width: 1200px; --smush-placeholder-aspect-ratio: 1200\/675;\" \/><\/figure>\n<\/div>\n\n\n<p>Onun fikrinc\u0259, fermerl\u0259r\u0259 uzunm\u00fcdd\u0259tli faizsiz kreditl\u0259r \u015f\u0259klind\u0259 m\u00fcasir suvarma sisteml\u0259rinin qurulmas\u0131 \u00fc\u00e7\u00fcn d\u00f6vl\u0259t proqram\u0131na ehtiyac var:<\/p>\n\n\n\n<p>\u201cDamc\u0131l\u0131, yaxud q\u0259na\u0259tli suvarma sistemi qurularsa, k\u0259ndlil\u0259r \u00fc\u00e7\u00fcn h\u0259m m\u0259hsuldarl\u0131\u011fa, h\u0259m su itkisinin qar\u015f\u0131s\u0131n\u0131n al\u0131nmas\u0131na effektiv t\u0259sir g\u00f6st\u0259r\u0259r&#8221;.<\/p>\n\n\n\n<p><strong>&#8220;Daxili bazarda qiym\u0259tl\u0259r artacaq&#8221;<\/strong><\/p>\n\n\n\n<p>Natiq C\u0259f\u0259rli d\u00fc\u015f\u00fcn\u00fcr ki, isti hava \u015f\u0259raiti il\u0259 \u0259laq\u0259dar k\u0259ndlil\u0259rin qar\u015f\u0131la\u015fd\u0131\u011f\u0131 ziyan\u0131n\u0131n bazara da ciddi t\u0259siri olacaq:<\/p>\n\n\n<div class=\"wp-block-image\">\n<figure class=\"aligncenter size-large\"><img decoding=\"async\" data-src=\"https:\/\/www.meydan.tv\/wp-content\/uploads\/natiq_cafarli-1200x800.jpg\" alt=\"Natiq C\u0259f\u0259rli\" class=\"wp-image-209935 lazyload\" src=\"data:image\/svg+xml;base64,PHN2ZyB3aWR0aD0iMSIgaGVpZ2h0PSIxIiB4bWxucz0iaHR0cDovL3d3dy53My5vcmcvMjAwMC9zdmciPjwvc3ZnPg==\" style=\"--smush-placeholder-width: 1200px; --smush-placeholder-aspect-ratio: 1200\/800;\" \/><figcaption class=\"wp-element-caption\">Foto: Meydan.TV<\/figcaption><\/figure>\n<\/div>\n\n\n<p><em>&#8220;\u0130sti hava \u015f\u0259raiti m\u0259hsulu m\u0259hv edibs\u0259, \u0259kil\u0259n m\u0259hsul azd\u0131rsa, qiym\u0259t d\u0259 artacaq.\u00a0 Son bir aydak\u0131\u00a0 isti hava \u015f\u0259raiti k\u0259nd t\u0259s\u0259rr\u00fcfat\u0131na t\u0259siri g\u00f6st\u0259rdiyi kimi bazara da t\u0259sir g\u00f6st\u0259rir. N\u0259z\u0259r\u0259 alsaq ki, \u00f6lk\u0259 k\u0259nd t\u0259s\u0259rr\u00fcfat\u0131 m\u0259hsullar\u0131n\u0131n ixrac\u0131na da maraql\u0131d\u0131r, onda birba\u015fa daxili bazarda qiym\u0259tl\u0259r artacaq&#8221;.<\/em><\/p>\n","protected":false},"excerpt":{"rendered":"<p>Aidiyy\u0259ti qurumlar susur, m\u00fct\u0259x\u0259ssisl\u0259r h\u0259y\u0259can t\u0259bili \u00e7al\u0131r &#8220;Yaz f\u0259slind\u0259n su &#8230; <\/p>\n<p class=\"read-more-container\"><a title=\"Anomal istil\u0259r, susuzluqdan \u0259ziyy\u0259t \u00e7\u0259k\u0259n k\u0259ndlil\u0259r, \u0259kin\u0259 d\u0259y\u0259n ziyan&#8230;\" class=\"read-more button\" href=\"https:\/\/www.meydan.tv\/az\/article\/anomal-istiler-susuzluqdan-eziyyet-ceken-kendliler-ekine-deyen-ziyan\/#more-283191\" aria-label=\"Read more about Anomal istil\u0259r, susuzluqdan \u0259ziyy\u0259t \u00e7\u0259k\u0259n k\u0259ndlil\u0259r, \u0259kin\u0259 d\u0259y\u0259n ziyan&#8230;\">Davam\u0131<\/a><\/p>\n","protected":false},"author":8,"featured_media":283185,"comment_status":"closed","ping_status":"closed","sticky":false,"template":"","format":"standard","meta":{"_acf_changed":false,"_sitemap_exclude":false,"_sitemap_priority":"","_sitemap_frequency":"","footnotes":""},"categories":[60,79,56],"tags":[],"class_list":["post-283191","post","type-post","status-publish","format-standard","has-post-thumbnail","hentry","category-bolge","category-featured","category-xeberler","infinite-scroll-item","generate-columns","tablet-grid-50","mobile-grid-100","grid-parent","grid-33","no-featured-image-padding"],"acf":[],"yoast_head":"<!-- This site is optimized with the Yoast SEO plugin v27.4 - https:\/\/yoast.com\/product\/yoast-seo-wordpress\/ -->\n<title>Anomal istil\u0259r, susuzluqdan \u0259ziyy\u0259t \u00e7\u0259k\u0259n k\u0259ndlil\u0259r, \u0259kin\u0259 d\u0259y\u0259n ziyan... - MEYDAN.TV<\/title>\n<meta name=\"robots\" content=\"index, follow, max-snippet:-1, max-image-preview:large, max-video-preview:-1\" \/>\n<link rel=\"canonical\" href=\"https:\/\/www.meydan.tv\/az\/article\/anomal-istiler-susuzluqdan-eziyyet-ceken-kendliler-ekine-deyen-ziyan\/\" \/>\n<meta property=\"og:locale\" content=\"az_AZ\" \/>\n<meta property=\"og:type\" content=\"article\" \/>\n<meta property=\"og:title\" content=\"Anomal istil\u0259r, susuzluqdan \u0259ziyy\u0259t \u00e7\u0259k\u0259n k\u0259ndlil\u0259r, \u0259kin\u0259 d\u0259y\u0259n ziyan... - MEYDAN.TV\" \/>\n<meta property=\"og:description\" content=\"Aidiyy\u0259ti qurumlar susur, m\u00fct\u0259x\u0259ssisl\u0259r h\u0259y\u0259can t\u0259bili \u00e7al\u0131r &#8220;Yaz f\u0259slind\u0259n su ... Davam\u0131\" \/>\n<meta property=\"og:url\" content=\"https:\/\/www.meydan.tv\/az\/article\/anomal-istiler-susuzluqdan-eziyyet-ceken-kendliler-ekine-deyen-ziyan\/\" \/>\n<meta property=\"og:site_name\" content=\"MEYDAN.TV\" \/>\n<meta property=\"article:published_time\" content=\"2023-08-25T07:42:41+00:00\" \/>\n<meta property=\"article:modified_time\" content=\"2023-08-25T07:42:44+00:00\" \/>\n<meta property=\"og:image\" content=\"https:\/\/www.meydan.tv\/wp-content\/uploads\/img-20230816-wa0226.jpg\" \/>\n\t<meta property=\"og:image:width\" content=\"1280\" \/>\n\t<meta property=\"og:image:height\" content=\"720\" \/>\n\t<meta property=\"og:image:type\" content=\"image\/jpeg\" \/>\n<meta name=\"author\" content=\"elli\" \/>\n<meta name=\"twitter:card\" content=\"summary_large_image\" \/>\n<meta name=\"twitter:creator\" content=\"@elli\" \/>\n<script type=\"application\/ld+json\" class=\"yoast-schema-graph\">{\"@context\":\"https:\\\/\\\/schema.org\",\"@graph\":[{\"@type\":\"Article\",\"@id\":\"https:\\\/\\\/www.meydan.tv\\\/az\\\/article\\\/anomal-istiler-susuzluqdan-eziyyet-ceken-kendliler-ekine-deyen-ziyan\\\/#article\",\"isPartOf\":{\"@id\":\"https:\\\/\\\/www.meydan.tv\\\/az\\\/article\\\/anomal-istiler-susuzluqdan-eziyyet-ceken-kendliler-ekine-deyen-ziyan\\\/\"},\"author\":{\"name\":\"elli\",\"@id\":\"https:\\\/\\\/www.meydan.tv\\\/az\\\/#\\\/schema\\\/person\\\/9cdbecf90d17180ce1dfbd95b08dcf47\"},\"headline\":\"Anomal istil\u0259r, susuzluqdan \u0259ziyy\u0259t \u00e7\u0259k\u0259n k\u0259ndlil\u0259r, \u0259kin\u0259 d\u0259y\u0259n ziyan&#8230;\",\"datePublished\":\"2023-08-25T07:42:41+00:00\",\"dateModified\":\"2023-08-25T07:42:44+00:00\",\"mainEntityOfPage\":{\"@id\":\"https:\\\/\\\/www.meydan.tv\\\/az\\\/article\\\/anomal-istiler-susuzluqdan-eziyyet-ceken-kendliler-ekine-deyen-ziyan\\\/\"},\"wordCount\":2487,\"publisher\":{\"@id\":\"https:\\\/\\\/www.meydan.tv\\\/az\\\/#organization\"},\"image\":{\"@id\":\"https:\\\/\\\/www.meydan.tv\\\/az\\\/article\\\/anomal-istiler-susuzluqdan-eziyyet-ceken-kendliler-ekine-deyen-ziyan\\\/#primaryimage\"},\"thumbnailUrl\":\"https:\\\/\\\/www.meydan.tv\\\/wp-content\\\/uploads\\\/img-20230816-wa0226.jpg\",\"articleSection\":[\"B\u00f6lg\u0259\",\"T\u00f6vsiy\u0259\",\"X\u0259b\u0259rl\u0259r\"],\"inLanguage\":\"az\"},{\"@type\":\"WebPage\",\"@id\":\"https:\\\/\\\/www.meydan.tv\\\/az\\\/article\\\/anomal-istiler-susuzluqdan-eziyyet-ceken-kendliler-ekine-deyen-ziyan\\\/\",\"url\":\"https:\\\/\\\/www.meydan.tv\\\/az\\\/article\\\/anomal-istiler-susuzluqdan-eziyyet-ceken-kendliler-ekine-deyen-ziyan\\\/\",\"name\":\"Anomal istil\u0259r, susuzluqdan \u0259ziyy\u0259t \u00e7\u0259k\u0259n k\u0259ndlil\u0259r, \u0259kin\u0259 d\u0259y\u0259n ziyan... - MEYDAN.TV\",\"isPartOf\":{\"@id\":\"https:\\\/\\\/www.meydan.tv\\\/az\\\/#website\"},\"primaryImageOfPage\":{\"@id\":\"https:\\\/\\\/www.meydan.tv\\\/az\\\/article\\\/anomal-istiler-susuzluqdan-eziyyet-ceken-kendliler-ekine-deyen-ziyan\\\/#primaryimage\"},\"image\":{\"@id\":\"https:\\\/\\\/www.meydan.tv\\\/az\\\/article\\\/anomal-istiler-susuzluqdan-eziyyet-ceken-kendliler-ekine-deyen-ziyan\\\/#primaryimage\"},\"thumbnailUrl\":\"https:\\\/\\\/www.meydan.tv\\\/wp-content\\\/uploads\\\/img-20230816-wa0226.jpg\",\"datePublished\":\"2023-08-25T07:42:41+00:00\",\"dateModified\":\"2023-08-25T07:42:44+00:00\",\"breadcrumb\":{\"@id\":\"https:\\\/\\\/www.meydan.tv\\\/az\\\/article\\\/anomal-istiler-susuzluqdan-eziyyet-ceken-kendliler-ekine-deyen-ziyan\\\/#breadcrumb\"},\"inLanguage\":\"az\",\"potentialAction\":[{\"@type\":\"ReadAction\",\"target\":[\"https:\\\/\\\/www.meydan.tv\\\/az\\\/article\\\/anomal-istiler-susuzluqdan-eziyyet-ceken-kendliler-ekine-deyen-ziyan\\\/\"]}]},{\"@type\":\"ImageObject\",\"inLanguage\":\"az\",\"@id\":\"https:\\\/\\\/www.meydan.tv\\\/az\\\/article\\\/anomal-istiler-susuzluqdan-eziyyet-ceken-kendliler-ekine-deyen-ziyan\\\/#primaryimage\",\"url\":\"https:\\\/\\\/www.meydan.tv\\\/wp-content\\\/uploads\\\/img-20230816-wa0226.jpg\",\"contentUrl\":\"https:\\\/\\\/www.meydan.tv\\\/wp-content\\\/uploads\\\/img-20230816-wa0226.jpg\",\"width\":1280,\"height\":720,\"caption\":\"Fotolar: Meydan TV\"},{\"@type\":\"BreadcrumbList\",\"@id\":\"https:\\\/\\\/www.meydan.tv\\\/az\\\/article\\\/anomal-istiler-susuzluqdan-eziyyet-ceken-kendliler-ekine-deyen-ziyan\\\/#breadcrumb\",\"itemListElement\":[{\"@type\":\"ListItem\",\"position\":1,\"name\":\"Ana s\u0259hif\u0259\",\"item\":\"https:\\\/\\\/www.meydan.tv\\\/az\\\/\"},{\"@type\":\"ListItem\",\"position\":2,\"name\":\"B\u00f6lg\u0259\",\"item\":\"https:\\\/\\\/www.meydan.tv\\\/az\\\/section\\\/bolge\\\/\"},{\"@type\":\"ListItem\",\"position\":3,\"name\":\"Anomal istil\u0259r, susuzluqdan \u0259ziyy\u0259t \u00e7\u0259k\u0259n k\u0259ndlil\u0259r, \u0259kin\u0259 d\u0259y\u0259n ziyan&#8230;\"}]},{\"@type\":\"WebSite\",\"@id\":\"https:\\\/\\\/www.meydan.tv\\\/az\\\/#website\",\"url\":\"https:\\\/\\\/www.meydan.tv\\\/az\\\/\",\"name\":\"MEYDAN.TV\",\"description\":\"Meydan TV Az\u0259rbaycan\u0131n media m\u0259kan\u0131ndak\u0131 alternativ s\u0259sidir\",\"publisher\":{\"@id\":\"https:\\\/\\\/www.meydan.tv\\\/az\\\/#organization\"},\"potentialAction\":[{\"@type\":\"SearchAction\",\"target\":{\"@type\":\"EntryPoint\",\"urlTemplate\":\"https:\\\/\\\/www.meydan.tv\\\/az\\\/?s={search_term_string}\"},\"query-input\":{\"@type\":\"PropertyValueSpecification\",\"valueRequired\":true,\"valueName\":\"search_term_string\"}}],\"inLanguage\":\"az\"},{\"@type\":\"Organization\",\"@id\":\"https:\\\/\\\/www.meydan.tv\\\/az\\\/#organization\",\"name\":\"Meydan TV\",\"url\":\"https:\\\/\\\/www.meydan.tv\\\/az\\\/\",\"logo\":{\"@type\":\"ImageObject\",\"inLanguage\":\"az\",\"@id\":\"https:\\\/\\\/www.meydan.tv\\\/az\\\/#\\\/schema\\\/logo\\\/image\\\/\",\"url\":\"https:\\\/\\\/www.meydan.tv\\\/wp-content\\\/uploads\\\/2021\\\/07\\\/meydan-logo.svg\",\"contentUrl\":\"https:\\\/\\\/www.meydan.tv\\\/wp-content\\\/uploads\\\/2021\\\/07\\\/meydan-logo.svg\",\"width\":195,\"height\":46,\"caption\":\"Meydan TV\"},\"image\":{\"@id\":\"https:\\\/\\\/www.meydan.tv\\\/az\\\/#\\\/schema\\\/logo\\\/image\\\/\"}},{\"@type\":\"Person\",\"@id\":\"https:\\\/\\\/www.meydan.tv\\\/az\\\/#\\\/schema\\\/person\\\/9cdbecf90d17180ce1dfbd95b08dcf47\",\"name\":\"elli\",\"sameAs\":[\"https:\\\/\\\/x.com\\\/elli\"]}]}<\/script>\n<!-- \/ Yoast SEO plugin. -->","yoast_head_json":{"title":"Anomal istil\u0259r, susuzluqdan \u0259ziyy\u0259t \u00e7\u0259k\u0259n k\u0259ndlil\u0259r, \u0259kin\u0259 d\u0259y\u0259n ziyan... - MEYDAN.TV","robots":{"index":"index","follow":"follow","max-snippet":"max-snippet:-1","max-image-preview":"max-image-preview:large","max-video-preview":"max-video-preview:-1"},"canonical":"https:\/\/www.meydan.tv\/az\/article\/anomal-istiler-susuzluqdan-eziyyet-ceken-kendliler-ekine-deyen-ziyan\/","og_locale":"az_AZ","og_type":"article","og_title":"Anomal istil\u0259r, susuzluqdan \u0259ziyy\u0259t \u00e7\u0259k\u0259n k\u0259ndlil\u0259r, \u0259kin\u0259 d\u0259y\u0259n ziyan... - MEYDAN.TV","og_description":"Aidiyy\u0259ti qurumlar susur, m\u00fct\u0259x\u0259ssisl\u0259r h\u0259y\u0259can t\u0259bili \u00e7al\u0131r &#8220;Yaz f\u0259slind\u0259n su ... Davam\u0131","og_url":"https:\/\/www.meydan.tv\/az\/article\/anomal-istiler-susuzluqdan-eziyyet-ceken-kendliler-ekine-deyen-ziyan\/","og_site_name":"MEYDAN.TV","article_published_time":"2023-08-25T07:42:41+00:00","article_modified_time":"2023-08-25T07:42:44+00:00","og_image":[{"width":1280,"height":720,"url":"https:\/\/www.meydan.tv\/wp-content\/uploads\/img-20230816-wa0226.jpg","type":"image\/jpeg"}],"author":"elli","twitter_card":"summary_large_image","twitter_creator":"@elli","schema":{"@context":"https:\/\/schema.org","@graph":[{"@type":"Article","@id":"https:\/\/www.meydan.tv\/az\/article\/anomal-istiler-susuzluqdan-eziyyet-ceken-kendliler-ekine-deyen-ziyan\/#article","isPartOf":{"@id":"https:\/\/www.meydan.tv\/az\/article\/anomal-istiler-susuzluqdan-eziyyet-ceken-kendliler-ekine-deyen-ziyan\/"},"author":{"name":"elli","@id":"https:\/\/www.meydan.tv\/az\/#\/schema\/person\/9cdbecf90d17180ce1dfbd95b08dcf47"},"headline":"Anomal istil\u0259r, susuzluqdan \u0259ziyy\u0259t \u00e7\u0259k\u0259n k\u0259ndlil\u0259r, \u0259kin\u0259 d\u0259y\u0259n ziyan&#8230;","datePublished":"2023-08-25T07:42:41+00:00","dateModified":"2023-08-25T07:42:44+00:00","mainEntityOfPage":{"@id":"https:\/\/www.meydan.tv\/az\/article\/anomal-istiler-susuzluqdan-eziyyet-ceken-kendliler-ekine-deyen-ziyan\/"},"wordCount":2487,"publisher":{"@id":"https:\/\/www.meydan.tv\/az\/#organization"},"image":{"@id":"https:\/\/www.meydan.tv\/az\/article\/anomal-istiler-susuzluqdan-eziyyet-ceken-kendliler-ekine-deyen-ziyan\/#primaryimage"},"thumbnailUrl":"https:\/\/www.meydan.tv\/wp-content\/uploads\/img-20230816-wa0226.jpg","articleSection":["B\u00f6lg\u0259","T\u00f6vsiy\u0259","X\u0259b\u0259rl\u0259r"],"inLanguage":"az"},{"@type":"WebPage","@id":"https:\/\/www.meydan.tv\/az\/article\/anomal-istiler-susuzluqdan-eziyyet-ceken-kendliler-ekine-deyen-ziyan\/","url":"https:\/\/www.meydan.tv\/az\/article\/anomal-istiler-susuzluqdan-eziyyet-ceken-kendliler-ekine-deyen-ziyan\/","name":"Anomal istil\u0259r, susuzluqdan \u0259ziyy\u0259t \u00e7\u0259k\u0259n k\u0259ndlil\u0259r, \u0259kin\u0259 d\u0259y\u0259n ziyan... - MEYDAN.TV","isPartOf":{"@id":"https:\/\/www.meydan.tv\/az\/#website"},"primaryImageOfPage":{"@id":"https:\/\/www.meydan.tv\/az\/article\/anomal-istiler-susuzluqdan-eziyyet-ceken-kendliler-ekine-deyen-ziyan\/#primaryimage"},"image":{"@id":"https:\/\/www.meydan.tv\/az\/article\/anomal-istiler-susuzluqdan-eziyyet-ceken-kendliler-ekine-deyen-ziyan\/#primaryimage"},"thumbnailUrl":"https:\/\/www.meydan.tv\/wp-content\/uploads\/img-20230816-wa0226.jpg","datePublished":"2023-08-25T07:42:41+00:00","dateModified":"2023-08-25T07:42:44+00:00","breadcrumb":{"@id":"https:\/\/www.meydan.tv\/az\/article\/anomal-istiler-susuzluqdan-eziyyet-ceken-kendliler-ekine-deyen-ziyan\/#breadcrumb"},"inLanguage":"az","potentialAction":[{"@type":"ReadAction","target":["https:\/\/www.meydan.tv\/az\/article\/anomal-istiler-susuzluqdan-eziyyet-ceken-kendliler-ekine-deyen-ziyan\/"]}]},{"@type":"ImageObject","inLanguage":"az","@id":"https:\/\/www.meydan.tv\/az\/article\/anomal-istiler-susuzluqdan-eziyyet-ceken-kendliler-ekine-deyen-ziyan\/#primaryimage","url":"https:\/\/www.meydan.tv\/wp-content\/uploads\/img-20230816-wa0226.jpg","contentUrl":"https:\/\/www.meydan.tv\/wp-content\/uploads\/img-20230816-wa0226.jpg","width":1280,"height":720,"caption":"Fotolar: Meydan TV"},{"@type":"BreadcrumbList","@id":"https:\/\/www.meydan.tv\/az\/article\/anomal-istiler-susuzluqdan-eziyyet-ceken-kendliler-ekine-deyen-ziyan\/#breadcrumb","itemListElement":[{"@type":"ListItem","position":1,"name":"Ana s\u0259hif\u0259","item":"https:\/\/www.meydan.tv\/az\/"},{"@type":"ListItem","position":2,"name":"B\u00f6lg\u0259","item":"https:\/\/www.meydan.tv\/az\/section\/bolge\/"},{"@type":"ListItem","position":3,"name":"Anomal istil\u0259r, susuzluqdan \u0259ziyy\u0259t \u00e7\u0259k\u0259n k\u0259ndlil\u0259r, \u0259kin\u0259 d\u0259y\u0259n ziyan&#8230;"}]},{"@type":"WebSite","@id":"https:\/\/www.meydan.tv\/az\/#website","url":"https:\/\/www.meydan.tv\/az\/","name":"MEYDAN.TV","description":"Meydan TV Az\u0259rbaycan\u0131n media m\u0259kan\u0131ndak\u0131 alternativ s\u0259sidir","publisher":{"@id":"https:\/\/www.meydan.tv\/az\/#organization"},"potentialAction":[{"@type":"SearchAction","target":{"@type":"EntryPoint","urlTemplate":"https:\/\/www.meydan.tv\/az\/?s={search_term_string}"},"query-input":{"@type":"PropertyValueSpecification","valueRequired":true,"valueName":"search_term_string"}}],"inLanguage":"az"},{"@type":"Organization","@id":"https:\/\/www.meydan.tv\/az\/#organization","name":"Meydan TV","url":"https:\/\/www.meydan.tv\/az\/","logo":{"@type":"ImageObject","inLanguage":"az","@id":"https:\/\/www.meydan.tv\/az\/#\/schema\/logo\/image\/","url":"https:\/\/www.meydan.tv\/wp-content\/uploads\/2021\/07\/meydan-logo.svg","contentUrl":"https:\/\/www.meydan.tv\/wp-content\/uploads\/2021\/07\/meydan-logo.svg","width":195,"height":46,"caption":"Meydan TV"},"image":{"@id":"https:\/\/www.meydan.tv\/az\/#\/schema\/logo\/image\/"}},{"@type":"Person","@id":"https:\/\/www.meydan.tv\/az\/#\/schema\/person\/9cdbecf90d17180ce1dfbd95b08dcf47","name":"elli","sameAs":["https:\/\/x.com\/elli"]}]}},"_links":{"self":[{"href":"https:\/\/www.meydan.tv\/az\/wp-json\/wp\/v2\/posts\/283191","targetHints":{"allow":["GET"]}}],"collection":[{"href":"https:\/\/www.meydan.tv\/az\/wp-json\/wp\/v2\/posts"}],"about":[{"href":"https:\/\/www.meydan.tv\/az\/wp-json\/wp\/v2\/types\/post"}],"author":[{"embeddable":true,"href":"https:\/\/www.meydan.tv\/az\/wp-json\/wp\/v2\/users\/8"}],"replies":[{"embeddable":true,"href":"https:\/\/www.meydan.tv\/az\/wp-json\/wp\/v2\/comments?post=283191"}],"version-history":[{"count":1,"href":"https:\/\/www.meydan.tv\/az\/wp-json\/wp\/v2\/posts\/283191\/revisions"}],"predecessor-version":[{"id":283198,"href":"https:\/\/www.meydan.tv\/az\/wp-json\/wp\/v2\/posts\/283191\/revisions\/283198"}],"wp:featuredmedia":[{"embeddable":true,"href":"https:\/\/www.meydan.tv\/az\/wp-json\/wp\/v2\/media\/283185"}],"wp:attachment":[{"href":"https:\/\/www.meydan.tv\/az\/wp-json\/wp\/v2\/media?parent=283191"}],"wp:term":[{"taxonomy":"category","embeddable":true,"href":"https:\/\/www.meydan.tv\/az\/wp-json\/wp\/v2\/categories?post=283191"},{"taxonomy":"post_tag","embeddable":true,"href":"https:\/\/www.meydan.tv\/az\/wp-json\/wp\/v2\/tags?post=283191"}],"curies":[{"name":"wp","href":"https:\/\/api.w.org\/{rel}","templated":true}]}}