{"id":283076,"date":"2023-08-24T13:19:58","date_gmt":"2023-08-24T09:19:58","guid":{"rendered":"https:\/\/www.meydan.tv\/?p=283076"},"modified":"2023-08-24T13:20:03","modified_gmt":"2023-08-24T09:20:03","slug":"jurnalist-cemil-memmedli-mehkeme-zalinda-hebs-olundu","status":"publish","type":"post","link":"https:\/\/www.meydan.tv\/az\/article\/jurnalist-cemil-memmedli-mehkeme-zalinda-hebs-olundu\/","title":{"rendered":"Jurnalist C\u0259mil M\u0259mm\u0259dli m\u0259hk\u0259m\u0259 zal\u0131nda h\u0259bs olundu"},"content":{"rendered":"\n<p><\/p>\n\n\n\n<p><strong><em>Z\u0259r\u0259r\u00e7\u0259k\u0259nl\u0259r polisin n\u0259zar\u0259tin\u0259 verm\u0259nin h\u0259bs q\u0259timkan t\u0259dbiri il\u0259 \u0259v\u0259z olunmas\u0131n\u0131 ist\u0259yibl\u0259r<\/em><\/strong><\/p>\n\n\n\n<p>Avqustun 24-d\u0259 Sumqay\u0131t \u015e\u0259h\u0259r A\u011f\u0131r Cinay\u0259tl\u0259r M\u0259hk\u0259m\u0259si jurnalist C\u0259mil M\u0259mm\u0259dli haqda h\u0259bs q\u0259rar\u0131 \u00e7\u0131xar\u0131b. Jurnalist m\u0259hk\u0259m\u0259 zal\u0131ndaca h\u0259bs edilib. <\/p>\n\n\n\n<p>Bu bar\u0259d\u0259 Meydan TV-y\u0259 jurnalistin v\u0259kili Fariz Namazl\u0131 a\u00e7\u0131qlama verib.<\/p>\n\n\n\n<p>Fariz Namazl\u0131 bildirib ki, C\u0259mil M\u0259mm\u0259dli Cinay\u0259t M\u0259c\u0259ll\u0259sinin 178.2.4, 182.2.1, 182.2.2 v\u0259 221.2.2 madd\u0259l\u0259ri (h\u0259d\u0259-qorxu il\u0259 t\u0259l\u0259b etm\u0259, xuliqanl\u0131q, d\u0259l\u0259duzluq) il\u0259 ittiham olunurdu. <\/p>\n\n\n\n<p>V\u0259kilin s\u00f6zl\u0259run\u0259 g\u00f6r\u0259, hakim F\u0259hmin H\u00fcmb\u0259tovun s\u0259drliyi il\u0259 ke\u00e7iril\u0259n haz\u0131rl\u0131q iclas\u0131nda d\u00f6vl\u0259t ittiham\u00e7\u0131s\u0131 v\u0259 z\u0259r\u0259r\u00e7\u0259k\u0259nl\u0259r polisin n\u0259zar\u0259tin\u0259 verm\u0259nin h\u0259bs q\u0259timkan t\u0259dbiri il\u0259 \u0259v\u0259z olunmas\u0131 v\u0259sat\u0259tini qald\u0131r\u0131blar:<\/p>\n\n\n\n<p><em>\u201cOnlar iddia edirdil\u0259r ki, C\u0259mil M\u0259mm\u0259dli proses i\u015ftirak\u00e7\u0131lar\u0131na media v\u0259 sosial \u015f\u0259b\u0259k\u0259l\u0259r vasit\u0259sil\u0259 t\u0259zyiq edir. Bundan sonra C\u0259mil M\u0259mm\u0259dli m\u0259hk\u0259m\u0259 zal\u0131nda h\u0259bs olundu\u201d.<\/em><\/p>\n\n\n\n<p>&nbsp;F.Namazl\u0131 deyib ki, m\u0259hk\u0259m\u0259 h\u00f6km \u00e7\u0131xarana q\u0259d\u0259r C.M\u0259mm\u0259dli h\u0259bsd\u0259 qalacaq. V\u0259kil onu da bildirib ki, jurnalist\u0259 qar\u015f\u0131 bir ne\u00e7\u0259 n\u0259f\u0259r \u015fikay\u0259t\u00e7idir:<\/p>\n\n\n<div class=\"wp-block-image\">\n<figure class=\"aligncenter size-full\"><img decoding=\"async\" width=\"987\" height=\"555\" data-src=\"https:\/\/www.meydan.tv\/wp-content\/uploads\/24969.jpg\" alt=\"Fariz Namazl\u0131\" class=\"wp-image-65208 lazyload\" src=\"data:image\/svg+xml;base64,PHN2ZyB3aWR0aD0iMSIgaGVpZ2h0PSIxIiB4bWxucz0iaHR0cDovL3d3dy53My5vcmcvMjAwMC9zdmciPjwvc3ZnPg==\" style=\"--smush-placeholder-width: 987px; --smush-placeholder-aspect-ratio: 987\/555;\" \/><figcaption class=\"wp-element-caption\">Foto: Fariz Namazl\u0131n\u0131n \u015f\u0259xsi arxivind\u0259n<\/figcaption><\/figure>\n<\/div>\n\n\n<p>\u201c<em>\u018fsas\u0259n H\u0259bibovlar ail\u0259sidir, onlar\u0131n anas\u0131 2010-cu ild\u0259 \u00f6ld\u00fcr\u00fcl\u00fcb, indiy\u0259 q\u0259d\u0259r d\u0259 q\u0259tlin \u00fcst\u00fc a\u00e7\u0131lmay\u0131b. Ail\u0259 iddia edir ki, guya, C\u0259mil M\u0259mm\u0259dli onlar\u0131n etimad\u0131ndan sui-istifad\u0259 ed\u0259r\u0259k 10 min manat al\u0131b, amma qaytarmay\u0131b. Y\u0259ni konflikt \u0259sas\u0259n H\u0259bibovlar ail\u0259sil\u0259dir v\u0259 onlar da C\u0259mil M\u0259mm\u0259dlini h\u0259bs etdirm\u0259k ist\u0259yirl\u0259r. Buna g\u00f6r\u0259 d\u0259 Xa\u00e7maz Rayon M\u0259hk\u0259m\u0259sin\u0259 x\u00fcsusi ittiham qaydas\u0131nda \u015fikay\u0259t veribl\u0259r. M\u0259hk\u0259m\u0259 islah i\u015fl\u0259ri haqda q\u0259rar \u00e7\u0131xarandan sonra apelyasiya \u015fikay\u0259ti verdil\u0259r ki, jurnalist h\u0259bs olunsun\u201d.<\/em><\/p>\n\n\n\n<p>C\u0259mil M\u0259mm\u0259dli \u00f6lk\u0259nin \u015fimal b\u00f6lg\u0259sind\u0259 f\u0259aliyy\u0259t g\u00f6st\u0259r\u0259n jurnalistdir. O, bir m\u00fcdd\u0259t \u0259vv\u0259l Quba Rayon \u0130cra Hakimiyy\u0259tinin ba\u015f\u00e7\u0131s\u0131n\u0131n \u015fikay\u0259ti \u00fczr\u0259 islah i\u015fl\u0259ri c\u0259zas\u0131na m\u0259hkum olunub. <\/p>\n\n\n\n<p>2023-c\u00fc ilin \u0259vv\u0259lind\u0259 is\u0259 ona qar\u015f\u0131 b\u00f6htan v\u0259 t\u0259hqir ittiham\u0131 il\u0259 bir ne\u00e7\u0259 m\u0259hk\u0259m\u0259 i\u015fi ba\u015flay\u0131b. Jurnalist\u0259 h\u0259m\u00e7inin xuliqanl\u0131\u011fa g\u00f6r\u0259 cinay\u0259t i\u015fi a\u00e7\u0131l\u0131b. Jurnalist b\u00fct\u00fcn ittihamlar\u0131 r\u0259dd edir, t\u0259zyiql\u0259rin onu susdurma\u011fa, s\u0131radan \u00e7\u0131xarma\u011fa xidm\u0259t etdiyini bildirir.<\/p>\n","protected":false},"excerpt":{"rendered":"<p>Z\u0259r\u0259r\u00e7\u0259k\u0259nl\u0259r polisin n\u0259zar\u0259tin\u0259 verm\u0259nin h\u0259bs q\u0259timkan t\u0259dbiri il\u0259 \u0259v\u0259z olunmas\u0131n\u0131 &#8230; <\/p>\n<p class=\"read-more-container\"><a title=\"Jurnalist C\u0259mil M\u0259mm\u0259dli m\u0259hk\u0259m\u0259 zal\u0131nda h\u0259bs olundu\" class=\"read-more button\" href=\"https:\/\/www.meydan.tv\/az\/article\/jurnalist-cemil-memmedli-mehkeme-zalinda-hebs-olundu\/#more-283076\" aria-label=\"Read more about Jurnalist C\u0259mil M\u0259mm\u0259dli m\u0259hk\u0259m\u0259 zal\u0131nda h\u0259bs olundu\">Davam\u0131<\/a><\/p>\n","protected":false},"author":8,"featured_media":245436,"comment_status":"closed","ping_status":"closed","sticky":false,"template":"","format":"standard","meta":{"_acf_changed":false,"_sitemap_exclude":false,"_sitemap_priority":"","_sitemap_frequency":"","footnotes":""},"categories":[60,56],"tags":[],"class_list":["post-283076","post","type-post","status-publish","format-standard","has-post-thumbnail","hentry","category-bolge","category-xeberler","infinite-scroll-item","generate-columns","tablet-grid-50","mobile-grid-100","grid-parent","grid-33","no-featured-image-padding"],"acf":[],"yoast_head":"<!-- This site is optimized with the Yoast SEO plugin v27.4 - https:\/\/yoast.com\/product\/yoast-seo-wordpress\/ -->\n<title>Jurnalist C\u0259mil M\u0259mm\u0259dli m\u0259hk\u0259m\u0259 zal\u0131nda h\u0259bs olundu - MEYDAN.TV<\/title>\n<meta name=\"robots\" content=\"index, follow, max-snippet:-1, max-image-preview:large, max-video-preview:-1\" \/>\n<link rel=\"canonical\" href=\"https:\/\/www.meydan.tv\/az\/article\/jurnalist-cemil-memmedli-mehkeme-zalinda-hebs-olundu\/\" \/>\n<meta property=\"og:locale\" content=\"az_AZ\" \/>\n<meta property=\"og:type\" content=\"article\" \/>\n<meta property=\"og:title\" content=\"Jurnalist C\u0259mil M\u0259mm\u0259dli m\u0259hk\u0259m\u0259 zal\u0131nda h\u0259bs olundu - MEYDAN.TV\" \/>\n<meta property=\"og:description\" content=\"Z\u0259r\u0259r\u00e7\u0259k\u0259nl\u0259r polisin n\u0259zar\u0259tin\u0259 verm\u0259nin h\u0259bs q\u0259timkan t\u0259dbiri il\u0259 \u0259v\u0259z olunmas\u0131n\u0131 ... Davam\u0131\" \/>\n<meta property=\"og:url\" content=\"https:\/\/www.meydan.tv\/az\/article\/jurnalist-cemil-memmedli-mehkeme-zalinda-hebs-olundu\/\" \/>\n<meta property=\"og:site_name\" content=\"MEYDAN.TV\" \/>\n<meta property=\"article:published_time\" content=\"2023-08-24T09:19:58+00:00\" \/>\n<meta property=\"article:modified_time\" content=\"2023-08-24T09:20:03+00:00\" \/>\n<meta property=\"og:image\" content=\"https:\/\/www.meydan.tv\/wp-content\/uploads\/untitled-design-2-26-e1652791597335.jpg\" \/>\n\t<meta property=\"og:image:width\" content=\"1200\" \/>\n\t<meta property=\"og:image:height\" content=\"708\" \/>\n\t<meta property=\"og:image:type\" content=\"image\/jpeg\" \/>\n<meta name=\"author\" content=\"elli\" \/>\n<meta name=\"twitter:card\" content=\"summary_large_image\" \/>\n<meta name=\"twitter:creator\" content=\"@elli\" \/>\n<script type=\"application\/ld+json\" class=\"yoast-schema-graph\">{\"@context\":\"https:\\\/\\\/schema.org\",\"@graph\":[{\"@type\":\"Article\",\"@id\":\"https:\\\/\\\/www.meydan.tv\\\/az\\\/article\\\/jurnalist-cemil-memmedli-mehkeme-zalinda-hebs-olundu\\\/#article\",\"isPartOf\":{\"@id\":\"https:\\\/\\\/www.meydan.tv\\\/az\\\/article\\\/jurnalist-cemil-memmedli-mehkeme-zalinda-hebs-olundu\\\/\"},\"author\":{\"name\":\"elli\",\"@id\":\"https:\\\/\\\/www.meydan.tv\\\/az\\\/#\\\/schema\\\/person\\\/9cdbecf90d17180ce1dfbd95b08dcf47\"},\"headline\":\"Jurnalist C\u0259mil M\u0259mm\u0259dli m\u0259hk\u0259m\u0259 zal\u0131nda h\u0259bs olundu\",\"datePublished\":\"2023-08-24T09:19:58+00:00\",\"dateModified\":\"2023-08-24T09:20:03+00:00\",\"mainEntityOfPage\":{\"@id\":\"https:\\\/\\\/www.meydan.tv\\\/az\\\/article\\\/jurnalist-cemil-memmedli-mehkeme-zalinda-hebs-olundu\\\/\"},\"wordCount\":497,\"publisher\":{\"@id\":\"https:\\\/\\\/www.meydan.tv\\\/az\\\/#organization\"},\"image\":{\"@id\":\"https:\\\/\\\/www.meydan.tv\\\/az\\\/article\\\/jurnalist-cemil-memmedli-mehkeme-zalinda-hebs-olundu\\\/#primaryimage\"},\"thumbnailUrl\":\"https:\\\/\\\/www.meydan.tv\\\/wp-content\\\/uploads\\\/untitled-design-2-26-e1652791597335.jpg\",\"articleSection\":[\"B\u00f6lg\u0259\",\"X\u0259b\u0259rl\u0259r\"],\"inLanguage\":\"az\"},{\"@type\":\"WebPage\",\"@id\":\"https:\\\/\\\/www.meydan.tv\\\/az\\\/article\\\/jurnalist-cemil-memmedli-mehkeme-zalinda-hebs-olundu\\\/\",\"url\":\"https:\\\/\\\/www.meydan.tv\\\/az\\\/article\\\/jurnalist-cemil-memmedli-mehkeme-zalinda-hebs-olundu\\\/\",\"name\":\"Jurnalist C\u0259mil M\u0259mm\u0259dli m\u0259hk\u0259m\u0259 zal\u0131nda h\u0259bs olundu - MEYDAN.TV\",\"isPartOf\":{\"@id\":\"https:\\\/\\\/www.meydan.tv\\\/az\\\/#website\"},\"primaryImageOfPage\":{\"@id\":\"https:\\\/\\\/www.meydan.tv\\\/az\\\/article\\\/jurnalist-cemil-memmedli-mehkeme-zalinda-hebs-olundu\\\/#primaryimage\"},\"image\":{\"@id\":\"https:\\\/\\\/www.meydan.tv\\\/az\\\/article\\\/jurnalist-cemil-memmedli-mehkeme-zalinda-hebs-olundu\\\/#primaryimage\"},\"thumbnailUrl\":\"https:\\\/\\\/www.meydan.tv\\\/wp-content\\\/uploads\\\/untitled-design-2-26-e1652791597335.jpg\",\"datePublished\":\"2023-08-24T09:19:58+00:00\",\"dateModified\":\"2023-08-24T09:20:03+00:00\",\"breadcrumb\":{\"@id\":\"https:\\\/\\\/www.meydan.tv\\\/az\\\/article\\\/jurnalist-cemil-memmedli-mehkeme-zalinda-hebs-olundu\\\/#breadcrumb\"},\"inLanguage\":\"az\",\"potentialAction\":[{\"@type\":\"ReadAction\",\"target\":[\"https:\\\/\\\/www.meydan.tv\\\/az\\\/article\\\/jurnalist-cemil-memmedli-mehkeme-zalinda-hebs-olundu\\\/\"]}]},{\"@type\":\"ImageObject\",\"inLanguage\":\"az\",\"@id\":\"https:\\\/\\\/www.meydan.tv\\\/az\\\/article\\\/jurnalist-cemil-memmedli-mehkeme-zalinda-hebs-olundu\\\/#primaryimage\",\"url\":\"https:\\\/\\\/www.meydan.tv\\\/wp-content\\\/uploads\\\/untitled-design-2-26-e1652791597335.jpg\",\"contentUrl\":\"https:\\\/\\\/www.meydan.tv\\\/wp-content\\\/uploads\\\/untitled-design-2-26-e1652791597335.jpg\",\"width\":1200,\"height\":708,\"caption\":\"C\u0259mil M\u0259mm\u0259dli. M\u0259nb\u0259: Media H\u00fcququ \u0130nstitutu\"},{\"@type\":\"BreadcrumbList\",\"@id\":\"https:\\\/\\\/www.meydan.tv\\\/az\\\/article\\\/jurnalist-cemil-memmedli-mehkeme-zalinda-hebs-olundu\\\/#breadcrumb\",\"itemListElement\":[{\"@type\":\"ListItem\",\"position\":1,\"name\":\"Ana s\u0259hif\u0259\",\"item\":\"https:\\\/\\\/www.meydan.tv\\\/az\\\/\"},{\"@type\":\"ListItem\",\"position\":2,\"name\":\"B\u00f6lg\u0259\",\"item\":\"https:\\\/\\\/www.meydan.tv\\\/az\\\/section\\\/bolge\\\/\"},{\"@type\":\"ListItem\",\"position\":3,\"name\":\"Jurnalist C\u0259mil M\u0259mm\u0259dli m\u0259hk\u0259m\u0259 zal\u0131nda h\u0259bs olundu\"}]},{\"@type\":\"WebSite\",\"@id\":\"https:\\\/\\\/www.meydan.tv\\\/az\\\/#website\",\"url\":\"https:\\\/\\\/www.meydan.tv\\\/az\\\/\",\"name\":\"MEYDAN.TV\",\"description\":\"Meydan TV Az\u0259rbaycan\u0131n media m\u0259kan\u0131ndak\u0131 alternativ s\u0259sidir\",\"publisher\":{\"@id\":\"https:\\\/\\\/www.meydan.tv\\\/az\\\/#organization\"},\"potentialAction\":[{\"@type\":\"SearchAction\",\"target\":{\"@type\":\"EntryPoint\",\"urlTemplate\":\"https:\\\/\\\/www.meydan.tv\\\/az\\\/?s={search_term_string}\"},\"query-input\":{\"@type\":\"PropertyValueSpecification\",\"valueRequired\":true,\"valueName\":\"search_term_string\"}}],\"inLanguage\":\"az\"},{\"@type\":\"Organization\",\"@id\":\"https:\\\/\\\/www.meydan.tv\\\/az\\\/#organization\",\"name\":\"Meydan TV\",\"url\":\"https:\\\/\\\/www.meydan.tv\\\/az\\\/\",\"logo\":{\"@type\":\"ImageObject\",\"inLanguage\":\"az\",\"@id\":\"https:\\\/\\\/www.meydan.tv\\\/az\\\/#\\\/schema\\\/logo\\\/image\\\/\",\"url\":\"https:\\\/\\\/www.meydan.tv\\\/wp-content\\\/uploads\\\/2021\\\/07\\\/meydan-logo.svg\",\"contentUrl\":\"https:\\\/\\\/www.meydan.tv\\\/wp-content\\\/uploads\\\/2021\\\/07\\\/meydan-logo.svg\",\"width\":195,\"height\":46,\"caption\":\"Meydan TV\"},\"image\":{\"@id\":\"https:\\\/\\\/www.meydan.tv\\\/az\\\/#\\\/schema\\\/logo\\\/image\\\/\"}},{\"@type\":\"Person\",\"@id\":\"https:\\\/\\\/www.meydan.tv\\\/az\\\/#\\\/schema\\\/person\\\/9cdbecf90d17180ce1dfbd95b08dcf47\",\"name\":\"elli\",\"sameAs\":[\"https:\\\/\\\/x.com\\\/elli\"]}]}<\/script>\n<!-- \/ Yoast SEO plugin. -->","yoast_head_json":{"title":"Jurnalist C\u0259mil M\u0259mm\u0259dli m\u0259hk\u0259m\u0259 zal\u0131nda h\u0259bs olundu - MEYDAN.TV","robots":{"index":"index","follow":"follow","max-snippet":"max-snippet:-1","max-image-preview":"max-image-preview:large","max-video-preview":"max-video-preview:-1"},"canonical":"https:\/\/www.meydan.tv\/az\/article\/jurnalist-cemil-memmedli-mehkeme-zalinda-hebs-olundu\/","og_locale":"az_AZ","og_type":"article","og_title":"Jurnalist C\u0259mil M\u0259mm\u0259dli m\u0259hk\u0259m\u0259 zal\u0131nda h\u0259bs olundu - MEYDAN.TV","og_description":"Z\u0259r\u0259r\u00e7\u0259k\u0259nl\u0259r polisin n\u0259zar\u0259tin\u0259 verm\u0259nin h\u0259bs q\u0259timkan t\u0259dbiri il\u0259 \u0259v\u0259z olunmas\u0131n\u0131 ... Davam\u0131","og_url":"https:\/\/www.meydan.tv\/az\/article\/jurnalist-cemil-memmedli-mehkeme-zalinda-hebs-olundu\/","og_site_name":"MEYDAN.TV","article_published_time":"2023-08-24T09:19:58+00:00","article_modified_time":"2023-08-24T09:20:03+00:00","og_image":[{"width":1200,"height":708,"url":"https:\/\/www.meydan.tv\/wp-content\/uploads\/untitled-design-2-26-e1652791597335.jpg","type":"image\/jpeg"}],"author":"elli","twitter_card":"summary_large_image","twitter_creator":"@elli","schema":{"@context":"https:\/\/schema.org","@graph":[{"@type":"Article","@id":"https:\/\/www.meydan.tv\/az\/article\/jurnalist-cemil-memmedli-mehkeme-zalinda-hebs-olundu\/#article","isPartOf":{"@id":"https:\/\/www.meydan.tv\/az\/article\/jurnalist-cemil-memmedli-mehkeme-zalinda-hebs-olundu\/"},"author":{"name":"elli","@id":"https:\/\/www.meydan.tv\/az\/#\/schema\/person\/9cdbecf90d17180ce1dfbd95b08dcf47"},"headline":"Jurnalist C\u0259mil M\u0259mm\u0259dli m\u0259hk\u0259m\u0259 zal\u0131nda h\u0259bs olundu","datePublished":"2023-08-24T09:19:58+00:00","dateModified":"2023-08-24T09:20:03+00:00","mainEntityOfPage":{"@id":"https:\/\/www.meydan.tv\/az\/article\/jurnalist-cemil-memmedli-mehkeme-zalinda-hebs-olundu\/"},"wordCount":497,"publisher":{"@id":"https:\/\/www.meydan.tv\/az\/#organization"},"image":{"@id":"https:\/\/www.meydan.tv\/az\/article\/jurnalist-cemil-memmedli-mehkeme-zalinda-hebs-olundu\/#primaryimage"},"thumbnailUrl":"https:\/\/www.meydan.tv\/wp-content\/uploads\/untitled-design-2-26-e1652791597335.jpg","articleSection":["B\u00f6lg\u0259","X\u0259b\u0259rl\u0259r"],"inLanguage":"az"},{"@type":"WebPage","@id":"https:\/\/www.meydan.tv\/az\/article\/jurnalist-cemil-memmedli-mehkeme-zalinda-hebs-olundu\/","url":"https:\/\/www.meydan.tv\/az\/article\/jurnalist-cemil-memmedli-mehkeme-zalinda-hebs-olundu\/","name":"Jurnalist C\u0259mil M\u0259mm\u0259dli m\u0259hk\u0259m\u0259 zal\u0131nda h\u0259bs olundu - MEYDAN.TV","isPartOf":{"@id":"https:\/\/www.meydan.tv\/az\/#website"},"primaryImageOfPage":{"@id":"https:\/\/www.meydan.tv\/az\/article\/jurnalist-cemil-memmedli-mehkeme-zalinda-hebs-olundu\/#primaryimage"},"image":{"@id":"https:\/\/www.meydan.tv\/az\/article\/jurnalist-cemil-memmedli-mehkeme-zalinda-hebs-olundu\/#primaryimage"},"thumbnailUrl":"https:\/\/www.meydan.tv\/wp-content\/uploads\/untitled-design-2-26-e1652791597335.jpg","datePublished":"2023-08-24T09:19:58+00:00","dateModified":"2023-08-24T09:20:03+00:00","breadcrumb":{"@id":"https:\/\/www.meydan.tv\/az\/article\/jurnalist-cemil-memmedli-mehkeme-zalinda-hebs-olundu\/#breadcrumb"},"inLanguage":"az","potentialAction":[{"@type":"ReadAction","target":["https:\/\/www.meydan.tv\/az\/article\/jurnalist-cemil-memmedli-mehkeme-zalinda-hebs-olundu\/"]}]},{"@type":"ImageObject","inLanguage":"az","@id":"https:\/\/www.meydan.tv\/az\/article\/jurnalist-cemil-memmedli-mehkeme-zalinda-hebs-olundu\/#primaryimage","url":"https:\/\/www.meydan.tv\/wp-content\/uploads\/untitled-design-2-26-e1652791597335.jpg","contentUrl":"https:\/\/www.meydan.tv\/wp-content\/uploads\/untitled-design-2-26-e1652791597335.jpg","width":1200,"height":708,"caption":"C\u0259mil M\u0259mm\u0259dli. M\u0259nb\u0259: Media H\u00fcququ \u0130nstitutu"},{"@type":"BreadcrumbList","@id":"https:\/\/www.meydan.tv\/az\/article\/jurnalist-cemil-memmedli-mehkeme-zalinda-hebs-olundu\/#breadcrumb","itemListElement":[{"@type":"ListItem","position":1,"name":"Ana s\u0259hif\u0259","item":"https:\/\/www.meydan.tv\/az\/"},{"@type":"ListItem","position":2,"name":"B\u00f6lg\u0259","item":"https:\/\/www.meydan.tv\/az\/section\/bolge\/"},{"@type":"ListItem","position":3,"name":"Jurnalist C\u0259mil M\u0259mm\u0259dli m\u0259hk\u0259m\u0259 zal\u0131nda h\u0259bs olundu"}]},{"@type":"WebSite","@id":"https:\/\/www.meydan.tv\/az\/#website","url":"https:\/\/www.meydan.tv\/az\/","name":"MEYDAN.TV","description":"Meydan TV Az\u0259rbaycan\u0131n media m\u0259kan\u0131ndak\u0131 alternativ s\u0259sidir","publisher":{"@id":"https:\/\/www.meydan.tv\/az\/#organization"},"potentialAction":[{"@type":"SearchAction","target":{"@type":"EntryPoint","urlTemplate":"https:\/\/www.meydan.tv\/az\/?s={search_term_string}"},"query-input":{"@type":"PropertyValueSpecification","valueRequired":true,"valueName":"search_term_string"}}],"inLanguage":"az"},{"@type":"Organization","@id":"https:\/\/www.meydan.tv\/az\/#organization","name":"Meydan TV","url":"https:\/\/www.meydan.tv\/az\/","logo":{"@type":"ImageObject","inLanguage":"az","@id":"https:\/\/www.meydan.tv\/az\/#\/schema\/logo\/image\/","url":"https:\/\/www.meydan.tv\/wp-content\/uploads\/2021\/07\/meydan-logo.svg","contentUrl":"https:\/\/www.meydan.tv\/wp-content\/uploads\/2021\/07\/meydan-logo.svg","width":195,"height":46,"caption":"Meydan TV"},"image":{"@id":"https:\/\/www.meydan.tv\/az\/#\/schema\/logo\/image\/"}},{"@type":"Person","@id":"https:\/\/www.meydan.tv\/az\/#\/schema\/person\/9cdbecf90d17180ce1dfbd95b08dcf47","name":"elli","sameAs":["https:\/\/x.com\/elli"]}]}},"_links":{"self":[{"href":"https:\/\/www.meydan.tv\/az\/wp-json\/wp\/v2\/posts\/283076","targetHints":{"allow":["GET"]}}],"collection":[{"href":"https:\/\/www.meydan.tv\/az\/wp-json\/wp\/v2\/posts"}],"about":[{"href":"https:\/\/www.meydan.tv\/az\/wp-json\/wp\/v2\/types\/post"}],"author":[{"embeddable":true,"href":"https:\/\/www.meydan.tv\/az\/wp-json\/wp\/v2\/users\/8"}],"replies":[{"embeddable":true,"href":"https:\/\/www.meydan.tv\/az\/wp-json\/wp\/v2\/comments?post=283076"}],"version-history":[{"count":2,"href":"https:\/\/www.meydan.tv\/az\/wp-json\/wp\/v2\/posts\/283076\/revisions"}],"predecessor-version":[{"id":283078,"href":"https:\/\/www.meydan.tv\/az\/wp-json\/wp\/v2\/posts\/283076\/revisions\/283078"}],"wp:featuredmedia":[{"embeddable":true,"href":"https:\/\/www.meydan.tv\/az\/wp-json\/wp\/v2\/media\/245436"}],"wp:attachment":[{"href":"https:\/\/www.meydan.tv\/az\/wp-json\/wp\/v2\/media?parent=283076"}],"wp:term":[{"taxonomy":"category","embeddable":true,"href":"https:\/\/www.meydan.tv\/az\/wp-json\/wp\/v2\/categories?post=283076"},{"taxonomy":"post_tag","embeddable":true,"href":"https:\/\/www.meydan.tv\/az\/wp-json\/wp\/v2\/tags?post=283076"}],"curies":[{"name":"wp","href":"https:\/\/api.w.org\/{rel}","templated":true}]}}