{"id":283067,"date":"2023-08-24T12:41:07","date_gmt":"2023-08-24T08:41:07","guid":{"rendered":"https:\/\/www.meydan.tv\/?p=283067"},"modified":"2023-08-24T12:41:13","modified_gmt":"2023-08-24T08:41:13","slug":"ukrayna-resmisi-rejissoru-saxta-humanizmde-ittiham-etdi","status":"publish","type":"post","link":"https:\/\/www.meydan.tv\/az\/article\/ukrayna-resmisi-rejissoru-saxta-humanizmde-ittiham-etdi\/","title":{"rendered":"Ukrayna r\u0259smisi rejissoru saxta humanizmd\u0259 ittiham etdi"},"content":{"rendered":"\n<p><\/p>\n\n\n\n<p><strong><em>\u201cBu, aktyorlar\u0131n \u00f6l\u00fcm-dirim sava\u015f\u0131 oynad\u0131qlar\u0131 kino deyil\u201d<\/em><\/strong><\/p>\n\n\n\n<p>Ukrayna Milli T\u0259hl\u00fck\u0259sizlik v\u0259 M\u00fcdafi\u0259 \u015euras\u0131n\u0131n katibi Oleksiy Danilov danimarkal\u0131 rejissor Lars fon Trieri t\u0259nqid edib. Avqustun 22-d\u0259 Trier \u201c\u0130nstagram\u201d\u0131nda Danimarkan\u0131n Ukraynaya 19 F-16 verm\u0259sini <a href=\"https:\/\/d9mc3ts4czbpr.cloudfront.net\/az\/article\/danimarkali-rejissor-ukraynaya-qirici-teyyarelerin-verilmesine-etiraz-edib\/\" target=\"_blank\" rel=\"noreferrer noopener\">pisl\u0259mi\u015fdi.&nbsp;<\/a><\/p>\n\n\n\n<p>Rejissor statusunda Ukrayna Prezidenti Volodimir Zelenskiy\u0259 v\u0259 Danimarkan\u0131n Ba\u015f naziri Mette Frederiksen\u0259 m\u00fcraci\u0259t ed\u0259r\u0259k, \u201cRuslar\u0131n h\u0259yat\u0131 da \u00f6n\u0259mlidir\u201d, &#8211; yazm\u0131\u015fd\u0131.<\/p>\n\n\n\n<p>Ukrayna Milli T\u0259hl\u00fck\u0259sizlik v\u0259 M\u00fcdafi\u0259 \u015euras\u0131n\u0131n katibi is\u0259 Trieri bu s\u00f6zl\u0259rin\u0259 g\u00f6r\u0259 saxta h\u00fcmanizmd\u0259 ittiham edib:<\/p>\n\n\n\n<p>\u201c<em>Bu, aktyorlar\u0131n \u00f6l\u00fcm-dirim sava\u015f\u0131 oynad\u0131qlar\u0131 kino deyil. Ya\u015fayan h\u0259r bir rus terror\u00e7usunun arxas\u0131nda \u00f6ld\u00fcr\u00fclm\u00fc\u015f bir ukraynal\u0131 dayan\u0131r. S\u0259n\u0259tkar\u0131n da qurbanla c\u0259llad aras\u0131nda ikincini se\u00e7m\u0259si, faci\u0259y\u0259 \u00e7evrilir. Ukrayna m\u00fcc\u0259rr\u0259dlikd\u0259 deyil, ruslar\u0131n qatil oldu\u011fu q\u0259ddar reall\u0131qda ya\u015fay\u0131r\u201d.<\/em><\/p>\n\n\n\n<p>Danilov rejissora reall\u0131qda ba\u015f ver\u0259nl\u0259ri g\u00f6rm\u0259si \u00fc\u00e7\u00fcn \u00f6z\u00fcn\u00fc m\u00fcharib\u0259d\u0259n z\u0259r\u0259r \u00e7\u0259k\u0259nl\u0259rin yerin\u0259 qoymas\u0131n\u0131 ist\u0259yib:<\/p>\n\n\n\n<p><em>\u201cM\u0259\u015fhur rejissora sad\u0259 bir m\u0259sl\u0259h\u0259t: t\u0259s\u0259vv\u00fcr edin ki, rus raketl\u0259ri h\u0259r g\u00fcn sizin \u015f\u0259h\u0259rinizi bombalay\u0131r. Sizin ata-anan\u0131z\u0131 \u00f6ld\u00fcr\u00fcbl\u0259r, n\u0259v\u0259l\u0259rinizi d\u0259 Ukraynadan \u00e7\u0131xar\u0131b, Rusiyaya apar\u0131blar. Rusiyal\u0131 qar\u0259t\u00e7il\u0259r is\u0259 arvad\u0131n\u0131z\u0131 zorlay\u0131b, evinizi yand\u0131r\u0131blar. Bel\u0259 olan halda, iki\u00fczl\u00fc humanizm tamam ba\u015fqa\u2013 uydurma yox, real h\u0259yat x\u00fcsusiyy\u0259tl\u0259ri <a href=\"https:\/\/twitter.com\/OleksiyDanilov\/status\/1694223103109312515\">qazan\u0131r\u201d.<\/a><\/em><\/p>\n\n\n\n<p>Bir ne\u00e7\u0259 g\u00fcn \u00f6nc\u0259 Ukrayna Prezidenti Volodimir Zelenski Danimarka v\u0259 Niderland\u0131n d\u00f6vl\u0259t r\u0259smil\u0259ri il\u0259 g\u00f6r\u00fc\u015f\u00fcb. Qar\u015f\u0131l\u0131ql\u0131 raz\u0131la\u015fma \u0259sas\u0131nda bildirilib ki, h\u0259r iki d\u00f6vl\u0259t Ukraynan\u0131 F-16 q\u0131r\u0131c\u0131 t\u0259yyar\u0259si il\u0259 t\u0259min ed\u0259c\u0259k.<br>Rusiya 2022-ci il fevral\u0131n 24-d\u0259 Ukraynaya qar\u015f\u0131 h\u0259rbi \u0259m\u0259liyyatlara ba\u015flay\u0131b.<\/p>\n","protected":false},"excerpt":{"rendered":"<p>\u201cBu, aktyorlar\u0131n \u00f6l\u00fcm-dirim sava\u015f\u0131 oynad\u0131qlar\u0131 kino deyil\u201d Ukrayna Milli T\u0259hl\u00fck\u0259sizlik &#8230; <\/p>\n<p class=\"read-more-container\"><a title=\"Ukrayna r\u0259smisi rejissoru saxta humanizmd\u0259 ittiham etdi\" class=\"read-more button\" href=\"https:\/\/www.meydan.tv\/az\/article\/ukrayna-resmisi-rejissoru-saxta-humanizmde-ittiham-etdi\/#more-283067\" aria-label=\"Read more about Ukrayna r\u0259smisi rejissoru saxta humanizmd\u0259 ittiham etdi\">Davam\u0131<\/a><\/p>\n","protected":false},"author":8,"featured_media":248786,"comment_status":"closed","ping_status":"closed","sticky":false,"template":"","format":"standard","meta":{"_acf_changed":false,"_sitemap_exclude":false,"_sitemap_priority":"","_sitemap_frequency":"","footnotes":""},"categories":[64,52,56],"tags":[],"class_list":["post-283067","post","type-post","status-publish","format-standard","has-post-thumbnail","hentry","category-dunya","category-medeniyyet","category-xeberler","infinite-scroll-item","generate-columns","tablet-grid-50","mobile-grid-100","grid-parent","grid-33","no-featured-image-padding"],"acf":[],"yoast_head":"<!-- This site is optimized with the Yoast SEO plugin v27.4 - https:\/\/yoast.com\/product\/yoast-seo-wordpress\/ -->\n<title>Ukrayna r\u0259smisi rejissoru saxta humanizmd\u0259 ittiham etdi - MEYDAN.TV<\/title>\n<meta name=\"robots\" content=\"index, follow, max-snippet:-1, max-image-preview:large, max-video-preview:-1\" \/>\n<link rel=\"canonical\" href=\"https:\/\/www.meydan.tv\/az\/article\/ukrayna-resmisi-rejissoru-saxta-humanizmde-ittiham-etdi\/\" \/>\n<meta property=\"og:locale\" content=\"az_AZ\" \/>\n<meta property=\"og:type\" content=\"article\" \/>\n<meta property=\"og:title\" content=\"Ukrayna r\u0259smisi rejissoru saxta humanizmd\u0259 ittiham etdi - MEYDAN.TV\" \/>\n<meta property=\"og:description\" content=\"\u201cBu, aktyorlar\u0131n \u00f6l\u00fcm-dirim sava\u015f\u0131 oynad\u0131qlar\u0131 kino deyil\u201d Ukrayna Milli T\u0259hl\u00fck\u0259sizlik ... Davam\u0131\" \/>\n<meta property=\"og:url\" content=\"https:\/\/www.meydan.tv\/az\/article\/ukrayna-resmisi-rejissoru-saxta-humanizmde-ittiham-etdi\/\" \/>\n<meta property=\"og:site_name\" content=\"MEYDAN.TV\" \/>\n<meta property=\"article:published_time\" content=\"2023-08-24T08:41:07+00:00\" \/>\n<meta property=\"article:modified_time\" content=\"2023-08-24T08:41:13+00:00\" \/>\n<meta property=\"og:image\" content=\"https:\/\/www.meydan.tv\/wp-content\/uploads\/untitled-design-45-e1692865763633.jpg\" \/>\n\t<meta property=\"og:image:width\" content=\"1200\" \/>\n\t<meta property=\"og:image:height\" content=\"498\" \/>\n\t<meta property=\"og:image:type\" content=\"image\/jpeg\" \/>\n<meta name=\"author\" content=\"elli\" \/>\n<meta name=\"twitter:card\" content=\"summary_large_image\" \/>\n<meta name=\"twitter:creator\" content=\"@elli\" \/>\n<script type=\"application\/ld+json\" class=\"yoast-schema-graph\">{\"@context\":\"https:\\\/\\\/schema.org\",\"@graph\":[{\"@type\":\"Article\",\"@id\":\"https:\\\/\\\/www.meydan.tv\\\/az\\\/article\\\/ukrayna-resmisi-rejissoru-saxta-humanizmde-ittiham-etdi\\\/#article\",\"isPartOf\":{\"@id\":\"https:\\\/\\\/www.meydan.tv\\\/az\\\/article\\\/ukrayna-resmisi-rejissoru-saxta-humanizmde-ittiham-etdi\\\/\"},\"author\":{\"name\":\"elli\",\"@id\":\"https:\\\/\\\/www.meydan.tv\\\/az\\\/#\\\/schema\\\/person\\\/9cdbecf90d17180ce1dfbd95b08dcf47\"},\"headline\":\"Ukrayna r\u0259smisi rejissoru saxta humanizmd\u0259 ittiham etdi\",\"datePublished\":\"2023-08-24T08:41:07+00:00\",\"dateModified\":\"2023-08-24T08:41:13+00:00\",\"mainEntityOfPage\":{\"@id\":\"https:\\\/\\\/www.meydan.tv\\\/az\\\/article\\\/ukrayna-resmisi-rejissoru-saxta-humanizmde-ittiham-etdi\\\/\"},\"wordCount\":350,\"publisher\":{\"@id\":\"https:\\\/\\\/www.meydan.tv\\\/az\\\/#organization\"},\"image\":{\"@id\":\"https:\\\/\\\/www.meydan.tv\\\/az\\\/article\\\/ukrayna-resmisi-rejissoru-saxta-humanizmde-ittiham-etdi\\\/#primaryimage\"},\"thumbnailUrl\":\"https:\\\/\\\/www.meydan.tv\\\/wp-content\\\/uploads\\\/untitled-design-45-e1692865763633.jpg\",\"articleSection\":[\"D\u00fcnya\",\"M\u0259d\u0259niyy\u0259t\",\"X\u0259b\u0259rl\u0259r\"],\"inLanguage\":\"az\"},{\"@type\":\"WebPage\",\"@id\":\"https:\\\/\\\/www.meydan.tv\\\/az\\\/article\\\/ukrayna-resmisi-rejissoru-saxta-humanizmde-ittiham-etdi\\\/\",\"url\":\"https:\\\/\\\/www.meydan.tv\\\/az\\\/article\\\/ukrayna-resmisi-rejissoru-saxta-humanizmde-ittiham-etdi\\\/\",\"name\":\"Ukrayna r\u0259smisi rejissoru saxta humanizmd\u0259 ittiham etdi - MEYDAN.TV\",\"isPartOf\":{\"@id\":\"https:\\\/\\\/www.meydan.tv\\\/az\\\/#website\"},\"primaryImageOfPage\":{\"@id\":\"https:\\\/\\\/www.meydan.tv\\\/az\\\/article\\\/ukrayna-resmisi-rejissoru-saxta-humanizmde-ittiham-etdi\\\/#primaryimage\"},\"image\":{\"@id\":\"https:\\\/\\\/www.meydan.tv\\\/az\\\/article\\\/ukrayna-resmisi-rejissoru-saxta-humanizmde-ittiham-etdi\\\/#primaryimage\"},\"thumbnailUrl\":\"https:\\\/\\\/www.meydan.tv\\\/wp-content\\\/uploads\\\/untitled-design-45-e1692865763633.jpg\",\"datePublished\":\"2023-08-24T08:41:07+00:00\",\"dateModified\":\"2023-08-24T08:41:13+00:00\",\"breadcrumb\":{\"@id\":\"https:\\\/\\\/www.meydan.tv\\\/az\\\/article\\\/ukrayna-resmisi-rejissoru-saxta-humanizmde-ittiham-etdi\\\/#breadcrumb\"},\"inLanguage\":\"az\",\"potentialAction\":[{\"@type\":\"ReadAction\",\"target\":[\"https:\\\/\\\/www.meydan.tv\\\/az\\\/article\\\/ukrayna-resmisi-rejissoru-saxta-humanizmde-ittiham-etdi\\\/\"]}]},{\"@type\":\"ImageObject\",\"inLanguage\":\"az\",\"@id\":\"https:\\\/\\\/www.meydan.tv\\\/az\\\/article\\\/ukrayna-resmisi-rejissoru-saxta-humanizmde-ittiham-etdi\\\/#primaryimage\",\"url\":\"https:\\\/\\\/www.meydan.tv\\\/wp-content\\\/uploads\\\/untitled-design-45-e1692865763633.jpg\",\"contentUrl\":\"https:\\\/\\\/www.meydan.tv\\\/wp-content\\\/uploads\\\/untitled-design-45-e1692865763633.jpg\",\"width\":1200,\"height\":498,\"caption\":\"Oleksey Danilov. M\u0259nb\u0259: \\\"theglobeandmail.com\\\"\"},{\"@type\":\"BreadcrumbList\",\"@id\":\"https:\\\/\\\/www.meydan.tv\\\/az\\\/article\\\/ukrayna-resmisi-rejissoru-saxta-humanizmde-ittiham-etdi\\\/#breadcrumb\",\"itemListElement\":[{\"@type\":\"ListItem\",\"position\":1,\"name\":\"Ana s\u0259hif\u0259\",\"item\":\"https:\\\/\\\/www.meydan.tv\\\/az\\\/\"},{\"@type\":\"ListItem\",\"position\":2,\"name\":\"M\u0259d\u0259niyy\u0259t\",\"item\":\"https:\\\/\\\/www.meydan.tv\\\/az\\\/section\\\/medeniyyet\\\/\"},{\"@type\":\"ListItem\",\"position\":3,\"name\":\"Ukrayna r\u0259smisi rejissoru saxta humanizmd\u0259 ittiham etdi\"}]},{\"@type\":\"WebSite\",\"@id\":\"https:\\\/\\\/www.meydan.tv\\\/az\\\/#website\",\"url\":\"https:\\\/\\\/www.meydan.tv\\\/az\\\/\",\"name\":\"MEYDAN.TV\",\"description\":\"Meydan TV Az\u0259rbaycan\u0131n media m\u0259kan\u0131ndak\u0131 alternativ s\u0259sidir\",\"publisher\":{\"@id\":\"https:\\\/\\\/www.meydan.tv\\\/az\\\/#organization\"},\"potentialAction\":[{\"@type\":\"SearchAction\",\"target\":{\"@type\":\"EntryPoint\",\"urlTemplate\":\"https:\\\/\\\/www.meydan.tv\\\/az\\\/?s={search_term_string}\"},\"query-input\":{\"@type\":\"PropertyValueSpecification\",\"valueRequired\":true,\"valueName\":\"search_term_string\"}}],\"inLanguage\":\"az\"},{\"@type\":\"Organization\",\"@id\":\"https:\\\/\\\/www.meydan.tv\\\/az\\\/#organization\",\"name\":\"Meydan TV\",\"url\":\"https:\\\/\\\/www.meydan.tv\\\/az\\\/\",\"logo\":{\"@type\":\"ImageObject\",\"inLanguage\":\"az\",\"@id\":\"https:\\\/\\\/www.meydan.tv\\\/az\\\/#\\\/schema\\\/logo\\\/image\\\/\",\"url\":\"https:\\\/\\\/www.meydan.tv\\\/wp-content\\\/uploads\\\/2021\\\/07\\\/meydan-logo.svg\",\"contentUrl\":\"https:\\\/\\\/www.meydan.tv\\\/wp-content\\\/uploads\\\/2021\\\/07\\\/meydan-logo.svg\",\"width\":195,\"height\":46,\"caption\":\"Meydan TV\"},\"image\":{\"@id\":\"https:\\\/\\\/www.meydan.tv\\\/az\\\/#\\\/schema\\\/logo\\\/image\\\/\"}},{\"@type\":\"Person\",\"@id\":\"https:\\\/\\\/www.meydan.tv\\\/az\\\/#\\\/schema\\\/person\\\/9cdbecf90d17180ce1dfbd95b08dcf47\",\"name\":\"elli\",\"sameAs\":[\"https:\\\/\\\/x.com\\\/elli\"]}]}<\/script>\n<!-- \/ Yoast SEO plugin. -->","yoast_head_json":{"title":"Ukrayna r\u0259smisi rejissoru saxta humanizmd\u0259 ittiham etdi - MEYDAN.TV","robots":{"index":"index","follow":"follow","max-snippet":"max-snippet:-1","max-image-preview":"max-image-preview:large","max-video-preview":"max-video-preview:-1"},"canonical":"https:\/\/www.meydan.tv\/az\/article\/ukrayna-resmisi-rejissoru-saxta-humanizmde-ittiham-etdi\/","og_locale":"az_AZ","og_type":"article","og_title":"Ukrayna r\u0259smisi rejissoru saxta humanizmd\u0259 ittiham etdi - MEYDAN.TV","og_description":"\u201cBu, aktyorlar\u0131n \u00f6l\u00fcm-dirim sava\u015f\u0131 oynad\u0131qlar\u0131 kino deyil\u201d Ukrayna Milli T\u0259hl\u00fck\u0259sizlik ... Davam\u0131","og_url":"https:\/\/www.meydan.tv\/az\/article\/ukrayna-resmisi-rejissoru-saxta-humanizmde-ittiham-etdi\/","og_site_name":"MEYDAN.TV","article_published_time":"2023-08-24T08:41:07+00:00","article_modified_time":"2023-08-24T08:41:13+00:00","og_image":[{"width":1200,"height":498,"url":"https:\/\/www.meydan.tv\/wp-content\/uploads\/untitled-design-45-e1692865763633.jpg","type":"image\/jpeg"}],"author":"elli","twitter_card":"summary_large_image","twitter_creator":"@elli","schema":{"@context":"https:\/\/schema.org","@graph":[{"@type":"Article","@id":"https:\/\/www.meydan.tv\/az\/article\/ukrayna-resmisi-rejissoru-saxta-humanizmde-ittiham-etdi\/#article","isPartOf":{"@id":"https:\/\/www.meydan.tv\/az\/article\/ukrayna-resmisi-rejissoru-saxta-humanizmde-ittiham-etdi\/"},"author":{"name":"elli","@id":"https:\/\/www.meydan.tv\/az\/#\/schema\/person\/9cdbecf90d17180ce1dfbd95b08dcf47"},"headline":"Ukrayna r\u0259smisi rejissoru saxta humanizmd\u0259 ittiham etdi","datePublished":"2023-08-24T08:41:07+00:00","dateModified":"2023-08-24T08:41:13+00:00","mainEntityOfPage":{"@id":"https:\/\/www.meydan.tv\/az\/article\/ukrayna-resmisi-rejissoru-saxta-humanizmde-ittiham-etdi\/"},"wordCount":350,"publisher":{"@id":"https:\/\/www.meydan.tv\/az\/#organization"},"image":{"@id":"https:\/\/www.meydan.tv\/az\/article\/ukrayna-resmisi-rejissoru-saxta-humanizmde-ittiham-etdi\/#primaryimage"},"thumbnailUrl":"https:\/\/www.meydan.tv\/wp-content\/uploads\/untitled-design-45-e1692865763633.jpg","articleSection":["D\u00fcnya","M\u0259d\u0259niyy\u0259t","X\u0259b\u0259rl\u0259r"],"inLanguage":"az"},{"@type":"WebPage","@id":"https:\/\/www.meydan.tv\/az\/article\/ukrayna-resmisi-rejissoru-saxta-humanizmde-ittiham-etdi\/","url":"https:\/\/www.meydan.tv\/az\/article\/ukrayna-resmisi-rejissoru-saxta-humanizmde-ittiham-etdi\/","name":"Ukrayna r\u0259smisi rejissoru saxta humanizmd\u0259 ittiham etdi - MEYDAN.TV","isPartOf":{"@id":"https:\/\/www.meydan.tv\/az\/#website"},"primaryImageOfPage":{"@id":"https:\/\/www.meydan.tv\/az\/article\/ukrayna-resmisi-rejissoru-saxta-humanizmde-ittiham-etdi\/#primaryimage"},"image":{"@id":"https:\/\/www.meydan.tv\/az\/article\/ukrayna-resmisi-rejissoru-saxta-humanizmde-ittiham-etdi\/#primaryimage"},"thumbnailUrl":"https:\/\/www.meydan.tv\/wp-content\/uploads\/untitled-design-45-e1692865763633.jpg","datePublished":"2023-08-24T08:41:07+00:00","dateModified":"2023-08-24T08:41:13+00:00","breadcrumb":{"@id":"https:\/\/www.meydan.tv\/az\/article\/ukrayna-resmisi-rejissoru-saxta-humanizmde-ittiham-etdi\/#breadcrumb"},"inLanguage":"az","potentialAction":[{"@type":"ReadAction","target":["https:\/\/www.meydan.tv\/az\/article\/ukrayna-resmisi-rejissoru-saxta-humanizmde-ittiham-etdi\/"]}]},{"@type":"ImageObject","inLanguage":"az","@id":"https:\/\/www.meydan.tv\/az\/article\/ukrayna-resmisi-rejissoru-saxta-humanizmde-ittiham-etdi\/#primaryimage","url":"https:\/\/www.meydan.tv\/wp-content\/uploads\/untitled-design-45-e1692865763633.jpg","contentUrl":"https:\/\/www.meydan.tv\/wp-content\/uploads\/untitled-design-45-e1692865763633.jpg","width":1200,"height":498,"caption":"Oleksey Danilov. M\u0259nb\u0259: \"theglobeandmail.com\""},{"@type":"BreadcrumbList","@id":"https:\/\/www.meydan.tv\/az\/article\/ukrayna-resmisi-rejissoru-saxta-humanizmde-ittiham-etdi\/#breadcrumb","itemListElement":[{"@type":"ListItem","position":1,"name":"Ana s\u0259hif\u0259","item":"https:\/\/www.meydan.tv\/az\/"},{"@type":"ListItem","position":2,"name":"M\u0259d\u0259niyy\u0259t","item":"https:\/\/www.meydan.tv\/az\/section\/medeniyyet\/"},{"@type":"ListItem","position":3,"name":"Ukrayna r\u0259smisi rejissoru saxta humanizmd\u0259 ittiham etdi"}]},{"@type":"WebSite","@id":"https:\/\/www.meydan.tv\/az\/#website","url":"https:\/\/www.meydan.tv\/az\/","name":"MEYDAN.TV","description":"Meydan TV Az\u0259rbaycan\u0131n media m\u0259kan\u0131ndak\u0131 alternativ s\u0259sidir","publisher":{"@id":"https:\/\/www.meydan.tv\/az\/#organization"},"potentialAction":[{"@type":"SearchAction","target":{"@type":"EntryPoint","urlTemplate":"https:\/\/www.meydan.tv\/az\/?s={search_term_string}"},"query-input":{"@type":"PropertyValueSpecification","valueRequired":true,"valueName":"search_term_string"}}],"inLanguage":"az"},{"@type":"Organization","@id":"https:\/\/www.meydan.tv\/az\/#organization","name":"Meydan TV","url":"https:\/\/www.meydan.tv\/az\/","logo":{"@type":"ImageObject","inLanguage":"az","@id":"https:\/\/www.meydan.tv\/az\/#\/schema\/logo\/image\/","url":"https:\/\/www.meydan.tv\/wp-content\/uploads\/2021\/07\/meydan-logo.svg","contentUrl":"https:\/\/www.meydan.tv\/wp-content\/uploads\/2021\/07\/meydan-logo.svg","width":195,"height":46,"caption":"Meydan TV"},"image":{"@id":"https:\/\/www.meydan.tv\/az\/#\/schema\/logo\/image\/"}},{"@type":"Person","@id":"https:\/\/www.meydan.tv\/az\/#\/schema\/person\/9cdbecf90d17180ce1dfbd95b08dcf47","name":"elli","sameAs":["https:\/\/x.com\/elli"]}]}},"_links":{"self":[{"href":"https:\/\/www.meydan.tv\/az\/wp-json\/wp\/v2\/posts\/283067","targetHints":{"allow":["GET"]}}],"collection":[{"href":"https:\/\/www.meydan.tv\/az\/wp-json\/wp\/v2\/posts"}],"about":[{"href":"https:\/\/www.meydan.tv\/az\/wp-json\/wp\/v2\/types\/post"}],"author":[{"embeddable":true,"href":"https:\/\/www.meydan.tv\/az\/wp-json\/wp\/v2\/users\/8"}],"replies":[{"embeddable":true,"href":"https:\/\/www.meydan.tv\/az\/wp-json\/wp\/v2\/comments?post=283067"}],"version-history":[{"count":5,"href":"https:\/\/www.meydan.tv\/az\/wp-json\/wp\/v2\/posts\/283067\/revisions"}],"predecessor-version":[{"id":283074,"href":"https:\/\/www.meydan.tv\/az\/wp-json\/wp\/v2\/posts\/283067\/revisions\/283074"}],"wp:featuredmedia":[{"embeddable":true,"href":"https:\/\/www.meydan.tv\/az\/wp-json\/wp\/v2\/media\/248786"}],"wp:attachment":[{"href":"https:\/\/www.meydan.tv\/az\/wp-json\/wp\/v2\/media?parent=283067"}],"wp:term":[{"taxonomy":"category","embeddable":true,"href":"https:\/\/www.meydan.tv\/az\/wp-json\/wp\/v2\/categories?post=283067"},{"taxonomy":"post_tag","embeddable":true,"href":"https:\/\/www.meydan.tv\/az\/wp-json\/wp\/v2\/tags?post=283067"}],"curies":[{"name":"wp","href":"https:\/\/api.w.org\/{rel}","templated":true}]}}