{"id":283063,"date":"2023-08-24T12:14:57","date_gmt":"2023-08-24T08:14:57","guid":{"rendered":"https:\/\/www.meydan.tv\/?p=283063"},"modified":"2023-08-24T12:15:29","modified_gmt":"2023-08-24T08:15:29","slug":"oten-6-ayda-olkeye-gelenlerin-coxu-rusiya-vetendasi-olub","status":"publish","type":"post","link":"https:\/\/www.meydan.tv\/az\/article\/oten-6-ayda-olkeye-gelenlerin-coxu-rusiya-vetendasi-olub\/","title":{"rendered":"\u00d6t\u0259n 6 ayda \u00f6lk\u0259y\u0259 g\u0259l\u0259nl\u0259rin \u00e7oxu Rusiya v\u0259t\u0259nda\u015f\u0131 olub"},"content":{"rendered":"\n<p><\/p>\n\n\n\n<p><strong><em>DSK Az\u0259rbaycana s\u0259f\u0259r ed\u0259nl\u0259rin statistikas\u0131n\u0131 a\u00e7\u0131qlay\u0131b<\/em><\/strong><\/p>\n\n\n\n<p>Bu ilin ilk 6 ay\u0131nda Az\u0259rbaycana 183 \u00f6lk\u0259sind\u0259n 1143,6 min n\u0259f\u0259r xarici v\u0259t\u0259nda\u015f s\u0259f\u0259r edib. D\u00f6vl\u0259t Statistika Komit\u0259si (DSK) <a href=\"https:\/\/www.stat.gov.az\/news\/index.php?lang=az&amp;id=5591\">bildirir<\/a> ki, bu, \u0259vv\u0259lki ilin m\u00fcvafiq d\u00f6vr\u00fc il\u0259 m\u00fcqayis\u0259d\u0259 37,4 faiz \u00e7oxdur. <\/p>\n\n\n\n<p>Az\u0259rbaycana \u0259n \u00e7ox s\u0259f\u0259r ed\u0259nl\u0259r Rusiyadan g\u0259lib &#8211; 32,8 faiz. \u0130kinci yerd\u0259 18,2 faizl\u0259 T\u00fcrkiy\u0259 v\u0259t\u0259nda\u015flar\u0131, \u00fc\u00e7\u00fcnc\u00fc yerd\u0259 is\u0259 7,4 faizl\u0259 iranl\u0131lar durur. N\u00f6vb\u0259ti yerl\u0259rd\u0259 4,9 faizl\u0259 Hindistan, 4,7 faizl\u0259 G\u00fcrc\u00fcstan, 3,9 faizl\u0259 S\u0259udiyy\u0259 \u018fr\u0259bistan\u0131, 2,4 faizl\u0259 Qazax\u0131stan, 2,3 faizl\u0259 Pakistan, 2,1 faizl\u0259 Birl\u0259\u015fmi\u015f \u018fr\u0259b \u018fmirlikl\u0259ri, 1,8 faizl\u0259 \u00d6zb\u0259kistan, 1,5 faizl\u0259 \u0130srail v\u0259 Ukrayna v\u0259t\u0259nda\u015flar\u0131 g\u0259lir. Bundan sonra Belarus, K\u00fcveyt, B\u00f6y\u00fck Britaniya v\u0259 T\u00fcrkm\u0259nistandan g\u0259l\u0259nl\u0259r yer al\u0131r.<\/p>\n\n\n<div class=\"wp-block-image\">\n<figure class=\"aligncenter size-full\"><img decoding=\"async\" width=\"1200\" height=\"600\" data-src=\"https:\/\/www.meydan.tv\/wp-content\/uploads\/default.jpg\" alt=\"D\u00f6vl\u0259t Statistika Komit\u0259si\" class=\"wp-image-126896 lazyload\" src=\"data:image\/svg+xml;base64,PHN2ZyB3aWR0aD0iMSIgaGVpZ2h0PSIxIiB4bWxucz0iaHR0cDovL3d3dy53My5vcmcvMjAwMC9zdmciPjwvc3ZnPg==\" style=\"--smush-placeholder-width: 1200px; --smush-placeholder-aspect-ratio: 1200\/600;\" \/><figcaption class=\"wp-element-caption\">Source: stat.gov.az<\/figcaption><\/figure>\n<\/div>\n\n\n<p>DSK bildirir ki, Az\u0259rbaycana g\u0259l\u0259nl\u0259rin 71,1 faizi hava, 27,6 faizi d\u0259mir yolu v\u0259 avtomobil, 1,3 faizi is\u0259 d\u0259niz n\u0259qliyyat\u0131ndan istifad\u0259 edib. Az\u0259rbaycanda 3 ild\u0259n art\u0131qd\u0131r ki, qon\u015fu \u00f6lk\u0259l\u0259rl\u0259 quru s\u0259rh\u0259dl\u0259r ba\u011fl\u0131d\u0131r. S\u0259b\u0259b kimi COV\u0130D 19 pandemiyas\u0131 g\u00f6st\u0259rilir. Baxmayaraq ki, D\u00fcnya S\u0259hiyy\u0259 T\u0259\u015fkilat\u0131 pandemiyan\u0131n bitdiyini elan edib, Az\u0259rbaycan da daxil olmaqla b\u00fct\u00fcn \u00f6lk\u0259l\u0259rd\u0259 qada\u011falar aradan g\u00f6t\u00fcr\u00fcl\u00fcb. Lakin Az\u0259rbaycan quru s\u0259rh\u0259dl\u0259rini a\u00e7m\u0131r, s\u0259b\u0259b kimi is\u0259 COV\u0130D 19 pandemiyas\u0131ndan qorunma\u011f\u0131 \u0259sas g\u0259tirir. \u0130nsanlar\u0131n, h\u0259tta deputatlar\u0131n bel\u0259 quru s\u0259rh\u0259dl\u0259rin a\u00e7\u0131lmas\u0131 il\u0259 ba\u011fl\u0131 \u00e7a\u011f\u0131r\u0131\u015flar\u0131na m\u0259h\u0259l qoyulmur. H\u0259tta avqustun 23-d\u0259 mind\u0259n \u00e7ox G\u00fcrc\u00fcstan v\u0259t\u0259nda\u015f\u0131 quru s\u0259rh\u0259din a\u00e7\u0131lmas\u0131 \u00fc\u00e7\u00fcn Az\u0259rbaycan Respublikas\u0131n\u0131n Prezidenti \u0130lham \u018fliyev\u0259 m\u00fcraci\u0259t <a href=\"https:\/\/www.meydan.tv\/az\/article\/minden-cox-gurcustan-vetendasi-ilham-eliyeve-muraciet-etdi-serhedleri-acin\/\" target=\"_blank\" rel=\"noreferrer noopener\">edib<\/a>. <\/p>\n\n\n\n<p>M\u00fcraci\u0259td\u0259 bildirilir ki, art\u0131q \u00fc\u00e7 ildir pandemiya il\u0259 \u0259laq\u0259dar G\u00fcrc\u00fcstan v\u0259 Az\u0259rbaycan s\u0259rh\u0259di ba\u011fl\u0131d\u0131r. H\u0259m dost, h\u0259m strateji d\u00f6vl\u0259t olmaqdan ba\u015fqa h\u0259r iki \u00f6lk\u0259ni m\u0259n\u0259vi birl\u0259\u015fdir\u0259n insan faktoru da var. H\u0259min insanlar Az\u0259rbaycana getm\u0259kd\u0259 \u00e7\u0259tinlik \u00e7\u0259kirl\u0259r. M\u00fcst\u0259qil ekspertl\u0259r is\u0259 quru s\u0259rh\u0259dl\u0259rinin ba\u011fl\u0131 qalmas\u0131n\u0131n alt\u0131nda f\u0259rqli s\u0259b\u0259bl\u0259r oldu\u011funu bildirirl\u0259r.<\/p>\n","protected":false},"excerpt":{"rendered":"<p>DSK Az\u0259rbaycana s\u0259f\u0259r ed\u0259nl\u0259rin statistikas\u0131n\u0131 a\u00e7\u0131qlay\u0131b Bu ilin ilk 6 &#8230; <\/p>\n<p class=\"read-more-container\"><a title=\"\u00d6t\u0259n 6 ayda \u00f6lk\u0259y\u0259 g\u0259l\u0259nl\u0259rin \u00e7oxu Rusiya v\u0259t\u0259nda\u015f\u0131 olub\" class=\"read-more button\" href=\"https:\/\/www.meydan.tv\/az\/article\/oten-6-ayda-olkeye-gelenlerin-coxu-rusiya-vetendasi-olub\/#more-283063\" aria-label=\"Read more about \u00d6t\u0259n 6 ayda \u00f6lk\u0259y\u0259 g\u0259l\u0259nl\u0259rin \u00e7oxu Rusiya v\u0259t\u0259nda\u015f\u0131 olub\">Davam\u0131<\/a><\/p>\n","protected":false},"author":8,"featured_media":125097,"comment_status":"closed","ping_status":"closed","sticky":false,"template":"","format":"standard","meta":{"_acf_changed":false,"_sitemap_exclude":false,"_sitemap_priority":"","_sitemap_frequency":"","footnotes":""},"categories":[62,56],"tags":[],"class_list":["post-283063","post","type-post","status-publish","format-standard","has-post-thumbnail","hentry","category-sosial","category-xeberler","infinite-scroll-item","generate-columns","tablet-grid-50","mobile-grid-100","grid-parent","grid-33","no-featured-image-padding"],"acf":[],"yoast_head":"<!-- This site is optimized with the Yoast SEO plugin v27.4 - https:\/\/yoast.com\/product\/yoast-seo-wordpress\/ -->\n<title>\u00d6t\u0259n 6 ayda \u00f6lk\u0259y\u0259 g\u0259l\u0259nl\u0259rin \u00e7oxu Rusiya v\u0259t\u0259nda\u015f\u0131 olub - MEYDAN.TV<\/title>\n<meta name=\"robots\" content=\"index, follow, max-snippet:-1, max-image-preview:large, max-video-preview:-1\" \/>\n<link rel=\"canonical\" href=\"https:\/\/www.meydan.tv\/az\/article\/oten-6-ayda-olkeye-gelenlerin-coxu-rusiya-vetendasi-olub\/\" \/>\n<meta property=\"og:locale\" content=\"az_AZ\" \/>\n<meta property=\"og:type\" content=\"article\" \/>\n<meta property=\"og:title\" content=\"\u00d6t\u0259n 6 ayda \u00f6lk\u0259y\u0259 g\u0259l\u0259nl\u0259rin \u00e7oxu Rusiya v\u0259t\u0259nda\u015f\u0131 olub - MEYDAN.TV\" \/>\n<meta property=\"og:description\" content=\"DSK Az\u0259rbaycana s\u0259f\u0259r ed\u0259nl\u0259rin statistikas\u0131n\u0131 a\u00e7\u0131qlay\u0131b Bu ilin ilk 6 ... Davam\u0131\" \/>\n<meta property=\"og:url\" content=\"https:\/\/www.meydan.tv\/az\/article\/oten-6-ayda-olkeye-gelenlerin-coxu-rusiya-vetendasi-olub\/\" \/>\n<meta property=\"og:site_name\" content=\"MEYDAN.TV\" \/>\n<meta property=\"article:published_time\" content=\"2023-08-24T08:14:57+00:00\" \/>\n<meta property=\"article:modified_time\" content=\"2023-08-24T08:15:29+00:00\" \/>\n<meta property=\"og:image\" content=\"https:\/\/www.meydan.tv\/wp-content\/uploads\/trend_tourist_100615_014.jpg\" \/>\n\t<meta property=\"og:image:width\" content=\"1200\" \/>\n\t<meta property=\"og:image:height\" content=\"752\" \/>\n\t<meta property=\"og:image:type\" content=\"image\/jpeg\" \/>\n<meta name=\"author\" content=\"elli\" \/>\n<meta name=\"twitter:card\" content=\"summary_large_image\" \/>\n<meta name=\"twitter:creator\" content=\"@elli\" \/>\n<script type=\"application\/ld+json\" class=\"yoast-schema-graph\">{\"@context\":\"https:\\\/\\\/schema.org\",\"@graph\":[{\"@type\":\"Article\",\"@id\":\"https:\\\/\\\/www.meydan.tv\\\/az\\\/article\\\/oten-6-ayda-olkeye-gelenlerin-coxu-rusiya-vetendasi-olub\\\/#article\",\"isPartOf\":{\"@id\":\"https:\\\/\\\/www.meydan.tv\\\/az\\\/article\\\/oten-6-ayda-olkeye-gelenlerin-coxu-rusiya-vetendasi-olub\\\/\"},\"author\":{\"name\":\"elli\",\"@id\":\"https:\\\/\\\/www.meydan.tv\\\/az\\\/#\\\/schema\\\/person\\\/9cdbecf90d17180ce1dfbd95b08dcf47\"},\"headline\":\"\u00d6t\u0259n 6 ayda \u00f6lk\u0259y\u0259 g\u0259l\u0259nl\u0259rin \u00e7oxu Rusiya v\u0259t\u0259nda\u015f\u0131 olub\",\"datePublished\":\"2023-08-24T08:14:57+00:00\",\"dateModified\":\"2023-08-24T08:15:29+00:00\",\"mainEntityOfPage\":{\"@id\":\"https:\\\/\\\/www.meydan.tv\\\/az\\\/article\\\/oten-6-ayda-olkeye-gelenlerin-coxu-rusiya-vetendasi-olub\\\/\"},\"wordCount\":431,\"publisher\":{\"@id\":\"https:\\\/\\\/www.meydan.tv\\\/az\\\/#organization\"},\"image\":{\"@id\":\"https:\\\/\\\/www.meydan.tv\\\/az\\\/article\\\/oten-6-ayda-olkeye-gelenlerin-coxu-rusiya-vetendasi-olub\\\/#primaryimage\"},\"thumbnailUrl\":\"https:\\\/\\\/www.meydan.tv\\\/wp-content\\\/uploads\\\/trend_tourist_100615_014.jpg\",\"articleSection\":[\"Sosial\",\"X\u0259b\u0259rl\u0259r\"],\"inLanguage\":\"az\"},{\"@type\":\"WebPage\",\"@id\":\"https:\\\/\\\/www.meydan.tv\\\/az\\\/article\\\/oten-6-ayda-olkeye-gelenlerin-coxu-rusiya-vetendasi-olub\\\/\",\"url\":\"https:\\\/\\\/www.meydan.tv\\\/az\\\/article\\\/oten-6-ayda-olkeye-gelenlerin-coxu-rusiya-vetendasi-olub\\\/\",\"name\":\"\u00d6t\u0259n 6 ayda \u00f6lk\u0259y\u0259 g\u0259l\u0259nl\u0259rin \u00e7oxu Rusiya v\u0259t\u0259nda\u015f\u0131 olub - MEYDAN.TV\",\"isPartOf\":{\"@id\":\"https:\\\/\\\/www.meydan.tv\\\/az\\\/#website\"},\"primaryImageOfPage\":{\"@id\":\"https:\\\/\\\/www.meydan.tv\\\/az\\\/article\\\/oten-6-ayda-olkeye-gelenlerin-coxu-rusiya-vetendasi-olub\\\/#primaryimage\"},\"image\":{\"@id\":\"https:\\\/\\\/www.meydan.tv\\\/az\\\/article\\\/oten-6-ayda-olkeye-gelenlerin-coxu-rusiya-vetendasi-olub\\\/#primaryimage\"},\"thumbnailUrl\":\"https:\\\/\\\/www.meydan.tv\\\/wp-content\\\/uploads\\\/trend_tourist_100615_014.jpg\",\"datePublished\":\"2023-08-24T08:14:57+00:00\",\"dateModified\":\"2023-08-24T08:15:29+00:00\",\"breadcrumb\":{\"@id\":\"https:\\\/\\\/www.meydan.tv\\\/az\\\/article\\\/oten-6-ayda-olkeye-gelenlerin-coxu-rusiya-vetendasi-olub\\\/#breadcrumb\"},\"inLanguage\":\"az\",\"potentialAction\":[{\"@type\":\"ReadAction\",\"target\":[\"https:\\\/\\\/www.meydan.tv\\\/az\\\/article\\\/oten-6-ayda-olkeye-gelenlerin-coxu-rusiya-vetendasi-olub\\\/\"]}]},{\"@type\":\"ImageObject\",\"inLanguage\":\"az\",\"@id\":\"https:\\\/\\\/www.meydan.tv\\\/az\\\/article\\\/oten-6-ayda-olkeye-gelenlerin-coxu-rusiya-vetendasi-olub\\\/#primaryimage\",\"url\":\"https:\\\/\\\/www.meydan.tv\\\/wp-content\\\/uploads\\\/trend_tourist_100615_014.jpg\",\"contentUrl\":\"https:\\\/\\\/www.meydan.tv\\\/wp-content\\\/uploads\\\/trend_tourist_100615_014.jpg\",\"width\":1200,\"height\":752,\"caption\":\"Foto: Trend\"},{\"@type\":\"BreadcrumbList\",\"@id\":\"https:\\\/\\\/www.meydan.tv\\\/az\\\/article\\\/oten-6-ayda-olkeye-gelenlerin-coxu-rusiya-vetendasi-olub\\\/#breadcrumb\",\"itemListElement\":[{\"@type\":\"ListItem\",\"position\":1,\"name\":\"Ana s\u0259hif\u0259\",\"item\":\"https:\\\/\\\/www.meydan.tv\\\/az\\\/\"},{\"@type\":\"ListItem\",\"position\":2,\"name\":\"Sosial\",\"item\":\"https:\\\/\\\/www.meydan.tv\\\/az\\\/section\\\/sosial\\\/\"},{\"@type\":\"ListItem\",\"position\":3,\"name\":\"\u00d6t\u0259n 6 ayda \u00f6lk\u0259y\u0259 g\u0259l\u0259nl\u0259rin \u00e7oxu Rusiya v\u0259t\u0259nda\u015f\u0131 olub\"}]},{\"@type\":\"WebSite\",\"@id\":\"https:\\\/\\\/www.meydan.tv\\\/az\\\/#website\",\"url\":\"https:\\\/\\\/www.meydan.tv\\\/az\\\/\",\"name\":\"MEYDAN.TV\",\"description\":\"Meydan TV Az\u0259rbaycan\u0131n media m\u0259kan\u0131ndak\u0131 alternativ s\u0259sidir\",\"publisher\":{\"@id\":\"https:\\\/\\\/www.meydan.tv\\\/az\\\/#organization\"},\"potentialAction\":[{\"@type\":\"SearchAction\",\"target\":{\"@type\":\"EntryPoint\",\"urlTemplate\":\"https:\\\/\\\/www.meydan.tv\\\/az\\\/?s={search_term_string}\"},\"query-input\":{\"@type\":\"PropertyValueSpecification\",\"valueRequired\":true,\"valueName\":\"search_term_string\"}}],\"inLanguage\":\"az\"},{\"@type\":\"Organization\",\"@id\":\"https:\\\/\\\/www.meydan.tv\\\/az\\\/#organization\",\"name\":\"Meydan TV\",\"url\":\"https:\\\/\\\/www.meydan.tv\\\/az\\\/\",\"logo\":{\"@type\":\"ImageObject\",\"inLanguage\":\"az\",\"@id\":\"https:\\\/\\\/www.meydan.tv\\\/az\\\/#\\\/schema\\\/logo\\\/image\\\/\",\"url\":\"https:\\\/\\\/www.meydan.tv\\\/wp-content\\\/uploads\\\/2021\\\/07\\\/meydan-logo.svg\",\"contentUrl\":\"https:\\\/\\\/www.meydan.tv\\\/wp-content\\\/uploads\\\/2021\\\/07\\\/meydan-logo.svg\",\"width\":195,\"height\":46,\"caption\":\"Meydan TV\"},\"image\":{\"@id\":\"https:\\\/\\\/www.meydan.tv\\\/az\\\/#\\\/schema\\\/logo\\\/image\\\/\"}},{\"@type\":\"Person\",\"@id\":\"https:\\\/\\\/www.meydan.tv\\\/az\\\/#\\\/schema\\\/person\\\/9cdbecf90d17180ce1dfbd95b08dcf47\",\"name\":\"elli\",\"sameAs\":[\"https:\\\/\\\/x.com\\\/elli\"]}]}<\/script>\n<!-- \/ Yoast SEO plugin. -->","yoast_head_json":{"title":"\u00d6t\u0259n 6 ayda \u00f6lk\u0259y\u0259 g\u0259l\u0259nl\u0259rin \u00e7oxu Rusiya v\u0259t\u0259nda\u015f\u0131 olub - MEYDAN.TV","robots":{"index":"index","follow":"follow","max-snippet":"max-snippet:-1","max-image-preview":"max-image-preview:large","max-video-preview":"max-video-preview:-1"},"canonical":"https:\/\/www.meydan.tv\/az\/article\/oten-6-ayda-olkeye-gelenlerin-coxu-rusiya-vetendasi-olub\/","og_locale":"az_AZ","og_type":"article","og_title":"\u00d6t\u0259n 6 ayda \u00f6lk\u0259y\u0259 g\u0259l\u0259nl\u0259rin \u00e7oxu Rusiya v\u0259t\u0259nda\u015f\u0131 olub - MEYDAN.TV","og_description":"DSK Az\u0259rbaycana s\u0259f\u0259r ed\u0259nl\u0259rin statistikas\u0131n\u0131 a\u00e7\u0131qlay\u0131b Bu ilin ilk 6 ... Davam\u0131","og_url":"https:\/\/www.meydan.tv\/az\/article\/oten-6-ayda-olkeye-gelenlerin-coxu-rusiya-vetendasi-olub\/","og_site_name":"MEYDAN.TV","article_published_time":"2023-08-24T08:14:57+00:00","article_modified_time":"2023-08-24T08:15:29+00:00","og_image":[{"width":1200,"height":752,"url":"https:\/\/www.meydan.tv\/wp-content\/uploads\/trend_tourist_100615_014.jpg","type":"image\/jpeg"}],"author":"elli","twitter_card":"summary_large_image","twitter_creator":"@elli","schema":{"@context":"https:\/\/schema.org","@graph":[{"@type":"Article","@id":"https:\/\/www.meydan.tv\/az\/article\/oten-6-ayda-olkeye-gelenlerin-coxu-rusiya-vetendasi-olub\/#article","isPartOf":{"@id":"https:\/\/www.meydan.tv\/az\/article\/oten-6-ayda-olkeye-gelenlerin-coxu-rusiya-vetendasi-olub\/"},"author":{"name":"elli","@id":"https:\/\/www.meydan.tv\/az\/#\/schema\/person\/9cdbecf90d17180ce1dfbd95b08dcf47"},"headline":"\u00d6t\u0259n 6 ayda \u00f6lk\u0259y\u0259 g\u0259l\u0259nl\u0259rin \u00e7oxu Rusiya v\u0259t\u0259nda\u015f\u0131 olub","datePublished":"2023-08-24T08:14:57+00:00","dateModified":"2023-08-24T08:15:29+00:00","mainEntityOfPage":{"@id":"https:\/\/www.meydan.tv\/az\/article\/oten-6-ayda-olkeye-gelenlerin-coxu-rusiya-vetendasi-olub\/"},"wordCount":431,"publisher":{"@id":"https:\/\/www.meydan.tv\/az\/#organization"},"image":{"@id":"https:\/\/www.meydan.tv\/az\/article\/oten-6-ayda-olkeye-gelenlerin-coxu-rusiya-vetendasi-olub\/#primaryimage"},"thumbnailUrl":"https:\/\/www.meydan.tv\/wp-content\/uploads\/trend_tourist_100615_014.jpg","articleSection":["Sosial","X\u0259b\u0259rl\u0259r"],"inLanguage":"az"},{"@type":"WebPage","@id":"https:\/\/www.meydan.tv\/az\/article\/oten-6-ayda-olkeye-gelenlerin-coxu-rusiya-vetendasi-olub\/","url":"https:\/\/www.meydan.tv\/az\/article\/oten-6-ayda-olkeye-gelenlerin-coxu-rusiya-vetendasi-olub\/","name":"\u00d6t\u0259n 6 ayda \u00f6lk\u0259y\u0259 g\u0259l\u0259nl\u0259rin \u00e7oxu Rusiya v\u0259t\u0259nda\u015f\u0131 olub - MEYDAN.TV","isPartOf":{"@id":"https:\/\/www.meydan.tv\/az\/#website"},"primaryImageOfPage":{"@id":"https:\/\/www.meydan.tv\/az\/article\/oten-6-ayda-olkeye-gelenlerin-coxu-rusiya-vetendasi-olub\/#primaryimage"},"image":{"@id":"https:\/\/www.meydan.tv\/az\/article\/oten-6-ayda-olkeye-gelenlerin-coxu-rusiya-vetendasi-olub\/#primaryimage"},"thumbnailUrl":"https:\/\/www.meydan.tv\/wp-content\/uploads\/trend_tourist_100615_014.jpg","datePublished":"2023-08-24T08:14:57+00:00","dateModified":"2023-08-24T08:15:29+00:00","breadcrumb":{"@id":"https:\/\/www.meydan.tv\/az\/article\/oten-6-ayda-olkeye-gelenlerin-coxu-rusiya-vetendasi-olub\/#breadcrumb"},"inLanguage":"az","potentialAction":[{"@type":"ReadAction","target":["https:\/\/www.meydan.tv\/az\/article\/oten-6-ayda-olkeye-gelenlerin-coxu-rusiya-vetendasi-olub\/"]}]},{"@type":"ImageObject","inLanguage":"az","@id":"https:\/\/www.meydan.tv\/az\/article\/oten-6-ayda-olkeye-gelenlerin-coxu-rusiya-vetendasi-olub\/#primaryimage","url":"https:\/\/www.meydan.tv\/wp-content\/uploads\/trend_tourist_100615_014.jpg","contentUrl":"https:\/\/www.meydan.tv\/wp-content\/uploads\/trend_tourist_100615_014.jpg","width":1200,"height":752,"caption":"Foto: Trend"},{"@type":"BreadcrumbList","@id":"https:\/\/www.meydan.tv\/az\/article\/oten-6-ayda-olkeye-gelenlerin-coxu-rusiya-vetendasi-olub\/#breadcrumb","itemListElement":[{"@type":"ListItem","position":1,"name":"Ana s\u0259hif\u0259","item":"https:\/\/www.meydan.tv\/az\/"},{"@type":"ListItem","position":2,"name":"Sosial","item":"https:\/\/www.meydan.tv\/az\/section\/sosial\/"},{"@type":"ListItem","position":3,"name":"\u00d6t\u0259n 6 ayda \u00f6lk\u0259y\u0259 g\u0259l\u0259nl\u0259rin \u00e7oxu Rusiya v\u0259t\u0259nda\u015f\u0131 olub"}]},{"@type":"WebSite","@id":"https:\/\/www.meydan.tv\/az\/#website","url":"https:\/\/www.meydan.tv\/az\/","name":"MEYDAN.TV","description":"Meydan TV Az\u0259rbaycan\u0131n media m\u0259kan\u0131ndak\u0131 alternativ s\u0259sidir","publisher":{"@id":"https:\/\/www.meydan.tv\/az\/#organization"},"potentialAction":[{"@type":"SearchAction","target":{"@type":"EntryPoint","urlTemplate":"https:\/\/www.meydan.tv\/az\/?s={search_term_string}"},"query-input":{"@type":"PropertyValueSpecification","valueRequired":true,"valueName":"search_term_string"}}],"inLanguage":"az"},{"@type":"Organization","@id":"https:\/\/www.meydan.tv\/az\/#organization","name":"Meydan TV","url":"https:\/\/www.meydan.tv\/az\/","logo":{"@type":"ImageObject","inLanguage":"az","@id":"https:\/\/www.meydan.tv\/az\/#\/schema\/logo\/image\/","url":"https:\/\/www.meydan.tv\/wp-content\/uploads\/2021\/07\/meydan-logo.svg","contentUrl":"https:\/\/www.meydan.tv\/wp-content\/uploads\/2021\/07\/meydan-logo.svg","width":195,"height":46,"caption":"Meydan TV"},"image":{"@id":"https:\/\/www.meydan.tv\/az\/#\/schema\/logo\/image\/"}},{"@type":"Person","@id":"https:\/\/www.meydan.tv\/az\/#\/schema\/person\/9cdbecf90d17180ce1dfbd95b08dcf47","name":"elli","sameAs":["https:\/\/x.com\/elli"]}]}},"_links":{"self":[{"href":"https:\/\/www.meydan.tv\/az\/wp-json\/wp\/v2\/posts\/283063","targetHints":{"allow":["GET"]}}],"collection":[{"href":"https:\/\/www.meydan.tv\/az\/wp-json\/wp\/v2\/posts"}],"about":[{"href":"https:\/\/www.meydan.tv\/az\/wp-json\/wp\/v2\/types\/post"}],"author":[{"embeddable":true,"href":"https:\/\/www.meydan.tv\/az\/wp-json\/wp\/v2\/users\/8"}],"replies":[{"embeddable":true,"href":"https:\/\/www.meydan.tv\/az\/wp-json\/wp\/v2\/comments?post=283063"}],"version-history":[{"count":1,"href":"https:\/\/www.meydan.tv\/az\/wp-json\/wp\/v2\/posts\/283063\/revisions"}],"predecessor-version":[{"id":283066,"href":"https:\/\/www.meydan.tv\/az\/wp-json\/wp\/v2\/posts\/283063\/revisions\/283066"}],"wp:featuredmedia":[{"embeddable":true,"href":"https:\/\/www.meydan.tv\/az\/wp-json\/wp\/v2\/media\/125097"}],"wp:attachment":[{"href":"https:\/\/www.meydan.tv\/az\/wp-json\/wp\/v2\/media?parent=283063"}],"wp:term":[{"taxonomy":"category","embeddable":true,"href":"https:\/\/www.meydan.tv\/az\/wp-json\/wp\/v2\/categories?post=283063"},{"taxonomy":"post_tag","embeddable":true,"href":"https:\/\/www.meydan.tv\/az\/wp-json\/wp\/v2\/tags?post=283063"}],"curies":[{"name":"wp","href":"https:\/\/api.w.org\/{rel}","templated":true}]}}