{"id":282995,"date":"2023-08-23T14:14:01","date_gmt":"2023-08-23T10:14:01","guid":{"rendered":"https:\/\/www.meydan.tv\/?p=282995"},"modified":"2023-08-23T14:37:41","modified_gmt":"2023-08-23T10:37:41","slug":"minden-cox-gurcustan-vetendasi-ilham-eliyeve-muraciet-etdi-serhedleri-acin","status":"publish","type":"post","link":"https:\/\/www.meydan.tv\/az\/article\/minden-cox-gurcustan-vetendasi-ilham-eliyeve-muraciet-etdi-serhedleri-acin\/","title":{"rendered":"Mind\u0259n \u00e7ox G\u00fcrc\u00fcstan v\u0259t\u0259nda\u015f\u0131 \u0130lham \u018fliyev\u0259 m\u00fcraci\u0259t etdi: S\u0259rh\u0259dl\u0259ri a\u00e7\u0131n!"},"content":{"rendered":"\n<p><\/p>\n\n\n\n<p><strong><em>\u201cMinl\u0259rl\u0259 \u015f\u0259xs maddi v\u0259ziyy\u0259tinin a\u011f\u0131rl\u0131\u011f\u0131, yaxud sa\u011flaml\u0131\u011f\u0131 bax\u0131m\u0131ndan hava yollar\u0131ndan istifad\u0259 ed\u0259 bilmir\u201d<\/em><\/strong><\/p>\n\n\n\n<p>Mind\u0259n \u00e7ox G\u00fcrc\u00fcstan v\u0259t\u0259nda\u015f\u0131 quru s\u0259rh\u0259din a\u00e7\u0131lmas\u0131 \u00fc\u00e7\u00fcn Az\u0259rbaycan Respublikas\u0131n\u0131n Prezidenti \u0130lham \u018fliyev\u0259 m\u00fcraci\u0259t edib.<\/p>\n\n\n\n<p>M\u00fcraci\u0259td\u0259 bildirilir ki, art\u0131q \u00fc\u00e7 ildir pandemiya il\u0259 \u0259laq\u0259dar G\u00fcrc\u00fcstan v\u0259 Az\u0259rbaycan s\u0259rh\u0259di ba\u011fl\u0131d\u0131r. H\u0259m dost, h\u0259m strateji d\u00f6vl\u0259t olmaqdan ba\u015fqa h\u0259r iki \u00f6lk\u0259ni m\u0259n\u0259vi birl\u0259\u015fdir\u0259n insan faktoru da var.<\/p>\n\n\n\n<p>Bel\u0259likl\u0259, m\u00fcraci\u0259td\u0259 bildirilir ki, G\u00fcrc\u00fcstanda ya\u015fayan az\u0259rbaycanl\u0131lar v\u0259 Az\u0259rbaycanda ya\u015fayan g\u00fcrc\u00fcl\u0259r, eyni zamanda, Az\u0259rbaycanda ya\u015fayan G\u00fcrc\u00fcstan az\u0259rbaycanl\u0131lar\u0131 v\u0259 G\u00fcrc\u00fcstanda ya\u015fayan Az\u0259rbaycan v\u0259t\u0259nda\u015f\u0131 olan g\u00fcrc\u00fcl\u0259r var.<\/p>\n\n\n\n<p>\u201c<em>Onlar \u00fc\u00e7\u00fcn quru s\u0259rh\u0259dl\u0259ri a\u00e7\u0131b, giri\u015f-\u00e7\u0131x\u0131\u015f \u00fc\u00e7\u00fcn daha ucuz alternativi yaratma\u011f\u0131n\u0131z\u0131 xahi\u015f edirik. \u00c7\u00fcnki dig\u0259r \u00f6lk\u0259l\u0259rin v\u0259t\u0259nda\u015flar\u0131ndan f\u0259rqli olaraq G\u00fcrc\u00fcstan v\u0259 Az\u0259rbaycanda ya\u015fayan xalqlar\u0131 biri-biri il\u0259 ail\u0259 m\u00fcnasib\u0259tl\u0259ri v\u0259 ba\u011flar\u0131 birl\u0259\u015fdirir. Bundan \u0259vv\u0259l m\u00fc\u0259yy\u0259n qrup insanlar siz\u0259 m\u00fcraci\u0259tl\u0259r edibl\u0259r v\u0259 \u00f6z narahatl\u0131qlar\u0131n\u0131 bildiribl\u0259r. Bu m\u00fcraci\u0259t\u0259 yaln\u0131z G\u00fcrc\u00fcstan az\u0259rbaycanl\u0131lar\u0131 deyil, el\u0259c\u0259 d\u0259 Az\u0259rbaycanda ya\u015fayan g\u00fcrc\u00fc v\u0259t\u0259nda\u015flar\u0131 da qo\u015fulub\u201d, &#8211;<\/em> m\u00fcraci\u0259td\u0259 bildirilir.<\/p>\n\n\n\n<p>Petisiyaya mind\u0259n \u00e7ox insan imza at\u0131b v\u0259 onlar m\u00fcvafiq orqanlara alternativ giri\u015f-\u00e7\u0131x\u0131\u015f imkanlar\u0131 yaratmaq, quru s\u0259rh\u0259di ke\u00e7m\u0259k \u00fc\u00e7\u00fcn g\u00fcz\u0259\u015ftl\u0259r v\u0259 imkanlar yarad\u0131lmas\u0131n\u0131 xahi\u015f edibl\u0259r.<\/p>\n\n\n\n<p>Petisiya G\u00fcrc\u00fcstanda insan haqlar\u0131 \u00fczr\u0259 f\u0259aliyy\u0259t g\u00f6st\u0259r\u0259n Samir\u0259 Bayramovan\u0131n t\u0259\u015f\u0259bb\u00fcs\u00fc il\u0259 yarad\u0131l\u0131b. M\u0259lumatda bildirilir ki,o, bu add\u0131m\u0131 Q\u0131rm\u0131z\u0131 K\u00f6rp\u00fc burax\u0131l\u0131\u015f m\u0259nt\u0259q\u0259sind\u0259 \u00e7ar\u0259siz qalan v\u0259 t\u0259yyar\u0259 bileti \u00fc\u00e7\u00fcn maddi imkanlar\u0131 olmayan \u015f\u0259xsl\u0259rin faci\u0259vi durumunu n\u0259z\u0259r\u0259 alaraq at\u0131b.<\/p>\n\n\n\n<p>M\u0259lumatda bildirilir ki, minl\u0259rl\u0259 \u015f\u0259xs maddi v\u0259ziyy\u0259tinin a\u011f\u0131rl\u0131\u011f\u0131, yaxud sa\u011flaml\u0131\u011f\u0131 bax\u0131m\u0131ndan hava yollar\u0131ndan istifad\u0259 ed\u0259 bilmir.<\/p>\n\n\n\n<p>G\u00fcrc\u00fcstan 2021-ci il iyunun 1-d\u0259n b\u00fct\u00fcn quru s\u0259rh\u0259dl\u0259rini a\u00e7\u0131b. Lakin Az\u0259rbaycanda 3 ild\u0259n art\u0131qd\u0131r ki, qon\u015fu \u00f6lk\u0259l\u0259rl\u0259 quru s\u0259rh\u0259dl\u0259r ba\u011fl\u0131d\u0131r. Qar\u015f\u0131l\u0131ql\u0131 gedi\u015f-g\u0259li\u015fin olmas\u0131 \u00fc\u00e7\u00fcn Az\u0259rbaycan t\u0259r\u0259f d\u0259 s\u0259rh\u0259dini a\u00e7mal\u0131d\u0131r, lakin a\u00e7m\u0131r. S\u0259b\u0259b kimi COV\u0130D 19 pandemiyas\u0131 g\u00f6st\u0259rilir.<\/p>\n\n\n\n<p>Baxmayaraq ki, D\u00fcnya S\u0259hiyy\u0259 T\u0259\u015fkilat\u0131 pandemiyan\u0131n bitdiyini elan edib, Az\u0259rbaycan da daxil olmaqla b\u00fct\u00fcn \u00f6lk\u0259l\u0259rd\u0259 qada\u011falar aradan g\u00f6t\u00fcr\u00fcl\u00fcb. Lakin Az\u0259rbaycan quru s\u0259rh\u0259dl\u0259rini a\u00e7m\u0131r, s\u0259b\u0259b kimi is\u0259 COV\u0130D 19 pandemiyas\u0131ndan qorunma\u011f\u0131 \u0259sas g\u0259tirir.<\/p>\n\n\n\n<p>M\u00fcst\u0259qil ekspertl\u0259r is\u0259 quru s\u0259rh\u0259dl\u0259rinin ba\u011fl\u0131 qalmas\u0131n\u0131n alt\u0131nda f\u0259rqli s\u0259b\u0259bl\u0259r oldu\u011funu bildirirl\u0259r.<\/p>\n","protected":false},"excerpt":{"rendered":"<p>\u201cMinl\u0259rl\u0259 \u015f\u0259xs maddi v\u0259ziyy\u0259tinin a\u011f\u0131rl\u0131\u011f\u0131, yaxud sa\u011flaml\u0131\u011f\u0131 bax\u0131m\u0131ndan hava yollar\u0131ndan &#8230; <\/p>\n<p class=\"read-more-container\"><a title=\"Mind\u0259n \u00e7ox G\u00fcrc\u00fcstan v\u0259t\u0259nda\u015f\u0131 \u0130lham \u018fliyev\u0259 m\u00fcraci\u0259t etdi: S\u0259rh\u0259dl\u0259ri a\u00e7\u0131n!\" class=\"read-more button\" href=\"https:\/\/www.meydan.tv\/az\/article\/minden-cox-gurcustan-vetendasi-ilham-eliyeve-muraciet-etdi-serhedleri-acin\/#more-282995\" aria-label=\"Read more about Mind\u0259n \u00e7ox G\u00fcrc\u00fcstan v\u0259t\u0259nda\u015f\u0131 \u0130lham \u018fliyev\u0259 m\u00fcraci\u0259t etdi: S\u0259rh\u0259dl\u0259ri a\u00e7\u0131n!\">Davam\u0131<\/a><\/p>\n","protected":false},"author":8,"featured_media":240513,"comment_status":"closed","ping_status":"closed","sticky":false,"template":"","format":"standard","meta":{"_acf_changed":false,"_sitemap_exclude":false,"_sitemap_priority":"","_sitemap_frequency":"","footnotes":""},"categories":[59,79,56],"tags":[],"class_list":["post-282995","post","type-post","status-publish","format-standard","has-post-thumbnail","hentry","category-siyaset","category-featured","category-xeberler","infinite-scroll-item","generate-columns","tablet-grid-50","mobile-grid-100","grid-parent","grid-33","no-featured-image-padding"],"acf":[],"yoast_head":"<!-- This site is optimized with the Yoast SEO plugin v27.4 - https:\/\/yoast.com\/product\/yoast-seo-wordpress\/ -->\n<title>Mind\u0259n \u00e7ox G\u00fcrc\u00fcstan v\u0259t\u0259nda\u015f\u0131 \u0130lham \u018fliyev\u0259 m\u00fcraci\u0259t etdi: S\u0259rh\u0259dl\u0259ri a\u00e7\u0131n! - MEYDAN.TV<\/title>\n<meta name=\"robots\" content=\"index, follow, max-snippet:-1, max-image-preview:large, max-video-preview:-1\" \/>\n<link rel=\"canonical\" href=\"https:\/\/www.meydan.tv\/az\/article\/minden-cox-gurcustan-vetendasi-ilham-eliyeve-muraciet-etdi-serhedleri-acin\/\" \/>\n<meta property=\"og:locale\" content=\"az_AZ\" \/>\n<meta property=\"og:type\" content=\"article\" \/>\n<meta property=\"og:title\" content=\"Mind\u0259n \u00e7ox G\u00fcrc\u00fcstan v\u0259t\u0259nda\u015f\u0131 \u0130lham \u018fliyev\u0259 m\u00fcraci\u0259t etdi: S\u0259rh\u0259dl\u0259ri a\u00e7\u0131n! - MEYDAN.TV\" \/>\n<meta property=\"og:description\" content=\"\u201cMinl\u0259rl\u0259 \u015f\u0259xs maddi v\u0259ziyy\u0259tinin a\u011f\u0131rl\u0131\u011f\u0131, yaxud sa\u011flaml\u0131\u011f\u0131 bax\u0131m\u0131ndan hava yollar\u0131ndan ... Davam\u0131\" \/>\n<meta property=\"og:url\" content=\"https:\/\/www.meydan.tv\/az\/article\/minden-cox-gurcustan-vetendasi-ilham-eliyeve-muraciet-etdi-serhedleri-acin\/\" \/>\n<meta property=\"og:site_name\" content=\"MEYDAN.TV\" \/>\n<meta property=\"article:published_time\" content=\"2023-08-23T10:14:01+00:00\" \/>\n<meta property=\"article:modified_time\" content=\"2023-08-23T10:37:41+00:00\" \/>\n<meta property=\"og:image\" content=\"https:\/\/www.meydan.tv\/wp-content\/uploads\/shutterstock_781484326.jpg\" \/>\n\t<meta property=\"og:image:width\" content=\"1200\" \/>\n\t<meta property=\"og:image:height\" content=\"800\" \/>\n\t<meta property=\"og:image:type\" content=\"image\/jpeg\" \/>\n<meta name=\"author\" content=\"elli\" \/>\n<meta name=\"twitter:card\" content=\"summary_large_image\" \/>\n<meta name=\"twitter:creator\" content=\"@elli\" \/>\n<script type=\"application\/ld+json\" class=\"yoast-schema-graph\">{\"@context\":\"https:\\\/\\\/schema.org\",\"@graph\":[{\"@type\":\"Article\",\"@id\":\"https:\\\/\\\/www.meydan.tv\\\/az\\\/article\\\/minden-cox-gurcustan-vetendasi-ilham-eliyeve-muraciet-etdi-serhedleri-acin\\\/#article\",\"isPartOf\":{\"@id\":\"https:\\\/\\\/www.meydan.tv\\\/az\\\/article\\\/minden-cox-gurcustan-vetendasi-ilham-eliyeve-muraciet-etdi-serhedleri-acin\\\/\"},\"author\":{\"name\":\"elli\",\"@id\":\"https:\\\/\\\/www.meydan.tv\\\/az\\\/#\\\/schema\\\/person\\\/9cdbecf90d17180ce1dfbd95b08dcf47\"},\"headline\":\"Mind\u0259n \u00e7ox G\u00fcrc\u00fcstan v\u0259t\u0259nda\u015f\u0131 \u0130lham \u018fliyev\u0259 m\u00fcraci\u0259t etdi: S\u0259rh\u0259dl\u0259ri a\u00e7\u0131n!\",\"datePublished\":\"2023-08-23T10:14:01+00:00\",\"dateModified\":\"2023-08-23T10:37:41+00:00\",\"mainEntityOfPage\":{\"@id\":\"https:\\\/\\\/www.meydan.tv\\\/az\\\/article\\\/minden-cox-gurcustan-vetendasi-ilham-eliyeve-muraciet-etdi-serhedleri-acin\\\/\"},\"wordCount\":577,\"publisher\":{\"@id\":\"https:\\\/\\\/www.meydan.tv\\\/az\\\/#organization\"},\"image\":{\"@id\":\"https:\\\/\\\/www.meydan.tv\\\/az\\\/article\\\/minden-cox-gurcustan-vetendasi-ilham-eliyeve-muraciet-etdi-serhedleri-acin\\\/#primaryimage\"},\"thumbnailUrl\":\"https:\\\/\\\/www.meydan.tv\\\/wp-content\\\/uploads\\\/shutterstock_781484326.jpg\",\"articleSection\":[\"Siyas\u0259t\",\"T\u00f6vsiy\u0259\",\"X\u0259b\u0259rl\u0259r\"],\"inLanguage\":\"az\"},{\"@type\":\"WebPage\",\"@id\":\"https:\\\/\\\/www.meydan.tv\\\/az\\\/article\\\/minden-cox-gurcustan-vetendasi-ilham-eliyeve-muraciet-etdi-serhedleri-acin\\\/\",\"url\":\"https:\\\/\\\/www.meydan.tv\\\/az\\\/article\\\/minden-cox-gurcustan-vetendasi-ilham-eliyeve-muraciet-etdi-serhedleri-acin\\\/\",\"name\":\"Mind\u0259n \u00e7ox G\u00fcrc\u00fcstan v\u0259t\u0259nda\u015f\u0131 \u0130lham \u018fliyev\u0259 m\u00fcraci\u0259t etdi: S\u0259rh\u0259dl\u0259ri a\u00e7\u0131n! - MEYDAN.TV\",\"isPartOf\":{\"@id\":\"https:\\\/\\\/www.meydan.tv\\\/az\\\/#website\"},\"primaryImageOfPage\":{\"@id\":\"https:\\\/\\\/www.meydan.tv\\\/az\\\/article\\\/minden-cox-gurcustan-vetendasi-ilham-eliyeve-muraciet-etdi-serhedleri-acin\\\/#primaryimage\"},\"image\":{\"@id\":\"https:\\\/\\\/www.meydan.tv\\\/az\\\/article\\\/minden-cox-gurcustan-vetendasi-ilham-eliyeve-muraciet-etdi-serhedleri-acin\\\/#primaryimage\"},\"thumbnailUrl\":\"https:\\\/\\\/www.meydan.tv\\\/wp-content\\\/uploads\\\/shutterstock_781484326.jpg\",\"datePublished\":\"2023-08-23T10:14:01+00:00\",\"dateModified\":\"2023-08-23T10:37:41+00:00\",\"breadcrumb\":{\"@id\":\"https:\\\/\\\/www.meydan.tv\\\/az\\\/article\\\/minden-cox-gurcustan-vetendasi-ilham-eliyeve-muraciet-etdi-serhedleri-acin\\\/#breadcrumb\"},\"inLanguage\":\"az\",\"potentialAction\":[{\"@type\":\"ReadAction\",\"target\":[\"https:\\\/\\\/www.meydan.tv\\\/az\\\/article\\\/minden-cox-gurcustan-vetendasi-ilham-eliyeve-muraciet-etdi-serhedleri-acin\\\/\"]}]},{\"@type\":\"ImageObject\",\"inLanguage\":\"az\",\"@id\":\"https:\\\/\\\/www.meydan.tv\\\/az\\\/article\\\/minden-cox-gurcustan-vetendasi-ilham-eliyeve-muraciet-etdi-serhedleri-acin\\\/#primaryimage\",\"url\":\"https:\\\/\\\/www.meydan.tv\\\/wp-content\\\/uploads\\\/shutterstock_781484326.jpg\",\"contentUrl\":\"https:\\\/\\\/www.meydan.tv\\\/wp-content\\\/uploads\\\/shutterstock_781484326.jpg\",\"width\":1200,\"height\":800,\"caption\":\"G\u00fcrc\u00fcstan-Az\u0259rbaycan s\u0259rh\u0259di. Foto: Ana Flasker\\\/shutterstock\"},{\"@type\":\"BreadcrumbList\",\"@id\":\"https:\\\/\\\/www.meydan.tv\\\/az\\\/article\\\/minden-cox-gurcustan-vetendasi-ilham-eliyeve-muraciet-etdi-serhedleri-acin\\\/#breadcrumb\",\"itemListElement\":[{\"@type\":\"ListItem\",\"position\":1,\"name\":\"Ana s\u0259hif\u0259\",\"item\":\"https:\\\/\\\/www.meydan.tv\\\/az\\\/\"},{\"@type\":\"ListItem\",\"position\":2,\"name\":\"Siyas\u0259t\",\"item\":\"https:\\\/\\\/www.meydan.tv\\\/az\\\/section\\\/siyaset\\\/\"},{\"@type\":\"ListItem\",\"position\":3,\"name\":\"Mind\u0259n \u00e7ox G\u00fcrc\u00fcstan v\u0259t\u0259nda\u015f\u0131 \u0130lham \u018fliyev\u0259 m\u00fcraci\u0259t etdi: S\u0259rh\u0259dl\u0259ri a\u00e7\u0131n!\"}]},{\"@type\":\"WebSite\",\"@id\":\"https:\\\/\\\/www.meydan.tv\\\/az\\\/#website\",\"url\":\"https:\\\/\\\/www.meydan.tv\\\/az\\\/\",\"name\":\"MEYDAN.TV\",\"description\":\"Meydan TV Az\u0259rbaycan\u0131n media m\u0259kan\u0131ndak\u0131 alternativ s\u0259sidir\",\"publisher\":{\"@id\":\"https:\\\/\\\/www.meydan.tv\\\/az\\\/#organization\"},\"potentialAction\":[{\"@type\":\"SearchAction\",\"target\":{\"@type\":\"EntryPoint\",\"urlTemplate\":\"https:\\\/\\\/www.meydan.tv\\\/az\\\/?s={search_term_string}\"},\"query-input\":{\"@type\":\"PropertyValueSpecification\",\"valueRequired\":true,\"valueName\":\"search_term_string\"}}],\"inLanguage\":\"az\"},{\"@type\":\"Organization\",\"@id\":\"https:\\\/\\\/www.meydan.tv\\\/az\\\/#organization\",\"name\":\"Meydan TV\",\"url\":\"https:\\\/\\\/www.meydan.tv\\\/az\\\/\",\"logo\":{\"@type\":\"ImageObject\",\"inLanguage\":\"az\",\"@id\":\"https:\\\/\\\/www.meydan.tv\\\/az\\\/#\\\/schema\\\/logo\\\/image\\\/\",\"url\":\"https:\\\/\\\/www.meydan.tv\\\/wp-content\\\/uploads\\\/2021\\\/07\\\/meydan-logo.svg\",\"contentUrl\":\"https:\\\/\\\/www.meydan.tv\\\/wp-content\\\/uploads\\\/2021\\\/07\\\/meydan-logo.svg\",\"width\":195,\"height\":46,\"caption\":\"Meydan TV\"},\"image\":{\"@id\":\"https:\\\/\\\/www.meydan.tv\\\/az\\\/#\\\/schema\\\/logo\\\/image\\\/\"}},{\"@type\":\"Person\",\"@id\":\"https:\\\/\\\/www.meydan.tv\\\/az\\\/#\\\/schema\\\/person\\\/9cdbecf90d17180ce1dfbd95b08dcf47\",\"name\":\"elli\",\"sameAs\":[\"https:\\\/\\\/x.com\\\/elli\"]}]}<\/script>\n<!-- \/ Yoast SEO plugin. -->","yoast_head_json":{"title":"Mind\u0259n \u00e7ox G\u00fcrc\u00fcstan v\u0259t\u0259nda\u015f\u0131 \u0130lham \u018fliyev\u0259 m\u00fcraci\u0259t etdi: S\u0259rh\u0259dl\u0259ri a\u00e7\u0131n! - MEYDAN.TV","robots":{"index":"index","follow":"follow","max-snippet":"max-snippet:-1","max-image-preview":"max-image-preview:large","max-video-preview":"max-video-preview:-1"},"canonical":"https:\/\/www.meydan.tv\/az\/article\/minden-cox-gurcustan-vetendasi-ilham-eliyeve-muraciet-etdi-serhedleri-acin\/","og_locale":"az_AZ","og_type":"article","og_title":"Mind\u0259n \u00e7ox G\u00fcrc\u00fcstan v\u0259t\u0259nda\u015f\u0131 \u0130lham \u018fliyev\u0259 m\u00fcraci\u0259t etdi: S\u0259rh\u0259dl\u0259ri a\u00e7\u0131n! - MEYDAN.TV","og_description":"\u201cMinl\u0259rl\u0259 \u015f\u0259xs maddi v\u0259ziyy\u0259tinin a\u011f\u0131rl\u0131\u011f\u0131, yaxud sa\u011flaml\u0131\u011f\u0131 bax\u0131m\u0131ndan hava yollar\u0131ndan ... Davam\u0131","og_url":"https:\/\/www.meydan.tv\/az\/article\/minden-cox-gurcustan-vetendasi-ilham-eliyeve-muraciet-etdi-serhedleri-acin\/","og_site_name":"MEYDAN.TV","article_published_time":"2023-08-23T10:14:01+00:00","article_modified_time":"2023-08-23T10:37:41+00:00","og_image":[{"width":1200,"height":800,"url":"https:\/\/www.meydan.tv\/wp-content\/uploads\/shutterstock_781484326.jpg","type":"image\/jpeg"}],"author":"elli","twitter_card":"summary_large_image","twitter_creator":"@elli","schema":{"@context":"https:\/\/schema.org","@graph":[{"@type":"Article","@id":"https:\/\/www.meydan.tv\/az\/article\/minden-cox-gurcustan-vetendasi-ilham-eliyeve-muraciet-etdi-serhedleri-acin\/#article","isPartOf":{"@id":"https:\/\/www.meydan.tv\/az\/article\/minden-cox-gurcustan-vetendasi-ilham-eliyeve-muraciet-etdi-serhedleri-acin\/"},"author":{"name":"elli","@id":"https:\/\/www.meydan.tv\/az\/#\/schema\/person\/9cdbecf90d17180ce1dfbd95b08dcf47"},"headline":"Mind\u0259n \u00e7ox G\u00fcrc\u00fcstan v\u0259t\u0259nda\u015f\u0131 \u0130lham \u018fliyev\u0259 m\u00fcraci\u0259t etdi: S\u0259rh\u0259dl\u0259ri a\u00e7\u0131n!","datePublished":"2023-08-23T10:14:01+00:00","dateModified":"2023-08-23T10:37:41+00:00","mainEntityOfPage":{"@id":"https:\/\/www.meydan.tv\/az\/article\/minden-cox-gurcustan-vetendasi-ilham-eliyeve-muraciet-etdi-serhedleri-acin\/"},"wordCount":577,"publisher":{"@id":"https:\/\/www.meydan.tv\/az\/#organization"},"image":{"@id":"https:\/\/www.meydan.tv\/az\/article\/minden-cox-gurcustan-vetendasi-ilham-eliyeve-muraciet-etdi-serhedleri-acin\/#primaryimage"},"thumbnailUrl":"https:\/\/www.meydan.tv\/wp-content\/uploads\/shutterstock_781484326.jpg","articleSection":["Siyas\u0259t","T\u00f6vsiy\u0259","X\u0259b\u0259rl\u0259r"],"inLanguage":"az"},{"@type":"WebPage","@id":"https:\/\/www.meydan.tv\/az\/article\/minden-cox-gurcustan-vetendasi-ilham-eliyeve-muraciet-etdi-serhedleri-acin\/","url":"https:\/\/www.meydan.tv\/az\/article\/minden-cox-gurcustan-vetendasi-ilham-eliyeve-muraciet-etdi-serhedleri-acin\/","name":"Mind\u0259n \u00e7ox G\u00fcrc\u00fcstan v\u0259t\u0259nda\u015f\u0131 \u0130lham \u018fliyev\u0259 m\u00fcraci\u0259t etdi: S\u0259rh\u0259dl\u0259ri a\u00e7\u0131n! - MEYDAN.TV","isPartOf":{"@id":"https:\/\/www.meydan.tv\/az\/#website"},"primaryImageOfPage":{"@id":"https:\/\/www.meydan.tv\/az\/article\/minden-cox-gurcustan-vetendasi-ilham-eliyeve-muraciet-etdi-serhedleri-acin\/#primaryimage"},"image":{"@id":"https:\/\/www.meydan.tv\/az\/article\/minden-cox-gurcustan-vetendasi-ilham-eliyeve-muraciet-etdi-serhedleri-acin\/#primaryimage"},"thumbnailUrl":"https:\/\/www.meydan.tv\/wp-content\/uploads\/shutterstock_781484326.jpg","datePublished":"2023-08-23T10:14:01+00:00","dateModified":"2023-08-23T10:37:41+00:00","breadcrumb":{"@id":"https:\/\/www.meydan.tv\/az\/article\/minden-cox-gurcustan-vetendasi-ilham-eliyeve-muraciet-etdi-serhedleri-acin\/#breadcrumb"},"inLanguage":"az","potentialAction":[{"@type":"ReadAction","target":["https:\/\/www.meydan.tv\/az\/article\/minden-cox-gurcustan-vetendasi-ilham-eliyeve-muraciet-etdi-serhedleri-acin\/"]}]},{"@type":"ImageObject","inLanguage":"az","@id":"https:\/\/www.meydan.tv\/az\/article\/minden-cox-gurcustan-vetendasi-ilham-eliyeve-muraciet-etdi-serhedleri-acin\/#primaryimage","url":"https:\/\/www.meydan.tv\/wp-content\/uploads\/shutterstock_781484326.jpg","contentUrl":"https:\/\/www.meydan.tv\/wp-content\/uploads\/shutterstock_781484326.jpg","width":1200,"height":800,"caption":"G\u00fcrc\u00fcstan-Az\u0259rbaycan s\u0259rh\u0259di. Foto: Ana Flasker\/shutterstock"},{"@type":"BreadcrumbList","@id":"https:\/\/www.meydan.tv\/az\/article\/minden-cox-gurcustan-vetendasi-ilham-eliyeve-muraciet-etdi-serhedleri-acin\/#breadcrumb","itemListElement":[{"@type":"ListItem","position":1,"name":"Ana s\u0259hif\u0259","item":"https:\/\/www.meydan.tv\/az\/"},{"@type":"ListItem","position":2,"name":"Siyas\u0259t","item":"https:\/\/www.meydan.tv\/az\/section\/siyaset\/"},{"@type":"ListItem","position":3,"name":"Mind\u0259n \u00e7ox G\u00fcrc\u00fcstan v\u0259t\u0259nda\u015f\u0131 \u0130lham \u018fliyev\u0259 m\u00fcraci\u0259t etdi: S\u0259rh\u0259dl\u0259ri a\u00e7\u0131n!"}]},{"@type":"WebSite","@id":"https:\/\/www.meydan.tv\/az\/#website","url":"https:\/\/www.meydan.tv\/az\/","name":"MEYDAN.TV","description":"Meydan TV Az\u0259rbaycan\u0131n media m\u0259kan\u0131ndak\u0131 alternativ s\u0259sidir","publisher":{"@id":"https:\/\/www.meydan.tv\/az\/#organization"},"potentialAction":[{"@type":"SearchAction","target":{"@type":"EntryPoint","urlTemplate":"https:\/\/www.meydan.tv\/az\/?s={search_term_string}"},"query-input":{"@type":"PropertyValueSpecification","valueRequired":true,"valueName":"search_term_string"}}],"inLanguage":"az"},{"@type":"Organization","@id":"https:\/\/www.meydan.tv\/az\/#organization","name":"Meydan TV","url":"https:\/\/www.meydan.tv\/az\/","logo":{"@type":"ImageObject","inLanguage":"az","@id":"https:\/\/www.meydan.tv\/az\/#\/schema\/logo\/image\/","url":"https:\/\/www.meydan.tv\/wp-content\/uploads\/2021\/07\/meydan-logo.svg","contentUrl":"https:\/\/www.meydan.tv\/wp-content\/uploads\/2021\/07\/meydan-logo.svg","width":195,"height":46,"caption":"Meydan TV"},"image":{"@id":"https:\/\/www.meydan.tv\/az\/#\/schema\/logo\/image\/"}},{"@type":"Person","@id":"https:\/\/www.meydan.tv\/az\/#\/schema\/person\/9cdbecf90d17180ce1dfbd95b08dcf47","name":"elli","sameAs":["https:\/\/x.com\/elli"]}]}},"_links":{"self":[{"href":"https:\/\/www.meydan.tv\/az\/wp-json\/wp\/v2\/posts\/282995","targetHints":{"allow":["GET"]}}],"collection":[{"href":"https:\/\/www.meydan.tv\/az\/wp-json\/wp\/v2\/posts"}],"about":[{"href":"https:\/\/www.meydan.tv\/az\/wp-json\/wp\/v2\/types\/post"}],"author":[{"embeddable":true,"href":"https:\/\/www.meydan.tv\/az\/wp-json\/wp\/v2\/users\/8"}],"replies":[{"embeddable":true,"href":"https:\/\/www.meydan.tv\/az\/wp-json\/wp\/v2\/comments?post=282995"}],"version-history":[{"count":3,"href":"https:\/\/www.meydan.tv\/az\/wp-json\/wp\/v2\/posts\/282995\/revisions"}],"predecessor-version":[{"id":283004,"href":"https:\/\/www.meydan.tv\/az\/wp-json\/wp\/v2\/posts\/282995\/revisions\/283004"}],"wp:featuredmedia":[{"embeddable":true,"href":"https:\/\/www.meydan.tv\/az\/wp-json\/wp\/v2\/media\/240513"}],"wp:attachment":[{"href":"https:\/\/www.meydan.tv\/az\/wp-json\/wp\/v2\/media?parent=282995"}],"wp:term":[{"taxonomy":"category","embeddable":true,"href":"https:\/\/www.meydan.tv\/az\/wp-json\/wp\/v2\/categories?post=282995"},{"taxonomy":"post_tag","embeddable":true,"href":"https:\/\/www.meydan.tv\/az\/wp-json\/wp\/v2\/tags?post=282995"}],"curies":[{"name":"wp","href":"https:\/\/api.w.org\/{rel}","templated":true}]}}