{"id":282983,"date":"2023-08-23T13:06:09","date_gmt":"2023-08-23T09:06:09","guid":{"rendered":"https:\/\/www.meydan.tv\/?p=282983"},"modified":"2023-08-23T13:06:14","modified_gmt":"2023-08-23T09:06:14","slug":"toto-kutunyo-santi-nereo-e-achilleo-kilsesinde-defn-olunacaq","status":"publish","type":"post","link":"https:\/\/www.meydan.tv\/az\/article\/toto-kutunyo-santi-nereo-e-achilleo-kilsesinde-defn-olunacaq\/","title":{"rendered":"Toto Kutunyo \u201cSanti Nereo e Achilleo\u201d kils\u0259sind\u0259 d\u0259fn olunacaq"},"content":{"rendered":"\n<p><\/p>\n\n\n\n<p><strong><em>M\u00fc\u011f\u0259nni 18 il x\u0259r\u00e7\u0259ngl\u0259 m\u00fcbariz\u0259 apar\u0131b<\/em><\/strong><\/p>\n\n\n\n<p>Uzun s\u00fcr\u0259n a\u011f\u0131r x\u0259st\u0259likd\u0259n h\u0259yat\u0131n\u0131 itir\u0259n italyan m\u00fc\u011f\u0259nni Toto Kutunyo \u201cSanti Nereo e Achilleo\u201d kils\u0259sind\u0259 d\u0259fn olunacaq. 80 ya\u015fl\u0131 musiqi\u00e7i avqustun 22-d\u0259 Milan\u0131n \u201cSan Raffaele\u201d x\u0259st\u0259xanas\u0131nda v\u0259fat edib. \u00d6l\u00fcm x\u0259b\u0259rini m\u00fc\u011f\u0259nninin meneceri Danilo Mankuso a\u00e7\u0131qlay\u0131b. <\/p>\n\n\n\n<p>Onun s\u00f6zl\u0259rin\u0259 g\u00f6r\u0259, uzun s\u00fcr\u0259n x\u0259st\u0259lik fonunda m\u00fc\u011f\u0259nninin son aylar hal\u0131 pisl\u0259\u015fibmi\u015f. Toto Kutunyo 2007-ci ild\u0259n x\u0259r\u00e7\u0259ng x\u0259st\u0259liyi il\u0259 m\u00fcbariz\u0259 apar\u0131rd\u0131. \u0130taliyan\u0131n Ba\u015f naziri Corca Meloni v\u0259 m\u0259d\u0259niyy\u0259t naziri Cennaro Sanciuliano Kutunyonun v\u0259fat\u0131 il\u0259 \u0259laq\u0259dar ba\u015fsa\u011fl\u0131\u011f\u0131 veribl\u0259r. <\/p>\n\n\n\n<p>Kutunyo 7 iyul 1943-c\u00fc ild\u0259 Toskanada siciliyal\u0131 ail\u0259d\u0259 do\u011fulub. O, \u0130taliyan\u0131n \u0259n u\u011furlu m\u00fc\u011f\u0259nnil\u0259ri aras\u0131nda idi. Onun b\u0259st\u0259l\u0259ri il\u0259 100 milyondan \u00e7ox disk sat\u0131l\u0131b. <\/p>\n\n\n\n<p>1990-c\u0131 ild\u0259 s\u0259n\u0259t\u00e7i beyn\u0259lxalq \u201cEurovision\u201d Mahn\u0131 M\u00fcsabiq\u0259sind\u0259 birinci yeri tutaraq \u00f6lk\u0259sin\u0259 q\u0259l\u0259b\u0259 g\u0259tirib. Kutunyoya d\u00fcnya \u015f\u00f6hr\u0259tini \u201cL&#8217;Italiano\u201d mahn\u0131s\u0131 <a href=\"https:\/\/www.youtube.com\/watch?v=TYtdYslLY9I\" target=\"_blank\" rel=\"noreferrer noopener\">g\u0259tirib.<\/a>\u00a0Bu mahn\u0131 aktyor, musiqi\u00e7i Adriano \u00c7elentano \u00fc\u00e7\u00fcn yaz\u0131l\u0131bm\u0131\u015f. Lakin \u00c7elentano mahn\u0131n\u0131 oxumaqdan imtina edib. \u015e\u00f6hr\u0259ti b\u00fct\u00fcn d\u00fcnyaya yay\u0131lan \u201cL&#8217;Italiano\u201d mahn\u0131s\u0131 q\u0131sa m\u00fcdd\u0259td\u0259 Fransa, \u0130sve\u00e7r\u0259, Finlandiya v\u0259 Portuqaliyada hit-paradlarda birinci yeri tutub. <\/p>\n\n\n\n<p>\u201cGuardian\u201d yaz\u0131r ki, son ill\u0259rd\u0259 Kutunyo siyasi yax\u0131nl\u0131\u011f\u0131 il\u0259 d\u0259 g\u00fcnd\u0259m\u0259 g\u0259lib. 2019-cu ild\u0259 Ukrayna parlamentinin \u00fczvl\u0259ri Rusiyan\u0131n t\u0259r\u0259fdar\u0131 oldu\u011funu iddia ed\u0259r\u0259k, Kutunyonun Kiyevd\u0259 \u00e7\u0131x\u0131\u015f\u0131n\u0131 qada\u011fan etm\u0259y\u0259 \u00e7al\u0131\u015f\u0131blar. Kutunyo Rusiya Prezidenti Vladimir Putinl\u0259 h\u0259r hans\u0131 \u015f\u0259xsi dostluq \u0259laq\u0259l\u0259rini inkar ed\u0259r\u0259k deyib ki, o, konsertd\u0259n sonra yaln\u0131z bir d\u0259f\u0259 onun \u0259lini <a href=\"https:\/\/www.theguardian.com\/world\/2023\/aug\/22\/toto-cutugno-whose-song-litaliano-was-no-1-across-europe-dies-at-80\" target=\"_blank\" rel=\"noreferrer noopener\">s\u0131x\u0131b.&nbsp;<\/a><\/p>\n","protected":false},"excerpt":{"rendered":"<p>M\u00fc\u011f\u0259nni 18 il x\u0259r\u00e7\u0259ngl\u0259 m\u00fcbariz\u0259 apar\u0131b Uzun s\u00fcr\u0259n a\u011f\u0131r x\u0259st\u0259likd\u0259n &#8230; <\/p>\n<p class=\"read-more-container\"><a title=\"Toto Kutunyo \u201cSanti Nereo e Achilleo\u201d kils\u0259sind\u0259 d\u0259fn olunacaq\" class=\"read-more button\" href=\"https:\/\/www.meydan.tv\/az\/article\/toto-kutunyo-santi-nereo-e-achilleo-kilsesinde-defn-olunacaq\/#more-282983\" aria-label=\"Read more about Toto Kutunyo \u201cSanti Nereo e Achilleo\u201d kils\u0259sind\u0259 d\u0259fn olunacaq\">Davam\u0131<\/a><\/p>\n","protected":false},"author":8,"featured_media":282984,"comment_status":"closed","ping_status":"closed","sticky":false,"template":"","format":"standard","meta":{"_acf_changed":false,"_sitemap_exclude":false,"_sitemap_priority":"","_sitemap_frequency":"","footnotes":""},"categories":[64,52,56],"tags":[],"class_list":["post-282983","post","type-post","status-publish","format-standard","has-post-thumbnail","hentry","category-dunya","category-medeniyyet","category-xeberler","infinite-scroll-item","generate-columns","tablet-grid-50","mobile-grid-100","grid-parent","grid-33","no-featured-image-padding"],"acf":[],"yoast_head":"<!-- This site is optimized with the Yoast SEO plugin v27.4 - https:\/\/yoast.com\/product\/yoast-seo-wordpress\/ -->\n<title>Toto Kutunyo \u201cSanti Nereo e Achilleo\u201d kils\u0259sind\u0259 d\u0259fn olunacaq - MEYDAN.TV<\/title>\n<meta name=\"robots\" content=\"index, follow, max-snippet:-1, max-image-preview:large, max-video-preview:-1\" \/>\n<link rel=\"canonical\" href=\"https:\/\/www.meydan.tv\/az\/article\/toto-kutunyo-santi-nereo-e-achilleo-kilsesinde-defn-olunacaq\/\" \/>\n<meta property=\"og:locale\" content=\"az_AZ\" \/>\n<meta property=\"og:type\" content=\"article\" \/>\n<meta property=\"og:title\" content=\"Toto Kutunyo \u201cSanti Nereo e Achilleo\u201d kils\u0259sind\u0259 d\u0259fn olunacaq - MEYDAN.TV\" \/>\n<meta property=\"og:description\" content=\"M\u00fc\u011f\u0259nni 18 il x\u0259r\u00e7\u0259ngl\u0259 m\u00fcbariz\u0259 apar\u0131b Uzun s\u00fcr\u0259n a\u011f\u0131r x\u0259st\u0259likd\u0259n ... Davam\u0131\" \/>\n<meta property=\"og:url\" content=\"https:\/\/www.meydan.tv\/az\/article\/toto-kutunyo-santi-nereo-e-achilleo-kilsesinde-defn-olunacaq\/\" \/>\n<meta property=\"og:site_name\" content=\"MEYDAN.TV\" \/>\n<meta property=\"article:published_time\" content=\"2023-08-23T09:06:09+00:00\" \/>\n<meta property=\"article:modified_time\" content=\"2023-08-23T09:06:14+00:00\" \/>\n<meta property=\"og:image\" content=\"https:\/\/www.meydan.tv\/wp-content\/uploads\/shutterstock_641409961.jpg\" \/>\n\t<meta property=\"og:image:width\" content=\"1200\" \/>\n\t<meta property=\"og:image:height\" content=\"800\" \/>\n\t<meta property=\"og:image:type\" content=\"image\/jpeg\" \/>\n<meta name=\"author\" content=\"elli\" \/>\n<meta name=\"twitter:card\" content=\"summary_large_image\" \/>\n<meta name=\"twitter:creator\" content=\"@elli\" \/>\n<script type=\"application\/ld+json\" class=\"yoast-schema-graph\">{\"@context\":\"https:\\\/\\\/schema.org\",\"@graph\":[{\"@type\":\"Article\",\"@id\":\"https:\\\/\\\/www.meydan.tv\\\/az\\\/article\\\/toto-kutunyo-santi-nereo-e-achilleo-kilsesinde-defn-olunacaq\\\/#article\",\"isPartOf\":{\"@id\":\"https:\\\/\\\/www.meydan.tv\\\/az\\\/article\\\/toto-kutunyo-santi-nereo-e-achilleo-kilsesinde-defn-olunacaq\\\/\"},\"author\":{\"name\":\"elli\",\"@id\":\"https:\\\/\\\/www.meydan.tv\\\/az\\\/#\\\/schema\\\/person\\\/9cdbecf90d17180ce1dfbd95b08dcf47\"},\"headline\":\"Toto Kutunyo \u201cSanti Nereo e Achilleo\u201d kils\u0259sind\u0259 d\u0259fn olunacaq\",\"datePublished\":\"2023-08-23T09:06:09+00:00\",\"dateModified\":\"2023-08-23T09:06:14+00:00\",\"mainEntityOfPage\":{\"@id\":\"https:\\\/\\\/www.meydan.tv\\\/az\\\/article\\\/toto-kutunyo-santi-nereo-e-achilleo-kilsesinde-defn-olunacaq\\\/\"},\"wordCount\":335,\"publisher\":{\"@id\":\"https:\\\/\\\/www.meydan.tv\\\/az\\\/#organization\"},\"image\":{\"@id\":\"https:\\\/\\\/www.meydan.tv\\\/az\\\/article\\\/toto-kutunyo-santi-nereo-e-achilleo-kilsesinde-defn-olunacaq\\\/#primaryimage\"},\"thumbnailUrl\":\"https:\\\/\\\/www.meydan.tv\\\/wp-content\\\/uploads\\\/shutterstock_641409961.jpg\",\"articleSection\":[\"D\u00fcnya\",\"M\u0259d\u0259niyy\u0259t\",\"X\u0259b\u0259rl\u0259r\"],\"inLanguage\":\"az\"},{\"@type\":\"WebPage\",\"@id\":\"https:\\\/\\\/www.meydan.tv\\\/az\\\/article\\\/toto-kutunyo-santi-nereo-e-achilleo-kilsesinde-defn-olunacaq\\\/\",\"url\":\"https:\\\/\\\/www.meydan.tv\\\/az\\\/article\\\/toto-kutunyo-santi-nereo-e-achilleo-kilsesinde-defn-olunacaq\\\/\",\"name\":\"Toto Kutunyo \u201cSanti Nereo e Achilleo\u201d kils\u0259sind\u0259 d\u0259fn olunacaq - MEYDAN.TV\",\"isPartOf\":{\"@id\":\"https:\\\/\\\/www.meydan.tv\\\/az\\\/#website\"},\"primaryImageOfPage\":{\"@id\":\"https:\\\/\\\/www.meydan.tv\\\/az\\\/article\\\/toto-kutunyo-santi-nereo-e-achilleo-kilsesinde-defn-olunacaq\\\/#primaryimage\"},\"image\":{\"@id\":\"https:\\\/\\\/www.meydan.tv\\\/az\\\/article\\\/toto-kutunyo-santi-nereo-e-achilleo-kilsesinde-defn-olunacaq\\\/#primaryimage\"},\"thumbnailUrl\":\"https:\\\/\\\/www.meydan.tv\\\/wp-content\\\/uploads\\\/shutterstock_641409961.jpg\",\"datePublished\":\"2023-08-23T09:06:09+00:00\",\"dateModified\":\"2023-08-23T09:06:14+00:00\",\"breadcrumb\":{\"@id\":\"https:\\\/\\\/www.meydan.tv\\\/az\\\/article\\\/toto-kutunyo-santi-nereo-e-achilleo-kilsesinde-defn-olunacaq\\\/#breadcrumb\"},\"inLanguage\":\"az\",\"potentialAction\":[{\"@type\":\"ReadAction\",\"target\":[\"https:\\\/\\\/www.meydan.tv\\\/az\\\/article\\\/toto-kutunyo-santi-nereo-e-achilleo-kilsesinde-defn-olunacaq\\\/\"]}]},{\"@type\":\"ImageObject\",\"inLanguage\":\"az\",\"@id\":\"https:\\\/\\\/www.meydan.tv\\\/az\\\/article\\\/toto-kutunyo-santi-nereo-e-achilleo-kilsesinde-defn-olunacaq\\\/#primaryimage\",\"url\":\"https:\\\/\\\/www.meydan.tv\\\/wp-content\\\/uploads\\\/shutterstock_641409961.jpg\",\"contentUrl\":\"https:\\\/\\\/www.meydan.tv\\\/wp-content\\\/uploads\\\/shutterstock_641409961.jpg\",\"width\":1200,\"height\":800,\"caption\":\"Toto Kutunyo. Foto: EUROSTOCK\\\/shutterstock\"},{\"@type\":\"BreadcrumbList\",\"@id\":\"https:\\\/\\\/www.meydan.tv\\\/az\\\/article\\\/toto-kutunyo-santi-nereo-e-achilleo-kilsesinde-defn-olunacaq\\\/#breadcrumb\",\"itemListElement\":[{\"@type\":\"ListItem\",\"position\":1,\"name\":\"Ana s\u0259hif\u0259\",\"item\":\"https:\\\/\\\/www.meydan.tv\\\/az\\\/\"},{\"@type\":\"ListItem\",\"position\":2,\"name\":\"M\u0259d\u0259niyy\u0259t\",\"item\":\"https:\\\/\\\/www.meydan.tv\\\/az\\\/section\\\/medeniyyet\\\/\"},{\"@type\":\"ListItem\",\"position\":3,\"name\":\"Toto Kutunyo \u201cSanti Nereo e Achilleo\u201d kils\u0259sind\u0259 d\u0259fn olunacaq\"}]},{\"@type\":\"WebSite\",\"@id\":\"https:\\\/\\\/www.meydan.tv\\\/az\\\/#website\",\"url\":\"https:\\\/\\\/www.meydan.tv\\\/az\\\/\",\"name\":\"MEYDAN.TV\",\"description\":\"Meydan TV Az\u0259rbaycan\u0131n media m\u0259kan\u0131ndak\u0131 alternativ s\u0259sidir\",\"publisher\":{\"@id\":\"https:\\\/\\\/www.meydan.tv\\\/az\\\/#organization\"},\"potentialAction\":[{\"@type\":\"SearchAction\",\"target\":{\"@type\":\"EntryPoint\",\"urlTemplate\":\"https:\\\/\\\/www.meydan.tv\\\/az\\\/?s={search_term_string}\"},\"query-input\":{\"@type\":\"PropertyValueSpecification\",\"valueRequired\":true,\"valueName\":\"search_term_string\"}}],\"inLanguage\":\"az\"},{\"@type\":\"Organization\",\"@id\":\"https:\\\/\\\/www.meydan.tv\\\/az\\\/#organization\",\"name\":\"Meydan TV\",\"url\":\"https:\\\/\\\/www.meydan.tv\\\/az\\\/\",\"logo\":{\"@type\":\"ImageObject\",\"inLanguage\":\"az\",\"@id\":\"https:\\\/\\\/www.meydan.tv\\\/az\\\/#\\\/schema\\\/logo\\\/image\\\/\",\"url\":\"https:\\\/\\\/www.meydan.tv\\\/wp-content\\\/uploads\\\/2021\\\/07\\\/meydan-logo.svg\",\"contentUrl\":\"https:\\\/\\\/www.meydan.tv\\\/wp-content\\\/uploads\\\/2021\\\/07\\\/meydan-logo.svg\",\"width\":195,\"height\":46,\"caption\":\"Meydan TV\"},\"image\":{\"@id\":\"https:\\\/\\\/www.meydan.tv\\\/az\\\/#\\\/schema\\\/logo\\\/image\\\/\"}},{\"@type\":\"Person\",\"@id\":\"https:\\\/\\\/www.meydan.tv\\\/az\\\/#\\\/schema\\\/person\\\/9cdbecf90d17180ce1dfbd95b08dcf47\",\"name\":\"elli\",\"sameAs\":[\"https:\\\/\\\/x.com\\\/elli\"]}]}<\/script>\n<!-- \/ Yoast SEO plugin. -->","yoast_head_json":{"title":"Toto Kutunyo \u201cSanti Nereo e Achilleo\u201d kils\u0259sind\u0259 d\u0259fn olunacaq - MEYDAN.TV","robots":{"index":"index","follow":"follow","max-snippet":"max-snippet:-1","max-image-preview":"max-image-preview:large","max-video-preview":"max-video-preview:-1"},"canonical":"https:\/\/www.meydan.tv\/az\/article\/toto-kutunyo-santi-nereo-e-achilleo-kilsesinde-defn-olunacaq\/","og_locale":"az_AZ","og_type":"article","og_title":"Toto Kutunyo \u201cSanti Nereo e Achilleo\u201d kils\u0259sind\u0259 d\u0259fn olunacaq - MEYDAN.TV","og_description":"M\u00fc\u011f\u0259nni 18 il x\u0259r\u00e7\u0259ngl\u0259 m\u00fcbariz\u0259 apar\u0131b Uzun s\u00fcr\u0259n a\u011f\u0131r x\u0259st\u0259likd\u0259n ... Davam\u0131","og_url":"https:\/\/www.meydan.tv\/az\/article\/toto-kutunyo-santi-nereo-e-achilleo-kilsesinde-defn-olunacaq\/","og_site_name":"MEYDAN.TV","article_published_time":"2023-08-23T09:06:09+00:00","article_modified_time":"2023-08-23T09:06:14+00:00","og_image":[{"width":1200,"height":800,"url":"https:\/\/www.meydan.tv\/wp-content\/uploads\/shutterstock_641409961.jpg","type":"image\/jpeg"}],"author":"elli","twitter_card":"summary_large_image","twitter_creator":"@elli","schema":{"@context":"https:\/\/schema.org","@graph":[{"@type":"Article","@id":"https:\/\/www.meydan.tv\/az\/article\/toto-kutunyo-santi-nereo-e-achilleo-kilsesinde-defn-olunacaq\/#article","isPartOf":{"@id":"https:\/\/www.meydan.tv\/az\/article\/toto-kutunyo-santi-nereo-e-achilleo-kilsesinde-defn-olunacaq\/"},"author":{"name":"elli","@id":"https:\/\/www.meydan.tv\/az\/#\/schema\/person\/9cdbecf90d17180ce1dfbd95b08dcf47"},"headline":"Toto Kutunyo \u201cSanti Nereo e Achilleo\u201d kils\u0259sind\u0259 d\u0259fn olunacaq","datePublished":"2023-08-23T09:06:09+00:00","dateModified":"2023-08-23T09:06:14+00:00","mainEntityOfPage":{"@id":"https:\/\/www.meydan.tv\/az\/article\/toto-kutunyo-santi-nereo-e-achilleo-kilsesinde-defn-olunacaq\/"},"wordCount":335,"publisher":{"@id":"https:\/\/www.meydan.tv\/az\/#organization"},"image":{"@id":"https:\/\/www.meydan.tv\/az\/article\/toto-kutunyo-santi-nereo-e-achilleo-kilsesinde-defn-olunacaq\/#primaryimage"},"thumbnailUrl":"https:\/\/www.meydan.tv\/wp-content\/uploads\/shutterstock_641409961.jpg","articleSection":["D\u00fcnya","M\u0259d\u0259niyy\u0259t","X\u0259b\u0259rl\u0259r"],"inLanguage":"az"},{"@type":"WebPage","@id":"https:\/\/www.meydan.tv\/az\/article\/toto-kutunyo-santi-nereo-e-achilleo-kilsesinde-defn-olunacaq\/","url":"https:\/\/www.meydan.tv\/az\/article\/toto-kutunyo-santi-nereo-e-achilleo-kilsesinde-defn-olunacaq\/","name":"Toto Kutunyo \u201cSanti Nereo e Achilleo\u201d kils\u0259sind\u0259 d\u0259fn olunacaq - MEYDAN.TV","isPartOf":{"@id":"https:\/\/www.meydan.tv\/az\/#website"},"primaryImageOfPage":{"@id":"https:\/\/www.meydan.tv\/az\/article\/toto-kutunyo-santi-nereo-e-achilleo-kilsesinde-defn-olunacaq\/#primaryimage"},"image":{"@id":"https:\/\/www.meydan.tv\/az\/article\/toto-kutunyo-santi-nereo-e-achilleo-kilsesinde-defn-olunacaq\/#primaryimage"},"thumbnailUrl":"https:\/\/www.meydan.tv\/wp-content\/uploads\/shutterstock_641409961.jpg","datePublished":"2023-08-23T09:06:09+00:00","dateModified":"2023-08-23T09:06:14+00:00","breadcrumb":{"@id":"https:\/\/www.meydan.tv\/az\/article\/toto-kutunyo-santi-nereo-e-achilleo-kilsesinde-defn-olunacaq\/#breadcrumb"},"inLanguage":"az","potentialAction":[{"@type":"ReadAction","target":["https:\/\/www.meydan.tv\/az\/article\/toto-kutunyo-santi-nereo-e-achilleo-kilsesinde-defn-olunacaq\/"]}]},{"@type":"ImageObject","inLanguage":"az","@id":"https:\/\/www.meydan.tv\/az\/article\/toto-kutunyo-santi-nereo-e-achilleo-kilsesinde-defn-olunacaq\/#primaryimage","url":"https:\/\/www.meydan.tv\/wp-content\/uploads\/shutterstock_641409961.jpg","contentUrl":"https:\/\/www.meydan.tv\/wp-content\/uploads\/shutterstock_641409961.jpg","width":1200,"height":800,"caption":"Toto Kutunyo. Foto: EUROSTOCK\/shutterstock"},{"@type":"BreadcrumbList","@id":"https:\/\/www.meydan.tv\/az\/article\/toto-kutunyo-santi-nereo-e-achilleo-kilsesinde-defn-olunacaq\/#breadcrumb","itemListElement":[{"@type":"ListItem","position":1,"name":"Ana s\u0259hif\u0259","item":"https:\/\/www.meydan.tv\/az\/"},{"@type":"ListItem","position":2,"name":"M\u0259d\u0259niyy\u0259t","item":"https:\/\/www.meydan.tv\/az\/section\/medeniyyet\/"},{"@type":"ListItem","position":3,"name":"Toto Kutunyo \u201cSanti Nereo e Achilleo\u201d kils\u0259sind\u0259 d\u0259fn olunacaq"}]},{"@type":"WebSite","@id":"https:\/\/www.meydan.tv\/az\/#website","url":"https:\/\/www.meydan.tv\/az\/","name":"MEYDAN.TV","description":"Meydan TV Az\u0259rbaycan\u0131n media m\u0259kan\u0131ndak\u0131 alternativ s\u0259sidir","publisher":{"@id":"https:\/\/www.meydan.tv\/az\/#organization"},"potentialAction":[{"@type":"SearchAction","target":{"@type":"EntryPoint","urlTemplate":"https:\/\/www.meydan.tv\/az\/?s={search_term_string}"},"query-input":{"@type":"PropertyValueSpecification","valueRequired":true,"valueName":"search_term_string"}}],"inLanguage":"az"},{"@type":"Organization","@id":"https:\/\/www.meydan.tv\/az\/#organization","name":"Meydan TV","url":"https:\/\/www.meydan.tv\/az\/","logo":{"@type":"ImageObject","inLanguage":"az","@id":"https:\/\/www.meydan.tv\/az\/#\/schema\/logo\/image\/","url":"https:\/\/www.meydan.tv\/wp-content\/uploads\/2021\/07\/meydan-logo.svg","contentUrl":"https:\/\/www.meydan.tv\/wp-content\/uploads\/2021\/07\/meydan-logo.svg","width":195,"height":46,"caption":"Meydan TV"},"image":{"@id":"https:\/\/www.meydan.tv\/az\/#\/schema\/logo\/image\/"}},{"@type":"Person","@id":"https:\/\/www.meydan.tv\/az\/#\/schema\/person\/9cdbecf90d17180ce1dfbd95b08dcf47","name":"elli","sameAs":["https:\/\/x.com\/elli"]}]}},"_links":{"self":[{"href":"https:\/\/www.meydan.tv\/az\/wp-json\/wp\/v2\/posts\/282983","targetHints":{"allow":["GET"]}}],"collection":[{"href":"https:\/\/www.meydan.tv\/az\/wp-json\/wp\/v2\/posts"}],"about":[{"href":"https:\/\/www.meydan.tv\/az\/wp-json\/wp\/v2\/types\/post"}],"author":[{"embeddable":true,"href":"https:\/\/www.meydan.tv\/az\/wp-json\/wp\/v2\/users\/8"}],"replies":[{"embeddable":true,"href":"https:\/\/www.meydan.tv\/az\/wp-json\/wp\/v2\/comments?post=282983"}],"version-history":[{"count":3,"href":"https:\/\/www.meydan.tv\/az\/wp-json\/wp\/v2\/posts\/282983\/revisions"}],"predecessor-version":[{"id":282989,"href":"https:\/\/www.meydan.tv\/az\/wp-json\/wp\/v2\/posts\/282983\/revisions\/282989"}],"wp:featuredmedia":[{"embeddable":true,"href":"https:\/\/www.meydan.tv\/az\/wp-json\/wp\/v2\/media\/282984"}],"wp:attachment":[{"href":"https:\/\/www.meydan.tv\/az\/wp-json\/wp\/v2\/media?parent=282983"}],"wp:term":[{"taxonomy":"category","embeddable":true,"href":"https:\/\/www.meydan.tv\/az\/wp-json\/wp\/v2\/categories?post=282983"},{"taxonomy":"post_tag","embeddable":true,"href":"https:\/\/www.meydan.tv\/az\/wp-json\/wp\/v2\/tags?post=282983"}],"curies":[{"name":"wp","href":"https:\/\/api.w.org\/{rel}","templated":true}]}}